{"id":294296,"date":"2025-04-10T05:17:13","date_gmt":"2025-04-10T09:17:13","guid":{"rendered":"https:\/\/www.eldiario.net\/portal\/?p=294296"},"modified":"2025-04-10T05:17:13","modified_gmt":"2025-04-10T09:17:13","slug":"procurador-general-insiste-en-procesar-a-anez-por-via-ordinaria","status":"publish","type":"post","link":"https:\/\/www.eldiario.net\/portal\/2025\/04\/10\/procurador-general-insiste-en-procesar-a-anez-por-via-ordinaria\/","title":{"rendered":"Procurador General insiste en procesar a A\u00f1ez por v\u00eda ordinaria"},"content":{"rendered":"<p>Pese a que un tribunal de sentencia determin\u00f3 anular el proceso penal contra la expresidenta, Jeanine A\u00f1ez, por el caso de la Empresa Boliviana de Alimentos (EBA), el procurador general del Estado, Ricardo Condori, descalific\u00f3 esa decisi\u00f3n y expres\u00f3 su confianza de que se revoque para que el juicio se retome en la v\u00eda ordinaria.<\/p>\n<p>La semana pasada, el tribunal del caso EBA decidi\u00f3 remitir el caso de A\u00f1ez a la Fiscal\u00eda General para un juicio de responsabilidades en su condici\u00f3n de expresidenta, pero Condori considera que existe jurisprudencia para que el proceso contin\u00fae en la v\u00eda ordinaria.<\/p>\n<p>Como jurisprudencia, seg\u00fan Condori, existe la sentencia del caso denominado Golpe de Estado II, con la cual se\u00a0sustenta que A\u00f1ez no tiene acceso al juicio de privilegio al haber declarado que era il\u00edcita su asunci\u00f3n presidencial de 2019.<\/p>\n<p>\u201cEl hipot\u00e9tico caso (de un juicio de responsabilidades) no debe ocurrir y no va a ocurrir, estamos seguros que as\u00ed lo ser\u00e1, porque estamos nosotros con la ley, estamos con jurisprudencia estamos con todos los antecedentes. Entonces, n\u00f3tese que ac\u00e1 el tribunal no ten\u00eda todos los antecedentes expuestos, desconoc\u00eda seguramente alguna situaci\u00f3n\u201d, afirm\u00f3.<\/p>\n<p>Condori recalc\u00f3 que el fallo judicial favorable a A\u00f1ez no se ha ejecutoriado y est\u00e1 sujeto a apelaci\u00f3n ante instancia superior.<\/p>\n<p>En el caso EBA, A\u00f1ez est\u00e1 procesada por haber nominado como gerente de la empresa a una persona que no cumpl\u00eda los requisitos. (Erbol)<\/p>\n","protected":false},"excerpt":{"rendered":"<p>Pese a que un tribunal de sentencia determin\u00f3 anular el proceso penal contra la expresidenta, Jeanine A\u00f1ez, por el caso de la Empresa Boliviana de Alimentos (EBA), el procurador general del Estado, Ricardo Condori, descalific\u00f3 esa decisi\u00f3n y expres\u00f3 su confianza de que se revoque para que el juicio se retome en la v\u00eda ordinaria. [&hellip;]<\/p>\n","protected":false},"author":1,"featured_media":294297,"comment_status":"closed","ping_status":"open","sticky":false,"template":"","format":"standard","meta":{"_acf_changed":false,"footnotes":""},"categories":[39],"tags":[],"class_list":["post-294296","post","type-post","status-publish","format-standard","has-post-thumbnail","category-sociedad"],"acf":{"antetitulo":"Caso EBA"},"yoast_head":"<!-- This site is optimized with the Yoast SEO plugin v28.4 - https:\/\/yoast.com\/product\/yoast-seo-wordpress\/ -->\n<title>Procurador General insiste en procesar a A\u00f1ez por v\u00eda ordinaria - El Diario - Bolivia<\/title>\n<meta name=\"robots\" content=\"index, follow, max-snippet:-1, max-image-preview:large, max-video-preview:-1\" \/>\n<link rel=\"canonical\" href=\"https:\/\/www.eldiario.net\/portal\/2025\/04\/10\/procurador-general-insiste-en-procesar-a-anez-por-via-ordinaria\/\" \/>\n<meta property=\"og:locale\" content=\"es_ES\" \/>\n<meta property=\"og:type\" content=\"article\" \/>\n<meta property=\"og:title\" content=\"Procurador General insiste en procesar a A\u00f1ez por v\u00eda ordinaria - El Diario - Bolivia\" \/>\n<meta property=\"og:description\" content=\"Pese a que un tribunal de sentencia determin\u00f3 anular el proceso penal contra la expresidenta, Jeanine A\u00f1ez, por el caso de la Empresa Boliviana de Alimentos (EBA), el procurador general del Estado, Ricardo Condori, descalific\u00f3 esa decisi\u00f3n y expres\u00f3 su confianza de que se revoque para que el juicio se retome en la v\u00eda ordinaria. [&hellip;]\" \/>\n<meta property=\"og:url\" content=\"https:\/\/www.eldiario.net\/portal\/2025\/04\/10\/procurador-general-insiste-en-procesar-a-anez-por-via-ordinaria\/\" \/>\n<meta property=\"og:site_name\" content=\"El Diario - Bolivia\" \/>\n<meta property=\"article:publisher\" content=\"https:\/\/www.facebook.com\/eldiario.bolivia\/\" \/>\n<meta property=\"article:published_time\" content=\"2025-04-10T09:17:13+00:00\" \/>\n<meta property=\"og:image\" content=\"https:\/\/www.eldiario.net\/portal\/wp-content\/uploads\/2025\/04\/EBA-FOTO.jpg\" \/>\n\t<meta property=\"og:image:width\" content=\"808\" \/>\n\t<meta property=\"og:image:height\" content=\"517\" \/>\n\t<meta property=\"og:image:type\" content=\"image\/jpeg\" \/>\n<meta name=\"author\" content=\"Jeanette\" \/>\n<meta name=\"twitter:card\" content=\"summary_large_image\" \/>\n<meta name=\"twitter:creator\" content=\"@eldiario_net\" \/>\n<meta name=\"twitter:site\" content=\"@eldiario_net\" \/>\n<meta name=\"twitter:label1\" content=\"Escrito por\" \/>\n\t<meta name=\"twitter:data1\" content=\"Jeanette\" \/>\n\t<meta name=\"twitter:label2\" content=\"Tiempo de lectura\" \/>\n\t<meta name=\"twitter:data2\" content=\"2 minutos\" \/>\n<script type=\"application\/ld+json\" class=\"yoast-schema-graph\">{\"@context\":\"https:\\\/\\\/schema.org\",\"@graph\":[{\"@type\":\"Article\",\"@id\":\"https:\\\/\\\/www.eldiario.net\\\/portal\\\/2025\\\/04\\\/10\\\/procurador-general-insiste-en-procesar-a-anez-por-via-ordinaria\\\/#article\",\"isPartOf\":{\"@id\":\"https:\\\/\\\/www.eldiario.net\\\/portal\\\/2025\\\/04\\\/10\\\/procurador-general-insiste-en-procesar-a-anez-por-via-ordinaria\\\/\"},\"author\":{\"name\":\"Jeanette\",\"@id\":\"https:\\\/\\\/www.eldiario.net\\\/portal\\\/#\\\/schema\\\/person\\\/f46445640444750d7d753ccd04ae01b7\"},\"headline\":\"Procurador General insiste en procesar a A\u00f1ez por v\u00eda ordinaria\",\"datePublished\":\"2025-04-10T09:17:13+00:00\",\"mainEntityOfPage\":{\"@id\":\"https:\\\/\\\/www.eldiario.net\\\/portal\\\/2025\\\/04\\\/10\\\/procurador-general-insiste-en-procesar-a-anez-por-via-ordinaria\\\/\"},\"wordCount\":267,\"publisher\":{\"@id\":\"https:\\\/\\\/www.eldiario.net\\\/portal\\\/#organization\"},\"image\":{\"@id\":\"https:\\\/\\\/www.eldiario.net\\\/portal\\\/2025\\\/04\\\/10\\\/procurador-general-insiste-en-procesar-a-anez-por-via-ordinaria\\\/#primaryimage\"},\"thumbnailUrl\":\"https:\\\/\\\/www.eldiario.net\\\/portal\\\/wp-content\\\/uploads\\\/2025\\\/04\\\/EBA-FOTO.jpg\",\"articleSection\":[\"Sociedad - Seguridad\"],\"inLanguage\":\"es\"},{\"@type\":\"WebPage\",\"@id\":\"https:\\\/\\\/www.eldiario.net\\\/portal\\\/2025\\\/04\\\/10\\\/procurador-general-insiste-en-procesar-a-anez-por-via-ordinaria\\\/\",\"url\":\"https:\\\/\\\/www.eldiario.net\\\/portal\\\/2025\\\/04\\\/10\\\/procurador-general-insiste-en-procesar-a-anez-por-via-ordinaria\\\/\",\"name\":\"Procurador General insiste en procesar a A\u00f1ez por v\u00eda ordinaria - El Diario - Bolivia\",\"isPartOf\":{\"@id\":\"https:\\\/\\\/www.eldiario.net\\\/portal\\\/#website\"},\"primaryImageOfPage\":{\"@id\":\"https:\\\/\\\/www.eldiario.net\\\/portal\\\/2025\\\/04\\\/10\\\/procurador-general-insiste-en-procesar-a-anez-por-via-ordinaria\\\/#primaryimage\"},\"image\":{\"@id\":\"https:\\\/\\\/www.eldiario.net\\\/portal\\\/2025\\\/04\\\/10\\\/procurador-general-insiste-en-procesar-a-anez-por-via-ordinaria\\\/#primaryimage\"},\"thumbnailUrl\":\"https:\\\/\\\/www.eldiario.net\\\/portal\\\/wp-content\\\/uploads\\\/2025\\\/04\\\/EBA-FOTO.jpg\",\"datePublished\":\"2025-04-10T09:17:13+00:00\",\"breadcrumb\":{\"@id\":\"https:\\\/\\\/www.eldiario.net\\\/portal\\\/2025\\\/04\\\/10\\\/procurador-general-insiste-en-procesar-a-anez-por-via-ordinaria\\\/#breadcrumb\"},\"inLanguage\":\"es\",\"potentialAction\":[{\"@type\":\"ReadAction\",\"target\":[\"https:\\\/\\\/www.eldiario.net\\\/portal\\\/2025\\\/04\\\/10\\\/procurador-general-insiste-en-procesar-a-anez-por-via-ordinaria\\\/\"]}]},{\"@type\":\"ImageObject\",\"inLanguage\":\"es\",\"@id\":\"https:\\\/\\\/www.eldiario.net\\\/portal\\\/2025\\\/04\\\/10\\\/procurador-general-insiste-en-procesar-a-anez-por-via-ordinaria\\\/#primaryimage\",\"url\":\"https:\\\/\\\/www.eldiario.net\\\/portal\\\/wp-content\\\/uploads\\\/2025\\\/04\\\/EBA-FOTO.jpg\",\"contentUrl\":\"https:\\\/\\\/www.eldiario.net\\\/portal\\\/wp-content\\\/uploads\\\/2025\\\/04\\\/EBA-FOTO.jpg\",\"width\":808,\"height\":517,\"caption\":\"Procurador general del Estado, Ricardo Condori. Foto: PGE\"},{\"@type\":\"BreadcrumbList\",\"@id\":\"https:\\\/\\\/www.eldiario.net\\\/portal\\\/2025\\\/04\\\/10\\\/procurador-general-insiste-en-procesar-a-anez-por-via-ordinaria\\\/#breadcrumb\",\"itemListElement\":[{\"@type\":\"ListItem\",\"position\":1,\"name\":\"Portada\",\"item\":\"https:\\\/\\\/www.eldiario.net\\\/portal\\\/\"},{\"@type\":\"ListItem\",\"position\":2,\"name\":\"Procurador General insiste en procesar a A\u00f1ez por v\u00eda ordinaria\"}]},{\"@type\":\"WebSite\",\"@id\":\"https:\\\/\\\/www.eldiario.net\\\/portal\\\/#website\",\"url\":\"https:\\\/\\\/www.eldiario.net\\\/portal\\\/\",\"name\":\"El Diario - Decano de la prensa nacional\",\"description\":\"El Diario - Decano de la prensa nacional\",\"publisher\":{\"@id\":\"https:\\\/\\\/www.eldiario.net\\\/portal\\\/#organization\"},\"potentialAction\":[{\"@type\":\"SearchAction\",\"target\":{\"@type\":\"EntryPoint\",\"urlTemplate\":\"https:\\\/\\\/www.eldiario.net\\\/portal\\\/?s={search_term_string}\"},\"query-input\":{\"@type\":\"PropertyValueSpecification\",\"valueRequired\":true,\"valueName\":\"search_term_string\"}}],\"inLanguage\":\"es\"},{\"@type\":\"Organization\",\"@id\":\"https:\\\/\\\/www.eldiario.net\\\/portal\\\/#organization\",\"name\":\"El Diario - Decano de la prensa nacional\",\"url\":\"https:\\\/\\\/www.eldiario.net\\\/portal\\\/\",\"logo\":{\"@type\":\"ImageObject\",\"inLanguage\":\"es\",\"@id\":\"https:\\\/\\\/www.eldiario.net\\\/portal\\\/#\\\/schema\\\/logo\\\/image\\\/\",\"url\":\"https:\\\/\\\/www.eldiario.net\\\/portal\\\/wp-content\\\/uploads\\\/2023\\\/07\\\/logo_ED.jpg\",\"contentUrl\":\"https:\\\/\\\/www.eldiario.net\\\/portal\\\/wp-content\\\/uploads\\\/2023\\\/07\\\/logo_ED.jpg\",\"width\":272,\"height\":52,\"caption\":\"El Diario - Decano de la prensa nacional\"},\"image\":{\"@id\":\"https:\\\/\\\/www.eldiario.net\\\/portal\\\/#\\\/schema\\\/logo\\\/image\\\/\"},\"sameAs\":[\"https:\\\/\\\/www.facebook.com\\\/eldiario.bolivia\\\/\",\"https:\\\/\\\/x.com\\\/eldiario_net\"]},{\"@type\":\"Person\",\"@id\":\"https:\\\/\\\/www.eldiario.net\\\/portal\\\/#\\\/schema\\\/person\\\/f46445640444750d7d753ccd04ae01b7\",\"name\":\"Jeanette\",\"image\":{\"@type\":\"ImageObject\",\"inLanguage\":\"es\",\"@id\":\"https:\\\/\\\/secure.gravatar.com\\\/avatar\\\/3ea2118a5f7dad2b7138b1187a6b7ee55f160b9968b66013c3a3ef39dd7e5798?s=96&d=mm&r=g\",\"url\":\"https:\\\/\\\/secure.gravatar.com\\\/avatar\\\/3ea2118a5f7dad2b7138b1187a6b7ee55f160b9968b66013c3a3ef39dd7e5798?s=96&d=mm&r=g\",\"contentUrl\":\"https:\\\/\\\/secure.gravatar.com\\\/avatar\\\/3ea2118a5f7dad2b7138b1187a6b7ee55f160b9968b66013c3a3ef39dd7e5798?s=96&d=mm&r=g\",\"caption\":\"Jeanette\"},\"sameAs\":[\"https:\\\/\\\/www.eldiario.net\\\/portal\"],\"url\":\"https:\\\/\\\/www.eldiario.net\\\/portal\\\/author\\\/jeanette\\\/\"}]}<\/script>\n<!-- \/ Yoast SEO plugin. -->","yoast_head_json":{"title":"Procurador General insiste en procesar a A\u00f1ez por v\u00eda ordinaria - El Diario - Bolivia","robots":{"index":"index","follow":"follow","max-snippet":"max-snippet:-1","max-image-preview":"max-image-preview:large","max-video-preview":"max-video-preview:-1"},"canonical":"https:\/\/www.eldiario.net\/portal\/2025\/04\/10\/procurador-general-insiste-en-procesar-a-anez-por-via-ordinaria\/","og_locale":"es_ES","og_type":"article","og_title":"Procurador General insiste en procesar a A\u00f1ez por v\u00eda ordinaria - El Diario - Bolivia","og_description":"Pese a que un tribunal de sentencia determin\u00f3 anular el proceso penal contra la expresidenta, Jeanine A\u00f1ez, por el caso de la Empresa Boliviana de Alimentos (EBA), el procurador general del Estado, Ricardo Condori, descalific\u00f3 esa decisi\u00f3n y expres\u00f3 su confianza de que se revoque para que el juicio se retome en la v\u00eda ordinaria. [&hellip;]","og_url":"https:\/\/www.eldiario.net\/portal\/2025\/04\/10\/procurador-general-insiste-en-procesar-a-anez-por-via-ordinaria\/","og_site_name":"El Diario - Bolivia","article_publisher":"https:\/\/www.facebook.com\/eldiario.bolivia\/","article_published_time":"2025-04-10T09:17:13+00:00","og_image":[{"width":808,"height":517,"url":"https:\/\/www.eldiario.net\/portal\/wp-content\/uploads\/2025\/04\/EBA-FOTO.jpg","type":"image\/jpeg"}],"author":"Jeanette","twitter_card":"summary_large_image","twitter_creator":"@eldiario_net","twitter_site":"@eldiario_net","twitter_misc":{"Escrito por":"Jeanette","Tiempo de lectura":"2 minutos"},"schema":{"@context":"https:\/\/schema.org","@graph":[{"@type":"Article","@id":"https:\/\/www.eldiario.net\/portal\/2025\/04\/10\/procurador-general-insiste-en-procesar-a-anez-por-via-ordinaria\/#article","isPartOf":{"@id":"https:\/\/www.eldiario.net\/portal\/2025\/04\/10\/procurador-general-insiste-en-procesar-a-anez-por-via-ordinaria\/"},"author":{"name":"Jeanette","@id":"https:\/\/www.eldiario.net\/portal\/#\/schema\/person\/f46445640444750d7d753ccd04ae01b7"},"headline":"Procurador General insiste en procesar a A\u00f1ez por v\u00eda ordinaria","datePublished":"2025-04-10T09:17:13+00:00","mainEntityOfPage":{"@id":"https:\/\/www.eldiario.net\/portal\/2025\/04\/10\/procurador-general-insiste-en-procesar-a-anez-por-via-ordinaria\/"},"wordCount":267,"publisher":{"@id":"https:\/\/www.eldiario.net\/portal\/#organization"},"image":{"@id":"https:\/\/www.eldiario.net\/portal\/2025\/04\/10\/procurador-general-insiste-en-procesar-a-anez-por-via-ordinaria\/#primaryimage"},"thumbnailUrl":"https:\/\/www.eldiario.net\/portal\/wp-content\/uploads\/2025\/04\/EBA-FOTO.jpg","articleSection":["Sociedad - Seguridad"],"inLanguage":"es"},{"@type":"WebPage","@id":"https:\/\/www.eldiario.net\/portal\/2025\/04\/10\/procurador-general-insiste-en-procesar-a-anez-por-via-ordinaria\/","url":"https:\/\/www.eldiario.net\/portal\/2025\/04\/10\/procurador-general-insiste-en-procesar-a-anez-por-via-ordinaria\/","name":"Procurador General insiste en procesar a A\u00f1ez por v\u00eda ordinaria - El Diario - Bolivia","isPartOf":{"@id":"https:\/\/www.eldiario.net\/portal\/#website"},"primaryImageOfPage":{"@id":"https:\/\/www.eldiario.net\/portal\/2025\/04\/10\/procurador-general-insiste-en-procesar-a-anez-por-via-ordinaria\/#primaryimage"},"image":{"@id":"https:\/\/www.eldiario.net\/portal\/2025\/04\/10\/procurador-general-insiste-en-procesar-a-anez-por-via-ordinaria\/#primaryimage"},"thumbnailUrl":"https:\/\/www.eldiario.net\/portal\/wp-content\/uploads\/2025\/04\/EBA-FOTO.jpg","datePublished":"2025-04-10T09:17:13+00:00","breadcrumb":{"@id":"https:\/\/www.eldiario.net\/portal\/2025\/04\/10\/procurador-general-insiste-en-procesar-a-anez-por-via-ordinaria\/#breadcrumb"},"inLanguage":"es","potentialAction":[{"@type":"ReadAction","target":["https:\/\/www.eldiario.net\/portal\/2025\/04\/10\/procurador-general-insiste-en-procesar-a-anez-por-via-ordinaria\/"]}]},{"@type":"ImageObject","inLanguage":"es","@id":"https:\/\/www.eldiario.net\/portal\/2025\/04\/10\/procurador-general-insiste-en-procesar-a-anez-por-via-ordinaria\/#primaryimage","url":"https:\/\/www.eldiario.net\/portal\/wp-content\/uploads\/2025\/04\/EBA-FOTO.jpg","contentUrl":"https:\/\/www.eldiario.net\/portal\/wp-content\/uploads\/2025\/04\/EBA-FOTO.jpg","width":808,"height":517,"caption":"Procurador general del Estado, Ricardo Condori. Foto: PGE"},{"@type":"BreadcrumbList","@id":"https:\/\/www.eldiario.net\/portal\/2025\/04\/10\/procurador-general-insiste-en-procesar-a-anez-por-via-ordinaria\/#breadcrumb","itemListElement":[{"@type":"ListItem","position":1,"name":"Portada","item":"https:\/\/www.eldiario.net\/portal\/"},{"@type":"ListItem","position":2,"name":"Procurador General insiste en procesar a A\u00f1ez por v\u00eda ordinaria"}]},{"@type":"WebSite","@id":"https:\/\/www.eldiario.net\/portal\/#website","url":"https:\/\/www.eldiario.net\/portal\/","name":"El Diario - Decano de la prensa nacional","description":"El Diario - Decano de la prensa nacional","publisher":{"@id":"https:\/\/www.eldiario.net\/portal\/#organization"},"potentialAction":[{"@type":"SearchAction","target":{"@type":"EntryPoint","urlTemplate":"https:\/\/www.eldiario.net\/portal\/?s={search_term_string}"},"query-input":{"@type":"PropertyValueSpecification","valueRequired":true,"valueName":"search_term_string"}}],"inLanguage":"es"},{"@type":"Organization","@id":"https:\/\/www.eldiario.net\/portal\/#organization","name":"El Diario - Decano de la prensa nacional","url":"https:\/\/www.eldiario.net\/portal\/","logo":{"@type":"ImageObject","inLanguage":"es","@id":"https:\/\/www.eldiario.net\/portal\/#\/schema\/logo\/image\/","url":"https:\/\/www.eldiario.net\/portal\/wp-content\/uploads\/2023\/07\/logo_ED.jpg","contentUrl":"https:\/\/www.eldiario.net\/portal\/wp-content\/uploads\/2023\/07\/logo_ED.jpg","width":272,"height":52,"caption":"El Diario - Decano de la prensa nacional"},"image":{"@id":"https:\/\/www.eldiario.net\/portal\/#\/schema\/logo\/image\/"},"sameAs":["https:\/\/www.facebook.com\/eldiario.bolivia\/","https:\/\/x.com\/eldiario_net"]},{"@type":"Person","@id":"https:\/\/www.eldiario.net\/portal\/#\/schema\/person\/f46445640444750d7d753ccd04ae01b7","name":"Jeanette","image":{"@type":"ImageObject","inLanguage":"es","@id":"https:\/\/secure.gravatar.com\/avatar\/3ea2118a5f7dad2b7138b1187a6b7ee55f160b9968b66013c3a3ef39dd7e5798?s=96&d=mm&r=g","url":"https:\/\/secure.gravatar.com\/avatar\/3ea2118a5f7dad2b7138b1187a6b7ee55f160b9968b66013c3a3ef39dd7e5798?s=96&d=mm&r=g","contentUrl":"https:\/\/secure.gravatar.com\/avatar\/3ea2118a5f7dad2b7138b1187a6b7ee55f160b9968b66013c3a3ef39dd7e5798?s=96&d=mm&r=g","caption":"Jeanette"},"sameAs":["https:\/\/www.eldiario.net\/portal"],"url":"https:\/\/www.eldiario.net\/portal\/author\/jeanette\/"}]}},"_links":{"self":[{"href":"https:\/\/www.eldiario.net\/portal\/wp-json\/wp\/v2\/posts\/294296","targetHints":{"allow":["GET"]}}],"collection":[{"href":"https:\/\/www.eldiario.net\/portal\/wp-json\/wp\/v2\/posts"}],"about":[{"href":"https:\/\/www.eldiario.net\/portal\/wp-json\/wp\/v2\/types\/post"}],"author":[{"embeddable":true,"href":"https:\/\/www.eldiario.net\/portal\/wp-json\/wp\/v2\/users\/1"}],"replies":[{"embeddable":true,"href":"https:\/\/www.eldiario.net\/portal\/wp-json\/wp\/v2\/comments?post=294296"}],"version-history":[{"count":1,"href":"https:\/\/www.eldiario.net\/portal\/wp-json\/wp\/v2\/posts\/294296\/revisions"}],"predecessor-version":[{"id":294298,"href":"https:\/\/www.eldiario.net\/portal\/wp-json\/wp\/v2\/posts\/294296\/revisions\/294298"}],"wp:featuredmedia":[{"embeddable":true,"href":"https:\/\/www.eldiario.net\/portal\/wp-json\/wp\/v2\/media\/294297"}],"wp:attachment":[{"href":"https:\/\/www.eldiario.net\/portal\/wp-json\/wp\/v2\/media?parent=294296"}],"wp:term":[{"taxonomy":"category","embeddable":true,"href":"https:\/\/www.eldiario.net\/portal\/wp-json\/wp\/v2\/categories?post=294296"},{"taxonomy":"post_tag","embeddable":true,"href":"https:\/\/www.eldiario.net\/portal\/wp-json\/wp\/v2\/tags?post=294296"}],"curies":[{"name":"wp","href":"https:\/\/api.w.org\/{rel}","templated":true}]}}