{"id":294293,"date":"2025-04-10T05:16:42","date_gmt":"2025-04-10T09:16:42","guid":{"rendered":"https:\/\/www.eldiario.net\/portal\/?p=294293"},"modified":"2025-04-10T05:16:42","modified_gmt":"2025-04-10T09:16:42","slug":"secuestran-278-celulares-laptops-y-camaras-en-una-vivienda-en-el-alto","status":"publish","type":"post","link":"https:\/\/www.eldiario.net\/portal\/2025\/04\/10\/secuestran-278-celulares-laptops-y-camaras-en-una-vivienda-en-el-alto\/","title":{"rendered":"Secuestran 278 celulares, laptops y c\u00e1maras en una vivienda en El Alto"},"content":{"rendered":"<p>La Fuerza Especial de Lucha Contra el Crimen (Felcc) secuestr\u00f3 278 celulares, laptops y c\u00e1maras fotogr\u00e1ficas en una vivienda de la zona 12 de octubre, en El Alto, por lo que se aprehendi\u00f3 a una persona que operaba con el bloqueo de tel\u00e9fonos para que no sean rastreados.<\/p>\n<p>\u201cHemos podido realizar el secuestro de 233 celulares iPhone (modelos) 12 y 16, pero tambi\u00e9n hemos podido encontrar 45 tel\u00e9fonos Android, ocho laptops o computadoras (port\u00e1tiles) y se secuestr\u00f3 c\u00e1maras fotogr\u00e1ficas\u201d, inform\u00f3 el director nacional de la Felcc, Walter Sosa.<\/p>\n<p>Explic\u00f3 que el aprehendido, identificado como Jorge A., realizaba el desbloqueo de los IPhones envolvi\u00e9ndolos en papel esta\u00f1ado para luego meterlos a un microondas, para as\u00ed evitar el rastreo por GPS y redes m\u00f3viles, impidiendo que suene remotamente, adem\u00e1s de no poder ser identificados por los sistemas telef\u00f3nicos de las empresas.<\/p>\n<p>\u201cLo que estamos realizando es la investigaci\u00f3n de estos tel\u00e9fonos, si es que son a causa de robos agravados, atracos o alg\u00fan hecho delictivo. No ha sabido responder de d\u00f3nde obtuvo estos celulares; en consecuencia, presumimos que pueden ser obtenidos de una actividad criminal\u201d, indic\u00f3 Sosa a BTV.<\/p>\n<p>Asimismo, remarc\u00f3 que las investigaciones continuar\u00e1n y que las personas que sufrieron alg\u00fan robo de celular podr\u00e1n aproximarse a dependencias de la Felcc para recuperar su celular con una factura, la caja del celular o una prueba que verifique que es de su propiedad. (ABI)<\/p>\n","protected":false},"excerpt":{"rendered":"<p>La Fuerza Especial de Lucha Contra el Crimen (Felcc) secuestr\u00f3 278 celulares, laptops y c\u00e1maras fotogr\u00e1ficas en una vivienda de la zona 12 de octubre, en El Alto, por lo que se aprehendi\u00f3 a una persona que operaba con el bloqueo de tel\u00e9fonos para que no sean rastreados. \u201cHemos podido realizar el secuestro de 233 [&hellip;]<\/p>\n","protected":false},"author":1,"featured_media":294294,"comment_status":"closed","ping_status":"open","sticky":false,"template":"","format":"standard","meta":{"_acf_changed":false,"footnotes":""},"categories":[39],"tags":[],"class_list":["post-294293","post","type-post","status-publish","format-standard","has-post-thumbnail","category-sociedad"],"acf":{"antetitulo":"Hallan iPhones desbloqueados"},"yoast_head":"<!-- This site is optimized with the Yoast SEO plugin v28.4 - https:\/\/yoast.com\/product\/yoast-seo-wordpress\/ -->\n<title>Secuestran 278 celulares, laptops y c\u00e1maras en una vivienda en El Alto - El Diario - Bolivia<\/title>\n<meta name=\"robots\" content=\"index, follow, max-snippet:-1, max-image-preview:large, max-video-preview:-1\" \/>\n<link rel=\"canonical\" href=\"https:\/\/www.eldiario.net\/portal\/2025\/04\/10\/secuestran-278-celulares-laptops-y-camaras-en-una-vivienda-en-el-alto\/\" \/>\n<meta property=\"og:locale\" content=\"es_ES\" \/>\n<meta property=\"og:type\" content=\"article\" \/>\n<meta property=\"og:title\" content=\"Secuestran 278 celulares, laptops y c\u00e1maras en una vivienda en El Alto - El Diario - Bolivia\" \/>\n<meta property=\"og:description\" content=\"La Fuerza Especial de Lucha Contra el Crimen (Felcc) secuestr\u00f3 278 celulares, laptops y c\u00e1maras fotogr\u00e1ficas en una vivienda de la zona 12 de octubre, en El Alto, por lo que se aprehendi\u00f3 a una persona que operaba con el bloqueo de tel\u00e9fonos para que no sean rastreados. \u201cHemos podido realizar el secuestro de 233 [&hellip;]\" \/>\n<meta property=\"og:url\" content=\"https:\/\/www.eldiario.net\/portal\/2025\/04\/10\/secuestran-278-celulares-laptops-y-camaras-en-una-vivienda-en-el-alto\/\" \/>\n<meta property=\"og:site_name\" content=\"El Diario - Bolivia\" \/>\n<meta property=\"article:publisher\" content=\"https:\/\/www.facebook.com\/eldiario.bolivia\/\" \/>\n<meta property=\"article:published_time\" content=\"2025-04-10T09:16:42+00:00\" \/>\n<meta property=\"og:image\" content=\"https:\/\/www.eldiario.net\/portal\/wp-content\/uploads\/2025\/04\/IPHONE-FOTO.jpg\" \/>\n\t<meta property=\"og:image:width\" content=\"980\" \/>\n\t<meta property=\"og:image:height\" content=\"514\" \/>\n\t<meta property=\"og:image:type\" content=\"image\/jpeg\" \/>\n<meta name=\"author\" content=\"Jeanette\" \/>\n<meta name=\"twitter:card\" content=\"summary_large_image\" \/>\n<meta name=\"twitter:creator\" content=\"@eldiario_net\" \/>\n<meta name=\"twitter:site\" content=\"@eldiario_net\" \/>\n<meta name=\"twitter:label1\" content=\"Escrito por\" \/>\n\t<meta name=\"twitter:data1\" content=\"Jeanette\" \/>\n\t<meta name=\"twitter:label2\" content=\"Tiempo de lectura\" \/>\n\t<meta name=\"twitter:data2\" content=\"2 minutos\" \/>\n<script type=\"application\/ld+json\" class=\"yoast-schema-graph\">{\"@context\":\"https:\\\/\\\/schema.org\",\"@graph\":[{\"@type\":\"Article\",\"@id\":\"https:\\\/\\\/www.eldiario.net\\\/portal\\\/2025\\\/04\\\/10\\\/secuestran-278-celulares-laptops-y-camaras-en-una-vivienda-en-el-alto\\\/#article\",\"isPartOf\":{\"@id\":\"https:\\\/\\\/www.eldiario.net\\\/portal\\\/2025\\\/04\\\/10\\\/secuestran-278-celulares-laptops-y-camaras-en-una-vivienda-en-el-alto\\\/\"},\"author\":{\"name\":\"Jeanette\",\"@id\":\"https:\\\/\\\/www.eldiario.net\\\/portal\\\/#\\\/schema\\\/person\\\/f46445640444750d7d753ccd04ae01b7\"},\"headline\":\"Secuestran 278 celulares, laptops y c\u00e1maras en una vivienda en El Alto\",\"datePublished\":\"2025-04-10T09:16:42+00:00\",\"mainEntityOfPage\":{\"@id\":\"https:\\\/\\\/www.eldiario.net\\\/portal\\\/2025\\\/04\\\/10\\\/secuestran-278-celulares-laptops-y-camaras-en-una-vivienda-en-el-alto\\\/\"},\"wordCount\":258,\"publisher\":{\"@id\":\"https:\\\/\\\/www.eldiario.net\\\/portal\\\/#organization\"},\"image\":{\"@id\":\"https:\\\/\\\/www.eldiario.net\\\/portal\\\/2025\\\/04\\\/10\\\/secuestran-278-celulares-laptops-y-camaras-en-una-vivienda-en-el-alto\\\/#primaryimage\"},\"thumbnailUrl\":\"https:\\\/\\\/www.eldiario.net\\\/portal\\\/wp-content\\\/uploads\\\/2025\\\/04\\\/IPHONE-FOTO.jpg\",\"articleSection\":[\"Sociedad - Seguridad\"],\"inLanguage\":\"es\"},{\"@type\":\"WebPage\",\"@id\":\"https:\\\/\\\/www.eldiario.net\\\/portal\\\/2025\\\/04\\\/10\\\/secuestran-278-celulares-laptops-y-camaras-en-una-vivienda-en-el-alto\\\/\",\"url\":\"https:\\\/\\\/www.eldiario.net\\\/portal\\\/2025\\\/04\\\/10\\\/secuestran-278-celulares-laptops-y-camaras-en-una-vivienda-en-el-alto\\\/\",\"name\":\"Secuestran 278 celulares, laptops y c\u00e1maras en una vivienda en El Alto - El Diario - Bolivia\",\"isPartOf\":{\"@id\":\"https:\\\/\\\/www.eldiario.net\\\/portal\\\/#website\"},\"primaryImageOfPage\":{\"@id\":\"https:\\\/\\\/www.eldiario.net\\\/portal\\\/2025\\\/04\\\/10\\\/secuestran-278-celulares-laptops-y-camaras-en-una-vivienda-en-el-alto\\\/#primaryimage\"},\"image\":{\"@id\":\"https:\\\/\\\/www.eldiario.net\\\/portal\\\/2025\\\/04\\\/10\\\/secuestran-278-celulares-laptops-y-camaras-en-una-vivienda-en-el-alto\\\/#primaryimage\"},\"thumbnailUrl\":\"https:\\\/\\\/www.eldiario.net\\\/portal\\\/wp-content\\\/uploads\\\/2025\\\/04\\\/IPHONE-FOTO.jpg\",\"datePublished\":\"2025-04-10T09:16:42+00:00\",\"breadcrumb\":{\"@id\":\"https:\\\/\\\/www.eldiario.net\\\/portal\\\/2025\\\/04\\\/10\\\/secuestran-278-celulares-laptops-y-camaras-en-una-vivienda-en-el-alto\\\/#breadcrumb\"},\"inLanguage\":\"es\",\"potentialAction\":[{\"@type\":\"ReadAction\",\"target\":[\"https:\\\/\\\/www.eldiario.net\\\/portal\\\/2025\\\/04\\\/10\\\/secuestran-278-celulares-laptops-y-camaras-en-una-vivienda-en-el-alto\\\/\"]}]},{\"@type\":\"ImageObject\",\"inLanguage\":\"es\",\"@id\":\"https:\\\/\\\/www.eldiario.net\\\/portal\\\/2025\\\/04\\\/10\\\/secuestran-278-celulares-laptops-y-camaras-en-una-vivienda-en-el-alto\\\/#primaryimage\",\"url\":\"https:\\\/\\\/www.eldiario.net\\\/portal\\\/wp-content\\\/uploads\\\/2025\\\/04\\\/IPHONE-FOTO.jpg\",\"contentUrl\":\"https:\\\/\\\/www.eldiario.net\\\/portal\\\/wp-content\\\/uploads\\\/2025\\\/04\\\/IPHONE-FOTO.jpg\",\"width\":980,\"height\":514,\"caption\":\"Felcc secuestr\u00f3 278 dispositivos en El Alto. Cr\u00e9ditos: Captura\"},{\"@type\":\"BreadcrumbList\",\"@id\":\"https:\\\/\\\/www.eldiario.net\\\/portal\\\/2025\\\/04\\\/10\\\/secuestran-278-celulares-laptops-y-camaras-en-una-vivienda-en-el-alto\\\/#breadcrumb\",\"itemListElement\":[{\"@type\":\"ListItem\",\"position\":1,\"name\":\"Portada\",\"item\":\"https:\\\/\\\/www.eldiario.net\\\/portal\\\/\"},{\"@type\":\"ListItem\",\"position\":2,\"name\":\"Secuestran 278 celulares, laptops y c\u00e1maras en una vivienda en El Alto\"}]},{\"@type\":\"WebSite\",\"@id\":\"https:\\\/\\\/www.eldiario.net\\\/portal\\\/#website\",\"url\":\"https:\\\/\\\/www.eldiario.net\\\/portal\\\/\",\"name\":\"El Diario - Decano de la prensa nacional\",\"description\":\"El Diario - Decano de la prensa nacional\",\"publisher\":{\"@id\":\"https:\\\/\\\/www.eldiario.net\\\/portal\\\/#organization\"},\"potentialAction\":[{\"@type\":\"SearchAction\",\"target\":{\"@type\":\"EntryPoint\",\"urlTemplate\":\"https:\\\/\\\/www.eldiario.net\\\/portal\\\/?s={search_term_string}\"},\"query-input\":{\"@type\":\"PropertyValueSpecification\",\"valueRequired\":true,\"valueName\":\"search_term_string\"}}],\"inLanguage\":\"es\"},{\"@type\":\"Organization\",\"@id\":\"https:\\\/\\\/www.eldiario.net\\\/portal\\\/#organization\",\"name\":\"El Diario - Decano de la prensa nacional\",\"url\":\"https:\\\/\\\/www.eldiario.net\\\/portal\\\/\",\"logo\":{\"@type\":\"ImageObject\",\"inLanguage\":\"es\",\"@id\":\"https:\\\/\\\/www.eldiario.net\\\/portal\\\/#\\\/schema\\\/logo\\\/image\\\/\",\"url\":\"https:\\\/\\\/www.eldiario.net\\\/portal\\\/wp-content\\\/uploads\\\/2023\\\/07\\\/logo_ED.jpg\",\"contentUrl\":\"https:\\\/\\\/www.eldiario.net\\\/portal\\\/wp-content\\\/uploads\\\/2023\\\/07\\\/logo_ED.jpg\",\"width\":272,\"height\":52,\"caption\":\"El Diario - Decano de la prensa nacional\"},\"image\":{\"@id\":\"https:\\\/\\\/www.eldiario.net\\\/portal\\\/#\\\/schema\\\/logo\\\/image\\\/\"},\"sameAs\":[\"https:\\\/\\\/www.facebook.com\\\/eldiario.bolivia\\\/\",\"https:\\\/\\\/x.com\\\/eldiario_net\"]},{\"@type\":\"Person\",\"@id\":\"https:\\\/\\\/www.eldiario.net\\\/portal\\\/#\\\/schema\\\/person\\\/f46445640444750d7d753ccd04ae01b7\",\"name\":\"Jeanette\",\"image\":{\"@type\":\"ImageObject\",\"inLanguage\":\"es\",\"@id\":\"https:\\\/\\\/secure.gravatar.com\\\/avatar\\\/3ea2118a5f7dad2b7138b1187a6b7ee55f160b9968b66013c3a3ef39dd7e5798?s=96&d=mm&r=g\",\"url\":\"https:\\\/\\\/secure.gravatar.com\\\/avatar\\\/3ea2118a5f7dad2b7138b1187a6b7ee55f160b9968b66013c3a3ef39dd7e5798?s=96&d=mm&r=g\",\"contentUrl\":\"https:\\\/\\\/secure.gravatar.com\\\/avatar\\\/3ea2118a5f7dad2b7138b1187a6b7ee55f160b9968b66013c3a3ef39dd7e5798?s=96&d=mm&r=g\",\"caption\":\"Jeanette\"},\"sameAs\":[\"https:\\\/\\\/www.eldiario.net\\\/portal\"],\"url\":\"https:\\\/\\\/www.eldiario.net\\\/portal\\\/author\\\/jeanette\\\/\"}]}<\/script>\n<!-- \/ Yoast SEO plugin. -->","yoast_head_json":{"title":"Secuestran 278 celulares, laptops y c\u00e1maras en una vivienda en El Alto - El Diario - Bolivia","robots":{"index":"index","follow":"follow","max-snippet":"max-snippet:-1","max-image-preview":"max-image-preview:large","max-video-preview":"max-video-preview:-1"},"canonical":"https:\/\/www.eldiario.net\/portal\/2025\/04\/10\/secuestran-278-celulares-laptops-y-camaras-en-una-vivienda-en-el-alto\/","og_locale":"es_ES","og_type":"article","og_title":"Secuestran 278 celulares, laptops y c\u00e1maras en una vivienda en El Alto - El Diario - Bolivia","og_description":"La Fuerza Especial de Lucha Contra el Crimen (Felcc) secuestr\u00f3 278 celulares, laptops y c\u00e1maras fotogr\u00e1ficas en una vivienda de la zona 12 de octubre, en El Alto, por lo que se aprehendi\u00f3 a una persona que operaba con el bloqueo de tel\u00e9fonos para que no sean rastreados. \u201cHemos podido realizar el secuestro de 233 [&hellip;]","og_url":"https:\/\/www.eldiario.net\/portal\/2025\/04\/10\/secuestran-278-celulares-laptops-y-camaras-en-una-vivienda-en-el-alto\/","og_site_name":"El Diario - Bolivia","article_publisher":"https:\/\/www.facebook.com\/eldiario.bolivia\/","article_published_time":"2025-04-10T09:16:42+00:00","og_image":[{"width":980,"height":514,"url":"https:\/\/www.eldiario.net\/portal\/wp-content\/uploads\/2025\/04\/IPHONE-FOTO.jpg","type":"image\/jpeg"}],"author":"Jeanette","twitter_card":"summary_large_image","twitter_creator":"@eldiario_net","twitter_site":"@eldiario_net","twitter_misc":{"Escrito por":"Jeanette","Tiempo de lectura":"2 minutos"},"schema":{"@context":"https:\/\/schema.org","@graph":[{"@type":"Article","@id":"https:\/\/www.eldiario.net\/portal\/2025\/04\/10\/secuestran-278-celulares-laptops-y-camaras-en-una-vivienda-en-el-alto\/#article","isPartOf":{"@id":"https:\/\/www.eldiario.net\/portal\/2025\/04\/10\/secuestran-278-celulares-laptops-y-camaras-en-una-vivienda-en-el-alto\/"},"author":{"name":"Jeanette","@id":"https:\/\/www.eldiario.net\/portal\/#\/schema\/person\/f46445640444750d7d753ccd04ae01b7"},"headline":"Secuestran 278 celulares, laptops y c\u00e1maras en una vivienda en El Alto","datePublished":"2025-04-10T09:16:42+00:00","mainEntityOfPage":{"@id":"https:\/\/www.eldiario.net\/portal\/2025\/04\/10\/secuestran-278-celulares-laptops-y-camaras-en-una-vivienda-en-el-alto\/"},"wordCount":258,"publisher":{"@id":"https:\/\/www.eldiario.net\/portal\/#organization"},"image":{"@id":"https:\/\/www.eldiario.net\/portal\/2025\/04\/10\/secuestran-278-celulares-laptops-y-camaras-en-una-vivienda-en-el-alto\/#primaryimage"},"thumbnailUrl":"https:\/\/www.eldiario.net\/portal\/wp-content\/uploads\/2025\/04\/IPHONE-FOTO.jpg","articleSection":["Sociedad - Seguridad"],"inLanguage":"es"},{"@type":"WebPage","@id":"https:\/\/www.eldiario.net\/portal\/2025\/04\/10\/secuestran-278-celulares-laptops-y-camaras-en-una-vivienda-en-el-alto\/","url":"https:\/\/www.eldiario.net\/portal\/2025\/04\/10\/secuestran-278-celulares-laptops-y-camaras-en-una-vivienda-en-el-alto\/","name":"Secuestran 278 celulares, laptops y c\u00e1maras en una vivienda en El Alto - El Diario - Bolivia","isPartOf":{"@id":"https:\/\/www.eldiario.net\/portal\/#website"},"primaryImageOfPage":{"@id":"https:\/\/www.eldiario.net\/portal\/2025\/04\/10\/secuestran-278-celulares-laptops-y-camaras-en-una-vivienda-en-el-alto\/#primaryimage"},"image":{"@id":"https:\/\/www.eldiario.net\/portal\/2025\/04\/10\/secuestran-278-celulares-laptops-y-camaras-en-una-vivienda-en-el-alto\/#primaryimage"},"thumbnailUrl":"https:\/\/www.eldiario.net\/portal\/wp-content\/uploads\/2025\/04\/IPHONE-FOTO.jpg","datePublished":"2025-04-10T09:16:42+00:00","breadcrumb":{"@id":"https:\/\/www.eldiario.net\/portal\/2025\/04\/10\/secuestran-278-celulares-laptops-y-camaras-en-una-vivienda-en-el-alto\/#breadcrumb"},"inLanguage":"es","potentialAction":[{"@type":"ReadAction","target":["https:\/\/www.eldiario.net\/portal\/2025\/04\/10\/secuestran-278-celulares-laptops-y-camaras-en-una-vivienda-en-el-alto\/"]}]},{"@type":"ImageObject","inLanguage":"es","@id":"https:\/\/www.eldiario.net\/portal\/2025\/04\/10\/secuestran-278-celulares-laptops-y-camaras-en-una-vivienda-en-el-alto\/#primaryimage","url":"https:\/\/www.eldiario.net\/portal\/wp-content\/uploads\/2025\/04\/IPHONE-FOTO.jpg","contentUrl":"https:\/\/www.eldiario.net\/portal\/wp-content\/uploads\/2025\/04\/IPHONE-FOTO.jpg","width":980,"height":514,"caption":"Felcc secuestr\u00f3 278 dispositivos en El Alto. Cr\u00e9ditos: Captura"},{"@type":"BreadcrumbList","@id":"https:\/\/www.eldiario.net\/portal\/2025\/04\/10\/secuestran-278-celulares-laptops-y-camaras-en-una-vivienda-en-el-alto\/#breadcrumb","itemListElement":[{"@type":"ListItem","position":1,"name":"Portada","item":"https:\/\/www.eldiario.net\/portal\/"},{"@type":"ListItem","position":2,"name":"Secuestran 278 celulares, laptops y c\u00e1maras en una vivienda en El Alto"}]},{"@type":"WebSite","@id":"https:\/\/www.eldiario.net\/portal\/#website","url":"https:\/\/www.eldiario.net\/portal\/","name":"El Diario - Decano de la prensa nacional","description":"El Diario - Decano de la prensa nacional","publisher":{"@id":"https:\/\/www.eldiario.net\/portal\/#organization"},"potentialAction":[{"@type":"SearchAction","target":{"@type":"EntryPoint","urlTemplate":"https:\/\/www.eldiario.net\/portal\/?s={search_term_string}"},"query-input":{"@type":"PropertyValueSpecification","valueRequired":true,"valueName":"search_term_string"}}],"inLanguage":"es"},{"@type":"Organization","@id":"https:\/\/www.eldiario.net\/portal\/#organization","name":"El Diario - Decano de la prensa nacional","url":"https:\/\/www.eldiario.net\/portal\/","logo":{"@type":"ImageObject","inLanguage":"es","@id":"https:\/\/www.eldiario.net\/portal\/#\/schema\/logo\/image\/","url":"https:\/\/www.eldiario.net\/portal\/wp-content\/uploads\/2023\/07\/logo_ED.jpg","contentUrl":"https:\/\/www.eldiario.net\/portal\/wp-content\/uploads\/2023\/07\/logo_ED.jpg","width":272,"height":52,"caption":"El Diario - Decano de la prensa nacional"},"image":{"@id":"https:\/\/www.eldiario.net\/portal\/#\/schema\/logo\/image\/"},"sameAs":["https:\/\/www.facebook.com\/eldiario.bolivia\/","https:\/\/x.com\/eldiario_net"]},{"@type":"Person","@id":"https:\/\/www.eldiario.net\/portal\/#\/schema\/person\/f46445640444750d7d753ccd04ae01b7","name":"Jeanette","image":{"@type":"ImageObject","inLanguage":"es","@id":"https:\/\/secure.gravatar.com\/avatar\/3ea2118a5f7dad2b7138b1187a6b7ee55f160b9968b66013c3a3ef39dd7e5798?s=96&d=mm&r=g","url":"https:\/\/secure.gravatar.com\/avatar\/3ea2118a5f7dad2b7138b1187a6b7ee55f160b9968b66013c3a3ef39dd7e5798?s=96&d=mm&r=g","contentUrl":"https:\/\/secure.gravatar.com\/avatar\/3ea2118a5f7dad2b7138b1187a6b7ee55f160b9968b66013c3a3ef39dd7e5798?s=96&d=mm&r=g","caption":"Jeanette"},"sameAs":["https:\/\/www.eldiario.net\/portal"],"url":"https:\/\/www.eldiario.net\/portal\/author\/jeanette\/"}]}},"_links":{"self":[{"href":"https:\/\/www.eldiario.net\/portal\/wp-json\/wp\/v2\/posts\/294293","targetHints":{"allow":["GET"]}}],"collection":[{"href":"https:\/\/www.eldiario.net\/portal\/wp-json\/wp\/v2\/posts"}],"about":[{"href":"https:\/\/www.eldiario.net\/portal\/wp-json\/wp\/v2\/types\/post"}],"author":[{"embeddable":true,"href":"https:\/\/www.eldiario.net\/portal\/wp-json\/wp\/v2\/users\/1"}],"replies":[{"embeddable":true,"href":"https:\/\/www.eldiario.net\/portal\/wp-json\/wp\/v2\/comments?post=294293"}],"version-history":[{"count":1,"href":"https:\/\/www.eldiario.net\/portal\/wp-json\/wp\/v2\/posts\/294293\/revisions"}],"predecessor-version":[{"id":294295,"href":"https:\/\/www.eldiario.net\/portal\/wp-json\/wp\/v2\/posts\/294293\/revisions\/294295"}],"wp:featuredmedia":[{"embeddable":true,"href":"https:\/\/www.eldiario.net\/portal\/wp-json\/wp\/v2\/media\/294294"}],"wp:attachment":[{"href":"https:\/\/www.eldiario.net\/portal\/wp-json\/wp\/v2\/media?parent=294293"}],"wp:term":[{"taxonomy":"category","embeddable":true,"href":"https:\/\/www.eldiario.net\/portal\/wp-json\/wp\/v2\/categories?post=294293"},{"taxonomy":"post_tag","embeddable":true,"href":"https:\/\/www.eldiario.net\/portal\/wp-json\/wp\/v2\/tags?post=294293"}],"curies":[{"name":"wp","href":"https:\/\/api.w.org\/{rel}","templated":true}]}}