{"id":294290,"date":"2025-04-10T05:16:08","date_gmt":"2025-04-10T09:16:08","guid":{"rendered":"https:\/\/www.eldiario.net\/portal\/?p=294290"},"modified":"2025-04-10T05:16:08","modified_gmt":"2025-04-10T09:16:08","slug":"reyes-denuncia-presunta-corrupcion-en-recaudacion-del-fondo-pro-leche","status":"publish","type":"post","link":"https:\/\/www.eldiario.net\/portal\/2025\/04\/10\/reyes-denuncia-presunta-corrupcion-en-recaudacion-del-fondo-pro-leche\/","title":{"rendered":"Reyes denuncia presunta corrupci\u00f3n en recaudaci\u00f3n del Fondo Pro Leche"},"content":{"rendered":"<p>El diputado, Alejandro Reyes (CC), denunci\u00f3 que, en los \u00faltimos 12 a\u00f1os, solo se invirtieron Bs 74 millones de una recaudaci\u00f3n total de Bs 578 millones destinados para el Fondo ProLeche, por lo que exigi\u00f3 que se aclare el destino del resto de la suma y se rechace su ampliaci\u00f3n por otros diez a\u00f1os, lo que ser\u00eda un \u00abfomento a la corrupci\u00f3n\u00bb del Movimiento al Socialismo (MAS).<\/p>\n<p>\u201cEl Fondo Pro Leche se ha convertido en el nuevo Fondo Ind\u00edgena. Debe concluir el 24 de abril, pero con esta aprobaci\u00f3n irregular buscan extenderlo por 10 a\u00f1os m\u00e1s. Nosotros exigimos su cierre definitivo, transparencia en el uso de los recursos y una nueva pol\u00edtica p\u00fablica que realmente fomente la producci\u00f3n y el consumo de leche en el pa\u00eds\u201d, concluy\u00f3 Reyes.<\/p>\n<p>Seg\u00fan la investigaci\u00f3n, se invirti\u00f3 menos del 10% de los recursos recaudados por el Fondo Pro Leche, entidad desconcentrada del Ministerio de Desarrollo Productivo, a trav\u00e9s de los impuestos a la comercializaci\u00f3n de cerveza y la importaci\u00f3n de bebidas alcoh\u00f3licas.<\/p>\n<p>En un informe escrito enviado por el ministro de esta cartera, N\u00e9stor Huanca, a la C\u00e1mara de Diputados, se revel\u00f3 que entre 2012 y 2024 se recaud\u00f3 un total de Bs 576.548.350,51 para el Fondo de Apoyo Productivo L\u00e1cteo ProLeche, de los cuales se invirti\u00f3 Bs 74.246.157 en beneficio de poco m\u00e1s de 15 mil productores de leche.<\/p>\n<p>El parlamentario denunci\u00f3 que un proyecto de ley para la extensi\u00f3n de este programa, por otros diez a\u00f1os, fue aprobado por la Comisi\u00f3n de Planificaci\u00f3n de la C\u00e1mara de Diputados a pesar de tener inconsistencias y falta de transparencia.<\/p>\n<p>\u00abEntregarles 500 millones de bolivianos m\u00e1s por los pr\u00f3ximos 10 a\u00f1os es fomentar la corrupci\u00f3n. No han rendido cuentas ni transparentado nada, y encima buscan extender el fondo cuando este gobierno termina en menos de seis meses\u00bb, denunci\u00f3 Reyes.<\/p>\n<p>El parlamentario de oposici\u00f3n adelant\u00f3 que llevar\u00e1 el debate al pleno de la C\u00e1mara Baja para exigir el rechazo de la ampliaci\u00f3n de este fondo y que se den explicaciones sobre el destino de los recursos.<\/p>\n","protected":false},"excerpt":{"rendered":"<p>El diputado, Alejandro Reyes (CC), denunci\u00f3 que, en los \u00faltimos 12 a\u00f1os, solo se invirtieron Bs 74 millones de una recaudaci\u00f3n total de Bs 578 millones destinados para el Fondo ProLeche, por lo que exigi\u00f3 que se aclare el destino del resto de la suma y se rechace su ampliaci\u00f3n por otros diez a\u00f1os, lo [&hellip;]<\/p>\n","protected":false},"author":1,"featured_media":294291,"comment_status":"closed","ping_status":"open","sticky":false,"template":"","format":"standard","meta":{"_acf_changed":false,"footnotes":""},"categories":[39],"tags":[],"class_list":["post-294290","post","type-post","status-publish","format-standard","has-post-thumbnail","category-sociedad"],"acf":{"antetitulo":"Exige rechazar ampliaci\u00f3n"},"yoast_head":"<!-- This site is optimized with the Yoast SEO plugin v28.4 - https:\/\/yoast.com\/product\/yoast-seo-wordpress\/ -->\n<title>Reyes denuncia presunta corrupci\u00f3n en recaudaci\u00f3n del Fondo Pro Leche - El Diario - Bolivia<\/title>\n<meta name=\"robots\" content=\"index, follow, max-snippet:-1, max-image-preview:large, max-video-preview:-1\" \/>\n<link rel=\"canonical\" href=\"https:\/\/www.eldiario.net\/portal\/2025\/04\/10\/reyes-denuncia-presunta-corrupcion-en-recaudacion-del-fondo-pro-leche\/\" \/>\n<meta property=\"og:locale\" content=\"es_ES\" \/>\n<meta property=\"og:type\" content=\"article\" \/>\n<meta property=\"og:title\" content=\"Reyes denuncia presunta corrupci\u00f3n en recaudaci\u00f3n del Fondo Pro Leche - El Diario - Bolivia\" \/>\n<meta property=\"og:description\" content=\"El diputado, Alejandro Reyes (CC), denunci\u00f3 que, en los \u00faltimos 12 a\u00f1os, solo se invirtieron Bs 74 millones de una recaudaci\u00f3n total de Bs 578 millones destinados para el Fondo ProLeche, por lo que exigi\u00f3 que se aclare el destino del resto de la suma y se rechace su ampliaci\u00f3n por otros diez a\u00f1os, lo [&hellip;]\" \/>\n<meta property=\"og:url\" content=\"https:\/\/www.eldiario.net\/portal\/2025\/04\/10\/reyes-denuncia-presunta-corrupcion-en-recaudacion-del-fondo-pro-leche\/\" \/>\n<meta property=\"og:site_name\" content=\"El Diario - Bolivia\" \/>\n<meta property=\"article:publisher\" content=\"https:\/\/www.facebook.com\/eldiario.bolivia\/\" \/>\n<meta property=\"article:published_time\" content=\"2025-04-10T09:16:08+00:00\" \/>\n<meta property=\"og:image\" content=\"https:\/\/www.eldiario.net\/portal\/wp-content\/uploads\/2025\/04\/LECHE-FOTO.jpg\" \/>\n\t<meta property=\"og:image:width\" content=\"918\" \/>\n\t<meta property=\"og:image:height\" content=\"918\" \/>\n\t<meta property=\"og:image:type\" content=\"image\/jpeg\" \/>\n<meta name=\"author\" content=\"Jeanette\" \/>\n<meta name=\"twitter:card\" content=\"summary_large_image\" \/>\n<meta name=\"twitter:creator\" content=\"@eldiario_net\" \/>\n<meta name=\"twitter:site\" content=\"@eldiario_net\" \/>\n<meta name=\"twitter:label1\" content=\"Escrito por\" \/>\n\t<meta name=\"twitter:data1\" content=\"Jeanette\" \/>\n\t<meta name=\"twitter:label2\" content=\"Tiempo de lectura\" \/>\n\t<meta name=\"twitter:data2\" content=\"2 minutos\" \/>\n<script type=\"application\/ld+json\" class=\"yoast-schema-graph\">{\"@context\":\"https:\\\/\\\/schema.org\",\"@graph\":[{\"@type\":\"Article\",\"@id\":\"https:\\\/\\\/www.eldiario.net\\\/portal\\\/2025\\\/04\\\/10\\\/reyes-denuncia-presunta-corrupcion-en-recaudacion-del-fondo-pro-leche\\\/#article\",\"isPartOf\":{\"@id\":\"https:\\\/\\\/www.eldiario.net\\\/portal\\\/2025\\\/04\\\/10\\\/reyes-denuncia-presunta-corrupcion-en-recaudacion-del-fondo-pro-leche\\\/\"},\"author\":{\"name\":\"Jeanette\",\"@id\":\"https:\\\/\\\/www.eldiario.net\\\/portal\\\/#\\\/schema\\\/person\\\/f46445640444750d7d753ccd04ae01b7\"},\"headline\":\"Reyes denuncia presunta corrupci\u00f3n en recaudaci\u00f3n del Fondo Pro Leche\",\"datePublished\":\"2025-04-10T09:16:08+00:00\",\"mainEntityOfPage\":{\"@id\":\"https:\\\/\\\/www.eldiario.net\\\/portal\\\/2025\\\/04\\\/10\\\/reyes-denuncia-presunta-corrupcion-en-recaudacion-del-fondo-pro-leche\\\/\"},\"wordCount\":375,\"publisher\":{\"@id\":\"https:\\\/\\\/www.eldiario.net\\\/portal\\\/#organization\"},\"image\":{\"@id\":\"https:\\\/\\\/www.eldiario.net\\\/portal\\\/2025\\\/04\\\/10\\\/reyes-denuncia-presunta-corrupcion-en-recaudacion-del-fondo-pro-leche\\\/#primaryimage\"},\"thumbnailUrl\":\"https:\\\/\\\/www.eldiario.net\\\/portal\\\/wp-content\\\/uploads\\\/2025\\\/04\\\/LECHE-FOTO.jpg\",\"articleSection\":[\"Sociedad - Seguridad\"],\"inLanguage\":\"es\"},{\"@type\":\"WebPage\",\"@id\":\"https:\\\/\\\/www.eldiario.net\\\/portal\\\/2025\\\/04\\\/10\\\/reyes-denuncia-presunta-corrupcion-en-recaudacion-del-fondo-pro-leche\\\/\",\"url\":\"https:\\\/\\\/www.eldiario.net\\\/portal\\\/2025\\\/04\\\/10\\\/reyes-denuncia-presunta-corrupcion-en-recaudacion-del-fondo-pro-leche\\\/\",\"name\":\"Reyes denuncia presunta corrupci\u00f3n en recaudaci\u00f3n del Fondo Pro Leche - El Diario - Bolivia\",\"isPartOf\":{\"@id\":\"https:\\\/\\\/www.eldiario.net\\\/portal\\\/#website\"},\"primaryImageOfPage\":{\"@id\":\"https:\\\/\\\/www.eldiario.net\\\/portal\\\/2025\\\/04\\\/10\\\/reyes-denuncia-presunta-corrupcion-en-recaudacion-del-fondo-pro-leche\\\/#primaryimage\"},\"image\":{\"@id\":\"https:\\\/\\\/www.eldiario.net\\\/portal\\\/2025\\\/04\\\/10\\\/reyes-denuncia-presunta-corrupcion-en-recaudacion-del-fondo-pro-leche\\\/#primaryimage\"},\"thumbnailUrl\":\"https:\\\/\\\/www.eldiario.net\\\/portal\\\/wp-content\\\/uploads\\\/2025\\\/04\\\/LECHE-FOTO.jpg\",\"datePublished\":\"2025-04-10T09:16:08+00:00\",\"breadcrumb\":{\"@id\":\"https:\\\/\\\/www.eldiario.net\\\/portal\\\/2025\\\/04\\\/10\\\/reyes-denuncia-presunta-corrupcion-en-recaudacion-del-fondo-pro-leche\\\/#breadcrumb\"},\"inLanguage\":\"es\",\"potentialAction\":[{\"@type\":\"ReadAction\",\"target\":[\"https:\\\/\\\/www.eldiario.net\\\/portal\\\/2025\\\/04\\\/10\\\/reyes-denuncia-presunta-corrupcion-en-recaudacion-del-fondo-pro-leche\\\/\"]}]},{\"@type\":\"ImageObject\",\"inLanguage\":\"es\",\"@id\":\"https:\\\/\\\/www.eldiario.net\\\/portal\\\/2025\\\/04\\\/10\\\/reyes-denuncia-presunta-corrupcion-en-recaudacion-del-fondo-pro-leche\\\/#primaryimage\",\"url\":\"https:\\\/\\\/www.eldiario.net\\\/portal\\\/wp-content\\\/uploads\\\/2025\\\/04\\\/LECHE-FOTO.jpg\",\"contentUrl\":\"https:\\\/\\\/www.eldiario.net\\\/portal\\\/wp-content\\\/uploads\\\/2025\\\/04\\\/LECHE-FOTO.jpg\",\"width\":918,\"height\":918,\"caption\":\"Diputado de CC, Alejandro Reyes. Cr\u00e9ditos: RRSS Alejandro Reyes\"},{\"@type\":\"BreadcrumbList\",\"@id\":\"https:\\\/\\\/www.eldiario.net\\\/portal\\\/2025\\\/04\\\/10\\\/reyes-denuncia-presunta-corrupcion-en-recaudacion-del-fondo-pro-leche\\\/#breadcrumb\",\"itemListElement\":[{\"@type\":\"ListItem\",\"position\":1,\"name\":\"Portada\",\"item\":\"https:\\\/\\\/www.eldiario.net\\\/portal\\\/\"},{\"@type\":\"ListItem\",\"position\":2,\"name\":\"Reyes denuncia presunta corrupci\u00f3n en recaudaci\u00f3n del Fondo Pro Leche\"}]},{\"@type\":\"WebSite\",\"@id\":\"https:\\\/\\\/www.eldiario.net\\\/portal\\\/#website\",\"url\":\"https:\\\/\\\/www.eldiario.net\\\/portal\\\/\",\"name\":\"El Diario - Decano de la prensa nacional\",\"description\":\"El Diario - Decano de la prensa nacional\",\"publisher\":{\"@id\":\"https:\\\/\\\/www.eldiario.net\\\/portal\\\/#organization\"},\"potentialAction\":[{\"@type\":\"SearchAction\",\"target\":{\"@type\":\"EntryPoint\",\"urlTemplate\":\"https:\\\/\\\/www.eldiario.net\\\/portal\\\/?s={search_term_string}\"},\"query-input\":{\"@type\":\"PropertyValueSpecification\",\"valueRequired\":true,\"valueName\":\"search_term_string\"}}],\"inLanguage\":\"es\"},{\"@type\":\"Organization\",\"@id\":\"https:\\\/\\\/www.eldiario.net\\\/portal\\\/#organization\",\"name\":\"El Diario - Decano de la prensa nacional\",\"url\":\"https:\\\/\\\/www.eldiario.net\\\/portal\\\/\",\"logo\":{\"@type\":\"ImageObject\",\"inLanguage\":\"es\",\"@id\":\"https:\\\/\\\/www.eldiario.net\\\/portal\\\/#\\\/schema\\\/logo\\\/image\\\/\",\"url\":\"https:\\\/\\\/www.eldiario.net\\\/portal\\\/wp-content\\\/uploads\\\/2023\\\/07\\\/logo_ED.jpg\",\"contentUrl\":\"https:\\\/\\\/www.eldiario.net\\\/portal\\\/wp-content\\\/uploads\\\/2023\\\/07\\\/logo_ED.jpg\",\"width\":272,\"height\":52,\"caption\":\"El Diario - Decano de la prensa nacional\"},\"image\":{\"@id\":\"https:\\\/\\\/www.eldiario.net\\\/portal\\\/#\\\/schema\\\/logo\\\/image\\\/\"},\"sameAs\":[\"https:\\\/\\\/www.facebook.com\\\/eldiario.bolivia\\\/\",\"https:\\\/\\\/x.com\\\/eldiario_net\"]},{\"@type\":\"Person\",\"@id\":\"https:\\\/\\\/www.eldiario.net\\\/portal\\\/#\\\/schema\\\/person\\\/f46445640444750d7d753ccd04ae01b7\",\"name\":\"Jeanette\",\"image\":{\"@type\":\"ImageObject\",\"inLanguage\":\"es\",\"@id\":\"https:\\\/\\\/secure.gravatar.com\\\/avatar\\\/3ea2118a5f7dad2b7138b1187a6b7ee55f160b9968b66013c3a3ef39dd7e5798?s=96&d=mm&r=g\",\"url\":\"https:\\\/\\\/secure.gravatar.com\\\/avatar\\\/3ea2118a5f7dad2b7138b1187a6b7ee55f160b9968b66013c3a3ef39dd7e5798?s=96&d=mm&r=g\",\"contentUrl\":\"https:\\\/\\\/secure.gravatar.com\\\/avatar\\\/3ea2118a5f7dad2b7138b1187a6b7ee55f160b9968b66013c3a3ef39dd7e5798?s=96&d=mm&r=g\",\"caption\":\"Jeanette\"},\"sameAs\":[\"https:\\\/\\\/www.eldiario.net\\\/portal\"],\"url\":\"https:\\\/\\\/www.eldiario.net\\\/portal\\\/author\\\/jeanette\\\/\"}]}<\/script>\n<!-- \/ Yoast SEO plugin. -->","yoast_head_json":{"title":"Reyes denuncia presunta corrupci\u00f3n en recaudaci\u00f3n del Fondo Pro Leche - El Diario - Bolivia","robots":{"index":"index","follow":"follow","max-snippet":"max-snippet:-1","max-image-preview":"max-image-preview:large","max-video-preview":"max-video-preview:-1"},"canonical":"https:\/\/www.eldiario.net\/portal\/2025\/04\/10\/reyes-denuncia-presunta-corrupcion-en-recaudacion-del-fondo-pro-leche\/","og_locale":"es_ES","og_type":"article","og_title":"Reyes denuncia presunta corrupci\u00f3n en recaudaci\u00f3n del Fondo Pro Leche - El Diario - Bolivia","og_description":"El diputado, Alejandro Reyes (CC), denunci\u00f3 que, en los \u00faltimos 12 a\u00f1os, solo se invirtieron Bs 74 millones de una recaudaci\u00f3n total de Bs 578 millones destinados para el Fondo ProLeche, por lo que exigi\u00f3 que se aclare el destino del resto de la suma y se rechace su ampliaci\u00f3n por otros diez a\u00f1os, lo [&hellip;]","og_url":"https:\/\/www.eldiario.net\/portal\/2025\/04\/10\/reyes-denuncia-presunta-corrupcion-en-recaudacion-del-fondo-pro-leche\/","og_site_name":"El Diario - Bolivia","article_publisher":"https:\/\/www.facebook.com\/eldiario.bolivia\/","article_published_time":"2025-04-10T09:16:08+00:00","og_image":[{"width":918,"height":918,"url":"https:\/\/www.eldiario.net\/portal\/wp-content\/uploads\/2025\/04\/LECHE-FOTO.jpg","type":"image\/jpeg"}],"author":"Jeanette","twitter_card":"summary_large_image","twitter_creator":"@eldiario_net","twitter_site":"@eldiario_net","twitter_misc":{"Escrito por":"Jeanette","Tiempo de lectura":"2 minutos"},"schema":{"@context":"https:\/\/schema.org","@graph":[{"@type":"Article","@id":"https:\/\/www.eldiario.net\/portal\/2025\/04\/10\/reyes-denuncia-presunta-corrupcion-en-recaudacion-del-fondo-pro-leche\/#article","isPartOf":{"@id":"https:\/\/www.eldiario.net\/portal\/2025\/04\/10\/reyes-denuncia-presunta-corrupcion-en-recaudacion-del-fondo-pro-leche\/"},"author":{"name":"Jeanette","@id":"https:\/\/www.eldiario.net\/portal\/#\/schema\/person\/f46445640444750d7d753ccd04ae01b7"},"headline":"Reyes denuncia presunta corrupci\u00f3n en recaudaci\u00f3n del Fondo Pro Leche","datePublished":"2025-04-10T09:16:08+00:00","mainEntityOfPage":{"@id":"https:\/\/www.eldiario.net\/portal\/2025\/04\/10\/reyes-denuncia-presunta-corrupcion-en-recaudacion-del-fondo-pro-leche\/"},"wordCount":375,"publisher":{"@id":"https:\/\/www.eldiario.net\/portal\/#organization"},"image":{"@id":"https:\/\/www.eldiario.net\/portal\/2025\/04\/10\/reyes-denuncia-presunta-corrupcion-en-recaudacion-del-fondo-pro-leche\/#primaryimage"},"thumbnailUrl":"https:\/\/www.eldiario.net\/portal\/wp-content\/uploads\/2025\/04\/LECHE-FOTO.jpg","articleSection":["Sociedad - Seguridad"],"inLanguage":"es"},{"@type":"WebPage","@id":"https:\/\/www.eldiario.net\/portal\/2025\/04\/10\/reyes-denuncia-presunta-corrupcion-en-recaudacion-del-fondo-pro-leche\/","url":"https:\/\/www.eldiario.net\/portal\/2025\/04\/10\/reyes-denuncia-presunta-corrupcion-en-recaudacion-del-fondo-pro-leche\/","name":"Reyes denuncia presunta corrupci\u00f3n en recaudaci\u00f3n del Fondo Pro Leche - El Diario - Bolivia","isPartOf":{"@id":"https:\/\/www.eldiario.net\/portal\/#website"},"primaryImageOfPage":{"@id":"https:\/\/www.eldiario.net\/portal\/2025\/04\/10\/reyes-denuncia-presunta-corrupcion-en-recaudacion-del-fondo-pro-leche\/#primaryimage"},"image":{"@id":"https:\/\/www.eldiario.net\/portal\/2025\/04\/10\/reyes-denuncia-presunta-corrupcion-en-recaudacion-del-fondo-pro-leche\/#primaryimage"},"thumbnailUrl":"https:\/\/www.eldiario.net\/portal\/wp-content\/uploads\/2025\/04\/LECHE-FOTO.jpg","datePublished":"2025-04-10T09:16:08+00:00","breadcrumb":{"@id":"https:\/\/www.eldiario.net\/portal\/2025\/04\/10\/reyes-denuncia-presunta-corrupcion-en-recaudacion-del-fondo-pro-leche\/#breadcrumb"},"inLanguage":"es","potentialAction":[{"@type":"ReadAction","target":["https:\/\/www.eldiario.net\/portal\/2025\/04\/10\/reyes-denuncia-presunta-corrupcion-en-recaudacion-del-fondo-pro-leche\/"]}]},{"@type":"ImageObject","inLanguage":"es","@id":"https:\/\/www.eldiario.net\/portal\/2025\/04\/10\/reyes-denuncia-presunta-corrupcion-en-recaudacion-del-fondo-pro-leche\/#primaryimage","url":"https:\/\/www.eldiario.net\/portal\/wp-content\/uploads\/2025\/04\/LECHE-FOTO.jpg","contentUrl":"https:\/\/www.eldiario.net\/portal\/wp-content\/uploads\/2025\/04\/LECHE-FOTO.jpg","width":918,"height":918,"caption":"Diputado de CC, Alejandro Reyes. Cr\u00e9ditos: RRSS Alejandro Reyes"},{"@type":"BreadcrumbList","@id":"https:\/\/www.eldiario.net\/portal\/2025\/04\/10\/reyes-denuncia-presunta-corrupcion-en-recaudacion-del-fondo-pro-leche\/#breadcrumb","itemListElement":[{"@type":"ListItem","position":1,"name":"Portada","item":"https:\/\/www.eldiario.net\/portal\/"},{"@type":"ListItem","position":2,"name":"Reyes denuncia presunta corrupci\u00f3n en recaudaci\u00f3n del Fondo Pro Leche"}]},{"@type":"WebSite","@id":"https:\/\/www.eldiario.net\/portal\/#website","url":"https:\/\/www.eldiario.net\/portal\/","name":"El Diario - Decano de la prensa nacional","description":"El Diario - Decano de la prensa nacional","publisher":{"@id":"https:\/\/www.eldiario.net\/portal\/#organization"},"potentialAction":[{"@type":"SearchAction","target":{"@type":"EntryPoint","urlTemplate":"https:\/\/www.eldiario.net\/portal\/?s={search_term_string}"},"query-input":{"@type":"PropertyValueSpecification","valueRequired":true,"valueName":"search_term_string"}}],"inLanguage":"es"},{"@type":"Organization","@id":"https:\/\/www.eldiario.net\/portal\/#organization","name":"El Diario - Decano de la prensa nacional","url":"https:\/\/www.eldiario.net\/portal\/","logo":{"@type":"ImageObject","inLanguage":"es","@id":"https:\/\/www.eldiario.net\/portal\/#\/schema\/logo\/image\/","url":"https:\/\/www.eldiario.net\/portal\/wp-content\/uploads\/2023\/07\/logo_ED.jpg","contentUrl":"https:\/\/www.eldiario.net\/portal\/wp-content\/uploads\/2023\/07\/logo_ED.jpg","width":272,"height":52,"caption":"El Diario - Decano de la prensa nacional"},"image":{"@id":"https:\/\/www.eldiario.net\/portal\/#\/schema\/logo\/image\/"},"sameAs":["https:\/\/www.facebook.com\/eldiario.bolivia\/","https:\/\/x.com\/eldiario_net"]},{"@type":"Person","@id":"https:\/\/www.eldiario.net\/portal\/#\/schema\/person\/f46445640444750d7d753ccd04ae01b7","name":"Jeanette","image":{"@type":"ImageObject","inLanguage":"es","@id":"https:\/\/secure.gravatar.com\/avatar\/3ea2118a5f7dad2b7138b1187a6b7ee55f160b9968b66013c3a3ef39dd7e5798?s=96&d=mm&r=g","url":"https:\/\/secure.gravatar.com\/avatar\/3ea2118a5f7dad2b7138b1187a6b7ee55f160b9968b66013c3a3ef39dd7e5798?s=96&d=mm&r=g","contentUrl":"https:\/\/secure.gravatar.com\/avatar\/3ea2118a5f7dad2b7138b1187a6b7ee55f160b9968b66013c3a3ef39dd7e5798?s=96&d=mm&r=g","caption":"Jeanette"},"sameAs":["https:\/\/www.eldiario.net\/portal"],"url":"https:\/\/www.eldiario.net\/portal\/author\/jeanette\/"}]}},"_links":{"self":[{"href":"https:\/\/www.eldiario.net\/portal\/wp-json\/wp\/v2\/posts\/294290","targetHints":{"allow":["GET"]}}],"collection":[{"href":"https:\/\/www.eldiario.net\/portal\/wp-json\/wp\/v2\/posts"}],"about":[{"href":"https:\/\/www.eldiario.net\/portal\/wp-json\/wp\/v2\/types\/post"}],"author":[{"embeddable":true,"href":"https:\/\/www.eldiario.net\/portal\/wp-json\/wp\/v2\/users\/1"}],"replies":[{"embeddable":true,"href":"https:\/\/www.eldiario.net\/portal\/wp-json\/wp\/v2\/comments?post=294290"}],"version-history":[{"count":1,"href":"https:\/\/www.eldiario.net\/portal\/wp-json\/wp\/v2\/posts\/294290\/revisions"}],"predecessor-version":[{"id":294292,"href":"https:\/\/www.eldiario.net\/portal\/wp-json\/wp\/v2\/posts\/294290\/revisions\/294292"}],"wp:featuredmedia":[{"embeddable":true,"href":"https:\/\/www.eldiario.net\/portal\/wp-json\/wp\/v2\/media\/294291"}],"wp:attachment":[{"href":"https:\/\/www.eldiario.net\/portal\/wp-json\/wp\/v2\/media?parent=294290"}],"wp:term":[{"taxonomy":"category","embeddable":true,"href":"https:\/\/www.eldiario.net\/portal\/wp-json\/wp\/v2\/categories?post=294290"},{"taxonomy":"post_tag","embeddable":true,"href":"https:\/\/www.eldiario.net\/portal\/wp-json\/wp\/v2\/tags?post=294290"}],"curies":[{"name":"wp","href":"https:\/\/api.w.org\/{rel}","templated":true}]}}