{"id":294283,"date":"2025-04-10T05:13:22","date_gmt":"2025-04-10T09:13:22","guid":{"rendered":"https:\/\/www.eldiario.net\/portal\/?p=294283"},"modified":"2025-04-10T05:13:22","modified_gmt":"2025-04-10T09:13:22","slug":"trapecistas-sin-miedo","status":"publish","type":"post","link":"https:\/\/www.eldiario.net\/portal\/2025\/04\/10\/trapecistas-sin-miedo\/","title":{"rendered":"Trapecistas sin miedo"},"content":{"rendered":"<p>Cuando era ni\u00f1o y hasta en mi pubertad, no hab\u00eda circo que no me provocara deleite y angustia al mismo tiempo, aunque, naturalmente, que la emoci\u00f3n de ver a los musculosos trapecistas subir hasta las alturas, hac\u00eda que justificara el precio de la entrada que pagaba. En el circo \u2013circos pobres en Santa Cruz\u2013 a veces, adem\u00e1s de los payasos chilenos, hab\u00eda uno que otro tigre viejo y alg\u00fan le\u00f3n con ti\u00f1a y por tanto escaso de melena, a los que el domador les pod\u00eda tocar sus partes y las fieras apenas bostezaban. Y espect\u00e1culo aparte eran los malabaristas, que te hac\u00edan aparecer y desaparecer cartas y te sacaban caramelos de las orejas. Y los ventr\u00edlocuos, que eran excepcionales para hacer hablar disparates a los mu\u00f1ecos con sus floreadas corbatas de michi.<\/p>\n<p>Sin embargo, se me eriz\u00f3 la piel cuando me enter\u00e9 que, en una exhibici\u00f3n de trapecistas, tremenda porque era de saltos mortales con los ojos vendados, uno de los atletas principales, que ten\u00eda la entera confianza del resto, se solt\u00f3 de sus compa\u00f1eros, quit\u00e1ndose la venda de los ojos. Los otros quedaron at\u00f3nitos, colgados de donde pod\u00edan, balance\u00e1ndose en las alturas, sin malla de protecci\u00f3n. Abajo estaba el vac\u00edo y esperaba una muerte segura.<\/p>\n<p>Bolivia siempre ha sido un circo, pero pol\u00edtico. Aqu\u00ed las funciones son diarias y no solo en los fines de semana. Las veladas nocturnas son apasionantes. Con trapecistas que convocan a quienes gozan con la tensi\u00f3n, a la espera de que alguno de los arrojados caiga y se rompa el espinazo; payasos dicharacheros y chillones que se proclaman candidatos a cualquier cosa; domadores que azotan a felinos escler\u00f3ticos y desdentados. Y jam\u00e1s han faltado los malabaristas y ventr\u00edlocuos, que han hecho las gracias del p\u00fablico, pero tambi\u00e9n el beneficio para ellos mismos. Hacen desaparecer billeteras, anillos, collares y no los regresan a sus due\u00f1os, que protestan luego de algunos minutos de re\u00edr mientras que los ventr\u00edlocuos los distraen.<\/p>\n<p>Eso de escribir 48 horas antes una nota para la prensa no deja de ser un problema, porque, especialmente en nuestros pagos, 48 horas, dos d\u00edas con sus noches, resultan ser una eternidad. \u00a1Todo puede suceder en ese tiempo! As\u00ed que no s\u00e9 si Tuto Quiroga se habr\u00e1 ido definitivamente del Bloque de Unidad o si ha vuelto, luego de razonar fr\u00edamente y concluir en que irse del grupo puede significar un descalabro nacional. Est\u00e1 visto que el Bloque tiene que enfrentar al capit\u00e1n Reyes Villa y al coreano Chi; pero tambi\u00e9n al p\u00edcaro y sibilino Andr\u00f3nico, el hijo pr\u00f3digo de Morales, que m\u00e1s se va pareciendo al hijo de Julio C\u00e9sar, Bruto, que lo apu\u00f1al\u00f3 junto con otros conspiradores. Y hay que enfrentar a grupos hasta ahora sueltos que est\u00e1n a la espera de ver m\u00e1s claro el panorama como para echar el ancla.<\/p>\n<p>Tuto Quiroga y Samuel Doria Medina tienen que manejarse con extremo cuidado, sin provocar temor en la gente. Aunque Tuto diga que sigue en el Bloque, ya ha hecho un da\u00f1o a los dem\u00f3cratas bolivianos. La mitad de sus partidarios han quedado paralogizados. No saben si est\u00e1 o no est\u00e1. Se ha tratado de una retirada infantil, con un argumento sin mucho sustento ante el mal que puede provocar al sistema de derecho en Bolivia. La fortaleza de los dem\u00f3cratas que parec\u00eda imparable, ya no es tanto. Por lo menos ya sabemos que a partir del pr\u00f3ximo a\u00f1o tendremos una Asamblea tan variopinta como la actual, porque la dispersi\u00f3n va a dar paso a tipos tan ignorantes como ese diputado camba que se cree perro y confunde p\u00fablicamente, en una entrevista en la televisi\u00f3n, la palabra \u201cpedigr\u00ed\u201d con \u201cfeligr\u00e9s\u201d, pero que adem\u00e1s es uno de los portavoces del MAS.<\/p>\n<p>Si Tuto no regresa (\u00e9l dice que no se ha ido) hay que seguir adelante con el mayor \u00edmpetu para que el Bloque gane la elecci\u00f3n. Si no se triunfa en agosto o en el balotaje de noviembre, Bolivia se pierde. No habr\u00e1 otra chance para deshacerse del masismo que la actual. Hay que caminar sin tregua, buscando votos. Lamentablemente, Tuto y Samuel muestran un lado muy feo de la pol\u00edtica, que los hace poco confiables, cuando hace una semana se los apoyaba con entusiasmo. Si el futuro elector ve que sus favoritos se hacen trampa entre ellos, que se quieren ir cada uno por su lado rompiendo un compromiso, \u00bfc\u00f3mo van a confiarles los destinos de la naci\u00f3n?<\/p>\n<p>No sabemos qu\u00e9 habr\u00e1 sucedido cuando esta nota aparezca; nadie sabe. Confiamos en que se habr\u00e1 impuesto la cordura, que se habr\u00e1 sellado la unidad, y que, en vez de la dispersi\u00f3n, se hayan sumado m\u00e1s agrupaciones al Bloque. Si se ha obtenido una oportunidad como la presente, ser\u00eda un error imperdonable, una estupidez sin nombre, desperdiciarla infantilmente. Vendr\u00e1 un arrepentimiento tard\u00edo que ya para nada servir\u00e1.<\/p>\n","protected":false},"excerpt":{"rendered":"<p>Cuando era ni\u00f1o y hasta en mi pubertad, no hab\u00eda circo que no me provocara deleite y angustia al mismo tiempo, aunque, naturalmente, que la emoci\u00f3n de ver a los musculosos trapecistas subir hasta las alturas, hac\u00eda que justificara el precio de la entrada que pagaba. En el circo \u2013circos pobres en Santa Cruz\u2013 a [&hellip;]<\/p>\n","protected":false},"author":1,"featured_media":157472,"comment_status":"closed","ping_status":"open","sticky":false,"template":"","format":"standard","meta":{"_acf_changed":false,"footnotes":""},"categories":[9],"tags":[],"class_list":["post-294283","post","type-post","status-publish","format-standard","has-post-thumbnail","category-opinion"],"acf":{"antetitulo":""},"yoast_head":"<!-- This site is optimized with the Yoast SEO plugin v28.4 - https:\/\/yoast.com\/product\/yoast-seo-wordpress\/ -->\n<title>Trapecistas sin miedo - El Diario - Bolivia<\/title>\n<meta name=\"robots\" content=\"index, follow, max-snippet:-1, max-image-preview:large, max-video-preview:-1\" \/>\n<link rel=\"canonical\" href=\"https:\/\/www.eldiario.net\/portal\/2025\/04\/10\/trapecistas-sin-miedo\/\" \/>\n<meta property=\"og:locale\" content=\"es_ES\" \/>\n<meta property=\"og:type\" content=\"article\" \/>\n<meta property=\"og:title\" content=\"Trapecistas sin miedo - El Diario - Bolivia\" \/>\n<meta property=\"og:description\" content=\"Cuando era ni\u00f1o y hasta en mi pubertad, no hab\u00eda circo que no me provocara deleite y angustia al mismo tiempo, aunque, naturalmente, que la emoci\u00f3n de ver a los musculosos trapecistas subir hasta las alturas, hac\u00eda que justificara el precio de la entrada que pagaba. En el circo \u2013circos pobres en Santa Cruz\u2013 a [&hellip;]\" \/>\n<meta property=\"og:url\" content=\"https:\/\/www.eldiario.net\/portal\/2025\/04\/10\/trapecistas-sin-miedo\/\" \/>\n<meta property=\"og:site_name\" content=\"El Diario - Bolivia\" \/>\n<meta property=\"article:publisher\" content=\"https:\/\/www.facebook.com\/eldiario.bolivia\/\" \/>\n<meta property=\"article:published_time\" content=\"2025-04-10T09:13:22+00:00\" \/>\n<meta property=\"og:image\" content=\"https:\/\/www.eldiario.net\/portal\/wp-content\/uploads\/2023\/06\/Manfredo-Kempff-Suarez.jpg\" \/>\n\t<meta property=\"og:image:width\" content=\"1200\" \/>\n\t<meta property=\"og:image:height\" content=\"628\" \/>\n\t<meta property=\"og:image:type\" content=\"image\/jpeg\" \/>\n<meta name=\"author\" content=\"Jeanette\" \/>\n<meta name=\"twitter:card\" content=\"summary_large_image\" \/>\n<meta name=\"twitter:creator\" content=\"@eldiario_net\" \/>\n<meta name=\"twitter:site\" content=\"@eldiario_net\" \/>\n<meta name=\"twitter:label1\" content=\"Escrito por\" \/>\n\t<meta name=\"twitter:data1\" content=\"Jeanette\" \/>\n\t<meta name=\"twitter:label2\" content=\"Tiempo de lectura\" \/>\n\t<meta name=\"twitter:data2\" content=\"4 minutos\" \/>\n<script type=\"application\/ld+json\" class=\"yoast-schema-graph\">{\"@context\":\"https:\\\/\\\/schema.org\",\"@graph\":[{\"@type\":\"Article\",\"@id\":\"https:\\\/\\\/www.eldiario.net\\\/portal\\\/2025\\\/04\\\/10\\\/trapecistas-sin-miedo\\\/#article\",\"isPartOf\":{\"@id\":\"https:\\\/\\\/www.eldiario.net\\\/portal\\\/2025\\\/04\\\/10\\\/trapecistas-sin-miedo\\\/\"},\"author\":{\"name\":\"Jeanette\",\"@id\":\"https:\\\/\\\/www.eldiario.net\\\/portal\\\/#\\\/schema\\\/person\\\/f46445640444750d7d753ccd04ae01b7\"},\"headline\":\"Trapecistas sin miedo\",\"datePublished\":\"2025-04-10T09:13:22+00:00\",\"mainEntityOfPage\":{\"@id\":\"https:\\\/\\\/www.eldiario.net\\\/portal\\\/2025\\\/04\\\/10\\\/trapecistas-sin-miedo\\\/\"},\"wordCount\":869,\"publisher\":{\"@id\":\"https:\\\/\\\/www.eldiario.net\\\/portal\\\/#organization\"},\"image\":{\"@id\":\"https:\\\/\\\/www.eldiario.net\\\/portal\\\/2025\\\/04\\\/10\\\/trapecistas-sin-miedo\\\/#primaryimage\"},\"thumbnailUrl\":\"https:\\\/\\\/www.eldiario.net\\\/portal\\\/wp-content\\\/uploads\\\/2023\\\/06\\\/Manfredo-Kempff-Suarez.jpg\",\"articleSection\":[\"Opini\u00f3n\"],\"inLanguage\":\"es\"},{\"@type\":\"WebPage\",\"@id\":\"https:\\\/\\\/www.eldiario.net\\\/portal\\\/2025\\\/04\\\/10\\\/trapecistas-sin-miedo\\\/\",\"url\":\"https:\\\/\\\/www.eldiario.net\\\/portal\\\/2025\\\/04\\\/10\\\/trapecistas-sin-miedo\\\/\",\"name\":\"Trapecistas sin miedo - El Diario - Bolivia\",\"isPartOf\":{\"@id\":\"https:\\\/\\\/www.eldiario.net\\\/portal\\\/#website\"},\"primaryImageOfPage\":{\"@id\":\"https:\\\/\\\/www.eldiario.net\\\/portal\\\/2025\\\/04\\\/10\\\/trapecistas-sin-miedo\\\/#primaryimage\"},\"image\":{\"@id\":\"https:\\\/\\\/www.eldiario.net\\\/portal\\\/2025\\\/04\\\/10\\\/trapecistas-sin-miedo\\\/#primaryimage\"},\"thumbnailUrl\":\"https:\\\/\\\/www.eldiario.net\\\/portal\\\/wp-content\\\/uploads\\\/2023\\\/06\\\/Manfredo-Kempff-Suarez.jpg\",\"datePublished\":\"2025-04-10T09:13:22+00:00\",\"breadcrumb\":{\"@id\":\"https:\\\/\\\/www.eldiario.net\\\/portal\\\/2025\\\/04\\\/10\\\/trapecistas-sin-miedo\\\/#breadcrumb\"},\"inLanguage\":\"es\",\"potentialAction\":[{\"@type\":\"ReadAction\",\"target\":[\"https:\\\/\\\/www.eldiario.net\\\/portal\\\/2025\\\/04\\\/10\\\/trapecistas-sin-miedo\\\/\"]}]},{\"@type\":\"ImageObject\",\"inLanguage\":\"es\",\"@id\":\"https:\\\/\\\/www.eldiario.net\\\/portal\\\/2025\\\/04\\\/10\\\/trapecistas-sin-miedo\\\/#primaryimage\",\"url\":\"https:\\\/\\\/www.eldiario.net\\\/portal\\\/wp-content\\\/uploads\\\/2023\\\/06\\\/Manfredo-Kempff-Suarez.jpg\",\"contentUrl\":\"https:\\\/\\\/www.eldiario.net\\\/portal\\\/wp-content\\\/uploads\\\/2023\\\/06\\\/Manfredo-Kempff-Suarez.jpg\",\"width\":1200,\"height\":628},{\"@type\":\"BreadcrumbList\",\"@id\":\"https:\\\/\\\/www.eldiario.net\\\/portal\\\/2025\\\/04\\\/10\\\/trapecistas-sin-miedo\\\/#breadcrumb\",\"itemListElement\":[{\"@type\":\"ListItem\",\"position\":1,\"name\":\"Portada\",\"item\":\"https:\\\/\\\/www.eldiario.net\\\/portal\\\/\"},{\"@type\":\"ListItem\",\"position\":2,\"name\":\"Trapecistas sin miedo\"}]},{\"@type\":\"WebSite\",\"@id\":\"https:\\\/\\\/www.eldiario.net\\\/portal\\\/#website\",\"url\":\"https:\\\/\\\/www.eldiario.net\\\/portal\\\/\",\"name\":\"El Diario - Decano de la prensa nacional\",\"description\":\"El Diario - Decano de la prensa nacional\",\"publisher\":{\"@id\":\"https:\\\/\\\/www.eldiario.net\\\/portal\\\/#organization\"},\"potentialAction\":[{\"@type\":\"SearchAction\",\"target\":{\"@type\":\"EntryPoint\",\"urlTemplate\":\"https:\\\/\\\/www.eldiario.net\\\/portal\\\/?s={search_term_string}\"},\"query-input\":{\"@type\":\"PropertyValueSpecification\",\"valueRequired\":true,\"valueName\":\"search_term_string\"}}],\"inLanguage\":\"es\"},{\"@type\":\"Organization\",\"@id\":\"https:\\\/\\\/www.eldiario.net\\\/portal\\\/#organization\",\"name\":\"El Diario - Decano de la prensa nacional\",\"url\":\"https:\\\/\\\/www.eldiario.net\\\/portal\\\/\",\"logo\":{\"@type\":\"ImageObject\",\"inLanguage\":\"es\",\"@id\":\"https:\\\/\\\/www.eldiario.net\\\/portal\\\/#\\\/schema\\\/logo\\\/image\\\/\",\"url\":\"https:\\\/\\\/www.eldiario.net\\\/portal\\\/wp-content\\\/uploads\\\/2023\\\/07\\\/logo_ED.jpg\",\"contentUrl\":\"https:\\\/\\\/www.eldiario.net\\\/portal\\\/wp-content\\\/uploads\\\/2023\\\/07\\\/logo_ED.jpg\",\"width\":272,\"height\":52,\"caption\":\"El Diario - Decano de la prensa nacional\"},\"image\":{\"@id\":\"https:\\\/\\\/www.eldiario.net\\\/portal\\\/#\\\/schema\\\/logo\\\/image\\\/\"},\"sameAs\":[\"https:\\\/\\\/www.facebook.com\\\/eldiario.bolivia\\\/\",\"https:\\\/\\\/x.com\\\/eldiario_net\"]},{\"@type\":\"Person\",\"@id\":\"https:\\\/\\\/www.eldiario.net\\\/portal\\\/#\\\/schema\\\/person\\\/f46445640444750d7d753ccd04ae01b7\",\"name\":\"Jeanette\",\"image\":{\"@type\":\"ImageObject\",\"inLanguage\":\"es\",\"@id\":\"https:\\\/\\\/secure.gravatar.com\\\/avatar\\\/3ea2118a5f7dad2b7138b1187a6b7ee55f160b9968b66013c3a3ef39dd7e5798?s=96&d=mm&r=g\",\"url\":\"https:\\\/\\\/secure.gravatar.com\\\/avatar\\\/3ea2118a5f7dad2b7138b1187a6b7ee55f160b9968b66013c3a3ef39dd7e5798?s=96&d=mm&r=g\",\"contentUrl\":\"https:\\\/\\\/secure.gravatar.com\\\/avatar\\\/3ea2118a5f7dad2b7138b1187a6b7ee55f160b9968b66013c3a3ef39dd7e5798?s=96&d=mm&r=g\",\"caption\":\"Jeanette\"},\"sameAs\":[\"https:\\\/\\\/www.eldiario.net\\\/portal\"],\"url\":\"https:\\\/\\\/www.eldiario.net\\\/portal\\\/author\\\/jeanette\\\/\"}]}<\/script>\n<!-- \/ Yoast SEO plugin. -->","yoast_head_json":{"title":"Trapecistas sin miedo - El Diario - Bolivia","robots":{"index":"index","follow":"follow","max-snippet":"max-snippet:-1","max-image-preview":"max-image-preview:large","max-video-preview":"max-video-preview:-1"},"canonical":"https:\/\/www.eldiario.net\/portal\/2025\/04\/10\/trapecistas-sin-miedo\/","og_locale":"es_ES","og_type":"article","og_title":"Trapecistas sin miedo - El Diario - Bolivia","og_description":"Cuando era ni\u00f1o y hasta en mi pubertad, no hab\u00eda circo que no me provocara deleite y angustia al mismo tiempo, aunque, naturalmente, que la emoci\u00f3n de ver a los musculosos trapecistas subir hasta las alturas, hac\u00eda que justificara el precio de la entrada que pagaba. En el circo \u2013circos pobres en Santa Cruz\u2013 a [&hellip;]","og_url":"https:\/\/www.eldiario.net\/portal\/2025\/04\/10\/trapecistas-sin-miedo\/","og_site_name":"El Diario - Bolivia","article_publisher":"https:\/\/www.facebook.com\/eldiario.bolivia\/","article_published_time":"2025-04-10T09:13:22+00:00","og_image":[{"width":1200,"height":628,"url":"https:\/\/www.eldiario.net\/portal\/wp-content\/uploads\/2023\/06\/Manfredo-Kempff-Suarez.jpg","type":"image\/jpeg"}],"author":"Jeanette","twitter_card":"summary_large_image","twitter_creator":"@eldiario_net","twitter_site":"@eldiario_net","twitter_misc":{"Escrito por":"Jeanette","Tiempo de lectura":"4 minutos"},"schema":{"@context":"https:\/\/schema.org","@graph":[{"@type":"Article","@id":"https:\/\/www.eldiario.net\/portal\/2025\/04\/10\/trapecistas-sin-miedo\/#article","isPartOf":{"@id":"https:\/\/www.eldiario.net\/portal\/2025\/04\/10\/trapecistas-sin-miedo\/"},"author":{"name":"Jeanette","@id":"https:\/\/www.eldiario.net\/portal\/#\/schema\/person\/f46445640444750d7d753ccd04ae01b7"},"headline":"Trapecistas sin miedo","datePublished":"2025-04-10T09:13:22+00:00","mainEntityOfPage":{"@id":"https:\/\/www.eldiario.net\/portal\/2025\/04\/10\/trapecistas-sin-miedo\/"},"wordCount":869,"publisher":{"@id":"https:\/\/www.eldiario.net\/portal\/#organization"},"image":{"@id":"https:\/\/www.eldiario.net\/portal\/2025\/04\/10\/trapecistas-sin-miedo\/#primaryimage"},"thumbnailUrl":"https:\/\/www.eldiario.net\/portal\/wp-content\/uploads\/2023\/06\/Manfredo-Kempff-Suarez.jpg","articleSection":["Opini\u00f3n"],"inLanguage":"es"},{"@type":"WebPage","@id":"https:\/\/www.eldiario.net\/portal\/2025\/04\/10\/trapecistas-sin-miedo\/","url":"https:\/\/www.eldiario.net\/portal\/2025\/04\/10\/trapecistas-sin-miedo\/","name":"Trapecistas sin miedo - El Diario - Bolivia","isPartOf":{"@id":"https:\/\/www.eldiario.net\/portal\/#website"},"primaryImageOfPage":{"@id":"https:\/\/www.eldiario.net\/portal\/2025\/04\/10\/trapecistas-sin-miedo\/#primaryimage"},"image":{"@id":"https:\/\/www.eldiario.net\/portal\/2025\/04\/10\/trapecistas-sin-miedo\/#primaryimage"},"thumbnailUrl":"https:\/\/www.eldiario.net\/portal\/wp-content\/uploads\/2023\/06\/Manfredo-Kempff-Suarez.jpg","datePublished":"2025-04-10T09:13:22+00:00","breadcrumb":{"@id":"https:\/\/www.eldiario.net\/portal\/2025\/04\/10\/trapecistas-sin-miedo\/#breadcrumb"},"inLanguage":"es","potentialAction":[{"@type":"ReadAction","target":["https:\/\/www.eldiario.net\/portal\/2025\/04\/10\/trapecistas-sin-miedo\/"]}]},{"@type":"ImageObject","inLanguage":"es","@id":"https:\/\/www.eldiario.net\/portal\/2025\/04\/10\/trapecistas-sin-miedo\/#primaryimage","url":"https:\/\/www.eldiario.net\/portal\/wp-content\/uploads\/2023\/06\/Manfredo-Kempff-Suarez.jpg","contentUrl":"https:\/\/www.eldiario.net\/portal\/wp-content\/uploads\/2023\/06\/Manfredo-Kempff-Suarez.jpg","width":1200,"height":628},{"@type":"BreadcrumbList","@id":"https:\/\/www.eldiario.net\/portal\/2025\/04\/10\/trapecistas-sin-miedo\/#breadcrumb","itemListElement":[{"@type":"ListItem","position":1,"name":"Portada","item":"https:\/\/www.eldiario.net\/portal\/"},{"@type":"ListItem","position":2,"name":"Trapecistas sin miedo"}]},{"@type":"WebSite","@id":"https:\/\/www.eldiario.net\/portal\/#website","url":"https:\/\/www.eldiario.net\/portal\/","name":"El Diario - Decano de la prensa nacional","description":"El Diario - Decano de la prensa nacional","publisher":{"@id":"https:\/\/www.eldiario.net\/portal\/#organization"},"potentialAction":[{"@type":"SearchAction","target":{"@type":"EntryPoint","urlTemplate":"https:\/\/www.eldiario.net\/portal\/?s={search_term_string}"},"query-input":{"@type":"PropertyValueSpecification","valueRequired":true,"valueName":"search_term_string"}}],"inLanguage":"es"},{"@type":"Organization","@id":"https:\/\/www.eldiario.net\/portal\/#organization","name":"El Diario - Decano de la prensa nacional","url":"https:\/\/www.eldiario.net\/portal\/","logo":{"@type":"ImageObject","inLanguage":"es","@id":"https:\/\/www.eldiario.net\/portal\/#\/schema\/logo\/image\/","url":"https:\/\/www.eldiario.net\/portal\/wp-content\/uploads\/2023\/07\/logo_ED.jpg","contentUrl":"https:\/\/www.eldiario.net\/portal\/wp-content\/uploads\/2023\/07\/logo_ED.jpg","width":272,"height":52,"caption":"El Diario - Decano de la prensa nacional"},"image":{"@id":"https:\/\/www.eldiario.net\/portal\/#\/schema\/logo\/image\/"},"sameAs":["https:\/\/www.facebook.com\/eldiario.bolivia\/","https:\/\/x.com\/eldiario_net"]},{"@type":"Person","@id":"https:\/\/www.eldiario.net\/portal\/#\/schema\/person\/f46445640444750d7d753ccd04ae01b7","name":"Jeanette","image":{"@type":"ImageObject","inLanguage":"es","@id":"https:\/\/secure.gravatar.com\/avatar\/3ea2118a5f7dad2b7138b1187a6b7ee55f160b9968b66013c3a3ef39dd7e5798?s=96&d=mm&r=g","url":"https:\/\/secure.gravatar.com\/avatar\/3ea2118a5f7dad2b7138b1187a6b7ee55f160b9968b66013c3a3ef39dd7e5798?s=96&d=mm&r=g","contentUrl":"https:\/\/secure.gravatar.com\/avatar\/3ea2118a5f7dad2b7138b1187a6b7ee55f160b9968b66013c3a3ef39dd7e5798?s=96&d=mm&r=g","caption":"Jeanette"},"sameAs":["https:\/\/www.eldiario.net\/portal"],"url":"https:\/\/www.eldiario.net\/portal\/author\/jeanette\/"}]}},"_links":{"self":[{"href":"https:\/\/www.eldiario.net\/portal\/wp-json\/wp\/v2\/posts\/294283","targetHints":{"allow":["GET"]}}],"collection":[{"href":"https:\/\/www.eldiario.net\/portal\/wp-json\/wp\/v2\/posts"}],"about":[{"href":"https:\/\/www.eldiario.net\/portal\/wp-json\/wp\/v2\/types\/post"}],"author":[{"embeddable":true,"href":"https:\/\/www.eldiario.net\/portal\/wp-json\/wp\/v2\/users\/1"}],"replies":[{"embeddable":true,"href":"https:\/\/www.eldiario.net\/portal\/wp-json\/wp\/v2\/comments?post=294283"}],"version-history":[{"count":1,"href":"https:\/\/www.eldiario.net\/portal\/wp-json\/wp\/v2\/posts\/294283\/revisions"}],"predecessor-version":[{"id":294284,"href":"https:\/\/www.eldiario.net\/portal\/wp-json\/wp\/v2\/posts\/294283\/revisions\/294284"}],"wp:featuredmedia":[{"embeddable":true,"href":"https:\/\/www.eldiario.net\/portal\/wp-json\/wp\/v2\/media\/157472"}],"wp:attachment":[{"href":"https:\/\/www.eldiario.net\/portal\/wp-json\/wp\/v2\/media?parent=294283"}],"wp:term":[{"taxonomy":"category","embeddable":true,"href":"https:\/\/www.eldiario.net\/portal\/wp-json\/wp\/v2\/categories?post=294283"},{"taxonomy":"post_tag","embeddable":true,"href":"https:\/\/www.eldiario.net\/portal\/wp-json\/wp\/v2\/tags?post=294283"}],"curies":[{"name":"wp","href":"https:\/\/api.w.org\/{rel}","templated":true}]}}