{"id":294281,"date":"2025-04-10T05:12:48","date_gmt":"2025-04-10T09:12:48","guid":{"rendered":"https:\/\/www.eldiario.net\/portal\/?p=294281"},"modified":"2025-04-10T05:12:48","modified_gmt":"2025-04-10T09:12:48","slug":"que-hacer-frente-a-la-subida-de-aranceles-en-los-eeuu","status":"publish","type":"post","link":"https:\/\/www.eldiario.net\/portal\/2025\/04\/10\/que-hacer-frente-a-la-subida-de-aranceles-en-los-eeuu\/","title":{"rendered":"\u00bfQu\u00e9 hacer frente a la subida de aranceles en los EEUU?"},"content":{"rendered":"<p>El 2 de abril de 2025 no pasar\u00e1 desapercibido para el mundo, en especial para los Estados Unidos de Am\u00e9rica (EEUU), luego que el presidente Donald Trump anunciara la aplicaci\u00f3n de \u201caranceles rec\u00edprocos\u201d a los productos que importa de casi todos los pa\u00edses del orbe, derivando ello en serios desbalances: el d\u00e9ficit comercial en 2024 super\u00f3 el <em>bill\u00f3n<\/em> de d\u00f3lares (1.202.872.000.000 de d\u00f3lares).<\/p>\n<p>La medida consiste en imponer un arancel adicional del 10% a la importaci\u00f3n de bienes, de forma general; del 20% a los de la Uni\u00f3n Europea y del 34% a los de China.<\/p>\n<p>EEUU es el mayor importador mundial; el pasado a\u00f1o compr\u00f3 productos por la estratosf\u00e9rica suma de 3,3 billones de d\u00f3lares (3,3 millones de millones de d\u00f3lares); de otra parte, es el segundo mayor exportador &#8211;despu\u00e9s de China&#8211; con ventas de 2,1 <em>billones<\/em> de d\u00f3lares; la diferencia refleja el d\u00e9ficit de 1,2 <em>billones <\/em>de d\u00f3lares ya comentado, siendo esta preocupaci\u00f3n la que impuls\u00f3 a Trump a optar por la subida de aranceles para defender su mercado de quienes, a su entender, impiden que las empresas estadounidenses les exporten m\u00e1s. La medida preocup\u00f3 a casi todos, con pocas excepciones, ya que &#8211;vaya uno a saber por qu\u00e9&#8211; Rusia, Corea del Norte, Bielorrusia y Cuba, no fueron afectadas.<\/p>\n<p>M\u00e1s all\u00e1 de que la medida pueda ser denunciada ante la Organizaci\u00f3n Mundial del Comercio (OMC) como un incumplimiento, el grave riesgo de una guerra comercial con los principales protagonistas del comercio internacional es alto. Como era de esperar, China respondi\u00f3 con un arancel rec\u00edproco del 34% adicional para las importaciones desde EEUU, profundizando a\u00fan m\u00e1s la conmoci\u00f3n a nivel global, poniendo en rojo los mercados burs\u00e1tiles en el mundo.<\/p>\n<p>Algunos dir\u00e1n que la motivaci\u00f3n de Trump tiene que ver con la baja competitividad de la industria estadounidense, pero: \u00bfQu\u00e9 si Trump tiene raz\u00f3n al decir que ese mercado estaba casi abierto arancelariamente y cumpl\u00eda los compromisos de facilitaci\u00f3n del comercio, mientras que los pa\u00edses que lo aprovechan imponen trabas a las exportaciones de los EEUU?<\/p>\n<p>A decir del presidente Trump, la medida apunta a equiparar las condiciones de competencia, aplicando aranceles adicionales que reflejen las dificultades que enfrentan sus exportadores: protecci\u00f3n arancelaria en frontera; barreras no arancelarias, como prohibiciones, obst\u00e1culos aduaneros y entorpecimiento del comercio; y, las trabas paraarancelarias en cuanto a barreras t\u00e9cnicas, sanitarias y fitosanitarias aplicadas inconsistentemente; falta de transparencia, y discriminaci\u00f3n en las compras gubernamentales; irrespeto a la propiedad intelectual y competencia desleal de las empresas estatales, entre otras.<\/p>\n<p>La esperanza de Trump es que la protecci\u00f3n del gigantesco mercado estadounidense, de m\u00e1s de 300 millones de consumidores con un alto poder de compra, equipare las condiciones de acceso con pa\u00edses que no solo protegen, sino, sobreprotegen sus mercados; tambi\u00e9n, que esta medida promueva la inversi\u00f3n, la industria y la tecnolog\u00eda en su naci\u00f3n, en aras de la \u201cseguridad econ\u00f3mica y nacional\u201d, y genere mejores oportunidades para sus sectores productivos as\u00ed como para los trabajadores, siendo la apuesta final, en sus palabras, recibir \u201cofertas fenomenales\u201d, vale decir, mejores condiciones para sus exportadores, utilizando para ello el arancel como arma de negociaci\u00f3n (<em>\u201cTrump est\u00e1 abierto a negociar los aranceles tras el cierre de Wall Street con una ca\u00edda del 14%\u201d<\/em>, Euronews, 4.04.2025).<\/p>\n<p>Pero, podr\u00eda haber algo m\u00e1s: \u00bfImaginan el descomunal incremento de recaudaci\u00f3n por los mayores aranceles, aunque suban los precios y quien pague sea el consumidor? S\u00f3lo con aplicar un 10% adicional, obtendr\u00eda unos 300.000 millones de d\u00f3lares. De no provocar ello una abrupta ca\u00edda de la importaci\u00f3n, no solo ayudar\u00eda a bajar su d\u00e9ficit comercial y fiscal, sino, su deuda p\u00fablica.<\/p>\n<p>\u00bfAfectar\u00e1 esta medida a nuestras exportaciones a los EEUU? Claro que s\u00ed, m\u00e1s que a muchos. Un arancel adicional del 10% nos restar\u00e1 competitividad frente a quienes est\u00e9n exentos de tal cobro, como M\u00e9xico, gracias a su acuerdo de libre comercio tripartito con Canad\u00e1; o a los que negocien futuras rebajas arancelarias o lleguen con menores costos de transporte a ese pa\u00eds.<\/p>\n<p>Por cierto, las exportaciones de Bolivia a EEUU en 2024 sumaron 271 millones de d\u00f3lares y las importaciones desde dicho pa\u00eds, 809 millones. <em>Pr\u00e1cticamente nada<\/em>, comparado con la Rep\u00fablica Socialista de Vietnam que, pese a su ideolog\u00eda y a una guerra con EEUU, le vendi\u00f3 136.000 millones de d\u00f3lares (casi 3 veces nuestro PIB y 15 veces nuestras exportaciones) y le compr\u00f3 13.000 millones, logrando un generoso super\u00e1vit de 123.000 millones. <em>Pragmatismo<\/em>, se llama eso\u2026<\/p>\n<p>Es de esperar que a nadie se le ocurra una <em>\u201cretaliaci\u00f3n\u201d<\/em> contra EEUU, al contrario, restablecer las relaciones diplom\u00e1ticas rotas el 15 de diciembre del 2008 por la expulsi\u00f3n del embajador Philip Goldberg, ser\u00eda algo inteligente, con la mira puesta en lograr un trato especial de parte de la primera potencia mundial.<\/p>\n<p>&nbsp;<\/p>\n<p><em>El autor es <\/em><em>Economista y Mag\u00edster en Comercio Internacional.<\/em><\/p>\n","protected":false},"excerpt":{"rendered":"<p>El 2 de abril de 2025 no pasar\u00e1 desapercibido para el mundo, en especial para los Estados Unidos de Am\u00e9rica (EEUU), luego que el presidente Donald Trump anunciara la aplicaci\u00f3n de \u201caranceles rec\u00edprocos\u201d a los productos que importa de casi todos los pa\u00edses del orbe, derivando ello en serios desbalances: el d\u00e9ficit comercial en 2024 [&hellip;]<\/p>\n","protected":false},"author":1,"featured_media":157466,"comment_status":"closed","ping_status":"open","sticky":false,"template":"","format":"standard","meta":{"_acf_changed":false,"footnotes":""},"categories":[9],"tags":[],"class_list":["post-294281","post","type-post","status-publish","format-standard","has-post-thumbnail","category-opinion"],"acf":{"antetitulo":"Buscando la verdad "},"yoast_head":"<!-- This site is optimized with the Yoast SEO plugin v28.4 - https:\/\/yoast.com\/product\/yoast-seo-wordpress\/ -->\n<title>\u00bfQu\u00e9 hacer frente a la subida de aranceles en los EEUU? - El Diario - Bolivia<\/title>\n<meta name=\"robots\" content=\"index, follow, max-snippet:-1, max-image-preview:large, max-video-preview:-1\" \/>\n<link rel=\"canonical\" href=\"https:\/\/www.eldiario.net\/portal\/2025\/04\/10\/que-hacer-frente-a-la-subida-de-aranceles-en-los-eeuu\/\" \/>\n<meta property=\"og:locale\" content=\"es_ES\" \/>\n<meta property=\"og:type\" content=\"article\" \/>\n<meta property=\"og:title\" content=\"\u00bfQu\u00e9 hacer frente a la subida de aranceles en los EEUU? - El Diario - Bolivia\" \/>\n<meta property=\"og:description\" content=\"El 2 de abril de 2025 no pasar\u00e1 desapercibido para el mundo, en especial para los Estados Unidos de Am\u00e9rica (EEUU), luego que el presidente Donald Trump anunciara la aplicaci\u00f3n de \u201caranceles rec\u00edprocos\u201d a los productos que importa de casi todos los pa\u00edses del orbe, derivando ello en serios desbalances: el d\u00e9ficit comercial en 2024 [&hellip;]\" \/>\n<meta property=\"og:url\" content=\"https:\/\/www.eldiario.net\/portal\/2025\/04\/10\/que-hacer-frente-a-la-subida-de-aranceles-en-los-eeuu\/\" \/>\n<meta property=\"og:site_name\" content=\"El Diario - Bolivia\" \/>\n<meta property=\"article:publisher\" content=\"https:\/\/www.facebook.com\/eldiario.bolivia\/\" \/>\n<meta property=\"article:published_time\" content=\"2025-04-10T09:12:48+00:00\" \/>\n<meta property=\"og:image\" content=\"https:\/\/www.eldiario.net\/portal\/wp-content\/uploads\/2023\/06\/Gary-Antonio-Rodriguez-Alvarez.jpg\" \/>\n\t<meta property=\"og:image:width\" content=\"1200\" \/>\n\t<meta property=\"og:image:height\" content=\"628\" \/>\n\t<meta property=\"og:image:type\" content=\"image\/jpeg\" \/>\n<meta name=\"author\" content=\"Jeanette\" \/>\n<meta name=\"twitter:card\" content=\"summary_large_image\" \/>\n<meta name=\"twitter:creator\" content=\"@eldiario_net\" \/>\n<meta name=\"twitter:site\" content=\"@eldiario_net\" \/>\n<meta name=\"twitter:label1\" content=\"Escrito por\" \/>\n\t<meta name=\"twitter:data1\" content=\"Jeanette\" \/>\n\t<meta name=\"twitter:label2\" content=\"Tiempo de lectura\" \/>\n\t<meta name=\"twitter:data2\" content=\"4 minutos\" \/>\n<script type=\"application\/ld+json\" class=\"yoast-schema-graph\">{\"@context\":\"https:\\\/\\\/schema.org\",\"@graph\":[{\"@type\":\"Article\",\"@id\":\"https:\\\/\\\/www.eldiario.net\\\/portal\\\/2025\\\/04\\\/10\\\/que-hacer-frente-a-la-subida-de-aranceles-en-los-eeuu\\\/#article\",\"isPartOf\":{\"@id\":\"https:\\\/\\\/www.eldiario.net\\\/portal\\\/2025\\\/04\\\/10\\\/que-hacer-frente-a-la-subida-de-aranceles-en-los-eeuu\\\/\"},\"author\":{\"name\":\"Jeanette\",\"@id\":\"https:\\\/\\\/www.eldiario.net\\\/portal\\\/#\\\/schema\\\/person\\\/f46445640444750d7d753ccd04ae01b7\"},\"headline\":\"\u00bfQu\u00e9 hacer frente a la subida de aranceles en los EEUU?\",\"datePublished\":\"2025-04-10T09:12:48+00:00\",\"mainEntityOfPage\":{\"@id\":\"https:\\\/\\\/www.eldiario.net\\\/portal\\\/2025\\\/04\\\/10\\\/que-hacer-frente-a-la-subida-de-aranceles-en-los-eeuu\\\/\"},\"wordCount\":854,\"publisher\":{\"@id\":\"https:\\\/\\\/www.eldiario.net\\\/portal\\\/#organization\"},\"image\":{\"@id\":\"https:\\\/\\\/www.eldiario.net\\\/portal\\\/2025\\\/04\\\/10\\\/que-hacer-frente-a-la-subida-de-aranceles-en-los-eeuu\\\/#primaryimage\"},\"thumbnailUrl\":\"https:\\\/\\\/www.eldiario.net\\\/portal\\\/wp-content\\\/uploads\\\/2023\\\/06\\\/Gary-Antonio-Rodriguez-Alvarez.jpg\",\"articleSection\":[\"Opini\u00f3n\"],\"inLanguage\":\"es\"},{\"@type\":\"WebPage\",\"@id\":\"https:\\\/\\\/www.eldiario.net\\\/portal\\\/2025\\\/04\\\/10\\\/que-hacer-frente-a-la-subida-de-aranceles-en-los-eeuu\\\/\",\"url\":\"https:\\\/\\\/www.eldiario.net\\\/portal\\\/2025\\\/04\\\/10\\\/que-hacer-frente-a-la-subida-de-aranceles-en-los-eeuu\\\/\",\"name\":\"\u00bfQu\u00e9 hacer frente a la subida de aranceles en los EEUU? - El Diario - Bolivia\",\"isPartOf\":{\"@id\":\"https:\\\/\\\/www.eldiario.net\\\/portal\\\/#website\"},\"primaryImageOfPage\":{\"@id\":\"https:\\\/\\\/www.eldiario.net\\\/portal\\\/2025\\\/04\\\/10\\\/que-hacer-frente-a-la-subida-de-aranceles-en-los-eeuu\\\/#primaryimage\"},\"image\":{\"@id\":\"https:\\\/\\\/www.eldiario.net\\\/portal\\\/2025\\\/04\\\/10\\\/que-hacer-frente-a-la-subida-de-aranceles-en-los-eeuu\\\/#primaryimage\"},\"thumbnailUrl\":\"https:\\\/\\\/www.eldiario.net\\\/portal\\\/wp-content\\\/uploads\\\/2023\\\/06\\\/Gary-Antonio-Rodriguez-Alvarez.jpg\",\"datePublished\":\"2025-04-10T09:12:48+00:00\",\"breadcrumb\":{\"@id\":\"https:\\\/\\\/www.eldiario.net\\\/portal\\\/2025\\\/04\\\/10\\\/que-hacer-frente-a-la-subida-de-aranceles-en-los-eeuu\\\/#breadcrumb\"},\"inLanguage\":\"es\",\"potentialAction\":[{\"@type\":\"ReadAction\",\"target\":[\"https:\\\/\\\/www.eldiario.net\\\/portal\\\/2025\\\/04\\\/10\\\/que-hacer-frente-a-la-subida-de-aranceles-en-los-eeuu\\\/\"]}]},{\"@type\":\"ImageObject\",\"inLanguage\":\"es\",\"@id\":\"https:\\\/\\\/www.eldiario.net\\\/portal\\\/2025\\\/04\\\/10\\\/que-hacer-frente-a-la-subida-de-aranceles-en-los-eeuu\\\/#primaryimage\",\"url\":\"https:\\\/\\\/www.eldiario.net\\\/portal\\\/wp-content\\\/uploads\\\/2023\\\/06\\\/Gary-Antonio-Rodriguez-Alvarez.jpg\",\"contentUrl\":\"https:\\\/\\\/www.eldiario.net\\\/portal\\\/wp-content\\\/uploads\\\/2023\\\/06\\\/Gary-Antonio-Rodriguez-Alvarez.jpg\",\"width\":1200,\"height\":628},{\"@type\":\"BreadcrumbList\",\"@id\":\"https:\\\/\\\/www.eldiario.net\\\/portal\\\/2025\\\/04\\\/10\\\/que-hacer-frente-a-la-subida-de-aranceles-en-los-eeuu\\\/#breadcrumb\",\"itemListElement\":[{\"@type\":\"ListItem\",\"position\":1,\"name\":\"Portada\",\"item\":\"https:\\\/\\\/www.eldiario.net\\\/portal\\\/\"},{\"@type\":\"ListItem\",\"position\":2,\"name\":\"\u00bfQu\u00e9 hacer frente a la subida de aranceles en los EEUU?\"}]},{\"@type\":\"WebSite\",\"@id\":\"https:\\\/\\\/www.eldiario.net\\\/portal\\\/#website\",\"url\":\"https:\\\/\\\/www.eldiario.net\\\/portal\\\/\",\"name\":\"El Diario - Decano de la prensa nacional\",\"description\":\"El Diario - Decano de la prensa nacional\",\"publisher\":{\"@id\":\"https:\\\/\\\/www.eldiario.net\\\/portal\\\/#organization\"},\"potentialAction\":[{\"@type\":\"SearchAction\",\"target\":{\"@type\":\"EntryPoint\",\"urlTemplate\":\"https:\\\/\\\/www.eldiario.net\\\/portal\\\/?s={search_term_string}\"},\"query-input\":{\"@type\":\"PropertyValueSpecification\",\"valueRequired\":true,\"valueName\":\"search_term_string\"}}],\"inLanguage\":\"es\"},{\"@type\":\"Organization\",\"@id\":\"https:\\\/\\\/www.eldiario.net\\\/portal\\\/#organization\",\"name\":\"El Diario - Decano de la prensa nacional\",\"url\":\"https:\\\/\\\/www.eldiario.net\\\/portal\\\/\",\"logo\":{\"@type\":\"ImageObject\",\"inLanguage\":\"es\",\"@id\":\"https:\\\/\\\/www.eldiario.net\\\/portal\\\/#\\\/schema\\\/logo\\\/image\\\/\",\"url\":\"https:\\\/\\\/www.eldiario.net\\\/portal\\\/wp-content\\\/uploads\\\/2023\\\/07\\\/logo_ED.jpg\",\"contentUrl\":\"https:\\\/\\\/www.eldiario.net\\\/portal\\\/wp-content\\\/uploads\\\/2023\\\/07\\\/logo_ED.jpg\",\"width\":272,\"height\":52,\"caption\":\"El Diario - Decano de la prensa nacional\"},\"image\":{\"@id\":\"https:\\\/\\\/www.eldiario.net\\\/portal\\\/#\\\/schema\\\/logo\\\/image\\\/\"},\"sameAs\":[\"https:\\\/\\\/www.facebook.com\\\/eldiario.bolivia\\\/\",\"https:\\\/\\\/x.com\\\/eldiario_net\"]},{\"@type\":\"Person\",\"@id\":\"https:\\\/\\\/www.eldiario.net\\\/portal\\\/#\\\/schema\\\/person\\\/f46445640444750d7d753ccd04ae01b7\",\"name\":\"Jeanette\",\"image\":{\"@type\":\"ImageObject\",\"inLanguage\":\"es\",\"@id\":\"https:\\\/\\\/secure.gravatar.com\\\/avatar\\\/3ea2118a5f7dad2b7138b1187a6b7ee55f160b9968b66013c3a3ef39dd7e5798?s=96&d=mm&r=g\",\"url\":\"https:\\\/\\\/secure.gravatar.com\\\/avatar\\\/3ea2118a5f7dad2b7138b1187a6b7ee55f160b9968b66013c3a3ef39dd7e5798?s=96&d=mm&r=g\",\"contentUrl\":\"https:\\\/\\\/secure.gravatar.com\\\/avatar\\\/3ea2118a5f7dad2b7138b1187a6b7ee55f160b9968b66013c3a3ef39dd7e5798?s=96&d=mm&r=g\",\"caption\":\"Jeanette\"},\"sameAs\":[\"https:\\\/\\\/www.eldiario.net\\\/portal\"],\"url\":\"https:\\\/\\\/www.eldiario.net\\\/portal\\\/author\\\/jeanette\\\/\"}]}<\/script>\n<!-- \/ Yoast SEO plugin. -->","yoast_head_json":{"title":"\u00bfQu\u00e9 hacer frente a la subida de aranceles en los EEUU? - El Diario - Bolivia","robots":{"index":"index","follow":"follow","max-snippet":"max-snippet:-1","max-image-preview":"max-image-preview:large","max-video-preview":"max-video-preview:-1"},"canonical":"https:\/\/www.eldiario.net\/portal\/2025\/04\/10\/que-hacer-frente-a-la-subida-de-aranceles-en-los-eeuu\/","og_locale":"es_ES","og_type":"article","og_title":"\u00bfQu\u00e9 hacer frente a la subida de aranceles en los EEUU? - El Diario - Bolivia","og_description":"El 2 de abril de 2025 no pasar\u00e1 desapercibido para el mundo, en especial para los Estados Unidos de Am\u00e9rica (EEUU), luego que el presidente Donald Trump anunciara la aplicaci\u00f3n de \u201caranceles rec\u00edprocos\u201d a los productos que importa de casi todos los pa\u00edses del orbe, derivando ello en serios desbalances: el d\u00e9ficit comercial en 2024 [&hellip;]","og_url":"https:\/\/www.eldiario.net\/portal\/2025\/04\/10\/que-hacer-frente-a-la-subida-de-aranceles-en-los-eeuu\/","og_site_name":"El Diario - Bolivia","article_publisher":"https:\/\/www.facebook.com\/eldiario.bolivia\/","article_published_time":"2025-04-10T09:12:48+00:00","og_image":[{"width":1200,"height":628,"url":"https:\/\/www.eldiario.net\/portal\/wp-content\/uploads\/2023\/06\/Gary-Antonio-Rodriguez-Alvarez.jpg","type":"image\/jpeg"}],"author":"Jeanette","twitter_card":"summary_large_image","twitter_creator":"@eldiario_net","twitter_site":"@eldiario_net","twitter_misc":{"Escrito por":"Jeanette","Tiempo de lectura":"4 minutos"},"schema":{"@context":"https:\/\/schema.org","@graph":[{"@type":"Article","@id":"https:\/\/www.eldiario.net\/portal\/2025\/04\/10\/que-hacer-frente-a-la-subida-de-aranceles-en-los-eeuu\/#article","isPartOf":{"@id":"https:\/\/www.eldiario.net\/portal\/2025\/04\/10\/que-hacer-frente-a-la-subida-de-aranceles-en-los-eeuu\/"},"author":{"name":"Jeanette","@id":"https:\/\/www.eldiario.net\/portal\/#\/schema\/person\/f46445640444750d7d753ccd04ae01b7"},"headline":"\u00bfQu\u00e9 hacer frente a la subida de aranceles en los EEUU?","datePublished":"2025-04-10T09:12:48+00:00","mainEntityOfPage":{"@id":"https:\/\/www.eldiario.net\/portal\/2025\/04\/10\/que-hacer-frente-a-la-subida-de-aranceles-en-los-eeuu\/"},"wordCount":854,"publisher":{"@id":"https:\/\/www.eldiario.net\/portal\/#organization"},"image":{"@id":"https:\/\/www.eldiario.net\/portal\/2025\/04\/10\/que-hacer-frente-a-la-subida-de-aranceles-en-los-eeuu\/#primaryimage"},"thumbnailUrl":"https:\/\/www.eldiario.net\/portal\/wp-content\/uploads\/2023\/06\/Gary-Antonio-Rodriguez-Alvarez.jpg","articleSection":["Opini\u00f3n"],"inLanguage":"es"},{"@type":"WebPage","@id":"https:\/\/www.eldiario.net\/portal\/2025\/04\/10\/que-hacer-frente-a-la-subida-de-aranceles-en-los-eeuu\/","url":"https:\/\/www.eldiario.net\/portal\/2025\/04\/10\/que-hacer-frente-a-la-subida-de-aranceles-en-los-eeuu\/","name":"\u00bfQu\u00e9 hacer frente a la subida de aranceles en los EEUU? - El Diario - Bolivia","isPartOf":{"@id":"https:\/\/www.eldiario.net\/portal\/#website"},"primaryImageOfPage":{"@id":"https:\/\/www.eldiario.net\/portal\/2025\/04\/10\/que-hacer-frente-a-la-subida-de-aranceles-en-los-eeuu\/#primaryimage"},"image":{"@id":"https:\/\/www.eldiario.net\/portal\/2025\/04\/10\/que-hacer-frente-a-la-subida-de-aranceles-en-los-eeuu\/#primaryimage"},"thumbnailUrl":"https:\/\/www.eldiario.net\/portal\/wp-content\/uploads\/2023\/06\/Gary-Antonio-Rodriguez-Alvarez.jpg","datePublished":"2025-04-10T09:12:48+00:00","breadcrumb":{"@id":"https:\/\/www.eldiario.net\/portal\/2025\/04\/10\/que-hacer-frente-a-la-subida-de-aranceles-en-los-eeuu\/#breadcrumb"},"inLanguage":"es","potentialAction":[{"@type":"ReadAction","target":["https:\/\/www.eldiario.net\/portal\/2025\/04\/10\/que-hacer-frente-a-la-subida-de-aranceles-en-los-eeuu\/"]}]},{"@type":"ImageObject","inLanguage":"es","@id":"https:\/\/www.eldiario.net\/portal\/2025\/04\/10\/que-hacer-frente-a-la-subida-de-aranceles-en-los-eeuu\/#primaryimage","url":"https:\/\/www.eldiario.net\/portal\/wp-content\/uploads\/2023\/06\/Gary-Antonio-Rodriguez-Alvarez.jpg","contentUrl":"https:\/\/www.eldiario.net\/portal\/wp-content\/uploads\/2023\/06\/Gary-Antonio-Rodriguez-Alvarez.jpg","width":1200,"height":628},{"@type":"BreadcrumbList","@id":"https:\/\/www.eldiario.net\/portal\/2025\/04\/10\/que-hacer-frente-a-la-subida-de-aranceles-en-los-eeuu\/#breadcrumb","itemListElement":[{"@type":"ListItem","position":1,"name":"Portada","item":"https:\/\/www.eldiario.net\/portal\/"},{"@type":"ListItem","position":2,"name":"\u00bfQu\u00e9 hacer frente a la subida de aranceles en los EEUU?"}]},{"@type":"WebSite","@id":"https:\/\/www.eldiario.net\/portal\/#website","url":"https:\/\/www.eldiario.net\/portal\/","name":"El Diario - Decano de la prensa nacional","description":"El Diario - Decano de la prensa nacional","publisher":{"@id":"https:\/\/www.eldiario.net\/portal\/#organization"},"potentialAction":[{"@type":"SearchAction","target":{"@type":"EntryPoint","urlTemplate":"https:\/\/www.eldiario.net\/portal\/?s={search_term_string}"},"query-input":{"@type":"PropertyValueSpecification","valueRequired":true,"valueName":"search_term_string"}}],"inLanguage":"es"},{"@type":"Organization","@id":"https:\/\/www.eldiario.net\/portal\/#organization","name":"El Diario - Decano de la prensa nacional","url":"https:\/\/www.eldiario.net\/portal\/","logo":{"@type":"ImageObject","inLanguage":"es","@id":"https:\/\/www.eldiario.net\/portal\/#\/schema\/logo\/image\/","url":"https:\/\/www.eldiario.net\/portal\/wp-content\/uploads\/2023\/07\/logo_ED.jpg","contentUrl":"https:\/\/www.eldiario.net\/portal\/wp-content\/uploads\/2023\/07\/logo_ED.jpg","width":272,"height":52,"caption":"El Diario - Decano de la prensa nacional"},"image":{"@id":"https:\/\/www.eldiario.net\/portal\/#\/schema\/logo\/image\/"},"sameAs":["https:\/\/www.facebook.com\/eldiario.bolivia\/","https:\/\/x.com\/eldiario_net"]},{"@type":"Person","@id":"https:\/\/www.eldiario.net\/portal\/#\/schema\/person\/f46445640444750d7d753ccd04ae01b7","name":"Jeanette","image":{"@type":"ImageObject","inLanguage":"es","@id":"https:\/\/secure.gravatar.com\/avatar\/3ea2118a5f7dad2b7138b1187a6b7ee55f160b9968b66013c3a3ef39dd7e5798?s=96&d=mm&r=g","url":"https:\/\/secure.gravatar.com\/avatar\/3ea2118a5f7dad2b7138b1187a6b7ee55f160b9968b66013c3a3ef39dd7e5798?s=96&d=mm&r=g","contentUrl":"https:\/\/secure.gravatar.com\/avatar\/3ea2118a5f7dad2b7138b1187a6b7ee55f160b9968b66013c3a3ef39dd7e5798?s=96&d=mm&r=g","caption":"Jeanette"},"sameAs":["https:\/\/www.eldiario.net\/portal"],"url":"https:\/\/www.eldiario.net\/portal\/author\/jeanette\/"}]}},"_links":{"self":[{"href":"https:\/\/www.eldiario.net\/portal\/wp-json\/wp\/v2\/posts\/294281","targetHints":{"allow":["GET"]}}],"collection":[{"href":"https:\/\/www.eldiario.net\/portal\/wp-json\/wp\/v2\/posts"}],"about":[{"href":"https:\/\/www.eldiario.net\/portal\/wp-json\/wp\/v2\/types\/post"}],"author":[{"embeddable":true,"href":"https:\/\/www.eldiario.net\/portal\/wp-json\/wp\/v2\/users\/1"}],"replies":[{"embeddable":true,"href":"https:\/\/www.eldiario.net\/portal\/wp-json\/wp\/v2\/comments?post=294281"}],"version-history":[{"count":1,"href":"https:\/\/www.eldiario.net\/portal\/wp-json\/wp\/v2\/posts\/294281\/revisions"}],"predecessor-version":[{"id":294282,"href":"https:\/\/www.eldiario.net\/portal\/wp-json\/wp\/v2\/posts\/294281\/revisions\/294282"}],"wp:featuredmedia":[{"embeddable":true,"href":"https:\/\/www.eldiario.net\/portal\/wp-json\/wp\/v2\/media\/157466"}],"wp:attachment":[{"href":"https:\/\/www.eldiario.net\/portal\/wp-json\/wp\/v2\/media?parent=294281"}],"wp:term":[{"taxonomy":"category","embeddable":true,"href":"https:\/\/www.eldiario.net\/portal\/wp-json\/wp\/v2\/categories?post=294281"},{"taxonomy":"post_tag","embeddable":true,"href":"https:\/\/www.eldiario.net\/portal\/wp-json\/wp\/v2\/tags?post=294281"}],"curies":[{"name":"wp","href":"https:\/\/api.w.org\/{rel}","templated":true}]}}