{"id":294276,"date":"2025-04-10T05:11:25","date_gmt":"2025-04-10T09:11:25","guid":{"rendered":"https:\/\/www.eldiario.net\/portal\/?p=294276"},"modified":"2025-04-10T05:11:25","modified_gmt":"2025-04-10T09:11:25","slug":"del-proceso-de-cambio-a-la-industrializacion-y-ahora-que-viene","status":"publish","type":"post","link":"https:\/\/www.eldiario.net\/portal\/2025\/04\/10\/del-proceso-de-cambio-a-la-industrializacion-y-ahora-que-viene\/","title":{"rendered":"Del \u00abproceso de cambio\u00bb a la \u201cindustrializaci\u00f3n\u201d: \u00bfY ahora qu\u00e9 viene?"},"content":{"rendered":"<p>A pocos meses de las elecciones generales de 2025, Bolivia est\u00e1 ingresado de lleno en un ambiente electoral caracterizado por una creciente incertidumbre sobre el rumbo del pa\u00eds. Los precandidatos, tanto del oficialismo como de la oposici\u00f3n, ya est\u00e1n presentes en medios de comunicaci\u00f3n, redes sociales como TikTok, y han comenzado actividades de campa\u00f1a como marchas y m\u00edtines con el objetivo de construir imagen p\u00fablica, ganar apoyo y captar simpat\u00eda y adhesi\u00f3n de la ciudadan\u00eda, de profesionales y hasta de antiguos actores pol\u00edticos.<\/p>\n<p>Sin embargo, el contexto de estas elecciones difiere sustancialmente de procesos anteriores. El pa\u00eds enfrenta una situaci\u00f3n econ\u00f3mica cr\u00edtica: una inflaci\u00f3n alimentaria del 15,4%, una devaluaci\u00f3n del boliviano de aproximadamente el 83,64%, y escasez de combustibles derivada de una pol\u00edtica de hidrocarburos deficiente. En este escenario, el Movimiento Al Socialismo (MAS) muestra signos de fragmentaci\u00f3n interna. Mientras que la oposici\u00f3n, como en anteriores comicios, parece encaminada a concurrir dividida a las elecciones generales 2025.<\/p>\n<p>Las encuestas recientes evidencian un creciente descontento ciudadano con la gesti\u00f3n econ\u00f3mica del presidente Luis Arce. La percepci\u00f3n predominante apunta a un panorama desfavorable para la econom\u00eda familiar, mientras que su intenci\u00f3n de voto se mantiene por debajo del 2%, lo que pr\u00e1cticamente lo deja fuera de una candidatura viable. Su discurso sobre la \u00abindustrializaci\u00f3n del pa\u00eds\u00bb no ha logrado calar en la ciudadan\u00eda, ya que la mayor\u00eda de los proyectos productivos financiados han resultado ser \u00abelefantes blancos\u00bb, sin un impacto real en la econom\u00eda nacional, pese a los millonarios gastos en publicidad.<\/p>\n<p>En paralelo, el liderazgo hist\u00f3rico de Evo Morales tambi\u00e9n enfrenta cuestionamientos y denuncias. Aunque su \u00abproceso de cambio\u00bb enarbolado desde 2002 sigue teniendo respaldo en ciertos estratos de la poblaci\u00f3n, hay quienes consideran que su ciclo ha concluido. No obstante, esta lectura podr\u00eda ser precipitada. La fuerza simb\u00f3lica del discurso de Morales sigue vigente, especialmente en sectores rurales y periurbanos, donde su narrativa ha calado profundamente por d\u00e9cadas de adoctrinamiento.<\/p>\n<p>La historia reciente ha demostrado que el MAS posee una notable capacidad de recuperaci\u00f3n pol\u00edtica. A pesar del \u00abdieselazo\u00bb de 2010, que casi provoca su ca\u00edda debido a las fuertes movilizaciones sociales, el partido logr\u00f3 imponerse en las elecciones de 2014. M\u00e1s adelante, tras la crisis del fraude electoral de 2019, que deriv\u00f3 en la renuncia de Evo Morales y el desbande de masistas cobardes que renunciaron ante el Tribunal Electoral, el MAS logr\u00f3 retornar al poder en 2020 con un contundente 55 % de los votos, esta vez con Luis Arce como candidato. Este resultado no puede explicarse \u00fanicamente por una posible manipulaci\u00f3n electoral, sino tambi\u00e9n por la capacidad del partido para adaptarse a escenarios adversos, reconfigurar su narrativa y capitalizar el descontento generado por la gesti\u00f3n transitoria de Jeanine A\u00f1ez, ampliamente cuestionada por su ineficiencia y m\u00faltiples denuncias de corrupci\u00f3n.<\/p>\n<p>Por su parte, en 2025 la oposici\u00f3n boliviana podr\u00eda enfrentar su sexta derrota consecutiva en elecciones presidenciales, lo que evidenciar\u00eda no solo la persistencia de errores estrat\u00e9gicos, sino tambi\u00e9n su incapacidad de organizarse y renovarse. Gran parte de sus l\u00edderes son figuras repetidas en el escenario pol\u00edtico desde 2002, con una escasa renovaci\u00f3n de cuadros y sin una base social s\u00f3lida importante que los respalde. Muchos pol\u00edticos departamentales migran de un partido a otro en cada elecci\u00f3n, lo que refuerza la percepci\u00f3n de oportunismo y falta de coherencia ideol\u00f3gica. Adem\u00e1s, sus propuestas suelen carecer de innovaci\u00f3n y no logran conectar con las verdaderas preocupaciones de la ciudadan\u00eda. Esta combinaci\u00f3n de debilidades estructurales y ausencia de apertura a nuevos liderazgos ha impedido que la oposici\u00f3n se consolide como una alternativa viable de poder.<\/p>\n<p>Desde el enfoque te\u00f3rico de Daron Acemoglu y James Robinson, premios Nobel de Econom\u00eda 2024, el caso boliviano puede analizarse a trav\u00e9s del prisma de las instituciones inclusivas y extractivas. Las primeras fomentan el desarrollo econ\u00f3mico y la estabilidad pol\u00edtica mediante la participaci\u00f3n amplia y la competencia. Las segundas, en cambio, concentran el poder en \u00e9lites cerradas, bloqueando la renovaci\u00f3n y generando estancamiento. La oposici\u00f3n en los partidos pol\u00edticos ha reproducido l\u00f3gicas extractivas: estructuras partidarias cerradas, verticalismo, y resistencia a la apertura y modernizaci\u00f3n.<\/p>\n<p>Hasta hace unas semanas, el panorama parec\u00eda favorable para la oposici\u00f3n, ya que algunas encuestas suger\u00edan que ten\u00eda posibilidades reales de vencer en las pr\u00f3ximas elecciones si lograba unificarse en torno a una sola candidatura. Sin embargo, esa opci\u00f3n comienza a desdibujarse. Mientras tanto, dentro del MAS ha comenzado a tomar fuerza la figura del presidente del Senado, Andr\u00f3nico Rodr\u00edguez, quien se perfila como una posible carta de unificaci\u00f3n del oficialismo. Su estrategia busca marcar distancia tanto del desgaste que arrastra Luis Arce como del rechazo que Evo Morales genera en las principales ciudades. Si Rodr\u00edguez logra articular el apoyo actualmente disperso de los movimientos sociales, el MAS podr\u00eda volver a posicionarse como la fuerza dominante en el escenario electoral.<\/p>\n<p>La gran pregunta, m\u00e1s all\u00e1 del resultado electoral, es qu\u00e9 viene despu\u00e9s. \u00bfQu\u00e9 proyecto nacional nuevo se ofrecer\u00e1 a un pa\u00eds sumido en crisis econ\u00f3mica, energ\u00e9tica y educativa? \u00bfEstamos ante el fin del \u00abproceso de cambio\u00bb o simplemente frente a su reconfiguraci\u00f3n? \u00bfSurge un nuevo paradigma o seguiremos atrapados entre discursos agotados y estructuras pol\u00edticas ineficaces?<\/p>\n<p>M\u00e1s all\u00e1 del resultado electoral, el panorama para Bolivia no es alentador. Las viejas estructuras se resisten a morir, y las nuevas a\u00fan no nacen. Ni el oficialismo ni la oposici\u00f3n han mostrado capacidad para ofrecer una visi\u00f3n renovada de pa\u00eds. La econom\u00eda se debilita, las instituciones se erosionan, y la pol\u00edtica sigue capturada por l\u00f3gicas personalistas y excluyentes. Si nada cambia, el 2025 no marcar\u00e1 un nuevo comienzo, sino la continuidad de una decadencia que amenaza con profundizar la crisis estructural del Estado boliviano.<\/p>\n<p>&nbsp;<\/p>\n<p><em>El autor es investigador y analista socioecon\u00f3mico.<\/em><\/p>\n","protected":false},"excerpt":{"rendered":"<p>A pocos meses de las elecciones generales de 2025, Bolivia est\u00e1 ingresado de lleno en un ambiente electoral caracterizado por una creciente incertidumbre sobre el rumbo del pa\u00eds. Los precandidatos, tanto del oficialismo como de la oposici\u00f3n, ya est\u00e1n presentes en medios de comunicaci\u00f3n, redes sociales como TikTok, y han comenzado actividades de campa\u00f1a como [&hellip;]<\/p>\n","protected":false},"author":1,"featured_media":213112,"comment_status":"closed","ping_status":"open","sticky":false,"template":"","format":"standard","meta":{"_acf_changed":false,"footnotes":""},"categories":[9],"tags":[],"class_list":["post-294276","post","type-post","status-publish","format-standard","has-post-thumbnail","category-opinion"],"acf":{"antetitulo":""},"yoast_head":"<!-- This site is optimized with the Yoast SEO plugin v28.4 - https:\/\/yoast.com\/product\/yoast-seo-wordpress\/ -->\n<title>Del &quot;proceso de cambio&quot; a la \u201cindustrializaci\u00f3n\u201d: \u00bfY ahora qu\u00e9 viene? - El Diario - Bolivia<\/title>\n<meta name=\"robots\" content=\"index, follow, max-snippet:-1, max-image-preview:large, max-video-preview:-1\" \/>\n<link rel=\"canonical\" href=\"https:\/\/www.eldiario.net\/portal\/2025\/04\/10\/del-proceso-de-cambio-a-la-industrializacion-y-ahora-que-viene\/\" \/>\n<meta property=\"og:locale\" content=\"es_ES\" \/>\n<meta property=\"og:type\" content=\"article\" \/>\n<meta property=\"og:title\" content=\"Del &quot;proceso de cambio&quot; a la \u201cindustrializaci\u00f3n\u201d: \u00bfY ahora qu\u00e9 viene? - El Diario - Bolivia\" \/>\n<meta property=\"og:description\" content=\"A pocos meses de las elecciones generales de 2025, Bolivia est\u00e1 ingresado de lleno en un ambiente electoral caracterizado por una creciente incertidumbre sobre el rumbo del pa\u00eds. Los precandidatos, tanto del oficialismo como de la oposici\u00f3n, ya est\u00e1n presentes en medios de comunicaci\u00f3n, redes sociales como TikTok, y han comenzado actividades de campa\u00f1a como [&hellip;]\" \/>\n<meta property=\"og:url\" content=\"https:\/\/www.eldiario.net\/portal\/2025\/04\/10\/del-proceso-de-cambio-a-la-industrializacion-y-ahora-que-viene\/\" \/>\n<meta property=\"og:site_name\" content=\"El Diario - Bolivia\" \/>\n<meta property=\"article:publisher\" content=\"https:\/\/www.facebook.com\/eldiario.bolivia\/\" \/>\n<meta property=\"article:published_time\" content=\"2025-04-10T09:11:25+00:00\" \/>\n<meta property=\"og:image\" content=\"https:\/\/www.eldiario.net\/portal\/wp-content\/uploads\/2024\/04\/Miguel-Angel-Amonzabel-Gonzales.jpg\" \/>\n\t<meta property=\"og:image:width\" content=\"1200\" \/>\n\t<meta property=\"og:image:height\" content=\"628\" \/>\n\t<meta property=\"og:image:type\" content=\"image\/jpeg\" \/>\n<meta name=\"author\" content=\"Jeanette\" \/>\n<meta name=\"twitter:card\" content=\"summary_large_image\" \/>\n<meta name=\"twitter:creator\" content=\"@eldiario_net\" \/>\n<meta name=\"twitter:site\" content=\"@eldiario_net\" \/>\n<meta name=\"twitter:label1\" content=\"Escrito por\" \/>\n\t<meta name=\"twitter:data1\" content=\"Jeanette\" \/>\n\t<meta name=\"twitter:label2\" content=\"Tiempo de lectura\" \/>\n\t<meta name=\"twitter:data2\" content=\"5 minutos\" \/>\n<script type=\"application\/ld+json\" class=\"yoast-schema-graph\">{\"@context\":\"https:\\\/\\\/schema.org\",\"@graph\":[{\"@type\":\"Article\",\"@id\":\"https:\\\/\\\/www.eldiario.net\\\/portal\\\/2025\\\/04\\\/10\\\/del-proceso-de-cambio-a-la-industrializacion-y-ahora-que-viene\\\/#article\",\"isPartOf\":{\"@id\":\"https:\\\/\\\/www.eldiario.net\\\/portal\\\/2025\\\/04\\\/10\\\/del-proceso-de-cambio-a-la-industrializacion-y-ahora-que-viene\\\/\"},\"author\":{\"name\":\"Jeanette\",\"@id\":\"https:\\\/\\\/www.eldiario.net\\\/portal\\\/#\\\/schema\\\/person\\\/f46445640444750d7d753ccd04ae01b7\"},\"headline\":\"Del \u00abproceso de cambio\u00bb a la \u201cindustrializaci\u00f3n\u201d: \u00bfY ahora qu\u00e9 viene?\",\"datePublished\":\"2025-04-10T09:11:25+00:00\",\"mainEntityOfPage\":{\"@id\":\"https:\\\/\\\/www.eldiario.net\\\/portal\\\/2025\\\/04\\\/10\\\/del-proceso-de-cambio-a-la-industrializacion-y-ahora-que-viene\\\/\"},\"wordCount\":1046,\"publisher\":{\"@id\":\"https:\\\/\\\/www.eldiario.net\\\/portal\\\/#organization\"},\"image\":{\"@id\":\"https:\\\/\\\/www.eldiario.net\\\/portal\\\/2025\\\/04\\\/10\\\/del-proceso-de-cambio-a-la-industrializacion-y-ahora-que-viene\\\/#primaryimage\"},\"thumbnailUrl\":\"https:\\\/\\\/www.eldiario.net\\\/portal\\\/wp-content\\\/uploads\\\/2024\\\/04\\\/Miguel-Angel-Amonzabel-Gonzales.jpg\",\"articleSection\":[\"Opini\u00f3n\"],\"inLanguage\":\"es\"},{\"@type\":\"WebPage\",\"@id\":\"https:\\\/\\\/www.eldiario.net\\\/portal\\\/2025\\\/04\\\/10\\\/del-proceso-de-cambio-a-la-industrializacion-y-ahora-que-viene\\\/\",\"url\":\"https:\\\/\\\/www.eldiario.net\\\/portal\\\/2025\\\/04\\\/10\\\/del-proceso-de-cambio-a-la-industrializacion-y-ahora-que-viene\\\/\",\"name\":\"Del \\\"proceso de cambio\\\" a la \u201cindustrializaci\u00f3n\u201d: \u00bfY ahora qu\u00e9 viene? - El Diario - Bolivia\",\"isPartOf\":{\"@id\":\"https:\\\/\\\/www.eldiario.net\\\/portal\\\/#website\"},\"primaryImageOfPage\":{\"@id\":\"https:\\\/\\\/www.eldiario.net\\\/portal\\\/2025\\\/04\\\/10\\\/del-proceso-de-cambio-a-la-industrializacion-y-ahora-que-viene\\\/#primaryimage\"},\"image\":{\"@id\":\"https:\\\/\\\/www.eldiario.net\\\/portal\\\/2025\\\/04\\\/10\\\/del-proceso-de-cambio-a-la-industrializacion-y-ahora-que-viene\\\/#primaryimage\"},\"thumbnailUrl\":\"https:\\\/\\\/www.eldiario.net\\\/portal\\\/wp-content\\\/uploads\\\/2024\\\/04\\\/Miguel-Angel-Amonzabel-Gonzales.jpg\",\"datePublished\":\"2025-04-10T09:11:25+00:00\",\"breadcrumb\":{\"@id\":\"https:\\\/\\\/www.eldiario.net\\\/portal\\\/2025\\\/04\\\/10\\\/del-proceso-de-cambio-a-la-industrializacion-y-ahora-que-viene\\\/#breadcrumb\"},\"inLanguage\":\"es\",\"potentialAction\":[{\"@type\":\"ReadAction\",\"target\":[\"https:\\\/\\\/www.eldiario.net\\\/portal\\\/2025\\\/04\\\/10\\\/del-proceso-de-cambio-a-la-industrializacion-y-ahora-que-viene\\\/\"]}]},{\"@type\":\"ImageObject\",\"inLanguage\":\"es\",\"@id\":\"https:\\\/\\\/www.eldiario.net\\\/portal\\\/2025\\\/04\\\/10\\\/del-proceso-de-cambio-a-la-industrializacion-y-ahora-que-viene\\\/#primaryimage\",\"url\":\"https:\\\/\\\/www.eldiario.net\\\/portal\\\/wp-content\\\/uploads\\\/2024\\\/04\\\/Miguel-Angel-Amonzabel-Gonzales.jpg\",\"contentUrl\":\"https:\\\/\\\/www.eldiario.net\\\/portal\\\/wp-content\\\/uploads\\\/2024\\\/04\\\/Miguel-Angel-Amonzabel-Gonzales.jpg\",\"width\":1200,\"height\":628,\"caption\":\"Miguel \u00c1ngel Amonzabel Gonzales\"},{\"@type\":\"BreadcrumbList\",\"@id\":\"https:\\\/\\\/www.eldiario.net\\\/portal\\\/2025\\\/04\\\/10\\\/del-proceso-de-cambio-a-la-industrializacion-y-ahora-que-viene\\\/#breadcrumb\",\"itemListElement\":[{\"@type\":\"ListItem\",\"position\":1,\"name\":\"Portada\",\"item\":\"https:\\\/\\\/www.eldiario.net\\\/portal\\\/\"},{\"@type\":\"ListItem\",\"position\":2,\"name\":\"Del \u00abproceso de cambio\u00bb a la \u201cindustrializaci\u00f3n\u201d: \u00bfY ahora qu\u00e9 viene?\"}]},{\"@type\":\"WebSite\",\"@id\":\"https:\\\/\\\/www.eldiario.net\\\/portal\\\/#website\",\"url\":\"https:\\\/\\\/www.eldiario.net\\\/portal\\\/\",\"name\":\"El Diario - Decano de la prensa nacional\",\"description\":\"El Diario - Decano de la prensa nacional\",\"publisher\":{\"@id\":\"https:\\\/\\\/www.eldiario.net\\\/portal\\\/#organization\"},\"potentialAction\":[{\"@type\":\"SearchAction\",\"target\":{\"@type\":\"EntryPoint\",\"urlTemplate\":\"https:\\\/\\\/www.eldiario.net\\\/portal\\\/?s={search_term_string}\"},\"query-input\":{\"@type\":\"PropertyValueSpecification\",\"valueRequired\":true,\"valueName\":\"search_term_string\"}}],\"inLanguage\":\"es\"},{\"@type\":\"Organization\",\"@id\":\"https:\\\/\\\/www.eldiario.net\\\/portal\\\/#organization\",\"name\":\"El Diario - Decano de la prensa nacional\",\"url\":\"https:\\\/\\\/www.eldiario.net\\\/portal\\\/\",\"logo\":{\"@type\":\"ImageObject\",\"inLanguage\":\"es\",\"@id\":\"https:\\\/\\\/www.eldiario.net\\\/portal\\\/#\\\/schema\\\/logo\\\/image\\\/\",\"url\":\"https:\\\/\\\/www.eldiario.net\\\/portal\\\/wp-content\\\/uploads\\\/2023\\\/07\\\/logo_ED.jpg\",\"contentUrl\":\"https:\\\/\\\/www.eldiario.net\\\/portal\\\/wp-content\\\/uploads\\\/2023\\\/07\\\/logo_ED.jpg\",\"width\":272,\"height\":52,\"caption\":\"El Diario - Decano de la prensa nacional\"},\"image\":{\"@id\":\"https:\\\/\\\/www.eldiario.net\\\/portal\\\/#\\\/schema\\\/logo\\\/image\\\/\"},\"sameAs\":[\"https:\\\/\\\/www.facebook.com\\\/eldiario.bolivia\\\/\",\"https:\\\/\\\/x.com\\\/eldiario_net\"]},{\"@type\":\"Person\",\"@id\":\"https:\\\/\\\/www.eldiario.net\\\/portal\\\/#\\\/schema\\\/person\\\/f46445640444750d7d753ccd04ae01b7\",\"name\":\"Jeanette\",\"image\":{\"@type\":\"ImageObject\",\"inLanguage\":\"es\",\"@id\":\"https:\\\/\\\/secure.gravatar.com\\\/avatar\\\/3ea2118a5f7dad2b7138b1187a6b7ee55f160b9968b66013c3a3ef39dd7e5798?s=96&d=mm&r=g\",\"url\":\"https:\\\/\\\/secure.gravatar.com\\\/avatar\\\/3ea2118a5f7dad2b7138b1187a6b7ee55f160b9968b66013c3a3ef39dd7e5798?s=96&d=mm&r=g\",\"contentUrl\":\"https:\\\/\\\/secure.gravatar.com\\\/avatar\\\/3ea2118a5f7dad2b7138b1187a6b7ee55f160b9968b66013c3a3ef39dd7e5798?s=96&d=mm&r=g\",\"caption\":\"Jeanette\"},\"sameAs\":[\"https:\\\/\\\/www.eldiario.net\\\/portal\"],\"url\":\"https:\\\/\\\/www.eldiario.net\\\/portal\\\/author\\\/jeanette\\\/\"}]}<\/script>\n<!-- \/ Yoast SEO plugin. -->","yoast_head_json":{"title":"Del \"proceso de cambio\" a la \u201cindustrializaci\u00f3n\u201d: \u00bfY ahora qu\u00e9 viene? - El Diario - Bolivia","robots":{"index":"index","follow":"follow","max-snippet":"max-snippet:-1","max-image-preview":"max-image-preview:large","max-video-preview":"max-video-preview:-1"},"canonical":"https:\/\/www.eldiario.net\/portal\/2025\/04\/10\/del-proceso-de-cambio-a-la-industrializacion-y-ahora-que-viene\/","og_locale":"es_ES","og_type":"article","og_title":"Del \"proceso de cambio\" a la \u201cindustrializaci\u00f3n\u201d: \u00bfY ahora qu\u00e9 viene? - El Diario - Bolivia","og_description":"A pocos meses de las elecciones generales de 2025, Bolivia est\u00e1 ingresado de lleno en un ambiente electoral caracterizado por una creciente incertidumbre sobre el rumbo del pa\u00eds. Los precandidatos, tanto del oficialismo como de la oposici\u00f3n, ya est\u00e1n presentes en medios de comunicaci\u00f3n, redes sociales como TikTok, y han comenzado actividades de campa\u00f1a como [&hellip;]","og_url":"https:\/\/www.eldiario.net\/portal\/2025\/04\/10\/del-proceso-de-cambio-a-la-industrializacion-y-ahora-que-viene\/","og_site_name":"El Diario - Bolivia","article_publisher":"https:\/\/www.facebook.com\/eldiario.bolivia\/","article_published_time":"2025-04-10T09:11:25+00:00","og_image":[{"width":1200,"height":628,"url":"https:\/\/www.eldiario.net\/portal\/wp-content\/uploads\/2024\/04\/Miguel-Angel-Amonzabel-Gonzales.jpg","type":"image\/jpeg"}],"author":"Jeanette","twitter_card":"summary_large_image","twitter_creator":"@eldiario_net","twitter_site":"@eldiario_net","twitter_misc":{"Escrito por":"Jeanette","Tiempo de lectura":"5 minutos"},"schema":{"@context":"https:\/\/schema.org","@graph":[{"@type":"Article","@id":"https:\/\/www.eldiario.net\/portal\/2025\/04\/10\/del-proceso-de-cambio-a-la-industrializacion-y-ahora-que-viene\/#article","isPartOf":{"@id":"https:\/\/www.eldiario.net\/portal\/2025\/04\/10\/del-proceso-de-cambio-a-la-industrializacion-y-ahora-que-viene\/"},"author":{"name":"Jeanette","@id":"https:\/\/www.eldiario.net\/portal\/#\/schema\/person\/f46445640444750d7d753ccd04ae01b7"},"headline":"Del \u00abproceso de cambio\u00bb a la \u201cindustrializaci\u00f3n\u201d: \u00bfY ahora qu\u00e9 viene?","datePublished":"2025-04-10T09:11:25+00:00","mainEntityOfPage":{"@id":"https:\/\/www.eldiario.net\/portal\/2025\/04\/10\/del-proceso-de-cambio-a-la-industrializacion-y-ahora-que-viene\/"},"wordCount":1046,"publisher":{"@id":"https:\/\/www.eldiario.net\/portal\/#organization"},"image":{"@id":"https:\/\/www.eldiario.net\/portal\/2025\/04\/10\/del-proceso-de-cambio-a-la-industrializacion-y-ahora-que-viene\/#primaryimage"},"thumbnailUrl":"https:\/\/www.eldiario.net\/portal\/wp-content\/uploads\/2024\/04\/Miguel-Angel-Amonzabel-Gonzales.jpg","articleSection":["Opini\u00f3n"],"inLanguage":"es"},{"@type":"WebPage","@id":"https:\/\/www.eldiario.net\/portal\/2025\/04\/10\/del-proceso-de-cambio-a-la-industrializacion-y-ahora-que-viene\/","url":"https:\/\/www.eldiario.net\/portal\/2025\/04\/10\/del-proceso-de-cambio-a-la-industrializacion-y-ahora-que-viene\/","name":"Del \"proceso de cambio\" a la \u201cindustrializaci\u00f3n\u201d: \u00bfY ahora qu\u00e9 viene? - El Diario - Bolivia","isPartOf":{"@id":"https:\/\/www.eldiario.net\/portal\/#website"},"primaryImageOfPage":{"@id":"https:\/\/www.eldiario.net\/portal\/2025\/04\/10\/del-proceso-de-cambio-a-la-industrializacion-y-ahora-que-viene\/#primaryimage"},"image":{"@id":"https:\/\/www.eldiario.net\/portal\/2025\/04\/10\/del-proceso-de-cambio-a-la-industrializacion-y-ahora-que-viene\/#primaryimage"},"thumbnailUrl":"https:\/\/www.eldiario.net\/portal\/wp-content\/uploads\/2024\/04\/Miguel-Angel-Amonzabel-Gonzales.jpg","datePublished":"2025-04-10T09:11:25+00:00","breadcrumb":{"@id":"https:\/\/www.eldiario.net\/portal\/2025\/04\/10\/del-proceso-de-cambio-a-la-industrializacion-y-ahora-que-viene\/#breadcrumb"},"inLanguage":"es","potentialAction":[{"@type":"ReadAction","target":["https:\/\/www.eldiario.net\/portal\/2025\/04\/10\/del-proceso-de-cambio-a-la-industrializacion-y-ahora-que-viene\/"]}]},{"@type":"ImageObject","inLanguage":"es","@id":"https:\/\/www.eldiario.net\/portal\/2025\/04\/10\/del-proceso-de-cambio-a-la-industrializacion-y-ahora-que-viene\/#primaryimage","url":"https:\/\/www.eldiario.net\/portal\/wp-content\/uploads\/2024\/04\/Miguel-Angel-Amonzabel-Gonzales.jpg","contentUrl":"https:\/\/www.eldiario.net\/portal\/wp-content\/uploads\/2024\/04\/Miguel-Angel-Amonzabel-Gonzales.jpg","width":1200,"height":628,"caption":"Miguel \u00c1ngel Amonzabel Gonzales"},{"@type":"BreadcrumbList","@id":"https:\/\/www.eldiario.net\/portal\/2025\/04\/10\/del-proceso-de-cambio-a-la-industrializacion-y-ahora-que-viene\/#breadcrumb","itemListElement":[{"@type":"ListItem","position":1,"name":"Portada","item":"https:\/\/www.eldiario.net\/portal\/"},{"@type":"ListItem","position":2,"name":"Del \u00abproceso de cambio\u00bb a la \u201cindustrializaci\u00f3n\u201d: \u00bfY ahora qu\u00e9 viene?"}]},{"@type":"WebSite","@id":"https:\/\/www.eldiario.net\/portal\/#website","url":"https:\/\/www.eldiario.net\/portal\/","name":"El Diario - Decano de la prensa nacional","description":"El Diario - Decano de la prensa nacional","publisher":{"@id":"https:\/\/www.eldiario.net\/portal\/#organization"},"potentialAction":[{"@type":"SearchAction","target":{"@type":"EntryPoint","urlTemplate":"https:\/\/www.eldiario.net\/portal\/?s={search_term_string}"},"query-input":{"@type":"PropertyValueSpecification","valueRequired":true,"valueName":"search_term_string"}}],"inLanguage":"es"},{"@type":"Organization","@id":"https:\/\/www.eldiario.net\/portal\/#organization","name":"El Diario - Decano de la prensa nacional","url":"https:\/\/www.eldiario.net\/portal\/","logo":{"@type":"ImageObject","inLanguage":"es","@id":"https:\/\/www.eldiario.net\/portal\/#\/schema\/logo\/image\/","url":"https:\/\/www.eldiario.net\/portal\/wp-content\/uploads\/2023\/07\/logo_ED.jpg","contentUrl":"https:\/\/www.eldiario.net\/portal\/wp-content\/uploads\/2023\/07\/logo_ED.jpg","width":272,"height":52,"caption":"El Diario - Decano de la prensa nacional"},"image":{"@id":"https:\/\/www.eldiario.net\/portal\/#\/schema\/logo\/image\/"},"sameAs":["https:\/\/www.facebook.com\/eldiario.bolivia\/","https:\/\/x.com\/eldiario_net"]},{"@type":"Person","@id":"https:\/\/www.eldiario.net\/portal\/#\/schema\/person\/f46445640444750d7d753ccd04ae01b7","name":"Jeanette","image":{"@type":"ImageObject","inLanguage":"es","@id":"https:\/\/secure.gravatar.com\/avatar\/3ea2118a5f7dad2b7138b1187a6b7ee55f160b9968b66013c3a3ef39dd7e5798?s=96&d=mm&r=g","url":"https:\/\/secure.gravatar.com\/avatar\/3ea2118a5f7dad2b7138b1187a6b7ee55f160b9968b66013c3a3ef39dd7e5798?s=96&d=mm&r=g","contentUrl":"https:\/\/secure.gravatar.com\/avatar\/3ea2118a5f7dad2b7138b1187a6b7ee55f160b9968b66013c3a3ef39dd7e5798?s=96&d=mm&r=g","caption":"Jeanette"},"sameAs":["https:\/\/www.eldiario.net\/portal"],"url":"https:\/\/www.eldiario.net\/portal\/author\/jeanette\/"}]}},"_links":{"self":[{"href":"https:\/\/www.eldiario.net\/portal\/wp-json\/wp\/v2\/posts\/294276","targetHints":{"allow":["GET"]}}],"collection":[{"href":"https:\/\/www.eldiario.net\/portal\/wp-json\/wp\/v2\/posts"}],"about":[{"href":"https:\/\/www.eldiario.net\/portal\/wp-json\/wp\/v2\/types\/post"}],"author":[{"embeddable":true,"href":"https:\/\/www.eldiario.net\/portal\/wp-json\/wp\/v2\/users\/1"}],"replies":[{"embeddable":true,"href":"https:\/\/www.eldiario.net\/portal\/wp-json\/wp\/v2\/comments?post=294276"}],"version-history":[{"count":1,"href":"https:\/\/www.eldiario.net\/portal\/wp-json\/wp\/v2\/posts\/294276\/revisions"}],"predecessor-version":[{"id":294277,"href":"https:\/\/www.eldiario.net\/portal\/wp-json\/wp\/v2\/posts\/294276\/revisions\/294277"}],"wp:featuredmedia":[{"embeddable":true,"href":"https:\/\/www.eldiario.net\/portal\/wp-json\/wp\/v2\/media\/213112"}],"wp:attachment":[{"href":"https:\/\/www.eldiario.net\/portal\/wp-json\/wp\/v2\/media?parent=294276"}],"wp:term":[{"taxonomy":"category","embeddable":true,"href":"https:\/\/www.eldiario.net\/portal\/wp-json\/wp\/v2\/categories?post=294276"},{"taxonomy":"post_tag","embeddable":true,"href":"https:\/\/www.eldiario.net\/portal\/wp-json\/wp\/v2\/tags?post=294276"}],"curies":[{"name":"wp","href":"https:\/\/api.w.org\/{rel}","templated":true}]}}