{"id":294274,"date":"2025-04-10T05:10:46","date_gmt":"2025-04-10T09:10:46","guid":{"rendered":"https:\/\/www.eldiario.net\/portal\/?p=294274"},"modified":"2025-04-10T05:10:46","modified_gmt":"2025-04-10T09:10:46","slug":"la-inflacion-de-este-ano-sera-historica-y-generara-mas-pobreza","status":"publish","type":"post","link":"https:\/\/www.eldiario.net\/portal\/2025\/04\/10\/la-inflacion-de-este-ano-sera-historica-y-generara-mas-pobreza\/","title":{"rendered":"La inflaci\u00f3n de este a\u00f1o ser\u00e1 hist\u00f3rica y generar\u00e1 m\u00e1s pobreza"},"content":{"rendered":"<p>Hace poco, compr\u00e9 aceite comestible en el mercado de Villa Dolores, cuyo litro se mantiene en Bs 18, y le pregunt\u00e9 a la caserita, \u00bfpor qu\u00e9 no vuelve al precio de antes que era Bs 11? y ella me respondi\u00f3: \u00abcasero, nunca m\u00e1s va a bajar, m\u00e1s bien, va a seguir subiendo\u00bb. Esta situaci\u00f3n se refleja en la inflaci\u00f3n acumulada hasta marzo de este a\u00f1o que alcanz\u00f3 el 5%, lo cual no termina de golpear la econom\u00eda de las familias.<\/p>\n<p>Seg\u00fan datos del Instituto Nacional de Estad\u00edstica (INE), los bienes y servicios que registraron una mayor inflaci\u00f3n en marzo de 2025 fueron el tomate (25,58%), el transporte en minib\u00fas (4,86%), la cebolla (22,83), la carne de pollo (9,45%), la carne de res sin hueso (4,45%) y el almuerzo (1,26%). La inflaci\u00f3n acumulada del 5% hasta marzo representa el 67% de la meta gubernamental para este a\u00f1o, que es el 7,5% y equivale el 50% del \u00edndice inflacionario de 2024 que lleg\u00f3 al 9,9%.<\/p>\n<p>La causa de esta situaci\u00f3n se debe a la falta de d\u00f3lares en la econom\u00eda formal e informal, as\u00ed como la existencia de un mercado negro, donde el costo por cada divisa estadunidense fluct\u00faa entre Bs 12 y Bs 14. Empero, la inflaci\u00f3n tiene como inicio al d\u00e9ficit fiscal que en 2023 alcanz\u00f3 el 10,8% con relaci\u00f3n al Producto Interno Bruto (PIB), lo que equivale a $us 5.000 millones y para el 2024 se proyect\u00f3 7,8%, que alcanza a unos $us 3.600 millones y para este 2025 se estim\u00f3 9,2%, lo cual es mayor a los dos \u00faltimos a\u00f1os.<\/p>\n<p>El d\u00e9ficit fiscal (altos gastos y pocos ingresos) cre\u00f3 una presi\u00f3n sobre las reservas internacionales netas (RIN) que caus\u00f3 su reducci\u00f3n de $us 15.122 millones a $us 1.976 millones entre 2014 y 2024, lo cual se tradujo en la falta de d\u00f3lares para la importaci\u00f3n de bienes que demandan los consumidores, se crearon mercados negros para la venta de d\u00f3lares y se distorsion\u00f3 la oferta y demanda en la econom\u00eda.<\/p>\n<p>Otros aspectos que ayudaron al aumento de la inflaci\u00f3n fueron la falta de carburantes, el contrabando a la inversa, el cambio clim\u00e1tico, la especulaci\u00f3n y el escu\u00e1lido resultado de las exportaciones que hasta enero de 2025 alcanzaron a $us 597,8 millones y las importaciones $us 781,1 millones, lo que deja un d\u00e9ficit comercial de $us 181,2 millones.<\/p>\n<p>La inflaci\u00f3n es el aumento de los precios de bienes y servicios en una econom\u00eda. El incremento sostenido de la inflaci\u00f3n por la falta de d\u00f3lares golpea de forma directa a las familias de escasos recursos, es decir, se agrava la pobreza. Asimismo, los bolivianos de a pie sienten la p\u00e9rdida del valor adquisitivo de sus ingresos que al momento alcanza al 50%, o sea, en la actualidad no se puede comprar con Bs 100 la misma cantidad de bienes con relaci\u00f3n al a\u00f1o anterior.<\/p>\n<p>Tambi\u00e9n, la falta de d\u00f3lares y su elevado precio en el mercado negro hace que importar bienes, producir o comercializar se encarezca y los precios de los productos en los mercados para el consumidor final se eleven como en el caso de los medicamentos, los repuestos para veh\u00edculos, los insumos agropecuarios o repuestos para maquinarias.<\/p>\n<p>Por lo expuesto, por ejemplo, los productores de carne de pollo o de az\u00facar cada vez compran materia prima (ma\u00edz o medicamentos) del mercado mayorista con precios elevados, lo que causa que los bienes que ellos comercializan en el mercado minorista o al detalle tengan que incrementarse. Similar situaci\u00f3n se aplica para los productores de calzados o de aceite comestible.<\/p>\n<p>En este marco, el aumento salarial que negocia la dirigencia de la Central Obrera Boliviana (COB) con autoridades del gobierno no repondr\u00e1 la p\u00e9rdida del valor adquisitivo del ingreso de los trabajadores, debido a que la inflaci\u00f3n crece como una bola de nieve conforme pasan los meses. El encuentro de ambas partes, deber\u00eda tocar la escasez de d\u00f3lares que tiene su origen en el d\u00e9ficit fiscal y no el regateo facil\u00f3n del porcentaje que s\u00f3lo agravar\u00e1 la pobreza.<\/p>\n<p>Entonces, todo hace prever que este a\u00f1o la inflaci\u00f3n superar\u00e1 el 10% y ser\u00e1 hist\u00f3rica con relaci\u00f3n a los \u00faltimos 30 a\u00f1os porque en este periodo s\u00f3lo en 2008 se registr\u00f3 el m\u00e1ximo del 11,85%, y fue en 2011. Esto se debe a que el modelo econ\u00f3mico aplicado no genera las condiciones para el aumento de la producci\u00f3n de diferentes bienes y servicios en el mercado interno ni garantiza la suficiente provisi\u00f3n de d\u00f3lares para atender la demanda interna existente.<\/p>\n<p><strong>\u00a0<\/strong><\/p>\n<p><strong>\u00bfQu\u00e9 hacer?<\/strong><\/p>\n<p>Se debe garantizar la provisi\u00f3n de combustible para el sector agropecuario con el objetivo de garantizar la suficiente oferta de alimentos en el mercado interno, la reducci\u00f3n del gasto corriente en el aparato gubernamental, lo cual se traduce en la reducci\u00f3n del n\u00famero de ministerios, la disminuci\u00f3n de salarios y de funcionarios, as\u00ed como el cierre o transferencia al sector privado de las empresas estatales deficitarias.<\/p>\n<p>Asimismo, la lucha contra el contrabando a la inversa y la aceptaci\u00f3n de cr\u00e9ditos externos para sobrepasar el momento. En el \u00e1mbito de la pol\u00edtica fiscal, es necesario que los cooperativistas aur\u00edferos y los cocaleros tributen al fisco de forma proporcional a las ganancias que obtienen.<\/p>\n<p>Es menester la implementaci\u00f3n de un nuevo modelo econ\u00f3mico productivo que atraiga la inversi\u00f3n privada nacional o extranjera para aumentar la productividad, lo cual permite elevar la oferta de bienes y servicios con el objetivo de bajar los precios de los bienes en los mercados. Esta tarea deber\u00e1 realizar el pr\u00f3ximo gobierno que sea elegido en las elecciones de agosto, porque la actual gesti\u00f3n de Luis Arce, no tiene el valor ni el coraje para hacerlo.<\/p>\n<p>&nbsp;<\/p>\n<p><em>El autor es Periodista \u2013 Docente universitario.<\/em><\/p>\n","protected":false},"excerpt":{"rendered":"<p>Hace poco, compr\u00e9 aceite comestible en el mercado de Villa Dolores, cuyo litro se mantiene en Bs 18, y le pregunt\u00e9 a la caserita, \u00bfpor qu\u00e9 no vuelve al precio de antes que era Bs 11? y ella me respondi\u00f3: \u00abcasero, nunca m\u00e1s va a bajar, m\u00e1s bien, va a seguir subiendo\u00bb. Esta situaci\u00f3n se [&hellip;]<\/p>\n","protected":false},"author":1,"featured_media":180983,"comment_status":"closed","ping_status":"open","sticky":false,"template":"","format":"standard","meta":{"_acf_changed":false,"footnotes":""},"categories":[9],"tags":[],"class_list":["post-294274","post","type-post","status-publish","format-standard","has-post-thumbnail","category-opinion"],"acf":{"antetitulo":""},"yoast_head":"<!-- This site is optimized with the Yoast SEO plugin v28.4 - https:\/\/yoast.com\/product\/yoast-seo-wordpress\/ -->\n<title>La inflaci\u00f3n de este a\u00f1o ser\u00e1 hist\u00f3rica y generar\u00e1 m\u00e1s pobreza - El Diario - Bolivia<\/title>\n<meta name=\"robots\" content=\"index, follow, max-snippet:-1, max-image-preview:large, max-video-preview:-1\" \/>\n<link rel=\"canonical\" href=\"https:\/\/www.eldiario.net\/portal\/2025\/04\/10\/la-inflacion-de-este-ano-sera-historica-y-generara-mas-pobreza\/\" \/>\n<meta property=\"og:locale\" content=\"es_ES\" \/>\n<meta property=\"og:type\" content=\"article\" \/>\n<meta property=\"og:title\" content=\"La inflaci\u00f3n de este a\u00f1o ser\u00e1 hist\u00f3rica y generar\u00e1 m\u00e1s pobreza - El Diario - Bolivia\" \/>\n<meta property=\"og:description\" content=\"Hace poco, compr\u00e9 aceite comestible en el mercado de Villa Dolores, cuyo litro se mantiene en Bs 18, y le pregunt\u00e9 a la caserita, \u00bfpor qu\u00e9 no vuelve al precio de antes que era Bs 11? y ella me respondi\u00f3: \u00abcasero, nunca m\u00e1s va a bajar, m\u00e1s bien, va a seguir subiendo\u00bb. Esta situaci\u00f3n se [&hellip;]\" \/>\n<meta property=\"og:url\" content=\"https:\/\/www.eldiario.net\/portal\/2025\/04\/10\/la-inflacion-de-este-ano-sera-historica-y-generara-mas-pobreza\/\" \/>\n<meta property=\"og:site_name\" content=\"El Diario - Bolivia\" \/>\n<meta property=\"article:publisher\" content=\"https:\/\/www.facebook.com\/eldiario.bolivia\/\" \/>\n<meta property=\"article:published_time\" content=\"2025-04-10T09:10:46+00:00\" \/>\n<meta property=\"og:image\" content=\"https:\/\/www.eldiario.net\/portal\/wp-content\/uploads\/2023\/10\/Willy-Marcos-Chipana-Mamani.jpg\" \/>\n\t<meta property=\"og:image:width\" content=\"1200\" \/>\n\t<meta property=\"og:image:height\" content=\"628\" \/>\n\t<meta property=\"og:image:type\" content=\"image\/jpeg\" \/>\n<meta name=\"author\" content=\"Jeanette\" \/>\n<meta name=\"twitter:card\" content=\"summary_large_image\" \/>\n<meta name=\"twitter:creator\" content=\"@eldiario_net\" \/>\n<meta name=\"twitter:site\" content=\"@eldiario_net\" \/>\n<meta name=\"twitter:label1\" content=\"Escrito por\" \/>\n\t<meta name=\"twitter:data1\" content=\"Jeanette\" \/>\n\t<meta name=\"twitter:label2\" content=\"Tiempo de lectura\" \/>\n\t<meta name=\"twitter:data2\" content=\"5 minutos\" \/>\n<script type=\"application\/ld+json\" class=\"yoast-schema-graph\">{\"@context\":\"https:\\\/\\\/schema.org\",\"@graph\":[{\"@type\":\"Article\",\"@id\":\"https:\\\/\\\/www.eldiario.net\\\/portal\\\/2025\\\/04\\\/10\\\/la-inflacion-de-este-ano-sera-historica-y-generara-mas-pobreza\\\/#article\",\"isPartOf\":{\"@id\":\"https:\\\/\\\/www.eldiario.net\\\/portal\\\/2025\\\/04\\\/10\\\/la-inflacion-de-este-ano-sera-historica-y-generara-mas-pobreza\\\/\"},\"author\":{\"name\":\"Jeanette\",\"@id\":\"https:\\\/\\\/www.eldiario.net\\\/portal\\\/#\\\/schema\\\/person\\\/f46445640444750d7d753ccd04ae01b7\"},\"headline\":\"La inflaci\u00f3n de este a\u00f1o ser\u00e1 hist\u00f3rica y generar\u00e1 m\u00e1s pobreza\",\"datePublished\":\"2025-04-10T09:10:46+00:00\",\"mainEntityOfPage\":{\"@id\":\"https:\\\/\\\/www.eldiario.net\\\/portal\\\/2025\\\/04\\\/10\\\/la-inflacion-de-este-ano-sera-historica-y-generara-mas-pobreza\\\/\"},\"wordCount\":995,\"publisher\":{\"@id\":\"https:\\\/\\\/www.eldiario.net\\\/portal\\\/#organization\"},\"image\":{\"@id\":\"https:\\\/\\\/www.eldiario.net\\\/portal\\\/2025\\\/04\\\/10\\\/la-inflacion-de-este-ano-sera-historica-y-generara-mas-pobreza\\\/#primaryimage\"},\"thumbnailUrl\":\"https:\\\/\\\/www.eldiario.net\\\/portal\\\/wp-content\\\/uploads\\\/2023\\\/10\\\/Willy-Marcos-Chipana-Mamani.jpg\",\"articleSection\":[\"Opini\u00f3n\"],\"inLanguage\":\"es\"},{\"@type\":\"WebPage\",\"@id\":\"https:\\\/\\\/www.eldiario.net\\\/portal\\\/2025\\\/04\\\/10\\\/la-inflacion-de-este-ano-sera-historica-y-generara-mas-pobreza\\\/\",\"url\":\"https:\\\/\\\/www.eldiario.net\\\/portal\\\/2025\\\/04\\\/10\\\/la-inflacion-de-este-ano-sera-historica-y-generara-mas-pobreza\\\/\",\"name\":\"La inflaci\u00f3n de este a\u00f1o ser\u00e1 hist\u00f3rica y generar\u00e1 m\u00e1s pobreza - El Diario - Bolivia\",\"isPartOf\":{\"@id\":\"https:\\\/\\\/www.eldiario.net\\\/portal\\\/#website\"},\"primaryImageOfPage\":{\"@id\":\"https:\\\/\\\/www.eldiario.net\\\/portal\\\/2025\\\/04\\\/10\\\/la-inflacion-de-este-ano-sera-historica-y-generara-mas-pobreza\\\/#primaryimage\"},\"image\":{\"@id\":\"https:\\\/\\\/www.eldiario.net\\\/portal\\\/2025\\\/04\\\/10\\\/la-inflacion-de-este-ano-sera-historica-y-generara-mas-pobreza\\\/#primaryimage\"},\"thumbnailUrl\":\"https:\\\/\\\/www.eldiario.net\\\/portal\\\/wp-content\\\/uploads\\\/2023\\\/10\\\/Willy-Marcos-Chipana-Mamani.jpg\",\"datePublished\":\"2025-04-10T09:10:46+00:00\",\"breadcrumb\":{\"@id\":\"https:\\\/\\\/www.eldiario.net\\\/portal\\\/2025\\\/04\\\/10\\\/la-inflacion-de-este-ano-sera-historica-y-generara-mas-pobreza\\\/#breadcrumb\"},\"inLanguage\":\"es\",\"potentialAction\":[{\"@type\":\"ReadAction\",\"target\":[\"https:\\\/\\\/www.eldiario.net\\\/portal\\\/2025\\\/04\\\/10\\\/la-inflacion-de-este-ano-sera-historica-y-generara-mas-pobreza\\\/\"]}]},{\"@type\":\"ImageObject\",\"inLanguage\":\"es\",\"@id\":\"https:\\\/\\\/www.eldiario.net\\\/portal\\\/2025\\\/04\\\/10\\\/la-inflacion-de-este-ano-sera-historica-y-generara-mas-pobreza\\\/#primaryimage\",\"url\":\"https:\\\/\\\/www.eldiario.net\\\/portal\\\/wp-content\\\/uploads\\\/2023\\\/10\\\/Willy-Marcos-Chipana-Mamani.jpg\",\"contentUrl\":\"https:\\\/\\\/www.eldiario.net\\\/portal\\\/wp-content\\\/uploads\\\/2023\\\/10\\\/Willy-Marcos-Chipana-Mamani.jpg\",\"width\":1200,\"height\":628},{\"@type\":\"BreadcrumbList\",\"@id\":\"https:\\\/\\\/www.eldiario.net\\\/portal\\\/2025\\\/04\\\/10\\\/la-inflacion-de-este-ano-sera-historica-y-generara-mas-pobreza\\\/#breadcrumb\",\"itemListElement\":[{\"@type\":\"ListItem\",\"position\":1,\"name\":\"Portada\",\"item\":\"https:\\\/\\\/www.eldiario.net\\\/portal\\\/\"},{\"@type\":\"ListItem\",\"position\":2,\"name\":\"La inflaci\u00f3n de este a\u00f1o ser\u00e1 hist\u00f3rica y generar\u00e1 m\u00e1s pobreza\"}]},{\"@type\":\"WebSite\",\"@id\":\"https:\\\/\\\/www.eldiario.net\\\/portal\\\/#website\",\"url\":\"https:\\\/\\\/www.eldiario.net\\\/portal\\\/\",\"name\":\"El Diario - Decano de la prensa nacional\",\"description\":\"El Diario - Decano de la prensa nacional\",\"publisher\":{\"@id\":\"https:\\\/\\\/www.eldiario.net\\\/portal\\\/#organization\"},\"potentialAction\":[{\"@type\":\"SearchAction\",\"target\":{\"@type\":\"EntryPoint\",\"urlTemplate\":\"https:\\\/\\\/www.eldiario.net\\\/portal\\\/?s={search_term_string}\"},\"query-input\":{\"@type\":\"PropertyValueSpecification\",\"valueRequired\":true,\"valueName\":\"search_term_string\"}}],\"inLanguage\":\"es\"},{\"@type\":\"Organization\",\"@id\":\"https:\\\/\\\/www.eldiario.net\\\/portal\\\/#organization\",\"name\":\"El Diario - Decano de la prensa nacional\",\"url\":\"https:\\\/\\\/www.eldiario.net\\\/portal\\\/\",\"logo\":{\"@type\":\"ImageObject\",\"inLanguage\":\"es\",\"@id\":\"https:\\\/\\\/www.eldiario.net\\\/portal\\\/#\\\/schema\\\/logo\\\/image\\\/\",\"url\":\"https:\\\/\\\/www.eldiario.net\\\/portal\\\/wp-content\\\/uploads\\\/2023\\\/07\\\/logo_ED.jpg\",\"contentUrl\":\"https:\\\/\\\/www.eldiario.net\\\/portal\\\/wp-content\\\/uploads\\\/2023\\\/07\\\/logo_ED.jpg\",\"width\":272,\"height\":52,\"caption\":\"El Diario - Decano de la prensa nacional\"},\"image\":{\"@id\":\"https:\\\/\\\/www.eldiario.net\\\/portal\\\/#\\\/schema\\\/logo\\\/image\\\/\"},\"sameAs\":[\"https:\\\/\\\/www.facebook.com\\\/eldiario.bolivia\\\/\",\"https:\\\/\\\/x.com\\\/eldiario_net\"]},{\"@type\":\"Person\",\"@id\":\"https:\\\/\\\/www.eldiario.net\\\/portal\\\/#\\\/schema\\\/person\\\/f46445640444750d7d753ccd04ae01b7\",\"name\":\"Jeanette\",\"image\":{\"@type\":\"ImageObject\",\"inLanguage\":\"es\",\"@id\":\"https:\\\/\\\/secure.gravatar.com\\\/avatar\\\/3ea2118a5f7dad2b7138b1187a6b7ee55f160b9968b66013c3a3ef39dd7e5798?s=96&d=mm&r=g\",\"url\":\"https:\\\/\\\/secure.gravatar.com\\\/avatar\\\/3ea2118a5f7dad2b7138b1187a6b7ee55f160b9968b66013c3a3ef39dd7e5798?s=96&d=mm&r=g\",\"contentUrl\":\"https:\\\/\\\/secure.gravatar.com\\\/avatar\\\/3ea2118a5f7dad2b7138b1187a6b7ee55f160b9968b66013c3a3ef39dd7e5798?s=96&d=mm&r=g\",\"caption\":\"Jeanette\"},\"sameAs\":[\"https:\\\/\\\/www.eldiario.net\\\/portal\"],\"url\":\"https:\\\/\\\/www.eldiario.net\\\/portal\\\/author\\\/jeanette\\\/\"}]}<\/script>\n<!-- \/ Yoast SEO plugin. -->","yoast_head_json":{"title":"La inflaci\u00f3n de este a\u00f1o ser\u00e1 hist\u00f3rica y generar\u00e1 m\u00e1s pobreza - El Diario - Bolivia","robots":{"index":"index","follow":"follow","max-snippet":"max-snippet:-1","max-image-preview":"max-image-preview:large","max-video-preview":"max-video-preview:-1"},"canonical":"https:\/\/www.eldiario.net\/portal\/2025\/04\/10\/la-inflacion-de-este-ano-sera-historica-y-generara-mas-pobreza\/","og_locale":"es_ES","og_type":"article","og_title":"La inflaci\u00f3n de este a\u00f1o ser\u00e1 hist\u00f3rica y generar\u00e1 m\u00e1s pobreza - El Diario - Bolivia","og_description":"Hace poco, compr\u00e9 aceite comestible en el mercado de Villa Dolores, cuyo litro se mantiene en Bs 18, y le pregunt\u00e9 a la caserita, \u00bfpor qu\u00e9 no vuelve al precio de antes que era Bs 11? y ella me respondi\u00f3: \u00abcasero, nunca m\u00e1s va a bajar, m\u00e1s bien, va a seguir subiendo\u00bb. Esta situaci\u00f3n se [&hellip;]","og_url":"https:\/\/www.eldiario.net\/portal\/2025\/04\/10\/la-inflacion-de-este-ano-sera-historica-y-generara-mas-pobreza\/","og_site_name":"El Diario - Bolivia","article_publisher":"https:\/\/www.facebook.com\/eldiario.bolivia\/","article_published_time":"2025-04-10T09:10:46+00:00","og_image":[{"width":1200,"height":628,"url":"https:\/\/www.eldiario.net\/portal\/wp-content\/uploads\/2023\/10\/Willy-Marcos-Chipana-Mamani.jpg","type":"image\/jpeg"}],"author":"Jeanette","twitter_card":"summary_large_image","twitter_creator":"@eldiario_net","twitter_site":"@eldiario_net","twitter_misc":{"Escrito por":"Jeanette","Tiempo de lectura":"5 minutos"},"schema":{"@context":"https:\/\/schema.org","@graph":[{"@type":"Article","@id":"https:\/\/www.eldiario.net\/portal\/2025\/04\/10\/la-inflacion-de-este-ano-sera-historica-y-generara-mas-pobreza\/#article","isPartOf":{"@id":"https:\/\/www.eldiario.net\/portal\/2025\/04\/10\/la-inflacion-de-este-ano-sera-historica-y-generara-mas-pobreza\/"},"author":{"name":"Jeanette","@id":"https:\/\/www.eldiario.net\/portal\/#\/schema\/person\/f46445640444750d7d753ccd04ae01b7"},"headline":"La inflaci\u00f3n de este a\u00f1o ser\u00e1 hist\u00f3rica y generar\u00e1 m\u00e1s pobreza","datePublished":"2025-04-10T09:10:46+00:00","mainEntityOfPage":{"@id":"https:\/\/www.eldiario.net\/portal\/2025\/04\/10\/la-inflacion-de-este-ano-sera-historica-y-generara-mas-pobreza\/"},"wordCount":995,"publisher":{"@id":"https:\/\/www.eldiario.net\/portal\/#organization"},"image":{"@id":"https:\/\/www.eldiario.net\/portal\/2025\/04\/10\/la-inflacion-de-este-ano-sera-historica-y-generara-mas-pobreza\/#primaryimage"},"thumbnailUrl":"https:\/\/www.eldiario.net\/portal\/wp-content\/uploads\/2023\/10\/Willy-Marcos-Chipana-Mamani.jpg","articleSection":["Opini\u00f3n"],"inLanguage":"es"},{"@type":"WebPage","@id":"https:\/\/www.eldiario.net\/portal\/2025\/04\/10\/la-inflacion-de-este-ano-sera-historica-y-generara-mas-pobreza\/","url":"https:\/\/www.eldiario.net\/portal\/2025\/04\/10\/la-inflacion-de-este-ano-sera-historica-y-generara-mas-pobreza\/","name":"La inflaci\u00f3n de este a\u00f1o ser\u00e1 hist\u00f3rica y generar\u00e1 m\u00e1s pobreza - El Diario - Bolivia","isPartOf":{"@id":"https:\/\/www.eldiario.net\/portal\/#website"},"primaryImageOfPage":{"@id":"https:\/\/www.eldiario.net\/portal\/2025\/04\/10\/la-inflacion-de-este-ano-sera-historica-y-generara-mas-pobreza\/#primaryimage"},"image":{"@id":"https:\/\/www.eldiario.net\/portal\/2025\/04\/10\/la-inflacion-de-este-ano-sera-historica-y-generara-mas-pobreza\/#primaryimage"},"thumbnailUrl":"https:\/\/www.eldiario.net\/portal\/wp-content\/uploads\/2023\/10\/Willy-Marcos-Chipana-Mamani.jpg","datePublished":"2025-04-10T09:10:46+00:00","breadcrumb":{"@id":"https:\/\/www.eldiario.net\/portal\/2025\/04\/10\/la-inflacion-de-este-ano-sera-historica-y-generara-mas-pobreza\/#breadcrumb"},"inLanguage":"es","potentialAction":[{"@type":"ReadAction","target":["https:\/\/www.eldiario.net\/portal\/2025\/04\/10\/la-inflacion-de-este-ano-sera-historica-y-generara-mas-pobreza\/"]}]},{"@type":"ImageObject","inLanguage":"es","@id":"https:\/\/www.eldiario.net\/portal\/2025\/04\/10\/la-inflacion-de-este-ano-sera-historica-y-generara-mas-pobreza\/#primaryimage","url":"https:\/\/www.eldiario.net\/portal\/wp-content\/uploads\/2023\/10\/Willy-Marcos-Chipana-Mamani.jpg","contentUrl":"https:\/\/www.eldiario.net\/portal\/wp-content\/uploads\/2023\/10\/Willy-Marcos-Chipana-Mamani.jpg","width":1200,"height":628},{"@type":"BreadcrumbList","@id":"https:\/\/www.eldiario.net\/portal\/2025\/04\/10\/la-inflacion-de-este-ano-sera-historica-y-generara-mas-pobreza\/#breadcrumb","itemListElement":[{"@type":"ListItem","position":1,"name":"Portada","item":"https:\/\/www.eldiario.net\/portal\/"},{"@type":"ListItem","position":2,"name":"La inflaci\u00f3n de este a\u00f1o ser\u00e1 hist\u00f3rica y generar\u00e1 m\u00e1s pobreza"}]},{"@type":"WebSite","@id":"https:\/\/www.eldiario.net\/portal\/#website","url":"https:\/\/www.eldiario.net\/portal\/","name":"El Diario - Decano de la prensa nacional","description":"El Diario - Decano de la prensa nacional","publisher":{"@id":"https:\/\/www.eldiario.net\/portal\/#organization"},"potentialAction":[{"@type":"SearchAction","target":{"@type":"EntryPoint","urlTemplate":"https:\/\/www.eldiario.net\/portal\/?s={search_term_string}"},"query-input":{"@type":"PropertyValueSpecification","valueRequired":true,"valueName":"search_term_string"}}],"inLanguage":"es"},{"@type":"Organization","@id":"https:\/\/www.eldiario.net\/portal\/#organization","name":"El Diario - Decano de la prensa nacional","url":"https:\/\/www.eldiario.net\/portal\/","logo":{"@type":"ImageObject","inLanguage":"es","@id":"https:\/\/www.eldiario.net\/portal\/#\/schema\/logo\/image\/","url":"https:\/\/www.eldiario.net\/portal\/wp-content\/uploads\/2023\/07\/logo_ED.jpg","contentUrl":"https:\/\/www.eldiario.net\/portal\/wp-content\/uploads\/2023\/07\/logo_ED.jpg","width":272,"height":52,"caption":"El Diario - Decano de la prensa nacional"},"image":{"@id":"https:\/\/www.eldiario.net\/portal\/#\/schema\/logo\/image\/"},"sameAs":["https:\/\/www.facebook.com\/eldiario.bolivia\/","https:\/\/x.com\/eldiario_net"]},{"@type":"Person","@id":"https:\/\/www.eldiario.net\/portal\/#\/schema\/person\/f46445640444750d7d753ccd04ae01b7","name":"Jeanette","image":{"@type":"ImageObject","inLanguage":"es","@id":"https:\/\/secure.gravatar.com\/avatar\/3ea2118a5f7dad2b7138b1187a6b7ee55f160b9968b66013c3a3ef39dd7e5798?s=96&d=mm&r=g","url":"https:\/\/secure.gravatar.com\/avatar\/3ea2118a5f7dad2b7138b1187a6b7ee55f160b9968b66013c3a3ef39dd7e5798?s=96&d=mm&r=g","contentUrl":"https:\/\/secure.gravatar.com\/avatar\/3ea2118a5f7dad2b7138b1187a6b7ee55f160b9968b66013c3a3ef39dd7e5798?s=96&d=mm&r=g","caption":"Jeanette"},"sameAs":["https:\/\/www.eldiario.net\/portal"],"url":"https:\/\/www.eldiario.net\/portal\/author\/jeanette\/"}]}},"_links":{"self":[{"href":"https:\/\/www.eldiario.net\/portal\/wp-json\/wp\/v2\/posts\/294274","targetHints":{"allow":["GET"]}}],"collection":[{"href":"https:\/\/www.eldiario.net\/portal\/wp-json\/wp\/v2\/posts"}],"about":[{"href":"https:\/\/www.eldiario.net\/portal\/wp-json\/wp\/v2\/types\/post"}],"author":[{"embeddable":true,"href":"https:\/\/www.eldiario.net\/portal\/wp-json\/wp\/v2\/users\/1"}],"replies":[{"embeddable":true,"href":"https:\/\/www.eldiario.net\/portal\/wp-json\/wp\/v2\/comments?post=294274"}],"version-history":[{"count":1,"href":"https:\/\/www.eldiario.net\/portal\/wp-json\/wp\/v2\/posts\/294274\/revisions"}],"predecessor-version":[{"id":294275,"href":"https:\/\/www.eldiario.net\/portal\/wp-json\/wp\/v2\/posts\/294274\/revisions\/294275"}],"wp:featuredmedia":[{"embeddable":true,"href":"https:\/\/www.eldiario.net\/portal\/wp-json\/wp\/v2\/media\/180983"}],"wp:attachment":[{"href":"https:\/\/www.eldiario.net\/portal\/wp-json\/wp\/v2\/media?parent=294274"}],"wp:term":[{"taxonomy":"category","embeddable":true,"href":"https:\/\/www.eldiario.net\/portal\/wp-json\/wp\/v2\/categories?post=294274"},{"taxonomy":"post_tag","embeddable":true,"href":"https:\/\/www.eldiario.net\/portal\/wp-json\/wp\/v2\/tags?post=294274"}],"curies":[{"name":"wp","href":"https:\/\/api.w.org\/{rel}","templated":true}]}}