{"id":294244,"date":"2025-04-09T15:14:17","date_gmt":"2025-04-09T19:14:17","guid":{"rendered":"https:\/\/www.eldiario.net\/portal\/?p=294244"},"modified":"2025-04-09T15:14:17","modified_gmt":"2025-04-09T19:14:17","slug":"la-paz-gasificacion-interrumpe-actividades-por-paro-de-transportistas-1510","status":"publish","type":"post","link":"https:\/\/www.eldiario.net\/portal\/2025\/04\/09\/la-paz-gasificacion-interrumpe-actividades-por-paro-de-transportistas-1510\/","title":{"rendered":"La Paz: Gasificaci\u00f3n interrumpe actividades por paro de transportistas. (15:10)"},"content":{"rendered":"<p>Una jornada marcada por la tensi\u00f3n en el centro de la ciudad de La Paz, luego de que transportistas urbanos iniciaran un paro indefinido en rechazo a la reciente promulgaci\u00f3n de la Ley de Congelamiento de Pasajes por parte del Concejo Municipal. Tras anunciar el repliegue de sus unidades, los sectores movilizados se apostaron en distintas esquinas estrat\u00e9gicas del centro pace\u00f1o, bloqueando el tr\u00e1nsito vehicular y generando un colapso en la circulaci\u00f3n.<\/p>\n<p>Ante esta situaci\u00f3n, efectivos policiales se desplazaron para intentar habilitar las v\u00edas, lo que deriv\u00f3 en enfrentamientos con los manifestantes. La intervenci\u00f3n incluy\u00f3 el uso de agentes qu\u00edmicos, provocando una gasificaci\u00f3n que afect\u00f3 no solo a los transportistas, sino tambi\u00e9n a transe\u00fantes que se encontraban en la zona, muchos de los cuales huyeron buscando refugio ante la intensidad de los gases.<\/p>\n<p>Las calles del centro se llenaron de humo y caos. Comerciantes, vendedoras ambulantes, taxistas y propietarios de negocios se vieron obligados a suspender sus actividades o cerrar sus puertas, ante el ambiente irrespirable y el temor a nuevos enfrentamientos. El paro indefinido de los transportistas contin\u00faa, mientras crece la incertidumbre entre la poblaci\u00f3n pace\u00f1a por la escalada del conflicto.<\/p>\n<div style=\"width: 478px;\" class=\"wp-video\"><video class=\"wp-video-shortcode\" id=\"video-294244-1\" width=\"478\" height=\"850\" preload=\"metadata\" controls=\"controls\"><source type=\"video\/mp4\" src=\"https:\/\/www.eldiario.net\/portal\/wp-content\/uploads\/2025\/04\/gas.mp4?_=1\" \/><a href=\"https:\/\/www.eldiario.net\/portal\/wp-content\/uploads\/2025\/04\/gas.mp4\">https:\/\/www.eldiario.net\/portal\/wp-content\/uploads\/2025\/04\/gas.mp4<\/a><\/video><\/div>\n","protected":false},"excerpt":{"rendered":"<p>Una jornada marcada por la tensi\u00f3n en el centro de la ciudad de La Paz, luego de que transportistas urbanos iniciaran un paro indefinido en rechazo a la reciente promulgaci\u00f3n de la Ley de Congelamiento de Pasajes por parte del Concejo Municipal. Tras anunciar el repliegue de sus unidades, los sectores movilizados se apostaron en [&hellip;]<\/p>\n","protected":false},"author":7,"featured_media":294246,"comment_status":"closed","ping_status":"open","sticky":false,"template":"","format":"standard","meta":{"_acf_changed":false,"footnotes":""},"categories":[51],"tags":[],"class_list":["post-294244","post","type-post","status-publish","format-standard","has-post-thumbnail","category-ultima-hora"],"acf":{"antetitulo":""},"yoast_head":"<!-- This site is optimized with the Yoast SEO plugin v28.4 - https:\/\/yoast.com\/product\/yoast-seo-wordpress\/ -->\n<title>La Paz: Gasificaci\u00f3n interrumpe actividades por paro de transportistas. (15:10) - El Diario - Bolivia<\/title>\n<meta name=\"robots\" content=\"index, follow, max-snippet:-1, max-image-preview:large, max-video-preview:-1\" \/>\n<link rel=\"canonical\" href=\"https:\/\/www.eldiario.net\/portal\/2025\/04\/09\/la-paz-gasificacion-interrumpe-actividades-por-paro-de-transportistas-1510\/\" \/>\n<meta property=\"og:locale\" content=\"es_ES\" \/>\n<meta property=\"og:type\" content=\"article\" \/>\n<meta property=\"og:title\" content=\"La Paz: Gasificaci\u00f3n interrumpe actividades por paro de transportistas. (15:10) - El Diario - Bolivia\" \/>\n<meta property=\"og:description\" content=\"Una jornada marcada por la tensi\u00f3n en el centro de la ciudad de La Paz, luego de que transportistas urbanos iniciaran un paro indefinido en rechazo a la reciente promulgaci\u00f3n de la Ley de Congelamiento de Pasajes por parte del Concejo Municipal. Tras anunciar el repliegue de sus unidades, los sectores movilizados se apostaron en [&hellip;]\" \/>\n<meta property=\"og:url\" content=\"https:\/\/www.eldiario.net\/portal\/2025\/04\/09\/la-paz-gasificacion-interrumpe-actividades-por-paro-de-transportistas-1510\/\" \/>\n<meta property=\"og:site_name\" content=\"El Diario - Bolivia\" \/>\n<meta property=\"article:publisher\" content=\"https:\/\/www.facebook.com\/eldiario.bolivia\/\" \/>\n<meta property=\"article:published_time\" content=\"2025-04-09T19:14:17+00:00\" \/>\n<meta property=\"og:image\" content=\"https:\/\/www.eldiario.net\/portal\/wp-content\/uploads\/2025\/04\/gas-2-e1744226030640.jpg\" \/>\n\t<meta property=\"og:image:width\" content=\"300\" \/>\n\t<meta property=\"og:image:height\" content=\"400\" \/>\n\t<meta property=\"og:image:type\" content=\"image\/jpeg\" \/>\n<meta name=\"author\" content=\"Viviana Monrroy\" \/>\n<meta name=\"twitter:card\" content=\"summary_large_image\" \/>\n<meta name=\"twitter:creator\" content=\"@eldiario_net\" \/>\n<meta name=\"twitter:site\" content=\"@eldiario_net\" \/>\n<meta name=\"twitter:label1\" content=\"Escrito por\" \/>\n\t<meta name=\"twitter:data1\" content=\"Viviana Monrroy\" \/>\n\t<meta name=\"twitter:label2\" content=\"Tiempo de lectura\" \/>\n\t<meta name=\"twitter:data2\" content=\"2 minutos\" \/>\n<script type=\"application\/ld+json\" class=\"yoast-schema-graph\">{\"@context\":\"https:\\\/\\\/schema.org\",\"@graph\":[{\"@type\":\"Article\",\"@id\":\"https:\\\/\\\/www.eldiario.net\\\/portal\\\/2025\\\/04\\\/09\\\/la-paz-gasificacion-interrumpe-actividades-por-paro-de-transportistas-1510\\\/#article\",\"isPartOf\":{\"@id\":\"https:\\\/\\\/www.eldiario.net\\\/portal\\\/2025\\\/04\\\/09\\\/la-paz-gasificacion-interrumpe-actividades-por-paro-de-transportistas-1510\\\/\"},\"author\":{\"name\":\"Viviana Monrroy\",\"@id\":\"https:\\\/\\\/www.eldiario.net\\\/portal\\\/#\\\/schema\\\/person\\\/ba370d92d160f4d3574381f6d9b78fab\"},\"headline\":\"La Paz: Gasificaci\u00f3n interrumpe actividades por paro de transportistas. (15:10)\",\"datePublished\":\"2025-04-09T19:14:17+00:00\",\"mainEntityOfPage\":{\"@id\":\"https:\\\/\\\/www.eldiario.net\\\/portal\\\/2025\\\/04\\\/09\\\/la-paz-gasificacion-interrumpe-actividades-por-paro-de-transportistas-1510\\\/\"},\"wordCount\":232,\"publisher\":{\"@id\":\"https:\\\/\\\/www.eldiario.net\\\/portal\\\/#organization\"},\"image\":{\"@id\":\"https:\\\/\\\/www.eldiario.net\\\/portal\\\/2025\\\/04\\\/09\\\/la-paz-gasificacion-interrumpe-actividades-por-paro-de-transportistas-1510\\\/#primaryimage\"},\"thumbnailUrl\":\"https:\\\/\\\/www.eldiario.net\\\/portal\\\/wp-content\\\/uploads\\\/2025\\\/04\\\/gas-2-e1744226030640.jpg\",\"articleSection\":[\"\u00daltima Hora\"],\"inLanguage\":\"es\"},{\"@type\":\"WebPage\",\"@id\":\"https:\\\/\\\/www.eldiario.net\\\/portal\\\/2025\\\/04\\\/09\\\/la-paz-gasificacion-interrumpe-actividades-por-paro-de-transportistas-1510\\\/\",\"url\":\"https:\\\/\\\/www.eldiario.net\\\/portal\\\/2025\\\/04\\\/09\\\/la-paz-gasificacion-interrumpe-actividades-por-paro-de-transportistas-1510\\\/\",\"name\":\"La Paz: Gasificaci\u00f3n interrumpe actividades por paro de transportistas. (15:10) - El Diario - Bolivia\",\"isPartOf\":{\"@id\":\"https:\\\/\\\/www.eldiario.net\\\/portal\\\/#website\"},\"primaryImageOfPage\":{\"@id\":\"https:\\\/\\\/www.eldiario.net\\\/portal\\\/2025\\\/04\\\/09\\\/la-paz-gasificacion-interrumpe-actividades-por-paro-de-transportistas-1510\\\/#primaryimage\"},\"image\":{\"@id\":\"https:\\\/\\\/www.eldiario.net\\\/portal\\\/2025\\\/04\\\/09\\\/la-paz-gasificacion-interrumpe-actividades-por-paro-de-transportistas-1510\\\/#primaryimage\"},\"thumbnailUrl\":\"https:\\\/\\\/www.eldiario.net\\\/portal\\\/wp-content\\\/uploads\\\/2025\\\/04\\\/gas-2-e1744226030640.jpg\",\"datePublished\":\"2025-04-09T19:14:17+00:00\",\"breadcrumb\":{\"@id\":\"https:\\\/\\\/www.eldiario.net\\\/portal\\\/2025\\\/04\\\/09\\\/la-paz-gasificacion-interrumpe-actividades-por-paro-de-transportistas-1510\\\/#breadcrumb\"},\"inLanguage\":\"es\",\"potentialAction\":[{\"@type\":\"ReadAction\",\"target\":[\"https:\\\/\\\/www.eldiario.net\\\/portal\\\/2025\\\/04\\\/09\\\/la-paz-gasificacion-interrumpe-actividades-por-paro-de-transportistas-1510\\\/\"]}]},{\"@type\":\"ImageObject\",\"inLanguage\":\"es\",\"@id\":\"https:\\\/\\\/www.eldiario.net\\\/portal\\\/2025\\\/04\\\/09\\\/la-paz-gasificacion-interrumpe-actividades-por-paro-de-transportistas-1510\\\/#primaryimage\",\"url\":\"https:\\\/\\\/www.eldiario.net\\\/portal\\\/wp-content\\\/uploads\\\/2025\\\/04\\\/gas-2-e1744226030640.jpg\",\"contentUrl\":\"https:\\\/\\\/www.eldiario.net\\\/portal\\\/wp-content\\\/uploads\\\/2025\\\/04\\\/gas-2-e1744226030640.jpg\",\"width\":300,\"height\":400,\"caption\":\"Foto: El Diario\"},{\"@type\":\"BreadcrumbList\",\"@id\":\"https:\\\/\\\/www.eldiario.net\\\/portal\\\/2025\\\/04\\\/09\\\/la-paz-gasificacion-interrumpe-actividades-por-paro-de-transportistas-1510\\\/#breadcrumb\",\"itemListElement\":[{\"@type\":\"ListItem\",\"position\":1,\"name\":\"Portada\",\"item\":\"https:\\\/\\\/www.eldiario.net\\\/portal\\\/\"},{\"@type\":\"ListItem\",\"position\":2,\"name\":\"La Paz: Gasificaci\u00f3n interrumpe actividades por paro de transportistas. (15:10)\"}]},{\"@type\":\"WebSite\",\"@id\":\"https:\\\/\\\/www.eldiario.net\\\/portal\\\/#website\",\"url\":\"https:\\\/\\\/www.eldiario.net\\\/portal\\\/\",\"name\":\"El Diario - Decano de la prensa nacional\",\"description\":\"El Diario - Decano de la prensa nacional\",\"publisher\":{\"@id\":\"https:\\\/\\\/www.eldiario.net\\\/portal\\\/#organization\"},\"potentialAction\":[{\"@type\":\"SearchAction\",\"target\":{\"@type\":\"EntryPoint\",\"urlTemplate\":\"https:\\\/\\\/www.eldiario.net\\\/portal\\\/?s={search_term_string}\"},\"query-input\":{\"@type\":\"PropertyValueSpecification\",\"valueRequired\":true,\"valueName\":\"search_term_string\"}}],\"inLanguage\":\"es\"},{\"@type\":\"Organization\",\"@id\":\"https:\\\/\\\/www.eldiario.net\\\/portal\\\/#organization\",\"name\":\"El Diario - Decano de la prensa nacional\",\"url\":\"https:\\\/\\\/www.eldiario.net\\\/portal\\\/\",\"logo\":{\"@type\":\"ImageObject\",\"inLanguage\":\"es\",\"@id\":\"https:\\\/\\\/www.eldiario.net\\\/portal\\\/#\\\/schema\\\/logo\\\/image\\\/\",\"url\":\"https:\\\/\\\/www.eldiario.net\\\/portal\\\/wp-content\\\/uploads\\\/2023\\\/07\\\/logo_ED.jpg\",\"contentUrl\":\"https:\\\/\\\/www.eldiario.net\\\/portal\\\/wp-content\\\/uploads\\\/2023\\\/07\\\/logo_ED.jpg\",\"width\":272,\"height\":52,\"caption\":\"El Diario - Decano de la prensa nacional\"},\"image\":{\"@id\":\"https:\\\/\\\/www.eldiario.net\\\/portal\\\/#\\\/schema\\\/logo\\\/image\\\/\"},\"sameAs\":[\"https:\\\/\\\/www.facebook.com\\\/eldiario.bolivia\\\/\",\"https:\\\/\\\/x.com\\\/eldiario_net\"]},{\"@type\":\"Person\",\"@id\":\"https:\\\/\\\/www.eldiario.net\\\/portal\\\/#\\\/schema\\\/person\\\/ba370d92d160f4d3574381f6d9b78fab\",\"name\":\"Viviana Monrroy\",\"image\":{\"@type\":\"ImageObject\",\"inLanguage\":\"es\",\"@id\":\"https:\\\/\\\/secure.gravatar.com\\\/avatar\\\/dfd1611ed5600959a0e5a9754503b6c05d1dcf190010998e0363aee2ad98afca?s=96&d=mm&r=g\",\"url\":\"https:\\\/\\\/secure.gravatar.com\\\/avatar\\\/dfd1611ed5600959a0e5a9754503b6c05d1dcf190010998e0363aee2ad98afca?s=96&d=mm&r=g\",\"contentUrl\":\"https:\\\/\\\/secure.gravatar.com\\\/avatar\\\/dfd1611ed5600959a0e5a9754503b6c05d1dcf190010998e0363aee2ad98afca?s=96&d=mm&r=g\",\"caption\":\"Viviana Monrroy\"},\"sameAs\":[\"http:\\\/\\\/www.eldiario.net\"],\"url\":\"https:\\\/\\\/www.eldiario.net\\\/portal\\\/author\\\/vivianamonrroy\\\/\"}]}<\/script>\n<!-- \/ Yoast SEO plugin. -->","yoast_head_json":{"title":"La Paz: Gasificaci\u00f3n interrumpe actividades por paro de transportistas. (15:10) - El Diario - Bolivia","robots":{"index":"index","follow":"follow","max-snippet":"max-snippet:-1","max-image-preview":"max-image-preview:large","max-video-preview":"max-video-preview:-1"},"canonical":"https:\/\/www.eldiario.net\/portal\/2025\/04\/09\/la-paz-gasificacion-interrumpe-actividades-por-paro-de-transportistas-1510\/","og_locale":"es_ES","og_type":"article","og_title":"La Paz: Gasificaci\u00f3n interrumpe actividades por paro de transportistas. (15:10) - El Diario - Bolivia","og_description":"Una jornada marcada por la tensi\u00f3n en el centro de la ciudad de La Paz, luego de que transportistas urbanos iniciaran un paro indefinido en rechazo a la reciente promulgaci\u00f3n de la Ley de Congelamiento de Pasajes por parte del Concejo Municipal. Tras anunciar el repliegue de sus unidades, los sectores movilizados se apostaron en [&hellip;]","og_url":"https:\/\/www.eldiario.net\/portal\/2025\/04\/09\/la-paz-gasificacion-interrumpe-actividades-por-paro-de-transportistas-1510\/","og_site_name":"El Diario - Bolivia","article_publisher":"https:\/\/www.facebook.com\/eldiario.bolivia\/","article_published_time":"2025-04-09T19:14:17+00:00","og_image":[{"width":300,"height":400,"url":"https:\/\/www.eldiario.net\/portal\/wp-content\/uploads\/2025\/04\/gas-2-e1744226030640.jpg","type":"image\/jpeg"}],"author":"Viviana Monrroy","twitter_card":"summary_large_image","twitter_creator":"@eldiario_net","twitter_site":"@eldiario_net","twitter_misc":{"Escrito por":"Viviana Monrroy","Tiempo de lectura":"2 minutos"},"schema":{"@context":"https:\/\/schema.org","@graph":[{"@type":"Article","@id":"https:\/\/www.eldiario.net\/portal\/2025\/04\/09\/la-paz-gasificacion-interrumpe-actividades-por-paro-de-transportistas-1510\/#article","isPartOf":{"@id":"https:\/\/www.eldiario.net\/portal\/2025\/04\/09\/la-paz-gasificacion-interrumpe-actividades-por-paro-de-transportistas-1510\/"},"author":{"name":"Viviana Monrroy","@id":"https:\/\/www.eldiario.net\/portal\/#\/schema\/person\/ba370d92d160f4d3574381f6d9b78fab"},"headline":"La Paz: Gasificaci\u00f3n interrumpe actividades por paro de transportistas. (15:10)","datePublished":"2025-04-09T19:14:17+00:00","mainEntityOfPage":{"@id":"https:\/\/www.eldiario.net\/portal\/2025\/04\/09\/la-paz-gasificacion-interrumpe-actividades-por-paro-de-transportistas-1510\/"},"wordCount":232,"publisher":{"@id":"https:\/\/www.eldiario.net\/portal\/#organization"},"image":{"@id":"https:\/\/www.eldiario.net\/portal\/2025\/04\/09\/la-paz-gasificacion-interrumpe-actividades-por-paro-de-transportistas-1510\/#primaryimage"},"thumbnailUrl":"https:\/\/www.eldiario.net\/portal\/wp-content\/uploads\/2025\/04\/gas-2-e1744226030640.jpg","articleSection":["\u00daltima Hora"],"inLanguage":"es"},{"@type":"WebPage","@id":"https:\/\/www.eldiario.net\/portal\/2025\/04\/09\/la-paz-gasificacion-interrumpe-actividades-por-paro-de-transportistas-1510\/","url":"https:\/\/www.eldiario.net\/portal\/2025\/04\/09\/la-paz-gasificacion-interrumpe-actividades-por-paro-de-transportistas-1510\/","name":"La Paz: Gasificaci\u00f3n interrumpe actividades por paro de transportistas. (15:10) - El Diario - Bolivia","isPartOf":{"@id":"https:\/\/www.eldiario.net\/portal\/#website"},"primaryImageOfPage":{"@id":"https:\/\/www.eldiario.net\/portal\/2025\/04\/09\/la-paz-gasificacion-interrumpe-actividades-por-paro-de-transportistas-1510\/#primaryimage"},"image":{"@id":"https:\/\/www.eldiario.net\/portal\/2025\/04\/09\/la-paz-gasificacion-interrumpe-actividades-por-paro-de-transportistas-1510\/#primaryimage"},"thumbnailUrl":"https:\/\/www.eldiario.net\/portal\/wp-content\/uploads\/2025\/04\/gas-2-e1744226030640.jpg","datePublished":"2025-04-09T19:14:17+00:00","breadcrumb":{"@id":"https:\/\/www.eldiario.net\/portal\/2025\/04\/09\/la-paz-gasificacion-interrumpe-actividades-por-paro-de-transportistas-1510\/#breadcrumb"},"inLanguage":"es","potentialAction":[{"@type":"ReadAction","target":["https:\/\/www.eldiario.net\/portal\/2025\/04\/09\/la-paz-gasificacion-interrumpe-actividades-por-paro-de-transportistas-1510\/"]}]},{"@type":"ImageObject","inLanguage":"es","@id":"https:\/\/www.eldiario.net\/portal\/2025\/04\/09\/la-paz-gasificacion-interrumpe-actividades-por-paro-de-transportistas-1510\/#primaryimage","url":"https:\/\/www.eldiario.net\/portal\/wp-content\/uploads\/2025\/04\/gas-2-e1744226030640.jpg","contentUrl":"https:\/\/www.eldiario.net\/portal\/wp-content\/uploads\/2025\/04\/gas-2-e1744226030640.jpg","width":300,"height":400,"caption":"Foto: El Diario"},{"@type":"BreadcrumbList","@id":"https:\/\/www.eldiario.net\/portal\/2025\/04\/09\/la-paz-gasificacion-interrumpe-actividades-por-paro-de-transportistas-1510\/#breadcrumb","itemListElement":[{"@type":"ListItem","position":1,"name":"Portada","item":"https:\/\/www.eldiario.net\/portal\/"},{"@type":"ListItem","position":2,"name":"La Paz: Gasificaci\u00f3n interrumpe actividades por paro de transportistas. (15:10)"}]},{"@type":"WebSite","@id":"https:\/\/www.eldiario.net\/portal\/#website","url":"https:\/\/www.eldiario.net\/portal\/","name":"El Diario - Decano de la prensa nacional","description":"El Diario - Decano de la prensa nacional","publisher":{"@id":"https:\/\/www.eldiario.net\/portal\/#organization"},"potentialAction":[{"@type":"SearchAction","target":{"@type":"EntryPoint","urlTemplate":"https:\/\/www.eldiario.net\/portal\/?s={search_term_string}"},"query-input":{"@type":"PropertyValueSpecification","valueRequired":true,"valueName":"search_term_string"}}],"inLanguage":"es"},{"@type":"Organization","@id":"https:\/\/www.eldiario.net\/portal\/#organization","name":"El Diario - Decano de la prensa nacional","url":"https:\/\/www.eldiario.net\/portal\/","logo":{"@type":"ImageObject","inLanguage":"es","@id":"https:\/\/www.eldiario.net\/portal\/#\/schema\/logo\/image\/","url":"https:\/\/www.eldiario.net\/portal\/wp-content\/uploads\/2023\/07\/logo_ED.jpg","contentUrl":"https:\/\/www.eldiario.net\/portal\/wp-content\/uploads\/2023\/07\/logo_ED.jpg","width":272,"height":52,"caption":"El Diario - Decano de la prensa nacional"},"image":{"@id":"https:\/\/www.eldiario.net\/portal\/#\/schema\/logo\/image\/"},"sameAs":["https:\/\/www.facebook.com\/eldiario.bolivia\/","https:\/\/x.com\/eldiario_net"]},{"@type":"Person","@id":"https:\/\/www.eldiario.net\/portal\/#\/schema\/person\/ba370d92d160f4d3574381f6d9b78fab","name":"Viviana Monrroy","image":{"@type":"ImageObject","inLanguage":"es","@id":"https:\/\/secure.gravatar.com\/avatar\/dfd1611ed5600959a0e5a9754503b6c05d1dcf190010998e0363aee2ad98afca?s=96&d=mm&r=g","url":"https:\/\/secure.gravatar.com\/avatar\/dfd1611ed5600959a0e5a9754503b6c05d1dcf190010998e0363aee2ad98afca?s=96&d=mm&r=g","contentUrl":"https:\/\/secure.gravatar.com\/avatar\/dfd1611ed5600959a0e5a9754503b6c05d1dcf190010998e0363aee2ad98afca?s=96&d=mm&r=g","caption":"Viviana Monrroy"},"sameAs":["http:\/\/www.eldiario.net"],"url":"https:\/\/www.eldiario.net\/portal\/author\/vivianamonrroy\/"}]}},"_links":{"self":[{"href":"https:\/\/www.eldiario.net\/portal\/wp-json\/wp\/v2\/posts\/294244","targetHints":{"allow":["GET"]}}],"collection":[{"href":"https:\/\/www.eldiario.net\/portal\/wp-json\/wp\/v2\/posts"}],"about":[{"href":"https:\/\/www.eldiario.net\/portal\/wp-json\/wp\/v2\/types\/post"}],"author":[{"embeddable":true,"href":"https:\/\/www.eldiario.net\/portal\/wp-json\/wp\/v2\/users\/7"}],"replies":[{"embeddable":true,"href":"https:\/\/www.eldiario.net\/portal\/wp-json\/wp\/v2\/comments?post=294244"}],"version-history":[{"count":1,"href":"https:\/\/www.eldiario.net\/portal\/wp-json\/wp\/v2\/posts\/294244\/revisions"}],"predecessor-version":[{"id":294247,"href":"https:\/\/www.eldiario.net\/portal\/wp-json\/wp\/v2\/posts\/294244\/revisions\/294247"}],"wp:featuredmedia":[{"embeddable":true,"href":"https:\/\/www.eldiario.net\/portal\/wp-json\/wp\/v2\/media\/294246"}],"wp:attachment":[{"href":"https:\/\/www.eldiario.net\/portal\/wp-json\/wp\/v2\/media?parent=294244"}],"wp:term":[{"taxonomy":"category","embeddable":true,"href":"https:\/\/www.eldiario.net\/portal\/wp-json\/wp\/v2\/categories?post=294244"},{"taxonomy":"post_tag","embeddable":true,"href":"https:\/\/www.eldiario.net\/portal\/wp-json\/wp\/v2\/tags?post=294244"}],"curies":[{"name":"wp","href":"https:\/\/api.w.org\/{rel}","templated":true}]}}