{"id":294232,"date":"2025-04-09T12:27:58","date_gmt":"2025-04-09T16:27:58","guid":{"rendered":"https:\/\/www.eldiario.net\/portal\/?p=294232"},"modified":"2025-04-09T12:27:58","modified_gmt":"2025-04-09T16:27:58","slug":"mesa-declina-su-presencia-en-el-bloque-de-unidad-1226","status":"publish","type":"post","link":"https:\/\/www.eldiario.net\/portal\/2025\/04\/09\/mesa-declina-su-presencia-en-el-bloque-de-unidad-1226\/","title":{"rendered":"Mesa declina su presencia en el \u201cBloque de Unidad\u201d. (12:26)"},"content":{"rendered":"<p>El expresidente Carlos Mesa public\u00f3 una carta en su cuenta oficial de la red social X en la que anuncia su retiro del Bloque de Unidad de la Oposici\u00f3n Democr\u00e1tica.\u201cDespu\u00e9s de una larga reflexi\u00f3n de conciencia, quiero comunicar una decisi\u00f3n que es coherente con mi compromiso con el pa\u00eds\u201d, se\u00f1ala Mesa, quien lamenta que se haya llegado a un \u201cpunto muerto\u201d en la definici\u00f3n de un candidato \u00fanico para enfrentar al MAS.<\/p>\n<p>Mesa asegura que hizo todo lo posible para consolidar la unidad opositora y recuerda que incluso declin\u00f3 su candidatura presidencial como muestra de compromiso con el pa\u00eds. \u201cAl haberse quebrado la posibilidad de dicho acuerdo, carece de sentido mi presencia, de aqu\u00ed en m\u00e1s, en el seno del Bloque\u201d, afirma. En su carta, advierte sobre la gravedad de la situaci\u00f3n nacional y llama a quienes mantienen aspiraciones presidenciales a reflexionar con responsabilidad.<\/p>\n","protected":false},"excerpt":{"rendered":"<p>El expresidente Carlos Mesa public\u00f3 una carta en su cuenta oficial de la red social X en la que anuncia su retiro del Bloque de Unidad de la Oposici\u00f3n Democr\u00e1tica.\u201cDespu\u00e9s de una larga reflexi\u00f3n de conciencia, quiero comunicar una decisi\u00f3n que es coherente con mi compromiso con el pa\u00eds\u201d, se\u00f1ala Mesa, quien lamenta que se [&hellip;]<\/p>\n","protected":false},"author":7,"featured_media":294234,"comment_status":"closed","ping_status":"open","sticky":false,"template":"","format":"standard","meta":{"_acf_changed":false,"footnotes":""},"categories":[51],"tags":[],"class_list":["post-294232","post","type-post","status-publish","format-standard","has-post-thumbnail","category-ultima-hora"],"acf":{"antetitulo":""},"yoast_head":"<!-- This site is optimized with the Yoast SEO plugin v28.4 - https:\/\/yoast.com\/product\/yoast-seo-wordpress\/ -->\n<title>Mesa declina su presencia en el \u201cBloque de Unidad\u201d. (12:26) - El Diario - Bolivia<\/title>\n<meta name=\"robots\" content=\"index, follow, max-snippet:-1, max-image-preview:large, max-video-preview:-1\" \/>\n<link rel=\"canonical\" href=\"https:\/\/www.eldiario.net\/portal\/2025\/04\/09\/mesa-declina-su-presencia-en-el-bloque-de-unidad-1226\/\" \/>\n<meta property=\"og:locale\" content=\"es_ES\" \/>\n<meta property=\"og:type\" content=\"article\" \/>\n<meta property=\"og:title\" content=\"Mesa declina su presencia en el \u201cBloque de Unidad\u201d. (12:26) - El Diario - Bolivia\" \/>\n<meta property=\"og:description\" content=\"El expresidente Carlos Mesa public\u00f3 una carta en su cuenta oficial de la red social X en la que anuncia su retiro del Bloque de Unidad de la Oposici\u00f3n Democr\u00e1tica.\u201cDespu\u00e9s de una larga reflexi\u00f3n de conciencia, quiero comunicar una decisi\u00f3n que es coherente con mi compromiso con el pa\u00eds\u201d, se\u00f1ala Mesa, quien lamenta que se [&hellip;]\" \/>\n<meta property=\"og:url\" content=\"https:\/\/www.eldiario.net\/portal\/2025\/04\/09\/mesa-declina-su-presencia-en-el-bloque-de-unidad-1226\/\" \/>\n<meta property=\"og:site_name\" content=\"El Diario - Bolivia\" \/>\n<meta property=\"article:publisher\" content=\"https:\/\/www.facebook.com\/eldiario.bolivia\/\" \/>\n<meta property=\"article:published_time\" content=\"2025-04-09T16:27:58+00:00\" \/>\n<meta property=\"og:image\" content=\"https:\/\/www.eldiario.net\/portal\/wp-content\/uploads\/2025\/04\/mesa-carta-e1744216055877.jpg\" \/>\n\t<meta property=\"og:image:width\" content=\"300\" \/>\n\t<meta property=\"og:image:height\" content=\"381\" \/>\n\t<meta property=\"og:image:type\" content=\"image\/jpeg\" \/>\n<meta name=\"author\" content=\"Viviana Monrroy\" \/>\n<meta name=\"twitter:card\" content=\"summary_large_image\" \/>\n<meta name=\"twitter:creator\" content=\"@eldiario_net\" \/>\n<meta name=\"twitter:site\" content=\"@eldiario_net\" \/>\n<meta name=\"twitter:label1\" content=\"Escrito por\" \/>\n\t<meta name=\"twitter:data1\" content=\"Viviana Monrroy\" \/>\n\t<meta name=\"twitter:label2\" content=\"Tiempo de lectura\" \/>\n\t<meta name=\"twitter:data2\" content=\"1 minuto\" \/>\n<script type=\"application\/ld+json\" class=\"yoast-schema-graph\">{\"@context\":\"https:\\\/\\\/schema.org\",\"@graph\":[{\"@type\":\"Article\",\"@id\":\"https:\\\/\\\/www.eldiario.net\\\/portal\\\/2025\\\/04\\\/09\\\/mesa-declina-su-presencia-en-el-bloque-de-unidad-1226\\\/#article\",\"isPartOf\":{\"@id\":\"https:\\\/\\\/www.eldiario.net\\\/portal\\\/2025\\\/04\\\/09\\\/mesa-declina-su-presencia-en-el-bloque-de-unidad-1226\\\/\"},\"author\":{\"name\":\"Viviana Monrroy\",\"@id\":\"https:\\\/\\\/www.eldiario.net\\\/portal\\\/#\\\/schema\\\/person\\\/ba370d92d160f4d3574381f6d9b78fab\"},\"headline\":\"Mesa declina su presencia en el \u201cBloque de Unidad\u201d. (12:26)\",\"datePublished\":\"2025-04-09T16:27:58+00:00\",\"mainEntityOfPage\":{\"@id\":\"https:\\\/\\\/www.eldiario.net\\\/portal\\\/2025\\\/04\\\/09\\\/mesa-declina-su-presencia-en-el-bloque-de-unidad-1226\\\/\"},\"wordCount\":165,\"publisher\":{\"@id\":\"https:\\\/\\\/www.eldiario.net\\\/portal\\\/#organization\"},\"image\":{\"@id\":\"https:\\\/\\\/www.eldiario.net\\\/portal\\\/2025\\\/04\\\/09\\\/mesa-declina-su-presencia-en-el-bloque-de-unidad-1226\\\/#primaryimage\"},\"thumbnailUrl\":\"https:\\\/\\\/www.eldiario.net\\\/portal\\\/wp-content\\\/uploads\\\/2025\\\/04\\\/mesa-carta-e1744216055877.jpg\",\"articleSection\":[\"\u00daltima Hora\"],\"inLanguage\":\"es\"},{\"@type\":\"WebPage\",\"@id\":\"https:\\\/\\\/www.eldiario.net\\\/portal\\\/2025\\\/04\\\/09\\\/mesa-declina-su-presencia-en-el-bloque-de-unidad-1226\\\/\",\"url\":\"https:\\\/\\\/www.eldiario.net\\\/portal\\\/2025\\\/04\\\/09\\\/mesa-declina-su-presencia-en-el-bloque-de-unidad-1226\\\/\",\"name\":\"Mesa declina su presencia en el \u201cBloque de Unidad\u201d. (12:26) - El Diario - Bolivia\",\"isPartOf\":{\"@id\":\"https:\\\/\\\/www.eldiario.net\\\/portal\\\/#website\"},\"primaryImageOfPage\":{\"@id\":\"https:\\\/\\\/www.eldiario.net\\\/portal\\\/2025\\\/04\\\/09\\\/mesa-declina-su-presencia-en-el-bloque-de-unidad-1226\\\/#primaryimage\"},\"image\":{\"@id\":\"https:\\\/\\\/www.eldiario.net\\\/portal\\\/2025\\\/04\\\/09\\\/mesa-declina-su-presencia-en-el-bloque-de-unidad-1226\\\/#primaryimage\"},\"thumbnailUrl\":\"https:\\\/\\\/www.eldiario.net\\\/portal\\\/wp-content\\\/uploads\\\/2025\\\/04\\\/mesa-carta-e1744216055877.jpg\",\"datePublished\":\"2025-04-09T16:27:58+00:00\",\"breadcrumb\":{\"@id\":\"https:\\\/\\\/www.eldiario.net\\\/portal\\\/2025\\\/04\\\/09\\\/mesa-declina-su-presencia-en-el-bloque-de-unidad-1226\\\/#breadcrumb\"},\"inLanguage\":\"es\",\"potentialAction\":[{\"@type\":\"ReadAction\",\"target\":[\"https:\\\/\\\/www.eldiario.net\\\/portal\\\/2025\\\/04\\\/09\\\/mesa-declina-su-presencia-en-el-bloque-de-unidad-1226\\\/\"]}]},{\"@type\":\"ImageObject\",\"inLanguage\":\"es\",\"@id\":\"https:\\\/\\\/www.eldiario.net\\\/portal\\\/2025\\\/04\\\/09\\\/mesa-declina-su-presencia-en-el-bloque-de-unidad-1226\\\/#primaryimage\",\"url\":\"https:\\\/\\\/www.eldiario.net\\\/portal\\\/wp-content\\\/uploads\\\/2025\\\/04\\\/mesa-carta-e1744216055877.jpg\",\"contentUrl\":\"https:\\\/\\\/www.eldiario.net\\\/portal\\\/wp-content\\\/uploads\\\/2025\\\/04\\\/mesa-carta-e1744216055877.jpg\",\"width\":300,\"height\":381},{\"@type\":\"BreadcrumbList\",\"@id\":\"https:\\\/\\\/www.eldiario.net\\\/portal\\\/2025\\\/04\\\/09\\\/mesa-declina-su-presencia-en-el-bloque-de-unidad-1226\\\/#breadcrumb\",\"itemListElement\":[{\"@type\":\"ListItem\",\"position\":1,\"name\":\"Portada\",\"item\":\"https:\\\/\\\/www.eldiario.net\\\/portal\\\/\"},{\"@type\":\"ListItem\",\"position\":2,\"name\":\"Mesa declina su presencia en el \u201cBloque de Unidad\u201d. (12:26)\"}]},{\"@type\":\"WebSite\",\"@id\":\"https:\\\/\\\/www.eldiario.net\\\/portal\\\/#website\",\"url\":\"https:\\\/\\\/www.eldiario.net\\\/portal\\\/\",\"name\":\"El Diario - Decano de la prensa nacional\",\"description\":\"El Diario - Decano de la prensa nacional\",\"publisher\":{\"@id\":\"https:\\\/\\\/www.eldiario.net\\\/portal\\\/#organization\"},\"potentialAction\":[{\"@type\":\"SearchAction\",\"target\":{\"@type\":\"EntryPoint\",\"urlTemplate\":\"https:\\\/\\\/www.eldiario.net\\\/portal\\\/?s={search_term_string}\"},\"query-input\":{\"@type\":\"PropertyValueSpecification\",\"valueRequired\":true,\"valueName\":\"search_term_string\"}}],\"inLanguage\":\"es\"},{\"@type\":\"Organization\",\"@id\":\"https:\\\/\\\/www.eldiario.net\\\/portal\\\/#organization\",\"name\":\"El Diario - Decano de la prensa nacional\",\"url\":\"https:\\\/\\\/www.eldiario.net\\\/portal\\\/\",\"logo\":{\"@type\":\"ImageObject\",\"inLanguage\":\"es\",\"@id\":\"https:\\\/\\\/www.eldiario.net\\\/portal\\\/#\\\/schema\\\/logo\\\/image\\\/\",\"url\":\"https:\\\/\\\/www.eldiario.net\\\/portal\\\/wp-content\\\/uploads\\\/2023\\\/07\\\/logo_ED.jpg\",\"contentUrl\":\"https:\\\/\\\/www.eldiario.net\\\/portal\\\/wp-content\\\/uploads\\\/2023\\\/07\\\/logo_ED.jpg\",\"width\":272,\"height\":52,\"caption\":\"El Diario - Decano de la prensa nacional\"},\"image\":{\"@id\":\"https:\\\/\\\/www.eldiario.net\\\/portal\\\/#\\\/schema\\\/logo\\\/image\\\/\"},\"sameAs\":[\"https:\\\/\\\/www.facebook.com\\\/eldiario.bolivia\\\/\",\"https:\\\/\\\/x.com\\\/eldiario_net\"]},{\"@type\":\"Person\",\"@id\":\"https:\\\/\\\/www.eldiario.net\\\/portal\\\/#\\\/schema\\\/person\\\/ba370d92d160f4d3574381f6d9b78fab\",\"name\":\"Viviana Monrroy\",\"image\":{\"@type\":\"ImageObject\",\"inLanguage\":\"es\",\"@id\":\"https:\\\/\\\/secure.gravatar.com\\\/avatar\\\/dfd1611ed5600959a0e5a9754503b6c05d1dcf190010998e0363aee2ad98afca?s=96&d=mm&r=g\",\"url\":\"https:\\\/\\\/secure.gravatar.com\\\/avatar\\\/dfd1611ed5600959a0e5a9754503b6c05d1dcf190010998e0363aee2ad98afca?s=96&d=mm&r=g\",\"contentUrl\":\"https:\\\/\\\/secure.gravatar.com\\\/avatar\\\/dfd1611ed5600959a0e5a9754503b6c05d1dcf190010998e0363aee2ad98afca?s=96&d=mm&r=g\",\"caption\":\"Viviana Monrroy\"},\"sameAs\":[\"http:\\\/\\\/www.eldiario.net\"],\"url\":\"https:\\\/\\\/www.eldiario.net\\\/portal\\\/author\\\/vivianamonrroy\\\/\"}]}<\/script>\n<!-- \/ Yoast SEO plugin. -->","yoast_head_json":{"title":"Mesa declina su presencia en el \u201cBloque de Unidad\u201d. (12:26) - El Diario - Bolivia","robots":{"index":"index","follow":"follow","max-snippet":"max-snippet:-1","max-image-preview":"max-image-preview:large","max-video-preview":"max-video-preview:-1"},"canonical":"https:\/\/www.eldiario.net\/portal\/2025\/04\/09\/mesa-declina-su-presencia-en-el-bloque-de-unidad-1226\/","og_locale":"es_ES","og_type":"article","og_title":"Mesa declina su presencia en el \u201cBloque de Unidad\u201d. (12:26) - El Diario - Bolivia","og_description":"El expresidente Carlos Mesa public\u00f3 una carta en su cuenta oficial de la red social X en la que anuncia su retiro del Bloque de Unidad de la Oposici\u00f3n Democr\u00e1tica.\u201cDespu\u00e9s de una larga reflexi\u00f3n de conciencia, quiero comunicar una decisi\u00f3n que es coherente con mi compromiso con el pa\u00eds\u201d, se\u00f1ala Mesa, quien lamenta que se [&hellip;]","og_url":"https:\/\/www.eldiario.net\/portal\/2025\/04\/09\/mesa-declina-su-presencia-en-el-bloque-de-unidad-1226\/","og_site_name":"El Diario - Bolivia","article_publisher":"https:\/\/www.facebook.com\/eldiario.bolivia\/","article_published_time":"2025-04-09T16:27:58+00:00","og_image":[{"width":300,"height":381,"url":"https:\/\/www.eldiario.net\/portal\/wp-content\/uploads\/2025\/04\/mesa-carta-e1744216055877.jpg","type":"image\/jpeg"}],"author":"Viviana Monrroy","twitter_card":"summary_large_image","twitter_creator":"@eldiario_net","twitter_site":"@eldiario_net","twitter_misc":{"Escrito por":"Viviana Monrroy","Tiempo de lectura":"1 minuto"},"schema":{"@context":"https:\/\/schema.org","@graph":[{"@type":"Article","@id":"https:\/\/www.eldiario.net\/portal\/2025\/04\/09\/mesa-declina-su-presencia-en-el-bloque-de-unidad-1226\/#article","isPartOf":{"@id":"https:\/\/www.eldiario.net\/portal\/2025\/04\/09\/mesa-declina-su-presencia-en-el-bloque-de-unidad-1226\/"},"author":{"name":"Viviana Monrroy","@id":"https:\/\/www.eldiario.net\/portal\/#\/schema\/person\/ba370d92d160f4d3574381f6d9b78fab"},"headline":"Mesa declina su presencia en el \u201cBloque de Unidad\u201d. (12:26)","datePublished":"2025-04-09T16:27:58+00:00","mainEntityOfPage":{"@id":"https:\/\/www.eldiario.net\/portal\/2025\/04\/09\/mesa-declina-su-presencia-en-el-bloque-de-unidad-1226\/"},"wordCount":165,"publisher":{"@id":"https:\/\/www.eldiario.net\/portal\/#organization"},"image":{"@id":"https:\/\/www.eldiario.net\/portal\/2025\/04\/09\/mesa-declina-su-presencia-en-el-bloque-de-unidad-1226\/#primaryimage"},"thumbnailUrl":"https:\/\/www.eldiario.net\/portal\/wp-content\/uploads\/2025\/04\/mesa-carta-e1744216055877.jpg","articleSection":["\u00daltima Hora"],"inLanguage":"es"},{"@type":"WebPage","@id":"https:\/\/www.eldiario.net\/portal\/2025\/04\/09\/mesa-declina-su-presencia-en-el-bloque-de-unidad-1226\/","url":"https:\/\/www.eldiario.net\/portal\/2025\/04\/09\/mesa-declina-su-presencia-en-el-bloque-de-unidad-1226\/","name":"Mesa declina su presencia en el \u201cBloque de Unidad\u201d. (12:26) - El Diario - Bolivia","isPartOf":{"@id":"https:\/\/www.eldiario.net\/portal\/#website"},"primaryImageOfPage":{"@id":"https:\/\/www.eldiario.net\/portal\/2025\/04\/09\/mesa-declina-su-presencia-en-el-bloque-de-unidad-1226\/#primaryimage"},"image":{"@id":"https:\/\/www.eldiario.net\/portal\/2025\/04\/09\/mesa-declina-su-presencia-en-el-bloque-de-unidad-1226\/#primaryimage"},"thumbnailUrl":"https:\/\/www.eldiario.net\/portal\/wp-content\/uploads\/2025\/04\/mesa-carta-e1744216055877.jpg","datePublished":"2025-04-09T16:27:58+00:00","breadcrumb":{"@id":"https:\/\/www.eldiario.net\/portal\/2025\/04\/09\/mesa-declina-su-presencia-en-el-bloque-de-unidad-1226\/#breadcrumb"},"inLanguage":"es","potentialAction":[{"@type":"ReadAction","target":["https:\/\/www.eldiario.net\/portal\/2025\/04\/09\/mesa-declina-su-presencia-en-el-bloque-de-unidad-1226\/"]}]},{"@type":"ImageObject","inLanguage":"es","@id":"https:\/\/www.eldiario.net\/portal\/2025\/04\/09\/mesa-declina-su-presencia-en-el-bloque-de-unidad-1226\/#primaryimage","url":"https:\/\/www.eldiario.net\/portal\/wp-content\/uploads\/2025\/04\/mesa-carta-e1744216055877.jpg","contentUrl":"https:\/\/www.eldiario.net\/portal\/wp-content\/uploads\/2025\/04\/mesa-carta-e1744216055877.jpg","width":300,"height":381},{"@type":"BreadcrumbList","@id":"https:\/\/www.eldiario.net\/portal\/2025\/04\/09\/mesa-declina-su-presencia-en-el-bloque-de-unidad-1226\/#breadcrumb","itemListElement":[{"@type":"ListItem","position":1,"name":"Portada","item":"https:\/\/www.eldiario.net\/portal\/"},{"@type":"ListItem","position":2,"name":"Mesa declina su presencia en el \u201cBloque de Unidad\u201d. (12:26)"}]},{"@type":"WebSite","@id":"https:\/\/www.eldiario.net\/portal\/#website","url":"https:\/\/www.eldiario.net\/portal\/","name":"El Diario - Decano de la prensa nacional","description":"El Diario - Decano de la prensa nacional","publisher":{"@id":"https:\/\/www.eldiario.net\/portal\/#organization"},"potentialAction":[{"@type":"SearchAction","target":{"@type":"EntryPoint","urlTemplate":"https:\/\/www.eldiario.net\/portal\/?s={search_term_string}"},"query-input":{"@type":"PropertyValueSpecification","valueRequired":true,"valueName":"search_term_string"}}],"inLanguage":"es"},{"@type":"Organization","@id":"https:\/\/www.eldiario.net\/portal\/#organization","name":"El Diario - Decano de la prensa nacional","url":"https:\/\/www.eldiario.net\/portal\/","logo":{"@type":"ImageObject","inLanguage":"es","@id":"https:\/\/www.eldiario.net\/portal\/#\/schema\/logo\/image\/","url":"https:\/\/www.eldiario.net\/portal\/wp-content\/uploads\/2023\/07\/logo_ED.jpg","contentUrl":"https:\/\/www.eldiario.net\/portal\/wp-content\/uploads\/2023\/07\/logo_ED.jpg","width":272,"height":52,"caption":"El Diario - Decano de la prensa nacional"},"image":{"@id":"https:\/\/www.eldiario.net\/portal\/#\/schema\/logo\/image\/"},"sameAs":["https:\/\/www.facebook.com\/eldiario.bolivia\/","https:\/\/x.com\/eldiario_net"]},{"@type":"Person","@id":"https:\/\/www.eldiario.net\/portal\/#\/schema\/person\/ba370d92d160f4d3574381f6d9b78fab","name":"Viviana Monrroy","image":{"@type":"ImageObject","inLanguage":"es","@id":"https:\/\/secure.gravatar.com\/avatar\/dfd1611ed5600959a0e5a9754503b6c05d1dcf190010998e0363aee2ad98afca?s=96&d=mm&r=g","url":"https:\/\/secure.gravatar.com\/avatar\/dfd1611ed5600959a0e5a9754503b6c05d1dcf190010998e0363aee2ad98afca?s=96&d=mm&r=g","contentUrl":"https:\/\/secure.gravatar.com\/avatar\/dfd1611ed5600959a0e5a9754503b6c05d1dcf190010998e0363aee2ad98afca?s=96&d=mm&r=g","caption":"Viviana Monrroy"},"sameAs":["http:\/\/www.eldiario.net"],"url":"https:\/\/www.eldiario.net\/portal\/author\/vivianamonrroy\/"}]}},"_links":{"self":[{"href":"https:\/\/www.eldiario.net\/portal\/wp-json\/wp\/v2\/posts\/294232","targetHints":{"allow":["GET"]}}],"collection":[{"href":"https:\/\/www.eldiario.net\/portal\/wp-json\/wp\/v2\/posts"}],"about":[{"href":"https:\/\/www.eldiario.net\/portal\/wp-json\/wp\/v2\/types\/post"}],"author":[{"embeddable":true,"href":"https:\/\/www.eldiario.net\/portal\/wp-json\/wp\/v2\/users\/7"}],"replies":[{"embeddable":true,"href":"https:\/\/www.eldiario.net\/portal\/wp-json\/wp\/v2\/comments?post=294232"}],"version-history":[{"count":1,"href":"https:\/\/www.eldiario.net\/portal\/wp-json\/wp\/v2\/posts\/294232\/revisions"}],"predecessor-version":[{"id":294235,"href":"https:\/\/www.eldiario.net\/portal\/wp-json\/wp\/v2\/posts\/294232\/revisions\/294235"}],"wp:featuredmedia":[{"embeddable":true,"href":"https:\/\/www.eldiario.net\/portal\/wp-json\/wp\/v2\/media\/294234"}],"wp:attachment":[{"href":"https:\/\/www.eldiario.net\/portal\/wp-json\/wp\/v2\/media?parent=294232"}],"wp:term":[{"taxonomy":"category","embeddable":true,"href":"https:\/\/www.eldiario.net\/portal\/wp-json\/wp\/v2\/categories?post=294232"},{"taxonomy":"post_tag","embeddable":true,"href":"https:\/\/www.eldiario.net\/portal\/wp-json\/wp\/v2\/tags?post=294232"}],"curies":[{"name":"wp","href":"https:\/\/api.w.org\/{rel}","templated":true}]}}