{"id":293797,"date":"2025-04-08T05:44:48","date_gmt":"2025-04-08T09:44:48","guid":{"rendered":"https:\/\/www.eldiario.net\/portal\/?p=293797"},"modified":"2025-04-08T05:44:48","modified_gmt":"2025-04-08T09:44:48","slug":"politicos-ajenos-a-la-dinamica-historica","status":"publish","type":"post","link":"https:\/\/www.eldiario.net\/portal\/2025\/04\/08\/politicos-ajenos-a-la-dinamica-historica\/","title":{"rendered":"Pol\u00edticos ajenos a  la din\u00e1mica hist\u00f3rica"},"content":{"rendered":"<p><em>En todo tiempo de la existencia de la pol\u00edtica han estado presentes tres clases de protagonistas en esa materia, para unos la m\u00e1s alta forma de pensamiento y, para otros, algo de segunda mano y hasta despreciable. En ese sentido, los analistas han clasificado a quienes se dedican a la pol\u00edtica en tres categor\u00edas: los pol\u00edticos especializados, los politiqueros y los politicastros.<\/em><\/p>\n<p><em>Esa clasificaci\u00f3n sirve para todos los pa\u00edses, pero m\u00e1s para unos que para otros. En ese sentido, en ciertos pa\u00edses ya no existen los pol\u00edticos y solamente act\u00faan los politiqueros e inclusive solo los politicastros, que forman el \u00faltimo eslab\u00f3n dela vida p\u00fablica y que, adem\u00e1s, son los que tienen a su cargo las riendas del Estado y los destinos de una naci\u00f3n, lo que se aproxima a lo que ocurre en nuestro pa\u00eds en tiempos contempor\u00e1neos.<\/em><\/p>\n<p><em>Efectivamente, en la actual etapa pol\u00edtica no se observa inter\u00e9s, entre los candidatos presidenciales y parlamentarios, para poner en primer plano los asuntos fundamentales del pa\u00eds. Por el contrario, m\u00e1s se dedican a la filosof\u00eda de la especulaci\u00f3n sobre temas de m\u00ednima cuant\u00eda y no muestran voluntad para encarar los asuntos medianos de nuestra realidad y mucho menos a resolver los magnos problemas que son considerados de vida o muerte. Solamente se escucha comentarios sobre personas que podr\u00edan ser candidatos o maniobras para elegirlos, pero no se oye la menor idea acerca de hacia d\u00f3nde marcha el pa\u00eds o asuntos trascendentales que hoy agobian a la mayor\u00eda de la poblaci\u00f3n.<\/em><\/p>\n<p><em>Tal es caso, por ejemplo, del momento pol\u00edtico actual, cuando la atenci\u00f3n de oficialistas y opositores se concentra en torno al posible candidato cocalero Andr\u00f3nico Rodr\u00edguez o la formaci\u00f3n de frentes y bloques de oposici\u00f3n, que son como montones de ladrillos rotos. Es como si un padre de familia se dedicara a jugar con dados y dejar\u00e1 a sus hijos sin el pan nuestro de cada d\u00eda. Pero esa apreciaci\u00f3n es solo un p\u00e1lido reflejo de la realidad, la misma que, en nuestro caso, es producto del profundo grado de decadencia del pa\u00eds y al que es urgente dedicarle todos los esfuerzos para su salvaci\u00f3n y no agudizar sus deficiencias en todo sentido. Por ello, ciertamente nuestra \u201cclase\u201d pol\u00edtica no se interesa por el pasado, el presente ni el futuro de Bolivia.<\/em><\/p>\n<p><em>Mientras tanto, a ese panorama pol\u00edtico deprimente que solo agudiza la incertidumbre, se suma el hecho de que hasta ahora no se conoce planes para sacar al pa\u00eds de la crisis econ\u00f3mica, principalmente, la cual se traduce en la falta de d\u00f3lares, combustibles, el encarecimiento de productos de la canasta familiar y muchos otros problemas.<\/em><\/p>\n<p><em>Por todo ello se augura que luego de las elecciones generales establecidas para el 17 de agosto, el nuevo gobierno tendr\u00e1 que esmerarse al m\u00e1ximo para reparar todo lo que destruy\u00f3 el r\u00e9gimen populista del MAS.<\/em><\/p>\n","protected":false},"excerpt":{"rendered":"<p>En todo tiempo de la existencia de la pol\u00edtica han estado presentes tres clases de protagonistas en esa materia, para unos la m\u00e1s alta forma de pensamiento y, para otros, algo de segunda mano y hasta despreciable. En ese sentido, los analistas han clasificado a quienes se dedican a la pol\u00edtica en tres categor\u00edas: los [&hellip;]<\/p>\n","protected":false},"author":1,"featured_media":194776,"comment_status":"closed","ping_status":"open","sticky":false,"template":"","format":"standard","meta":{"_acf_changed":false,"footnotes":""},"categories":[4],"tags":[],"class_list":["post-293797","post","type-post","status-publish","format-standard","has-post-thumbnail","category-editorial"],"acf":{"antetitulo":""},"yoast_head":"<!-- This site is optimized with the Yoast SEO plugin v28.3 - https:\/\/yoast.com\/product\/yoast-seo-wordpress\/ -->\n<title>Pol\u00edticos ajenos a la din\u00e1mica hist\u00f3rica - El Diario - Bolivia<\/title>\n<meta name=\"robots\" content=\"index, follow, max-snippet:-1, max-image-preview:large, max-video-preview:-1\" \/>\n<link rel=\"canonical\" href=\"https:\/\/www.eldiario.net\/portal\/2025\/04\/08\/politicos-ajenos-a-la-dinamica-historica\/\" \/>\n<meta property=\"og:locale\" content=\"es_ES\" \/>\n<meta property=\"og:type\" content=\"article\" \/>\n<meta property=\"og:title\" content=\"Pol\u00edticos ajenos a la din\u00e1mica hist\u00f3rica - El Diario - Bolivia\" \/>\n<meta property=\"og:description\" content=\"En todo tiempo de la existencia de la pol\u00edtica han estado presentes tres clases de protagonistas en esa materia, para unos la m\u00e1s alta forma de pensamiento y, para otros, algo de segunda mano y hasta despreciable. En ese sentido, los analistas han clasificado a quienes se dedican a la pol\u00edtica en tres categor\u00edas: los [&hellip;]\" \/>\n<meta property=\"og:url\" content=\"https:\/\/www.eldiario.net\/portal\/2025\/04\/08\/politicos-ajenos-a-la-dinamica-historica\/\" \/>\n<meta property=\"og:site_name\" content=\"El Diario - Bolivia\" \/>\n<meta property=\"article:publisher\" content=\"https:\/\/www.facebook.com\/eldiario.bolivia\/\" \/>\n<meta property=\"article:published_time\" content=\"2025-04-08T09:44:48+00:00\" \/>\n<meta property=\"og:image\" content=\"https:\/\/www.eldiario.net\/portal\/wp-content\/uploads\/2023\/12\/Editorial.jpg\" \/>\n\t<meta property=\"og:image:width\" content=\"800\" \/>\n\t<meta property=\"og:image:height\" content=\"500\" \/>\n\t<meta property=\"og:image:type\" content=\"image\/jpeg\" \/>\n<meta name=\"author\" content=\"Jeanette\" \/>\n<meta name=\"twitter:card\" content=\"summary_large_image\" \/>\n<meta name=\"twitter:creator\" content=\"@eldiario_net\" \/>\n<meta name=\"twitter:site\" content=\"@eldiario_net\" \/>\n<meta name=\"twitter:label1\" content=\"Escrito por\" \/>\n\t<meta name=\"twitter:data1\" content=\"Jeanette\" \/>\n\t<meta name=\"twitter:label2\" content=\"Tiempo de lectura\" \/>\n\t<meta name=\"twitter:data2\" content=\"3 minutos\" \/>\n<script type=\"application\/ld+json\" class=\"yoast-schema-graph\">{\"@context\":\"https:\\\/\\\/schema.org\",\"@graph\":[{\"@type\":\"Article\",\"@id\":\"https:\\\/\\\/www.eldiario.net\\\/portal\\\/2025\\\/04\\\/08\\\/politicos-ajenos-a-la-dinamica-historica\\\/#article\",\"isPartOf\":{\"@id\":\"https:\\\/\\\/www.eldiario.net\\\/portal\\\/2025\\\/04\\\/08\\\/politicos-ajenos-a-la-dinamica-historica\\\/\"},\"author\":{\"name\":\"Jeanette\",\"@id\":\"https:\\\/\\\/www.eldiario.net\\\/portal\\\/#\\\/schema\\\/person\\\/f46445640444750d7d753ccd04ae01b7\"},\"headline\":\"Pol\u00edticos ajenos a la din\u00e1mica hist\u00f3rica\",\"datePublished\":\"2025-04-08T09:44:48+00:00\",\"mainEntityOfPage\":{\"@id\":\"https:\\\/\\\/www.eldiario.net\\\/portal\\\/2025\\\/04\\\/08\\\/politicos-ajenos-a-la-dinamica-historica\\\/\"},\"wordCount\":528,\"publisher\":{\"@id\":\"https:\\\/\\\/www.eldiario.net\\\/portal\\\/#organization\"},\"image\":{\"@id\":\"https:\\\/\\\/www.eldiario.net\\\/portal\\\/2025\\\/04\\\/08\\\/politicos-ajenos-a-la-dinamica-historica\\\/#primaryimage\"},\"thumbnailUrl\":\"https:\\\/\\\/www.eldiario.net\\\/portal\\\/wp-content\\\/uploads\\\/2023\\\/12\\\/Editorial.jpg\",\"articleSection\":[\"Editorial\"],\"inLanguage\":\"es\"},{\"@type\":\"WebPage\",\"@id\":\"https:\\\/\\\/www.eldiario.net\\\/portal\\\/2025\\\/04\\\/08\\\/politicos-ajenos-a-la-dinamica-historica\\\/\",\"url\":\"https:\\\/\\\/www.eldiario.net\\\/portal\\\/2025\\\/04\\\/08\\\/politicos-ajenos-a-la-dinamica-historica\\\/\",\"name\":\"Pol\u00edticos ajenos a la din\u00e1mica hist\u00f3rica - El Diario - Bolivia\",\"isPartOf\":{\"@id\":\"https:\\\/\\\/www.eldiario.net\\\/portal\\\/#website\"},\"primaryImageOfPage\":{\"@id\":\"https:\\\/\\\/www.eldiario.net\\\/portal\\\/2025\\\/04\\\/08\\\/politicos-ajenos-a-la-dinamica-historica\\\/#primaryimage\"},\"image\":{\"@id\":\"https:\\\/\\\/www.eldiario.net\\\/portal\\\/2025\\\/04\\\/08\\\/politicos-ajenos-a-la-dinamica-historica\\\/#primaryimage\"},\"thumbnailUrl\":\"https:\\\/\\\/www.eldiario.net\\\/portal\\\/wp-content\\\/uploads\\\/2023\\\/12\\\/Editorial.jpg\",\"datePublished\":\"2025-04-08T09:44:48+00:00\",\"breadcrumb\":{\"@id\":\"https:\\\/\\\/www.eldiario.net\\\/portal\\\/2025\\\/04\\\/08\\\/politicos-ajenos-a-la-dinamica-historica\\\/#breadcrumb\"},\"inLanguage\":\"es\",\"potentialAction\":[{\"@type\":\"ReadAction\",\"target\":[\"https:\\\/\\\/www.eldiario.net\\\/portal\\\/2025\\\/04\\\/08\\\/politicos-ajenos-a-la-dinamica-historica\\\/\"]}]},{\"@type\":\"ImageObject\",\"inLanguage\":\"es\",\"@id\":\"https:\\\/\\\/www.eldiario.net\\\/portal\\\/2025\\\/04\\\/08\\\/politicos-ajenos-a-la-dinamica-historica\\\/#primaryimage\",\"url\":\"https:\\\/\\\/www.eldiario.net\\\/portal\\\/wp-content\\\/uploads\\\/2023\\\/12\\\/Editorial.jpg\",\"contentUrl\":\"https:\\\/\\\/www.eldiario.net\\\/portal\\\/wp-content\\\/uploads\\\/2023\\\/12\\\/Editorial.jpg\",\"width\":800,\"height\":500},{\"@type\":\"BreadcrumbList\",\"@id\":\"https:\\\/\\\/www.eldiario.net\\\/portal\\\/2025\\\/04\\\/08\\\/politicos-ajenos-a-la-dinamica-historica\\\/#breadcrumb\",\"itemListElement\":[{\"@type\":\"ListItem\",\"position\":1,\"name\":\"Portada\",\"item\":\"https:\\\/\\\/www.eldiario.net\\\/portal\\\/\"},{\"@type\":\"ListItem\",\"position\":2,\"name\":\"Pol\u00edticos ajenos a la din\u00e1mica hist\u00f3rica\"}]},{\"@type\":\"WebSite\",\"@id\":\"https:\\\/\\\/www.eldiario.net\\\/portal\\\/#website\",\"url\":\"https:\\\/\\\/www.eldiario.net\\\/portal\\\/\",\"name\":\"El Diario - Decano de la prensa nacional\",\"description\":\"El Diario - Decano de la prensa nacional\",\"publisher\":{\"@id\":\"https:\\\/\\\/www.eldiario.net\\\/portal\\\/#organization\"},\"potentialAction\":[{\"@type\":\"SearchAction\",\"target\":{\"@type\":\"EntryPoint\",\"urlTemplate\":\"https:\\\/\\\/www.eldiario.net\\\/portal\\\/?s={search_term_string}\"},\"query-input\":{\"@type\":\"PropertyValueSpecification\",\"valueRequired\":true,\"valueName\":\"search_term_string\"}}],\"inLanguage\":\"es\"},{\"@type\":\"Organization\",\"@id\":\"https:\\\/\\\/www.eldiario.net\\\/portal\\\/#organization\",\"name\":\"El Diario - Decano de la prensa nacional\",\"url\":\"https:\\\/\\\/www.eldiario.net\\\/portal\\\/\",\"logo\":{\"@type\":\"ImageObject\",\"inLanguage\":\"es\",\"@id\":\"https:\\\/\\\/www.eldiario.net\\\/portal\\\/#\\\/schema\\\/logo\\\/image\\\/\",\"url\":\"https:\\\/\\\/www.eldiario.net\\\/portal\\\/wp-content\\\/uploads\\\/2023\\\/07\\\/logo_ED.jpg\",\"contentUrl\":\"https:\\\/\\\/www.eldiario.net\\\/portal\\\/wp-content\\\/uploads\\\/2023\\\/07\\\/logo_ED.jpg\",\"width\":272,\"height\":52,\"caption\":\"El Diario - Decano de la prensa nacional\"},\"image\":{\"@id\":\"https:\\\/\\\/www.eldiario.net\\\/portal\\\/#\\\/schema\\\/logo\\\/image\\\/\"},\"sameAs\":[\"https:\\\/\\\/www.facebook.com\\\/eldiario.bolivia\\\/\",\"https:\\\/\\\/x.com\\\/eldiario_net\"]},{\"@type\":\"Person\",\"@id\":\"https:\\\/\\\/www.eldiario.net\\\/portal\\\/#\\\/schema\\\/person\\\/f46445640444750d7d753ccd04ae01b7\",\"name\":\"Jeanette\",\"image\":{\"@type\":\"ImageObject\",\"inLanguage\":\"es\",\"@id\":\"https:\\\/\\\/secure.gravatar.com\\\/avatar\\\/3ea2118a5f7dad2b7138b1187a6b7ee55f160b9968b66013c3a3ef39dd7e5798?s=96&d=mm&r=g\",\"url\":\"https:\\\/\\\/secure.gravatar.com\\\/avatar\\\/3ea2118a5f7dad2b7138b1187a6b7ee55f160b9968b66013c3a3ef39dd7e5798?s=96&d=mm&r=g\",\"contentUrl\":\"https:\\\/\\\/secure.gravatar.com\\\/avatar\\\/3ea2118a5f7dad2b7138b1187a6b7ee55f160b9968b66013c3a3ef39dd7e5798?s=96&d=mm&r=g\",\"caption\":\"Jeanette\"},\"sameAs\":[\"https:\\\/\\\/www.eldiario.net\\\/portal\"],\"url\":\"https:\\\/\\\/www.eldiario.net\\\/portal\\\/author\\\/jeanette\\\/\"}]}<\/script>\n<!-- \/ Yoast SEO plugin. -->","yoast_head_json":{"title":"Pol\u00edticos ajenos a la din\u00e1mica hist\u00f3rica - El Diario - Bolivia","robots":{"index":"index","follow":"follow","max-snippet":"max-snippet:-1","max-image-preview":"max-image-preview:large","max-video-preview":"max-video-preview:-1"},"canonical":"https:\/\/www.eldiario.net\/portal\/2025\/04\/08\/politicos-ajenos-a-la-dinamica-historica\/","og_locale":"es_ES","og_type":"article","og_title":"Pol\u00edticos ajenos a la din\u00e1mica hist\u00f3rica - El Diario - Bolivia","og_description":"En todo tiempo de la existencia de la pol\u00edtica han estado presentes tres clases de protagonistas en esa materia, para unos la m\u00e1s alta forma de pensamiento y, para otros, algo de segunda mano y hasta despreciable. En ese sentido, los analistas han clasificado a quienes se dedican a la pol\u00edtica en tres categor\u00edas: los [&hellip;]","og_url":"https:\/\/www.eldiario.net\/portal\/2025\/04\/08\/politicos-ajenos-a-la-dinamica-historica\/","og_site_name":"El Diario - Bolivia","article_publisher":"https:\/\/www.facebook.com\/eldiario.bolivia\/","article_published_time":"2025-04-08T09:44:48+00:00","og_image":[{"width":800,"height":500,"url":"https:\/\/www.eldiario.net\/portal\/wp-content\/uploads\/2023\/12\/Editorial.jpg","type":"image\/jpeg"}],"author":"Jeanette","twitter_card":"summary_large_image","twitter_creator":"@eldiario_net","twitter_site":"@eldiario_net","twitter_misc":{"Escrito por":"Jeanette","Tiempo de lectura":"3 minutos"},"schema":{"@context":"https:\/\/schema.org","@graph":[{"@type":"Article","@id":"https:\/\/www.eldiario.net\/portal\/2025\/04\/08\/politicos-ajenos-a-la-dinamica-historica\/#article","isPartOf":{"@id":"https:\/\/www.eldiario.net\/portal\/2025\/04\/08\/politicos-ajenos-a-la-dinamica-historica\/"},"author":{"name":"Jeanette","@id":"https:\/\/www.eldiario.net\/portal\/#\/schema\/person\/f46445640444750d7d753ccd04ae01b7"},"headline":"Pol\u00edticos ajenos a la din\u00e1mica hist\u00f3rica","datePublished":"2025-04-08T09:44:48+00:00","mainEntityOfPage":{"@id":"https:\/\/www.eldiario.net\/portal\/2025\/04\/08\/politicos-ajenos-a-la-dinamica-historica\/"},"wordCount":528,"publisher":{"@id":"https:\/\/www.eldiario.net\/portal\/#organization"},"image":{"@id":"https:\/\/www.eldiario.net\/portal\/2025\/04\/08\/politicos-ajenos-a-la-dinamica-historica\/#primaryimage"},"thumbnailUrl":"https:\/\/www.eldiario.net\/portal\/wp-content\/uploads\/2023\/12\/Editorial.jpg","articleSection":["Editorial"],"inLanguage":"es"},{"@type":"WebPage","@id":"https:\/\/www.eldiario.net\/portal\/2025\/04\/08\/politicos-ajenos-a-la-dinamica-historica\/","url":"https:\/\/www.eldiario.net\/portal\/2025\/04\/08\/politicos-ajenos-a-la-dinamica-historica\/","name":"Pol\u00edticos ajenos a la din\u00e1mica hist\u00f3rica - El Diario - Bolivia","isPartOf":{"@id":"https:\/\/www.eldiario.net\/portal\/#website"},"primaryImageOfPage":{"@id":"https:\/\/www.eldiario.net\/portal\/2025\/04\/08\/politicos-ajenos-a-la-dinamica-historica\/#primaryimage"},"image":{"@id":"https:\/\/www.eldiario.net\/portal\/2025\/04\/08\/politicos-ajenos-a-la-dinamica-historica\/#primaryimage"},"thumbnailUrl":"https:\/\/www.eldiario.net\/portal\/wp-content\/uploads\/2023\/12\/Editorial.jpg","datePublished":"2025-04-08T09:44:48+00:00","breadcrumb":{"@id":"https:\/\/www.eldiario.net\/portal\/2025\/04\/08\/politicos-ajenos-a-la-dinamica-historica\/#breadcrumb"},"inLanguage":"es","potentialAction":[{"@type":"ReadAction","target":["https:\/\/www.eldiario.net\/portal\/2025\/04\/08\/politicos-ajenos-a-la-dinamica-historica\/"]}]},{"@type":"ImageObject","inLanguage":"es","@id":"https:\/\/www.eldiario.net\/portal\/2025\/04\/08\/politicos-ajenos-a-la-dinamica-historica\/#primaryimage","url":"https:\/\/www.eldiario.net\/portal\/wp-content\/uploads\/2023\/12\/Editorial.jpg","contentUrl":"https:\/\/www.eldiario.net\/portal\/wp-content\/uploads\/2023\/12\/Editorial.jpg","width":800,"height":500},{"@type":"BreadcrumbList","@id":"https:\/\/www.eldiario.net\/portal\/2025\/04\/08\/politicos-ajenos-a-la-dinamica-historica\/#breadcrumb","itemListElement":[{"@type":"ListItem","position":1,"name":"Portada","item":"https:\/\/www.eldiario.net\/portal\/"},{"@type":"ListItem","position":2,"name":"Pol\u00edticos ajenos a la din\u00e1mica hist\u00f3rica"}]},{"@type":"WebSite","@id":"https:\/\/www.eldiario.net\/portal\/#website","url":"https:\/\/www.eldiario.net\/portal\/","name":"El Diario - Decano de la prensa nacional","description":"El Diario - Decano de la prensa nacional","publisher":{"@id":"https:\/\/www.eldiario.net\/portal\/#organization"},"potentialAction":[{"@type":"SearchAction","target":{"@type":"EntryPoint","urlTemplate":"https:\/\/www.eldiario.net\/portal\/?s={search_term_string}"},"query-input":{"@type":"PropertyValueSpecification","valueRequired":true,"valueName":"search_term_string"}}],"inLanguage":"es"},{"@type":"Organization","@id":"https:\/\/www.eldiario.net\/portal\/#organization","name":"El Diario - Decano de la prensa nacional","url":"https:\/\/www.eldiario.net\/portal\/","logo":{"@type":"ImageObject","inLanguage":"es","@id":"https:\/\/www.eldiario.net\/portal\/#\/schema\/logo\/image\/","url":"https:\/\/www.eldiario.net\/portal\/wp-content\/uploads\/2023\/07\/logo_ED.jpg","contentUrl":"https:\/\/www.eldiario.net\/portal\/wp-content\/uploads\/2023\/07\/logo_ED.jpg","width":272,"height":52,"caption":"El Diario - Decano de la prensa nacional"},"image":{"@id":"https:\/\/www.eldiario.net\/portal\/#\/schema\/logo\/image\/"},"sameAs":["https:\/\/www.facebook.com\/eldiario.bolivia\/","https:\/\/x.com\/eldiario_net"]},{"@type":"Person","@id":"https:\/\/www.eldiario.net\/portal\/#\/schema\/person\/f46445640444750d7d753ccd04ae01b7","name":"Jeanette","image":{"@type":"ImageObject","inLanguage":"es","@id":"https:\/\/secure.gravatar.com\/avatar\/3ea2118a5f7dad2b7138b1187a6b7ee55f160b9968b66013c3a3ef39dd7e5798?s=96&d=mm&r=g","url":"https:\/\/secure.gravatar.com\/avatar\/3ea2118a5f7dad2b7138b1187a6b7ee55f160b9968b66013c3a3ef39dd7e5798?s=96&d=mm&r=g","contentUrl":"https:\/\/secure.gravatar.com\/avatar\/3ea2118a5f7dad2b7138b1187a6b7ee55f160b9968b66013c3a3ef39dd7e5798?s=96&d=mm&r=g","caption":"Jeanette"},"sameAs":["https:\/\/www.eldiario.net\/portal"],"url":"https:\/\/www.eldiario.net\/portal\/author\/jeanette\/"}]}},"_links":{"self":[{"href":"https:\/\/www.eldiario.net\/portal\/wp-json\/wp\/v2\/posts\/293797","targetHints":{"allow":["GET"]}}],"collection":[{"href":"https:\/\/www.eldiario.net\/portal\/wp-json\/wp\/v2\/posts"}],"about":[{"href":"https:\/\/www.eldiario.net\/portal\/wp-json\/wp\/v2\/types\/post"}],"author":[{"embeddable":true,"href":"https:\/\/www.eldiario.net\/portal\/wp-json\/wp\/v2\/users\/1"}],"replies":[{"embeddable":true,"href":"https:\/\/www.eldiario.net\/portal\/wp-json\/wp\/v2\/comments?post=293797"}],"version-history":[{"count":1,"href":"https:\/\/www.eldiario.net\/portal\/wp-json\/wp\/v2\/posts\/293797\/revisions"}],"predecessor-version":[{"id":293798,"href":"https:\/\/www.eldiario.net\/portal\/wp-json\/wp\/v2\/posts\/293797\/revisions\/293798"}],"wp:featuredmedia":[{"embeddable":true,"href":"https:\/\/www.eldiario.net\/portal\/wp-json\/wp\/v2\/media\/194776"}],"wp:attachment":[{"href":"https:\/\/www.eldiario.net\/portal\/wp-json\/wp\/v2\/media?parent=293797"}],"wp:term":[{"taxonomy":"category","embeddable":true,"href":"https:\/\/www.eldiario.net\/portal\/wp-json\/wp\/v2\/categories?post=293797"},{"taxonomy":"post_tag","embeddable":true,"href":"https:\/\/www.eldiario.net\/portal\/wp-json\/wp\/v2\/tags?post=293797"}],"curies":[{"name":"wp","href":"https:\/\/api.w.org\/{rel}","templated":true}]}}