{"id":293527,"date":"2025-04-06T07:57:57","date_gmt":"2025-04-06T11:57:57","guid":{"rendered":"https:\/\/www.eldiario.net\/portal\/?p=293527"},"modified":"2025-04-06T07:57:57","modified_gmt":"2025-04-06T11:57:57","slug":"los-polipos-en-el-colon","status":"publish","type":"post","link":"https:\/\/www.eldiario.net\/portal\/2025\/04\/06\/los-polipos-en-el-colon\/","title":{"rendered":"LOS P\u00d3LIPOS EN EL COLON"},"content":{"rendered":"<p><strong>Descripci\u00f3n general<\/strong><\/p>\n<p>Un p\u00f3lipo en el colon es una peque\u00f1a acumulaci\u00f3n de c\u00e9lulas que se forma en el revestimiento del colon. La mayor\u00eda de los p\u00f3lipos en el colon son inofensivos. Sin embargo, con el paso del tiempo algunos p\u00f3lipos en el colon se pueden transformar en c\u00e1ncer de colon. El c\u00e1ncer de colon suele ser mortal si se descubre en sus \u00faltimas etapas.<\/p>\n<p>Cualquier persona puede desarrollar p\u00f3lipos en el colon. Tienes un riesgo mayor si tienes 50\u00a0a\u00f1os o m\u00e1s, tienes sobrepeso o fumas. Tambi\u00e9n corres un riesgo mayor si tienes antecedentes familiares o personales de p\u00f3lipos en el colon o c\u00e1ncer de colon.<\/p>\n<p>Los p\u00f3lipos en el colon no suelen causar s\u00edntomas. Es importante hacerte ex\u00e1menes de detecci\u00f3n regulares porque los p\u00f3lipos en el colon que se encuentran en las primeras etapas por lo general pueden extirparse de manera segura y completa. La mejor prevenci\u00f3n para el c\u00e1ncer de colon es hacerse regularmente ex\u00e1menes de detecci\u00f3n y remoci\u00f3n de p\u00f3lipos.<\/p>\n<p><strong>S\u00edntomas<\/strong><\/p>\n<p>La mayor\u00eda de las personas con p\u00f3lipos en el colon no presentan s\u00edntomas. Puede que no sepas que tienes un p\u00f3lipo hasta que el proveedor de atenci\u00f3n m\u00e9dica lo detecte durante un examen del colon.<\/p>\n<p>Sin embargo, algunas personas con p\u00f3lipos en el colon experimentan estas situaciones:<\/p>\n<ul>\n<li><strong>Cambios en los h\u00e1bitos intestinales.<\/strong> El estre\u00f1imiento o la diarrea que duran m\u00e1s de una semana pueden indicar la presencia de un p\u00f3lipo grande en el colon o c\u00e1ncer. Sin embargo, otras afecciones tambi\u00e9n pueden causar cambios en los h\u00e1bitos intestinales.<\/li>\n<li><strong>Cambio en el color de las heces.<\/strong> La sangre puede aparecer en forma de rayas rojas en las heces o hacer que estas se vean negras. Un cambio de color tambi\u00e9n puede deberse a ciertos alimentos, medicamentos o suplementos alimentarios.<\/li>\n<li><strong>Anemia por deficiencia de hierro.<\/strong> El sangrado por p\u00f3lipos puede producirse lentamente con el tiempo, sin sangre visible en las heces. El sangrado cr\u00f3nico puede derivar en una anemia por deficiencia de hierro, que puede hacer que te sientas cansado y te falte el aire.<\/li>\n<li><strong>Dolor.<\/strong> Un p\u00f3lipo grande en el colon puede obstruir parcialmente tus intestinos y generar dolor abdominal tipo c\u00f3lico.<\/li>\n<li><strong>Sangrado rectal.<\/strong> Esto puede ser un signo de p\u00f3lipos o c\u00e1ncer en el colon u otras afecciones, como hemorroides o desgarros peque\u00f1os en el ano.<\/li>\n<\/ul>\n<p><strong>Cu\u00e1ndo consultar al m\u00e9dico<\/strong><\/p>\n<p>Consulta a un proveedor de atenci\u00f3n m\u00e9dica si presentas los siguientes:<\/p>\n<ul>\n<li>Dolor abdominal.<\/li>\n<li>Presencia de sangre en las heces.<\/li>\n<li>Un cambio en tus h\u00e1bitos intestinales que dura m\u00e1s de una semana.<\/li>\n<\/ul>\n<p>Te debes hacer ex\u00e1menes de detecci\u00f3n de p\u00f3lipos con frecuencia en los siguientes casos:<\/p>\n<ul>\n<li>Tienes 50\u00a0a\u00f1os o m\u00e1s.<\/li>\n<li>Presentas factores de riesgo, como antecedentes familiares de c\u00e1ncer de colon. Algunas personas de alto riesgo deber\u00edan comenzar los ex\u00e1menes de detecci\u00f3n regulares mucho antes de los 50\u00a0a\u00f1os de edad.<\/li>\n<\/ul>\n<p><strong>Causas<\/strong><\/p>\n<p>Las c\u00e9lulas sanas crecen y se dividen de manera ordenada. Los cambios en ciertos genes pueden causar que las c\u00e9lulas contin\u00faen dividi\u00e9ndose aun cuando no se necesiten c\u00e9lulas nuevas. En el colon y el recto, este crecimiento continuo de c\u00e9lulas puede causar la formaci\u00f3n de p\u00f3lipos. Los p\u00f3lipos pueden crecer en cualquier lugar del intestino grueso.<\/p>\n<p>Existen dos categor\u00edas principales de p\u00f3lipos: los neopl\u00e1sicos y los no neopl\u00e1sicos. Los p\u00f3lipos no neopl\u00e1sicos, por lo general, no se vuelven cancerosos. Los p\u00f3lipos neopl\u00e1sicos incluyen los adenomas y los tipos dentados. Los adenomas tienen mayor probabilidad de convertirse en c\u00e1ncer si se les da tiempo suficiente para crecer. Los p\u00f3lipos dentados pueden volverse cancerosos seg\u00fan su tama\u00f1o y ubicaci\u00f3n. Por lo general, en el caso de los p\u00f3lipos neopl\u00e1sicos, cuanto m\u00e1s grande es el p\u00f3lipo, mayor es el riesgo de padecer c\u00e1ncer.<\/p>\n<p><strong>Factores de riesgo<\/strong><\/p>\n<p>Entre los factores que podr\u00edan causar la formaci\u00f3n de p\u00f3lipos o c\u00e1ncer de colon se incluyen los siguientes:<\/p>\n<ul>\n<li><strong>Edad.<\/strong> La mayor\u00eda de las personas con p\u00f3lipos en el colon tienen 50\u00a0a\u00f1os o m\u00e1s.<\/li>\n<li><strong>Tener afecciones intestinales inflamatorias.<\/strong> La colitis ulcerosa o la enfermedad de Crohn del colon aumentan el riesgo general de tener c\u00e1ncer de colon, aunque los p\u00f3lipos en s\u00ed no constituyen una amenaza significativa.<\/li>\n<li><strong>Antecedentes familiares.<\/strong> Si tienes un padre, un hermano o un hijo con p\u00f3lipos o c\u00e1ncer de colon, es m\u00e1s probable que tambi\u00e9n los desarrolles. Si muchos familiares tienen p\u00f3lipos o c\u00e1ncer, tu riesgo es a\u00fan mayor. En algunas personas, esta conexi\u00f3n no es hereditaria.<\/li>\n<li><strong>Consumir alcohol en exceso y fumar.<\/strong> Los estudios demuestran que las personas que toman tres o m\u00e1s bebidas alcoh\u00f3licas al d\u00eda tienen un mayor riesgo de desarrollar p\u00f3lipos en el colon. Asimismo, consumir alcohol y fumar en conjunto parece aumentar el riesgo.<\/li>\n<li><strong>Obesidad, la falta de ejercicio y consumo de grasas.<\/strong> Corres mayor riesgo si tienes sobrepeso, no haces ejercicio con regularidad y no sigues una alimentaci\u00f3n sana.<\/li>\n<li><strong>Raza.<\/strong> Las personas afroamericanas tienen un mayor riesgo de desarrollar c\u00e1ncer de colon.<\/li>\n<\/ul>\n<p><strong>Trastornos de p\u00f3lipos hereditarios<\/strong><\/p>\n<p>En raras ocasiones, las personas heredan irregularidades gen\u00e9ticas que causan la formaci\u00f3n de p\u00f3lipos en el colon. Si tienes alguno de estos genes, corres un riesgo mucho mayor de padecer c\u00e1ncer de colon. Los ex\u00e1menes para c\u00e1ncer y su detecci\u00f3n temprana pueden ayudar a prevenir el desarrollo o la diseminaci\u00f3n de estos tipos de c\u00e1ncer.<\/p>\n<p>Entre los trastornos hereditarios que causan p\u00f3lipos en el colon se incluyen los siguientes:<\/p>\n<ul>\n<li><strong>S\u00edndrome de Lynch,<\/strong> tambi\u00e9n llamado c\u00e1ncer colorrectal hereditario no polip\u00f3sico. Las personas que tienen s\u00edndrome de Lynch tienden a desarrollar relativamente pocos p\u00f3lipos en el colon, pero estos pueden volverse cancerosos r\u00e1pidamente. El s\u00edndrome de Lynch es el tipo m\u00e1s com\u00fan de c\u00e1ncer de colon hereditario y tambi\u00e9n se asocia a tumores en otras partes del abdomen.<\/li>\n<li><strong>Poliposis adenomatosa familiar,<\/strong> un trastorno raro que causa el desarrollo de cientos o incluso miles de p\u00f3lipos en el revestimiento del colon durante la adolescencia. Si los p\u00f3lipos no se tratan, el riesgo de padecer c\u00e1ncer de colon es de casi el 100\u00a0%, generalmente antes de los 40\u00a0a\u00f1os. Las pruebas gen\u00e9ticas pueden ayudar a determinar tu riesgo de desarrollar poliposis adenomatosa familiar.<\/li>\n<li><strong>S\u00edndrome de Gardner,<\/strong> que es una variante de poliposis adenomatosa familiar y causa el desarrollo de p\u00f3lipos en todo el colon y el intestino delgado. Es posible que tambi\u00e9n desarrolles tumores no cancerosos en otras partes del cuerpo, como la piel, los huesos y el abdomen.<\/li>\n<li><strong>Poliposis asociada al gen MUTYH,<\/strong> una afecci\u00f3n similar a la poliposis adenomatosa familiar causada por cambios en el gen MYH. Las personas con poliposis asociada al gen MUTYH suelen desarrollar varios p\u00f3lipos adenomatosos y c\u00e1ncer de colon a una edad temprana. Las pruebas gen\u00e9ticas pueden ayudar a determinar el riesgo que presentas de desarrollar poliposis asociada al gen MUTYH.<\/li>\n<li><strong>S\u00edndrome de Peutz-Jeghers,<\/strong> una afecci\u00f3n que suele comenzar con pecas en todo el cuerpo, incluidos los labios, las enc\u00edas y los pies. Despu\u00e9s, se generan p\u00f3lipos no cancerosos en los intestinos. Estos p\u00f3lipos pueden volverse cancerosos, por lo que las personas con esta afecci\u00f3n tienen un mayor riesgo de desarrollar c\u00e1ncer de colon.<\/li>\n<li><strong>S\u00edndrome de poliposis serrada,<\/strong> una afecci\u00f3n que genera varios p\u00f3lipos adenomatosos serrados en la parte superior del colon. Estos p\u00f3lipos pueden volverse cancerosos. Hay que vigilarlos y posiblemente eliminarlos.<\/li>\n<\/ul>\n<p><strong>Complicaciones<\/strong><\/p>\n<p>Algunos p\u00f3lipos en el colon pueden convertirse en cancerosos. Cu\u00e1nto antes se extraigan los p\u00f3lipos, menor es la probabilidad de que se vuelvan cancerosos.<\/p>\n<p><strong>Prevenci\u00f3n<\/strong><\/p>\n<p>Puedes reducir mucho tu riesgo de p\u00f3lipos en el colon y c\u00e1ncer colorrectal al hacerte ex\u00e1menes de detecci\u00f3n regulares. Algunos cambios en el estilo de vida tambi\u00e9n pueden ser \u00fatiles:<\/p>\n<ul>\n<li><strong>Adopta h\u00e1bitos saludables.<\/strong> Incluye suficientes frutas, verduras y granos o cereales integrales en tu dieta, y reduce el consumo de grasas. Limita el consumo de alcohol y deja de consumir tabaco. Haz actividad f\u00edsica y conserva un peso saludable.<\/li>\n<li><strong>Habla con tu proveedor de atenci\u00f3n m\u00e9dica acerca del calcio y la vitamina\u00a0D.<\/strong> Los estudios muestran que el aumento de la ingesta de calcio puede ayudar a prevenir la recurrencia de adenomas en el colon. Sin embargo, no se sabe claramente si el calcio tiene alg\u00fan beneficio protector contra el c\u00e1ncer de colon. Otros estudios han demostrado que la vitamina\u00a0D puede brindar protecci\u00f3n contra el c\u00e1ncer colorrectal.<\/li>\n<li><strong>Considera tus opciones si tienes un riesgo alto.<\/strong> Si tienes antecedentes familiares de p\u00f3lipos en el colon, considera obtener consejer\u00eda gen\u00e9tica. Si has sido diagnosticado con un trastorno hereditario que causa p\u00f3lipos en el colon, necesitar\u00e1s hacerte colonoscop\u00edas regulares desde la adultez.<\/li>\n<\/ul>\n<p>Fuente: Mayo Clinic<\/p>\n","protected":false},"excerpt":{"rendered":"<p>Descripci\u00f3n general Un p\u00f3lipo en el colon es una peque\u00f1a acumulaci\u00f3n de c\u00e9lulas que se forma en el revestimiento del colon. La mayor\u00eda de los p\u00f3lipos en el colon son inofensivos. Sin embargo, con el paso del tiempo algunos p\u00f3lipos en el colon se pueden transformar en c\u00e1ncer de colon. El c\u00e1ncer de colon suele [&hellip;]<\/p>\n","protected":false},"author":1,"featured_media":293528,"comment_status":"closed","ping_status":"open","sticky":false,"template":"","format":"standard","meta":{"_acf_changed":false,"footnotes":""},"categories":[52],"tags":[],"class_list":["post-293527","post","type-post","status-publish","format-standard","has-post-thumbnail","category-de-salud-mas-vida"],"acf":{"antetitulo":""},"yoast_head":"<!-- This site is optimized with the Yoast SEO plugin v28.4 - https:\/\/yoast.com\/product\/yoast-seo-wordpress\/ -->\n<title>LOS P\u00d3LIPOS EN EL COLON - El Diario - Bolivia<\/title>\n<meta name=\"robots\" content=\"index, follow, max-snippet:-1, max-image-preview:large, max-video-preview:-1\" \/>\n<link rel=\"canonical\" href=\"https:\/\/www.eldiario.net\/portal\/2025\/04\/06\/los-polipos-en-el-colon\/\" \/>\n<meta property=\"og:locale\" content=\"es_ES\" \/>\n<meta property=\"og:type\" content=\"article\" \/>\n<meta property=\"og:title\" content=\"LOS P\u00d3LIPOS EN EL COLON - El Diario - Bolivia\" \/>\n<meta property=\"og:description\" content=\"Descripci\u00f3n general Un p\u00f3lipo en el colon es una peque\u00f1a acumulaci\u00f3n de c\u00e9lulas que se forma en el revestimiento del colon. La mayor\u00eda de los p\u00f3lipos en el colon son inofensivos. Sin embargo, con el paso del tiempo algunos p\u00f3lipos en el colon se pueden transformar en c\u00e1ncer de colon. El c\u00e1ncer de colon suele [&hellip;]\" \/>\n<meta property=\"og:url\" content=\"https:\/\/www.eldiario.net\/portal\/2025\/04\/06\/los-polipos-en-el-colon\/\" \/>\n<meta property=\"og:site_name\" content=\"El Diario - Bolivia\" \/>\n<meta property=\"article:publisher\" content=\"https:\/\/www.facebook.com\/eldiario.bolivia\/\" \/>\n<meta property=\"article:published_time\" content=\"2025-04-06T11:57:57+00:00\" \/>\n<meta property=\"og:image\" content=\"https:\/\/www.eldiario.net\/portal\/wp-content\/uploads\/2025\/04\/LOS-POLIPOS-EN-EL-COLON.jpg\" \/>\n\t<meta property=\"og:image:width\" content=\"1200\" \/>\n\t<meta property=\"og:image:height\" content=\"890\" \/>\n\t<meta property=\"og:image:type\" content=\"image\/jpeg\" \/>\n<meta name=\"author\" content=\"Jeanette\" \/>\n<meta name=\"twitter:card\" content=\"summary_large_image\" \/>\n<meta name=\"twitter:creator\" content=\"@eldiario_net\" \/>\n<meta name=\"twitter:site\" content=\"@eldiario_net\" \/>\n<meta name=\"twitter:label1\" content=\"Escrito por\" \/>\n\t<meta name=\"twitter:data1\" content=\"Jeanette\" \/>\n\t<meta name=\"twitter:label2\" content=\"Tiempo de lectura\" \/>\n\t<meta name=\"twitter:data2\" content=\"7 minutos\" \/>\n<script type=\"application\/ld+json\" class=\"yoast-schema-graph\">{\"@context\":\"https:\\\/\\\/schema.org\",\"@graph\":[{\"@type\":\"Article\",\"@id\":\"https:\\\/\\\/www.eldiario.net\\\/portal\\\/2025\\\/04\\\/06\\\/los-polipos-en-el-colon\\\/#article\",\"isPartOf\":{\"@id\":\"https:\\\/\\\/www.eldiario.net\\\/portal\\\/2025\\\/04\\\/06\\\/los-polipos-en-el-colon\\\/\"},\"author\":{\"name\":\"Jeanette\",\"@id\":\"https:\\\/\\\/www.eldiario.net\\\/portal\\\/#\\\/schema\\\/person\\\/f46445640444750d7d753ccd04ae01b7\"},\"headline\":\"LOS P\u00d3LIPOS EN EL COLON\",\"datePublished\":\"2025-04-06T11:57:57+00:00\",\"mainEntityOfPage\":{\"@id\":\"https:\\\/\\\/www.eldiario.net\\\/portal\\\/2025\\\/04\\\/06\\\/los-polipos-en-el-colon\\\/\"},\"wordCount\":1577,\"publisher\":{\"@id\":\"https:\\\/\\\/www.eldiario.net\\\/portal\\\/#organization\"},\"image\":{\"@id\":\"https:\\\/\\\/www.eldiario.net\\\/portal\\\/2025\\\/04\\\/06\\\/los-polipos-en-el-colon\\\/#primaryimage\"},\"thumbnailUrl\":\"https:\\\/\\\/www.eldiario.net\\\/portal\\\/wp-content\\\/uploads\\\/2025\\\/04\\\/LOS-POLIPOS-EN-EL-COLON.jpg\",\"articleSection\":[\"De Salud + vida\"],\"inLanguage\":\"es\"},{\"@type\":\"WebPage\",\"@id\":\"https:\\\/\\\/www.eldiario.net\\\/portal\\\/2025\\\/04\\\/06\\\/los-polipos-en-el-colon\\\/\",\"url\":\"https:\\\/\\\/www.eldiario.net\\\/portal\\\/2025\\\/04\\\/06\\\/los-polipos-en-el-colon\\\/\",\"name\":\"LOS P\u00d3LIPOS EN EL COLON - El Diario - Bolivia\",\"isPartOf\":{\"@id\":\"https:\\\/\\\/www.eldiario.net\\\/portal\\\/#website\"},\"primaryImageOfPage\":{\"@id\":\"https:\\\/\\\/www.eldiario.net\\\/portal\\\/2025\\\/04\\\/06\\\/los-polipos-en-el-colon\\\/#primaryimage\"},\"image\":{\"@id\":\"https:\\\/\\\/www.eldiario.net\\\/portal\\\/2025\\\/04\\\/06\\\/los-polipos-en-el-colon\\\/#primaryimage\"},\"thumbnailUrl\":\"https:\\\/\\\/www.eldiario.net\\\/portal\\\/wp-content\\\/uploads\\\/2025\\\/04\\\/LOS-POLIPOS-EN-EL-COLON.jpg\",\"datePublished\":\"2025-04-06T11:57:57+00:00\",\"breadcrumb\":{\"@id\":\"https:\\\/\\\/www.eldiario.net\\\/portal\\\/2025\\\/04\\\/06\\\/los-polipos-en-el-colon\\\/#breadcrumb\"},\"inLanguage\":\"es\",\"potentialAction\":[{\"@type\":\"ReadAction\",\"target\":[\"https:\\\/\\\/www.eldiario.net\\\/portal\\\/2025\\\/04\\\/06\\\/los-polipos-en-el-colon\\\/\"]}]},{\"@type\":\"ImageObject\",\"inLanguage\":\"es\",\"@id\":\"https:\\\/\\\/www.eldiario.net\\\/portal\\\/2025\\\/04\\\/06\\\/los-polipos-en-el-colon\\\/#primaryimage\",\"url\":\"https:\\\/\\\/www.eldiario.net\\\/portal\\\/wp-content\\\/uploads\\\/2025\\\/04\\\/LOS-POLIPOS-EN-EL-COLON.jpg\",\"contentUrl\":\"https:\\\/\\\/www.eldiario.net\\\/portal\\\/wp-content\\\/uploads\\\/2025\\\/04\\\/LOS-POLIPOS-EN-EL-COLON.jpg\",\"width\":1200,\"height\":890},{\"@type\":\"BreadcrumbList\",\"@id\":\"https:\\\/\\\/www.eldiario.net\\\/portal\\\/2025\\\/04\\\/06\\\/los-polipos-en-el-colon\\\/#breadcrumb\",\"itemListElement\":[{\"@type\":\"ListItem\",\"position\":1,\"name\":\"Portada\",\"item\":\"https:\\\/\\\/www.eldiario.net\\\/portal\\\/\"},{\"@type\":\"ListItem\",\"position\":2,\"name\":\"LOS P\u00d3LIPOS EN EL COLON\"}]},{\"@type\":\"WebSite\",\"@id\":\"https:\\\/\\\/www.eldiario.net\\\/portal\\\/#website\",\"url\":\"https:\\\/\\\/www.eldiario.net\\\/portal\\\/\",\"name\":\"El Diario - Decano de la prensa nacional\",\"description\":\"El Diario - Decano de la prensa nacional\",\"publisher\":{\"@id\":\"https:\\\/\\\/www.eldiario.net\\\/portal\\\/#organization\"},\"potentialAction\":[{\"@type\":\"SearchAction\",\"target\":{\"@type\":\"EntryPoint\",\"urlTemplate\":\"https:\\\/\\\/www.eldiario.net\\\/portal\\\/?s={search_term_string}\"},\"query-input\":{\"@type\":\"PropertyValueSpecification\",\"valueRequired\":true,\"valueName\":\"search_term_string\"}}],\"inLanguage\":\"es\"},{\"@type\":\"Organization\",\"@id\":\"https:\\\/\\\/www.eldiario.net\\\/portal\\\/#organization\",\"name\":\"El Diario - Decano de la prensa nacional\",\"url\":\"https:\\\/\\\/www.eldiario.net\\\/portal\\\/\",\"logo\":{\"@type\":\"ImageObject\",\"inLanguage\":\"es\",\"@id\":\"https:\\\/\\\/www.eldiario.net\\\/portal\\\/#\\\/schema\\\/logo\\\/image\\\/\",\"url\":\"https:\\\/\\\/www.eldiario.net\\\/portal\\\/wp-content\\\/uploads\\\/2023\\\/07\\\/logo_ED.jpg\",\"contentUrl\":\"https:\\\/\\\/www.eldiario.net\\\/portal\\\/wp-content\\\/uploads\\\/2023\\\/07\\\/logo_ED.jpg\",\"width\":272,\"height\":52,\"caption\":\"El Diario - Decano de la prensa nacional\"},\"image\":{\"@id\":\"https:\\\/\\\/www.eldiario.net\\\/portal\\\/#\\\/schema\\\/logo\\\/image\\\/\"},\"sameAs\":[\"https:\\\/\\\/www.facebook.com\\\/eldiario.bolivia\\\/\",\"https:\\\/\\\/x.com\\\/eldiario_net\"]},{\"@type\":\"Person\",\"@id\":\"https:\\\/\\\/www.eldiario.net\\\/portal\\\/#\\\/schema\\\/person\\\/f46445640444750d7d753ccd04ae01b7\",\"name\":\"Jeanette\",\"image\":{\"@type\":\"ImageObject\",\"inLanguage\":\"es\",\"@id\":\"https:\\\/\\\/secure.gravatar.com\\\/avatar\\\/3ea2118a5f7dad2b7138b1187a6b7ee55f160b9968b66013c3a3ef39dd7e5798?s=96&d=mm&r=g\",\"url\":\"https:\\\/\\\/secure.gravatar.com\\\/avatar\\\/3ea2118a5f7dad2b7138b1187a6b7ee55f160b9968b66013c3a3ef39dd7e5798?s=96&d=mm&r=g\",\"contentUrl\":\"https:\\\/\\\/secure.gravatar.com\\\/avatar\\\/3ea2118a5f7dad2b7138b1187a6b7ee55f160b9968b66013c3a3ef39dd7e5798?s=96&d=mm&r=g\",\"caption\":\"Jeanette\"},\"sameAs\":[\"https:\\\/\\\/www.eldiario.net\\\/portal\"],\"url\":\"https:\\\/\\\/www.eldiario.net\\\/portal\\\/author\\\/jeanette\\\/\"}]}<\/script>\n<!-- \/ Yoast SEO plugin. -->","yoast_head_json":{"title":"LOS P\u00d3LIPOS EN EL COLON - El Diario - Bolivia","robots":{"index":"index","follow":"follow","max-snippet":"max-snippet:-1","max-image-preview":"max-image-preview:large","max-video-preview":"max-video-preview:-1"},"canonical":"https:\/\/www.eldiario.net\/portal\/2025\/04\/06\/los-polipos-en-el-colon\/","og_locale":"es_ES","og_type":"article","og_title":"LOS P\u00d3LIPOS EN EL COLON - El Diario - Bolivia","og_description":"Descripci\u00f3n general Un p\u00f3lipo en el colon es una peque\u00f1a acumulaci\u00f3n de c\u00e9lulas que se forma en el revestimiento del colon. La mayor\u00eda de los p\u00f3lipos en el colon son inofensivos. Sin embargo, con el paso del tiempo algunos p\u00f3lipos en el colon se pueden transformar en c\u00e1ncer de colon. El c\u00e1ncer de colon suele [&hellip;]","og_url":"https:\/\/www.eldiario.net\/portal\/2025\/04\/06\/los-polipos-en-el-colon\/","og_site_name":"El Diario - Bolivia","article_publisher":"https:\/\/www.facebook.com\/eldiario.bolivia\/","article_published_time":"2025-04-06T11:57:57+00:00","og_image":[{"width":1200,"height":890,"url":"https:\/\/www.eldiario.net\/portal\/wp-content\/uploads\/2025\/04\/LOS-POLIPOS-EN-EL-COLON.jpg","type":"image\/jpeg"}],"author":"Jeanette","twitter_card":"summary_large_image","twitter_creator":"@eldiario_net","twitter_site":"@eldiario_net","twitter_misc":{"Escrito por":"Jeanette","Tiempo de lectura":"7 minutos"},"schema":{"@context":"https:\/\/schema.org","@graph":[{"@type":"Article","@id":"https:\/\/www.eldiario.net\/portal\/2025\/04\/06\/los-polipos-en-el-colon\/#article","isPartOf":{"@id":"https:\/\/www.eldiario.net\/portal\/2025\/04\/06\/los-polipos-en-el-colon\/"},"author":{"name":"Jeanette","@id":"https:\/\/www.eldiario.net\/portal\/#\/schema\/person\/f46445640444750d7d753ccd04ae01b7"},"headline":"LOS P\u00d3LIPOS EN EL COLON","datePublished":"2025-04-06T11:57:57+00:00","mainEntityOfPage":{"@id":"https:\/\/www.eldiario.net\/portal\/2025\/04\/06\/los-polipos-en-el-colon\/"},"wordCount":1577,"publisher":{"@id":"https:\/\/www.eldiario.net\/portal\/#organization"},"image":{"@id":"https:\/\/www.eldiario.net\/portal\/2025\/04\/06\/los-polipos-en-el-colon\/#primaryimage"},"thumbnailUrl":"https:\/\/www.eldiario.net\/portal\/wp-content\/uploads\/2025\/04\/LOS-POLIPOS-EN-EL-COLON.jpg","articleSection":["De Salud + vida"],"inLanguage":"es"},{"@type":"WebPage","@id":"https:\/\/www.eldiario.net\/portal\/2025\/04\/06\/los-polipos-en-el-colon\/","url":"https:\/\/www.eldiario.net\/portal\/2025\/04\/06\/los-polipos-en-el-colon\/","name":"LOS P\u00d3LIPOS EN EL COLON - El Diario - Bolivia","isPartOf":{"@id":"https:\/\/www.eldiario.net\/portal\/#website"},"primaryImageOfPage":{"@id":"https:\/\/www.eldiario.net\/portal\/2025\/04\/06\/los-polipos-en-el-colon\/#primaryimage"},"image":{"@id":"https:\/\/www.eldiario.net\/portal\/2025\/04\/06\/los-polipos-en-el-colon\/#primaryimage"},"thumbnailUrl":"https:\/\/www.eldiario.net\/portal\/wp-content\/uploads\/2025\/04\/LOS-POLIPOS-EN-EL-COLON.jpg","datePublished":"2025-04-06T11:57:57+00:00","breadcrumb":{"@id":"https:\/\/www.eldiario.net\/portal\/2025\/04\/06\/los-polipos-en-el-colon\/#breadcrumb"},"inLanguage":"es","potentialAction":[{"@type":"ReadAction","target":["https:\/\/www.eldiario.net\/portal\/2025\/04\/06\/los-polipos-en-el-colon\/"]}]},{"@type":"ImageObject","inLanguage":"es","@id":"https:\/\/www.eldiario.net\/portal\/2025\/04\/06\/los-polipos-en-el-colon\/#primaryimage","url":"https:\/\/www.eldiario.net\/portal\/wp-content\/uploads\/2025\/04\/LOS-POLIPOS-EN-EL-COLON.jpg","contentUrl":"https:\/\/www.eldiario.net\/portal\/wp-content\/uploads\/2025\/04\/LOS-POLIPOS-EN-EL-COLON.jpg","width":1200,"height":890},{"@type":"BreadcrumbList","@id":"https:\/\/www.eldiario.net\/portal\/2025\/04\/06\/los-polipos-en-el-colon\/#breadcrumb","itemListElement":[{"@type":"ListItem","position":1,"name":"Portada","item":"https:\/\/www.eldiario.net\/portal\/"},{"@type":"ListItem","position":2,"name":"LOS P\u00d3LIPOS EN EL COLON"}]},{"@type":"WebSite","@id":"https:\/\/www.eldiario.net\/portal\/#website","url":"https:\/\/www.eldiario.net\/portal\/","name":"El Diario - Decano de la prensa nacional","description":"El Diario - Decano de la prensa nacional","publisher":{"@id":"https:\/\/www.eldiario.net\/portal\/#organization"},"potentialAction":[{"@type":"SearchAction","target":{"@type":"EntryPoint","urlTemplate":"https:\/\/www.eldiario.net\/portal\/?s={search_term_string}"},"query-input":{"@type":"PropertyValueSpecification","valueRequired":true,"valueName":"search_term_string"}}],"inLanguage":"es"},{"@type":"Organization","@id":"https:\/\/www.eldiario.net\/portal\/#organization","name":"El Diario - Decano de la prensa nacional","url":"https:\/\/www.eldiario.net\/portal\/","logo":{"@type":"ImageObject","inLanguage":"es","@id":"https:\/\/www.eldiario.net\/portal\/#\/schema\/logo\/image\/","url":"https:\/\/www.eldiario.net\/portal\/wp-content\/uploads\/2023\/07\/logo_ED.jpg","contentUrl":"https:\/\/www.eldiario.net\/portal\/wp-content\/uploads\/2023\/07\/logo_ED.jpg","width":272,"height":52,"caption":"El Diario - Decano de la prensa nacional"},"image":{"@id":"https:\/\/www.eldiario.net\/portal\/#\/schema\/logo\/image\/"},"sameAs":["https:\/\/www.facebook.com\/eldiario.bolivia\/","https:\/\/x.com\/eldiario_net"]},{"@type":"Person","@id":"https:\/\/www.eldiario.net\/portal\/#\/schema\/person\/f46445640444750d7d753ccd04ae01b7","name":"Jeanette","image":{"@type":"ImageObject","inLanguage":"es","@id":"https:\/\/secure.gravatar.com\/avatar\/3ea2118a5f7dad2b7138b1187a6b7ee55f160b9968b66013c3a3ef39dd7e5798?s=96&d=mm&r=g","url":"https:\/\/secure.gravatar.com\/avatar\/3ea2118a5f7dad2b7138b1187a6b7ee55f160b9968b66013c3a3ef39dd7e5798?s=96&d=mm&r=g","contentUrl":"https:\/\/secure.gravatar.com\/avatar\/3ea2118a5f7dad2b7138b1187a6b7ee55f160b9968b66013c3a3ef39dd7e5798?s=96&d=mm&r=g","caption":"Jeanette"},"sameAs":["https:\/\/www.eldiario.net\/portal"],"url":"https:\/\/www.eldiario.net\/portal\/author\/jeanette\/"}]}},"_links":{"self":[{"href":"https:\/\/www.eldiario.net\/portal\/wp-json\/wp\/v2\/posts\/293527","targetHints":{"allow":["GET"]}}],"collection":[{"href":"https:\/\/www.eldiario.net\/portal\/wp-json\/wp\/v2\/posts"}],"about":[{"href":"https:\/\/www.eldiario.net\/portal\/wp-json\/wp\/v2\/types\/post"}],"author":[{"embeddable":true,"href":"https:\/\/www.eldiario.net\/portal\/wp-json\/wp\/v2\/users\/1"}],"replies":[{"embeddable":true,"href":"https:\/\/www.eldiario.net\/portal\/wp-json\/wp\/v2\/comments?post=293527"}],"version-history":[{"count":1,"href":"https:\/\/www.eldiario.net\/portal\/wp-json\/wp\/v2\/posts\/293527\/revisions"}],"predecessor-version":[{"id":293529,"href":"https:\/\/www.eldiario.net\/portal\/wp-json\/wp\/v2\/posts\/293527\/revisions\/293529"}],"wp:featuredmedia":[{"embeddable":true,"href":"https:\/\/www.eldiario.net\/portal\/wp-json\/wp\/v2\/media\/293528"}],"wp:attachment":[{"href":"https:\/\/www.eldiario.net\/portal\/wp-json\/wp\/v2\/media?parent=293527"}],"wp:term":[{"taxonomy":"category","embeddable":true,"href":"https:\/\/www.eldiario.net\/portal\/wp-json\/wp\/v2\/categories?post=293527"},{"taxonomy":"post_tag","embeddable":true,"href":"https:\/\/www.eldiario.net\/portal\/wp-json\/wp\/v2\/tags?post=293527"}],"curies":[{"name":"wp","href":"https:\/\/api.w.org\/{rel}","templated":true}]}}