{"id":293520,"date":"2025-04-06T07:56:21","date_gmt":"2025-04-06T11:56:21","guid":{"rendered":"https:\/\/www.eldiario.net\/portal\/?p=293520"},"modified":"2025-04-06T07:56:21","modified_gmt":"2025-04-06T11:56:21","slug":"siringomelia","status":"publish","type":"post","link":"https:\/\/www.eldiario.net\/portal\/2025\/04\/06\/siringomelia\/","title":{"rendered":"SIRINGOMELIA"},"content":{"rendered":"<p>Lic. Jaime Julio Ticona Pardo \u2013 Fisioterapeuta, Kinesi\u00f3logo U.M.S.A. \u2013 Cel.:72556224<\/p>\n<p>\u00bfQU\u00c9 ES LA SIRINGOMELIA?<\/p>\n<p>La siringomielia es una enfermedad neurol\u00f3gica que se caracteriza por la formaci\u00f3n de un quiste lleno de l\u00edquido en la m\u00e9dula espinal. Este quiste se llama \u201csyrinx\u201d o \u201csiringe\u201d.<\/p>\n<p>Con el tiempo, este quiste puede agrandarse y da\u00f1ar la m\u00e9dula espinal y causar dolor, debilidad y rigidez, entre otros s\u00edntomas.<\/p>\n<p>Aunque existen diferentes causas posibles para la siringomielia, un gran porcentaje de los casos est\u00e1 relacionado con una afecci\u00f3n en la que el tejido cerebral que invade el canal espinal, tambi\u00e9n conocida como la enfermedad o malformaci\u00f3n de Chiari.<\/p>\n<p>Entre las dem\u00e1s causas de siringomielia, se encuentran los tumores de la m\u00e9dula espinal, las lesiones de la m\u00e9dula espinal y los da\u00f1os provocados por inflamaci\u00f3n alrededor de la m\u00e9dula espinal.<\/p>\n<p><strong>S\u00edntomas <\/strong><\/p>\n<ul>\n<li>Dolor y debilidad en el cuello, la espalda, los hombros, los brazos o las piernas.<\/li>\n<li>Atrofia muscular.<\/li>\n<li>Dolores de cabeza.<\/li>\n<li>Perdida de la sensibilidad, Incapacidad para sentir fr\u00edo o calor.<\/li>\n<li>Perdida de reflejos.<\/li>\n<li>Rigidez en cuello, hombro, brazos y piernas.<\/li>\n<li>Deformidad de la curvatura vertebral (escoliosis).<\/li>\n<\/ul>\n<p><strong>Causas <\/strong><\/p>\n<ul>\n<li>Puede estar presente en el nacimiento o desarrollarse m\u00e1s tarde debido a un traumatismo o a un tumor<\/li>\n<\/ul>\n<p><strong>\u00a0<\/strong><\/p>\n<p>Hay varias afecciones y enfermedades graves que pueden producir siringomielia, entre ellas:<\/p>\n<p>&nbsp;<\/p>\n<ul>\n<li>Malformaci\u00f3n de Chiari, una afecci\u00f3n en la que el tejido cerebral se proyecta dentro del canal medular<\/li>\n<li>Meningitis, una inflamaci\u00f3n de las membranas que rodean el cerebro y la m\u00e9dula espinal<\/li>\n<li>Tumor de la m\u00e9dula espinal, que puede interferir en la circulaci\u00f3n normal del l\u00edquido cefalorraqu\u00eddeo<\/li>\n<li>Afecciones presentes al momento del nacimiento, como m\u00e9dula espinal anclada, que se produce cuando el tejido unido a la m\u00e9dula espinal limita su movimiento<\/li>\n<li>Lesi\u00f3n de la m\u00e9dula espinal, que puede causar s\u00edntomas meses o a\u00f1os despu\u00e9s<\/li>\n<\/ul>\n<p><strong>Tratamiento:<\/strong><\/p>\n<ul>\n<li>Fisioterapia, puede ayudar a mejorar la funci\u00f3n muscular en personas con siringomielia<\/li>\n<li>En estadios poco avanzados se puede controlar mediante seguimiento.<\/li>\n<li>El tratamiento recomendado en la mayor\u00eda de los casos es la cirug\u00eda.<\/li>\n<\/ul>\n<p>&nbsp;<\/p>\n<p><strong>Objetivos de la fisioterapia en la siringomielia: <\/strong><\/p>\n<ul>\n<li>Mejorar la funci\u00f3n muscular<\/li>\n<li>Reducir el dolor, la fatiga y la rigidez muscular<\/li>\n<li>Mejorar la independencia, (AVDs).<\/li>\n<li>Mejorar la coordinaci\u00f3n y el equilibrio<\/li>\n<li>Mejorar la movilidad<\/li>\n<li>Disminuir el riesgo de ca\u00eddas y otras lesiones<\/li>\n<\/ul>\n<p>&nbsp;<\/p>\n<p>\u201cEL MOVIENTO ES PARTE ESENCIAL PARA MANTENER UNA VIDA ACTIVA\u201d<\/p>\n<p>Lic. Jaime Julio Ticona Pardo &#8211; Fisioterapeuta Kinesi\u00f3logo &#8211; UMSA\u00a0\u00a0 Ref. 72556224<\/p>\n\r\n                <style type=\"text\/css\">\r\n                    \r\n                    #tdi_1  .td-doubleSlider-2 .td-item1 {\r\n                        background: url(https:\/\/www.eldiario.net\/portal\/wp-content\/uploads\/2025\/04\/SIRINGOMELIA-80x60.jpg) 0 0 no-repeat;\r\n                    }\r\n                    #tdi_1  .td-doubleSlider-2 .td-item2 {\r\n                        background: url(https:\/\/www.eldiario.net\/portal\/wp-content\/uploads\/2025\/04\/SIRINGOMELIA2-80x60.jpg) 0 0 no-repeat;\r\n                    }\r\n                <\/style>\r\n\r\n                <div id=\"tdi_1\" class=\"td-gallery td-slide-on-2-columns\">\r\n                    <div class=\"post_td_gallery\">\r\n                        <div class=\"td-gallery-slide-top\">\r\n                           <div class=\"td-gallery-title\"><\/div>\r\n\r\n                            <div class=\"td-gallery-controls-wrapper\">\r\n                                <div class=\"td-gallery-slide-count\"><span class=\"td-gallery-slide-item-focus\">1<\/span> de 2<\/div>\r\n                                <div class=\"td-gallery-slide-prev-next-but\">\r\n                                    <i class = \"td-icon-left doubleSliderPrevButton\"><\/i>\r\n                                    <i class = \"td-icon-right doubleSliderNextButton\"><\/i>\r\n                                <\/div>\r\n                            <\/div>\r\n                        <\/div>\r\n\r\n                        <div class = \"td-doubleSlider-1 \">\r\n                            <div class = \"td-slider\">\r\n                                \r\n                    <div class = \"td-slide-item td-item1\">\r\n                        <figure class=\"td-slide-galery-figure td-slide-popup-gallery\">\r\n                            <a class=\"slide-gallery-image-link\" href=\"https:\/\/www.eldiario.net\/portal\/wp-content\/uploads\/2025\/04\/SIRINGOMELIA.jpg\" title=\"SIRINGOMELIA\"  data-caption=\"\"  data-description=\"\">\r\n                                <img decoding=\"async\" src=\"https:\/\/www.eldiario.net\/portal\/wp-content\/uploads\/2025\/04\/SIRINGOMELIA.jpg\" srcset=\"https:\/\/www.eldiario.net\/portal\/wp-content\/uploads\/2025\/04\/SIRINGOMELIA.jpg 660w, https:\/\/www.eldiario.net\/portal\/wp-content\/uploads\/2025\/04\/SIRINGOMELIA-300x172.jpg 300w\" sizes=\"(max-width: 660px) 100vw, 660px\" alt=\"\">\r\n                            <\/a>\r\n                            \r\n                        <\/figure>\r\n                    <\/div>\r\n                    <div class = \"td-slide-item td-item2\">\r\n                        <figure class=\"td-slide-galery-figure td-slide-popup-gallery\">\r\n                            <a class=\"slide-gallery-image-link\" href=\"https:\/\/www.eldiario.net\/portal\/wp-content\/uploads\/2025\/04\/SIRINGOMELIA2.jpg\" title=\"SIRINGOMELIA2\"  data-caption=\"\"  data-description=\"\">\r\n                                <img decoding=\"async\" src=\"https:\/\/www.eldiario.net\/portal\/wp-content\/uploads\/2025\/04\/SIRINGOMELIA2.jpg\" srcset=\"https:\/\/www.eldiario.net\/portal\/wp-content\/uploads\/2025\/04\/SIRINGOMELIA2.jpg 598w, https:\/\/www.eldiario.net\/portal\/wp-content\/uploads\/2025\/04\/SIRINGOMELIA2-300x191.jpg 300w\" sizes=\"(max-width: 598px) 100vw, 598px\" alt=\"\">\r\n                            <\/a>\r\n                            \r\n                        <\/figure>\r\n                    <\/div>\r\n                            <\/div>\r\n                        <\/div>\r\n\r\n                        <div class = \"td-doubleSlider-2\">\r\n                            <div class = \"td-slider\">\r\n                                \r\n                    <div class = \"td-button td-item1\">\r\n                        <div class = \"td-border\"><\/div>\r\n                    <\/div>\r\n                    <div class = \"td-button td-item2\">\r\n                        <div class = \"td-border\"><\/div>\r\n                    <\/div>\r\n                            <\/div>\r\n                        <\/div>\r\n\r\n                    <\/div>\r\n\r\n                <\/div>\r\n                \n","protected":false},"excerpt":{"rendered":"<p>Lic. Jaime Julio Ticona Pardo \u2013 Fisioterapeuta, Kinesi\u00f3logo U.M.S.A. \u2013 Cel.:72556224 \u00bfQU\u00c9 ES LA SIRINGOMELIA? La siringomielia es una enfermedad neurol\u00f3gica que se caracteriza por la formaci\u00f3n de un quiste lleno de l\u00edquido en la m\u00e9dula espinal. Este quiste se llama \u201csyrinx\u201d o \u201csiringe\u201d. Con el tiempo, este quiste puede agrandarse y da\u00f1ar la m\u00e9dula [&hellip;]<\/p>\n","protected":false},"author":1,"featured_media":293522,"comment_status":"closed","ping_status":"open","sticky":false,"template":"","format":"standard","meta":{"_acf_changed":false,"footnotes":""},"categories":[52],"tags":[],"class_list":["post-293520","post","type-post","status-publish","format-standard","has-post-thumbnail","category-de-salud-mas-vida"],"acf":{"antetitulo":""},"yoast_head":"<!-- This site is optimized with the Yoast SEO plugin v28.3 - https:\/\/yoast.com\/product\/yoast-seo-wordpress\/ -->\n<title>SIRINGOMELIA - El Diario - Bolivia<\/title>\n<meta name=\"robots\" content=\"index, follow, max-snippet:-1, max-image-preview:large, max-video-preview:-1\" \/>\n<link rel=\"canonical\" href=\"https:\/\/www.eldiario.net\/portal\/2025\/04\/06\/siringomelia\/\" \/>\n<meta property=\"og:locale\" content=\"es_ES\" \/>\n<meta property=\"og:type\" content=\"article\" \/>\n<meta property=\"og:title\" content=\"SIRINGOMELIA - El Diario - Bolivia\" \/>\n<meta property=\"og:description\" content=\"Lic. Jaime Julio Ticona Pardo \u2013 Fisioterapeuta, Kinesi\u00f3logo U.M.S.A. \u2013 Cel.:72556224 \u00bfQU\u00c9 ES LA SIRINGOMELIA? La siringomielia es una enfermedad neurol\u00f3gica que se caracteriza por la formaci\u00f3n de un quiste lleno de l\u00edquido en la m\u00e9dula espinal. Este quiste se llama \u201csyrinx\u201d o \u201csiringe\u201d. Con el tiempo, este quiste puede agrandarse y da\u00f1ar la m\u00e9dula [&hellip;]\" \/>\n<meta property=\"og:url\" content=\"https:\/\/www.eldiario.net\/portal\/2025\/04\/06\/siringomelia\/\" \/>\n<meta property=\"og:site_name\" content=\"El Diario - Bolivia\" \/>\n<meta property=\"article:publisher\" content=\"https:\/\/www.facebook.com\/eldiario.bolivia\/\" \/>\n<meta property=\"article:published_time\" content=\"2025-04-06T11:56:21+00:00\" \/>\n<meta property=\"og:image\" content=\"https:\/\/www.eldiario.net\/portal\/wp-content\/uploads\/2025\/04\/SIRINGOMELIA2.jpg\" \/>\n\t<meta property=\"og:image:width\" content=\"598\" \/>\n\t<meta property=\"og:image:height\" content=\"380\" \/>\n\t<meta property=\"og:image:type\" content=\"image\/jpeg\" \/>\n<meta name=\"author\" content=\"Jeanette\" \/>\n<meta name=\"twitter:card\" content=\"summary_large_image\" \/>\n<meta name=\"twitter:creator\" content=\"@eldiario_net\" \/>\n<meta name=\"twitter:site\" content=\"@eldiario_net\" \/>\n<meta name=\"twitter:label1\" content=\"Escrito por\" \/>\n\t<meta name=\"twitter:data1\" content=\"Jeanette\" \/>\n\t<meta name=\"twitter:label2\" content=\"Tiempo de lectura\" \/>\n\t<meta name=\"twitter:data2\" content=\"3 minutos\" \/>\n<script type=\"application\/ld+json\" class=\"yoast-schema-graph\">{\"@context\":\"https:\\\/\\\/schema.org\",\"@graph\":[{\"@type\":\"Article\",\"@id\":\"https:\\\/\\\/www.eldiario.net\\\/portal\\\/2025\\\/04\\\/06\\\/siringomelia\\\/#article\",\"isPartOf\":{\"@id\":\"https:\\\/\\\/www.eldiario.net\\\/portal\\\/2025\\\/04\\\/06\\\/siringomelia\\\/\"},\"author\":{\"name\":\"Jeanette\",\"@id\":\"https:\\\/\\\/www.eldiario.net\\\/portal\\\/#\\\/schema\\\/person\\\/f46445640444750d7d753ccd04ae01b7\"},\"headline\":\"SIRINGOMELIA\",\"datePublished\":\"2025-04-06T11:56:21+00:00\",\"mainEntityOfPage\":{\"@id\":\"https:\\\/\\\/www.eldiario.net\\\/portal\\\/2025\\\/04\\\/06\\\/siringomelia\\\/\"},\"wordCount\":448,\"publisher\":{\"@id\":\"https:\\\/\\\/www.eldiario.net\\\/portal\\\/#organization\"},\"image\":{\"@id\":\"https:\\\/\\\/www.eldiario.net\\\/portal\\\/2025\\\/04\\\/06\\\/siringomelia\\\/#primaryimage\"},\"thumbnailUrl\":\"https:\\\/\\\/www.eldiario.net\\\/portal\\\/wp-content\\\/uploads\\\/2025\\\/04\\\/SIRINGOMELIA2.jpg\",\"articleSection\":[\"De Salud + vida\"],\"inLanguage\":\"es\"},{\"@type\":\"WebPage\",\"@id\":\"https:\\\/\\\/www.eldiario.net\\\/portal\\\/2025\\\/04\\\/06\\\/siringomelia\\\/\",\"url\":\"https:\\\/\\\/www.eldiario.net\\\/portal\\\/2025\\\/04\\\/06\\\/siringomelia\\\/\",\"name\":\"SIRINGOMELIA - El Diario - Bolivia\",\"isPartOf\":{\"@id\":\"https:\\\/\\\/www.eldiario.net\\\/portal\\\/#website\"},\"primaryImageOfPage\":{\"@id\":\"https:\\\/\\\/www.eldiario.net\\\/portal\\\/2025\\\/04\\\/06\\\/siringomelia\\\/#primaryimage\"},\"image\":{\"@id\":\"https:\\\/\\\/www.eldiario.net\\\/portal\\\/2025\\\/04\\\/06\\\/siringomelia\\\/#primaryimage\"},\"thumbnailUrl\":\"https:\\\/\\\/www.eldiario.net\\\/portal\\\/wp-content\\\/uploads\\\/2025\\\/04\\\/SIRINGOMELIA2.jpg\",\"datePublished\":\"2025-04-06T11:56:21+00:00\",\"breadcrumb\":{\"@id\":\"https:\\\/\\\/www.eldiario.net\\\/portal\\\/2025\\\/04\\\/06\\\/siringomelia\\\/#breadcrumb\"},\"inLanguage\":\"es\",\"potentialAction\":[{\"@type\":\"ReadAction\",\"target\":[\"https:\\\/\\\/www.eldiario.net\\\/portal\\\/2025\\\/04\\\/06\\\/siringomelia\\\/\"]}]},{\"@type\":\"ImageObject\",\"inLanguage\":\"es\",\"@id\":\"https:\\\/\\\/www.eldiario.net\\\/portal\\\/2025\\\/04\\\/06\\\/siringomelia\\\/#primaryimage\",\"url\":\"https:\\\/\\\/www.eldiario.net\\\/portal\\\/wp-content\\\/uploads\\\/2025\\\/04\\\/SIRINGOMELIA2.jpg\",\"contentUrl\":\"https:\\\/\\\/www.eldiario.net\\\/portal\\\/wp-content\\\/uploads\\\/2025\\\/04\\\/SIRINGOMELIA2.jpg\",\"width\":598,\"height\":380},{\"@type\":\"BreadcrumbList\",\"@id\":\"https:\\\/\\\/www.eldiario.net\\\/portal\\\/2025\\\/04\\\/06\\\/siringomelia\\\/#breadcrumb\",\"itemListElement\":[{\"@type\":\"ListItem\",\"position\":1,\"name\":\"Portada\",\"item\":\"https:\\\/\\\/www.eldiario.net\\\/portal\\\/\"},{\"@type\":\"ListItem\",\"position\":2,\"name\":\"SIRINGOMELIA\"}]},{\"@type\":\"WebSite\",\"@id\":\"https:\\\/\\\/www.eldiario.net\\\/portal\\\/#website\",\"url\":\"https:\\\/\\\/www.eldiario.net\\\/portal\\\/\",\"name\":\"El Diario - Decano de la prensa nacional\",\"description\":\"El Diario - Decano de la prensa nacional\",\"publisher\":{\"@id\":\"https:\\\/\\\/www.eldiario.net\\\/portal\\\/#organization\"},\"potentialAction\":[{\"@type\":\"SearchAction\",\"target\":{\"@type\":\"EntryPoint\",\"urlTemplate\":\"https:\\\/\\\/www.eldiario.net\\\/portal\\\/?s={search_term_string}\"},\"query-input\":{\"@type\":\"PropertyValueSpecification\",\"valueRequired\":true,\"valueName\":\"search_term_string\"}}],\"inLanguage\":\"es\"},{\"@type\":\"Organization\",\"@id\":\"https:\\\/\\\/www.eldiario.net\\\/portal\\\/#organization\",\"name\":\"El Diario - Decano de la prensa nacional\",\"url\":\"https:\\\/\\\/www.eldiario.net\\\/portal\\\/\",\"logo\":{\"@type\":\"ImageObject\",\"inLanguage\":\"es\",\"@id\":\"https:\\\/\\\/www.eldiario.net\\\/portal\\\/#\\\/schema\\\/logo\\\/image\\\/\",\"url\":\"https:\\\/\\\/www.eldiario.net\\\/portal\\\/wp-content\\\/uploads\\\/2023\\\/07\\\/logo_ED.jpg\",\"contentUrl\":\"https:\\\/\\\/www.eldiario.net\\\/portal\\\/wp-content\\\/uploads\\\/2023\\\/07\\\/logo_ED.jpg\",\"width\":272,\"height\":52,\"caption\":\"El Diario - Decano de la prensa nacional\"},\"image\":{\"@id\":\"https:\\\/\\\/www.eldiario.net\\\/portal\\\/#\\\/schema\\\/logo\\\/image\\\/\"},\"sameAs\":[\"https:\\\/\\\/www.facebook.com\\\/eldiario.bolivia\\\/\",\"https:\\\/\\\/x.com\\\/eldiario_net\"]},{\"@type\":\"Person\",\"@id\":\"https:\\\/\\\/www.eldiario.net\\\/portal\\\/#\\\/schema\\\/person\\\/f46445640444750d7d753ccd04ae01b7\",\"name\":\"Jeanette\",\"image\":{\"@type\":\"ImageObject\",\"inLanguage\":\"es\",\"@id\":\"https:\\\/\\\/secure.gravatar.com\\\/avatar\\\/3ea2118a5f7dad2b7138b1187a6b7ee55f160b9968b66013c3a3ef39dd7e5798?s=96&d=mm&r=g\",\"url\":\"https:\\\/\\\/secure.gravatar.com\\\/avatar\\\/3ea2118a5f7dad2b7138b1187a6b7ee55f160b9968b66013c3a3ef39dd7e5798?s=96&d=mm&r=g\",\"contentUrl\":\"https:\\\/\\\/secure.gravatar.com\\\/avatar\\\/3ea2118a5f7dad2b7138b1187a6b7ee55f160b9968b66013c3a3ef39dd7e5798?s=96&d=mm&r=g\",\"caption\":\"Jeanette\"},\"sameAs\":[\"https:\\\/\\\/www.eldiario.net\\\/portal\"],\"url\":\"https:\\\/\\\/www.eldiario.net\\\/portal\\\/author\\\/jeanette\\\/\"}]}<\/script>\n<!-- \/ Yoast SEO plugin. -->","yoast_head_json":{"title":"SIRINGOMELIA - El Diario - Bolivia","robots":{"index":"index","follow":"follow","max-snippet":"max-snippet:-1","max-image-preview":"max-image-preview:large","max-video-preview":"max-video-preview:-1"},"canonical":"https:\/\/www.eldiario.net\/portal\/2025\/04\/06\/siringomelia\/","og_locale":"es_ES","og_type":"article","og_title":"SIRINGOMELIA - El Diario - Bolivia","og_description":"Lic. Jaime Julio Ticona Pardo \u2013 Fisioterapeuta, Kinesi\u00f3logo U.M.S.A. \u2013 Cel.:72556224 \u00bfQU\u00c9 ES LA SIRINGOMELIA? La siringomielia es una enfermedad neurol\u00f3gica que se caracteriza por la formaci\u00f3n de un quiste lleno de l\u00edquido en la m\u00e9dula espinal. Este quiste se llama \u201csyrinx\u201d o \u201csiringe\u201d. Con el tiempo, este quiste puede agrandarse y da\u00f1ar la m\u00e9dula [&hellip;]","og_url":"https:\/\/www.eldiario.net\/portal\/2025\/04\/06\/siringomelia\/","og_site_name":"El Diario - Bolivia","article_publisher":"https:\/\/www.facebook.com\/eldiario.bolivia\/","article_published_time":"2025-04-06T11:56:21+00:00","og_image":[{"width":598,"height":380,"url":"https:\/\/www.eldiario.net\/portal\/wp-content\/uploads\/2025\/04\/SIRINGOMELIA2.jpg","type":"image\/jpeg"}],"author":"Jeanette","twitter_card":"summary_large_image","twitter_creator":"@eldiario_net","twitter_site":"@eldiario_net","twitter_misc":{"Escrito por":"Jeanette","Tiempo de lectura":"3 minutos"},"schema":{"@context":"https:\/\/schema.org","@graph":[{"@type":"Article","@id":"https:\/\/www.eldiario.net\/portal\/2025\/04\/06\/siringomelia\/#article","isPartOf":{"@id":"https:\/\/www.eldiario.net\/portal\/2025\/04\/06\/siringomelia\/"},"author":{"name":"Jeanette","@id":"https:\/\/www.eldiario.net\/portal\/#\/schema\/person\/f46445640444750d7d753ccd04ae01b7"},"headline":"SIRINGOMELIA","datePublished":"2025-04-06T11:56:21+00:00","mainEntityOfPage":{"@id":"https:\/\/www.eldiario.net\/portal\/2025\/04\/06\/siringomelia\/"},"wordCount":448,"publisher":{"@id":"https:\/\/www.eldiario.net\/portal\/#organization"},"image":{"@id":"https:\/\/www.eldiario.net\/portal\/2025\/04\/06\/siringomelia\/#primaryimage"},"thumbnailUrl":"https:\/\/www.eldiario.net\/portal\/wp-content\/uploads\/2025\/04\/SIRINGOMELIA2.jpg","articleSection":["De Salud + vida"],"inLanguage":"es"},{"@type":"WebPage","@id":"https:\/\/www.eldiario.net\/portal\/2025\/04\/06\/siringomelia\/","url":"https:\/\/www.eldiario.net\/portal\/2025\/04\/06\/siringomelia\/","name":"SIRINGOMELIA - El Diario - Bolivia","isPartOf":{"@id":"https:\/\/www.eldiario.net\/portal\/#website"},"primaryImageOfPage":{"@id":"https:\/\/www.eldiario.net\/portal\/2025\/04\/06\/siringomelia\/#primaryimage"},"image":{"@id":"https:\/\/www.eldiario.net\/portal\/2025\/04\/06\/siringomelia\/#primaryimage"},"thumbnailUrl":"https:\/\/www.eldiario.net\/portal\/wp-content\/uploads\/2025\/04\/SIRINGOMELIA2.jpg","datePublished":"2025-04-06T11:56:21+00:00","breadcrumb":{"@id":"https:\/\/www.eldiario.net\/portal\/2025\/04\/06\/siringomelia\/#breadcrumb"},"inLanguage":"es","potentialAction":[{"@type":"ReadAction","target":["https:\/\/www.eldiario.net\/portal\/2025\/04\/06\/siringomelia\/"]}]},{"@type":"ImageObject","inLanguage":"es","@id":"https:\/\/www.eldiario.net\/portal\/2025\/04\/06\/siringomelia\/#primaryimage","url":"https:\/\/www.eldiario.net\/portal\/wp-content\/uploads\/2025\/04\/SIRINGOMELIA2.jpg","contentUrl":"https:\/\/www.eldiario.net\/portal\/wp-content\/uploads\/2025\/04\/SIRINGOMELIA2.jpg","width":598,"height":380},{"@type":"BreadcrumbList","@id":"https:\/\/www.eldiario.net\/portal\/2025\/04\/06\/siringomelia\/#breadcrumb","itemListElement":[{"@type":"ListItem","position":1,"name":"Portada","item":"https:\/\/www.eldiario.net\/portal\/"},{"@type":"ListItem","position":2,"name":"SIRINGOMELIA"}]},{"@type":"WebSite","@id":"https:\/\/www.eldiario.net\/portal\/#website","url":"https:\/\/www.eldiario.net\/portal\/","name":"El Diario - Decano de la prensa nacional","description":"El Diario - Decano de la prensa nacional","publisher":{"@id":"https:\/\/www.eldiario.net\/portal\/#organization"},"potentialAction":[{"@type":"SearchAction","target":{"@type":"EntryPoint","urlTemplate":"https:\/\/www.eldiario.net\/portal\/?s={search_term_string}"},"query-input":{"@type":"PropertyValueSpecification","valueRequired":true,"valueName":"search_term_string"}}],"inLanguage":"es"},{"@type":"Organization","@id":"https:\/\/www.eldiario.net\/portal\/#organization","name":"El Diario - Decano de la prensa nacional","url":"https:\/\/www.eldiario.net\/portal\/","logo":{"@type":"ImageObject","inLanguage":"es","@id":"https:\/\/www.eldiario.net\/portal\/#\/schema\/logo\/image\/","url":"https:\/\/www.eldiario.net\/portal\/wp-content\/uploads\/2023\/07\/logo_ED.jpg","contentUrl":"https:\/\/www.eldiario.net\/portal\/wp-content\/uploads\/2023\/07\/logo_ED.jpg","width":272,"height":52,"caption":"El Diario - Decano de la prensa nacional"},"image":{"@id":"https:\/\/www.eldiario.net\/portal\/#\/schema\/logo\/image\/"},"sameAs":["https:\/\/www.facebook.com\/eldiario.bolivia\/","https:\/\/x.com\/eldiario_net"]},{"@type":"Person","@id":"https:\/\/www.eldiario.net\/portal\/#\/schema\/person\/f46445640444750d7d753ccd04ae01b7","name":"Jeanette","image":{"@type":"ImageObject","inLanguage":"es","@id":"https:\/\/secure.gravatar.com\/avatar\/3ea2118a5f7dad2b7138b1187a6b7ee55f160b9968b66013c3a3ef39dd7e5798?s=96&d=mm&r=g","url":"https:\/\/secure.gravatar.com\/avatar\/3ea2118a5f7dad2b7138b1187a6b7ee55f160b9968b66013c3a3ef39dd7e5798?s=96&d=mm&r=g","contentUrl":"https:\/\/secure.gravatar.com\/avatar\/3ea2118a5f7dad2b7138b1187a6b7ee55f160b9968b66013c3a3ef39dd7e5798?s=96&d=mm&r=g","caption":"Jeanette"},"sameAs":["https:\/\/www.eldiario.net\/portal"],"url":"https:\/\/www.eldiario.net\/portal\/author\/jeanette\/"}]}},"_links":{"self":[{"href":"https:\/\/www.eldiario.net\/portal\/wp-json\/wp\/v2\/posts\/293520","targetHints":{"allow":["GET"]}}],"collection":[{"href":"https:\/\/www.eldiario.net\/portal\/wp-json\/wp\/v2\/posts"}],"about":[{"href":"https:\/\/www.eldiario.net\/portal\/wp-json\/wp\/v2\/types\/post"}],"author":[{"embeddable":true,"href":"https:\/\/www.eldiario.net\/portal\/wp-json\/wp\/v2\/users\/1"}],"replies":[{"embeddable":true,"href":"https:\/\/www.eldiario.net\/portal\/wp-json\/wp\/v2\/comments?post=293520"}],"version-history":[{"count":1,"href":"https:\/\/www.eldiario.net\/portal\/wp-json\/wp\/v2\/posts\/293520\/revisions"}],"predecessor-version":[{"id":293523,"href":"https:\/\/www.eldiario.net\/portal\/wp-json\/wp\/v2\/posts\/293520\/revisions\/293523"}],"wp:featuredmedia":[{"embeddable":true,"href":"https:\/\/www.eldiario.net\/portal\/wp-json\/wp\/v2\/media\/293522"}],"wp:attachment":[{"href":"https:\/\/www.eldiario.net\/portal\/wp-json\/wp\/v2\/media?parent=293520"}],"wp:term":[{"taxonomy":"category","embeddable":true,"href":"https:\/\/www.eldiario.net\/portal\/wp-json\/wp\/v2\/categories?post=293520"},{"taxonomy":"post_tag","embeddable":true,"href":"https:\/\/www.eldiario.net\/portal\/wp-json\/wp\/v2\/tags?post=293520"}],"curies":[{"name":"wp","href":"https:\/\/api.w.org\/{rel}","templated":true}]}}