{"id":293515,"date":"2025-04-06T07:53:56","date_gmt":"2025-04-06T11:53:56","guid":{"rendered":"https:\/\/www.eldiario.net\/portal\/?p=293515"},"modified":"2025-04-06T07:53:56","modified_gmt":"2025-04-06T11:53:56","slug":"el-amateur-operacion-venganza-se-estrena-el-10-de-abril-en-cines-de-bolivia","status":"publish","type":"post","link":"https:\/\/www.eldiario.net\/portal\/2025\/04\/06\/el-amateur-operacion-venganza-se-estrena-el-10-de-abril-en-cines-de-bolivia\/","title":{"rendered":"\u201cEl Amateur: Operaci\u00f3n Venganza\u201d, se estrena el 10 de abril en cines de Bolivia"},"content":{"rendered":"<p>El amateur: Operaci\u00f3n venganza, pel\u00edcula de suspenso y espionaje dirigida por James Hawes y escrita por Ken Nolan y Gary Spinelli, basada en la novela de 1981 del mismo nombre de Robert Littell, que previamente se adapt\u00f3 a una pel\u00edcula ese a\u00f1o. Producida por Dan Wilson y Hutch Parker para 20th Century Studios, est\u00e1 protagonizada por Rami Malek, Rachel Brosnahan, Caitr\u00edona Balfe, Adrian Martinez, Laurence Fishburne, Holt McCallany y Julianne Nicholson.<br \/>\nEl Amateur: Operaci\u00f3n Venganza estrena el 10 de abril en cines de Bolivia<br \/>\nLa historia<br \/>\nDespu\u00e9s de que Charles Heller, un cript\u00f3grafo de la CIA, pierde a su esposa en un ataque terrorista en Londres, se da cuenta de que sus jefes no actuar\u00e1n debido a prioridades internas en conflicto. Comienza a chantajear a la agencia para que lo entrene y le permita ir tras ellos \u00e9l mismo.<br \/>\nLa producci\u00f3n<br \/>\nEn febrero de 2023, se anunci\u00f3 que Hutch Parker y Dan Wilson producir\u00edan el proyecto para 20th Century Studios con James Hawes como director y Rami Malek en el papel principal. Malek tambi\u00e9n figuraba como productor ejecutivo del proyecto. En mayo, Rachel Brosnahan, Caitriona Balfe, Adrian Martinez, Laurence Fishburne, Holt McCallany y Julianne Nicholson se sumaron al elenco.<br \/>\nLa fotograf\u00eda principal comenz\u00f3 en Londres en junio de 2023. El rodaje se realiz\u00f3 en el sureste de Inglaterra, as\u00ed como en Francia y Turqu\u00eda. <\/p>\n\r\n                <style type=\"text\/css\">\r\n                    \r\n                    #tdi_1  .td-doubleSlider-2 .td-item1 {\r\n                        background: url(https:\/\/www.eldiario.net\/portal\/wp-content\/uploads\/2025\/04\/El-Amateur-Operacion-Venganza-se-estrena-el-10-de-abril-en-los-cines-de-Bolivia-2-80x60.jpeg) 0 0 no-repeat;\r\n                    }\r\n                    #tdi_1  .td-doubleSlider-2 .td-item2 {\r\n                        background: url(https:\/\/www.eldiario.net\/portal\/wp-content\/uploads\/2025\/04\/El-Amateur-Operacion-Venganza-se-estrena-el-10-de-abril-en-los-cines-de-Bolivia-3-80x60.jpeg) 0 0 no-repeat;\r\n                    }\r\n                    #tdi_1  .td-doubleSlider-2 .td-item3 {\r\n                        background: url(https:\/\/www.eldiario.net\/portal\/wp-content\/uploads\/2025\/04\/El-Amateur-Operacion-Venganza-se-estrena-el-10-de-abril-en-los-cines-de-Bolivia-4-80x60.jpeg) 0 0 no-repeat;\r\n                    }\r\n                <\/style>\r\n\r\n                <div id=\"tdi_1\" class=\"td-gallery td-slide-on-2-columns\">\r\n                    <div class=\"post_td_gallery\">\r\n                        <div class=\"td-gallery-slide-top\">\r\n                           <div class=\"td-gallery-title\"><\/div>\r\n\r\n                            <div class=\"td-gallery-controls-wrapper\">\r\n                                <div class=\"td-gallery-slide-count\"><span class=\"td-gallery-slide-item-focus\">1<\/span> de 3<\/div>\r\n                                <div class=\"td-gallery-slide-prev-next-but\">\r\n                                    <i class = \"td-icon-left doubleSliderPrevButton\"><\/i>\r\n                                    <i class = \"td-icon-right doubleSliderNextButton\"><\/i>\r\n                                <\/div>\r\n                            <\/div>\r\n                        <\/div>\r\n\r\n                        <div class = \"td-doubleSlider-1 \">\r\n                            <div class = \"td-slider\">\r\n                                \r\n                    <div class = \"td-slide-item td-item1\">\r\n                        <figure class=\"td-slide-galery-figure td-slide-popup-gallery\">\r\n                            <a class=\"slide-gallery-image-link\" href=\"https:\/\/www.eldiario.net\/portal\/wp-content\/uploads\/2025\/04\/El-Amateur-Operacion-Venganza-se-estrena-el-10-de-abril-en-los-cines-de-Bolivia-2-scaled.jpeg\" title=\"The Amateur\"  data-caption=\"Laurence Fishburne as Henderson in 20th Century Studio&#039;s THE AMATEUR. Photo courtesy of 20th Century Studios. \u00a9 2024 20th Century Studios. All Rights Reserved.\"  data-description=\"\">\r\n                                <img decoding=\"async\" src=\"https:\/\/www.eldiario.net\/portal\/wp-content\/uploads\/2025\/04\/El-Amateur-Operacion-Venganza-se-estrena-el-10-de-abril-en-los-cines-de-Bolivia-2-970x420.jpeg\" srcset=\"https:\/\/www.eldiario.net\/portal\/wp-content\/uploads\/2025\/04\/El-Amateur-Operacion-Venganza-se-estrena-el-10-de-abril-en-los-cines-de-Bolivia-2-970x420.jpeg 970w, https:\/\/www.eldiario.net\/portal\/wp-content\/uploads\/2025\/04\/El-Amateur-Operacion-Venganza-se-estrena-el-10-de-abril-en-los-cines-de-Bolivia-2-300x130.jpeg 300w, https:\/\/www.eldiario.net\/portal\/wp-content\/uploads\/2025\/04\/El-Amateur-Operacion-Venganza-se-estrena-el-10-de-abril-en-los-cines-de-Bolivia-2-1024x443.jpeg 1024w, https:\/\/www.eldiario.net\/portal\/wp-content\/uploads\/2025\/04\/El-Amateur-Operacion-Venganza-se-estrena-el-10-de-abril-en-los-cines-de-Bolivia-2-768x333.jpeg 768w, https:\/\/www.eldiario.net\/portal\/wp-content\/uploads\/2025\/04\/El-Amateur-Operacion-Venganza-se-estrena-el-10-de-abril-en-los-cines-de-Bolivia-2-1536x665.jpeg 1536w, https:\/\/www.eldiario.net\/portal\/wp-content\/uploads\/2025\/04\/El-Amateur-Operacion-Venganza-se-estrena-el-10-de-abril-en-los-cines-de-Bolivia-2-2048x887.jpeg 2048w, https:\/\/www.eldiario.net\/portal\/wp-content\/uploads\/2025\/04\/El-Amateur-Operacion-Venganza-se-estrena-el-10-de-abril-en-los-cines-de-Bolivia-2-696x301.jpeg 696w, https:\/\/www.eldiario.net\/portal\/wp-content\/uploads\/2025\/04\/El-Amateur-Operacion-Venganza-se-estrena-el-10-de-abril-en-los-cines-de-Bolivia-2-1068x463.jpeg 1068w, https:\/\/www.eldiario.net\/portal\/wp-content\/uploads\/2025\/04\/El-Amateur-Operacion-Venganza-se-estrena-el-10-de-abril-en-los-cines-de-Bolivia-2-1920x832.jpeg 1920w\" sizes=\"(max-width: 970px) 100vw, 970px\" alt=\"\">\r\n                            <\/a>\r\n                            <figcaption class = \"td-slide-caption td-gallery-slide-content\"><div class = \"td-gallery-slide-copywrite\">Laurence Fishburne as Henderson in 20th Century Studio's THE AMATEUR. Photo courtesy of 20th Century Studios. \u00a9 2024 20th Century Studios. All Rights Reserved.<\/div><\/figcaption>\r\n                        <\/figure>\r\n                    <\/div>\r\n                    <div class = \"td-slide-item td-item2\">\r\n                        <figure class=\"td-slide-galery-figure td-slide-popup-gallery\">\r\n                            <a class=\"slide-gallery-image-link\" href=\"https:\/\/www.eldiario.net\/portal\/wp-content\/uploads\/2025\/04\/El-Amateur-Operacion-Venganza-se-estrena-el-10-de-abril-en-los-cines-de-Bolivia-3-scaled.jpeg\" title=\"The Amateur\"  data-caption=\"Rami Malek as Heller in 20th Century Studio&#039;s THE AMATEUR. Photo courtesy of 20th Century Studios. \u00a9 2024 20th Century Studios. All Rights Reserved.\"  data-description=\"\">\r\n                                <img decoding=\"async\" src=\"https:\/\/www.eldiario.net\/portal\/wp-content\/uploads\/2025\/04\/El-Amateur-Operacion-Venganza-se-estrena-el-10-de-abril-en-los-cines-de-Bolivia-3-958x420.jpeg\" srcset=\"https:\/\/www.eldiario.net\/portal\/wp-content\/uploads\/2025\/04\/El-Amateur-Operacion-Venganza-se-estrena-el-10-de-abril-en-los-cines-de-Bolivia-3-958x420.jpeg 958w, https:\/\/www.eldiario.net\/portal\/wp-content\/uploads\/2025\/04\/El-Amateur-Operacion-Venganza-se-estrena-el-10-de-abril-en-los-cines-de-Bolivia-3-300x132.jpeg 300w, https:\/\/www.eldiario.net\/portal\/wp-content\/uploads\/2025\/04\/El-Amateur-Operacion-Venganza-se-estrena-el-10-de-abril-en-los-cines-de-Bolivia-3-1024x449.jpeg 1024w, https:\/\/www.eldiario.net\/portal\/wp-content\/uploads\/2025\/04\/El-Amateur-Operacion-Venganza-se-estrena-el-10-de-abril-en-los-cines-de-Bolivia-3-768x337.jpeg 768w, https:\/\/www.eldiario.net\/portal\/wp-content\/uploads\/2025\/04\/El-Amateur-Operacion-Venganza-se-estrena-el-10-de-abril-en-los-cines-de-Bolivia-3-1536x674.jpeg 1536w, https:\/\/www.eldiario.net\/portal\/wp-content\/uploads\/2025\/04\/El-Amateur-Operacion-Venganza-se-estrena-el-10-de-abril-en-los-cines-de-Bolivia-3-2048x898.jpeg 2048w, https:\/\/www.eldiario.net\/portal\/wp-content\/uploads\/2025\/04\/El-Amateur-Operacion-Venganza-se-estrena-el-10-de-abril-en-los-cines-de-Bolivia-3-696x305.jpeg 696w, https:\/\/www.eldiario.net\/portal\/wp-content\/uploads\/2025\/04\/El-Amateur-Operacion-Venganza-se-estrena-el-10-de-abril-en-los-cines-de-Bolivia-3-1068x468.jpeg 1068w, https:\/\/www.eldiario.net\/portal\/wp-content\/uploads\/2025\/04\/El-Amateur-Operacion-Venganza-se-estrena-el-10-de-abril-en-los-cines-de-Bolivia-3-1920x842.jpeg 1920w\" sizes=\"(max-width: 958px) 100vw, 958px\" alt=\"\">\r\n                            <\/a>\r\n                            <figcaption class = \"td-slide-caption td-gallery-slide-content\"><div class = \"td-gallery-slide-copywrite\">Rami Malek as Heller in 20th Century Studio's THE AMATEUR. Photo courtesy of 20th Century Studios. \u00a9 2024 20th Century Studios. All Rights Reserved.<\/div><\/figcaption>\r\n                        <\/figure>\r\n                    <\/div>\r\n                    <div class = \"td-slide-item td-item3\">\r\n                        <figure class=\"td-slide-galery-figure td-slide-popup-gallery\">\r\n                            <a class=\"slide-gallery-image-link\" href=\"https:\/\/www.eldiario.net\/portal\/wp-content\/uploads\/2025\/04\/El-Amateur-Operacion-Venganza-se-estrena-el-10-de-abril-en-los-cines-de-Bolivia-4-scaled.jpeg\" title=\"The Amateur\"  data-caption=\"(L-R) Laurence Fishburne as Henderson and Rami Malek as Heller in 20th Century Studio&#039;s THE AMATEUR. Photo courtesy of 20th Century Studios. \u00a9 2024 20th Century Studios. All Rights Reserved.\"  data-description=\"\">\r\n                                <img decoding=\"async\" src=\"https:\/\/www.eldiario.net\/portal\/wp-content\/uploads\/2025\/04\/El-Amateur-Operacion-Venganza-se-estrena-el-10-de-abril-en-los-cines-de-Bolivia-4-958x420.jpeg\" srcset=\"https:\/\/www.eldiario.net\/portal\/wp-content\/uploads\/2025\/04\/El-Amateur-Operacion-Venganza-se-estrena-el-10-de-abril-en-los-cines-de-Bolivia-4-958x420.jpeg 958w, https:\/\/www.eldiario.net\/portal\/wp-content\/uploads\/2025\/04\/El-Amateur-Operacion-Venganza-se-estrena-el-10-de-abril-en-los-cines-de-Bolivia-4-300x131.jpeg 300w, https:\/\/www.eldiario.net\/portal\/wp-content\/uploads\/2025\/04\/El-Amateur-Operacion-Venganza-se-estrena-el-10-de-abril-en-los-cines-de-Bolivia-4-1024x449.jpeg 1024w, https:\/\/www.eldiario.net\/portal\/wp-content\/uploads\/2025\/04\/El-Amateur-Operacion-Venganza-se-estrena-el-10-de-abril-en-los-cines-de-Bolivia-4-768x337.jpeg 768w, https:\/\/www.eldiario.net\/portal\/wp-content\/uploads\/2025\/04\/El-Amateur-Operacion-Venganza-se-estrena-el-10-de-abril-en-los-cines-de-Bolivia-4-1536x673.jpeg 1536w, https:\/\/www.eldiario.net\/portal\/wp-content\/uploads\/2025\/04\/El-Amateur-Operacion-Venganza-se-estrena-el-10-de-abril-en-los-cines-de-Bolivia-4-2048x898.jpeg 2048w, https:\/\/www.eldiario.net\/portal\/wp-content\/uploads\/2025\/04\/El-Amateur-Operacion-Venganza-se-estrena-el-10-de-abril-en-los-cines-de-Bolivia-4-696x305.jpeg 696w, https:\/\/www.eldiario.net\/portal\/wp-content\/uploads\/2025\/04\/El-Amateur-Operacion-Venganza-se-estrena-el-10-de-abril-en-los-cines-de-Bolivia-4-1068x468.jpeg 1068w, https:\/\/www.eldiario.net\/portal\/wp-content\/uploads\/2025\/04\/El-Amateur-Operacion-Venganza-se-estrena-el-10-de-abril-en-los-cines-de-Bolivia-4-1920x842.jpeg 1920w\" sizes=\"(max-width: 958px) 100vw, 958px\" alt=\"\">\r\n                            <\/a>\r\n                            <figcaption class = \"td-slide-caption td-gallery-slide-content\"><div class = \"td-gallery-slide-copywrite\">(L-R) Laurence Fishburne as Henderson and Rami Malek as Heller in 20th Century Studio's THE AMATEUR. Photo courtesy of 20th Century Studios. \u00a9 2024 20th Century Studios. All Rights Reserved.<\/div><\/figcaption>\r\n                        <\/figure>\r\n                    <\/div>\r\n                            <\/div>\r\n                        <\/div>\r\n\r\n                        <div class = \"td-doubleSlider-2\">\r\n                            <div class = \"td-slider\">\r\n                                \r\n                    <div class = \"td-button td-item1\">\r\n                        <div class = \"td-border\"><\/div>\r\n                    <\/div>\r\n                    <div class = \"td-button td-item2\">\r\n                        <div class = \"td-border\"><\/div>\r\n                    <\/div>\r\n                    <div class = \"td-button td-item3\">\r\n                        <div class = \"td-border\"><\/div>\r\n                    <\/div>\r\n                            <\/div>\r\n                        <\/div>\r\n\r\n                    <\/div>\r\n\r\n                <\/div>\r\n                \n","protected":false},"excerpt":{"rendered":"<p>El amateur: Operaci\u00f3n venganza, pel\u00edcula de suspenso y espionaje dirigida por James Hawes y escrita por Ken Nolan y Gary Spinelli, basada en la novela de 1981 del mismo nombre de Robert Littell, que previamente se adapt\u00f3 a una pel\u00edcula ese a\u00f1o. Producida por Dan Wilson y Hutch Parker para 20th Century Studios, est\u00e1 protagonizada [&hellip;]<\/p>\n","protected":false},"author":1,"featured_media":293516,"comment_status":"closed","ping_status":"open","sticky":false,"template":"","format":"standard","meta":{"_acf_changed":false,"footnotes":""},"categories":[45],"tags":[],"class_list":["post-293515","post","type-post","status-publish","format-standard","has-post-thumbnail","category-cine-mundo"],"acf":{"antetitulo":""},"yoast_head":"<!-- This site is optimized with the Yoast SEO plugin v28.4 - https:\/\/yoast.com\/product\/yoast-seo-wordpress\/ -->\n<title>\u201cEl Amateur: Operaci\u00f3n Venganza\u201d, se estrena el 10 de abril en cines de Bolivia - El Diario - Bolivia<\/title>\n<meta name=\"robots\" content=\"index, follow, max-snippet:-1, max-image-preview:large, max-video-preview:-1\" \/>\n<link rel=\"canonical\" href=\"https:\/\/www.eldiario.net\/portal\/2025\/04\/06\/el-amateur-operacion-venganza-se-estrena-el-10-de-abril-en-cines-de-bolivia\/\" \/>\n<meta property=\"og:locale\" content=\"es_ES\" \/>\n<meta property=\"og:type\" content=\"article\" \/>\n<meta property=\"og:title\" content=\"\u201cEl Amateur: Operaci\u00f3n Venganza\u201d, se estrena el 10 de abril en cines de Bolivia - El Diario - Bolivia\" \/>\n<meta property=\"og:description\" content=\"El amateur: Operaci\u00f3n venganza, pel\u00edcula de suspenso y espionaje dirigida por James Hawes y escrita por Ken Nolan y Gary Spinelli, basada en la novela de 1981 del mismo nombre de Robert Littell, que previamente se adapt\u00f3 a una pel\u00edcula ese a\u00f1o. Producida por Dan Wilson y Hutch Parker para 20th Century Studios, est\u00e1 protagonizada [&hellip;]\" \/>\n<meta property=\"og:url\" content=\"https:\/\/www.eldiario.net\/portal\/2025\/04\/06\/el-amateur-operacion-venganza-se-estrena-el-10-de-abril-en-cines-de-bolivia\/\" \/>\n<meta property=\"og:site_name\" content=\"El Diario - Bolivia\" \/>\n<meta property=\"article:publisher\" content=\"https:\/\/www.facebook.com\/eldiario.bolivia\/\" \/>\n<meta property=\"article:published_time\" content=\"2025-04-06T11:53:56+00:00\" \/>\n<meta property=\"og:image\" content=\"https:\/\/www.eldiario.net\/portal\/wp-content\/uploads\/2025\/04\/El-Amateur-Operacion-Venganza-se-estrena-el-10-de-abril-en-los-cines-de-Bolivia-2-scaled.jpeg\" \/>\n\t<meta property=\"og:image:width\" content=\"2560\" \/>\n\t<meta property=\"og:image:height\" content=\"1109\" \/>\n\t<meta property=\"og:image:type\" content=\"image\/jpeg\" \/>\n<meta name=\"author\" content=\"Jeanette\" \/>\n<meta name=\"twitter:card\" content=\"summary_large_image\" \/>\n<meta name=\"twitter:creator\" content=\"@eldiario_net\" \/>\n<meta name=\"twitter:site\" content=\"@eldiario_net\" \/>\n<meta name=\"twitter:label1\" content=\"Escrito por\" \/>\n\t<meta name=\"twitter:data1\" content=\"Jeanette\" \/>\n\t<meta name=\"twitter:label2\" content=\"Tiempo de lectura\" \/>\n\t<meta name=\"twitter:data2\" content=\"1 minuto\" \/>\n<script type=\"application\/ld+json\" class=\"yoast-schema-graph\">{\"@context\":\"https:\\\/\\\/schema.org\",\"@graph\":[{\"@type\":\"Article\",\"@id\":\"https:\\\/\\\/www.eldiario.net\\\/portal\\\/2025\\\/04\\\/06\\\/el-amateur-operacion-venganza-se-estrena-el-10-de-abril-en-cines-de-bolivia\\\/#article\",\"isPartOf\":{\"@id\":\"https:\\\/\\\/www.eldiario.net\\\/portal\\\/2025\\\/04\\\/06\\\/el-amateur-operacion-venganza-se-estrena-el-10-de-abril-en-cines-de-bolivia\\\/\"},\"author\":{\"name\":\"Jeanette\",\"@id\":\"https:\\\/\\\/www.eldiario.net\\\/portal\\\/#\\\/schema\\\/person\\\/f46445640444750d7d753ccd04ae01b7\"},\"headline\":\"\u201cEl Amateur: Operaci\u00f3n Venganza\u201d, se estrena el 10 de abril en cines de Bolivia\",\"datePublished\":\"2025-04-06T11:53:56+00:00\",\"mainEntityOfPage\":{\"@id\":\"https:\\\/\\\/www.eldiario.net\\\/portal\\\/2025\\\/04\\\/06\\\/el-amateur-operacion-venganza-se-estrena-el-10-de-abril-en-cines-de-bolivia\\\/\"},\"wordCount\":257,\"publisher\":{\"@id\":\"https:\\\/\\\/www.eldiario.net\\\/portal\\\/#organization\"},\"image\":{\"@id\":\"https:\\\/\\\/www.eldiario.net\\\/portal\\\/2025\\\/04\\\/06\\\/el-amateur-operacion-venganza-se-estrena-el-10-de-abril-en-cines-de-bolivia\\\/#primaryimage\"},\"thumbnailUrl\":\"https:\\\/\\\/www.eldiario.net\\\/portal\\\/wp-content\\\/uploads\\\/2025\\\/04\\\/El-Amateur-Operacion-Venganza-se-estrena-el-10-de-abril-en-los-cines-de-Bolivia-2-scaled.jpeg\",\"articleSection\":[\"Cine Mundo\"],\"inLanguage\":\"es\"},{\"@type\":\"WebPage\",\"@id\":\"https:\\\/\\\/www.eldiario.net\\\/portal\\\/2025\\\/04\\\/06\\\/el-amateur-operacion-venganza-se-estrena-el-10-de-abril-en-cines-de-bolivia\\\/\",\"url\":\"https:\\\/\\\/www.eldiario.net\\\/portal\\\/2025\\\/04\\\/06\\\/el-amateur-operacion-venganza-se-estrena-el-10-de-abril-en-cines-de-bolivia\\\/\",\"name\":\"\u201cEl Amateur: Operaci\u00f3n Venganza\u201d, se estrena el 10 de abril en cines de Bolivia - El Diario - Bolivia\",\"isPartOf\":{\"@id\":\"https:\\\/\\\/www.eldiario.net\\\/portal\\\/#website\"},\"primaryImageOfPage\":{\"@id\":\"https:\\\/\\\/www.eldiario.net\\\/portal\\\/2025\\\/04\\\/06\\\/el-amateur-operacion-venganza-se-estrena-el-10-de-abril-en-cines-de-bolivia\\\/#primaryimage\"},\"image\":{\"@id\":\"https:\\\/\\\/www.eldiario.net\\\/portal\\\/2025\\\/04\\\/06\\\/el-amateur-operacion-venganza-se-estrena-el-10-de-abril-en-cines-de-bolivia\\\/#primaryimage\"},\"thumbnailUrl\":\"https:\\\/\\\/www.eldiario.net\\\/portal\\\/wp-content\\\/uploads\\\/2025\\\/04\\\/El-Amateur-Operacion-Venganza-se-estrena-el-10-de-abril-en-los-cines-de-Bolivia-2-scaled.jpeg\",\"datePublished\":\"2025-04-06T11:53:56+00:00\",\"breadcrumb\":{\"@id\":\"https:\\\/\\\/www.eldiario.net\\\/portal\\\/2025\\\/04\\\/06\\\/el-amateur-operacion-venganza-se-estrena-el-10-de-abril-en-cines-de-bolivia\\\/#breadcrumb\"},\"inLanguage\":\"es\",\"potentialAction\":[{\"@type\":\"ReadAction\",\"target\":[\"https:\\\/\\\/www.eldiario.net\\\/portal\\\/2025\\\/04\\\/06\\\/el-amateur-operacion-venganza-se-estrena-el-10-de-abril-en-cines-de-bolivia\\\/\"]}]},{\"@type\":\"ImageObject\",\"inLanguage\":\"es\",\"@id\":\"https:\\\/\\\/www.eldiario.net\\\/portal\\\/2025\\\/04\\\/06\\\/el-amateur-operacion-venganza-se-estrena-el-10-de-abril-en-cines-de-bolivia\\\/#primaryimage\",\"url\":\"https:\\\/\\\/www.eldiario.net\\\/portal\\\/wp-content\\\/uploads\\\/2025\\\/04\\\/El-Amateur-Operacion-Venganza-se-estrena-el-10-de-abril-en-los-cines-de-Bolivia-2-scaled.jpeg\",\"contentUrl\":\"https:\\\/\\\/www.eldiario.net\\\/portal\\\/wp-content\\\/uploads\\\/2025\\\/04\\\/El-Amateur-Operacion-Venganza-se-estrena-el-10-de-abril-en-los-cines-de-Bolivia-2-scaled.jpeg\",\"width\":2560,\"height\":1109,\"caption\":\"Laurence Fishburne as Henderson in 20th Century Studio's THE AMATEUR. Photo courtesy of 20th Century Studios. \u00a9 2024 20th Century Studios. All Rights Reserved.\"},{\"@type\":\"BreadcrumbList\",\"@id\":\"https:\\\/\\\/www.eldiario.net\\\/portal\\\/2025\\\/04\\\/06\\\/el-amateur-operacion-venganza-se-estrena-el-10-de-abril-en-cines-de-bolivia\\\/#breadcrumb\",\"itemListElement\":[{\"@type\":\"ListItem\",\"position\":1,\"name\":\"Portada\",\"item\":\"https:\\\/\\\/www.eldiario.net\\\/portal\\\/\"},{\"@type\":\"ListItem\",\"position\":2,\"name\":\"\u201cEl Amateur: Operaci\u00f3n Venganza\u201d, se estrena el 10 de abril en cines de Bolivia\"}]},{\"@type\":\"WebSite\",\"@id\":\"https:\\\/\\\/www.eldiario.net\\\/portal\\\/#website\",\"url\":\"https:\\\/\\\/www.eldiario.net\\\/portal\\\/\",\"name\":\"El Diario - Decano de la prensa nacional\",\"description\":\"El Diario - Decano de la prensa nacional\",\"publisher\":{\"@id\":\"https:\\\/\\\/www.eldiario.net\\\/portal\\\/#organization\"},\"potentialAction\":[{\"@type\":\"SearchAction\",\"target\":{\"@type\":\"EntryPoint\",\"urlTemplate\":\"https:\\\/\\\/www.eldiario.net\\\/portal\\\/?s={search_term_string}\"},\"query-input\":{\"@type\":\"PropertyValueSpecification\",\"valueRequired\":true,\"valueName\":\"search_term_string\"}}],\"inLanguage\":\"es\"},{\"@type\":\"Organization\",\"@id\":\"https:\\\/\\\/www.eldiario.net\\\/portal\\\/#organization\",\"name\":\"El Diario - Decano de la prensa nacional\",\"url\":\"https:\\\/\\\/www.eldiario.net\\\/portal\\\/\",\"logo\":{\"@type\":\"ImageObject\",\"inLanguage\":\"es\",\"@id\":\"https:\\\/\\\/www.eldiario.net\\\/portal\\\/#\\\/schema\\\/logo\\\/image\\\/\",\"url\":\"https:\\\/\\\/www.eldiario.net\\\/portal\\\/wp-content\\\/uploads\\\/2023\\\/07\\\/logo_ED.jpg\",\"contentUrl\":\"https:\\\/\\\/www.eldiario.net\\\/portal\\\/wp-content\\\/uploads\\\/2023\\\/07\\\/logo_ED.jpg\",\"width\":272,\"height\":52,\"caption\":\"El Diario - Decano de la prensa nacional\"},\"image\":{\"@id\":\"https:\\\/\\\/www.eldiario.net\\\/portal\\\/#\\\/schema\\\/logo\\\/image\\\/\"},\"sameAs\":[\"https:\\\/\\\/www.facebook.com\\\/eldiario.bolivia\\\/\",\"https:\\\/\\\/x.com\\\/eldiario_net\"]},{\"@type\":\"Person\",\"@id\":\"https:\\\/\\\/www.eldiario.net\\\/portal\\\/#\\\/schema\\\/person\\\/f46445640444750d7d753ccd04ae01b7\",\"name\":\"Jeanette\",\"image\":{\"@type\":\"ImageObject\",\"inLanguage\":\"es\",\"@id\":\"https:\\\/\\\/secure.gravatar.com\\\/avatar\\\/3ea2118a5f7dad2b7138b1187a6b7ee55f160b9968b66013c3a3ef39dd7e5798?s=96&d=mm&r=g\",\"url\":\"https:\\\/\\\/secure.gravatar.com\\\/avatar\\\/3ea2118a5f7dad2b7138b1187a6b7ee55f160b9968b66013c3a3ef39dd7e5798?s=96&d=mm&r=g\",\"contentUrl\":\"https:\\\/\\\/secure.gravatar.com\\\/avatar\\\/3ea2118a5f7dad2b7138b1187a6b7ee55f160b9968b66013c3a3ef39dd7e5798?s=96&d=mm&r=g\",\"caption\":\"Jeanette\"},\"sameAs\":[\"https:\\\/\\\/www.eldiario.net\\\/portal\"],\"url\":\"https:\\\/\\\/www.eldiario.net\\\/portal\\\/author\\\/jeanette\\\/\"}]}<\/script>\n<!-- \/ Yoast SEO plugin. -->","yoast_head_json":{"title":"\u201cEl Amateur: Operaci\u00f3n Venganza\u201d, se estrena el 10 de abril en cines de Bolivia - El Diario - Bolivia","robots":{"index":"index","follow":"follow","max-snippet":"max-snippet:-1","max-image-preview":"max-image-preview:large","max-video-preview":"max-video-preview:-1"},"canonical":"https:\/\/www.eldiario.net\/portal\/2025\/04\/06\/el-amateur-operacion-venganza-se-estrena-el-10-de-abril-en-cines-de-bolivia\/","og_locale":"es_ES","og_type":"article","og_title":"\u201cEl Amateur: Operaci\u00f3n Venganza\u201d, se estrena el 10 de abril en cines de Bolivia - El Diario - Bolivia","og_description":"El amateur: Operaci\u00f3n venganza, pel\u00edcula de suspenso y espionaje dirigida por James Hawes y escrita por Ken Nolan y Gary Spinelli, basada en la novela de 1981 del mismo nombre de Robert Littell, que previamente se adapt\u00f3 a una pel\u00edcula ese a\u00f1o. Producida por Dan Wilson y Hutch Parker para 20th Century Studios, est\u00e1 protagonizada [&hellip;]","og_url":"https:\/\/www.eldiario.net\/portal\/2025\/04\/06\/el-amateur-operacion-venganza-se-estrena-el-10-de-abril-en-cines-de-bolivia\/","og_site_name":"El Diario - Bolivia","article_publisher":"https:\/\/www.facebook.com\/eldiario.bolivia\/","article_published_time":"2025-04-06T11:53:56+00:00","og_image":[{"width":2560,"height":1109,"url":"https:\/\/www.eldiario.net\/portal\/wp-content\/uploads\/2025\/04\/El-Amateur-Operacion-Venganza-se-estrena-el-10-de-abril-en-los-cines-de-Bolivia-2-scaled.jpeg","type":"image\/jpeg"}],"author":"Jeanette","twitter_card":"summary_large_image","twitter_creator":"@eldiario_net","twitter_site":"@eldiario_net","twitter_misc":{"Escrito por":"Jeanette","Tiempo de lectura":"1 minuto"},"schema":{"@context":"https:\/\/schema.org","@graph":[{"@type":"Article","@id":"https:\/\/www.eldiario.net\/portal\/2025\/04\/06\/el-amateur-operacion-venganza-se-estrena-el-10-de-abril-en-cines-de-bolivia\/#article","isPartOf":{"@id":"https:\/\/www.eldiario.net\/portal\/2025\/04\/06\/el-amateur-operacion-venganza-se-estrena-el-10-de-abril-en-cines-de-bolivia\/"},"author":{"name":"Jeanette","@id":"https:\/\/www.eldiario.net\/portal\/#\/schema\/person\/f46445640444750d7d753ccd04ae01b7"},"headline":"\u201cEl Amateur: Operaci\u00f3n Venganza\u201d, se estrena el 10 de abril en cines de Bolivia","datePublished":"2025-04-06T11:53:56+00:00","mainEntityOfPage":{"@id":"https:\/\/www.eldiario.net\/portal\/2025\/04\/06\/el-amateur-operacion-venganza-se-estrena-el-10-de-abril-en-cines-de-bolivia\/"},"wordCount":257,"publisher":{"@id":"https:\/\/www.eldiario.net\/portal\/#organization"},"image":{"@id":"https:\/\/www.eldiario.net\/portal\/2025\/04\/06\/el-amateur-operacion-venganza-se-estrena-el-10-de-abril-en-cines-de-bolivia\/#primaryimage"},"thumbnailUrl":"https:\/\/www.eldiario.net\/portal\/wp-content\/uploads\/2025\/04\/El-Amateur-Operacion-Venganza-se-estrena-el-10-de-abril-en-los-cines-de-Bolivia-2-scaled.jpeg","articleSection":["Cine Mundo"],"inLanguage":"es"},{"@type":"WebPage","@id":"https:\/\/www.eldiario.net\/portal\/2025\/04\/06\/el-amateur-operacion-venganza-se-estrena-el-10-de-abril-en-cines-de-bolivia\/","url":"https:\/\/www.eldiario.net\/portal\/2025\/04\/06\/el-amateur-operacion-venganza-se-estrena-el-10-de-abril-en-cines-de-bolivia\/","name":"\u201cEl Amateur: Operaci\u00f3n Venganza\u201d, se estrena el 10 de abril en cines de Bolivia - El Diario - Bolivia","isPartOf":{"@id":"https:\/\/www.eldiario.net\/portal\/#website"},"primaryImageOfPage":{"@id":"https:\/\/www.eldiario.net\/portal\/2025\/04\/06\/el-amateur-operacion-venganza-se-estrena-el-10-de-abril-en-cines-de-bolivia\/#primaryimage"},"image":{"@id":"https:\/\/www.eldiario.net\/portal\/2025\/04\/06\/el-amateur-operacion-venganza-se-estrena-el-10-de-abril-en-cines-de-bolivia\/#primaryimage"},"thumbnailUrl":"https:\/\/www.eldiario.net\/portal\/wp-content\/uploads\/2025\/04\/El-Amateur-Operacion-Venganza-se-estrena-el-10-de-abril-en-los-cines-de-Bolivia-2-scaled.jpeg","datePublished":"2025-04-06T11:53:56+00:00","breadcrumb":{"@id":"https:\/\/www.eldiario.net\/portal\/2025\/04\/06\/el-amateur-operacion-venganza-se-estrena-el-10-de-abril-en-cines-de-bolivia\/#breadcrumb"},"inLanguage":"es","potentialAction":[{"@type":"ReadAction","target":["https:\/\/www.eldiario.net\/portal\/2025\/04\/06\/el-amateur-operacion-venganza-se-estrena-el-10-de-abril-en-cines-de-bolivia\/"]}]},{"@type":"ImageObject","inLanguage":"es","@id":"https:\/\/www.eldiario.net\/portal\/2025\/04\/06\/el-amateur-operacion-venganza-se-estrena-el-10-de-abril-en-cines-de-bolivia\/#primaryimage","url":"https:\/\/www.eldiario.net\/portal\/wp-content\/uploads\/2025\/04\/El-Amateur-Operacion-Venganza-se-estrena-el-10-de-abril-en-los-cines-de-Bolivia-2-scaled.jpeg","contentUrl":"https:\/\/www.eldiario.net\/portal\/wp-content\/uploads\/2025\/04\/El-Amateur-Operacion-Venganza-se-estrena-el-10-de-abril-en-los-cines-de-Bolivia-2-scaled.jpeg","width":2560,"height":1109,"caption":"Laurence Fishburne as Henderson in 20th Century Studio's THE AMATEUR. Photo courtesy of 20th Century Studios. \u00a9 2024 20th Century Studios. All Rights Reserved."},{"@type":"BreadcrumbList","@id":"https:\/\/www.eldiario.net\/portal\/2025\/04\/06\/el-amateur-operacion-venganza-se-estrena-el-10-de-abril-en-cines-de-bolivia\/#breadcrumb","itemListElement":[{"@type":"ListItem","position":1,"name":"Portada","item":"https:\/\/www.eldiario.net\/portal\/"},{"@type":"ListItem","position":2,"name":"\u201cEl Amateur: Operaci\u00f3n Venganza\u201d, se estrena el 10 de abril en cines de Bolivia"}]},{"@type":"WebSite","@id":"https:\/\/www.eldiario.net\/portal\/#website","url":"https:\/\/www.eldiario.net\/portal\/","name":"El Diario - Decano de la prensa nacional","description":"El Diario - Decano de la prensa nacional","publisher":{"@id":"https:\/\/www.eldiario.net\/portal\/#organization"},"potentialAction":[{"@type":"SearchAction","target":{"@type":"EntryPoint","urlTemplate":"https:\/\/www.eldiario.net\/portal\/?s={search_term_string}"},"query-input":{"@type":"PropertyValueSpecification","valueRequired":true,"valueName":"search_term_string"}}],"inLanguage":"es"},{"@type":"Organization","@id":"https:\/\/www.eldiario.net\/portal\/#organization","name":"El Diario - Decano de la prensa nacional","url":"https:\/\/www.eldiario.net\/portal\/","logo":{"@type":"ImageObject","inLanguage":"es","@id":"https:\/\/www.eldiario.net\/portal\/#\/schema\/logo\/image\/","url":"https:\/\/www.eldiario.net\/portal\/wp-content\/uploads\/2023\/07\/logo_ED.jpg","contentUrl":"https:\/\/www.eldiario.net\/portal\/wp-content\/uploads\/2023\/07\/logo_ED.jpg","width":272,"height":52,"caption":"El Diario - Decano de la prensa nacional"},"image":{"@id":"https:\/\/www.eldiario.net\/portal\/#\/schema\/logo\/image\/"},"sameAs":["https:\/\/www.facebook.com\/eldiario.bolivia\/","https:\/\/x.com\/eldiario_net"]},{"@type":"Person","@id":"https:\/\/www.eldiario.net\/portal\/#\/schema\/person\/f46445640444750d7d753ccd04ae01b7","name":"Jeanette","image":{"@type":"ImageObject","inLanguage":"es","@id":"https:\/\/secure.gravatar.com\/avatar\/3ea2118a5f7dad2b7138b1187a6b7ee55f160b9968b66013c3a3ef39dd7e5798?s=96&d=mm&r=g","url":"https:\/\/secure.gravatar.com\/avatar\/3ea2118a5f7dad2b7138b1187a6b7ee55f160b9968b66013c3a3ef39dd7e5798?s=96&d=mm&r=g","contentUrl":"https:\/\/secure.gravatar.com\/avatar\/3ea2118a5f7dad2b7138b1187a6b7ee55f160b9968b66013c3a3ef39dd7e5798?s=96&d=mm&r=g","caption":"Jeanette"},"sameAs":["https:\/\/www.eldiario.net\/portal"],"url":"https:\/\/www.eldiario.net\/portal\/author\/jeanette\/"}]}},"_links":{"self":[{"href":"https:\/\/www.eldiario.net\/portal\/wp-json\/wp\/v2\/posts\/293515","targetHints":{"allow":["GET"]}}],"collection":[{"href":"https:\/\/www.eldiario.net\/portal\/wp-json\/wp\/v2\/posts"}],"about":[{"href":"https:\/\/www.eldiario.net\/portal\/wp-json\/wp\/v2\/types\/post"}],"author":[{"embeddable":true,"href":"https:\/\/www.eldiario.net\/portal\/wp-json\/wp\/v2\/users\/1"}],"replies":[{"embeddable":true,"href":"https:\/\/www.eldiario.net\/portal\/wp-json\/wp\/v2\/comments?post=293515"}],"version-history":[{"count":1,"href":"https:\/\/www.eldiario.net\/portal\/wp-json\/wp\/v2\/posts\/293515\/revisions"}],"predecessor-version":[{"id":293519,"href":"https:\/\/www.eldiario.net\/portal\/wp-json\/wp\/v2\/posts\/293515\/revisions\/293519"}],"wp:featuredmedia":[{"embeddable":true,"href":"https:\/\/www.eldiario.net\/portal\/wp-json\/wp\/v2\/media\/293516"}],"wp:attachment":[{"href":"https:\/\/www.eldiario.net\/portal\/wp-json\/wp\/v2\/media?parent=293515"}],"wp:term":[{"taxonomy":"category","embeddable":true,"href":"https:\/\/www.eldiario.net\/portal\/wp-json\/wp\/v2\/categories?post=293515"},{"taxonomy":"post_tag","embeddable":true,"href":"https:\/\/www.eldiario.net\/portal\/wp-json\/wp\/v2\/tags?post=293515"}],"curies":[{"name":"wp","href":"https:\/\/api.w.org\/{rel}","templated":true}]}}