{"id":293505,"date":"2025-04-06T07:52:06","date_gmt":"2025-04-06T11:52:06","guid":{"rendered":"https:\/\/www.eldiario.net\/portal\/?p=293505"},"modified":"2025-04-06T07:52:06","modified_gmt":"2025-04-06T11:52:06","slug":"el-elenco-y-los-cineastas-de-el-amateur-operacion-venganza-entre-ellos-rami-malek-laurence-fishburne-caitriona-balfe-y-el-director-james-hawes-asistieron-al-estreno-de-la-pelicula-en-europa","status":"publish","type":"post","link":"https:\/\/www.eldiario.net\/portal\/2025\/04\/06\/el-elenco-y-los-cineastas-de-el-amateur-operacion-venganza-entre-ellos-rami-malek-laurence-fishburne-caitriona-balfe-y-el-director-james-hawes-asistieron-al-estreno-de-la-pelicula-en-europa\/","title":{"rendered":"El elenco y los cineastas de El Amateur: Operaci\u00f3n Venganza, entre ellos Rami Malek, Laurence Fishburne, Caitr\u00edona Balfe y el director James Hawes, asistieron al estreno de la pel\u00edcula en Europa"},"content":{"rendered":"<p>El nuevo thriller de espionaje de 20th Century Studios estrena exclusivamente en cines el 10 de abril<br \/>\nEl elenco y los cineastas de la nueva pel\u00edcula de 20th Century Studios, El Amateur: Operaci\u00f3n Venganza, estuvieron presentes en la premiere europea de la pel\u00edcula. Rami Malek, Laurence Fishburne, Caitr\u00edona Balfe, Barbara Probst, Marc Rissmann, Alice Hewkin y Joseph Millson, se unieron al director James Hawes y a los productores Hutch Parker y Dan Wilson en el Odeon Luxe Leicester Square de Londres, para celebrar el pr\u00f3ximo thriller de espionaje, que estrena en cines el 10 de abril de 2025.<br \/>\nCharlie Heller (Malek) es un brillante, pero profundamente introvertido decodificador de la CIA que trabaja desde una oficina en el s\u00f3tano de la sede en Langley, cuya vida da un vuelco cuando su esposa es asesinada en un ataque terrorista en Londres. Cuando sus supervisores se niegan a tomar medidas, \u00e9l decide tomar el asunto en sus propias manos embarc\u00e1ndose en un peligroso viaje por todo el mundo para localizar a los responsables. Su inteligencia se convierte en su arma m\u00e1s poderosa para eludir a sus perseguidores y lograr su venganza.<br \/>\nLa pel\u00edcula tambi\u00e9n est\u00e1 protagonizada por Rachel Brosnahan, Caitr\u00edona Balfe, Jon Bernthal, Michael Stuhlbarg, Holt McCallany, Julianne Nicholson, Adrian Martinez, Danny Sapani y Laurence Fishburne. El Amateur: Operaci\u00f3n Venganza est\u00e1 dirigida por James Hawes. El guion es de Ken Nolan y Gary Spinelli basado en la novela de Robert Littell. La pel\u00edcula est\u00e1 producida por Hutch Parker, Dan Wilson, Rami Malek, Joel B. Michaels, con JJ Hook como productor ejecutivo.<\/p>\n\r\n                <style type=\"text\/css\">\r\n                    \r\n                    #tdi_1  .td-doubleSlider-2 .td-item1 {\r\n                        background: url(https:\/\/www.eldiario.net\/portal\/wp-content\/uploads\/2025\/04\/ELELEN3-80x60.jpg) 0 0 no-repeat;\r\n                    }\r\n                    #tdi_1  .td-doubleSlider-2 .td-item2 {\r\n                        background: url(https:\/\/www.eldiario.net\/portal\/wp-content\/uploads\/2025\/04\/ELELEN4-80x60.jpg) 0 0 no-repeat;\r\n                    }\r\n                    #tdi_1  .td-doubleSlider-2 .td-item3 {\r\n                        background: url(https:\/\/www.eldiario.net\/portal\/wp-content\/uploads\/2025\/04\/EL2D401-80x60.jpg) 0 0 no-repeat;\r\n                    }\r\n                    #tdi_1  .td-doubleSlider-2 .td-item4 {\r\n                        background: url(https:\/\/www.eldiario.net\/portal\/wp-content\/uploads\/2025\/04\/ELELEN1-80x60.jpg) 0 0 no-repeat;\r\n                    }\r\n                    #tdi_1  .td-doubleSlider-2 .td-item5 {\r\n                        background: url(https:\/\/www.eldiario.net\/portal\/wp-content\/uploads\/2025\/04\/ELELEN2-80x60.jpg) 0 0 no-repeat;\r\n                    }\r\n                <\/style>\r\n\r\n                <div id=\"tdi_1\" class=\"td-gallery td-slide-on-2-columns\">\r\n                    <div class=\"post_td_gallery\">\r\n                        <div class=\"td-gallery-slide-top\">\r\n                           <div class=\"td-gallery-title\"><\/div>\r\n\r\n                            <div class=\"td-gallery-controls-wrapper\">\r\n                                <div class=\"td-gallery-slide-count\"><span class=\"td-gallery-slide-item-focus\">1<\/span> de 5<\/div>\r\n                                <div class=\"td-gallery-slide-prev-next-but\">\r\n                                    <i class = \"td-icon-left doubleSliderPrevButton\"><\/i>\r\n                                    <i class = \"td-icon-right doubleSliderNextButton\"><\/i>\r\n                                <\/div>\r\n                            <\/div>\r\n                        <\/div>\r\n\r\n                        <div class = \"td-doubleSlider-1 \">\r\n                            <div class = \"td-slider\">\r\n                                \r\n                    <div class = \"td-slide-item td-item1\">\r\n                        <figure class=\"td-slide-galery-figure td-slide-popup-gallery\">\r\n                            <a class=\"slide-gallery-image-link\" href=\"https:\/\/www.eldiario.net\/portal\/wp-content\/uploads\/2025\/04\/ELELEN3.jpg\" title=\"ELELEN~3\"  data-caption=\"\"  data-description=\"\">\r\n                                <img decoding=\"async\" src=\"https:\/\/www.eldiario.net\/portal\/wp-content\/uploads\/2025\/04\/ELELEN3-280x420.jpg\" srcset=\"https:\/\/www.eldiario.net\/portal\/wp-content\/uploads\/2025\/04\/ELELEN3-280x420.jpg 280w, https:\/\/www.eldiario.net\/portal\/wp-content\/uploads\/2025\/04\/ELELEN3-200x300.jpg 200w, https:\/\/www.eldiario.net\/portal\/wp-content\/uploads\/2025\/04\/ELELEN3-683x1024.jpg 683w, https:\/\/www.eldiario.net\/portal\/wp-content\/uploads\/2025\/04\/ELELEN3-768x1152.jpg 768w, https:\/\/www.eldiario.net\/portal\/wp-content\/uploads\/2025\/04\/ELELEN3-1024x1536.jpg 1024w, https:\/\/www.eldiario.net\/portal\/wp-content\/uploads\/2025\/04\/ELELEN3-696x1044.jpg 696w, https:\/\/www.eldiario.net\/portal\/wp-content\/uploads\/2025\/04\/ELELEN3-1068x1602.jpg 1068w, https:\/\/www.eldiario.net\/portal\/wp-content\/uploads\/2025\/04\/ELELEN3.jpg 1200w\" sizes=\"(max-width: 280px) 100vw, 280px\" alt=\"\">\r\n                            <\/a>\r\n                            \r\n                        <\/figure>\r\n                    <\/div>\r\n                    <div class = \"td-slide-item td-item2\">\r\n                        <figure class=\"td-slide-galery-figure td-slide-popup-gallery\">\r\n                            <a class=\"slide-gallery-image-link\" href=\"https:\/\/www.eldiario.net\/portal\/wp-content\/uploads\/2025\/04\/ELELEN4.jpg\" title=\"ELELEN~4\"  data-caption=\"\"  data-description=\"\">\r\n                                <img decoding=\"async\" src=\"https:\/\/www.eldiario.net\/portal\/wp-content\/uploads\/2025\/04\/ELELEN4-630x420.jpg\" srcset=\"https:\/\/www.eldiario.net\/portal\/wp-content\/uploads\/2025\/04\/ELELEN4-630x420.jpg 630w, https:\/\/www.eldiario.net\/portal\/wp-content\/uploads\/2025\/04\/ELELEN4-300x200.jpg 300w, https:\/\/www.eldiario.net\/portal\/wp-content\/uploads\/2025\/04\/ELELEN4-1024x683.jpg 1024w, https:\/\/www.eldiario.net\/portal\/wp-content\/uploads\/2025\/04\/ELELEN4-768x512.jpg 768w, https:\/\/www.eldiario.net\/portal\/wp-content\/uploads\/2025\/04\/ELELEN4-696x464.jpg 696w, https:\/\/www.eldiario.net\/portal\/wp-content\/uploads\/2025\/04\/ELELEN4-1068x712.jpg 1068w, https:\/\/www.eldiario.net\/portal\/wp-content\/uploads\/2025\/04\/ELELEN4.jpg 1200w\" sizes=\"(max-width: 630px) 100vw, 630px\" alt=\"\">\r\n                            <\/a>\r\n                            \r\n                        <\/figure>\r\n                    <\/div>\r\n                    <div class = \"td-slide-item td-item3\">\r\n                        <figure class=\"td-slide-galery-figure td-slide-popup-gallery\">\r\n                            <a class=\"slide-gallery-image-link\" href=\"https:\/\/www.eldiario.net\/portal\/wp-content\/uploads\/2025\/04\/EL2D401.jpg\" title=\"EL2D40~1\"  data-caption=\"\"  data-description=\"\">\r\n                                <img decoding=\"async\" src=\"https:\/\/www.eldiario.net\/portal\/wp-content\/uploads\/2025\/04\/EL2D401-630x420.jpg\" srcset=\"https:\/\/www.eldiario.net\/portal\/wp-content\/uploads\/2025\/04\/EL2D401-630x420.jpg 630w, https:\/\/www.eldiario.net\/portal\/wp-content\/uploads\/2025\/04\/EL2D401-300x200.jpg 300w, https:\/\/www.eldiario.net\/portal\/wp-content\/uploads\/2025\/04\/EL2D401-1024x683.jpg 1024w, https:\/\/www.eldiario.net\/portal\/wp-content\/uploads\/2025\/04\/EL2D401-768x512.jpg 768w, https:\/\/www.eldiario.net\/portal\/wp-content\/uploads\/2025\/04\/EL2D401-696x464.jpg 696w, https:\/\/www.eldiario.net\/portal\/wp-content\/uploads\/2025\/04\/EL2D401-1068x712.jpg 1068w, https:\/\/www.eldiario.net\/portal\/wp-content\/uploads\/2025\/04\/EL2D401.jpg 1200w\" sizes=\"(max-width: 630px) 100vw, 630px\" alt=\"\">\r\n                            <\/a>\r\n                            \r\n                        <\/figure>\r\n                    <\/div>\r\n                    <div class = \"td-slide-item td-item4\">\r\n                        <figure class=\"td-slide-galery-figure td-slide-popup-gallery\">\r\n                            <a class=\"slide-gallery-image-link\" href=\"https:\/\/www.eldiario.net\/portal\/wp-content\/uploads\/2025\/04\/ELELEN1.jpg\" title=\"ELELEN~1\"  data-caption=\"\"  data-description=\"\">\r\n                                <img decoding=\"async\" src=\"https:\/\/www.eldiario.net\/portal\/wp-content\/uploads\/2025\/04\/ELELEN1-280x420.jpg\" srcset=\"https:\/\/www.eldiario.net\/portal\/wp-content\/uploads\/2025\/04\/ELELEN1-280x420.jpg 280w, https:\/\/www.eldiario.net\/portal\/wp-content\/uploads\/2025\/04\/ELELEN1-200x300.jpg 200w, https:\/\/www.eldiario.net\/portal\/wp-content\/uploads\/2025\/04\/ELELEN1-683x1024.jpg 683w, https:\/\/www.eldiario.net\/portal\/wp-content\/uploads\/2025\/04\/ELELEN1-768x1152.jpg 768w, https:\/\/www.eldiario.net\/portal\/wp-content\/uploads\/2025\/04\/ELELEN1-1024x1536.jpg 1024w, https:\/\/www.eldiario.net\/portal\/wp-content\/uploads\/2025\/04\/ELELEN1-696x1044.jpg 696w, https:\/\/www.eldiario.net\/portal\/wp-content\/uploads\/2025\/04\/ELELEN1-1068x1602.jpg 1068w, https:\/\/www.eldiario.net\/portal\/wp-content\/uploads\/2025\/04\/ELELEN1.jpg 1200w\" sizes=\"(max-width: 280px) 100vw, 280px\" alt=\"\">\r\n                            <\/a>\r\n                            \r\n                        <\/figure>\r\n                    <\/div>\r\n                    <div class = \"td-slide-item td-item5\">\r\n                        <figure class=\"td-slide-galery-figure td-slide-popup-gallery\">\r\n                            <a class=\"slide-gallery-image-link\" href=\"https:\/\/www.eldiario.net\/portal\/wp-content\/uploads\/2025\/04\/ELELEN2.jpg\" title=\"ELELEN~2\"  data-caption=\"\"  data-description=\"\">\r\n                                <img decoding=\"async\" src=\"https:\/\/www.eldiario.net\/portal\/wp-content\/uploads\/2025\/04\/ELELEN2-280x420.jpg\" srcset=\"https:\/\/www.eldiario.net\/portal\/wp-content\/uploads\/2025\/04\/ELELEN2-280x420.jpg 280w, https:\/\/www.eldiario.net\/portal\/wp-content\/uploads\/2025\/04\/ELELEN2-200x300.jpg 200w, https:\/\/www.eldiario.net\/portal\/wp-content\/uploads\/2025\/04\/ELELEN2-682x1024.jpg 682w, https:\/\/www.eldiario.net\/portal\/wp-content\/uploads\/2025\/04\/ELELEN2-768x1153.jpg 768w, https:\/\/www.eldiario.net\/portal\/wp-content\/uploads\/2025\/04\/ELELEN2-1023x1536.jpg 1023w, https:\/\/www.eldiario.net\/portal\/wp-content\/uploads\/2025\/04\/ELELEN2-696x1045.jpg 696w, https:\/\/www.eldiario.net\/portal\/wp-content\/uploads\/2025\/04\/ELELEN2-1068x1603.jpg 1068w, https:\/\/www.eldiario.net\/portal\/wp-content\/uploads\/2025\/04\/ELELEN2.jpg 1200w\" sizes=\"(max-width: 280px) 100vw, 280px\" alt=\"\">\r\n                            <\/a>\r\n                            \r\n                        <\/figure>\r\n                    <\/div>\r\n                            <\/div>\r\n                        <\/div>\r\n\r\n                        <div class = \"td-doubleSlider-2\">\r\n                            <div class = \"td-slider\">\r\n                                \r\n                    <div class = \"td-button td-item1\">\r\n                        <div class = \"td-border\"><\/div>\r\n                    <\/div>\r\n                    <div class = \"td-button td-item2\">\r\n                        <div class = \"td-border\"><\/div>\r\n                    <\/div>\r\n                    <div class = \"td-button td-item3\">\r\n                        <div class = \"td-border\"><\/div>\r\n                    <\/div>\r\n                    <div class = \"td-button td-item4\">\r\n                        <div class = \"td-border\"><\/div>\r\n                    <\/div>\r\n                    <div class = \"td-button td-item5\">\r\n                        <div class = \"td-border\"><\/div>\r\n                    <\/div>\r\n                            <\/div>\r\n                        <\/div>\r\n\r\n                    <\/div>\r\n\r\n                <\/div>\r\n                \n","protected":false},"excerpt":{"rendered":"<p>El nuevo thriller de espionaje de 20th Century Studios estrena exclusivamente en cines el 10 de abril El elenco y los cineastas de la nueva pel\u00edcula de 20th Century Studios, El Amateur: Operaci\u00f3n Venganza, estuvieron presentes en la premiere europea de la pel\u00edcula. Rami Malek, Laurence Fishburne, Caitr\u00edona Balfe, Barbara Probst, Marc Rissmann, Alice Hewkin [&hellip;]<\/p>\n","protected":false},"author":1,"featured_media":293508,"comment_status":"closed","ping_status":"open","sticky":false,"template":"","format":"standard","meta":{"_acf_changed":false,"footnotes":""},"categories":[45],"tags":[],"class_list":["post-293505","post","type-post","status-publish","format-standard","has-post-thumbnail","category-cine-mundo"],"acf":{"antetitulo":""},"yoast_head":"<!-- This site is optimized with the Yoast SEO plugin v28.3 - https:\/\/yoast.com\/product\/yoast-seo-wordpress\/ -->\n<title>El elenco y los cineastas de El Amateur: Operaci\u00f3n Venganza, entre ellos Rami Malek, Laurence Fishburne, Caitr\u00edona Balfe y el director James Hawes, asistieron al estreno de la pel\u00edcula en Europa - El Diario - Bolivia<\/title>\n<meta name=\"robots\" content=\"index, follow, max-snippet:-1, max-image-preview:large, max-video-preview:-1\" \/>\n<link rel=\"canonical\" href=\"https:\/\/www.eldiario.net\/portal\/2025\/04\/06\/el-elenco-y-los-cineastas-de-el-amateur-operacion-venganza-entre-ellos-rami-malek-laurence-fishburne-caitriona-balfe-y-el-director-james-hawes-asistieron-al-estreno-de-la-pelicula-en-europa\/\" \/>\n<meta property=\"og:locale\" content=\"es_ES\" \/>\n<meta property=\"og:type\" content=\"article\" \/>\n<meta property=\"og:title\" content=\"El elenco y los cineastas de El Amateur: Operaci\u00f3n Venganza, entre ellos Rami Malek, Laurence Fishburne, Caitr\u00edona Balfe y el director James Hawes, asistieron al estreno de la pel\u00edcula en Europa - El Diario - Bolivia\" \/>\n<meta property=\"og:description\" content=\"El nuevo thriller de espionaje de 20th Century Studios estrena exclusivamente en cines el 10 de abril El elenco y los cineastas de la nueva pel\u00edcula de 20th Century Studios, El Amateur: Operaci\u00f3n Venganza, estuvieron presentes en la premiere europea de la pel\u00edcula. Rami Malek, Laurence Fishburne, Caitr\u00edona Balfe, Barbara Probst, Marc Rissmann, Alice Hewkin [&hellip;]\" \/>\n<meta property=\"og:url\" content=\"https:\/\/www.eldiario.net\/portal\/2025\/04\/06\/el-elenco-y-los-cineastas-de-el-amateur-operacion-venganza-entre-ellos-rami-malek-laurence-fishburne-caitriona-balfe-y-el-director-james-hawes-asistieron-al-estreno-de-la-pelicula-en-europa\/\" \/>\n<meta property=\"og:site_name\" content=\"El Diario - Bolivia\" \/>\n<meta property=\"article:publisher\" content=\"https:\/\/www.facebook.com\/eldiario.bolivia\/\" \/>\n<meta property=\"article:published_time\" content=\"2025-04-06T11:52:06+00:00\" \/>\n<meta property=\"og:image\" content=\"https:\/\/www.eldiario.net\/portal\/wp-content\/uploads\/2025\/04\/EL2D401.jpg\" \/>\n\t<meta property=\"og:image:width\" content=\"1200\" \/>\n\t<meta property=\"og:image:height\" content=\"800\" \/>\n\t<meta property=\"og:image:type\" content=\"image\/jpeg\" \/>\n<meta name=\"author\" content=\"Jeanette\" \/>\n<meta name=\"twitter:card\" content=\"summary_large_image\" \/>\n<meta name=\"twitter:creator\" content=\"@eldiario_net\" \/>\n<meta name=\"twitter:site\" content=\"@eldiario_net\" \/>\n<meta name=\"twitter:label1\" content=\"Escrito por\" \/>\n\t<meta name=\"twitter:data1\" content=\"Jeanette\" \/>\n\t<meta name=\"twitter:label2\" content=\"Tiempo de lectura\" \/>\n\t<meta name=\"twitter:data2\" content=\"1 minuto\" \/>\n<script type=\"application\/ld+json\" class=\"yoast-schema-graph\">{\"@context\":\"https:\\\/\\\/schema.org\",\"@graph\":[{\"@type\":\"Article\",\"@id\":\"https:\\\/\\\/www.eldiario.net\\\/portal\\\/2025\\\/04\\\/06\\\/el-elenco-y-los-cineastas-de-el-amateur-operacion-venganza-entre-ellos-rami-malek-laurence-fishburne-caitriona-balfe-y-el-director-james-hawes-asistieron-al-estreno-de-la-pelicula-en-europa\\\/#article\",\"isPartOf\":{\"@id\":\"https:\\\/\\\/www.eldiario.net\\\/portal\\\/2025\\\/04\\\/06\\\/el-elenco-y-los-cineastas-de-el-amateur-operacion-venganza-entre-ellos-rami-malek-laurence-fishburne-caitriona-balfe-y-el-director-james-hawes-asistieron-al-estreno-de-la-pelicula-en-europa\\\/\"},\"author\":{\"name\":\"Jeanette\",\"@id\":\"https:\\\/\\\/www.eldiario.net\\\/portal\\\/#\\\/schema\\\/person\\\/f46445640444750d7d753ccd04ae01b7\"},\"headline\":\"El elenco y los cineastas de El Amateur: Operaci\u00f3n Venganza, entre ellos Rami Malek, Laurence Fishburne, Caitr\u00edona Balfe y el director James Hawes, asistieron al estreno de la pel\u00edcula en Europa\",\"datePublished\":\"2025-04-06T11:52:06+00:00\",\"mainEntityOfPage\":{\"@id\":\"https:\\\/\\\/www.eldiario.net\\\/portal\\\/2025\\\/04\\\/06\\\/el-elenco-y-los-cineastas-de-el-amateur-operacion-venganza-entre-ellos-rami-malek-laurence-fishburne-caitriona-balfe-y-el-director-james-hawes-asistieron-al-estreno-de-la-pelicula-en-europa\\\/\"},\"wordCount\":312,\"publisher\":{\"@id\":\"https:\\\/\\\/www.eldiario.net\\\/portal\\\/#organization\"},\"image\":{\"@id\":\"https:\\\/\\\/www.eldiario.net\\\/portal\\\/2025\\\/04\\\/06\\\/el-elenco-y-los-cineastas-de-el-amateur-operacion-venganza-entre-ellos-rami-malek-laurence-fishburne-caitriona-balfe-y-el-director-james-hawes-asistieron-al-estreno-de-la-pelicula-en-europa\\\/#primaryimage\"},\"thumbnailUrl\":\"https:\\\/\\\/www.eldiario.net\\\/portal\\\/wp-content\\\/uploads\\\/2025\\\/04\\\/EL2D401.jpg\",\"articleSection\":[\"Cine Mundo\"],\"inLanguage\":\"es\"},{\"@type\":\"WebPage\",\"@id\":\"https:\\\/\\\/www.eldiario.net\\\/portal\\\/2025\\\/04\\\/06\\\/el-elenco-y-los-cineastas-de-el-amateur-operacion-venganza-entre-ellos-rami-malek-laurence-fishburne-caitriona-balfe-y-el-director-james-hawes-asistieron-al-estreno-de-la-pelicula-en-europa\\\/\",\"url\":\"https:\\\/\\\/www.eldiario.net\\\/portal\\\/2025\\\/04\\\/06\\\/el-elenco-y-los-cineastas-de-el-amateur-operacion-venganza-entre-ellos-rami-malek-laurence-fishburne-caitriona-balfe-y-el-director-james-hawes-asistieron-al-estreno-de-la-pelicula-en-europa\\\/\",\"name\":\"El elenco y los cineastas de El Amateur: Operaci\u00f3n Venganza, entre ellos Rami Malek, Laurence Fishburne, Caitr\u00edona Balfe y el director James Hawes, asistieron al estreno de la pel\u00edcula en Europa - El Diario - Bolivia\",\"isPartOf\":{\"@id\":\"https:\\\/\\\/www.eldiario.net\\\/portal\\\/#website\"},\"primaryImageOfPage\":{\"@id\":\"https:\\\/\\\/www.eldiario.net\\\/portal\\\/2025\\\/04\\\/06\\\/el-elenco-y-los-cineastas-de-el-amateur-operacion-venganza-entre-ellos-rami-malek-laurence-fishburne-caitriona-balfe-y-el-director-james-hawes-asistieron-al-estreno-de-la-pelicula-en-europa\\\/#primaryimage\"},\"image\":{\"@id\":\"https:\\\/\\\/www.eldiario.net\\\/portal\\\/2025\\\/04\\\/06\\\/el-elenco-y-los-cineastas-de-el-amateur-operacion-venganza-entre-ellos-rami-malek-laurence-fishburne-caitriona-balfe-y-el-director-james-hawes-asistieron-al-estreno-de-la-pelicula-en-europa\\\/#primaryimage\"},\"thumbnailUrl\":\"https:\\\/\\\/www.eldiario.net\\\/portal\\\/wp-content\\\/uploads\\\/2025\\\/04\\\/EL2D401.jpg\",\"datePublished\":\"2025-04-06T11:52:06+00:00\",\"breadcrumb\":{\"@id\":\"https:\\\/\\\/www.eldiario.net\\\/portal\\\/2025\\\/04\\\/06\\\/el-elenco-y-los-cineastas-de-el-amateur-operacion-venganza-entre-ellos-rami-malek-laurence-fishburne-caitriona-balfe-y-el-director-james-hawes-asistieron-al-estreno-de-la-pelicula-en-europa\\\/#breadcrumb\"},\"inLanguage\":\"es\",\"potentialAction\":[{\"@type\":\"ReadAction\",\"target\":[\"https:\\\/\\\/www.eldiario.net\\\/portal\\\/2025\\\/04\\\/06\\\/el-elenco-y-los-cineastas-de-el-amateur-operacion-venganza-entre-ellos-rami-malek-laurence-fishburne-caitriona-balfe-y-el-director-james-hawes-asistieron-al-estreno-de-la-pelicula-en-europa\\\/\"]}]},{\"@type\":\"ImageObject\",\"inLanguage\":\"es\",\"@id\":\"https:\\\/\\\/www.eldiario.net\\\/portal\\\/2025\\\/04\\\/06\\\/el-elenco-y-los-cineastas-de-el-amateur-operacion-venganza-entre-ellos-rami-malek-laurence-fishburne-caitriona-balfe-y-el-director-james-hawes-asistieron-al-estreno-de-la-pelicula-en-europa\\\/#primaryimage\",\"url\":\"https:\\\/\\\/www.eldiario.net\\\/portal\\\/wp-content\\\/uploads\\\/2025\\\/04\\\/EL2D401.jpg\",\"contentUrl\":\"https:\\\/\\\/www.eldiario.net\\\/portal\\\/wp-content\\\/uploads\\\/2025\\\/04\\\/EL2D401.jpg\",\"width\":1200,\"height\":800},{\"@type\":\"BreadcrumbList\",\"@id\":\"https:\\\/\\\/www.eldiario.net\\\/portal\\\/2025\\\/04\\\/06\\\/el-elenco-y-los-cineastas-de-el-amateur-operacion-venganza-entre-ellos-rami-malek-laurence-fishburne-caitriona-balfe-y-el-director-james-hawes-asistieron-al-estreno-de-la-pelicula-en-europa\\\/#breadcrumb\",\"itemListElement\":[{\"@type\":\"ListItem\",\"position\":1,\"name\":\"Portada\",\"item\":\"https:\\\/\\\/www.eldiario.net\\\/portal\\\/\"},{\"@type\":\"ListItem\",\"position\":2,\"name\":\"El elenco y los cineastas de El Amateur: Operaci\u00f3n Venganza, entre ellos Rami Malek, Laurence Fishburne, Caitr\u00edona Balfe y el director James Hawes, asistieron al estreno de la pel\u00edcula en Europa\"}]},{\"@type\":\"WebSite\",\"@id\":\"https:\\\/\\\/www.eldiario.net\\\/portal\\\/#website\",\"url\":\"https:\\\/\\\/www.eldiario.net\\\/portal\\\/\",\"name\":\"El Diario - Decano de la prensa nacional\",\"description\":\"El Diario - Decano de la prensa nacional\",\"publisher\":{\"@id\":\"https:\\\/\\\/www.eldiario.net\\\/portal\\\/#organization\"},\"potentialAction\":[{\"@type\":\"SearchAction\",\"target\":{\"@type\":\"EntryPoint\",\"urlTemplate\":\"https:\\\/\\\/www.eldiario.net\\\/portal\\\/?s={search_term_string}\"},\"query-input\":{\"@type\":\"PropertyValueSpecification\",\"valueRequired\":true,\"valueName\":\"search_term_string\"}}],\"inLanguage\":\"es\"},{\"@type\":\"Organization\",\"@id\":\"https:\\\/\\\/www.eldiario.net\\\/portal\\\/#organization\",\"name\":\"El Diario - Decano de la prensa nacional\",\"url\":\"https:\\\/\\\/www.eldiario.net\\\/portal\\\/\",\"logo\":{\"@type\":\"ImageObject\",\"inLanguage\":\"es\",\"@id\":\"https:\\\/\\\/www.eldiario.net\\\/portal\\\/#\\\/schema\\\/logo\\\/image\\\/\",\"url\":\"https:\\\/\\\/www.eldiario.net\\\/portal\\\/wp-content\\\/uploads\\\/2023\\\/07\\\/logo_ED.jpg\",\"contentUrl\":\"https:\\\/\\\/www.eldiario.net\\\/portal\\\/wp-content\\\/uploads\\\/2023\\\/07\\\/logo_ED.jpg\",\"width\":272,\"height\":52,\"caption\":\"El Diario - Decano de la prensa nacional\"},\"image\":{\"@id\":\"https:\\\/\\\/www.eldiario.net\\\/portal\\\/#\\\/schema\\\/logo\\\/image\\\/\"},\"sameAs\":[\"https:\\\/\\\/www.facebook.com\\\/eldiario.bolivia\\\/\",\"https:\\\/\\\/x.com\\\/eldiario_net\"]},{\"@type\":\"Person\",\"@id\":\"https:\\\/\\\/www.eldiario.net\\\/portal\\\/#\\\/schema\\\/person\\\/f46445640444750d7d753ccd04ae01b7\",\"name\":\"Jeanette\",\"image\":{\"@type\":\"ImageObject\",\"inLanguage\":\"es\",\"@id\":\"https:\\\/\\\/secure.gravatar.com\\\/avatar\\\/3ea2118a5f7dad2b7138b1187a6b7ee55f160b9968b66013c3a3ef39dd7e5798?s=96&d=mm&r=g\",\"url\":\"https:\\\/\\\/secure.gravatar.com\\\/avatar\\\/3ea2118a5f7dad2b7138b1187a6b7ee55f160b9968b66013c3a3ef39dd7e5798?s=96&d=mm&r=g\",\"contentUrl\":\"https:\\\/\\\/secure.gravatar.com\\\/avatar\\\/3ea2118a5f7dad2b7138b1187a6b7ee55f160b9968b66013c3a3ef39dd7e5798?s=96&d=mm&r=g\",\"caption\":\"Jeanette\"},\"sameAs\":[\"https:\\\/\\\/www.eldiario.net\\\/portal\"],\"url\":\"https:\\\/\\\/www.eldiario.net\\\/portal\\\/author\\\/jeanette\\\/\"}]}<\/script>\n<!-- \/ Yoast SEO plugin. -->","yoast_head_json":{"title":"El elenco y los cineastas de El Amateur: Operaci\u00f3n Venganza, entre ellos Rami Malek, Laurence Fishburne, Caitr\u00edona Balfe y el director James Hawes, asistieron al estreno de la pel\u00edcula en Europa - El Diario - Bolivia","robots":{"index":"index","follow":"follow","max-snippet":"max-snippet:-1","max-image-preview":"max-image-preview:large","max-video-preview":"max-video-preview:-1"},"canonical":"https:\/\/www.eldiario.net\/portal\/2025\/04\/06\/el-elenco-y-los-cineastas-de-el-amateur-operacion-venganza-entre-ellos-rami-malek-laurence-fishburne-caitriona-balfe-y-el-director-james-hawes-asistieron-al-estreno-de-la-pelicula-en-europa\/","og_locale":"es_ES","og_type":"article","og_title":"El elenco y los cineastas de El Amateur: Operaci\u00f3n Venganza, entre ellos Rami Malek, Laurence Fishburne, Caitr\u00edona Balfe y el director James Hawes, asistieron al estreno de la pel\u00edcula en Europa - El Diario - Bolivia","og_description":"El nuevo thriller de espionaje de 20th Century Studios estrena exclusivamente en cines el 10 de abril El elenco y los cineastas de la nueva pel\u00edcula de 20th Century Studios, El Amateur: Operaci\u00f3n Venganza, estuvieron presentes en la premiere europea de la pel\u00edcula. Rami Malek, Laurence Fishburne, Caitr\u00edona Balfe, Barbara Probst, Marc Rissmann, Alice Hewkin [&hellip;]","og_url":"https:\/\/www.eldiario.net\/portal\/2025\/04\/06\/el-elenco-y-los-cineastas-de-el-amateur-operacion-venganza-entre-ellos-rami-malek-laurence-fishburne-caitriona-balfe-y-el-director-james-hawes-asistieron-al-estreno-de-la-pelicula-en-europa\/","og_site_name":"El Diario - Bolivia","article_publisher":"https:\/\/www.facebook.com\/eldiario.bolivia\/","article_published_time":"2025-04-06T11:52:06+00:00","og_image":[{"width":1200,"height":800,"url":"https:\/\/www.eldiario.net\/portal\/wp-content\/uploads\/2025\/04\/EL2D401.jpg","type":"image\/jpeg"}],"author":"Jeanette","twitter_card":"summary_large_image","twitter_creator":"@eldiario_net","twitter_site":"@eldiario_net","twitter_misc":{"Escrito por":"Jeanette","Tiempo de lectura":"1 minuto"},"schema":{"@context":"https:\/\/schema.org","@graph":[{"@type":"Article","@id":"https:\/\/www.eldiario.net\/portal\/2025\/04\/06\/el-elenco-y-los-cineastas-de-el-amateur-operacion-venganza-entre-ellos-rami-malek-laurence-fishburne-caitriona-balfe-y-el-director-james-hawes-asistieron-al-estreno-de-la-pelicula-en-europa\/#article","isPartOf":{"@id":"https:\/\/www.eldiario.net\/portal\/2025\/04\/06\/el-elenco-y-los-cineastas-de-el-amateur-operacion-venganza-entre-ellos-rami-malek-laurence-fishburne-caitriona-balfe-y-el-director-james-hawes-asistieron-al-estreno-de-la-pelicula-en-europa\/"},"author":{"name":"Jeanette","@id":"https:\/\/www.eldiario.net\/portal\/#\/schema\/person\/f46445640444750d7d753ccd04ae01b7"},"headline":"El elenco y los cineastas de El Amateur: Operaci\u00f3n Venganza, entre ellos Rami Malek, Laurence Fishburne, Caitr\u00edona Balfe y el director James Hawes, asistieron al estreno de la pel\u00edcula en Europa","datePublished":"2025-04-06T11:52:06+00:00","mainEntityOfPage":{"@id":"https:\/\/www.eldiario.net\/portal\/2025\/04\/06\/el-elenco-y-los-cineastas-de-el-amateur-operacion-venganza-entre-ellos-rami-malek-laurence-fishburne-caitriona-balfe-y-el-director-james-hawes-asistieron-al-estreno-de-la-pelicula-en-europa\/"},"wordCount":312,"publisher":{"@id":"https:\/\/www.eldiario.net\/portal\/#organization"},"image":{"@id":"https:\/\/www.eldiario.net\/portal\/2025\/04\/06\/el-elenco-y-los-cineastas-de-el-amateur-operacion-venganza-entre-ellos-rami-malek-laurence-fishburne-caitriona-balfe-y-el-director-james-hawes-asistieron-al-estreno-de-la-pelicula-en-europa\/#primaryimage"},"thumbnailUrl":"https:\/\/www.eldiario.net\/portal\/wp-content\/uploads\/2025\/04\/EL2D401.jpg","articleSection":["Cine Mundo"],"inLanguage":"es"},{"@type":"WebPage","@id":"https:\/\/www.eldiario.net\/portal\/2025\/04\/06\/el-elenco-y-los-cineastas-de-el-amateur-operacion-venganza-entre-ellos-rami-malek-laurence-fishburne-caitriona-balfe-y-el-director-james-hawes-asistieron-al-estreno-de-la-pelicula-en-europa\/","url":"https:\/\/www.eldiario.net\/portal\/2025\/04\/06\/el-elenco-y-los-cineastas-de-el-amateur-operacion-venganza-entre-ellos-rami-malek-laurence-fishburne-caitriona-balfe-y-el-director-james-hawes-asistieron-al-estreno-de-la-pelicula-en-europa\/","name":"El elenco y los cineastas de El Amateur: Operaci\u00f3n Venganza, entre ellos Rami Malek, Laurence Fishburne, Caitr\u00edona Balfe y el director James Hawes, asistieron al estreno de la pel\u00edcula en Europa - El Diario - Bolivia","isPartOf":{"@id":"https:\/\/www.eldiario.net\/portal\/#website"},"primaryImageOfPage":{"@id":"https:\/\/www.eldiario.net\/portal\/2025\/04\/06\/el-elenco-y-los-cineastas-de-el-amateur-operacion-venganza-entre-ellos-rami-malek-laurence-fishburne-caitriona-balfe-y-el-director-james-hawes-asistieron-al-estreno-de-la-pelicula-en-europa\/#primaryimage"},"image":{"@id":"https:\/\/www.eldiario.net\/portal\/2025\/04\/06\/el-elenco-y-los-cineastas-de-el-amateur-operacion-venganza-entre-ellos-rami-malek-laurence-fishburne-caitriona-balfe-y-el-director-james-hawes-asistieron-al-estreno-de-la-pelicula-en-europa\/#primaryimage"},"thumbnailUrl":"https:\/\/www.eldiario.net\/portal\/wp-content\/uploads\/2025\/04\/EL2D401.jpg","datePublished":"2025-04-06T11:52:06+00:00","breadcrumb":{"@id":"https:\/\/www.eldiario.net\/portal\/2025\/04\/06\/el-elenco-y-los-cineastas-de-el-amateur-operacion-venganza-entre-ellos-rami-malek-laurence-fishburne-caitriona-balfe-y-el-director-james-hawes-asistieron-al-estreno-de-la-pelicula-en-europa\/#breadcrumb"},"inLanguage":"es","potentialAction":[{"@type":"ReadAction","target":["https:\/\/www.eldiario.net\/portal\/2025\/04\/06\/el-elenco-y-los-cineastas-de-el-amateur-operacion-venganza-entre-ellos-rami-malek-laurence-fishburne-caitriona-balfe-y-el-director-james-hawes-asistieron-al-estreno-de-la-pelicula-en-europa\/"]}]},{"@type":"ImageObject","inLanguage":"es","@id":"https:\/\/www.eldiario.net\/portal\/2025\/04\/06\/el-elenco-y-los-cineastas-de-el-amateur-operacion-venganza-entre-ellos-rami-malek-laurence-fishburne-caitriona-balfe-y-el-director-james-hawes-asistieron-al-estreno-de-la-pelicula-en-europa\/#primaryimage","url":"https:\/\/www.eldiario.net\/portal\/wp-content\/uploads\/2025\/04\/EL2D401.jpg","contentUrl":"https:\/\/www.eldiario.net\/portal\/wp-content\/uploads\/2025\/04\/EL2D401.jpg","width":1200,"height":800},{"@type":"BreadcrumbList","@id":"https:\/\/www.eldiario.net\/portal\/2025\/04\/06\/el-elenco-y-los-cineastas-de-el-amateur-operacion-venganza-entre-ellos-rami-malek-laurence-fishburne-caitriona-balfe-y-el-director-james-hawes-asistieron-al-estreno-de-la-pelicula-en-europa\/#breadcrumb","itemListElement":[{"@type":"ListItem","position":1,"name":"Portada","item":"https:\/\/www.eldiario.net\/portal\/"},{"@type":"ListItem","position":2,"name":"El elenco y los cineastas de El Amateur: Operaci\u00f3n Venganza, entre ellos Rami Malek, Laurence Fishburne, Caitr\u00edona Balfe y el director James Hawes, asistieron al estreno de la pel\u00edcula en Europa"}]},{"@type":"WebSite","@id":"https:\/\/www.eldiario.net\/portal\/#website","url":"https:\/\/www.eldiario.net\/portal\/","name":"El Diario - Decano de la prensa nacional","description":"El Diario - Decano de la prensa nacional","publisher":{"@id":"https:\/\/www.eldiario.net\/portal\/#organization"},"potentialAction":[{"@type":"SearchAction","target":{"@type":"EntryPoint","urlTemplate":"https:\/\/www.eldiario.net\/portal\/?s={search_term_string}"},"query-input":{"@type":"PropertyValueSpecification","valueRequired":true,"valueName":"search_term_string"}}],"inLanguage":"es"},{"@type":"Organization","@id":"https:\/\/www.eldiario.net\/portal\/#organization","name":"El Diario - Decano de la prensa nacional","url":"https:\/\/www.eldiario.net\/portal\/","logo":{"@type":"ImageObject","inLanguage":"es","@id":"https:\/\/www.eldiario.net\/portal\/#\/schema\/logo\/image\/","url":"https:\/\/www.eldiario.net\/portal\/wp-content\/uploads\/2023\/07\/logo_ED.jpg","contentUrl":"https:\/\/www.eldiario.net\/portal\/wp-content\/uploads\/2023\/07\/logo_ED.jpg","width":272,"height":52,"caption":"El Diario - Decano de la prensa nacional"},"image":{"@id":"https:\/\/www.eldiario.net\/portal\/#\/schema\/logo\/image\/"},"sameAs":["https:\/\/www.facebook.com\/eldiario.bolivia\/","https:\/\/x.com\/eldiario_net"]},{"@type":"Person","@id":"https:\/\/www.eldiario.net\/portal\/#\/schema\/person\/f46445640444750d7d753ccd04ae01b7","name":"Jeanette","image":{"@type":"ImageObject","inLanguage":"es","@id":"https:\/\/secure.gravatar.com\/avatar\/3ea2118a5f7dad2b7138b1187a6b7ee55f160b9968b66013c3a3ef39dd7e5798?s=96&d=mm&r=g","url":"https:\/\/secure.gravatar.com\/avatar\/3ea2118a5f7dad2b7138b1187a6b7ee55f160b9968b66013c3a3ef39dd7e5798?s=96&d=mm&r=g","contentUrl":"https:\/\/secure.gravatar.com\/avatar\/3ea2118a5f7dad2b7138b1187a6b7ee55f160b9968b66013c3a3ef39dd7e5798?s=96&d=mm&r=g","caption":"Jeanette"},"sameAs":["https:\/\/www.eldiario.net\/portal"],"url":"https:\/\/www.eldiario.net\/portal\/author\/jeanette\/"}]}},"_links":{"self":[{"href":"https:\/\/www.eldiario.net\/portal\/wp-json\/wp\/v2\/posts\/293505","targetHints":{"allow":["GET"]}}],"collection":[{"href":"https:\/\/www.eldiario.net\/portal\/wp-json\/wp\/v2\/posts"}],"about":[{"href":"https:\/\/www.eldiario.net\/portal\/wp-json\/wp\/v2\/types\/post"}],"author":[{"embeddable":true,"href":"https:\/\/www.eldiario.net\/portal\/wp-json\/wp\/v2\/users\/1"}],"replies":[{"embeddable":true,"href":"https:\/\/www.eldiario.net\/portal\/wp-json\/wp\/v2\/comments?post=293505"}],"version-history":[{"count":1,"href":"https:\/\/www.eldiario.net\/portal\/wp-json\/wp\/v2\/posts\/293505\/revisions"}],"predecessor-version":[{"id":293511,"href":"https:\/\/www.eldiario.net\/portal\/wp-json\/wp\/v2\/posts\/293505\/revisions\/293511"}],"wp:featuredmedia":[{"embeddable":true,"href":"https:\/\/www.eldiario.net\/portal\/wp-json\/wp\/v2\/media\/293508"}],"wp:attachment":[{"href":"https:\/\/www.eldiario.net\/portal\/wp-json\/wp\/v2\/media?parent=293505"}],"wp:term":[{"taxonomy":"category","embeddable":true,"href":"https:\/\/www.eldiario.net\/portal\/wp-json\/wp\/v2\/categories?post=293505"},{"taxonomy":"post_tag","embeddable":true,"href":"https:\/\/www.eldiario.net\/portal\/wp-json\/wp\/v2\/tags?post=293505"}],"curies":[{"name":"wp","href":"https:\/\/api.w.org\/{rel}","templated":true}]}}