{"id":2935,"date":"2021-05-10T04:11:12","date_gmt":"2021-05-10T08:11:12","guid":{"rendered":"https:\/\/www.eldiario.net\/portal\/?p=2935"},"modified":"2021-05-10T04:11:12","modified_gmt":"2021-05-10T08:11:12","slug":"alcaldia-descarta-cuarentena-en-lucha-contra-tercera-ola","status":"publish","type":"post","link":"https:\/\/www.eldiario.net\/portal\/2021\/05\/10\/alcaldia-descarta-cuarentena-en-lucha-contra-tercera-ola\/","title":{"rendered":"Alcald\u00eda descarta cuarentena  en lucha contra tercera ola"},"content":{"rendered":"<p>La Alcald\u00eda de La Paz prepara un plan de contenci\u00f3n para la tercera ola de covid-19 que involucra la participaci\u00f3n del Gobierno nacional y Gobernaci\u00f3n. Se descarta aplicar cuarentena, pero habr\u00e1 georreferenciaci\u00f3n de pacientes para atender con farmacias m\u00f3viles y m\u00e9dicos estar\u00e1n comunicados con los pacientes por WhatsApp.<br \/>\n\u201cEstamos elaborando nuestro plan de contingencia para realmente llevar adelante la resistencia a esta enfermedad\u201d, inform\u00f3 el Alcalde Iv\u00e1n Arias en una conferencia de prensa ofrecida durante un intermedio de una reuni\u00f3n que sostuvo el s\u00e1bado con su gabinete de secretarios y subalcaldes, en el Jard\u00edn Japon\u00e9s.<br \/>\nComo acci\u00f3n preventiva, el burgomaestre pace\u00f1o explic\u00f3 que no habr\u00e1 cuarentena o encapsulamiento, \u201cpero s\u00ed podemos hacer mediante la focalizaci\u00f3n y la georreferenciaci\u00f3n de los enfermos, (para) saber qu\u00e9 sectores y en qu\u00e9 barrios hay m\u00e1s contagios\u201d, enfatiz\u00f3. Adelant\u00f3 que habr\u00e1 farmacias m\u00f3viles y m\u00e9dicos municipales que atender\u00e1n mediante el WhatsApp.<br \/>\nArias asegur\u00f3 que se debe aprender de las experiencias pasadas. En esa l\u00ednea, afirm\u00f3 su intenci\u00f3n de reactivar el Comit\u00e9 de Operaciones de Emergencia Departamental (COED) para coordinar acciones entre los tres niveles del Estado; sin embargo, dijo que si no se consolida esa idea, se deber\u00e1 reactivar el Comit\u00e9 de Operaciones de Emergencia Municipal (COEM).<br \/>\nSobre el plan de vacunaci\u00f3n, el burgomaestre precis\u00f3 que el Gobierno nacional es el responsable, pero considera que hubiera sido \u00f3ptima la participaci\u00f3n de los gobiernos subnacionales y empresas privadas. \u201cHemos tenido propuestas de que si traigo 100 vacunas, 20 nos dar\u00edan para el bien com\u00fan\u201d, agreg\u00f3.<br \/>\nEl secretario municipal de Salud Integral y Deportes, Ren\u00e9 Sahonero, precis\u00f3 que la estrategia sanitaria de la Municipalidad ya fue aceptada por el Servicio Departamental de Salud (Sedes) de la Gobernaci\u00f3n. Dijo que la contenci\u00f3n \u201cprimero estar\u00e1 en los centros de primer nivel, segundo nivel y despu\u00e9s la coordinaci\u00f3n con el tercer nivel\u201d, refiri\u00f3.<br \/>\n\u201cSe est\u00e1 haciendo una sala situacional para que todos, municipio, Ministerio (de Salud) y Gobernaci\u00f3n, tengamos la misma informaci\u00f3n oportuna para tomar las medidas correspondientes\u201d, agreg\u00f3 Sahonero.<br \/>\nSe prev\u00e9 que la tercera ola de la pandemia tenga m\u00e1s de mil contagiados por d\u00eda. Arias asegur\u00f3 que la nueva fase \u201cno debe pillarnos en curva\u201d y mencion\u00f3 el ejemplo de Cochabamba, donde la cifra de enfermos es de 30 en cada hora.<br \/>\nSahonero asegur\u00f3 que ya se hace el censo de camas y de servicios de salud que hay en el sistema de salud municipal. Mencion\u00f3 que este lunes se har\u00e1n ajustes en el primer nivel de salud y el plan estar\u00eda listo para el mi\u00e9rcoles.<\/p>\n<p><a href=\"https:\/\/www.eldiario.net\/portal\/wp-content\/uploads\/2021\/05\/3LP-scaled.jpg\"><img loading=\"lazy\" decoding=\"async\" class=\"alignleft size-jnews-360x180 wp-image-2937\" src=\"https:\/\/www.eldiario.net\/portal\/wp-content\/uploads\/2021\/05\/3LP-360x180.jpg\" alt=\"\" width=\"360\" height=\"180\" \/><\/a><\/p>\n","protected":false},"excerpt":{"rendered":"<p>La Alcald\u00eda de La Paz prepara un plan de contenci\u00f3n para la tercera ola de covid-19 que involucra la participaci\u00f3n del Gobierno nacional y Gobernaci\u00f3n. Se descarta aplicar cuarentena, pero habr\u00e1 georreferenciaci\u00f3n de pacientes para atender con farmacias m\u00f3viles y m\u00e9dicos estar\u00e1n comunicados con los pacientes por WhatsApp. \u201cEstamos elaborando nuestro plan de contingencia para [&hellip;]<\/p>\n","protected":false},"author":1,"featured_media":2936,"comment_status":"closed","ping_status":"open","sticky":false,"template":"","format":"standard","meta":{"_acf_changed":false,"footnotes":""},"categories":[12],"tags":[],"class_list":["post-2935","post","type-post","status-publish","format-standard","has-post-thumbnail","category-nacional"],"acf":{"antetitulo":""},"yoast_head":"<!-- This site is optimized with the Yoast SEO plugin v28.3 - https:\/\/yoast.com\/product\/yoast-seo-wordpress\/ -->\n<title>Alcald\u00eda descarta cuarentena en lucha contra tercera ola - El Diario - Bolivia<\/title>\n<meta name=\"robots\" content=\"index, follow, max-snippet:-1, max-image-preview:large, max-video-preview:-1\" \/>\n<link rel=\"canonical\" href=\"https:\/\/www.eldiario.net\/portal\/2021\/05\/10\/alcaldia-descarta-cuarentena-en-lucha-contra-tercera-ola\/\" \/>\n<meta property=\"og:locale\" content=\"es_ES\" \/>\n<meta property=\"og:type\" content=\"article\" \/>\n<meta property=\"og:title\" content=\"Alcald\u00eda descarta cuarentena en lucha contra tercera ola - El Diario - Bolivia\" \/>\n<meta property=\"og:description\" content=\"La Alcald\u00eda de La Paz prepara un plan de contenci\u00f3n para la tercera ola de covid-19 que involucra la participaci\u00f3n del Gobierno nacional y Gobernaci\u00f3n. Se descarta aplicar cuarentena, pero habr\u00e1 georreferenciaci\u00f3n de pacientes para atender con farmacias m\u00f3viles y m\u00e9dicos estar\u00e1n comunicados con los pacientes por WhatsApp. \u201cEstamos elaborando nuestro plan de contingencia para [&hellip;]\" \/>\n<meta property=\"og:url\" content=\"https:\/\/www.eldiario.net\/portal\/2021\/05\/10\/alcaldia-descarta-cuarentena-en-lucha-contra-tercera-ola\/\" \/>\n<meta property=\"og:site_name\" content=\"El Diario - Bolivia\" \/>\n<meta property=\"article:publisher\" content=\"https:\/\/www.facebook.com\/eldiario.bolivia\/\" \/>\n<meta property=\"article:published_time\" content=\"2021-05-10T08:11:12+00:00\" \/>\n<meta property=\"og:image\" content=\"https:\/\/www.eldiario.net\/portal\/wp-content\/uploads\/2021\/05\/4LP-scaled-1.jpg\" \/>\n\t<meta property=\"og:image:width\" content=\"2560\" \/>\n\t<meta property=\"og:image:height\" content=\"1700\" \/>\n\t<meta property=\"og:image:type\" content=\"image\/jpeg\" \/>\n<meta name=\"author\" content=\"Jeanette\" \/>\n<meta name=\"twitter:card\" content=\"summary_large_image\" \/>\n<meta name=\"twitter:creator\" content=\"@eldiario_net\" \/>\n<meta name=\"twitter:site\" content=\"@eldiario_net\" \/>\n<meta name=\"twitter:label1\" content=\"Escrito por\" \/>\n\t<meta name=\"twitter:data1\" content=\"Jeanette\" \/>\n\t<meta name=\"twitter:label2\" content=\"Tiempo de lectura\" \/>\n\t<meta name=\"twitter:data2\" content=\"2 minutos\" \/>\n<script type=\"application\/ld+json\" class=\"yoast-schema-graph\">{\"@context\":\"https:\\\/\\\/schema.org\",\"@graph\":[{\"@type\":\"Article\",\"@id\":\"https:\\\/\\\/www.eldiario.net\\\/portal\\\/2021\\\/05\\\/10\\\/alcaldia-descarta-cuarentena-en-lucha-contra-tercera-ola\\\/#article\",\"isPartOf\":{\"@id\":\"https:\\\/\\\/www.eldiario.net\\\/portal\\\/2021\\\/05\\\/10\\\/alcaldia-descarta-cuarentena-en-lucha-contra-tercera-ola\\\/\"},\"author\":{\"name\":\"Jeanette\",\"@id\":\"https:\\\/\\\/www.eldiario.net\\\/portal\\\/#\\\/schema\\\/person\\\/f46445640444750d7d753ccd04ae01b7\"},\"headline\":\"Alcald\u00eda descarta cuarentena en lucha contra tercera ola\",\"datePublished\":\"2021-05-10T08:11:12+00:00\",\"mainEntityOfPage\":{\"@id\":\"https:\\\/\\\/www.eldiario.net\\\/portal\\\/2021\\\/05\\\/10\\\/alcaldia-descarta-cuarentena-en-lucha-contra-tercera-ola\\\/\"},\"wordCount\":462,\"publisher\":{\"@id\":\"https:\\\/\\\/www.eldiario.net\\\/portal\\\/#organization\"},\"image\":{\"@id\":\"https:\\\/\\\/www.eldiario.net\\\/portal\\\/2021\\\/05\\\/10\\\/alcaldia-descarta-cuarentena-en-lucha-contra-tercera-ola\\\/#primaryimage\"},\"thumbnailUrl\":\"https:\\\/\\\/www.eldiario.net\\\/portal\\\/wp-content\\\/uploads\\\/2021\\\/05\\\/4LP-scaled-1.jpg\",\"articleSection\":[\"Nacional\"],\"inLanguage\":\"es\"},{\"@type\":\"WebPage\",\"@id\":\"https:\\\/\\\/www.eldiario.net\\\/portal\\\/2021\\\/05\\\/10\\\/alcaldia-descarta-cuarentena-en-lucha-contra-tercera-ola\\\/\",\"url\":\"https:\\\/\\\/www.eldiario.net\\\/portal\\\/2021\\\/05\\\/10\\\/alcaldia-descarta-cuarentena-en-lucha-contra-tercera-ola\\\/\",\"name\":\"Alcald\u00eda descarta cuarentena en lucha contra tercera ola - El Diario - Bolivia\",\"isPartOf\":{\"@id\":\"https:\\\/\\\/www.eldiario.net\\\/portal\\\/#website\"},\"primaryImageOfPage\":{\"@id\":\"https:\\\/\\\/www.eldiario.net\\\/portal\\\/2021\\\/05\\\/10\\\/alcaldia-descarta-cuarentena-en-lucha-contra-tercera-ola\\\/#primaryimage\"},\"image\":{\"@id\":\"https:\\\/\\\/www.eldiario.net\\\/portal\\\/2021\\\/05\\\/10\\\/alcaldia-descarta-cuarentena-en-lucha-contra-tercera-ola\\\/#primaryimage\"},\"thumbnailUrl\":\"https:\\\/\\\/www.eldiario.net\\\/portal\\\/wp-content\\\/uploads\\\/2021\\\/05\\\/4LP-scaled-1.jpg\",\"datePublished\":\"2021-05-10T08:11:12+00:00\",\"breadcrumb\":{\"@id\":\"https:\\\/\\\/www.eldiario.net\\\/portal\\\/2021\\\/05\\\/10\\\/alcaldia-descarta-cuarentena-en-lucha-contra-tercera-ola\\\/#breadcrumb\"},\"inLanguage\":\"es\",\"potentialAction\":[{\"@type\":\"ReadAction\",\"target\":[\"https:\\\/\\\/www.eldiario.net\\\/portal\\\/2021\\\/05\\\/10\\\/alcaldia-descarta-cuarentena-en-lucha-contra-tercera-ola\\\/\"]}]},{\"@type\":\"ImageObject\",\"inLanguage\":\"es\",\"@id\":\"https:\\\/\\\/www.eldiario.net\\\/portal\\\/2021\\\/05\\\/10\\\/alcaldia-descarta-cuarentena-en-lucha-contra-tercera-ola\\\/#primaryimage\",\"url\":\"https:\\\/\\\/www.eldiario.net\\\/portal\\\/wp-content\\\/uploads\\\/2021\\\/05\\\/4LP-scaled-1.jpg\",\"contentUrl\":\"https:\\\/\\\/www.eldiario.net\\\/portal\\\/wp-content\\\/uploads\\\/2021\\\/05\\\/4LP-scaled-1.jpg\",\"width\":2560,\"height\":1700},{\"@type\":\"BreadcrumbList\",\"@id\":\"https:\\\/\\\/www.eldiario.net\\\/portal\\\/2021\\\/05\\\/10\\\/alcaldia-descarta-cuarentena-en-lucha-contra-tercera-ola\\\/#breadcrumb\",\"itemListElement\":[{\"@type\":\"ListItem\",\"position\":1,\"name\":\"Portada\",\"item\":\"https:\\\/\\\/www.eldiario.net\\\/portal\\\/\"},{\"@type\":\"ListItem\",\"position\":2,\"name\":\"Alcald\u00eda descarta cuarentena en lucha contra tercera ola\"}]},{\"@type\":\"WebSite\",\"@id\":\"https:\\\/\\\/www.eldiario.net\\\/portal\\\/#website\",\"url\":\"https:\\\/\\\/www.eldiario.net\\\/portal\\\/\",\"name\":\"El Diario - Decano de la prensa nacional\",\"description\":\"El Diario - Decano de la prensa nacional\",\"publisher\":{\"@id\":\"https:\\\/\\\/www.eldiario.net\\\/portal\\\/#organization\"},\"potentialAction\":[{\"@type\":\"SearchAction\",\"target\":{\"@type\":\"EntryPoint\",\"urlTemplate\":\"https:\\\/\\\/www.eldiario.net\\\/portal\\\/?s={search_term_string}\"},\"query-input\":{\"@type\":\"PropertyValueSpecification\",\"valueRequired\":true,\"valueName\":\"search_term_string\"}}],\"inLanguage\":\"es\"},{\"@type\":\"Organization\",\"@id\":\"https:\\\/\\\/www.eldiario.net\\\/portal\\\/#organization\",\"name\":\"El Diario - Decano de la prensa nacional\",\"url\":\"https:\\\/\\\/www.eldiario.net\\\/portal\\\/\",\"logo\":{\"@type\":\"ImageObject\",\"inLanguage\":\"es\",\"@id\":\"https:\\\/\\\/www.eldiario.net\\\/portal\\\/#\\\/schema\\\/logo\\\/image\\\/\",\"url\":\"https:\\\/\\\/www.eldiario.net\\\/portal\\\/wp-content\\\/uploads\\\/2023\\\/07\\\/logo_ED.jpg\",\"contentUrl\":\"https:\\\/\\\/www.eldiario.net\\\/portal\\\/wp-content\\\/uploads\\\/2023\\\/07\\\/logo_ED.jpg\",\"width\":272,\"height\":52,\"caption\":\"El Diario - Decano de la prensa nacional\"},\"image\":{\"@id\":\"https:\\\/\\\/www.eldiario.net\\\/portal\\\/#\\\/schema\\\/logo\\\/image\\\/\"},\"sameAs\":[\"https:\\\/\\\/www.facebook.com\\\/eldiario.bolivia\\\/\",\"https:\\\/\\\/x.com\\\/eldiario_net\"]},{\"@type\":\"Person\",\"@id\":\"https:\\\/\\\/www.eldiario.net\\\/portal\\\/#\\\/schema\\\/person\\\/f46445640444750d7d753ccd04ae01b7\",\"name\":\"Jeanette\",\"image\":{\"@type\":\"ImageObject\",\"inLanguage\":\"es\",\"@id\":\"https:\\\/\\\/secure.gravatar.com\\\/avatar\\\/3ea2118a5f7dad2b7138b1187a6b7ee55f160b9968b66013c3a3ef39dd7e5798?s=96&d=mm&r=g\",\"url\":\"https:\\\/\\\/secure.gravatar.com\\\/avatar\\\/3ea2118a5f7dad2b7138b1187a6b7ee55f160b9968b66013c3a3ef39dd7e5798?s=96&d=mm&r=g\",\"contentUrl\":\"https:\\\/\\\/secure.gravatar.com\\\/avatar\\\/3ea2118a5f7dad2b7138b1187a6b7ee55f160b9968b66013c3a3ef39dd7e5798?s=96&d=mm&r=g\",\"caption\":\"Jeanette\"},\"sameAs\":[\"https:\\\/\\\/www.eldiario.net\\\/portal\"],\"url\":\"https:\\\/\\\/www.eldiario.net\\\/portal\\\/author\\\/jeanette\\\/\"}]}<\/script>\n<!-- \/ Yoast SEO plugin. -->","yoast_head_json":{"title":"Alcald\u00eda descarta cuarentena en lucha contra tercera ola - El Diario - Bolivia","robots":{"index":"index","follow":"follow","max-snippet":"max-snippet:-1","max-image-preview":"max-image-preview:large","max-video-preview":"max-video-preview:-1"},"canonical":"https:\/\/www.eldiario.net\/portal\/2021\/05\/10\/alcaldia-descarta-cuarentena-en-lucha-contra-tercera-ola\/","og_locale":"es_ES","og_type":"article","og_title":"Alcald\u00eda descarta cuarentena en lucha contra tercera ola - El Diario - Bolivia","og_description":"La Alcald\u00eda de La Paz prepara un plan de contenci\u00f3n para la tercera ola de covid-19 que involucra la participaci\u00f3n del Gobierno nacional y Gobernaci\u00f3n. Se descarta aplicar cuarentena, pero habr\u00e1 georreferenciaci\u00f3n de pacientes para atender con farmacias m\u00f3viles y m\u00e9dicos estar\u00e1n comunicados con los pacientes por WhatsApp. \u201cEstamos elaborando nuestro plan de contingencia para [&hellip;]","og_url":"https:\/\/www.eldiario.net\/portal\/2021\/05\/10\/alcaldia-descarta-cuarentena-en-lucha-contra-tercera-ola\/","og_site_name":"El Diario - Bolivia","article_publisher":"https:\/\/www.facebook.com\/eldiario.bolivia\/","article_published_time":"2021-05-10T08:11:12+00:00","og_image":[{"width":2560,"height":1700,"url":"https:\/\/www.eldiario.net\/portal\/wp-content\/uploads\/2021\/05\/4LP-scaled-1.jpg","type":"image\/jpeg"}],"author":"Jeanette","twitter_card":"summary_large_image","twitter_creator":"@eldiario_net","twitter_site":"@eldiario_net","twitter_misc":{"Escrito por":"Jeanette","Tiempo de lectura":"2 minutos"},"schema":{"@context":"https:\/\/schema.org","@graph":[{"@type":"Article","@id":"https:\/\/www.eldiario.net\/portal\/2021\/05\/10\/alcaldia-descarta-cuarentena-en-lucha-contra-tercera-ola\/#article","isPartOf":{"@id":"https:\/\/www.eldiario.net\/portal\/2021\/05\/10\/alcaldia-descarta-cuarentena-en-lucha-contra-tercera-ola\/"},"author":{"name":"Jeanette","@id":"https:\/\/www.eldiario.net\/portal\/#\/schema\/person\/f46445640444750d7d753ccd04ae01b7"},"headline":"Alcald\u00eda descarta cuarentena en lucha contra tercera ola","datePublished":"2021-05-10T08:11:12+00:00","mainEntityOfPage":{"@id":"https:\/\/www.eldiario.net\/portal\/2021\/05\/10\/alcaldia-descarta-cuarentena-en-lucha-contra-tercera-ola\/"},"wordCount":462,"publisher":{"@id":"https:\/\/www.eldiario.net\/portal\/#organization"},"image":{"@id":"https:\/\/www.eldiario.net\/portal\/2021\/05\/10\/alcaldia-descarta-cuarentena-en-lucha-contra-tercera-ola\/#primaryimage"},"thumbnailUrl":"https:\/\/www.eldiario.net\/portal\/wp-content\/uploads\/2021\/05\/4LP-scaled-1.jpg","articleSection":["Nacional"],"inLanguage":"es"},{"@type":"WebPage","@id":"https:\/\/www.eldiario.net\/portal\/2021\/05\/10\/alcaldia-descarta-cuarentena-en-lucha-contra-tercera-ola\/","url":"https:\/\/www.eldiario.net\/portal\/2021\/05\/10\/alcaldia-descarta-cuarentena-en-lucha-contra-tercera-ola\/","name":"Alcald\u00eda descarta cuarentena en lucha contra tercera ola - El Diario - Bolivia","isPartOf":{"@id":"https:\/\/www.eldiario.net\/portal\/#website"},"primaryImageOfPage":{"@id":"https:\/\/www.eldiario.net\/portal\/2021\/05\/10\/alcaldia-descarta-cuarentena-en-lucha-contra-tercera-ola\/#primaryimage"},"image":{"@id":"https:\/\/www.eldiario.net\/portal\/2021\/05\/10\/alcaldia-descarta-cuarentena-en-lucha-contra-tercera-ola\/#primaryimage"},"thumbnailUrl":"https:\/\/www.eldiario.net\/portal\/wp-content\/uploads\/2021\/05\/4LP-scaled-1.jpg","datePublished":"2021-05-10T08:11:12+00:00","breadcrumb":{"@id":"https:\/\/www.eldiario.net\/portal\/2021\/05\/10\/alcaldia-descarta-cuarentena-en-lucha-contra-tercera-ola\/#breadcrumb"},"inLanguage":"es","potentialAction":[{"@type":"ReadAction","target":["https:\/\/www.eldiario.net\/portal\/2021\/05\/10\/alcaldia-descarta-cuarentena-en-lucha-contra-tercera-ola\/"]}]},{"@type":"ImageObject","inLanguage":"es","@id":"https:\/\/www.eldiario.net\/portal\/2021\/05\/10\/alcaldia-descarta-cuarentena-en-lucha-contra-tercera-ola\/#primaryimage","url":"https:\/\/www.eldiario.net\/portal\/wp-content\/uploads\/2021\/05\/4LP-scaled-1.jpg","contentUrl":"https:\/\/www.eldiario.net\/portal\/wp-content\/uploads\/2021\/05\/4LP-scaled-1.jpg","width":2560,"height":1700},{"@type":"BreadcrumbList","@id":"https:\/\/www.eldiario.net\/portal\/2021\/05\/10\/alcaldia-descarta-cuarentena-en-lucha-contra-tercera-ola\/#breadcrumb","itemListElement":[{"@type":"ListItem","position":1,"name":"Portada","item":"https:\/\/www.eldiario.net\/portal\/"},{"@type":"ListItem","position":2,"name":"Alcald\u00eda descarta cuarentena en lucha contra tercera ola"}]},{"@type":"WebSite","@id":"https:\/\/www.eldiario.net\/portal\/#website","url":"https:\/\/www.eldiario.net\/portal\/","name":"El Diario - Decano de la prensa nacional","description":"El Diario - Decano de la prensa nacional","publisher":{"@id":"https:\/\/www.eldiario.net\/portal\/#organization"},"potentialAction":[{"@type":"SearchAction","target":{"@type":"EntryPoint","urlTemplate":"https:\/\/www.eldiario.net\/portal\/?s={search_term_string}"},"query-input":{"@type":"PropertyValueSpecification","valueRequired":true,"valueName":"search_term_string"}}],"inLanguage":"es"},{"@type":"Organization","@id":"https:\/\/www.eldiario.net\/portal\/#organization","name":"El Diario - Decano de la prensa nacional","url":"https:\/\/www.eldiario.net\/portal\/","logo":{"@type":"ImageObject","inLanguage":"es","@id":"https:\/\/www.eldiario.net\/portal\/#\/schema\/logo\/image\/","url":"https:\/\/www.eldiario.net\/portal\/wp-content\/uploads\/2023\/07\/logo_ED.jpg","contentUrl":"https:\/\/www.eldiario.net\/portal\/wp-content\/uploads\/2023\/07\/logo_ED.jpg","width":272,"height":52,"caption":"El Diario - Decano de la prensa nacional"},"image":{"@id":"https:\/\/www.eldiario.net\/portal\/#\/schema\/logo\/image\/"},"sameAs":["https:\/\/www.facebook.com\/eldiario.bolivia\/","https:\/\/x.com\/eldiario_net"]},{"@type":"Person","@id":"https:\/\/www.eldiario.net\/portal\/#\/schema\/person\/f46445640444750d7d753ccd04ae01b7","name":"Jeanette","image":{"@type":"ImageObject","inLanguage":"es","@id":"https:\/\/secure.gravatar.com\/avatar\/3ea2118a5f7dad2b7138b1187a6b7ee55f160b9968b66013c3a3ef39dd7e5798?s=96&d=mm&r=g","url":"https:\/\/secure.gravatar.com\/avatar\/3ea2118a5f7dad2b7138b1187a6b7ee55f160b9968b66013c3a3ef39dd7e5798?s=96&d=mm&r=g","contentUrl":"https:\/\/secure.gravatar.com\/avatar\/3ea2118a5f7dad2b7138b1187a6b7ee55f160b9968b66013c3a3ef39dd7e5798?s=96&d=mm&r=g","caption":"Jeanette"},"sameAs":["https:\/\/www.eldiario.net\/portal"],"url":"https:\/\/www.eldiario.net\/portal\/author\/jeanette\/"}]}},"_links":{"self":[{"href":"https:\/\/www.eldiario.net\/portal\/wp-json\/wp\/v2\/posts\/2935","targetHints":{"allow":["GET"]}}],"collection":[{"href":"https:\/\/www.eldiario.net\/portal\/wp-json\/wp\/v2\/posts"}],"about":[{"href":"https:\/\/www.eldiario.net\/portal\/wp-json\/wp\/v2\/types\/post"}],"author":[{"embeddable":true,"href":"https:\/\/www.eldiario.net\/portal\/wp-json\/wp\/v2\/users\/1"}],"replies":[{"embeddable":true,"href":"https:\/\/www.eldiario.net\/portal\/wp-json\/wp\/v2\/comments?post=2935"}],"version-history":[{"count":0,"href":"https:\/\/www.eldiario.net\/portal\/wp-json\/wp\/v2\/posts\/2935\/revisions"}],"wp:featuredmedia":[{"embeddable":true,"href":"https:\/\/www.eldiario.net\/portal\/wp-json\/wp\/v2\/media\/2936"}],"wp:attachment":[{"href":"https:\/\/www.eldiario.net\/portal\/wp-json\/wp\/v2\/media?parent=2935"}],"wp:term":[{"taxonomy":"category","embeddable":true,"href":"https:\/\/www.eldiario.net\/portal\/wp-json\/wp\/v2\/categories?post=2935"},{"taxonomy":"post_tag","embeddable":true,"href":"https:\/\/www.eldiario.net\/portal\/wp-json\/wp\/v2\/tags?post=2935"}],"curies":[{"name":"wp","href":"https:\/\/api.w.org\/{rel}","templated":true}]}}