{"id":293495,"date":"2025-04-06T07:49:01","date_gmt":"2025-04-06T11:49:01","guid":{"rendered":"https:\/\/www.eldiario.net\/portal\/?p=293495"},"modified":"2025-04-06T07:49:01","modified_gmt":"2025-04-06T11:49:01","slug":"el-rey-de-reyes-una-nueva-pelicula-sobre-la-vida-de-jesus","status":"publish","type":"post","link":"https:\/\/www.eldiario.net\/portal\/2025\/04\/06\/el-rey-de-reyes-una-nueva-pelicula-sobre-la-vida-de-jesus\/","title":{"rendered":"El Rey de Reyes: Una Nueva Pel\u00edcula Sobre la Vida de Jes\u00fas"},"content":{"rendered":"<p>El 10 de abril de 2025 marcar\u00e1 el debut de la pel\u00edcula de fe \u201cEl Rey de Reyes\u201d, una nueva pel\u00edcula animada que reimagina la vida de Jes\u00fas. Producida por Mofac Animation Studios y distribuida globalmente por Angel Studios, esta ambiciosa producci\u00f3n cuenta con un elenco estelar encabezado por Oscar Isaac, quien dar\u00e1 vida a Jes\u00fas, y Mark Hamill, reconocido por su emblem\u00e1tica interpretaci\u00f3n de personajes ic\u00f3nicos, que prestar\u00e1 su voz al temible Rey Herodes.<br \/>\nLa historia<br \/>\nUn padre le cuenta a su hijo la historia m\u00e1s grandiosa jam\u00e1s contada, y lo que comienza como un cuento para dormir se convierte en un viaje transformador. Con una v\u00edvida imaginaci\u00f3n, el ni\u00f1o camina junto a Jes\u00fas, presenciando sus milagros, enfrentando sus pruebas y comprendiendo su sacrificio supremo. El Rey de Reyes nos invita a redescubrir el poder perdurable de la esperanza, el amor y la redenci\u00f3n a trav\u00e9s de la mirada de un ni\u00f1o.<br \/>\nCr\u00e9ditos y reparto<br \/>\nVoces originales version ingles de: Pierce Brosnan, Uma Thurman, Mark Hamill, Kenneth Branagh, Oscar Isaac, Forrest Whitaker y Ben Kingsley<br \/>\nAdem\u00e1s de Isaac y Hamill, destacados nombres como Pierce Brosnan, al interpretar a Poncio Pilato, y Forest Whitaker como el ap\u00f3stol Pedro, ofrecen interpretaciones que dar\u00e1n vida a los complejos personajes del relato. Sir Ben Kingsley aportar\u00e1 su voz al Sumo Sacerdote Caif\u00e1s, Kenneth Branagh le pone la voz a Charles Dickens, mientras que Uma Thurman interpretar\u00e1 a Catherine Dickens,<br \/>\nJim Cummings, un \u00edcono en el mundo de la animaci\u00f3n, dar\u00e1 vida a tres personajes distintos, mientras que James Arnold Taylor, conocido por su papel como Obi-Wan Kenobi, se ver\u00e1 encargado de cinco personajes en total, incluyendo al joven Jes\u00fas. Esta profusi\u00f3n de talentos en la voz asegura un desempe\u00f1o vibrante y memorable, que capturar\u00e1 la atenci\u00f3n de la audiencia y enriquecer\u00e1 la experiencia cinematogr\u00e1fica con su diversidad sonora.<br \/>\nDirigida por Seong-Ho \u201cJay\u201d Jang, la pel\u00edcula se basa en un guion coescrito por Rob Edwards.<br \/>\nEl Rey de Reyes estrena el 10 de abril en cines de Bolivia. <\/p>\n\r\n                <style type=\"text\/css\">\r\n                    \r\n                    #tdi_1  .td-doubleSlider-2 .td-item1 {\r\n                        background: url(https:\/\/www.eldiario.net\/portal\/wp-content\/uploads\/2025\/04\/El-Rey-de-Reyes-Una-Nueva-Pelicula-Sobre-la-Vida-de-Jesus-5-80x60.jpg) 0 0 no-repeat;\r\n                    }\r\n                    #tdi_1  .td-doubleSlider-2 .td-item2 {\r\n                        background: url(https:\/\/www.eldiario.net\/portal\/wp-content\/uploads\/2025\/04\/El-Rey-de-Reyes-Una-Nueva-Pelicula-Sobre-la-Vida-de-Jesus-80x60.jpg) 0 0 no-repeat;\r\n                    }\r\n                    #tdi_1  .td-doubleSlider-2 .td-item3 {\r\n                        background: url(https:\/\/www.eldiario.net\/portal\/wp-content\/uploads\/2025\/04\/El-Rey-de-Reyes-Una-Nueva-Pelicula-Sobre-la-Vida-de-Jesus-2-80x60.jpg) 0 0 no-repeat;\r\n                    }\r\n                    #tdi_1  .td-doubleSlider-2 .td-item4 {\r\n                        background: url(https:\/\/www.eldiario.net\/portal\/wp-content\/uploads\/2025\/04\/El-Rey-de-Reyes-Una-Nueva-Pelicula-Sobre-la-Vida-de-Jesus-3-80x60.jpg) 0 0 no-repeat;\r\n                    }\r\n                    #tdi_1  .td-doubleSlider-2 .td-item5 {\r\n                        background: url(https:\/\/www.eldiario.net\/portal\/wp-content\/uploads\/2025\/04\/El-Rey-de-Reyes-Una-Nueva-Pelicula-Sobre-la-Vida-de-Jesus-4-80x60.jpg) 0 0 no-repeat;\r\n                    }\r\n                <\/style>\r\n\r\n                <div id=\"tdi_1\" class=\"td-gallery td-slide-on-2-columns\">\r\n                    <div class=\"post_td_gallery\">\r\n                        <div class=\"td-gallery-slide-top\">\r\n                           <div class=\"td-gallery-title\"><\/div>\r\n\r\n                            <div class=\"td-gallery-controls-wrapper\">\r\n                                <div class=\"td-gallery-slide-count\"><span class=\"td-gallery-slide-item-focus\">1<\/span> de 5<\/div>\r\n                                <div class=\"td-gallery-slide-prev-next-but\">\r\n                                    <i class = \"td-icon-left doubleSliderPrevButton\"><\/i>\r\n                                    <i class = \"td-icon-right doubleSliderNextButton\"><\/i>\r\n                                <\/div>\r\n                            <\/div>\r\n                        <\/div>\r\n\r\n                        <div class = \"td-doubleSlider-1 \">\r\n                            <div class = \"td-slider\">\r\n                                \r\n                    <div class = \"td-slide-item td-item1\">\r\n                        <figure class=\"td-slide-galery-figure td-slide-popup-gallery\">\r\n                            <a class=\"slide-gallery-image-link\" href=\"https:\/\/www.eldiario.net\/portal\/wp-content\/uploads\/2025\/04\/El-Rey-de-Reyes-Una-Nueva-Pelicula-Sobre-la-Vida-de-Jesus-5.jpg\" title=\"El-Rey-de-Reyes-Una-Nueva-Pel\u00edcula-Sobre-la-Vida-de-Jes\u00fas-(5)\"  data-caption=\"\"  data-description=\"\">\r\n                                <img decoding=\"async\" src=\"https:\/\/www.eldiario.net\/portal\/wp-content\/uploads\/2025\/04\/El-Rey-de-Reyes-Una-Nueva-Pelicula-Sobre-la-Vida-de-Jesus-5-286x420.jpg\" srcset=\"https:\/\/www.eldiario.net\/portal\/wp-content\/uploads\/2025\/04\/El-Rey-de-Reyes-Una-Nueva-Pelicula-Sobre-la-Vida-de-Jesus-5-286x420.jpg 286w, https:\/\/www.eldiario.net\/portal\/wp-content\/uploads\/2025\/04\/El-Rey-de-Reyes-Una-Nueva-Pelicula-Sobre-la-Vida-de-Jesus-5-204x300.jpg 204w, https:\/\/www.eldiario.net\/portal\/wp-content\/uploads\/2025\/04\/El-Rey-de-Reyes-Una-Nueva-Pelicula-Sobre-la-Vida-de-Jesus-5-697x1024.jpg 697w, https:\/\/www.eldiario.net\/portal\/wp-content\/uploads\/2025\/04\/El-Rey-de-Reyes-Una-Nueva-Pelicula-Sobre-la-Vida-de-Jesus-5-768x1128.jpg 768w, https:\/\/www.eldiario.net\/portal\/wp-content\/uploads\/2025\/04\/El-Rey-de-Reyes-Una-Nueva-Pelicula-Sobre-la-Vida-de-Jesus-5-1046x1536.jpg 1046w, https:\/\/www.eldiario.net\/portal\/wp-content\/uploads\/2025\/04\/El-Rey-de-Reyes-Una-Nueva-Pelicula-Sobre-la-Vida-de-Jesus-5-696x1022.jpg 696w, https:\/\/www.eldiario.net\/portal\/wp-content\/uploads\/2025\/04\/El-Rey-de-Reyes-Una-Nueva-Pelicula-Sobre-la-Vida-de-Jesus-5-1068x1568.jpg 1068w, https:\/\/www.eldiario.net\/portal\/wp-content\/uploads\/2025\/04\/El-Rey-de-Reyes-Una-Nueva-Pelicula-Sobre-la-Vida-de-Jesus-5.jpg 1080w\" sizes=\"(max-width: 286px) 100vw, 286px\" alt=\"\">\r\n                            <\/a>\r\n                            \r\n                        <\/figure>\r\n                    <\/div>\r\n                    <div class = \"td-slide-item td-item2\">\r\n                        <figure class=\"td-slide-galery-figure td-slide-popup-gallery\">\r\n                            <a class=\"slide-gallery-image-link\" href=\"https:\/\/www.eldiario.net\/portal\/wp-content\/uploads\/2025\/04\/El-Rey-de-Reyes-Una-Nueva-Pelicula-Sobre-la-Vida-de-Jesus.jpg\" title=\"El-Rey-de-Reyes-Una-Nueva-Pel\u00edcula-Sobre-la-Vida-de-Jes\u00fas\"  data-caption=\"\"  data-description=\"\">\r\n                                <img decoding=\"async\" src=\"https:\/\/www.eldiario.net\/portal\/wp-content\/uploads\/2025\/04\/El-Rey-de-Reyes-Una-Nueva-Pelicula-Sobre-la-Vida-de-Jesus-236x420.jpg\" srcset=\"https:\/\/www.eldiario.net\/portal\/wp-content\/uploads\/2025\/04\/El-Rey-de-Reyes-Una-Nueva-Pelicula-Sobre-la-Vida-de-Jesus-236x420.jpg 236w, https:\/\/www.eldiario.net\/portal\/wp-content\/uploads\/2025\/04\/El-Rey-de-Reyes-Una-Nueva-Pelicula-Sobre-la-Vida-de-Jesus-169x300.jpg 169w, https:\/\/www.eldiario.net\/portal\/wp-content\/uploads\/2025\/04\/El-Rey-de-Reyes-Una-Nueva-Pelicula-Sobre-la-Vida-de-Jesus-576x1024.jpg 576w, https:\/\/www.eldiario.net\/portal\/wp-content\/uploads\/2025\/04\/El-Rey-de-Reyes-Una-Nueva-Pelicula-Sobre-la-Vida-de-Jesus-768x1365.jpg 768w, https:\/\/www.eldiario.net\/portal\/wp-content\/uploads\/2025\/04\/El-Rey-de-Reyes-Una-Nueva-Pelicula-Sobre-la-Vida-de-Jesus-864x1536.jpg 864w, https:\/\/www.eldiario.net\/portal\/wp-content\/uploads\/2025\/04\/El-Rey-de-Reyes-Una-Nueva-Pelicula-Sobre-la-Vida-de-Jesus-696x1237.jpg 696w, https:\/\/www.eldiario.net\/portal\/wp-content\/uploads\/2025\/04\/El-Rey-de-Reyes-Una-Nueva-Pelicula-Sobre-la-Vida-de-Jesus-1068x1899.jpg 1068w, https:\/\/www.eldiario.net\/portal\/wp-content\/uploads\/2025\/04\/El-Rey-de-Reyes-Una-Nueva-Pelicula-Sobre-la-Vida-de-Jesus.jpg 1080w\" sizes=\"(max-width: 236px) 100vw, 236px\" alt=\"\">\r\n                            <\/a>\r\n                            \r\n                        <\/figure>\r\n                    <\/div>\r\n                    <div class = \"td-slide-item td-item3\">\r\n                        <figure class=\"td-slide-galery-figure td-slide-popup-gallery\">\r\n                            <a class=\"slide-gallery-image-link\" href=\"https:\/\/www.eldiario.net\/portal\/wp-content\/uploads\/2025\/04\/El-Rey-de-Reyes-Una-Nueva-Pelicula-Sobre-la-Vida-de-Jesus-2.jpg\" title=\"El-Rey-de-Reyes-Una-Nueva-Pel\u00edcula-Sobre-la-Vida-de-Jes\u00fas-(2)\"  data-caption=\"\"  data-description=\"\">\r\n                                <img decoding=\"async\" src=\"https:\/\/www.eldiario.net\/portal\/wp-content\/uploads\/2025\/04\/El-Rey-de-Reyes-Una-Nueva-Pelicula-Sobre-la-Vida-de-Jesus-2-336x420.jpg\" srcset=\"https:\/\/www.eldiario.net\/portal\/wp-content\/uploads\/2025\/04\/El-Rey-de-Reyes-Una-Nueva-Pelicula-Sobre-la-Vida-de-Jesus-2-336x420.jpg 336w, https:\/\/www.eldiario.net\/portal\/wp-content\/uploads\/2025\/04\/El-Rey-de-Reyes-Una-Nueva-Pelicula-Sobre-la-Vida-de-Jesus-2-240x300.jpg 240w, https:\/\/www.eldiario.net\/portal\/wp-content\/uploads\/2025\/04\/El-Rey-de-Reyes-Una-Nueva-Pelicula-Sobre-la-Vida-de-Jesus-2-819x1024.jpg 819w, https:\/\/www.eldiario.net\/portal\/wp-content\/uploads\/2025\/04\/El-Rey-de-Reyes-Una-Nueva-Pelicula-Sobre-la-Vida-de-Jesus-2-768x960.jpg 768w, https:\/\/www.eldiario.net\/portal\/wp-content\/uploads\/2025\/04\/El-Rey-de-Reyes-Una-Nueva-Pelicula-Sobre-la-Vida-de-Jesus-2-696x870.jpg 696w, https:\/\/www.eldiario.net\/portal\/wp-content\/uploads\/2025\/04\/El-Rey-de-Reyes-Una-Nueva-Pelicula-Sobre-la-Vida-de-Jesus-2-1068x1335.jpg 1068w, https:\/\/www.eldiario.net\/portal\/wp-content\/uploads\/2025\/04\/El-Rey-de-Reyes-Una-Nueva-Pelicula-Sobre-la-Vida-de-Jesus-2.jpg 1080w\" sizes=\"(max-width: 336px) 100vw, 336px\" alt=\"\">\r\n                            <\/a>\r\n                            \r\n                        <\/figure>\r\n                    <\/div>\r\n                    <div class = \"td-slide-item td-item4\">\r\n                        <figure class=\"td-slide-galery-figure td-slide-popup-gallery\">\r\n                            <a class=\"slide-gallery-image-link\" href=\"https:\/\/www.eldiario.net\/portal\/wp-content\/uploads\/2025\/04\/El-Rey-de-Reyes-Una-Nueva-Pelicula-Sobre-la-Vida-de-Jesus-3.jpg\" title=\"El-Rey-de-Reyes-Una-Nueva-Pel\u00edcula-Sobre-la-Vida-de-Jes\u00fas-(3)\"  data-caption=\"\"  data-description=\"\">\r\n                                <img decoding=\"async\" src=\"https:\/\/www.eldiario.net\/portal\/wp-content\/uploads\/2025\/04\/El-Rey-de-Reyes-Una-Nueva-Pelicula-Sobre-la-Vida-de-Jesus-3-336x420.jpg\" srcset=\"https:\/\/www.eldiario.net\/portal\/wp-content\/uploads\/2025\/04\/El-Rey-de-Reyes-Una-Nueva-Pelicula-Sobre-la-Vida-de-Jesus-3-336x420.jpg 336w, https:\/\/www.eldiario.net\/portal\/wp-content\/uploads\/2025\/04\/El-Rey-de-Reyes-Una-Nueva-Pelicula-Sobre-la-Vida-de-Jesus-3-240x300.jpg 240w, https:\/\/www.eldiario.net\/portal\/wp-content\/uploads\/2025\/04\/El-Rey-de-Reyes-Una-Nueva-Pelicula-Sobre-la-Vida-de-Jesus-3-819x1024.jpg 819w, https:\/\/www.eldiario.net\/portal\/wp-content\/uploads\/2025\/04\/El-Rey-de-Reyes-Una-Nueva-Pelicula-Sobre-la-Vida-de-Jesus-3-768x960.jpg 768w, https:\/\/www.eldiario.net\/portal\/wp-content\/uploads\/2025\/04\/El-Rey-de-Reyes-Una-Nueva-Pelicula-Sobre-la-Vida-de-Jesus-3-696x870.jpg 696w, https:\/\/www.eldiario.net\/portal\/wp-content\/uploads\/2025\/04\/El-Rey-de-Reyes-Una-Nueva-Pelicula-Sobre-la-Vida-de-Jesus-3-1068x1335.jpg 1068w, https:\/\/www.eldiario.net\/portal\/wp-content\/uploads\/2025\/04\/El-Rey-de-Reyes-Una-Nueva-Pelicula-Sobre-la-Vida-de-Jesus-3.jpg 1080w\" sizes=\"(max-width: 336px) 100vw, 336px\" alt=\"\">\r\n                            <\/a>\r\n                            \r\n                        <\/figure>\r\n                    <\/div>\r\n                    <div class = \"td-slide-item td-item5\">\r\n                        <figure class=\"td-slide-galery-figure td-slide-popup-gallery\">\r\n                            <a class=\"slide-gallery-image-link\" href=\"https:\/\/www.eldiario.net\/portal\/wp-content\/uploads\/2025\/04\/El-Rey-de-Reyes-Una-Nueva-Pelicula-Sobre-la-Vida-de-Jesus-4.jpg\" title=\"El-Rey-de-Reyes-Una-Nueva-Pel\u00edcula-Sobre-la-Vida-de-Jes\u00fas-(4)\"  data-caption=\"\"  data-description=\"\">\r\n                                <img decoding=\"async\" src=\"https:\/\/www.eldiario.net\/portal\/wp-content\/uploads\/2025\/04\/El-Rey-de-Reyes-Una-Nueva-Pelicula-Sobre-la-Vida-de-Jesus-4-336x420.jpg\" srcset=\"https:\/\/www.eldiario.net\/portal\/wp-content\/uploads\/2025\/04\/El-Rey-de-Reyes-Una-Nueva-Pelicula-Sobre-la-Vida-de-Jesus-4-336x420.jpg 336w, https:\/\/www.eldiario.net\/portal\/wp-content\/uploads\/2025\/04\/El-Rey-de-Reyes-Una-Nueva-Pelicula-Sobre-la-Vida-de-Jesus-4-240x300.jpg 240w, https:\/\/www.eldiario.net\/portal\/wp-content\/uploads\/2025\/04\/El-Rey-de-Reyes-Una-Nueva-Pelicula-Sobre-la-Vida-de-Jesus-4-819x1024.jpg 819w, https:\/\/www.eldiario.net\/portal\/wp-content\/uploads\/2025\/04\/El-Rey-de-Reyes-Una-Nueva-Pelicula-Sobre-la-Vida-de-Jesus-4-768x960.jpg 768w, https:\/\/www.eldiario.net\/portal\/wp-content\/uploads\/2025\/04\/El-Rey-de-Reyes-Una-Nueva-Pelicula-Sobre-la-Vida-de-Jesus-4-696x870.jpg 696w, https:\/\/www.eldiario.net\/portal\/wp-content\/uploads\/2025\/04\/El-Rey-de-Reyes-Una-Nueva-Pelicula-Sobre-la-Vida-de-Jesus-4-1068x1335.jpg 1068w, https:\/\/www.eldiario.net\/portal\/wp-content\/uploads\/2025\/04\/El-Rey-de-Reyes-Una-Nueva-Pelicula-Sobre-la-Vida-de-Jesus-4.jpg 1080w\" sizes=\"(max-width: 336px) 100vw, 336px\" alt=\"\">\r\n                            <\/a>\r\n                            \r\n                        <\/figure>\r\n                    <\/div>\r\n                            <\/div>\r\n                        <\/div>\r\n\r\n                        <div class = \"td-doubleSlider-2\">\r\n                            <div class = \"td-slider\">\r\n                                \r\n                    <div class = \"td-button td-item1\">\r\n                        <div class = \"td-border\"><\/div>\r\n                    <\/div>\r\n                    <div class = \"td-button td-item2\">\r\n                        <div class = \"td-border\"><\/div>\r\n                    <\/div>\r\n                    <div class = \"td-button td-item3\">\r\n                        <div class = \"td-border\"><\/div>\r\n                    <\/div>\r\n                    <div class = \"td-button td-item4\">\r\n                        <div class = \"td-border\"><\/div>\r\n                    <\/div>\r\n                    <div class = \"td-button td-item5\">\r\n                        <div class = \"td-border\"><\/div>\r\n                    <\/div>\r\n                            <\/div>\r\n                        <\/div>\r\n\r\n                    <\/div>\r\n\r\n                <\/div>\r\n                \n","protected":false},"excerpt":{"rendered":"<p>El 10 de abril de 2025 marcar\u00e1 el debut de la pel\u00edcula de fe \u201cEl Rey de Reyes\u201d, una nueva pel\u00edcula animada que reimagina la vida de Jes\u00fas. Producida por Mofac Animation Studios y distribuida globalmente por Angel Studios, esta ambiciosa producci\u00f3n cuenta con un elenco estelar encabezado por Oscar Isaac, quien dar\u00e1 vida a [&hellip;]<\/p>\n","protected":false},"author":1,"featured_media":293496,"comment_status":"closed","ping_status":"open","sticky":false,"template":"","format":"standard","meta":{"_acf_changed":false,"footnotes":""},"categories":[45],"tags":[],"class_list":["post-293495","post","type-post","status-publish","format-standard","has-post-thumbnail","category-cine-mundo"],"acf":{"antetitulo":""},"yoast_head":"<!-- This site is optimized with the Yoast SEO plugin v28.3 - https:\/\/yoast.com\/product\/yoast-seo-wordpress\/ -->\n<title>El Rey de Reyes: Una Nueva Pel\u00edcula Sobre la Vida de Jes\u00fas - El Diario - Bolivia<\/title>\n<meta name=\"robots\" content=\"index, follow, max-snippet:-1, max-image-preview:large, max-video-preview:-1\" \/>\n<link rel=\"canonical\" href=\"https:\/\/www.eldiario.net\/portal\/2025\/04\/06\/el-rey-de-reyes-una-nueva-pelicula-sobre-la-vida-de-jesus\/\" \/>\n<meta property=\"og:locale\" content=\"es_ES\" \/>\n<meta property=\"og:type\" content=\"article\" \/>\n<meta property=\"og:title\" content=\"El Rey de Reyes: Una Nueva Pel\u00edcula Sobre la Vida de Jes\u00fas - El Diario - Bolivia\" \/>\n<meta property=\"og:description\" content=\"El 10 de abril de 2025 marcar\u00e1 el debut de la pel\u00edcula de fe \u201cEl Rey de Reyes\u201d, una nueva pel\u00edcula animada que reimagina la vida de Jes\u00fas. Producida por Mofac Animation Studios y distribuida globalmente por Angel Studios, esta ambiciosa producci\u00f3n cuenta con un elenco estelar encabezado por Oscar Isaac, quien dar\u00e1 vida a [&hellip;]\" \/>\n<meta property=\"og:url\" content=\"https:\/\/www.eldiario.net\/portal\/2025\/04\/06\/el-rey-de-reyes-una-nueva-pelicula-sobre-la-vida-de-jesus\/\" \/>\n<meta property=\"og:site_name\" content=\"El Diario - Bolivia\" \/>\n<meta property=\"article:publisher\" content=\"https:\/\/www.facebook.com\/eldiario.bolivia\/\" \/>\n<meta property=\"article:published_time\" content=\"2025-04-06T11:49:01+00:00\" \/>\n<meta property=\"og:image\" content=\"https:\/\/www.eldiario.net\/portal\/wp-content\/uploads\/2025\/04\/El-Rey-de-Reyes-Una-Nueva-Pelicula-Sobre-la-Vida-de-Jesus-5.jpg\" \/>\n\t<meta property=\"og:image:width\" content=\"1080\" \/>\n\t<meta property=\"og:image:height\" content=\"1586\" \/>\n\t<meta property=\"og:image:type\" content=\"image\/jpeg\" \/>\n<meta name=\"author\" content=\"Jeanette\" \/>\n<meta name=\"twitter:card\" content=\"summary_large_image\" \/>\n<meta name=\"twitter:creator\" content=\"@eldiario_net\" \/>\n<meta name=\"twitter:site\" content=\"@eldiario_net\" \/>\n<meta name=\"twitter:label1\" content=\"Escrito por\" \/>\n\t<meta name=\"twitter:data1\" content=\"Jeanette\" \/>\n\t<meta name=\"twitter:label2\" content=\"Tiempo de lectura\" \/>\n\t<meta name=\"twitter:data2\" content=\"1 minuto\" \/>\n<script type=\"application\/ld+json\" class=\"yoast-schema-graph\">{\"@context\":\"https:\\\/\\\/schema.org\",\"@graph\":[{\"@type\":\"Article\",\"@id\":\"https:\\\/\\\/www.eldiario.net\\\/portal\\\/2025\\\/04\\\/06\\\/el-rey-de-reyes-una-nueva-pelicula-sobre-la-vida-de-jesus\\\/#article\",\"isPartOf\":{\"@id\":\"https:\\\/\\\/www.eldiario.net\\\/portal\\\/2025\\\/04\\\/06\\\/el-rey-de-reyes-una-nueva-pelicula-sobre-la-vida-de-jesus\\\/\"},\"author\":{\"name\":\"Jeanette\",\"@id\":\"https:\\\/\\\/www.eldiario.net\\\/portal\\\/#\\\/schema\\\/person\\\/f46445640444750d7d753ccd04ae01b7\"},\"headline\":\"El Rey de Reyes: Una Nueva Pel\u00edcula Sobre la Vida de Jes\u00fas\",\"datePublished\":\"2025-04-06T11:49:01+00:00\",\"mainEntityOfPage\":{\"@id\":\"https:\\\/\\\/www.eldiario.net\\\/portal\\\/2025\\\/04\\\/06\\\/el-rey-de-reyes-una-nueva-pelicula-sobre-la-vida-de-jesus\\\/\"},\"wordCount\":383,\"publisher\":{\"@id\":\"https:\\\/\\\/www.eldiario.net\\\/portal\\\/#organization\"},\"image\":{\"@id\":\"https:\\\/\\\/www.eldiario.net\\\/portal\\\/2025\\\/04\\\/06\\\/el-rey-de-reyes-una-nueva-pelicula-sobre-la-vida-de-jesus\\\/#primaryimage\"},\"thumbnailUrl\":\"https:\\\/\\\/www.eldiario.net\\\/portal\\\/wp-content\\\/uploads\\\/2025\\\/04\\\/El-Rey-de-Reyes-Una-Nueva-Pelicula-Sobre-la-Vida-de-Jesus-5.jpg\",\"articleSection\":[\"Cine Mundo\"],\"inLanguage\":\"es\"},{\"@type\":\"WebPage\",\"@id\":\"https:\\\/\\\/www.eldiario.net\\\/portal\\\/2025\\\/04\\\/06\\\/el-rey-de-reyes-una-nueva-pelicula-sobre-la-vida-de-jesus\\\/\",\"url\":\"https:\\\/\\\/www.eldiario.net\\\/portal\\\/2025\\\/04\\\/06\\\/el-rey-de-reyes-una-nueva-pelicula-sobre-la-vida-de-jesus\\\/\",\"name\":\"El Rey de Reyes: Una Nueva Pel\u00edcula Sobre la Vida de Jes\u00fas - El Diario - Bolivia\",\"isPartOf\":{\"@id\":\"https:\\\/\\\/www.eldiario.net\\\/portal\\\/#website\"},\"primaryImageOfPage\":{\"@id\":\"https:\\\/\\\/www.eldiario.net\\\/portal\\\/2025\\\/04\\\/06\\\/el-rey-de-reyes-una-nueva-pelicula-sobre-la-vida-de-jesus\\\/#primaryimage\"},\"image\":{\"@id\":\"https:\\\/\\\/www.eldiario.net\\\/portal\\\/2025\\\/04\\\/06\\\/el-rey-de-reyes-una-nueva-pelicula-sobre-la-vida-de-jesus\\\/#primaryimage\"},\"thumbnailUrl\":\"https:\\\/\\\/www.eldiario.net\\\/portal\\\/wp-content\\\/uploads\\\/2025\\\/04\\\/El-Rey-de-Reyes-Una-Nueva-Pelicula-Sobre-la-Vida-de-Jesus-5.jpg\",\"datePublished\":\"2025-04-06T11:49:01+00:00\",\"breadcrumb\":{\"@id\":\"https:\\\/\\\/www.eldiario.net\\\/portal\\\/2025\\\/04\\\/06\\\/el-rey-de-reyes-una-nueva-pelicula-sobre-la-vida-de-jesus\\\/#breadcrumb\"},\"inLanguage\":\"es\",\"potentialAction\":[{\"@type\":\"ReadAction\",\"target\":[\"https:\\\/\\\/www.eldiario.net\\\/portal\\\/2025\\\/04\\\/06\\\/el-rey-de-reyes-una-nueva-pelicula-sobre-la-vida-de-jesus\\\/\"]}]},{\"@type\":\"ImageObject\",\"inLanguage\":\"es\",\"@id\":\"https:\\\/\\\/www.eldiario.net\\\/portal\\\/2025\\\/04\\\/06\\\/el-rey-de-reyes-una-nueva-pelicula-sobre-la-vida-de-jesus\\\/#primaryimage\",\"url\":\"https:\\\/\\\/www.eldiario.net\\\/portal\\\/wp-content\\\/uploads\\\/2025\\\/04\\\/El-Rey-de-Reyes-Una-Nueva-Pelicula-Sobre-la-Vida-de-Jesus-5.jpg\",\"contentUrl\":\"https:\\\/\\\/www.eldiario.net\\\/portal\\\/wp-content\\\/uploads\\\/2025\\\/04\\\/El-Rey-de-Reyes-Una-Nueva-Pelicula-Sobre-la-Vida-de-Jesus-5.jpg\",\"width\":1080,\"height\":1586},{\"@type\":\"BreadcrumbList\",\"@id\":\"https:\\\/\\\/www.eldiario.net\\\/portal\\\/2025\\\/04\\\/06\\\/el-rey-de-reyes-una-nueva-pelicula-sobre-la-vida-de-jesus\\\/#breadcrumb\",\"itemListElement\":[{\"@type\":\"ListItem\",\"position\":1,\"name\":\"Portada\",\"item\":\"https:\\\/\\\/www.eldiario.net\\\/portal\\\/\"},{\"@type\":\"ListItem\",\"position\":2,\"name\":\"El Rey de Reyes: Una Nueva Pel\u00edcula Sobre la Vida de Jes\u00fas\"}]},{\"@type\":\"WebSite\",\"@id\":\"https:\\\/\\\/www.eldiario.net\\\/portal\\\/#website\",\"url\":\"https:\\\/\\\/www.eldiario.net\\\/portal\\\/\",\"name\":\"El Diario - Decano de la prensa nacional\",\"description\":\"El Diario - Decano de la prensa nacional\",\"publisher\":{\"@id\":\"https:\\\/\\\/www.eldiario.net\\\/portal\\\/#organization\"},\"potentialAction\":[{\"@type\":\"SearchAction\",\"target\":{\"@type\":\"EntryPoint\",\"urlTemplate\":\"https:\\\/\\\/www.eldiario.net\\\/portal\\\/?s={search_term_string}\"},\"query-input\":{\"@type\":\"PropertyValueSpecification\",\"valueRequired\":true,\"valueName\":\"search_term_string\"}}],\"inLanguage\":\"es\"},{\"@type\":\"Organization\",\"@id\":\"https:\\\/\\\/www.eldiario.net\\\/portal\\\/#organization\",\"name\":\"El Diario - Decano de la prensa nacional\",\"url\":\"https:\\\/\\\/www.eldiario.net\\\/portal\\\/\",\"logo\":{\"@type\":\"ImageObject\",\"inLanguage\":\"es\",\"@id\":\"https:\\\/\\\/www.eldiario.net\\\/portal\\\/#\\\/schema\\\/logo\\\/image\\\/\",\"url\":\"https:\\\/\\\/www.eldiario.net\\\/portal\\\/wp-content\\\/uploads\\\/2023\\\/07\\\/logo_ED.jpg\",\"contentUrl\":\"https:\\\/\\\/www.eldiario.net\\\/portal\\\/wp-content\\\/uploads\\\/2023\\\/07\\\/logo_ED.jpg\",\"width\":272,\"height\":52,\"caption\":\"El Diario - Decano de la prensa nacional\"},\"image\":{\"@id\":\"https:\\\/\\\/www.eldiario.net\\\/portal\\\/#\\\/schema\\\/logo\\\/image\\\/\"},\"sameAs\":[\"https:\\\/\\\/www.facebook.com\\\/eldiario.bolivia\\\/\",\"https:\\\/\\\/x.com\\\/eldiario_net\"]},{\"@type\":\"Person\",\"@id\":\"https:\\\/\\\/www.eldiario.net\\\/portal\\\/#\\\/schema\\\/person\\\/f46445640444750d7d753ccd04ae01b7\",\"name\":\"Jeanette\",\"image\":{\"@type\":\"ImageObject\",\"inLanguage\":\"es\",\"@id\":\"https:\\\/\\\/secure.gravatar.com\\\/avatar\\\/3ea2118a5f7dad2b7138b1187a6b7ee55f160b9968b66013c3a3ef39dd7e5798?s=96&d=mm&r=g\",\"url\":\"https:\\\/\\\/secure.gravatar.com\\\/avatar\\\/3ea2118a5f7dad2b7138b1187a6b7ee55f160b9968b66013c3a3ef39dd7e5798?s=96&d=mm&r=g\",\"contentUrl\":\"https:\\\/\\\/secure.gravatar.com\\\/avatar\\\/3ea2118a5f7dad2b7138b1187a6b7ee55f160b9968b66013c3a3ef39dd7e5798?s=96&d=mm&r=g\",\"caption\":\"Jeanette\"},\"sameAs\":[\"https:\\\/\\\/www.eldiario.net\\\/portal\"],\"url\":\"https:\\\/\\\/www.eldiario.net\\\/portal\\\/author\\\/jeanette\\\/\"}]}<\/script>\n<!-- \/ Yoast SEO plugin. -->","yoast_head_json":{"title":"El Rey de Reyes: Una Nueva Pel\u00edcula Sobre la Vida de Jes\u00fas - El Diario - Bolivia","robots":{"index":"index","follow":"follow","max-snippet":"max-snippet:-1","max-image-preview":"max-image-preview:large","max-video-preview":"max-video-preview:-1"},"canonical":"https:\/\/www.eldiario.net\/portal\/2025\/04\/06\/el-rey-de-reyes-una-nueva-pelicula-sobre-la-vida-de-jesus\/","og_locale":"es_ES","og_type":"article","og_title":"El Rey de Reyes: Una Nueva Pel\u00edcula Sobre la Vida de Jes\u00fas - El Diario - Bolivia","og_description":"El 10 de abril de 2025 marcar\u00e1 el debut de la pel\u00edcula de fe \u201cEl Rey de Reyes\u201d, una nueva pel\u00edcula animada que reimagina la vida de Jes\u00fas. Producida por Mofac Animation Studios y distribuida globalmente por Angel Studios, esta ambiciosa producci\u00f3n cuenta con un elenco estelar encabezado por Oscar Isaac, quien dar\u00e1 vida a [&hellip;]","og_url":"https:\/\/www.eldiario.net\/portal\/2025\/04\/06\/el-rey-de-reyes-una-nueva-pelicula-sobre-la-vida-de-jesus\/","og_site_name":"El Diario - Bolivia","article_publisher":"https:\/\/www.facebook.com\/eldiario.bolivia\/","article_published_time":"2025-04-06T11:49:01+00:00","og_image":[{"width":1080,"height":1586,"url":"https:\/\/www.eldiario.net\/portal\/wp-content\/uploads\/2025\/04\/El-Rey-de-Reyes-Una-Nueva-Pelicula-Sobre-la-Vida-de-Jesus-5.jpg","type":"image\/jpeg"}],"author":"Jeanette","twitter_card":"summary_large_image","twitter_creator":"@eldiario_net","twitter_site":"@eldiario_net","twitter_misc":{"Escrito por":"Jeanette","Tiempo de lectura":"1 minuto"},"schema":{"@context":"https:\/\/schema.org","@graph":[{"@type":"Article","@id":"https:\/\/www.eldiario.net\/portal\/2025\/04\/06\/el-rey-de-reyes-una-nueva-pelicula-sobre-la-vida-de-jesus\/#article","isPartOf":{"@id":"https:\/\/www.eldiario.net\/portal\/2025\/04\/06\/el-rey-de-reyes-una-nueva-pelicula-sobre-la-vida-de-jesus\/"},"author":{"name":"Jeanette","@id":"https:\/\/www.eldiario.net\/portal\/#\/schema\/person\/f46445640444750d7d753ccd04ae01b7"},"headline":"El Rey de Reyes: Una Nueva Pel\u00edcula Sobre la Vida de Jes\u00fas","datePublished":"2025-04-06T11:49:01+00:00","mainEntityOfPage":{"@id":"https:\/\/www.eldiario.net\/portal\/2025\/04\/06\/el-rey-de-reyes-una-nueva-pelicula-sobre-la-vida-de-jesus\/"},"wordCount":383,"publisher":{"@id":"https:\/\/www.eldiario.net\/portal\/#organization"},"image":{"@id":"https:\/\/www.eldiario.net\/portal\/2025\/04\/06\/el-rey-de-reyes-una-nueva-pelicula-sobre-la-vida-de-jesus\/#primaryimage"},"thumbnailUrl":"https:\/\/www.eldiario.net\/portal\/wp-content\/uploads\/2025\/04\/El-Rey-de-Reyes-Una-Nueva-Pelicula-Sobre-la-Vida-de-Jesus-5.jpg","articleSection":["Cine Mundo"],"inLanguage":"es"},{"@type":"WebPage","@id":"https:\/\/www.eldiario.net\/portal\/2025\/04\/06\/el-rey-de-reyes-una-nueva-pelicula-sobre-la-vida-de-jesus\/","url":"https:\/\/www.eldiario.net\/portal\/2025\/04\/06\/el-rey-de-reyes-una-nueva-pelicula-sobre-la-vida-de-jesus\/","name":"El Rey de Reyes: Una Nueva Pel\u00edcula Sobre la Vida de Jes\u00fas - El Diario - Bolivia","isPartOf":{"@id":"https:\/\/www.eldiario.net\/portal\/#website"},"primaryImageOfPage":{"@id":"https:\/\/www.eldiario.net\/portal\/2025\/04\/06\/el-rey-de-reyes-una-nueva-pelicula-sobre-la-vida-de-jesus\/#primaryimage"},"image":{"@id":"https:\/\/www.eldiario.net\/portal\/2025\/04\/06\/el-rey-de-reyes-una-nueva-pelicula-sobre-la-vida-de-jesus\/#primaryimage"},"thumbnailUrl":"https:\/\/www.eldiario.net\/portal\/wp-content\/uploads\/2025\/04\/El-Rey-de-Reyes-Una-Nueva-Pelicula-Sobre-la-Vida-de-Jesus-5.jpg","datePublished":"2025-04-06T11:49:01+00:00","breadcrumb":{"@id":"https:\/\/www.eldiario.net\/portal\/2025\/04\/06\/el-rey-de-reyes-una-nueva-pelicula-sobre-la-vida-de-jesus\/#breadcrumb"},"inLanguage":"es","potentialAction":[{"@type":"ReadAction","target":["https:\/\/www.eldiario.net\/portal\/2025\/04\/06\/el-rey-de-reyes-una-nueva-pelicula-sobre-la-vida-de-jesus\/"]}]},{"@type":"ImageObject","inLanguage":"es","@id":"https:\/\/www.eldiario.net\/portal\/2025\/04\/06\/el-rey-de-reyes-una-nueva-pelicula-sobre-la-vida-de-jesus\/#primaryimage","url":"https:\/\/www.eldiario.net\/portal\/wp-content\/uploads\/2025\/04\/El-Rey-de-Reyes-Una-Nueva-Pelicula-Sobre-la-Vida-de-Jesus-5.jpg","contentUrl":"https:\/\/www.eldiario.net\/portal\/wp-content\/uploads\/2025\/04\/El-Rey-de-Reyes-Una-Nueva-Pelicula-Sobre-la-Vida-de-Jesus-5.jpg","width":1080,"height":1586},{"@type":"BreadcrumbList","@id":"https:\/\/www.eldiario.net\/portal\/2025\/04\/06\/el-rey-de-reyes-una-nueva-pelicula-sobre-la-vida-de-jesus\/#breadcrumb","itemListElement":[{"@type":"ListItem","position":1,"name":"Portada","item":"https:\/\/www.eldiario.net\/portal\/"},{"@type":"ListItem","position":2,"name":"El Rey de Reyes: Una Nueva Pel\u00edcula Sobre la Vida de Jes\u00fas"}]},{"@type":"WebSite","@id":"https:\/\/www.eldiario.net\/portal\/#website","url":"https:\/\/www.eldiario.net\/portal\/","name":"El Diario - Decano de la prensa nacional","description":"El Diario - Decano de la prensa nacional","publisher":{"@id":"https:\/\/www.eldiario.net\/portal\/#organization"},"potentialAction":[{"@type":"SearchAction","target":{"@type":"EntryPoint","urlTemplate":"https:\/\/www.eldiario.net\/portal\/?s={search_term_string}"},"query-input":{"@type":"PropertyValueSpecification","valueRequired":true,"valueName":"search_term_string"}}],"inLanguage":"es"},{"@type":"Organization","@id":"https:\/\/www.eldiario.net\/portal\/#organization","name":"El Diario - Decano de la prensa nacional","url":"https:\/\/www.eldiario.net\/portal\/","logo":{"@type":"ImageObject","inLanguage":"es","@id":"https:\/\/www.eldiario.net\/portal\/#\/schema\/logo\/image\/","url":"https:\/\/www.eldiario.net\/portal\/wp-content\/uploads\/2023\/07\/logo_ED.jpg","contentUrl":"https:\/\/www.eldiario.net\/portal\/wp-content\/uploads\/2023\/07\/logo_ED.jpg","width":272,"height":52,"caption":"El Diario - Decano de la prensa nacional"},"image":{"@id":"https:\/\/www.eldiario.net\/portal\/#\/schema\/logo\/image\/"},"sameAs":["https:\/\/www.facebook.com\/eldiario.bolivia\/","https:\/\/x.com\/eldiario_net"]},{"@type":"Person","@id":"https:\/\/www.eldiario.net\/portal\/#\/schema\/person\/f46445640444750d7d753ccd04ae01b7","name":"Jeanette","image":{"@type":"ImageObject","inLanguage":"es","@id":"https:\/\/secure.gravatar.com\/avatar\/3ea2118a5f7dad2b7138b1187a6b7ee55f160b9968b66013c3a3ef39dd7e5798?s=96&d=mm&r=g","url":"https:\/\/secure.gravatar.com\/avatar\/3ea2118a5f7dad2b7138b1187a6b7ee55f160b9968b66013c3a3ef39dd7e5798?s=96&d=mm&r=g","contentUrl":"https:\/\/secure.gravatar.com\/avatar\/3ea2118a5f7dad2b7138b1187a6b7ee55f160b9968b66013c3a3ef39dd7e5798?s=96&d=mm&r=g","caption":"Jeanette"},"sameAs":["https:\/\/www.eldiario.net\/portal"],"url":"https:\/\/www.eldiario.net\/portal\/author\/jeanette\/"}]}},"_links":{"self":[{"href":"https:\/\/www.eldiario.net\/portal\/wp-json\/wp\/v2\/posts\/293495","targetHints":{"allow":["GET"]}}],"collection":[{"href":"https:\/\/www.eldiario.net\/portal\/wp-json\/wp\/v2\/posts"}],"about":[{"href":"https:\/\/www.eldiario.net\/portal\/wp-json\/wp\/v2\/types\/post"}],"author":[{"embeddable":true,"href":"https:\/\/www.eldiario.net\/portal\/wp-json\/wp\/v2\/users\/1"}],"replies":[{"embeddable":true,"href":"https:\/\/www.eldiario.net\/portal\/wp-json\/wp\/v2\/comments?post=293495"}],"version-history":[{"count":1,"href":"https:\/\/www.eldiario.net\/portal\/wp-json\/wp\/v2\/posts\/293495\/revisions"}],"predecessor-version":[{"id":293501,"href":"https:\/\/www.eldiario.net\/portal\/wp-json\/wp\/v2\/posts\/293495\/revisions\/293501"}],"wp:featuredmedia":[{"embeddable":true,"href":"https:\/\/www.eldiario.net\/portal\/wp-json\/wp\/v2\/media\/293496"}],"wp:attachment":[{"href":"https:\/\/www.eldiario.net\/portal\/wp-json\/wp\/v2\/media?parent=293495"}],"wp:term":[{"taxonomy":"category","embeddable":true,"href":"https:\/\/www.eldiario.net\/portal\/wp-json\/wp\/v2\/categories?post=293495"},{"taxonomy":"post_tag","embeddable":true,"href":"https:\/\/www.eldiario.net\/portal\/wp-json\/wp\/v2\/tags?post=293495"}],"curies":[{"name":"wp","href":"https:\/\/api.w.org\/{rel}","templated":true}]}}