{"id":293488,"date":"2025-04-06T07:46:23","date_gmt":"2025-04-06T11:46:23","guid":{"rendered":"https:\/\/www.eldiario.net\/portal\/?p=293488"},"modified":"2025-04-06T07:46:23","modified_gmt":"2025-04-06T11:46:23","slug":"la-produccion-de-codigo-negro","status":"publish","type":"post","link":"https:\/\/www.eldiario.net\/portal\/2025\/04\/06\/la-produccion-de-codigo-negro\/","title":{"rendered":"La producci\u00f3n de Codigo Negro"},"content":{"rendered":"<p>Desde que se conocieron hace 30 a\u00f1os, Steven Soderbergh y David Koepp se han vuelto dos de los cineastas m\u00e1s exitosos de Hollywood, con una serie de \u00e9xitos de la cr\u00edtica y \u00e9xitos comerciales que rara vez ha sido igualada. En esta \u00faltima pel\u00edcula, C\u00f3digo Negro, es la tercera vez que hacen equipo como director y escritor respectivamente, es un drama de espionaje poco convencional que lleva al p\u00fablico tras los bastidores de una b\u00fasqueda ultrasecreta de un doble agente y en las vidas personales de dos agentes de espionaje de \u00e9lite, que adem\u00e1s est\u00e1n apasionadamente enamorados.<br \/>\nLa clave del \u00e9xito de sus colaboraciones es lo que Soderbergh describe como la misma cantidad de respeto y falta de respeto que hay entre ellos. \u201cObviamente, David es muy bueno en su trabajo y creo que en general le gusta c\u00f3mo dirijo\u201d, explica. \u201cSabiendo eso, nos sentimos c\u00f3modos siendo honestamente cr\u00edticos el uno con el otro. Ninguno de los dos siente la necesidad de ofuscarse\u201d.<br \/>\nLa idea para C\u00f3digo Negro se le ocurri\u00f3 a Koepp mientras hac\u00eda trabajo de investigaci\u00f3n para el primer cap\u00edtulo de la taquillera franquicia de Misi\u00f3n: Imposible. Entrevist\u00f3 a varios agentes de inteligencia y qued\u00f3 fascinado por sus vidas personales. \u201cTodo el asunto del espionaje era muy cool, pero aprend\u00ed m\u00e1s de lo que esperaba sobre la gente\u201d, expresa. \u201cUna mujer me dijo que su trabajo le imped\u00eda mantener una relaci\u00f3n amarosa. Una frase de la pel\u00edcula est\u00e1 inspirada en mis conversaciones con ella: \u2018Cuando puedes mentir sobre todo, \u00bfc\u00f3mo puedes decir la verdad sobre algo?\u2019\u201d.<br \/>\nEsa idea se le qued\u00f3 grabada. \u201cPi\u00e9nsalo: Si quieres tener una aventura amorosa, no podr\u00eda ser m\u00e1s f\u00e1cil. S\u00f3lo tienes que decir: \u2018Estar\u00e9 fuera tres d\u00edas y no puedes preguntarme ad\u00f3nde voy, porque no tienes autorizaci\u00f3n\u2019. No puedes confiar en la gente y la gente no puede confiar en ti. Para George y Kathryn, la informaci\u00f3n confidencial que no pueden compartir va a parar a lo que ellos llaman su \u2018C\u00f3digo Negro\u2019\u201d.<br \/>\nSoderbergh siempre est\u00e1 buscando un guion que sea inteligente y tenga el potencial de ser una pel\u00edcula comercial impulsada por las estrellas de cine. \u201cMe encanta que sea inteligente, como muchos de los guiones de David. Y quiero que mi trabajo lo vea el mayor n\u00famero de gente posible. C\u00f3digo Negro parec\u00eda ser el mismo tipo de oportunidad que presentaron las pel\u00edculas de Ocean&#8217;s\u201d.<br \/>\nUna de las mejores cualidades de Soderbergh como director es, en opini\u00f3n de Koepp, que es muy decidido. \u201cDe lo contrario, podr\u00eda ahogarse en posibilidades. Tampoco le asustan las contradicciones. En el mundo del espionaje, todo es ambiguo: todo es un rompecabezas\u201d.<br \/>\nEl cambio m\u00e1s significativo que Soderbergh sugiri\u00f3 durante el desarrollo fue trasladar la historia de Estados Unidos al Reino Unido, donde todos los personajes principales trabajan para el Centro Nacional de Contrainteligencia y Seguridad (NCSC, por sus siglas en ingl\u00e9s). El NCSC, una divisi\u00f3n del Cuartel General de Comunicaciones del Gobierno (GCHQ por sus siglas en ingl\u00e9s), se centra en la inteligencia extra\u00edda de la tecnolog\u00eda, a diferencia de sus socios, el MI5 y el MI6 (este \u00faltimo, famoso por ser el hogar de James Bond), que recopila informaci\u00f3n de las personas. \u201cMe pareci\u00f3 un lugar m\u00e1s fresco para esta historia, aunque s\u00f3lo fuera porque parece que hay muchas series y pel\u00edculas ambientadas en el mundo de la inteligencia estadounidense\u201d, afirma. \u201cLondres es una ciudad que me parece muy cinematogr\u00e1fica. Y David estuvo de acuerdo con eso\u201d.<br \/>\nAl principio de la pel\u00edcula, a George le dan una lista con cinco nombres, todos ellos sospechosos de ser el traidor. Todos ellos provienen de los rangos m\u00e1s elitistas de la agencia. \u201cCada uno de ellos est\u00e1 al tanto de Severus\u201d, dice Soderbergh. \u201cCada uno de ellos tiene el permiso de seguridad que les permite el acceso. Nadie m\u00e1s lo sabe. Ellos son sospechosos simplemente porque tienen conocimiento de ello\u201d.<br \/>\n\u201cHay un traidor en la cima de la organizaci\u00f3n\u201d, a\u00f1ade Koepp. \u201cNadie est\u00e1 libre de sospecha. Sorprendentemente, una de las sospechosas es Kathryn. Yo nunca hab\u00eda visto una historia igual. Quer\u00eda saber c\u00f3mo dos personas que sienten una gran devoci\u00f3n el uno por el otro podr\u00edan enfrentarse a eso\u201d.<br \/>\nAmbos miembros de la pareja se mantienen esquivos, incluso misteriosos entre ellos, lo que alimenta su pasi\u00f3n. \u201cEs un contexto interesante para explorar la idea de la traici\u00f3n\u201d, comenta el director. \u201cLa fuente de la mayor\u00eda de los conflictos en el mundo es alguien que se siente traicionado o que se ha roto la confianza. En esta situaci\u00f3n, ambos personajes principales tienen una especie de carta de libertad, porque no s\u00f3lo no est\u00e1n obligados a compartirlo todo, sino que en algunos casos tienen prohibido hacerlo\u201d.<br \/>\nEl centro de la conspiraci\u00f3n que George debe investigar es Severus, un programa maligno capaz de desestabilizar por completo una instalaci\u00f3n nuclear. \u201cSeverus es un truco sucio que la agencia quiere mantener en secreto\u201d, explica Koepp. \u201cDe hecho, muchos pa\u00edses ya han desarrollado software destructivo que puede introducirse en la infraestructura de un enemigo con resultados devastadores. Tal vez el m\u00e1s famoso sea el gusano llamado Stuxnet, que se introdujo en los reactores nucleares iran\u00edes y gener\u00f3 fallas en algunos de sus componentes\u201d.<br \/>\nLos thrillers pol\u00edticos convencionales suelen situar un posible incidente de gran escala en el centro de la historia, como se\u00f1ala Soderbergh. \u201cSeverus funciona como un incidente provocador, pero lo m\u00e1s importante es que es una forma de hablar de lo que haces si crees que tu c\u00f3nyuge est\u00e1 violando el acuerdo t\u00e1cito que hicieron el uno con el otro\u201d, a\u00f1ade.<br \/>\nKoepp admite sin reservas que las pel\u00edculas de esp\u00edas est\u00e1n entre sus g\u00e9neros favoritos a la hora de escribir. \u201cLa gente miente\u201d, expresa. \u201cLo que est\u00e1 en juego es impresionante; no hay nada m\u00e1s divertido de lo que escribir, que eso. Tenemos toda la acci\u00f3n, el suspenso y la tensi\u00f3n que el p\u00fablico quiere de una historia de esp\u00edas, adem\u00e1s de unos personajes convincentes y complejos. Por momentos, C\u00f3digo Negro de vuelve algo m\u00e1s parecido a Who\u2019s Afraid of Virginia Woolf? que a Mission: Impossible. En gran parte, eso es a lo que responder\u00e1 el p\u00fablico. Me record\u00f3 a algunas de las grandes pel\u00edculas de los setenta como Klute y All the Persident&#8217;s Men, que estaban impregnadas de paranoia y enga\u00f1o. La sensaci\u00f3n de que te estaban mintiendo era muy fuerte en aquella \u00e9poca, y tambi\u00e9n lo es en esta historia\u201d.<\/p>\n\r\n                <style type=\"text\/css\">\r\n                    \r\n                    #tdi_1  .td-doubleSlider-2 .td-item1 {\r\n                        background: url(https:\/\/www.eldiario.net\/portal\/wp-content\/uploads\/2025\/04\/La-produccion-de-Codigo-Negro-2-80x60.jpg) 0 0 no-repeat;\r\n                    }\r\n                    #tdi_1  .td-doubleSlider-2 .td-item2 {\r\n                        background: url(https:\/\/www.eldiario.net\/portal\/wp-content\/uploads\/2025\/04\/La-produccion-de-Codigo-Negro-80x60.jpg) 0 0 no-repeat;\r\n                    }\r\n                <\/style>\r\n\r\n                <div id=\"tdi_1\" class=\"td-gallery td-slide-on-2-columns\">\r\n                    <div class=\"post_td_gallery\">\r\n                        <div class=\"td-gallery-slide-top\">\r\n                           <div class=\"td-gallery-title\"><\/div>\r\n\r\n                            <div class=\"td-gallery-controls-wrapper\">\r\n                                <div class=\"td-gallery-slide-count\"><span class=\"td-gallery-slide-item-focus\">1<\/span> de 2<\/div>\r\n                                <div class=\"td-gallery-slide-prev-next-but\">\r\n                                    <i class = \"td-icon-left doubleSliderPrevButton\"><\/i>\r\n                                    <i class = \"td-icon-right doubleSliderNextButton\"><\/i>\r\n                                <\/div>\r\n                            <\/div>\r\n                        <\/div>\r\n\r\n                        <div class = \"td-doubleSlider-1 \">\r\n                            <div class = \"td-slider\">\r\n                                \r\n                    <div class = \"td-slide-item td-item1\">\r\n                        <figure class=\"td-slide-galery-figure td-slide-popup-gallery\">\r\n                            <a class=\"slide-gallery-image-link\" href=\"https:\/\/www.eldiario.net\/portal\/wp-content\/uploads\/2025\/04\/La-produccion-de-Codigo-Negro-2.jpg\" title=\"La producci\u00f3n de Codigo Negro (2)\"  data-caption=\"\"  data-description=\"\">\r\n                                <img decoding=\"async\" src=\"https:\/\/www.eldiario.net\/portal\/wp-content\/uploads\/2025\/04\/La-produccion-de-Codigo-Negro-2-1111x420.jpg\" srcset=\"https:\/\/www.eldiario.net\/portal\/wp-content\/uploads\/2025\/04\/La-produccion-de-Codigo-Negro-2-1111x420.jpg 1111w, https:\/\/www.eldiario.net\/portal\/wp-content\/uploads\/2025\/04\/La-produccion-de-Codigo-Negro-2-300x113.jpg 300w, https:\/\/www.eldiario.net\/portal\/wp-content\/uploads\/2025\/04\/La-produccion-de-Codigo-Negro-2-1024x387.jpg 1024w, https:\/\/www.eldiario.net\/portal\/wp-content\/uploads\/2025\/04\/La-produccion-de-Codigo-Negro-2-768x290.jpg 768w, https:\/\/www.eldiario.net\/portal\/wp-content\/uploads\/2025\/04\/La-produccion-de-Codigo-Negro-2-696x263.jpg 696w, https:\/\/www.eldiario.net\/portal\/wp-content\/uploads\/2025\/04\/La-produccion-de-Codigo-Negro-2-1068x404.jpg 1068w, https:\/\/www.eldiario.net\/portal\/wp-content\/uploads\/2025\/04\/La-produccion-de-Codigo-Negro-2.jpg 1280w\" sizes=\"(max-width: 1111px) 100vw, 1111px\" alt=\"\">\r\n                            <\/a>\r\n                            \r\n                        <\/figure>\r\n                    <\/div>\r\n                    <div class = \"td-slide-item td-item2\">\r\n                        <figure class=\"td-slide-galery-figure td-slide-popup-gallery\">\r\n                            <a class=\"slide-gallery-image-link\" href=\"https:\/\/www.eldiario.net\/portal\/wp-content\/uploads\/2025\/04\/La-produccion-de-Codigo-Negro.jpg\" title=\"La producci\u00f3n de Codigo Negro\"  data-caption=\"\"  data-description=\"\">\r\n                                <img decoding=\"async\" src=\"https:\/\/www.eldiario.net\/portal\/wp-content\/uploads\/2025\/04\/La-produccion-de-Codigo-Negro-747x420.jpg\" srcset=\"https:\/\/www.eldiario.net\/portal\/wp-content\/uploads\/2025\/04\/La-produccion-de-Codigo-Negro-747x420.jpg 747w, https:\/\/www.eldiario.net\/portal\/wp-content\/uploads\/2025\/04\/La-produccion-de-Codigo-Negro-300x169.jpg 300w, https:\/\/www.eldiario.net\/portal\/wp-content\/uploads\/2025\/04\/La-produccion-de-Codigo-Negro-1024x576.jpg 1024w, https:\/\/www.eldiario.net\/portal\/wp-content\/uploads\/2025\/04\/La-produccion-de-Codigo-Negro-768x432.jpg 768w, https:\/\/www.eldiario.net\/portal\/wp-content\/uploads\/2025\/04\/La-produccion-de-Codigo-Negro-696x392.jpg 696w, https:\/\/www.eldiario.net\/portal\/wp-content\/uploads\/2025\/04\/La-produccion-de-Codigo-Negro-1068x601.jpg 1068w, https:\/\/www.eldiario.net\/portal\/wp-content\/uploads\/2025\/04\/La-produccion-de-Codigo-Negro.jpg 1280w\" sizes=\"(max-width: 747px) 100vw, 747px\" alt=\"\">\r\n                            <\/a>\r\n                            \r\n                        <\/figure>\r\n                    <\/div>\r\n                            <\/div>\r\n                        <\/div>\r\n\r\n                        <div class = \"td-doubleSlider-2\">\r\n                            <div class = \"td-slider\">\r\n                                \r\n                    <div class = \"td-button td-item1\">\r\n                        <div class = \"td-border\"><\/div>\r\n                    <\/div>\r\n                    <div class = \"td-button td-item2\">\r\n                        <div class = \"td-border\"><\/div>\r\n                    <\/div>\r\n                            <\/div>\r\n                        <\/div>\r\n\r\n                    <\/div>\r\n\r\n                <\/div>\r\n                \n","protected":false},"excerpt":{"rendered":"<p>Desde que se conocieron hace 30 a\u00f1os, Steven Soderbergh y David Koepp se han vuelto dos de los cineastas m\u00e1s exitosos de Hollywood, con una serie de \u00e9xitos de la cr\u00edtica y \u00e9xitos comerciales que rara vez ha sido igualada. En esta \u00faltima pel\u00edcula, C\u00f3digo Negro, es la tercera vez que hacen equipo como director [&hellip;]<\/p>\n","protected":false},"author":1,"featured_media":293490,"comment_status":"closed","ping_status":"open","sticky":false,"template":"","format":"standard","meta":{"_acf_changed":false,"footnotes":""},"categories":[45],"tags":[],"class_list":["post-293488","post","type-post","status-publish","format-standard","has-post-thumbnail","category-cine-mundo"],"acf":{"antetitulo":""},"yoast_head":"<!-- This site is optimized with the Yoast SEO plugin v28.3 - https:\/\/yoast.com\/product\/yoast-seo-wordpress\/ -->\n<title>La producci\u00f3n de Codigo Negro - El Diario - Bolivia<\/title>\n<meta name=\"robots\" content=\"index, follow, max-snippet:-1, max-image-preview:large, max-video-preview:-1\" \/>\n<link rel=\"canonical\" href=\"https:\/\/www.eldiario.net\/portal\/2025\/04\/06\/la-produccion-de-codigo-negro\/\" \/>\n<meta property=\"og:locale\" content=\"es_ES\" \/>\n<meta property=\"og:type\" content=\"article\" \/>\n<meta property=\"og:title\" content=\"La producci\u00f3n de Codigo Negro - El Diario - Bolivia\" \/>\n<meta property=\"og:description\" content=\"Desde que se conocieron hace 30 a\u00f1os, Steven Soderbergh y David Koepp se han vuelto dos de los cineastas m\u00e1s exitosos de Hollywood, con una serie de \u00e9xitos de la cr\u00edtica y \u00e9xitos comerciales que rara vez ha sido igualada. En esta \u00faltima pel\u00edcula, C\u00f3digo Negro, es la tercera vez que hacen equipo como director [&hellip;]\" \/>\n<meta property=\"og:url\" content=\"https:\/\/www.eldiario.net\/portal\/2025\/04\/06\/la-produccion-de-codigo-negro\/\" \/>\n<meta property=\"og:site_name\" content=\"El Diario - Bolivia\" \/>\n<meta property=\"article:publisher\" content=\"https:\/\/www.facebook.com\/eldiario.bolivia\/\" \/>\n<meta property=\"article:published_time\" content=\"2025-04-06T11:46:23+00:00\" \/>\n<meta property=\"og:image\" content=\"https:\/\/www.eldiario.net\/portal\/wp-content\/uploads\/2025\/04\/La-produccion-de-Codigo-Negro.jpg\" \/>\n\t<meta property=\"og:image:width\" content=\"1280\" \/>\n\t<meta property=\"og:image:height\" content=\"720\" \/>\n\t<meta property=\"og:image:type\" content=\"image\/jpeg\" \/>\n<meta name=\"author\" content=\"Jeanette\" \/>\n<meta name=\"twitter:card\" content=\"summary_large_image\" \/>\n<meta name=\"twitter:creator\" content=\"@eldiario_net\" \/>\n<meta name=\"twitter:site\" content=\"@eldiario_net\" \/>\n<meta name=\"twitter:label1\" content=\"Escrito por\" \/>\n\t<meta name=\"twitter:data1\" content=\"Jeanette\" \/>\n\t<meta name=\"twitter:label2\" content=\"Tiempo de lectura\" \/>\n\t<meta name=\"twitter:data2\" content=\"1 minuto\" \/>\n<script type=\"application\/ld+json\" class=\"yoast-schema-graph\">{\"@context\":\"https:\\\/\\\/schema.org\",\"@graph\":[{\"@type\":\"Article\",\"@id\":\"https:\\\/\\\/www.eldiario.net\\\/portal\\\/2025\\\/04\\\/06\\\/la-produccion-de-codigo-negro\\\/#article\",\"isPartOf\":{\"@id\":\"https:\\\/\\\/www.eldiario.net\\\/portal\\\/2025\\\/04\\\/06\\\/la-produccion-de-codigo-negro\\\/\"},\"author\":{\"name\":\"Jeanette\",\"@id\":\"https:\\\/\\\/www.eldiario.net\\\/portal\\\/#\\\/schema\\\/person\\\/f46445640444750d7d753ccd04ae01b7\"},\"headline\":\"La producci\u00f3n de Codigo Negro\",\"datePublished\":\"2025-04-06T11:46:23+00:00\",\"mainEntityOfPage\":{\"@id\":\"https:\\\/\\\/www.eldiario.net\\\/portal\\\/2025\\\/04\\\/06\\\/la-produccion-de-codigo-negro\\\/\"},\"wordCount\":1172,\"publisher\":{\"@id\":\"https:\\\/\\\/www.eldiario.net\\\/portal\\\/#organization\"},\"image\":{\"@id\":\"https:\\\/\\\/www.eldiario.net\\\/portal\\\/2025\\\/04\\\/06\\\/la-produccion-de-codigo-negro\\\/#primaryimage\"},\"thumbnailUrl\":\"https:\\\/\\\/www.eldiario.net\\\/portal\\\/wp-content\\\/uploads\\\/2025\\\/04\\\/La-produccion-de-Codigo-Negro.jpg\",\"articleSection\":[\"Cine Mundo\"],\"inLanguage\":\"es\"},{\"@type\":\"WebPage\",\"@id\":\"https:\\\/\\\/www.eldiario.net\\\/portal\\\/2025\\\/04\\\/06\\\/la-produccion-de-codigo-negro\\\/\",\"url\":\"https:\\\/\\\/www.eldiario.net\\\/portal\\\/2025\\\/04\\\/06\\\/la-produccion-de-codigo-negro\\\/\",\"name\":\"La producci\u00f3n de Codigo Negro - El Diario - Bolivia\",\"isPartOf\":{\"@id\":\"https:\\\/\\\/www.eldiario.net\\\/portal\\\/#website\"},\"primaryImageOfPage\":{\"@id\":\"https:\\\/\\\/www.eldiario.net\\\/portal\\\/2025\\\/04\\\/06\\\/la-produccion-de-codigo-negro\\\/#primaryimage\"},\"image\":{\"@id\":\"https:\\\/\\\/www.eldiario.net\\\/portal\\\/2025\\\/04\\\/06\\\/la-produccion-de-codigo-negro\\\/#primaryimage\"},\"thumbnailUrl\":\"https:\\\/\\\/www.eldiario.net\\\/portal\\\/wp-content\\\/uploads\\\/2025\\\/04\\\/La-produccion-de-Codigo-Negro.jpg\",\"datePublished\":\"2025-04-06T11:46:23+00:00\",\"breadcrumb\":{\"@id\":\"https:\\\/\\\/www.eldiario.net\\\/portal\\\/2025\\\/04\\\/06\\\/la-produccion-de-codigo-negro\\\/#breadcrumb\"},\"inLanguage\":\"es\",\"potentialAction\":[{\"@type\":\"ReadAction\",\"target\":[\"https:\\\/\\\/www.eldiario.net\\\/portal\\\/2025\\\/04\\\/06\\\/la-produccion-de-codigo-negro\\\/\"]}]},{\"@type\":\"ImageObject\",\"inLanguage\":\"es\",\"@id\":\"https:\\\/\\\/www.eldiario.net\\\/portal\\\/2025\\\/04\\\/06\\\/la-produccion-de-codigo-negro\\\/#primaryimage\",\"url\":\"https:\\\/\\\/www.eldiario.net\\\/portal\\\/wp-content\\\/uploads\\\/2025\\\/04\\\/La-produccion-de-Codigo-Negro.jpg\",\"contentUrl\":\"https:\\\/\\\/www.eldiario.net\\\/portal\\\/wp-content\\\/uploads\\\/2025\\\/04\\\/La-produccion-de-Codigo-Negro.jpg\",\"width\":1280,\"height\":720},{\"@type\":\"BreadcrumbList\",\"@id\":\"https:\\\/\\\/www.eldiario.net\\\/portal\\\/2025\\\/04\\\/06\\\/la-produccion-de-codigo-negro\\\/#breadcrumb\",\"itemListElement\":[{\"@type\":\"ListItem\",\"position\":1,\"name\":\"Portada\",\"item\":\"https:\\\/\\\/www.eldiario.net\\\/portal\\\/\"},{\"@type\":\"ListItem\",\"position\":2,\"name\":\"La producci\u00f3n de Codigo Negro\"}]},{\"@type\":\"WebSite\",\"@id\":\"https:\\\/\\\/www.eldiario.net\\\/portal\\\/#website\",\"url\":\"https:\\\/\\\/www.eldiario.net\\\/portal\\\/\",\"name\":\"El Diario - Decano de la prensa nacional\",\"description\":\"El Diario - Decano de la prensa nacional\",\"publisher\":{\"@id\":\"https:\\\/\\\/www.eldiario.net\\\/portal\\\/#organization\"},\"potentialAction\":[{\"@type\":\"SearchAction\",\"target\":{\"@type\":\"EntryPoint\",\"urlTemplate\":\"https:\\\/\\\/www.eldiario.net\\\/portal\\\/?s={search_term_string}\"},\"query-input\":{\"@type\":\"PropertyValueSpecification\",\"valueRequired\":true,\"valueName\":\"search_term_string\"}}],\"inLanguage\":\"es\"},{\"@type\":\"Organization\",\"@id\":\"https:\\\/\\\/www.eldiario.net\\\/portal\\\/#organization\",\"name\":\"El Diario - Decano de la prensa nacional\",\"url\":\"https:\\\/\\\/www.eldiario.net\\\/portal\\\/\",\"logo\":{\"@type\":\"ImageObject\",\"inLanguage\":\"es\",\"@id\":\"https:\\\/\\\/www.eldiario.net\\\/portal\\\/#\\\/schema\\\/logo\\\/image\\\/\",\"url\":\"https:\\\/\\\/www.eldiario.net\\\/portal\\\/wp-content\\\/uploads\\\/2023\\\/07\\\/logo_ED.jpg\",\"contentUrl\":\"https:\\\/\\\/www.eldiario.net\\\/portal\\\/wp-content\\\/uploads\\\/2023\\\/07\\\/logo_ED.jpg\",\"width\":272,\"height\":52,\"caption\":\"El Diario - Decano de la prensa nacional\"},\"image\":{\"@id\":\"https:\\\/\\\/www.eldiario.net\\\/portal\\\/#\\\/schema\\\/logo\\\/image\\\/\"},\"sameAs\":[\"https:\\\/\\\/www.facebook.com\\\/eldiario.bolivia\\\/\",\"https:\\\/\\\/x.com\\\/eldiario_net\"]},{\"@type\":\"Person\",\"@id\":\"https:\\\/\\\/www.eldiario.net\\\/portal\\\/#\\\/schema\\\/person\\\/f46445640444750d7d753ccd04ae01b7\",\"name\":\"Jeanette\",\"image\":{\"@type\":\"ImageObject\",\"inLanguage\":\"es\",\"@id\":\"https:\\\/\\\/secure.gravatar.com\\\/avatar\\\/3ea2118a5f7dad2b7138b1187a6b7ee55f160b9968b66013c3a3ef39dd7e5798?s=96&d=mm&r=g\",\"url\":\"https:\\\/\\\/secure.gravatar.com\\\/avatar\\\/3ea2118a5f7dad2b7138b1187a6b7ee55f160b9968b66013c3a3ef39dd7e5798?s=96&d=mm&r=g\",\"contentUrl\":\"https:\\\/\\\/secure.gravatar.com\\\/avatar\\\/3ea2118a5f7dad2b7138b1187a6b7ee55f160b9968b66013c3a3ef39dd7e5798?s=96&d=mm&r=g\",\"caption\":\"Jeanette\"},\"sameAs\":[\"https:\\\/\\\/www.eldiario.net\\\/portal\"],\"url\":\"https:\\\/\\\/www.eldiario.net\\\/portal\\\/author\\\/jeanette\\\/\"}]}<\/script>\n<!-- \/ Yoast SEO plugin. -->","yoast_head_json":{"title":"La producci\u00f3n de Codigo Negro - El Diario - Bolivia","robots":{"index":"index","follow":"follow","max-snippet":"max-snippet:-1","max-image-preview":"max-image-preview:large","max-video-preview":"max-video-preview:-1"},"canonical":"https:\/\/www.eldiario.net\/portal\/2025\/04\/06\/la-produccion-de-codigo-negro\/","og_locale":"es_ES","og_type":"article","og_title":"La producci\u00f3n de Codigo Negro - El Diario - Bolivia","og_description":"Desde que se conocieron hace 30 a\u00f1os, Steven Soderbergh y David Koepp se han vuelto dos de los cineastas m\u00e1s exitosos de Hollywood, con una serie de \u00e9xitos de la cr\u00edtica y \u00e9xitos comerciales que rara vez ha sido igualada. En esta \u00faltima pel\u00edcula, C\u00f3digo Negro, es la tercera vez que hacen equipo como director [&hellip;]","og_url":"https:\/\/www.eldiario.net\/portal\/2025\/04\/06\/la-produccion-de-codigo-negro\/","og_site_name":"El Diario - Bolivia","article_publisher":"https:\/\/www.facebook.com\/eldiario.bolivia\/","article_published_time":"2025-04-06T11:46:23+00:00","og_image":[{"width":1280,"height":720,"url":"https:\/\/www.eldiario.net\/portal\/wp-content\/uploads\/2025\/04\/La-produccion-de-Codigo-Negro.jpg","type":"image\/jpeg"}],"author":"Jeanette","twitter_card":"summary_large_image","twitter_creator":"@eldiario_net","twitter_site":"@eldiario_net","twitter_misc":{"Escrito por":"Jeanette","Tiempo de lectura":"1 minuto"},"schema":{"@context":"https:\/\/schema.org","@graph":[{"@type":"Article","@id":"https:\/\/www.eldiario.net\/portal\/2025\/04\/06\/la-produccion-de-codigo-negro\/#article","isPartOf":{"@id":"https:\/\/www.eldiario.net\/portal\/2025\/04\/06\/la-produccion-de-codigo-negro\/"},"author":{"name":"Jeanette","@id":"https:\/\/www.eldiario.net\/portal\/#\/schema\/person\/f46445640444750d7d753ccd04ae01b7"},"headline":"La producci\u00f3n de Codigo Negro","datePublished":"2025-04-06T11:46:23+00:00","mainEntityOfPage":{"@id":"https:\/\/www.eldiario.net\/portal\/2025\/04\/06\/la-produccion-de-codigo-negro\/"},"wordCount":1172,"publisher":{"@id":"https:\/\/www.eldiario.net\/portal\/#organization"},"image":{"@id":"https:\/\/www.eldiario.net\/portal\/2025\/04\/06\/la-produccion-de-codigo-negro\/#primaryimage"},"thumbnailUrl":"https:\/\/www.eldiario.net\/portal\/wp-content\/uploads\/2025\/04\/La-produccion-de-Codigo-Negro.jpg","articleSection":["Cine Mundo"],"inLanguage":"es"},{"@type":"WebPage","@id":"https:\/\/www.eldiario.net\/portal\/2025\/04\/06\/la-produccion-de-codigo-negro\/","url":"https:\/\/www.eldiario.net\/portal\/2025\/04\/06\/la-produccion-de-codigo-negro\/","name":"La producci\u00f3n de Codigo Negro - El Diario - Bolivia","isPartOf":{"@id":"https:\/\/www.eldiario.net\/portal\/#website"},"primaryImageOfPage":{"@id":"https:\/\/www.eldiario.net\/portal\/2025\/04\/06\/la-produccion-de-codigo-negro\/#primaryimage"},"image":{"@id":"https:\/\/www.eldiario.net\/portal\/2025\/04\/06\/la-produccion-de-codigo-negro\/#primaryimage"},"thumbnailUrl":"https:\/\/www.eldiario.net\/portal\/wp-content\/uploads\/2025\/04\/La-produccion-de-Codigo-Negro.jpg","datePublished":"2025-04-06T11:46:23+00:00","breadcrumb":{"@id":"https:\/\/www.eldiario.net\/portal\/2025\/04\/06\/la-produccion-de-codigo-negro\/#breadcrumb"},"inLanguage":"es","potentialAction":[{"@type":"ReadAction","target":["https:\/\/www.eldiario.net\/portal\/2025\/04\/06\/la-produccion-de-codigo-negro\/"]}]},{"@type":"ImageObject","inLanguage":"es","@id":"https:\/\/www.eldiario.net\/portal\/2025\/04\/06\/la-produccion-de-codigo-negro\/#primaryimage","url":"https:\/\/www.eldiario.net\/portal\/wp-content\/uploads\/2025\/04\/La-produccion-de-Codigo-Negro.jpg","contentUrl":"https:\/\/www.eldiario.net\/portal\/wp-content\/uploads\/2025\/04\/La-produccion-de-Codigo-Negro.jpg","width":1280,"height":720},{"@type":"BreadcrumbList","@id":"https:\/\/www.eldiario.net\/portal\/2025\/04\/06\/la-produccion-de-codigo-negro\/#breadcrumb","itemListElement":[{"@type":"ListItem","position":1,"name":"Portada","item":"https:\/\/www.eldiario.net\/portal\/"},{"@type":"ListItem","position":2,"name":"La producci\u00f3n de Codigo Negro"}]},{"@type":"WebSite","@id":"https:\/\/www.eldiario.net\/portal\/#website","url":"https:\/\/www.eldiario.net\/portal\/","name":"El Diario - Decano de la prensa nacional","description":"El Diario - Decano de la prensa nacional","publisher":{"@id":"https:\/\/www.eldiario.net\/portal\/#organization"},"potentialAction":[{"@type":"SearchAction","target":{"@type":"EntryPoint","urlTemplate":"https:\/\/www.eldiario.net\/portal\/?s={search_term_string}"},"query-input":{"@type":"PropertyValueSpecification","valueRequired":true,"valueName":"search_term_string"}}],"inLanguage":"es"},{"@type":"Organization","@id":"https:\/\/www.eldiario.net\/portal\/#organization","name":"El Diario - Decano de la prensa nacional","url":"https:\/\/www.eldiario.net\/portal\/","logo":{"@type":"ImageObject","inLanguage":"es","@id":"https:\/\/www.eldiario.net\/portal\/#\/schema\/logo\/image\/","url":"https:\/\/www.eldiario.net\/portal\/wp-content\/uploads\/2023\/07\/logo_ED.jpg","contentUrl":"https:\/\/www.eldiario.net\/portal\/wp-content\/uploads\/2023\/07\/logo_ED.jpg","width":272,"height":52,"caption":"El Diario - Decano de la prensa nacional"},"image":{"@id":"https:\/\/www.eldiario.net\/portal\/#\/schema\/logo\/image\/"},"sameAs":["https:\/\/www.facebook.com\/eldiario.bolivia\/","https:\/\/x.com\/eldiario_net"]},{"@type":"Person","@id":"https:\/\/www.eldiario.net\/portal\/#\/schema\/person\/f46445640444750d7d753ccd04ae01b7","name":"Jeanette","image":{"@type":"ImageObject","inLanguage":"es","@id":"https:\/\/secure.gravatar.com\/avatar\/3ea2118a5f7dad2b7138b1187a6b7ee55f160b9968b66013c3a3ef39dd7e5798?s=96&d=mm&r=g","url":"https:\/\/secure.gravatar.com\/avatar\/3ea2118a5f7dad2b7138b1187a6b7ee55f160b9968b66013c3a3ef39dd7e5798?s=96&d=mm&r=g","contentUrl":"https:\/\/secure.gravatar.com\/avatar\/3ea2118a5f7dad2b7138b1187a6b7ee55f160b9968b66013c3a3ef39dd7e5798?s=96&d=mm&r=g","caption":"Jeanette"},"sameAs":["https:\/\/www.eldiario.net\/portal"],"url":"https:\/\/www.eldiario.net\/portal\/author\/jeanette\/"}]}},"_links":{"self":[{"href":"https:\/\/www.eldiario.net\/portal\/wp-json\/wp\/v2\/posts\/293488","targetHints":{"allow":["GET"]}}],"collection":[{"href":"https:\/\/www.eldiario.net\/portal\/wp-json\/wp\/v2\/posts"}],"about":[{"href":"https:\/\/www.eldiario.net\/portal\/wp-json\/wp\/v2\/types\/post"}],"author":[{"embeddable":true,"href":"https:\/\/www.eldiario.net\/portal\/wp-json\/wp\/v2\/users\/1"}],"replies":[{"embeddable":true,"href":"https:\/\/www.eldiario.net\/portal\/wp-json\/wp\/v2\/comments?post=293488"}],"version-history":[{"count":1,"href":"https:\/\/www.eldiario.net\/portal\/wp-json\/wp\/v2\/posts\/293488\/revisions"}],"predecessor-version":[{"id":293491,"href":"https:\/\/www.eldiario.net\/portal\/wp-json\/wp\/v2\/posts\/293488\/revisions\/293491"}],"wp:featuredmedia":[{"embeddable":true,"href":"https:\/\/www.eldiario.net\/portal\/wp-json\/wp\/v2\/media\/293490"}],"wp:attachment":[{"href":"https:\/\/www.eldiario.net\/portal\/wp-json\/wp\/v2\/media?parent=293488"}],"wp:term":[{"taxonomy":"category","embeddable":true,"href":"https:\/\/www.eldiario.net\/portal\/wp-json\/wp\/v2\/categories?post=293488"},{"taxonomy":"post_tag","embeddable":true,"href":"https:\/\/www.eldiario.net\/portal\/wp-json\/wp\/v2\/tags?post=293488"}],"curies":[{"name":"wp","href":"https:\/\/api.w.org\/{rel}","templated":true}]}}