{"id":293466,"date":"2025-04-06T07:35:46","date_gmt":"2025-04-06T11:35:46","guid":{"rendered":"https:\/\/www.eldiario.net\/portal\/?p=293466"},"modified":"2025-04-06T07:35:46","modified_gmt":"2025-04-06T11:35:46","slug":"soboce-demuestra-su-compromiso-social-dona-5000-bolsas-de-cemento-a-viacha","status":"publish","type":"post","link":"https:\/\/www.eldiario.net\/portal\/2025\/04\/06\/soboce-demuestra-su-compromiso-social-dona-5000-bolsas-de-cemento-a-viacha\/","title":{"rendered":"Soboce demuestra su compromiso social: Dona 5000 bolsas de cemento a Viacha"},"content":{"rendered":"<p>En un gesto de solidaridad y en respuesta a la emergencia ocasionada por las intensas lluvias y el desborde del r\u00edo Pallina, la Sociedad Boliviana de Cemento (SOBOCE) don\u00f3 250 toneladas m\u00e9tricas de cemento (5000 bolsas) para ayudar a las comunidades afectadas en el municipio de Viacha.<br \/>\nLas inundaciones han causado graves da\u00f1os en viviendas, infraestructura p\u00fablica, cultivos y ganado, afectando la econom\u00eda y el bienestar de cientos de familias. Ante esta situaci\u00f3n, el Gobierno Aut\u00f3nomo Municipal de Viacha, a la cabeza del alcalde Napole\u00f3n Yahuasi, declar\u00f3 emergencia y pidi\u00f3 apoyo para la reconstrucci\u00f3n, un llamado al cual SOBOCE dio inmediata respuesta.<br \/>\n\u201cEl pa\u00eds atraviesa una crisis econ\u00f3mica que afecta a todos los sectores, la escasez de d\u00f3lares y de combustibles ha complicado la producci\u00f3n y el desarrollo, a esto se suman las intensas lluvias que han golpeado a Viacha, afectando viviendas, infraestructura y medios de vida. Adem\u00e1s, como SOBOCE, enfrentamos un proceso judicial injusto que amenaza el futuro de la empresa y el de miles de familias que dependen de esta actividad. Sin embargo, ni la crisis, ni la adversidad, ni la injusticia nos alejan de Viacha y de su gente. A pesar de todo, seguimos firmes junto a nuestra comunidad. Por eso, entregamos esta donaci\u00f3n con la esperanza de contribuir a reconstruir las viviendas, las escuelas, los puentes y toda la infraestructura que las lluvias da\u00f1aron\u201d, afirm\u00f3 Dante Est\u00e9vez, Gerente Nacional de Operaciones de SOBOCE.<br \/>\nLa empresa entreg\u00f3 a la Alcald\u00eda de Viacha 5000 bolsas de Cemento Eco Premium Plus, un producto sostenible e innovador que contribuir\u00e1 a la reconstrucci\u00f3n de viviendas, puentes, unidades educativas y otra infraestructura p\u00fablica.<br \/>\nEn la oportunidad, el alcalde de Viacha, Napole\u00f3n Yahuasi, a tiempo de agradecer por el donativo, expres\u00f3 su solidaridad con SOBOCE, por ser la industria de todos los viache\u00f1os. \u00abTengan por seguro que las 5000 bolsas de cemento, equivalente a 300 mil bolivianos, van a ser bien empleadas\u00bb, dijo la autoridad edil, y vamos a hacer un reporte a la empresa donante.<\/p>\n\r\n                <style type=\"text\/css\">\r\n                    \r\n                    #tdi_1  .td-doubleSlider-2 .td-item1 {\r\n                        background: url(https:\/\/www.eldiario.net\/portal\/wp-content\/uploads\/2025\/04\/S3-80x60.jpg) 0 0 no-repeat;\r\n                    }\r\n                    #tdi_1  .td-doubleSlider-2 .td-item2 {\r\n                        background: url(https:\/\/www.eldiario.net\/portal\/wp-content\/uploads\/2025\/04\/IMG-1625-80x60.jpg) 0 0 no-repeat;\r\n                    }\r\n                    #tdi_1  .td-doubleSlider-2 .td-item3 {\r\n                        background: url(https:\/\/www.eldiario.net\/portal\/wp-content\/uploads\/2025\/04\/S1-80x60.jpg) 0 0 no-repeat;\r\n                    }\r\n                    #tdi_1  .td-doubleSlider-2 .td-item4 {\r\n                        background: url(https:\/\/www.eldiario.net\/portal\/wp-content\/uploads\/2025\/04\/S2-80x60.jpg) 0 0 no-repeat;\r\n                    }\r\n                <\/style>\r\n\r\n                <div id=\"tdi_1\" class=\"td-gallery td-slide-on-2-columns\">\r\n                    <div class=\"post_td_gallery\">\r\n                        <div class=\"td-gallery-slide-top\">\r\n                           <div class=\"td-gallery-title\"><\/div>\r\n\r\n                            <div class=\"td-gallery-controls-wrapper\">\r\n                                <div class=\"td-gallery-slide-count\"><span class=\"td-gallery-slide-item-focus\">1<\/span> de 4<\/div>\r\n                                <div class=\"td-gallery-slide-prev-next-but\">\r\n                                    <i class = \"td-icon-left doubleSliderPrevButton\"><\/i>\r\n                                    <i class = \"td-icon-right doubleSliderNextButton\"><\/i>\r\n                                <\/div>\r\n                            <\/div>\r\n                        <\/div>\r\n\r\n                        <div class = \"td-doubleSlider-1 \">\r\n                            <div class = \"td-slider\">\r\n                                \r\n                    <div class = \"td-slide-item td-item1\">\r\n                        <figure class=\"td-slide-galery-figure td-slide-popup-gallery\">\r\n                            <a class=\"slide-gallery-image-link\" href=\"https:\/\/www.eldiario.net\/portal\/wp-content\/uploads\/2025\/04\/S3.jpg\" title=\"S3\"  data-caption=\"EJECUTIVOS DE SOBOCE, AUTORIDADES DEL GOBIERNO MUNICIPAL DE VIACHA Y COMUNARIOS.\"  data-description=\"\">\r\n                                <img decoding=\"async\" src=\"https:\/\/www.eldiario.net\/portal\/wp-content\/uploads\/2025\/04\/S3-684x420.jpg\" srcset=\"https:\/\/www.eldiario.net\/portal\/wp-content\/uploads\/2025\/04\/S3-684x420.jpg 684w, https:\/\/www.eldiario.net\/portal\/wp-content\/uploads\/2025\/04\/S3-300x184.jpg 300w, https:\/\/www.eldiario.net\/portal\/wp-content\/uploads\/2025\/04\/S3-1024x629.jpg 1024w, https:\/\/www.eldiario.net\/portal\/wp-content\/uploads\/2025\/04\/S3-768x472.jpg 768w, https:\/\/www.eldiario.net\/portal\/wp-content\/uploads\/2025\/04\/S3-696x427.jpg 696w, https:\/\/www.eldiario.net\/portal\/wp-content\/uploads\/2025\/04\/S3-1068x656.jpg 1068w, https:\/\/www.eldiario.net\/portal\/wp-content\/uploads\/2025\/04\/S3.jpg 1200w\" sizes=\"(max-width: 684px) 100vw, 684px\" alt=\"\">\r\n                            <\/a>\r\n                            <figcaption class = \"td-slide-caption td-gallery-slide-content\"><div class = \"td-gallery-slide-copywrite\">EJECUTIVOS DE SOBOCE, AUTORIDADES DEL GOBIERNO MUNICIPAL DE VIACHA Y COMUNARIOS.<\/div><\/figcaption>\r\n                        <\/figure>\r\n                    <\/div>\r\n                    <div class = \"td-slide-item td-item2\">\r\n                        <figure class=\"td-slide-galery-figure td-slide-popup-gallery\">\r\n                            <a class=\"slide-gallery-image-link\" href=\"https:\/\/www.eldiario.net\/portal\/wp-content\/uploads\/2025\/04\/IMG-1625.jpg\" title=\"IMG-1625\"  data-caption=\"DENIS MONASTERIOS, JEFE ADM. PROY. ESPECIALES  SOBOCE; NAPOLE\u00d3N YAHUASI, ALCALDE DE VIACHA: TE\u00d3FILO CHURA, STRIO. GRAL. MUNICIPIO VIACHA;  HERBERT CANAVIRI, RESP. RIESGOS ALCALD\u00cdA VIACHA, Y  ALEJANDRO ALIENDRE, DIRECTOR GESTI\u00d3N AMBIENTAL.\"  data-description=\"\">\r\n                                <img decoding=\"async\" src=\"https:\/\/www.eldiario.net\/portal\/wp-content\/uploads\/2025\/04\/IMG-1625-560x420.jpg\" srcset=\"https:\/\/www.eldiario.net\/portal\/wp-content\/uploads\/2025\/04\/IMG-1625-560x420.jpg 560w, https:\/\/www.eldiario.net\/portal\/wp-content\/uploads\/2025\/04\/IMG-1625-300x225.jpg 300w, https:\/\/www.eldiario.net\/portal\/wp-content\/uploads\/2025\/04\/IMG-1625-1024x768.jpg 1024w, https:\/\/www.eldiario.net\/portal\/wp-content\/uploads\/2025\/04\/IMG-1625-768x576.jpg 768w, https:\/\/www.eldiario.net\/portal\/wp-content\/uploads\/2025\/04\/IMG-1625-80x60.jpg 80w, https:\/\/www.eldiario.net\/portal\/wp-content\/uploads\/2025\/04\/IMG-1625-696x522.jpg 696w, https:\/\/www.eldiario.net\/portal\/wp-content\/uploads\/2025\/04\/IMG-1625-1068x801.jpg 1068w, https:\/\/www.eldiario.net\/portal\/wp-content\/uploads\/2025\/04\/IMG-1625.jpg 1200w\" sizes=\"(max-width: 560px) 100vw, 560px\" alt=\"\">\r\n                            <\/a>\r\n                            <figcaption class = \"td-slide-caption td-gallery-slide-content\"><div class = \"td-gallery-slide-copywrite\">DENIS MONASTERIOS, JEFE ADM. PROY. ESPECIALES  SOBOCE; NAPOLE\u00d3N YAHUASI, ALCALDE DE VIACHA: TE\u00d3FILO CHURA, STRIO. GRAL. MUNICIPIO VIACHA;  HERBERT CANAVIRI, RESP. RIESGOS ALCALD\u00cdA VIACHA, Y  ALEJANDRO ALIENDRE, DIRECTOR GESTI\u00d3N AMBIENTAL.<\/div><\/figcaption>\r\n                        <\/figure>\r\n                    <\/div>\r\n                    <div class = \"td-slide-item td-item3\">\r\n                        <figure class=\"td-slide-galery-figure td-slide-popup-gallery\">\r\n                            <a class=\"slide-gallery-image-link\" href=\"https:\/\/www.eldiario.net\/portal\/wp-content\/uploads\/2025\/04\/S1.jpg\" title=\"S1\"  data-caption=\"DANTE EST\u00c9VEZ, GERENTE NACIONAL  OPERACIONES SOBOCE, Y NAPOLE\u00d3N YAHUASI,  ALCALDE MUNICIPIO DE VIACHA.\"  data-description=\"\">\r\n                                <img decoding=\"async\" src=\"https:\/\/www.eldiario.net\/portal\/wp-content\/uploads\/2025\/04\/S1-610x420.jpg\" srcset=\"https:\/\/www.eldiario.net\/portal\/wp-content\/uploads\/2025\/04\/S1-610x420.jpg 610w, https:\/\/www.eldiario.net\/portal\/wp-content\/uploads\/2025\/04\/S1-300x206.jpg 300w, https:\/\/www.eldiario.net\/portal\/wp-content\/uploads\/2025\/04\/S1-768x529.jpg 768w, https:\/\/www.eldiario.net\/portal\/wp-content\/uploads\/2025\/04\/S1-218x150.jpg 218w, https:\/\/www.eldiario.net\/portal\/wp-content\/uploads\/2025\/04\/S1-696x479.jpg 696w, https:\/\/www.eldiario.net\/portal\/wp-content\/uploads\/2025\/04\/S1.jpg 908w\" sizes=\"(max-width: 610px) 100vw, 610px\" alt=\"\">\r\n                            <\/a>\r\n                            <figcaption class = \"td-slide-caption td-gallery-slide-content\"><div class = \"td-gallery-slide-copywrite\">DANTE EST\u00c9VEZ, GERENTE NACIONAL  OPERACIONES SOBOCE, Y NAPOLE\u00d3N YAHUASI,  ALCALDE MUNICIPIO DE VIACHA.<\/div><\/figcaption>\r\n                        <\/figure>\r\n                    <\/div>\r\n                    <div class = \"td-slide-item td-item4\">\r\n                        <figure class=\"td-slide-galery-figure td-slide-popup-gallery\">\r\n                            <a class=\"slide-gallery-image-link\" href=\"https:\/\/www.eldiario.net\/portal\/wp-content\/uploads\/2025\/04\/S2.jpg\" title=\"S2\"  data-caption=\"DENIS MONASTERIOS, OSVALDO MU\u00d1OZ CORNEJO, DANTE EST\u00c9VEZ,  NAPOLE\u00d3N YAHUASI, TE\u00d3FILO CHOQUE Y ALEJANDRO ALIENDRE.\"  data-description=\"\">\r\n                                <img decoding=\"async\" src=\"https:\/\/www.eldiario.net\/portal\/wp-content\/uploads\/2025\/04\/S2-757x420.jpg\" srcset=\"https:\/\/www.eldiario.net\/portal\/wp-content\/uploads\/2025\/04\/S2-757x420.jpg 757w, https:\/\/www.eldiario.net\/portal\/wp-content\/uploads\/2025\/04\/S2-300x166.jpg 300w, https:\/\/www.eldiario.net\/portal\/wp-content\/uploads\/2025\/04\/S2-1024x568.jpg 1024w, https:\/\/www.eldiario.net\/portal\/wp-content\/uploads\/2025\/04\/S2-768x426.jpg 768w, https:\/\/www.eldiario.net\/portal\/wp-content\/uploads\/2025\/04\/S2-696x386.jpg 696w, https:\/\/www.eldiario.net\/portal\/wp-content\/uploads\/2025\/04\/S2-1068x592.jpg 1068w, https:\/\/www.eldiario.net\/portal\/wp-content\/uploads\/2025\/04\/S2.jpg 1170w\" sizes=\"(max-width: 757px) 100vw, 757px\" alt=\"\">\r\n                            <\/a>\r\n                            <figcaption class = \"td-slide-caption td-gallery-slide-content\"><div class = \"td-gallery-slide-copywrite\">DENIS MONASTERIOS, OSVALDO MU\u00d1OZ CORNEJO, DANTE EST\u00c9VEZ,  NAPOLE\u00d3N YAHUASI, TE\u00d3FILO CHOQUE Y ALEJANDRO ALIENDRE.<\/div><\/figcaption>\r\n                        <\/figure>\r\n                    <\/div>\r\n                            <\/div>\r\n                        <\/div>\r\n\r\n                        <div class = \"td-doubleSlider-2\">\r\n                            <div class = \"td-slider\">\r\n                                \r\n                    <div class = \"td-button td-item1\">\r\n                        <div class = \"td-border\"><\/div>\r\n                    <\/div>\r\n                    <div class = \"td-button td-item2\">\r\n                        <div class = \"td-border\"><\/div>\r\n                    <\/div>\r\n                    <div class = \"td-button td-item3\">\r\n                        <div class = \"td-border\"><\/div>\r\n                    <\/div>\r\n                    <div class = \"td-button td-item4\">\r\n                        <div class = \"td-border\"><\/div>\r\n                    <\/div>\r\n                            <\/div>\r\n                        <\/div>\r\n\r\n                    <\/div>\r\n\r\n                <\/div>\r\n                \n","protected":false},"excerpt":{"rendered":"<p>En un gesto de solidaridad y en respuesta a la emergencia ocasionada por las intensas lluvias y el desborde del r\u00edo Pallina, la Sociedad Boliviana de Cemento (SOBOCE) don\u00f3 250 toneladas m\u00e9tricas de cemento (5000 bolsas) para ayudar a las comunidades afectadas en el municipio de Viacha. Las inundaciones han causado graves da\u00f1os en viviendas, [&hellip;]<\/p>\n","protected":false},"author":1,"featured_media":293470,"comment_status":"closed","ping_status":"open","sticky":false,"template":"","format":"standard","meta":{"_acf_changed":false,"footnotes":""},"categories":[40],"tags":[],"class_list":["post-293466","post","type-post","status-publish","format-standard","has-post-thumbnail","category-sociales"],"acf":{"antetitulo":""},"yoast_head":"<!-- This site is optimized with the Yoast SEO plugin v28.4 - https:\/\/yoast.com\/product\/yoast-seo-wordpress\/ -->\n<title>Soboce demuestra su compromiso social: Dona 5000 bolsas de cemento a Viacha - El Diario - Bolivia<\/title>\n<meta name=\"robots\" content=\"index, follow, max-snippet:-1, max-image-preview:large, max-video-preview:-1\" \/>\n<link rel=\"canonical\" href=\"https:\/\/www.eldiario.net\/portal\/2025\/04\/06\/soboce-demuestra-su-compromiso-social-dona-5000-bolsas-de-cemento-a-viacha\/\" \/>\n<meta property=\"og:locale\" content=\"es_ES\" \/>\n<meta property=\"og:type\" content=\"article\" \/>\n<meta property=\"og:title\" content=\"Soboce demuestra su compromiso social: Dona 5000 bolsas de cemento a Viacha - El Diario - Bolivia\" \/>\n<meta property=\"og:description\" content=\"En un gesto de solidaridad y en respuesta a la emergencia ocasionada por las intensas lluvias y el desborde del r\u00edo Pallina, la Sociedad Boliviana de Cemento (SOBOCE) don\u00f3 250 toneladas m\u00e9tricas de cemento (5000 bolsas) para ayudar a las comunidades afectadas en el municipio de Viacha. Las inundaciones han causado graves da\u00f1os en viviendas, [&hellip;]\" \/>\n<meta property=\"og:url\" content=\"https:\/\/www.eldiario.net\/portal\/2025\/04\/06\/soboce-demuestra-su-compromiso-social-dona-5000-bolsas-de-cemento-a-viacha\/\" \/>\n<meta property=\"og:site_name\" content=\"El Diario - Bolivia\" \/>\n<meta property=\"article:publisher\" content=\"https:\/\/www.facebook.com\/eldiario.bolivia\/\" \/>\n<meta property=\"article:published_time\" content=\"2025-04-06T11:35:46+00:00\" \/>\n<meta property=\"og:image\" content=\"https:\/\/www.eldiario.net\/portal\/wp-content\/uploads\/2025\/04\/S2.jpg\" \/>\n\t<meta property=\"og:image:width\" content=\"1170\" \/>\n\t<meta property=\"og:image:height\" content=\"649\" \/>\n\t<meta property=\"og:image:type\" content=\"image\/jpeg\" \/>\n<meta name=\"author\" content=\"Jeanette\" \/>\n<meta name=\"twitter:card\" content=\"summary_large_image\" \/>\n<meta name=\"twitter:creator\" content=\"@eldiario_net\" \/>\n<meta name=\"twitter:site\" content=\"@eldiario_net\" \/>\n<meta name=\"twitter:label1\" content=\"Escrito por\" \/>\n\t<meta name=\"twitter:data1\" content=\"Jeanette\" \/>\n\t<meta name=\"twitter:label2\" content=\"Tiempo de lectura\" \/>\n\t<meta name=\"twitter:data2\" content=\"2 minutos\" \/>\n<script type=\"application\/ld+json\" class=\"yoast-schema-graph\">{\"@context\":\"https:\\\/\\\/schema.org\",\"@graph\":[{\"@type\":\"Article\",\"@id\":\"https:\\\/\\\/www.eldiario.net\\\/portal\\\/2025\\\/04\\\/06\\\/soboce-demuestra-su-compromiso-social-dona-5000-bolsas-de-cemento-a-viacha\\\/#article\",\"isPartOf\":{\"@id\":\"https:\\\/\\\/www.eldiario.net\\\/portal\\\/2025\\\/04\\\/06\\\/soboce-demuestra-su-compromiso-social-dona-5000-bolsas-de-cemento-a-viacha\\\/\"},\"author\":{\"name\":\"Jeanette\",\"@id\":\"https:\\\/\\\/www.eldiario.net\\\/portal\\\/#\\\/schema\\\/person\\\/f46445640444750d7d753ccd04ae01b7\"},\"headline\":\"Soboce demuestra su compromiso social: Dona 5000 bolsas de cemento a Viacha\",\"datePublished\":\"2025-04-06T11:35:46+00:00\",\"mainEntityOfPage\":{\"@id\":\"https:\\\/\\\/www.eldiario.net\\\/portal\\\/2025\\\/04\\\/06\\\/soboce-demuestra-su-compromiso-social-dona-5000-bolsas-de-cemento-a-viacha\\\/\"},\"wordCount\":370,\"publisher\":{\"@id\":\"https:\\\/\\\/www.eldiario.net\\\/portal\\\/#organization\"},\"image\":{\"@id\":\"https:\\\/\\\/www.eldiario.net\\\/portal\\\/2025\\\/04\\\/06\\\/soboce-demuestra-su-compromiso-social-dona-5000-bolsas-de-cemento-a-viacha\\\/#primaryimage\"},\"thumbnailUrl\":\"https:\\\/\\\/www.eldiario.net\\\/portal\\\/wp-content\\\/uploads\\\/2025\\\/04\\\/S2.jpg\",\"articleSection\":[\"Sociales\"],\"inLanguage\":\"es\"},{\"@type\":\"WebPage\",\"@id\":\"https:\\\/\\\/www.eldiario.net\\\/portal\\\/2025\\\/04\\\/06\\\/soboce-demuestra-su-compromiso-social-dona-5000-bolsas-de-cemento-a-viacha\\\/\",\"url\":\"https:\\\/\\\/www.eldiario.net\\\/portal\\\/2025\\\/04\\\/06\\\/soboce-demuestra-su-compromiso-social-dona-5000-bolsas-de-cemento-a-viacha\\\/\",\"name\":\"Soboce demuestra su compromiso social: Dona 5000 bolsas de cemento a Viacha - El Diario - Bolivia\",\"isPartOf\":{\"@id\":\"https:\\\/\\\/www.eldiario.net\\\/portal\\\/#website\"},\"primaryImageOfPage\":{\"@id\":\"https:\\\/\\\/www.eldiario.net\\\/portal\\\/2025\\\/04\\\/06\\\/soboce-demuestra-su-compromiso-social-dona-5000-bolsas-de-cemento-a-viacha\\\/#primaryimage\"},\"image\":{\"@id\":\"https:\\\/\\\/www.eldiario.net\\\/portal\\\/2025\\\/04\\\/06\\\/soboce-demuestra-su-compromiso-social-dona-5000-bolsas-de-cemento-a-viacha\\\/#primaryimage\"},\"thumbnailUrl\":\"https:\\\/\\\/www.eldiario.net\\\/portal\\\/wp-content\\\/uploads\\\/2025\\\/04\\\/S2.jpg\",\"datePublished\":\"2025-04-06T11:35:46+00:00\",\"breadcrumb\":{\"@id\":\"https:\\\/\\\/www.eldiario.net\\\/portal\\\/2025\\\/04\\\/06\\\/soboce-demuestra-su-compromiso-social-dona-5000-bolsas-de-cemento-a-viacha\\\/#breadcrumb\"},\"inLanguage\":\"es\",\"potentialAction\":[{\"@type\":\"ReadAction\",\"target\":[\"https:\\\/\\\/www.eldiario.net\\\/portal\\\/2025\\\/04\\\/06\\\/soboce-demuestra-su-compromiso-social-dona-5000-bolsas-de-cemento-a-viacha\\\/\"]}]},{\"@type\":\"ImageObject\",\"inLanguage\":\"es\",\"@id\":\"https:\\\/\\\/www.eldiario.net\\\/portal\\\/2025\\\/04\\\/06\\\/soboce-demuestra-su-compromiso-social-dona-5000-bolsas-de-cemento-a-viacha\\\/#primaryimage\",\"url\":\"https:\\\/\\\/www.eldiario.net\\\/portal\\\/wp-content\\\/uploads\\\/2025\\\/04\\\/S2.jpg\",\"contentUrl\":\"https:\\\/\\\/www.eldiario.net\\\/portal\\\/wp-content\\\/uploads\\\/2025\\\/04\\\/S2.jpg\",\"width\":1170,\"height\":649,\"caption\":\"DENIS MONASTERIOS, OSVALDO MU\u00d1OZ CORNEJO, DANTE EST\u00c9VEZ, NAPOLE\u00d3N YAHUASI, TE\u00d3FILO CHOQUE Y ALEJANDRO ALIENDRE.\"},{\"@type\":\"BreadcrumbList\",\"@id\":\"https:\\\/\\\/www.eldiario.net\\\/portal\\\/2025\\\/04\\\/06\\\/soboce-demuestra-su-compromiso-social-dona-5000-bolsas-de-cemento-a-viacha\\\/#breadcrumb\",\"itemListElement\":[{\"@type\":\"ListItem\",\"position\":1,\"name\":\"Portada\",\"item\":\"https:\\\/\\\/www.eldiario.net\\\/portal\\\/\"},{\"@type\":\"ListItem\",\"position\":2,\"name\":\"Soboce demuestra su compromiso social: Dona 5000 bolsas de cemento a Viacha\"}]},{\"@type\":\"WebSite\",\"@id\":\"https:\\\/\\\/www.eldiario.net\\\/portal\\\/#website\",\"url\":\"https:\\\/\\\/www.eldiario.net\\\/portal\\\/\",\"name\":\"El Diario - Decano de la prensa nacional\",\"description\":\"El Diario - Decano de la prensa nacional\",\"publisher\":{\"@id\":\"https:\\\/\\\/www.eldiario.net\\\/portal\\\/#organization\"},\"potentialAction\":[{\"@type\":\"SearchAction\",\"target\":{\"@type\":\"EntryPoint\",\"urlTemplate\":\"https:\\\/\\\/www.eldiario.net\\\/portal\\\/?s={search_term_string}\"},\"query-input\":{\"@type\":\"PropertyValueSpecification\",\"valueRequired\":true,\"valueName\":\"search_term_string\"}}],\"inLanguage\":\"es\"},{\"@type\":\"Organization\",\"@id\":\"https:\\\/\\\/www.eldiario.net\\\/portal\\\/#organization\",\"name\":\"El Diario - Decano de la prensa nacional\",\"url\":\"https:\\\/\\\/www.eldiario.net\\\/portal\\\/\",\"logo\":{\"@type\":\"ImageObject\",\"inLanguage\":\"es\",\"@id\":\"https:\\\/\\\/www.eldiario.net\\\/portal\\\/#\\\/schema\\\/logo\\\/image\\\/\",\"url\":\"https:\\\/\\\/www.eldiario.net\\\/portal\\\/wp-content\\\/uploads\\\/2023\\\/07\\\/logo_ED.jpg\",\"contentUrl\":\"https:\\\/\\\/www.eldiario.net\\\/portal\\\/wp-content\\\/uploads\\\/2023\\\/07\\\/logo_ED.jpg\",\"width\":272,\"height\":52,\"caption\":\"El Diario - Decano de la prensa nacional\"},\"image\":{\"@id\":\"https:\\\/\\\/www.eldiario.net\\\/portal\\\/#\\\/schema\\\/logo\\\/image\\\/\"},\"sameAs\":[\"https:\\\/\\\/www.facebook.com\\\/eldiario.bolivia\\\/\",\"https:\\\/\\\/x.com\\\/eldiario_net\"]},{\"@type\":\"Person\",\"@id\":\"https:\\\/\\\/www.eldiario.net\\\/portal\\\/#\\\/schema\\\/person\\\/f46445640444750d7d753ccd04ae01b7\",\"name\":\"Jeanette\",\"image\":{\"@type\":\"ImageObject\",\"inLanguage\":\"es\",\"@id\":\"https:\\\/\\\/secure.gravatar.com\\\/avatar\\\/3ea2118a5f7dad2b7138b1187a6b7ee55f160b9968b66013c3a3ef39dd7e5798?s=96&d=mm&r=g\",\"url\":\"https:\\\/\\\/secure.gravatar.com\\\/avatar\\\/3ea2118a5f7dad2b7138b1187a6b7ee55f160b9968b66013c3a3ef39dd7e5798?s=96&d=mm&r=g\",\"contentUrl\":\"https:\\\/\\\/secure.gravatar.com\\\/avatar\\\/3ea2118a5f7dad2b7138b1187a6b7ee55f160b9968b66013c3a3ef39dd7e5798?s=96&d=mm&r=g\",\"caption\":\"Jeanette\"},\"sameAs\":[\"https:\\\/\\\/www.eldiario.net\\\/portal\"],\"url\":\"https:\\\/\\\/www.eldiario.net\\\/portal\\\/author\\\/jeanette\\\/\"}]}<\/script>\n<!-- \/ Yoast SEO plugin. -->","yoast_head_json":{"title":"Soboce demuestra su compromiso social: Dona 5000 bolsas de cemento a Viacha - El Diario - Bolivia","robots":{"index":"index","follow":"follow","max-snippet":"max-snippet:-1","max-image-preview":"max-image-preview:large","max-video-preview":"max-video-preview:-1"},"canonical":"https:\/\/www.eldiario.net\/portal\/2025\/04\/06\/soboce-demuestra-su-compromiso-social-dona-5000-bolsas-de-cemento-a-viacha\/","og_locale":"es_ES","og_type":"article","og_title":"Soboce demuestra su compromiso social: Dona 5000 bolsas de cemento a Viacha - El Diario - Bolivia","og_description":"En un gesto de solidaridad y en respuesta a la emergencia ocasionada por las intensas lluvias y el desborde del r\u00edo Pallina, la Sociedad Boliviana de Cemento (SOBOCE) don\u00f3 250 toneladas m\u00e9tricas de cemento (5000 bolsas) para ayudar a las comunidades afectadas en el municipio de Viacha. Las inundaciones han causado graves da\u00f1os en viviendas, [&hellip;]","og_url":"https:\/\/www.eldiario.net\/portal\/2025\/04\/06\/soboce-demuestra-su-compromiso-social-dona-5000-bolsas-de-cemento-a-viacha\/","og_site_name":"El Diario - Bolivia","article_publisher":"https:\/\/www.facebook.com\/eldiario.bolivia\/","article_published_time":"2025-04-06T11:35:46+00:00","og_image":[{"width":1170,"height":649,"url":"https:\/\/www.eldiario.net\/portal\/wp-content\/uploads\/2025\/04\/S2.jpg","type":"image\/jpeg"}],"author":"Jeanette","twitter_card":"summary_large_image","twitter_creator":"@eldiario_net","twitter_site":"@eldiario_net","twitter_misc":{"Escrito por":"Jeanette","Tiempo de lectura":"2 minutos"},"schema":{"@context":"https:\/\/schema.org","@graph":[{"@type":"Article","@id":"https:\/\/www.eldiario.net\/portal\/2025\/04\/06\/soboce-demuestra-su-compromiso-social-dona-5000-bolsas-de-cemento-a-viacha\/#article","isPartOf":{"@id":"https:\/\/www.eldiario.net\/portal\/2025\/04\/06\/soboce-demuestra-su-compromiso-social-dona-5000-bolsas-de-cemento-a-viacha\/"},"author":{"name":"Jeanette","@id":"https:\/\/www.eldiario.net\/portal\/#\/schema\/person\/f46445640444750d7d753ccd04ae01b7"},"headline":"Soboce demuestra su compromiso social: Dona 5000 bolsas de cemento a Viacha","datePublished":"2025-04-06T11:35:46+00:00","mainEntityOfPage":{"@id":"https:\/\/www.eldiario.net\/portal\/2025\/04\/06\/soboce-demuestra-su-compromiso-social-dona-5000-bolsas-de-cemento-a-viacha\/"},"wordCount":370,"publisher":{"@id":"https:\/\/www.eldiario.net\/portal\/#organization"},"image":{"@id":"https:\/\/www.eldiario.net\/portal\/2025\/04\/06\/soboce-demuestra-su-compromiso-social-dona-5000-bolsas-de-cemento-a-viacha\/#primaryimage"},"thumbnailUrl":"https:\/\/www.eldiario.net\/portal\/wp-content\/uploads\/2025\/04\/S2.jpg","articleSection":["Sociales"],"inLanguage":"es"},{"@type":"WebPage","@id":"https:\/\/www.eldiario.net\/portal\/2025\/04\/06\/soboce-demuestra-su-compromiso-social-dona-5000-bolsas-de-cemento-a-viacha\/","url":"https:\/\/www.eldiario.net\/portal\/2025\/04\/06\/soboce-demuestra-su-compromiso-social-dona-5000-bolsas-de-cemento-a-viacha\/","name":"Soboce demuestra su compromiso social: Dona 5000 bolsas de cemento a Viacha - El Diario - Bolivia","isPartOf":{"@id":"https:\/\/www.eldiario.net\/portal\/#website"},"primaryImageOfPage":{"@id":"https:\/\/www.eldiario.net\/portal\/2025\/04\/06\/soboce-demuestra-su-compromiso-social-dona-5000-bolsas-de-cemento-a-viacha\/#primaryimage"},"image":{"@id":"https:\/\/www.eldiario.net\/portal\/2025\/04\/06\/soboce-demuestra-su-compromiso-social-dona-5000-bolsas-de-cemento-a-viacha\/#primaryimage"},"thumbnailUrl":"https:\/\/www.eldiario.net\/portal\/wp-content\/uploads\/2025\/04\/S2.jpg","datePublished":"2025-04-06T11:35:46+00:00","breadcrumb":{"@id":"https:\/\/www.eldiario.net\/portal\/2025\/04\/06\/soboce-demuestra-su-compromiso-social-dona-5000-bolsas-de-cemento-a-viacha\/#breadcrumb"},"inLanguage":"es","potentialAction":[{"@type":"ReadAction","target":["https:\/\/www.eldiario.net\/portal\/2025\/04\/06\/soboce-demuestra-su-compromiso-social-dona-5000-bolsas-de-cemento-a-viacha\/"]}]},{"@type":"ImageObject","inLanguage":"es","@id":"https:\/\/www.eldiario.net\/portal\/2025\/04\/06\/soboce-demuestra-su-compromiso-social-dona-5000-bolsas-de-cemento-a-viacha\/#primaryimage","url":"https:\/\/www.eldiario.net\/portal\/wp-content\/uploads\/2025\/04\/S2.jpg","contentUrl":"https:\/\/www.eldiario.net\/portal\/wp-content\/uploads\/2025\/04\/S2.jpg","width":1170,"height":649,"caption":"DENIS MONASTERIOS, OSVALDO MU\u00d1OZ CORNEJO, DANTE EST\u00c9VEZ, NAPOLE\u00d3N YAHUASI, TE\u00d3FILO CHOQUE Y ALEJANDRO ALIENDRE."},{"@type":"BreadcrumbList","@id":"https:\/\/www.eldiario.net\/portal\/2025\/04\/06\/soboce-demuestra-su-compromiso-social-dona-5000-bolsas-de-cemento-a-viacha\/#breadcrumb","itemListElement":[{"@type":"ListItem","position":1,"name":"Portada","item":"https:\/\/www.eldiario.net\/portal\/"},{"@type":"ListItem","position":2,"name":"Soboce demuestra su compromiso social: Dona 5000 bolsas de cemento a Viacha"}]},{"@type":"WebSite","@id":"https:\/\/www.eldiario.net\/portal\/#website","url":"https:\/\/www.eldiario.net\/portal\/","name":"El Diario - Decano de la prensa nacional","description":"El Diario - Decano de la prensa nacional","publisher":{"@id":"https:\/\/www.eldiario.net\/portal\/#organization"},"potentialAction":[{"@type":"SearchAction","target":{"@type":"EntryPoint","urlTemplate":"https:\/\/www.eldiario.net\/portal\/?s={search_term_string}"},"query-input":{"@type":"PropertyValueSpecification","valueRequired":true,"valueName":"search_term_string"}}],"inLanguage":"es"},{"@type":"Organization","@id":"https:\/\/www.eldiario.net\/portal\/#organization","name":"El Diario - Decano de la prensa nacional","url":"https:\/\/www.eldiario.net\/portal\/","logo":{"@type":"ImageObject","inLanguage":"es","@id":"https:\/\/www.eldiario.net\/portal\/#\/schema\/logo\/image\/","url":"https:\/\/www.eldiario.net\/portal\/wp-content\/uploads\/2023\/07\/logo_ED.jpg","contentUrl":"https:\/\/www.eldiario.net\/portal\/wp-content\/uploads\/2023\/07\/logo_ED.jpg","width":272,"height":52,"caption":"El Diario - Decano de la prensa nacional"},"image":{"@id":"https:\/\/www.eldiario.net\/portal\/#\/schema\/logo\/image\/"},"sameAs":["https:\/\/www.facebook.com\/eldiario.bolivia\/","https:\/\/x.com\/eldiario_net"]},{"@type":"Person","@id":"https:\/\/www.eldiario.net\/portal\/#\/schema\/person\/f46445640444750d7d753ccd04ae01b7","name":"Jeanette","image":{"@type":"ImageObject","inLanguage":"es","@id":"https:\/\/secure.gravatar.com\/avatar\/3ea2118a5f7dad2b7138b1187a6b7ee55f160b9968b66013c3a3ef39dd7e5798?s=96&d=mm&r=g","url":"https:\/\/secure.gravatar.com\/avatar\/3ea2118a5f7dad2b7138b1187a6b7ee55f160b9968b66013c3a3ef39dd7e5798?s=96&d=mm&r=g","contentUrl":"https:\/\/secure.gravatar.com\/avatar\/3ea2118a5f7dad2b7138b1187a6b7ee55f160b9968b66013c3a3ef39dd7e5798?s=96&d=mm&r=g","caption":"Jeanette"},"sameAs":["https:\/\/www.eldiario.net\/portal"],"url":"https:\/\/www.eldiario.net\/portal\/author\/jeanette\/"}]}},"_links":{"self":[{"href":"https:\/\/www.eldiario.net\/portal\/wp-json\/wp\/v2\/posts\/293466","targetHints":{"allow":["GET"]}}],"collection":[{"href":"https:\/\/www.eldiario.net\/portal\/wp-json\/wp\/v2\/posts"}],"about":[{"href":"https:\/\/www.eldiario.net\/portal\/wp-json\/wp\/v2\/types\/post"}],"author":[{"embeddable":true,"href":"https:\/\/www.eldiario.net\/portal\/wp-json\/wp\/v2\/users\/1"}],"replies":[{"embeddable":true,"href":"https:\/\/www.eldiario.net\/portal\/wp-json\/wp\/v2\/comments?post=293466"}],"version-history":[{"count":1,"href":"https:\/\/www.eldiario.net\/portal\/wp-json\/wp\/v2\/posts\/293466\/revisions"}],"predecessor-version":[{"id":293471,"href":"https:\/\/www.eldiario.net\/portal\/wp-json\/wp\/v2\/posts\/293466\/revisions\/293471"}],"wp:featuredmedia":[{"embeddable":true,"href":"https:\/\/www.eldiario.net\/portal\/wp-json\/wp\/v2\/media\/293470"}],"wp:attachment":[{"href":"https:\/\/www.eldiario.net\/portal\/wp-json\/wp\/v2\/media?parent=293466"}],"wp:term":[{"taxonomy":"category","embeddable":true,"href":"https:\/\/www.eldiario.net\/portal\/wp-json\/wp\/v2\/categories?post=293466"},{"taxonomy":"post_tag","embeddable":true,"href":"https:\/\/www.eldiario.net\/portal\/wp-json\/wp\/v2\/tags?post=293466"}],"curies":[{"name":"wp","href":"https:\/\/api.w.org\/{rel}","templated":true}]}}