{"id":293454,"date":"2025-04-06T07:34:12","date_gmt":"2025-04-06T11:34:12","guid":{"rendered":"https:\/\/www.eldiario.net\/portal\/?p=293454"},"modified":"2025-04-06T07:34:12","modified_gmt":"2025-04-06T11:34:12","slug":"reflejos-etereos-muestra-individual-de-fael-lara","status":"publish","type":"post","link":"https:\/\/www.eldiario.net\/portal\/2025\/04\/06\/reflejos-etereos-muestra-individual-de-fael-lara\/","title":{"rendered":"\u00abReflejos et\u00e9reos\u00bb muestra individual de Fael Lara"},"content":{"rendered":"<p>Daniela M\u00e9rida Gallery, con el patrocinio de Laboratorios Bag\u00f3, presentan Reflejos Et\u00e9reos, la exposici\u00f3n individual del joven artista Fael Lara, miembro de la tercera generaci\u00f3n de la reconocida familia Lara.<br \/>\nEsta muestra presenta una cuidadosa selecci\u00f3n de m\u00e1s de 170 piezas, en las que el artista explora la intersecci\u00f3n entre la tradici\u00f3n y la innovaci\u00f3n, ofreciendo una propuesta que desaf\u00eda las expectativas y enriquece el panorama del arte nacional.<br \/>\n\u00abFael Lara ha trabajado con profunda entrega para consolidar una propuesta art\u00edstica propia. Su trayectoria est\u00e1 inevitablemente ligada a su herencia, pero su mayor m\u00e9rito radica en c\u00f3mo ha sabido enfrentarla, cuestionarla y finalmente abrazarla desde una perspectiva contempor\u00e1nea. Su obra demuestra solidez t\u00e9cnica y, al mismo tiempo, una urgencia por romper estructuras, alej\u00e1ndose de la figuraci\u00f3n y el hiperrealismo, a pesar de su gran capacidad de dibujo\u00bb, coment\u00f3 la directora de Daniela M\u00e9rida Gallery, Daniela M\u00e9rida.<br \/>\nLa noche inaugural, el numeroso p\u00fablico apreci\u00f3 obras en gran, mediano y peque\u00f1o formato, trabajadas en lienzo y papel con una variedad de t\u00e9cnicas mixtas: \u00f3leo, acr\u00edlico, acuarela, tintas, collage y materiales reciclados. Es un recorrido por sus aciertos y desaciertos, por los momentos en los que se acerca y se aleja de su legado familiar hasta encontrar un lenguaje propio.<br \/>\n\u00abFael es un artista joven con una convicci\u00f3n inquebrantable. Su energ\u00eda, su honestidad y su entrega total a la creaci\u00f3n son el motor de esta exposici\u00f3n, donde no solo presenta su trabajo, sino su forma de existir en el mundo\u00bb, destac\u00f3 Daniel M\u00e9rida, curadora de la muestra\u00bb.<br \/>\nReflejos Et\u00e9reos estar\u00e1 abierta al p\u00fablico hasta el 26 de abril, ofreciendo una oportunidad para descubrir la obra de un artista que, con cada trazo, redefine los l\u00edmites de la pintura y del arte como un espacio de introspecci\u00f3n y conexi\u00f3n<\/p>\n\r\n                <style type=\"text\/css\">\r\n                    \r\n                    #tdi_1  .td-doubleSlider-2 .td-item1 {\r\n                        background: url(https:\/\/www.eldiario.net\/portal\/wp-content\/uploads\/2025\/04\/DSC_4326-80x60.jpg) 0 0 no-repeat;\r\n                    }\r\n                    #tdi_1  .td-doubleSlider-2 .td-item2 {\r\n                        background: url(https:\/\/www.eldiario.net\/portal\/wp-content\/uploads\/2025\/04\/DSC_4332-80x60.jpg) 0 0 no-repeat;\r\n                    }\r\n                    #tdi_1  .td-doubleSlider-2 .td-item3 {\r\n                        background: url(https:\/\/www.eldiario.net\/portal\/wp-content\/uploads\/2025\/04\/DSC_4337-80x60.jpg) 0 0 no-repeat;\r\n                    }\r\n                    #tdi_1  .td-doubleSlider-2 .td-item4 {\r\n                        background: url(https:\/\/www.eldiario.net\/portal\/wp-content\/uploads\/2025\/04\/DSC_4338-80x60.jpg) 0 0 no-repeat;\r\n                    }\r\n                    #tdi_1  .td-doubleSlider-2 .td-item5 {\r\n                        background: url(https:\/\/www.eldiario.net\/portal\/wp-content\/uploads\/2025\/04\/DSC_4343-80x60.jpg) 0 0 no-repeat;\r\n                    }\r\n                    #tdi_1  .td-doubleSlider-2 .td-item6 {\r\n                        background: url(https:\/\/www.eldiario.net\/portal\/wp-content\/uploads\/2025\/04\/DSC_4344-80x60.jpg) 0 0 no-repeat;\r\n                    }\r\n                    #tdi_1  .td-doubleSlider-2 .td-item7 {\r\n                        background: url(https:\/\/www.eldiario.net\/portal\/wp-content\/uploads\/2025\/04\/DSC_4346-80x60.jpg) 0 0 no-repeat;\r\n                    }\r\n                    #tdi_1  .td-doubleSlider-2 .td-item8 {\r\n                        background: url(https:\/\/www.eldiario.net\/portal\/wp-content\/uploads\/2025\/04\/DSC_4357-80x60.jpg) 0 0 no-repeat;\r\n                    }\r\n                    #tdi_1  .td-doubleSlider-2 .td-item9 {\r\n                        background: url(https:\/\/www.eldiario.net\/portal\/wp-content\/uploads\/2025\/04\/DSC_4413-80x60.jpg) 0 0 no-repeat;\r\n                    }\r\n                    #tdi_1  .td-doubleSlider-2 .td-item10 {\r\n                        background: url(https:\/\/www.eldiario.net\/portal\/wp-content\/uploads\/2025\/04\/DSC_4421-80x60.jpg) 0 0 no-repeat;\r\n                    }\r\n                <\/style>\r\n\r\n                <div id=\"tdi_1\" class=\"td-gallery td-slide-on-2-columns\">\r\n                    <div class=\"post_td_gallery\">\r\n                        <div class=\"td-gallery-slide-top\">\r\n                           <div class=\"td-gallery-title\"><\/div>\r\n\r\n                            <div class=\"td-gallery-controls-wrapper\">\r\n                                <div class=\"td-gallery-slide-count\"><span class=\"td-gallery-slide-item-focus\">1<\/span> de 10<\/div>\r\n                                <div class=\"td-gallery-slide-prev-next-but\">\r\n                                    <i class = \"td-icon-left doubleSliderPrevButton\"><\/i>\r\n                                    <i class = \"td-icon-right doubleSliderNextButton\"><\/i>\r\n                                <\/div>\r\n                            <\/div>\r\n                        <\/div>\r\n\r\n                        <div class = \"td-doubleSlider-1 \">\r\n                            <div class = \"td-slider\">\r\n                                \r\n                    <div class = \"td-slide-item td-item1\">\r\n                        <figure class=\"td-slide-galery-figure td-slide-popup-gallery\">\r\n                            <a class=\"slide-gallery-image-link\" href=\"https:\/\/www.eldiario.net\/portal\/wp-content\/uploads\/2025\/04\/DSC_4326.jpg\" title=\"DSC_4326\"  data-caption=\"NICIA PARAVICINI Y FAEL LARA.\"  data-description=\"\">\r\n                                <img decoding=\"async\" src=\"https:\/\/www.eldiario.net\/portal\/wp-content\/uploads\/2025\/04\/DSC_4326-629x420.jpg\" srcset=\"https:\/\/www.eldiario.net\/portal\/wp-content\/uploads\/2025\/04\/DSC_4326-629x420.jpg 629w, https:\/\/www.eldiario.net\/portal\/wp-content\/uploads\/2025\/04\/DSC_4326-300x200.jpg 300w, https:\/\/www.eldiario.net\/portal\/wp-content\/uploads\/2025\/04\/DSC_4326-1024x684.jpg 1024w, https:\/\/www.eldiario.net\/portal\/wp-content\/uploads\/2025\/04\/DSC_4326-768x513.jpg 768w, https:\/\/www.eldiario.net\/portal\/wp-content\/uploads\/2025\/04\/DSC_4326-696x465.jpg 696w, https:\/\/www.eldiario.net\/portal\/wp-content\/uploads\/2025\/04\/DSC_4326-1068x713.jpg 1068w, https:\/\/www.eldiario.net\/portal\/wp-content\/uploads\/2025\/04\/DSC_4326.jpg 1200w\" sizes=\"(max-width: 629px) 100vw, 629px\" alt=\"\">\r\n                            <\/a>\r\n                            <figcaption class = \"td-slide-caption td-gallery-slide-content\"><div class = \"td-gallery-slide-copywrite\">NICIA PARAVICINI Y FAEL LARA.<\/div><\/figcaption>\r\n                        <\/figure>\r\n                    <\/div>\r\n                    <div class = \"td-slide-item td-item2\">\r\n                        <figure class=\"td-slide-galery-figure td-slide-popup-gallery\">\r\n                            <a class=\"slide-gallery-image-link\" href=\"https:\/\/www.eldiario.net\/portal\/wp-content\/uploads\/2025\/04\/DSC_4332.jpg\" title=\"DSC_4332\"  data-caption=\"DIEGO GULLCO, VALERIA MOELLER, DANIELA M\u00c9RIDA, JULIO PUJOLS, CONSEJERO DE LA MISI\u00d3N DOMINICANA, Y CLAUDIO MARTE,  EMBAJADOR DE REP\u00daBLICA DOMINICANA.\"  data-description=\"\">\r\n                                <img decoding=\"async\" src=\"https:\/\/www.eldiario.net\/portal\/wp-content\/uploads\/2025\/04\/DSC_4332-629x420.jpg\" srcset=\"https:\/\/www.eldiario.net\/portal\/wp-content\/uploads\/2025\/04\/DSC_4332-629x420.jpg 629w, https:\/\/www.eldiario.net\/portal\/wp-content\/uploads\/2025\/04\/DSC_4332-300x200.jpg 300w, https:\/\/www.eldiario.net\/portal\/wp-content\/uploads\/2025\/04\/DSC_4332-1024x684.jpg 1024w, https:\/\/www.eldiario.net\/portal\/wp-content\/uploads\/2025\/04\/DSC_4332-768x513.jpg 768w, https:\/\/www.eldiario.net\/portal\/wp-content\/uploads\/2025\/04\/DSC_4332-696x465.jpg 696w, https:\/\/www.eldiario.net\/portal\/wp-content\/uploads\/2025\/04\/DSC_4332-1068x713.jpg 1068w, https:\/\/www.eldiario.net\/portal\/wp-content\/uploads\/2025\/04\/DSC_4332.jpg 1200w\" sizes=\"(max-width: 629px) 100vw, 629px\" alt=\"\">\r\n                            <\/a>\r\n                            <figcaption class = \"td-slide-caption td-gallery-slide-content\"><div class = \"td-gallery-slide-copywrite\">DIEGO GULLCO, VALERIA MOELLER, DANIELA M\u00c9RIDA, JULIO PUJOLS, CONSEJERO DE LA MISI\u00d3N DOMINICANA, Y CLAUDIO MARTE,  EMBAJADOR DE REP\u00daBLICA DOMINICANA.<\/div><\/figcaption>\r\n                        <\/figure>\r\n                    <\/div>\r\n                    <div class = \"td-slide-item td-item3\">\r\n                        <figure class=\"td-slide-galery-figure td-slide-popup-gallery\">\r\n                            <a class=\"slide-gallery-image-link\" href=\"https:\/\/www.eldiario.net\/portal\/wp-content\/uploads\/2025\/04\/DSC_4337.jpg\" title=\"DSC_4337\"  data-caption=\"DANIELA M\u00c9RIDA Y NICIA  PARAVICINI,  RETRATISTA.\"  data-description=\"\">\r\n                                <img decoding=\"async\" src=\"https:\/\/www.eldiario.net\/portal\/wp-content\/uploads\/2025\/04\/DSC_4337-280x420.jpg\" srcset=\"https:\/\/www.eldiario.net\/portal\/wp-content\/uploads\/2025\/04\/DSC_4337-280x420.jpg 280w, https:\/\/www.eldiario.net\/portal\/wp-content\/uploads\/2025\/04\/DSC_4337-200x300.jpg 200w, https:\/\/www.eldiario.net\/portal\/wp-content\/uploads\/2025\/04\/DSC_4337-683x1024.jpg 683w, https:\/\/www.eldiario.net\/portal\/wp-content\/uploads\/2025\/04\/DSC_4337-768x1151.jpg 768w, https:\/\/www.eldiario.net\/portal\/wp-content\/uploads\/2025\/04\/DSC_4337-1025x1536.jpg 1025w, https:\/\/www.eldiario.net\/portal\/wp-content\/uploads\/2025\/04\/DSC_4337-696x1043.jpg 696w, https:\/\/www.eldiario.net\/portal\/wp-content\/uploads\/2025\/04\/DSC_4337-1068x1600.jpg 1068w, https:\/\/www.eldiario.net\/portal\/wp-content\/uploads\/2025\/04\/DSC_4337.jpg 1200w\" sizes=\"(max-width: 280px) 100vw, 280px\" alt=\"\">\r\n                            <\/a>\r\n                            <figcaption class = \"td-slide-caption td-gallery-slide-content\"><div class = \"td-gallery-slide-copywrite\">DANIELA M\u00c9RIDA Y NICIA  PARAVICINI,  RETRATISTA.<\/div><\/figcaption>\r\n                        <\/figure>\r\n                    <\/div>\r\n                    <div class = \"td-slide-item td-item4\">\r\n                        <figure class=\"td-slide-galery-figure td-slide-popup-gallery\">\r\n                            <a class=\"slide-gallery-image-link\" href=\"https:\/\/www.eldiario.net\/portal\/wp-content\/uploads\/2025\/04\/DSC_4338.jpg\" title=\"DSC_4338\"  data-caption=\"  LOURDES LARA, MANUEL MENDOZA LARA Y SEBASTI\u00c1N MENDOZA SUXO.\"  data-description=\"\">\r\n                                <img decoding=\"async\" src=\"https:\/\/www.eldiario.net\/portal\/wp-content\/uploads\/2025\/04\/DSC_4338-629x420.jpg\" srcset=\"https:\/\/www.eldiario.net\/portal\/wp-content\/uploads\/2025\/04\/DSC_4338-629x420.jpg 629w, https:\/\/www.eldiario.net\/portal\/wp-content\/uploads\/2025\/04\/DSC_4338-300x200.jpg 300w, https:\/\/www.eldiario.net\/portal\/wp-content\/uploads\/2025\/04\/DSC_4338-1024x684.jpg 1024w, https:\/\/www.eldiario.net\/portal\/wp-content\/uploads\/2025\/04\/DSC_4338-768x513.jpg 768w, https:\/\/www.eldiario.net\/portal\/wp-content\/uploads\/2025\/04\/DSC_4338-696x465.jpg 696w, https:\/\/www.eldiario.net\/portal\/wp-content\/uploads\/2025\/04\/DSC_4338-1068x713.jpg 1068w, https:\/\/www.eldiario.net\/portal\/wp-content\/uploads\/2025\/04\/DSC_4338.jpg 1200w\" sizes=\"(max-width: 629px) 100vw, 629px\" alt=\"\">\r\n                            <\/a>\r\n                            <figcaption class = \"td-slide-caption td-gallery-slide-content\"><div class = \"td-gallery-slide-copywrite\">  LOURDES LARA, MANUEL MENDOZA LARA Y SEBASTI\u00c1N MENDOZA SUXO.<\/div><\/figcaption>\r\n                        <\/figure>\r\n                    <\/div>\r\n                    <div class = \"td-slide-item td-item5\">\r\n                        <figure class=\"td-slide-galery-figure td-slide-popup-gallery\">\r\n                            <a class=\"slide-gallery-image-link\" href=\"https:\/\/www.eldiario.net\/portal\/wp-content\/uploads\/2025\/04\/DSC_4343.jpg\" title=\"DSC_4343\"  data-caption=\"DANIELA M\u00c9RIDA, ELSA BARBERY Y JIMENA YAFFAR.\"  data-description=\"\">\r\n                                <img decoding=\"async\" src=\"https:\/\/www.eldiario.net\/portal\/wp-content\/uploads\/2025\/04\/DSC_4343-629x420.jpg\" srcset=\"https:\/\/www.eldiario.net\/portal\/wp-content\/uploads\/2025\/04\/DSC_4343-629x420.jpg 629w, https:\/\/www.eldiario.net\/portal\/wp-content\/uploads\/2025\/04\/DSC_4343-300x200.jpg 300w, https:\/\/www.eldiario.net\/portal\/wp-content\/uploads\/2025\/04\/DSC_4343-1024x684.jpg 1024w, https:\/\/www.eldiario.net\/portal\/wp-content\/uploads\/2025\/04\/DSC_4343-768x513.jpg 768w, https:\/\/www.eldiario.net\/portal\/wp-content\/uploads\/2025\/04\/DSC_4343-696x465.jpg 696w, https:\/\/www.eldiario.net\/portal\/wp-content\/uploads\/2025\/04\/DSC_4343-1068x713.jpg 1068w, https:\/\/www.eldiario.net\/portal\/wp-content\/uploads\/2025\/04\/DSC_4343.jpg 1200w\" sizes=\"(max-width: 629px) 100vw, 629px\" alt=\"\">\r\n                            <\/a>\r\n                            <figcaption class = \"td-slide-caption td-gallery-slide-content\"><div class = \"td-gallery-slide-copywrite\">DANIELA M\u00c9RIDA, ELSA BARBERY Y JIMENA YAFFAR.<\/div><\/figcaption>\r\n                        <\/figure>\r\n                    <\/div>\r\n                    <div class = \"td-slide-item td-item6\">\r\n                        <figure class=\"td-slide-galery-figure td-slide-popup-gallery\">\r\n                            <a class=\"slide-gallery-image-link\" href=\"https:\/\/www.eldiario.net\/portal\/wp-content\/uploads\/2025\/04\/DSC_4344.jpg\" title=\"DSC_4344\"  data-caption=\"CARLI M., TIZI Y VAL KOLOSH.\"  data-description=\"\">\r\n                                <img decoding=\"async\" src=\"https:\/\/www.eldiario.net\/portal\/wp-content\/uploads\/2025\/04\/DSC_4344-629x420.jpg\" srcset=\"https:\/\/www.eldiario.net\/portal\/wp-content\/uploads\/2025\/04\/DSC_4344-629x420.jpg 629w, https:\/\/www.eldiario.net\/portal\/wp-content\/uploads\/2025\/04\/DSC_4344-300x200.jpg 300w, https:\/\/www.eldiario.net\/portal\/wp-content\/uploads\/2025\/04\/DSC_4344-1024x684.jpg 1024w, https:\/\/www.eldiario.net\/portal\/wp-content\/uploads\/2025\/04\/DSC_4344-768x513.jpg 768w, https:\/\/www.eldiario.net\/portal\/wp-content\/uploads\/2025\/04\/DSC_4344-696x465.jpg 696w, https:\/\/www.eldiario.net\/portal\/wp-content\/uploads\/2025\/04\/DSC_4344-1068x713.jpg 1068w, https:\/\/www.eldiario.net\/portal\/wp-content\/uploads\/2025\/04\/DSC_4344.jpg 1200w\" sizes=\"(max-width: 629px) 100vw, 629px\" alt=\"\">\r\n                            <\/a>\r\n                            <figcaption class = \"td-slide-caption td-gallery-slide-content\"><div class = \"td-gallery-slide-copywrite\">CARLI M., TIZI Y VAL KOLOSH.<\/div><\/figcaption>\r\n                        <\/figure>\r\n                    <\/div>\r\n                    <div class = \"td-slide-item td-item7\">\r\n                        <figure class=\"td-slide-galery-figure td-slide-popup-gallery\">\r\n                            <a class=\"slide-gallery-image-link\" href=\"https:\/\/www.eldiario.net\/portal\/wp-content\/uploads\/2025\/04\/DSC_4346.jpg\" title=\"DSC_4346\"  data-caption=\"LOURDES LARA, L\u00cdA MELAZZINI Y LUANA TORRICO MU\u00d1OZ.\"  data-description=\"\">\r\n                                <img decoding=\"async\" src=\"https:\/\/www.eldiario.net\/portal\/wp-content\/uploads\/2025\/04\/DSC_4346-629x420.jpg\" srcset=\"https:\/\/www.eldiario.net\/portal\/wp-content\/uploads\/2025\/04\/DSC_4346-629x420.jpg 629w, https:\/\/www.eldiario.net\/portal\/wp-content\/uploads\/2025\/04\/DSC_4346-300x200.jpg 300w, https:\/\/www.eldiario.net\/portal\/wp-content\/uploads\/2025\/04\/DSC_4346-1024x684.jpg 1024w, https:\/\/www.eldiario.net\/portal\/wp-content\/uploads\/2025\/04\/DSC_4346-768x513.jpg 768w, https:\/\/www.eldiario.net\/portal\/wp-content\/uploads\/2025\/04\/DSC_4346-696x465.jpg 696w, https:\/\/www.eldiario.net\/portal\/wp-content\/uploads\/2025\/04\/DSC_4346-1068x713.jpg 1068w, https:\/\/www.eldiario.net\/portal\/wp-content\/uploads\/2025\/04\/DSC_4346.jpg 1200w\" sizes=\"(max-width: 629px) 100vw, 629px\" alt=\"\">\r\n                            <\/a>\r\n                            <figcaption class = \"td-slide-caption td-gallery-slide-content\"><div class = \"td-gallery-slide-copywrite\">LOURDES LARA, L\u00cdA MELAZZINI Y LUANA TORRICO MU\u00d1OZ.<\/div><\/figcaption>\r\n                        <\/figure>\r\n                    <\/div>\r\n                    <div class = \"td-slide-item td-item8\">\r\n                        <figure class=\"td-slide-galery-figure td-slide-popup-gallery\">\r\n                            <a class=\"slide-gallery-image-link\" href=\"https:\/\/www.eldiario.net\/portal\/wp-content\/uploads\/2025\/04\/DSC_4357.jpg\" title=\"DSC_4357\"  data-caption=\"EL ARTISTA FAEL LARA.\"  data-description=\"\">\r\n                                <img decoding=\"async\" src=\"https:\/\/www.eldiario.net\/portal\/wp-content\/uploads\/2025\/04\/DSC_4357-629x420.jpg\" srcset=\"https:\/\/www.eldiario.net\/portal\/wp-content\/uploads\/2025\/04\/DSC_4357-629x420.jpg 629w, https:\/\/www.eldiario.net\/portal\/wp-content\/uploads\/2025\/04\/DSC_4357-300x200.jpg 300w, https:\/\/www.eldiario.net\/portal\/wp-content\/uploads\/2025\/04\/DSC_4357-1024x684.jpg 1024w, https:\/\/www.eldiario.net\/portal\/wp-content\/uploads\/2025\/04\/DSC_4357-768x513.jpg 768w, https:\/\/www.eldiario.net\/portal\/wp-content\/uploads\/2025\/04\/DSC_4357-696x465.jpg 696w, https:\/\/www.eldiario.net\/portal\/wp-content\/uploads\/2025\/04\/DSC_4357-1068x713.jpg 1068w, https:\/\/www.eldiario.net\/portal\/wp-content\/uploads\/2025\/04\/DSC_4357.jpg 1200w\" sizes=\"(max-width: 629px) 100vw, 629px\" alt=\"\">\r\n                            <\/a>\r\n                            <figcaption class = \"td-slide-caption td-gallery-slide-content\"><div class = \"td-gallery-slide-copywrite\">EL ARTISTA FAEL LARA.<\/div><\/figcaption>\r\n                        <\/figure>\r\n                    <\/div>\r\n                    <div class = \"td-slide-item td-item9\">\r\n                        <figure class=\"td-slide-galery-figure td-slide-popup-gallery\">\r\n                            <a class=\"slide-gallery-image-link\" href=\"https:\/\/www.eldiario.net\/portal\/wp-content\/uploads\/2025\/04\/DSC_4413.jpg\" title=\"DSC_4413\"  data-caption=\" ELVIS  OJEDA Y FAEL LARA.\"  data-description=\"\">\r\n                                <img decoding=\"async\" src=\"https:\/\/www.eldiario.net\/portal\/wp-content\/uploads\/2025\/04\/DSC_4413-629x420.jpg\" srcset=\"https:\/\/www.eldiario.net\/portal\/wp-content\/uploads\/2025\/04\/DSC_4413-629x420.jpg 629w, https:\/\/www.eldiario.net\/portal\/wp-content\/uploads\/2025\/04\/DSC_4413-300x200.jpg 300w, https:\/\/www.eldiario.net\/portal\/wp-content\/uploads\/2025\/04\/DSC_4413-1024x684.jpg 1024w, https:\/\/www.eldiario.net\/portal\/wp-content\/uploads\/2025\/04\/DSC_4413-768x513.jpg 768w, https:\/\/www.eldiario.net\/portal\/wp-content\/uploads\/2025\/04\/DSC_4413-696x465.jpg 696w, https:\/\/www.eldiario.net\/portal\/wp-content\/uploads\/2025\/04\/DSC_4413-1068x713.jpg 1068w, https:\/\/www.eldiario.net\/portal\/wp-content\/uploads\/2025\/04\/DSC_4413.jpg 1200w\" sizes=\"(max-width: 629px) 100vw, 629px\" alt=\"\">\r\n                            <\/a>\r\n                            <figcaption class = \"td-slide-caption td-gallery-slide-content\"><div class = \"td-gallery-slide-copywrite\"> ELVIS  OJEDA Y FAEL LARA.<\/div><\/figcaption>\r\n                        <\/figure>\r\n                    <\/div>\r\n                    <div class = \"td-slide-item td-item10\">\r\n                        <figure class=\"td-slide-galery-figure td-slide-popup-gallery\">\r\n                            <a class=\"slide-gallery-image-link\" href=\"https:\/\/www.eldiario.net\/portal\/wp-content\/uploads\/2025\/04\/DSC_4421.jpg\" title=\"DSC_4421\"  data-caption=\"FABRICIO LARA, DANIELA M\u00c9RIDA, DIRECTORA DE LA GALER\u00cdA: FAEL LARA Y JESSIAN DIUHANEG.\"  data-description=\"\">\r\n                                <img decoding=\"async\" src=\"https:\/\/www.eldiario.net\/portal\/wp-content\/uploads\/2025\/04\/DSC_4421-629x420.jpg\" srcset=\"https:\/\/www.eldiario.net\/portal\/wp-content\/uploads\/2025\/04\/DSC_4421-629x420.jpg 629w, https:\/\/www.eldiario.net\/portal\/wp-content\/uploads\/2025\/04\/DSC_4421-300x200.jpg 300w, https:\/\/www.eldiario.net\/portal\/wp-content\/uploads\/2025\/04\/DSC_4421-1024x684.jpg 1024w, https:\/\/www.eldiario.net\/portal\/wp-content\/uploads\/2025\/04\/DSC_4421-768x513.jpg 768w, https:\/\/www.eldiario.net\/portal\/wp-content\/uploads\/2025\/04\/DSC_4421-696x465.jpg 696w, https:\/\/www.eldiario.net\/portal\/wp-content\/uploads\/2025\/04\/DSC_4421-1068x713.jpg 1068w, https:\/\/www.eldiario.net\/portal\/wp-content\/uploads\/2025\/04\/DSC_4421.jpg 1200w\" sizes=\"(max-width: 629px) 100vw, 629px\" alt=\"\">\r\n                            <\/a>\r\n                            <figcaption class = \"td-slide-caption td-gallery-slide-content\"><div class = \"td-gallery-slide-copywrite\">FABRICIO LARA, DANIELA M\u00c9RIDA, DIRECTORA DE LA GALER\u00cdA: FAEL LARA Y JESSIAN DIUHANEG.<\/div><\/figcaption>\r\n                        <\/figure>\r\n                    <\/div>\r\n                            <\/div>\r\n                        <\/div>\r\n\r\n                        <div class = \"td-doubleSlider-2\">\r\n                            <div class = \"td-slider\">\r\n                                \r\n                    <div class = \"td-button td-item1\">\r\n                        <div class = \"td-border\"><\/div>\r\n                    <\/div>\r\n                    <div class = \"td-button td-item2\">\r\n                        <div class = \"td-border\"><\/div>\r\n                    <\/div>\r\n                    <div class = \"td-button td-item3\">\r\n                        <div class = \"td-border\"><\/div>\r\n                    <\/div>\r\n                    <div class = \"td-button td-item4\">\r\n                        <div class = \"td-border\"><\/div>\r\n                    <\/div>\r\n                    <div class = \"td-button td-item5\">\r\n                        <div class = \"td-border\"><\/div>\r\n                    <\/div>\r\n                    <div class = \"td-button td-item6\">\r\n                        <div class = \"td-border\"><\/div>\r\n                    <\/div>\r\n                    <div class = \"td-button td-item7\">\r\n                        <div class = \"td-border\"><\/div>\r\n                    <\/div>\r\n                    <div class = \"td-button td-item8\">\r\n                        <div class = \"td-border\"><\/div>\r\n                    <\/div>\r\n                    <div class = \"td-button td-item9\">\r\n                        <div class = \"td-border\"><\/div>\r\n                    <\/div>\r\n                    <div class = \"td-button td-item10\">\r\n                        <div class = \"td-border\"><\/div>\r\n                    <\/div>\r\n                            <\/div>\r\n                        <\/div>\r\n\r\n                    <\/div>\r\n\r\n                <\/div>\r\n                \n","protected":false},"excerpt":{"rendered":"<p>Daniela M\u00e9rida Gallery, con el patrocinio de Laboratorios Bag\u00f3, presentan Reflejos Et\u00e9reos, la exposici\u00f3n individual del joven artista Fael Lara, miembro de la tercera generaci\u00f3n de la reconocida familia Lara. Esta muestra presenta una cuidadosa selecci\u00f3n de m\u00e1s de 170 piezas, en las que el artista explora la intersecci\u00f3n entre la tradici\u00f3n y la innovaci\u00f3n, [&hellip;]<\/p>\n","protected":false},"author":1,"featured_media":293464,"comment_status":"closed","ping_status":"open","sticky":false,"template":"","format":"standard","meta":{"_acf_changed":false,"footnotes":""},"categories":[40],"tags":[],"class_list":["post-293454","post","type-post","status-publish","format-standard","has-post-thumbnail","category-sociales"],"acf":{"antetitulo":""},"yoast_head":"<!-- This site is optimized with the Yoast SEO plugin v28.4 - https:\/\/yoast.com\/product\/yoast-seo-wordpress\/ -->\n<title>&quot;Reflejos et\u00e9reos&quot; muestra individual de Fael Lara - El Diario - Bolivia<\/title>\n<meta name=\"robots\" content=\"index, follow, max-snippet:-1, max-image-preview:large, max-video-preview:-1\" \/>\n<link rel=\"canonical\" href=\"https:\/\/www.eldiario.net\/portal\/2025\/04\/06\/reflejos-etereos-muestra-individual-de-fael-lara\/\" \/>\n<meta property=\"og:locale\" content=\"es_ES\" \/>\n<meta property=\"og:type\" content=\"article\" \/>\n<meta property=\"og:title\" content=\"&quot;Reflejos et\u00e9reos&quot; muestra individual de Fael Lara - El Diario - Bolivia\" \/>\n<meta property=\"og:description\" content=\"Daniela M\u00e9rida Gallery, con el patrocinio de Laboratorios Bag\u00f3, presentan Reflejos Et\u00e9reos, la exposici\u00f3n individual del joven artista Fael Lara, miembro de la tercera generaci\u00f3n de la reconocida familia Lara. Esta muestra presenta una cuidadosa selecci\u00f3n de m\u00e1s de 170 piezas, en las que el artista explora la intersecci\u00f3n entre la tradici\u00f3n y la innovaci\u00f3n, [&hellip;]\" \/>\n<meta property=\"og:url\" content=\"https:\/\/www.eldiario.net\/portal\/2025\/04\/06\/reflejos-etereos-muestra-individual-de-fael-lara\/\" \/>\n<meta property=\"og:site_name\" content=\"El Diario - Bolivia\" \/>\n<meta property=\"article:publisher\" content=\"https:\/\/www.facebook.com\/eldiario.bolivia\/\" \/>\n<meta property=\"article:published_time\" content=\"2025-04-06T11:34:12+00:00\" \/>\n<meta property=\"og:image\" content=\"https:\/\/www.eldiario.net\/portal\/wp-content\/uploads\/2025\/04\/DSC_4421.jpg\" \/>\n\t<meta property=\"og:image:width\" content=\"1200\" \/>\n\t<meta property=\"og:image:height\" content=\"801\" \/>\n\t<meta property=\"og:image:type\" content=\"image\/jpeg\" \/>\n<meta name=\"author\" content=\"Jeanette\" \/>\n<meta name=\"twitter:card\" content=\"summary_large_image\" \/>\n<meta name=\"twitter:creator\" content=\"@eldiario_net\" \/>\n<meta name=\"twitter:site\" content=\"@eldiario_net\" \/>\n<meta name=\"twitter:label1\" content=\"Escrito por\" \/>\n\t<meta name=\"twitter:data1\" content=\"Jeanette\" \/>\n\t<meta name=\"twitter:label2\" content=\"Tiempo de lectura\" \/>\n\t<meta name=\"twitter:data2\" content=\"2 minutos\" \/>\n<script type=\"application\/ld+json\" class=\"yoast-schema-graph\">{\"@context\":\"https:\\\/\\\/schema.org\",\"@graph\":[{\"@type\":\"Article\",\"@id\":\"https:\\\/\\\/www.eldiario.net\\\/portal\\\/2025\\\/04\\\/06\\\/reflejos-etereos-muestra-individual-de-fael-lara\\\/#article\",\"isPartOf\":{\"@id\":\"https:\\\/\\\/www.eldiario.net\\\/portal\\\/2025\\\/04\\\/06\\\/reflejos-etereos-muestra-individual-de-fael-lara\\\/\"},\"author\":{\"name\":\"Jeanette\",\"@id\":\"https:\\\/\\\/www.eldiario.net\\\/portal\\\/#\\\/schema\\\/person\\\/f46445640444750d7d753ccd04ae01b7\"},\"headline\":\"\u00abReflejos et\u00e9reos\u00bb muestra individual de Fael Lara\",\"datePublished\":\"2025-04-06T11:34:12+00:00\",\"mainEntityOfPage\":{\"@id\":\"https:\\\/\\\/www.eldiario.net\\\/portal\\\/2025\\\/04\\\/06\\\/reflejos-etereos-muestra-individual-de-fael-lara\\\/\"},\"wordCount\":343,\"publisher\":{\"@id\":\"https:\\\/\\\/www.eldiario.net\\\/portal\\\/#organization\"},\"image\":{\"@id\":\"https:\\\/\\\/www.eldiario.net\\\/portal\\\/2025\\\/04\\\/06\\\/reflejos-etereos-muestra-individual-de-fael-lara\\\/#primaryimage\"},\"thumbnailUrl\":\"https:\\\/\\\/www.eldiario.net\\\/portal\\\/wp-content\\\/uploads\\\/2025\\\/04\\\/DSC_4421.jpg\",\"articleSection\":[\"Sociales\"],\"inLanguage\":\"es\"},{\"@type\":\"WebPage\",\"@id\":\"https:\\\/\\\/www.eldiario.net\\\/portal\\\/2025\\\/04\\\/06\\\/reflejos-etereos-muestra-individual-de-fael-lara\\\/\",\"url\":\"https:\\\/\\\/www.eldiario.net\\\/portal\\\/2025\\\/04\\\/06\\\/reflejos-etereos-muestra-individual-de-fael-lara\\\/\",\"name\":\"\\\"Reflejos et\u00e9reos\\\" muestra individual de Fael Lara - El Diario - Bolivia\",\"isPartOf\":{\"@id\":\"https:\\\/\\\/www.eldiario.net\\\/portal\\\/#website\"},\"primaryImageOfPage\":{\"@id\":\"https:\\\/\\\/www.eldiario.net\\\/portal\\\/2025\\\/04\\\/06\\\/reflejos-etereos-muestra-individual-de-fael-lara\\\/#primaryimage\"},\"image\":{\"@id\":\"https:\\\/\\\/www.eldiario.net\\\/portal\\\/2025\\\/04\\\/06\\\/reflejos-etereos-muestra-individual-de-fael-lara\\\/#primaryimage\"},\"thumbnailUrl\":\"https:\\\/\\\/www.eldiario.net\\\/portal\\\/wp-content\\\/uploads\\\/2025\\\/04\\\/DSC_4421.jpg\",\"datePublished\":\"2025-04-06T11:34:12+00:00\",\"breadcrumb\":{\"@id\":\"https:\\\/\\\/www.eldiario.net\\\/portal\\\/2025\\\/04\\\/06\\\/reflejos-etereos-muestra-individual-de-fael-lara\\\/#breadcrumb\"},\"inLanguage\":\"es\",\"potentialAction\":[{\"@type\":\"ReadAction\",\"target\":[\"https:\\\/\\\/www.eldiario.net\\\/portal\\\/2025\\\/04\\\/06\\\/reflejos-etereos-muestra-individual-de-fael-lara\\\/\"]}]},{\"@type\":\"ImageObject\",\"inLanguage\":\"es\",\"@id\":\"https:\\\/\\\/www.eldiario.net\\\/portal\\\/2025\\\/04\\\/06\\\/reflejos-etereos-muestra-individual-de-fael-lara\\\/#primaryimage\",\"url\":\"https:\\\/\\\/www.eldiario.net\\\/portal\\\/wp-content\\\/uploads\\\/2025\\\/04\\\/DSC_4421.jpg\",\"contentUrl\":\"https:\\\/\\\/www.eldiario.net\\\/portal\\\/wp-content\\\/uploads\\\/2025\\\/04\\\/DSC_4421.jpg\",\"width\":1200,\"height\":801,\"caption\":\"FABRICIO LARA, DANIELA M\u00c9RIDA, DIRECTORA DE LA GALER\u00cdA: FAEL LARA Y JESSIAN DIUHANEG.\"},{\"@type\":\"BreadcrumbList\",\"@id\":\"https:\\\/\\\/www.eldiario.net\\\/portal\\\/2025\\\/04\\\/06\\\/reflejos-etereos-muestra-individual-de-fael-lara\\\/#breadcrumb\",\"itemListElement\":[{\"@type\":\"ListItem\",\"position\":1,\"name\":\"Portada\",\"item\":\"https:\\\/\\\/www.eldiario.net\\\/portal\\\/\"},{\"@type\":\"ListItem\",\"position\":2,\"name\":\"\u00abReflejos et\u00e9reos\u00bb muestra individual de Fael Lara\"}]},{\"@type\":\"WebSite\",\"@id\":\"https:\\\/\\\/www.eldiario.net\\\/portal\\\/#website\",\"url\":\"https:\\\/\\\/www.eldiario.net\\\/portal\\\/\",\"name\":\"El Diario - Decano de la prensa nacional\",\"description\":\"El Diario - Decano de la prensa nacional\",\"publisher\":{\"@id\":\"https:\\\/\\\/www.eldiario.net\\\/portal\\\/#organization\"},\"potentialAction\":[{\"@type\":\"SearchAction\",\"target\":{\"@type\":\"EntryPoint\",\"urlTemplate\":\"https:\\\/\\\/www.eldiario.net\\\/portal\\\/?s={search_term_string}\"},\"query-input\":{\"@type\":\"PropertyValueSpecification\",\"valueRequired\":true,\"valueName\":\"search_term_string\"}}],\"inLanguage\":\"es\"},{\"@type\":\"Organization\",\"@id\":\"https:\\\/\\\/www.eldiario.net\\\/portal\\\/#organization\",\"name\":\"El Diario - Decano de la prensa nacional\",\"url\":\"https:\\\/\\\/www.eldiario.net\\\/portal\\\/\",\"logo\":{\"@type\":\"ImageObject\",\"inLanguage\":\"es\",\"@id\":\"https:\\\/\\\/www.eldiario.net\\\/portal\\\/#\\\/schema\\\/logo\\\/image\\\/\",\"url\":\"https:\\\/\\\/www.eldiario.net\\\/portal\\\/wp-content\\\/uploads\\\/2023\\\/07\\\/logo_ED.jpg\",\"contentUrl\":\"https:\\\/\\\/www.eldiario.net\\\/portal\\\/wp-content\\\/uploads\\\/2023\\\/07\\\/logo_ED.jpg\",\"width\":272,\"height\":52,\"caption\":\"El Diario - Decano de la prensa nacional\"},\"image\":{\"@id\":\"https:\\\/\\\/www.eldiario.net\\\/portal\\\/#\\\/schema\\\/logo\\\/image\\\/\"},\"sameAs\":[\"https:\\\/\\\/www.facebook.com\\\/eldiario.bolivia\\\/\",\"https:\\\/\\\/x.com\\\/eldiario_net\"]},{\"@type\":\"Person\",\"@id\":\"https:\\\/\\\/www.eldiario.net\\\/portal\\\/#\\\/schema\\\/person\\\/f46445640444750d7d753ccd04ae01b7\",\"name\":\"Jeanette\",\"image\":{\"@type\":\"ImageObject\",\"inLanguage\":\"es\",\"@id\":\"https:\\\/\\\/secure.gravatar.com\\\/avatar\\\/3ea2118a5f7dad2b7138b1187a6b7ee55f160b9968b66013c3a3ef39dd7e5798?s=96&d=mm&r=g\",\"url\":\"https:\\\/\\\/secure.gravatar.com\\\/avatar\\\/3ea2118a5f7dad2b7138b1187a6b7ee55f160b9968b66013c3a3ef39dd7e5798?s=96&d=mm&r=g\",\"contentUrl\":\"https:\\\/\\\/secure.gravatar.com\\\/avatar\\\/3ea2118a5f7dad2b7138b1187a6b7ee55f160b9968b66013c3a3ef39dd7e5798?s=96&d=mm&r=g\",\"caption\":\"Jeanette\"},\"sameAs\":[\"https:\\\/\\\/www.eldiario.net\\\/portal\"],\"url\":\"https:\\\/\\\/www.eldiario.net\\\/portal\\\/author\\\/jeanette\\\/\"}]}<\/script>\n<!-- \/ Yoast SEO plugin. -->","yoast_head_json":{"title":"\"Reflejos et\u00e9reos\" muestra individual de Fael Lara - El Diario - Bolivia","robots":{"index":"index","follow":"follow","max-snippet":"max-snippet:-1","max-image-preview":"max-image-preview:large","max-video-preview":"max-video-preview:-1"},"canonical":"https:\/\/www.eldiario.net\/portal\/2025\/04\/06\/reflejos-etereos-muestra-individual-de-fael-lara\/","og_locale":"es_ES","og_type":"article","og_title":"\"Reflejos et\u00e9reos\" muestra individual de Fael Lara - El Diario - Bolivia","og_description":"Daniela M\u00e9rida Gallery, con el patrocinio de Laboratorios Bag\u00f3, presentan Reflejos Et\u00e9reos, la exposici\u00f3n individual del joven artista Fael Lara, miembro de la tercera generaci\u00f3n de la reconocida familia Lara. Esta muestra presenta una cuidadosa selecci\u00f3n de m\u00e1s de 170 piezas, en las que el artista explora la intersecci\u00f3n entre la tradici\u00f3n y la innovaci\u00f3n, [&hellip;]","og_url":"https:\/\/www.eldiario.net\/portal\/2025\/04\/06\/reflejos-etereos-muestra-individual-de-fael-lara\/","og_site_name":"El Diario - Bolivia","article_publisher":"https:\/\/www.facebook.com\/eldiario.bolivia\/","article_published_time":"2025-04-06T11:34:12+00:00","og_image":[{"width":1200,"height":801,"url":"https:\/\/www.eldiario.net\/portal\/wp-content\/uploads\/2025\/04\/DSC_4421.jpg","type":"image\/jpeg"}],"author":"Jeanette","twitter_card":"summary_large_image","twitter_creator":"@eldiario_net","twitter_site":"@eldiario_net","twitter_misc":{"Escrito por":"Jeanette","Tiempo de lectura":"2 minutos"},"schema":{"@context":"https:\/\/schema.org","@graph":[{"@type":"Article","@id":"https:\/\/www.eldiario.net\/portal\/2025\/04\/06\/reflejos-etereos-muestra-individual-de-fael-lara\/#article","isPartOf":{"@id":"https:\/\/www.eldiario.net\/portal\/2025\/04\/06\/reflejos-etereos-muestra-individual-de-fael-lara\/"},"author":{"name":"Jeanette","@id":"https:\/\/www.eldiario.net\/portal\/#\/schema\/person\/f46445640444750d7d753ccd04ae01b7"},"headline":"\u00abReflejos et\u00e9reos\u00bb muestra individual de Fael Lara","datePublished":"2025-04-06T11:34:12+00:00","mainEntityOfPage":{"@id":"https:\/\/www.eldiario.net\/portal\/2025\/04\/06\/reflejos-etereos-muestra-individual-de-fael-lara\/"},"wordCount":343,"publisher":{"@id":"https:\/\/www.eldiario.net\/portal\/#organization"},"image":{"@id":"https:\/\/www.eldiario.net\/portal\/2025\/04\/06\/reflejos-etereos-muestra-individual-de-fael-lara\/#primaryimage"},"thumbnailUrl":"https:\/\/www.eldiario.net\/portal\/wp-content\/uploads\/2025\/04\/DSC_4421.jpg","articleSection":["Sociales"],"inLanguage":"es"},{"@type":"WebPage","@id":"https:\/\/www.eldiario.net\/portal\/2025\/04\/06\/reflejos-etereos-muestra-individual-de-fael-lara\/","url":"https:\/\/www.eldiario.net\/portal\/2025\/04\/06\/reflejos-etereos-muestra-individual-de-fael-lara\/","name":"\"Reflejos et\u00e9reos\" muestra individual de Fael Lara - El Diario - Bolivia","isPartOf":{"@id":"https:\/\/www.eldiario.net\/portal\/#website"},"primaryImageOfPage":{"@id":"https:\/\/www.eldiario.net\/portal\/2025\/04\/06\/reflejos-etereos-muestra-individual-de-fael-lara\/#primaryimage"},"image":{"@id":"https:\/\/www.eldiario.net\/portal\/2025\/04\/06\/reflejos-etereos-muestra-individual-de-fael-lara\/#primaryimage"},"thumbnailUrl":"https:\/\/www.eldiario.net\/portal\/wp-content\/uploads\/2025\/04\/DSC_4421.jpg","datePublished":"2025-04-06T11:34:12+00:00","breadcrumb":{"@id":"https:\/\/www.eldiario.net\/portal\/2025\/04\/06\/reflejos-etereos-muestra-individual-de-fael-lara\/#breadcrumb"},"inLanguage":"es","potentialAction":[{"@type":"ReadAction","target":["https:\/\/www.eldiario.net\/portal\/2025\/04\/06\/reflejos-etereos-muestra-individual-de-fael-lara\/"]}]},{"@type":"ImageObject","inLanguage":"es","@id":"https:\/\/www.eldiario.net\/portal\/2025\/04\/06\/reflejos-etereos-muestra-individual-de-fael-lara\/#primaryimage","url":"https:\/\/www.eldiario.net\/portal\/wp-content\/uploads\/2025\/04\/DSC_4421.jpg","contentUrl":"https:\/\/www.eldiario.net\/portal\/wp-content\/uploads\/2025\/04\/DSC_4421.jpg","width":1200,"height":801,"caption":"FABRICIO LARA, DANIELA M\u00c9RIDA, DIRECTORA DE LA GALER\u00cdA: FAEL LARA Y JESSIAN DIUHANEG."},{"@type":"BreadcrumbList","@id":"https:\/\/www.eldiario.net\/portal\/2025\/04\/06\/reflejos-etereos-muestra-individual-de-fael-lara\/#breadcrumb","itemListElement":[{"@type":"ListItem","position":1,"name":"Portada","item":"https:\/\/www.eldiario.net\/portal\/"},{"@type":"ListItem","position":2,"name":"\u00abReflejos et\u00e9reos\u00bb muestra individual de Fael Lara"}]},{"@type":"WebSite","@id":"https:\/\/www.eldiario.net\/portal\/#website","url":"https:\/\/www.eldiario.net\/portal\/","name":"El Diario - Decano de la prensa nacional","description":"El Diario - Decano de la prensa nacional","publisher":{"@id":"https:\/\/www.eldiario.net\/portal\/#organization"},"potentialAction":[{"@type":"SearchAction","target":{"@type":"EntryPoint","urlTemplate":"https:\/\/www.eldiario.net\/portal\/?s={search_term_string}"},"query-input":{"@type":"PropertyValueSpecification","valueRequired":true,"valueName":"search_term_string"}}],"inLanguage":"es"},{"@type":"Organization","@id":"https:\/\/www.eldiario.net\/portal\/#organization","name":"El Diario - Decano de la prensa nacional","url":"https:\/\/www.eldiario.net\/portal\/","logo":{"@type":"ImageObject","inLanguage":"es","@id":"https:\/\/www.eldiario.net\/portal\/#\/schema\/logo\/image\/","url":"https:\/\/www.eldiario.net\/portal\/wp-content\/uploads\/2023\/07\/logo_ED.jpg","contentUrl":"https:\/\/www.eldiario.net\/portal\/wp-content\/uploads\/2023\/07\/logo_ED.jpg","width":272,"height":52,"caption":"El Diario - Decano de la prensa nacional"},"image":{"@id":"https:\/\/www.eldiario.net\/portal\/#\/schema\/logo\/image\/"},"sameAs":["https:\/\/www.facebook.com\/eldiario.bolivia\/","https:\/\/x.com\/eldiario_net"]},{"@type":"Person","@id":"https:\/\/www.eldiario.net\/portal\/#\/schema\/person\/f46445640444750d7d753ccd04ae01b7","name":"Jeanette","image":{"@type":"ImageObject","inLanguage":"es","@id":"https:\/\/secure.gravatar.com\/avatar\/3ea2118a5f7dad2b7138b1187a6b7ee55f160b9968b66013c3a3ef39dd7e5798?s=96&d=mm&r=g","url":"https:\/\/secure.gravatar.com\/avatar\/3ea2118a5f7dad2b7138b1187a6b7ee55f160b9968b66013c3a3ef39dd7e5798?s=96&d=mm&r=g","contentUrl":"https:\/\/secure.gravatar.com\/avatar\/3ea2118a5f7dad2b7138b1187a6b7ee55f160b9968b66013c3a3ef39dd7e5798?s=96&d=mm&r=g","caption":"Jeanette"},"sameAs":["https:\/\/www.eldiario.net\/portal"],"url":"https:\/\/www.eldiario.net\/portal\/author\/jeanette\/"}]}},"_links":{"self":[{"href":"https:\/\/www.eldiario.net\/portal\/wp-json\/wp\/v2\/posts\/293454","targetHints":{"allow":["GET"]}}],"collection":[{"href":"https:\/\/www.eldiario.net\/portal\/wp-json\/wp\/v2\/posts"}],"about":[{"href":"https:\/\/www.eldiario.net\/portal\/wp-json\/wp\/v2\/types\/post"}],"author":[{"embeddable":true,"href":"https:\/\/www.eldiario.net\/portal\/wp-json\/wp\/v2\/users\/1"}],"replies":[{"embeddable":true,"href":"https:\/\/www.eldiario.net\/portal\/wp-json\/wp\/v2\/comments?post=293454"}],"version-history":[{"count":1,"href":"https:\/\/www.eldiario.net\/portal\/wp-json\/wp\/v2\/posts\/293454\/revisions"}],"predecessor-version":[{"id":293465,"href":"https:\/\/www.eldiario.net\/portal\/wp-json\/wp\/v2\/posts\/293454\/revisions\/293465"}],"wp:featuredmedia":[{"embeddable":true,"href":"https:\/\/www.eldiario.net\/portal\/wp-json\/wp\/v2\/media\/293464"}],"wp:attachment":[{"href":"https:\/\/www.eldiario.net\/portal\/wp-json\/wp\/v2\/media?parent=293454"}],"wp:term":[{"taxonomy":"category","embeddable":true,"href":"https:\/\/www.eldiario.net\/portal\/wp-json\/wp\/v2\/categories?post=293454"},{"taxonomy":"post_tag","embeddable":true,"href":"https:\/\/www.eldiario.net\/portal\/wp-json\/wp\/v2\/tags?post=293454"}],"curies":[{"name":"wp","href":"https:\/\/api.w.org\/{rel}","templated":true}]}}