{"id":293437,"date":"2025-04-06T07:19:53","date_gmt":"2025-04-06T11:19:53","guid":{"rendered":"https:\/\/www.eldiario.net\/portal\/?p=293437"},"modified":"2025-04-06T07:19:53","modified_gmt":"2025-04-06T11:19:53","slug":"descubren-rastros-de-teropodos-en-melgarayo","status":"publish","type":"post","link":"https:\/\/www.eldiario.net\/portal\/2025\/04\/06\/descubren-rastros-de-teropodos-en-melgarayo\/","title":{"rendered":"Descubren rastros de ter\u00f3podos en Melgarayo"},"content":{"rendered":"<p>El Distrito 8 del municipio de Sucre acaba de convertirse en escenario de un descubrimiento paleontol\u00f3gico de alto valor cient\u00edfico. En la comunidad de Melgarayo, se han identificado huellas f\u00f3siles de dinosaurios ter\u00f3podos, marcando un nuevo cap\u00edtulo en la historia natural del pa\u00eds.<br \/>\nEl hallazgo fue confirmado por el paleont\u00f3logo, Omar Medina, quien explic\u00f3 que las huellas corresponden a un dinosaurio carn\u00edvoro y b\u00edpedo, cuya longitud habr\u00eda alcanzado los 7 metros. \u201cEstas impresiones pertenecen a un ter\u00f3podo \u00e1gil y feroz, un depredador eficiente del Cret\u00e1cico Superior\u201d, detall\u00f3 el investigador, destacando la precisi\u00f3n de las pisadas conservadas en el sedimento.<br \/>\nVALOR CIENT\u00cdFICO<br \/>\nEl descubrimiento fue reportado inicialmente por los propios comunarios de Melgarayo y verificado por t\u00e9cnicos de la Direcci\u00f3n Municipal de Turismo, encabezados por Juan Carlos Daza. Este tipo de participaci\u00f3n comunitaria es clave para la protecci\u00f3n y el estudio de patrimonio f\u00f3sil.<br \/>\n\u201cEste sitio no solo ampl\u00eda nuestro conocimiento sobre la distribuci\u00f3n de los dinosaurios en Bolivia, sino tambi\u00e9n ofrece pistas sobre su comportamiento, ecolog\u00eda y adaptaci\u00f3n al ambiente\u201d, sostuvo Medina. Adem\u00e1s, subray\u00f3 la importancia de iniciar estudios geol\u00f3gicos y biol\u00f3gicos m\u00e1s profundos en el \u00e1rea.<br \/>\nPOTENCIAL TUR\u00cdSTICO<br \/>\nEl nuevo sitio de huellas se suma a una creciente lista de yacimientos en el entorno de Sucre, consolidando a la regi\u00f3n como una de las zonas m\u00e1s ricas en rastros de dinosaurios del continente. La posibilidad de convertir Melgarayo en un atractivo tur\u00edstico cient\u00edfico es una realidad palpable. \u201cEsta riqueza paleontol\u00f3gica puede atraer a investigadores y visitantes, con beneficios directos para la econom\u00eda local\u201d, indic\u00f3 Medina.<br \/>\nCAL ORCK\u2019O<br \/>\nA escasos kil\u00f3metros de este nuevo hallazgo se encuentra el imponente farall\u00f3n de Cal Orck\u2019o, que guarda m\u00e1s de 12.000 huellas de dinosaurios, distribuidas en un kil\u00f3metro de extensi\u00f3n vertical.<\/p>\n","protected":false},"excerpt":{"rendered":"<p>El Distrito 8 del municipio de Sucre acaba de convertirse en escenario de un descubrimiento paleontol\u00f3gico de alto valor cient\u00edfico. En la comunidad de Melgarayo, se han identificado huellas f\u00f3siles de dinosaurios ter\u00f3podos, marcando un nuevo cap\u00edtulo en la historia natural del pa\u00eds. El hallazgo fue confirmado por el paleont\u00f3logo, Omar Medina, quien explic\u00f3 que [&hellip;]<\/p>\n","protected":false},"author":1,"featured_media":293438,"comment_status":"closed","ping_status":"open","sticky":false,"template":"","format":"standard","meta":{"_acf_changed":false,"footnotes":""},"categories":[12],"tags":[],"class_list":["post-293437","post","type-post","status-publish","format-standard","has-post-thumbnail","category-nacional"],"acf":{"antetitulo":"Sucre"},"yoast_head":"<!-- This site is optimized with the Yoast SEO plugin v28.4 - https:\/\/yoast.com\/product\/yoast-seo-wordpress\/ -->\n<title>Descubren rastros de ter\u00f3podos en Melgarayo - El Diario - Bolivia<\/title>\n<meta name=\"robots\" content=\"index, follow, max-snippet:-1, max-image-preview:large, max-video-preview:-1\" \/>\n<link rel=\"canonical\" href=\"https:\/\/www.eldiario.net\/portal\/2025\/04\/06\/descubren-rastros-de-teropodos-en-melgarayo\/\" \/>\n<meta property=\"og:locale\" content=\"es_ES\" \/>\n<meta property=\"og:type\" content=\"article\" \/>\n<meta property=\"og:title\" content=\"Descubren rastros de ter\u00f3podos en Melgarayo - El Diario - Bolivia\" \/>\n<meta property=\"og:description\" content=\"El Distrito 8 del municipio de Sucre acaba de convertirse en escenario de un descubrimiento paleontol\u00f3gico de alto valor cient\u00edfico. En la comunidad de Melgarayo, se han identificado huellas f\u00f3siles de dinosaurios ter\u00f3podos, marcando un nuevo cap\u00edtulo en la historia natural del pa\u00eds. El hallazgo fue confirmado por el paleont\u00f3logo, Omar Medina, quien explic\u00f3 que [&hellip;]\" \/>\n<meta property=\"og:url\" content=\"https:\/\/www.eldiario.net\/portal\/2025\/04\/06\/descubren-rastros-de-teropodos-en-melgarayo\/\" \/>\n<meta property=\"og:site_name\" content=\"El Diario - Bolivia\" \/>\n<meta property=\"article:publisher\" content=\"https:\/\/www.facebook.com\/eldiario.bolivia\/\" \/>\n<meta property=\"article:published_time\" content=\"2025-04-06T11:19:53+00:00\" \/>\n<meta property=\"og:image\" content=\"https:\/\/www.eldiario.net\/portal\/wp-content\/uploads\/2025\/04\/10-NAL-COLOR-1.jpg\" \/>\n\t<meta property=\"og:image:width\" content=\"963\" \/>\n\t<meta property=\"og:image:height\" content=\"620\" \/>\n\t<meta property=\"og:image:type\" content=\"image\/jpeg\" \/>\n<meta name=\"author\" content=\"Jeanette\" \/>\n<meta name=\"twitter:card\" content=\"summary_large_image\" \/>\n<meta name=\"twitter:creator\" content=\"@eldiario_net\" \/>\n<meta name=\"twitter:site\" content=\"@eldiario_net\" \/>\n<meta name=\"twitter:label1\" content=\"Escrito por\" \/>\n\t<meta name=\"twitter:data1\" content=\"Jeanette\" \/>\n\t<meta name=\"twitter:label2\" content=\"Tiempo de lectura\" \/>\n\t<meta name=\"twitter:data2\" content=\"2 minutos\" \/>\n<script type=\"application\/ld+json\" class=\"yoast-schema-graph\">{\"@context\":\"https:\\\/\\\/schema.org\",\"@graph\":[{\"@type\":\"Article\",\"@id\":\"https:\\\/\\\/www.eldiario.net\\\/portal\\\/2025\\\/04\\\/06\\\/descubren-rastros-de-teropodos-en-melgarayo\\\/#article\",\"isPartOf\":{\"@id\":\"https:\\\/\\\/www.eldiario.net\\\/portal\\\/2025\\\/04\\\/06\\\/descubren-rastros-de-teropodos-en-melgarayo\\\/\"},\"author\":{\"name\":\"Jeanette\",\"@id\":\"https:\\\/\\\/www.eldiario.net\\\/portal\\\/#\\\/schema\\\/person\\\/2c57cf2b7a7ae032e449e4c9b1019eac\"},\"headline\":\"Descubren rastros de ter\u00f3podos en Melgarayo\",\"datePublished\":\"2025-04-06T11:19:53+00:00\",\"mainEntityOfPage\":{\"@id\":\"https:\\\/\\\/www.eldiario.net\\\/portal\\\/2025\\\/04\\\/06\\\/descubren-rastros-de-teropodos-en-melgarayo\\\/\"},\"wordCount\":334,\"publisher\":{\"@id\":\"https:\\\/\\\/www.eldiario.net\\\/portal\\\/#organization\"},\"image\":{\"@id\":\"https:\\\/\\\/www.eldiario.net\\\/portal\\\/2025\\\/04\\\/06\\\/descubren-rastros-de-teropodos-en-melgarayo\\\/#primaryimage\"},\"thumbnailUrl\":\"https:\\\/\\\/www.eldiario.net\\\/portal\\\/wp-content\\\/uploads\\\/2025\\\/04\\\/10-NAL-COLOR-1.jpg\",\"articleSection\":[\"Nacional\"],\"inLanguage\":\"es\"},{\"@type\":\"WebPage\",\"@id\":\"https:\\\/\\\/www.eldiario.net\\\/portal\\\/2025\\\/04\\\/06\\\/descubren-rastros-de-teropodos-en-melgarayo\\\/\",\"url\":\"https:\\\/\\\/www.eldiario.net\\\/portal\\\/2025\\\/04\\\/06\\\/descubren-rastros-de-teropodos-en-melgarayo\\\/\",\"name\":\"Descubren rastros de ter\u00f3podos en Melgarayo - El Diario - Bolivia\",\"isPartOf\":{\"@id\":\"https:\\\/\\\/www.eldiario.net\\\/portal\\\/#website\"},\"primaryImageOfPage\":{\"@id\":\"https:\\\/\\\/www.eldiario.net\\\/portal\\\/2025\\\/04\\\/06\\\/descubren-rastros-de-teropodos-en-melgarayo\\\/#primaryimage\"},\"image\":{\"@id\":\"https:\\\/\\\/www.eldiario.net\\\/portal\\\/2025\\\/04\\\/06\\\/descubren-rastros-de-teropodos-en-melgarayo\\\/#primaryimage\"},\"thumbnailUrl\":\"https:\\\/\\\/www.eldiario.net\\\/portal\\\/wp-content\\\/uploads\\\/2025\\\/04\\\/10-NAL-COLOR-1.jpg\",\"datePublished\":\"2025-04-06T11:19:53+00:00\",\"breadcrumb\":{\"@id\":\"https:\\\/\\\/www.eldiario.net\\\/portal\\\/2025\\\/04\\\/06\\\/descubren-rastros-de-teropodos-en-melgarayo\\\/#breadcrumb\"},\"inLanguage\":\"es\",\"potentialAction\":[{\"@type\":\"ReadAction\",\"target\":[\"https:\\\/\\\/www.eldiario.net\\\/portal\\\/2025\\\/04\\\/06\\\/descubren-rastros-de-teropodos-en-melgarayo\\\/\"]}]},{\"@type\":\"ImageObject\",\"inLanguage\":\"es\",\"@id\":\"https:\\\/\\\/www.eldiario.net\\\/portal\\\/2025\\\/04\\\/06\\\/descubren-rastros-de-teropodos-en-melgarayo\\\/#primaryimage\",\"url\":\"https:\\\/\\\/www.eldiario.net\\\/portal\\\/wp-content\\\/uploads\\\/2025\\\/04\\\/10-NAL-COLOR-1.jpg\",\"contentUrl\":\"https:\\\/\\\/www.eldiario.net\\\/portal\\\/wp-content\\\/uploads\\\/2025\\\/04\\\/10-NAL-COLOR-1.jpg\",\"width\":963,\"height\":620,\"caption\":\"LOS C\u00cdRCULOS IDENTIFICAN LOS LUGARES DONDE SE ENCONTRARON LAS HUELLAS F\u00d3SILES DE DINOSAURIOS.\"},{\"@type\":\"BreadcrumbList\",\"@id\":\"https:\\\/\\\/www.eldiario.net\\\/portal\\\/2025\\\/04\\\/06\\\/descubren-rastros-de-teropodos-en-melgarayo\\\/#breadcrumb\",\"itemListElement\":[{\"@type\":\"ListItem\",\"position\":1,\"name\":\"Portada\",\"item\":\"https:\\\/\\\/www.eldiario.net\\\/portal\\\/\"},{\"@type\":\"ListItem\",\"position\":2,\"name\":\"Descubren rastros de ter\u00f3podos en Melgarayo\"}]},{\"@type\":\"WebSite\",\"@id\":\"https:\\\/\\\/www.eldiario.net\\\/portal\\\/#website\",\"url\":\"https:\\\/\\\/www.eldiario.net\\\/portal\\\/\",\"name\":\"El Diario - Decano de la prensa nacional\",\"description\":\"El Diario - Decano de la prensa nacional\",\"publisher\":{\"@id\":\"https:\\\/\\\/www.eldiario.net\\\/portal\\\/#organization\"},\"potentialAction\":[{\"@type\":\"SearchAction\",\"target\":{\"@type\":\"EntryPoint\",\"urlTemplate\":\"https:\\\/\\\/www.eldiario.net\\\/portal\\\/?s={search_term_string}\"},\"query-input\":{\"@type\":\"PropertyValueSpecification\",\"valueRequired\":true,\"valueName\":\"search_term_string\"}}],\"inLanguage\":\"es\"},{\"@type\":\"Organization\",\"@id\":\"https:\\\/\\\/www.eldiario.net\\\/portal\\\/#organization\",\"name\":\"El Diario - Decano de la prensa nacional\",\"url\":\"https:\\\/\\\/www.eldiario.net\\\/portal\\\/\",\"logo\":{\"@type\":\"ImageObject\",\"inLanguage\":\"es\",\"@id\":\"https:\\\/\\\/www.eldiario.net\\\/portal\\\/#\\\/schema\\\/logo\\\/image\\\/\",\"url\":\"https:\\\/\\\/www.eldiario.net\\\/portal\\\/wp-content\\\/uploads\\\/2023\\\/07\\\/logo_ED.jpg\",\"contentUrl\":\"https:\\\/\\\/www.eldiario.net\\\/portal\\\/wp-content\\\/uploads\\\/2023\\\/07\\\/logo_ED.jpg\",\"width\":272,\"height\":52,\"caption\":\"El Diario - Decano de la prensa nacional\"},\"image\":{\"@id\":\"https:\\\/\\\/www.eldiario.net\\\/portal\\\/#\\\/schema\\\/logo\\\/image\\\/\"},\"sameAs\":[\"https:\\\/\\\/www.facebook.com\\\/eldiario.bolivia\\\/\",\"https:\\\/\\\/x.com\\\/eldiario_net\"]},{\"@type\":\"Person\",\"@id\":\"https:\\\/\\\/www.eldiario.net\\\/portal\\\/#\\\/schema\\\/person\\\/2c57cf2b7a7ae032e449e4c9b1019eac\",\"name\":\"Jeanette\",\"image\":{\"@type\":\"ImageObject\",\"inLanguage\":\"es\",\"@id\":\"https:\\\/\\\/secure.gravatar.com\\\/avatar\\\/3ea2118a5f7dad2b7138b1187a6b7ee55f160b9968b66013c3a3ef39dd7e5798?s=96&d=mm&r=g\",\"url\":\"https:\\\/\\\/secure.gravatar.com\\\/avatar\\\/3ea2118a5f7dad2b7138b1187a6b7ee55f160b9968b66013c3a3ef39dd7e5798?s=96&d=mm&r=g\",\"contentUrl\":\"https:\\\/\\\/secure.gravatar.com\\\/avatar\\\/3ea2118a5f7dad2b7138b1187a6b7ee55f160b9968b66013c3a3ef39dd7e5798?s=96&d=mm&r=g\",\"caption\":\"Jeanette\"},\"sameAs\":[\"https:\\\/\\\/www.eldiario.net\\\/portal\"],\"url\":\"https:\\\/\\\/www.eldiario.net\\\/portal\\\/author\\\/jeanette\\\/\"}]}<\/script>\n<!-- \/ Yoast SEO plugin. -->","yoast_head_json":{"title":"Descubren rastros de ter\u00f3podos en Melgarayo - El Diario - Bolivia","robots":{"index":"index","follow":"follow","max-snippet":"max-snippet:-1","max-image-preview":"max-image-preview:large","max-video-preview":"max-video-preview:-1"},"canonical":"https:\/\/www.eldiario.net\/portal\/2025\/04\/06\/descubren-rastros-de-teropodos-en-melgarayo\/","og_locale":"es_ES","og_type":"article","og_title":"Descubren rastros de ter\u00f3podos en Melgarayo - El Diario - Bolivia","og_description":"El Distrito 8 del municipio de Sucre acaba de convertirse en escenario de un descubrimiento paleontol\u00f3gico de alto valor cient\u00edfico. En la comunidad de Melgarayo, se han identificado huellas f\u00f3siles de dinosaurios ter\u00f3podos, marcando un nuevo cap\u00edtulo en la historia natural del pa\u00eds. El hallazgo fue confirmado por el paleont\u00f3logo, Omar Medina, quien explic\u00f3 que [&hellip;]","og_url":"https:\/\/www.eldiario.net\/portal\/2025\/04\/06\/descubren-rastros-de-teropodos-en-melgarayo\/","og_site_name":"El Diario - Bolivia","article_publisher":"https:\/\/www.facebook.com\/eldiario.bolivia\/","article_published_time":"2025-04-06T11:19:53+00:00","og_image":[{"width":963,"height":620,"url":"https:\/\/www.eldiario.net\/portal\/wp-content\/uploads\/2025\/04\/10-NAL-COLOR-1.jpg","type":"image\/jpeg"}],"author":"Jeanette","twitter_card":"summary_large_image","twitter_creator":"@eldiario_net","twitter_site":"@eldiario_net","twitter_misc":{"Escrito por":"Jeanette","Tiempo de lectura":"2 minutos"},"schema":{"@context":"https:\/\/schema.org","@graph":[{"@type":"Article","@id":"https:\/\/www.eldiario.net\/portal\/2025\/04\/06\/descubren-rastros-de-teropodos-en-melgarayo\/#article","isPartOf":{"@id":"https:\/\/www.eldiario.net\/portal\/2025\/04\/06\/descubren-rastros-de-teropodos-en-melgarayo\/"},"author":{"name":"Jeanette","@id":"https:\/\/www.eldiario.net\/portal\/#\/schema\/person\/2c57cf2b7a7ae032e449e4c9b1019eac"},"headline":"Descubren rastros de ter\u00f3podos en Melgarayo","datePublished":"2025-04-06T11:19:53+00:00","mainEntityOfPage":{"@id":"https:\/\/www.eldiario.net\/portal\/2025\/04\/06\/descubren-rastros-de-teropodos-en-melgarayo\/"},"wordCount":334,"publisher":{"@id":"https:\/\/www.eldiario.net\/portal\/#organization"},"image":{"@id":"https:\/\/www.eldiario.net\/portal\/2025\/04\/06\/descubren-rastros-de-teropodos-en-melgarayo\/#primaryimage"},"thumbnailUrl":"https:\/\/www.eldiario.net\/portal\/wp-content\/uploads\/2025\/04\/10-NAL-COLOR-1.jpg","articleSection":["Nacional"],"inLanguage":"es"},{"@type":"WebPage","@id":"https:\/\/www.eldiario.net\/portal\/2025\/04\/06\/descubren-rastros-de-teropodos-en-melgarayo\/","url":"https:\/\/www.eldiario.net\/portal\/2025\/04\/06\/descubren-rastros-de-teropodos-en-melgarayo\/","name":"Descubren rastros de ter\u00f3podos en Melgarayo - El Diario - Bolivia","isPartOf":{"@id":"https:\/\/www.eldiario.net\/portal\/#website"},"primaryImageOfPage":{"@id":"https:\/\/www.eldiario.net\/portal\/2025\/04\/06\/descubren-rastros-de-teropodos-en-melgarayo\/#primaryimage"},"image":{"@id":"https:\/\/www.eldiario.net\/portal\/2025\/04\/06\/descubren-rastros-de-teropodos-en-melgarayo\/#primaryimage"},"thumbnailUrl":"https:\/\/www.eldiario.net\/portal\/wp-content\/uploads\/2025\/04\/10-NAL-COLOR-1.jpg","datePublished":"2025-04-06T11:19:53+00:00","breadcrumb":{"@id":"https:\/\/www.eldiario.net\/portal\/2025\/04\/06\/descubren-rastros-de-teropodos-en-melgarayo\/#breadcrumb"},"inLanguage":"es","potentialAction":[{"@type":"ReadAction","target":["https:\/\/www.eldiario.net\/portal\/2025\/04\/06\/descubren-rastros-de-teropodos-en-melgarayo\/"]}]},{"@type":"ImageObject","inLanguage":"es","@id":"https:\/\/www.eldiario.net\/portal\/2025\/04\/06\/descubren-rastros-de-teropodos-en-melgarayo\/#primaryimage","url":"https:\/\/www.eldiario.net\/portal\/wp-content\/uploads\/2025\/04\/10-NAL-COLOR-1.jpg","contentUrl":"https:\/\/www.eldiario.net\/portal\/wp-content\/uploads\/2025\/04\/10-NAL-COLOR-1.jpg","width":963,"height":620,"caption":"LOS C\u00cdRCULOS IDENTIFICAN LOS LUGARES DONDE SE ENCONTRARON LAS HUELLAS F\u00d3SILES DE DINOSAURIOS."},{"@type":"BreadcrumbList","@id":"https:\/\/www.eldiario.net\/portal\/2025\/04\/06\/descubren-rastros-de-teropodos-en-melgarayo\/#breadcrumb","itemListElement":[{"@type":"ListItem","position":1,"name":"Portada","item":"https:\/\/www.eldiario.net\/portal\/"},{"@type":"ListItem","position":2,"name":"Descubren rastros de ter\u00f3podos en Melgarayo"}]},{"@type":"WebSite","@id":"https:\/\/www.eldiario.net\/portal\/#website","url":"https:\/\/www.eldiario.net\/portal\/","name":"El Diario - Decano de la prensa nacional","description":"El Diario - Decano de la prensa nacional","publisher":{"@id":"https:\/\/www.eldiario.net\/portal\/#organization"},"potentialAction":[{"@type":"SearchAction","target":{"@type":"EntryPoint","urlTemplate":"https:\/\/www.eldiario.net\/portal\/?s={search_term_string}"},"query-input":{"@type":"PropertyValueSpecification","valueRequired":true,"valueName":"search_term_string"}}],"inLanguage":"es"},{"@type":"Organization","@id":"https:\/\/www.eldiario.net\/portal\/#organization","name":"El Diario - Decano de la prensa nacional","url":"https:\/\/www.eldiario.net\/portal\/","logo":{"@type":"ImageObject","inLanguage":"es","@id":"https:\/\/www.eldiario.net\/portal\/#\/schema\/logo\/image\/","url":"https:\/\/www.eldiario.net\/portal\/wp-content\/uploads\/2023\/07\/logo_ED.jpg","contentUrl":"https:\/\/www.eldiario.net\/portal\/wp-content\/uploads\/2023\/07\/logo_ED.jpg","width":272,"height":52,"caption":"El Diario - Decano de la prensa nacional"},"image":{"@id":"https:\/\/www.eldiario.net\/portal\/#\/schema\/logo\/image\/"},"sameAs":["https:\/\/www.facebook.com\/eldiario.bolivia\/","https:\/\/x.com\/eldiario_net"]},{"@type":"Person","@id":"https:\/\/www.eldiario.net\/portal\/#\/schema\/person\/2c57cf2b7a7ae032e449e4c9b1019eac","name":"Jeanette","image":{"@type":"ImageObject","inLanguage":"es","@id":"https:\/\/secure.gravatar.com\/avatar\/3ea2118a5f7dad2b7138b1187a6b7ee55f160b9968b66013c3a3ef39dd7e5798?s=96&d=mm&r=g","url":"https:\/\/secure.gravatar.com\/avatar\/3ea2118a5f7dad2b7138b1187a6b7ee55f160b9968b66013c3a3ef39dd7e5798?s=96&d=mm&r=g","contentUrl":"https:\/\/secure.gravatar.com\/avatar\/3ea2118a5f7dad2b7138b1187a6b7ee55f160b9968b66013c3a3ef39dd7e5798?s=96&d=mm&r=g","caption":"Jeanette"},"sameAs":["https:\/\/www.eldiario.net\/portal"],"url":"https:\/\/www.eldiario.net\/portal\/author\/jeanette\/"}]}},"_links":{"self":[{"href":"https:\/\/www.eldiario.net\/portal\/wp-json\/wp\/v2\/posts\/293437","targetHints":{"allow":["GET"]}}],"collection":[{"href":"https:\/\/www.eldiario.net\/portal\/wp-json\/wp\/v2\/posts"}],"about":[{"href":"https:\/\/www.eldiario.net\/portal\/wp-json\/wp\/v2\/types\/post"}],"author":[{"embeddable":true,"href":"https:\/\/www.eldiario.net\/portal\/wp-json\/wp\/v2\/users\/1"}],"replies":[{"embeddable":true,"href":"https:\/\/www.eldiario.net\/portal\/wp-json\/wp\/v2\/comments?post=293437"}],"version-history":[{"count":1,"href":"https:\/\/www.eldiario.net\/portal\/wp-json\/wp\/v2\/posts\/293437\/revisions"}],"predecessor-version":[{"id":293439,"href":"https:\/\/www.eldiario.net\/portal\/wp-json\/wp\/v2\/posts\/293437\/revisions\/293439"}],"wp:featuredmedia":[{"embeddable":true,"href":"https:\/\/www.eldiario.net\/portal\/wp-json\/wp\/v2\/media\/293438"}],"wp:attachment":[{"href":"https:\/\/www.eldiario.net\/portal\/wp-json\/wp\/v2\/media?parent=293437"}],"wp:term":[{"taxonomy":"category","embeddable":true,"href":"https:\/\/www.eldiario.net\/portal\/wp-json\/wp\/v2\/categories?post=293437"},{"taxonomy":"post_tag","embeddable":true,"href":"https:\/\/www.eldiario.net\/portal\/wp-json\/wp\/v2\/tags?post=293437"}],"curies":[{"name":"wp","href":"https:\/\/api.w.org\/{rel}","templated":true}]}}