{"id":293435,"date":"2025-04-06T07:19:04","date_gmt":"2025-04-06T11:19:04","guid":{"rendered":"https:\/\/www.eldiario.net\/portal\/?p=293435"},"modified":"2025-04-06T07:19:04","modified_gmt":"2025-04-06T11:19:04","slug":"san-dolar-ven-en-nuestra-ayuda","status":"publish","type":"post","link":"https:\/\/www.eldiario.net\/portal\/2025\/04\/06\/san-dolar-ven-en-nuestra-ayuda\/","title":{"rendered":"San D\u00f3lar, ven en nuestra ayuda\u2026"},"content":{"rendered":"<p>Hace aproximadamente un a\u00f1o y medio, de la noche a la ma\u00f1ana, en la econom\u00eda boliviana, que hasta entonces ten\u00eda indisimulables s\u00edntomas de depauperaci\u00f3n como resultado de la pol\u00edtica econ\u00f3mica implantada durante m\u00e1s de tres lustros por los gobiernos del Movimiento al Socialismo (MAS), los d\u00f3lares norteamericanos desaparecieron de circulaci\u00f3n. A partir de esa sorpresiva jornada, las operaciones burs\u00e1tiles en el \u00e1mbito de su geograf\u00eda sufrieron un detrimento que acentu\u00f3 los previos indicios de la debacle econ\u00f3mica.<br \/>\nPero en una econom\u00eda predominantemente informal como es la boliviana y del inevitable uso de los billetes verdes por much\u00edsimas d\u00e9cadas, su misteriosa desaparici\u00f3n caus\u00f3 estragos tambi\u00e9n en el segmento que vive de la industria y el comercio.<br \/>\nEl presidente Arce, como es habitual en quienes no han sabido manejar adecuadamente la cosa p\u00fablica y minimizando el impacto del fen\u00f3meno producido, con prisa y fingido reposo, en una declaraci\u00f3n ampliamente difundida quiso poner pa\u00f1os fr\u00edos al tema que o lo vio o lo dese\u00f3 solo coyuntural, aduciendo que los d\u00f3lares americanos no tienen importancia en la econom\u00eda, sugiriendo m\u00e1s bien la compra de yuanes para ahorrar o hacer transacciones financieras y comerciales en Bolivia y fuera de ella.<br \/>\nR\u00e1pidamente se produjo una escalada inflacionaria, con la subida de los precios de la canasta familiar, as\u00ed como con los productos importados, que en un pa\u00eds subdesarrollado son muchos, especialmente los que tienen que ver con la industria farmac\u00e9utica. En general, y a la fecha, Bolivia se halla en un proceso inflacionario muy parecido al que se produjo hace poco m\u00e1s de 40 a\u00f1os durante el gobierno izquierdista de Hern\u00e1n Siles Zuazo, que, a diferencia de \u00e9ste, s\u00ed supo admitir la debacle, dando un paso al costado.<br \/>\nLa ilusoria cotizaci\u00f3n del d\u00f3lar, que se mantiene en Bs 6,96 y que para el gobierno es prueba de que en la econom\u00eda no hay desequilibrio, se ha traducido en un irrespeto a todo un pa\u00eds que siente el brutal encarecimiento del costo de vida. Hoy es una quimera comprar la divisa con ese precio, fluctuando m\u00e1s bien entre Bs 12.50 y 13.00 en las \u00faltimas semanas y aun as\u00ed con reducidas posibilidades de conseguirlo en cantidades que puedan dar alivio siquiera m\u00ednimo a importadores e industriales principalmente.<br \/>\nLa crisis ha ocasionado que tambi\u00e9n los combustibles escaseen, con perjuicios invaluables a los agroindustriales, elevaci\u00f3n en los pasajes y fletes de transporte p\u00fablico y devaluaci\u00f3n del poder adquisitivo de los salarios a niveles estrepitosamente bajos. Y a prop\u00f3sito de medios de transporte, ante la imposibilidad de importar repuestos para los pocos helic\u00f3pteros con que cuenta el Estado destinados a salvataje, hoy m\u00e1s necesarios que nunca por causa de las intensas lluvias y la escasez de di\u00e9sel (principal insumo en la cadena productiva), el Gobierno atribuye a la falta de d\u00f3lares la dificultad de importarlos. Se\u00f1or presidente, \u00bfno era que el d\u00f3lar norteamericano no ten\u00eda mayor gravitaci\u00f3n en la econom\u00eda?<br \/>\nEl que en otro tiempo fue calificado por su antiguo jefe como el mejor Ministro de Econom\u00eda del mundo y merecedor del Premio Nobel, debe saber, hoy como presidente, que el d\u00f3lar tiene incidencia en todos los \u00e1mbitos de las finanzas mundiales y mucho m\u00e1s en econom\u00edas como la nuestra, marcada por una inseguridad jur\u00eddica que hizo que hasta hace poco todas las transacciones comerciales fueran en esa moneda, \u00fanica que pod\u00eda contribuir al mantenimiento de su valor adquisitivo. Las estimaciones autorizadas se\u00f1alan que el 54% de la facturaci\u00f3n de comercio exterior en el orbe se hace en d\u00f3lares estadounidenses y la estandarizaci\u00f3n de su uso, aun en econom\u00edas fuertes, obedece a varios factores, entre ellos a la minimizaci\u00f3n de riesgos en su tipo cambiario.<br \/>\nEn nuestro pa\u00eds la desaparici\u00f3n de los d\u00f3lares puede deberse a varios factores, pero todos ellos ocasionados por un \u201cmodelo econ\u00f3mico\u201d que, discrepando con muchos analistas, no es que est\u00e9 agotado, sino que simplemente nunca ha existido, y la bonanza econ\u00f3mica que el primer periodo de gobierno socialista atribuye a la nacionalizaci\u00f3n de los hidrocarburos, en realidad debe su auge a los ingentes ingresos que tuvimos por la venta del gas, el cual tambi\u00e9n ya se evapor\u00f3.<\/p>\n<p>Augusto Vera Riveros es jurista y escritor.<\/p>\n","protected":false},"excerpt":{"rendered":"<p>Hace aproximadamente un a\u00f1o y medio, de la noche a la ma\u00f1ana, en la econom\u00eda boliviana, que hasta entonces ten\u00eda indisimulables s\u00edntomas de depauperaci\u00f3n como resultado de la pol\u00edtica econ\u00f3mica implantada durante m\u00e1s de tres lustros por los gobiernos del Movimiento al Socialismo (MAS), los d\u00f3lares norteamericanos desaparecieron de circulaci\u00f3n. A partir de esa sorpresiva [&hellip;]<\/p>\n","protected":false},"author":1,"featured_media":158120,"comment_status":"closed","ping_status":"open","sticky":false,"template":"","format":"standard","meta":{"_acf_changed":false,"footnotes":""},"categories":[9],"tags":[],"class_list":["post-293435","post","type-post","status-publish","format-standard","has-post-thumbnail","category-opinion"],"acf":{"antetitulo":"Contra viento y marea"},"yoast_head":"<!-- This site is optimized with the Yoast SEO plugin v28.4 - https:\/\/yoast.com\/product\/yoast-seo-wordpress\/ -->\n<title>San D\u00f3lar, ven en nuestra ayuda\u2026 - El Diario - Bolivia<\/title>\n<meta name=\"robots\" content=\"index, follow, max-snippet:-1, max-image-preview:large, max-video-preview:-1\" \/>\n<link rel=\"canonical\" href=\"https:\/\/www.eldiario.net\/portal\/2025\/04\/06\/san-dolar-ven-en-nuestra-ayuda\/\" \/>\n<meta property=\"og:locale\" content=\"es_ES\" \/>\n<meta property=\"og:type\" content=\"article\" \/>\n<meta property=\"og:title\" content=\"San D\u00f3lar, ven en nuestra ayuda\u2026 - El Diario - Bolivia\" \/>\n<meta property=\"og:description\" content=\"Hace aproximadamente un a\u00f1o y medio, de la noche a la ma\u00f1ana, en la econom\u00eda boliviana, que hasta entonces ten\u00eda indisimulables s\u00edntomas de depauperaci\u00f3n como resultado de la pol\u00edtica econ\u00f3mica implantada durante m\u00e1s de tres lustros por los gobiernos del Movimiento al Socialismo (MAS), los d\u00f3lares norteamericanos desaparecieron de circulaci\u00f3n. A partir de esa sorpresiva [&hellip;]\" \/>\n<meta property=\"og:url\" content=\"https:\/\/www.eldiario.net\/portal\/2025\/04\/06\/san-dolar-ven-en-nuestra-ayuda\/\" \/>\n<meta property=\"og:site_name\" content=\"El Diario - Bolivia\" \/>\n<meta property=\"article:publisher\" content=\"https:\/\/www.facebook.com\/eldiario.bolivia\/\" \/>\n<meta property=\"article:published_time\" content=\"2025-04-06T11:19:04+00:00\" \/>\n<meta property=\"og:image\" content=\"https:\/\/www.eldiario.net\/portal\/wp-content\/uploads\/2023\/06\/Augusto-Vera-Riveros.jpg\" \/>\n\t<meta property=\"og:image:width\" content=\"1200\" \/>\n\t<meta property=\"og:image:height\" content=\"628\" \/>\n\t<meta property=\"og:image:type\" content=\"image\/jpeg\" \/>\n<meta name=\"author\" content=\"Jeanette\" \/>\n<meta name=\"twitter:card\" content=\"summary_large_image\" \/>\n<meta name=\"twitter:creator\" content=\"@eldiario_net\" \/>\n<meta name=\"twitter:site\" content=\"@eldiario_net\" \/>\n<meta name=\"twitter:label1\" content=\"Escrito por\" \/>\n\t<meta name=\"twitter:data1\" content=\"Jeanette\" \/>\n\t<meta name=\"twitter:label2\" content=\"Tiempo de lectura\" \/>\n\t<meta name=\"twitter:data2\" content=\"4 minutos\" \/>\n<script type=\"application\/ld+json\" class=\"yoast-schema-graph\">{\"@context\":\"https:\\\/\\\/schema.org\",\"@graph\":[{\"@type\":\"Article\",\"@id\":\"https:\\\/\\\/www.eldiario.net\\\/portal\\\/2025\\\/04\\\/06\\\/san-dolar-ven-en-nuestra-ayuda\\\/#article\",\"isPartOf\":{\"@id\":\"https:\\\/\\\/www.eldiario.net\\\/portal\\\/2025\\\/04\\\/06\\\/san-dolar-ven-en-nuestra-ayuda\\\/\"},\"author\":{\"name\":\"Jeanette\",\"@id\":\"https:\\\/\\\/www.eldiario.net\\\/portal\\\/#\\\/schema\\\/person\\\/2c57cf2b7a7ae032e449e4c9b1019eac\"},\"headline\":\"San D\u00f3lar, ven en nuestra ayuda\u2026\",\"datePublished\":\"2025-04-06T11:19:04+00:00\",\"mainEntityOfPage\":{\"@id\":\"https:\\\/\\\/www.eldiario.net\\\/portal\\\/2025\\\/04\\\/06\\\/san-dolar-ven-en-nuestra-ayuda\\\/\"},\"wordCount\":763,\"publisher\":{\"@id\":\"https:\\\/\\\/www.eldiario.net\\\/portal\\\/#organization\"},\"image\":{\"@id\":\"https:\\\/\\\/www.eldiario.net\\\/portal\\\/2025\\\/04\\\/06\\\/san-dolar-ven-en-nuestra-ayuda\\\/#primaryimage\"},\"thumbnailUrl\":\"https:\\\/\\\/www.eldiario.net\\\/portal\\\/wp-content\\\/uploads\\\/2023\\\/06\\\/Augusto-Vera-Riveros.jpg\",\"articleSection\":[\"Opini\u00f3n\"],\"inLanguage\":\"es\"},{\"@type\":\"WebPage\",\"@id\":\"https:\\\/\\\/www.eldiario.net\\\/portal\\\/2025\\\/04\\\/06\\\/san-dolar-ven-en-nuestra-ayuda\\\/\",\"url\":\"https:\\\/\\\/www.eldiario.net\\\/portal\\\/2025\\\/04\\\/06\\\/san-dolar-ven-en-nuestra-ayuda\\\/\",\"name\":\"San D\u00f3lar, ven en nuestra ayuda\u2026 - El Diario - Bolivia\",\"isPartOf\":{\"@id\":\"https:\\\/\\\/www.eldiario.net\\\/portal\\\/#website\"},\"primaryImageOfPage\":{\"@id\":\"https:\\\/\\\/www.eldiario.net\\\/portal\\\/2025\\\/04\\\/06\\\/san-dolar-ven-en-nuestra-ayuda\\\/#primaryimage\"},\"image\":{\"@id\":\"https:\\\/\\\/www.eldiario.net\\\/portal\\\/2025\\\/04\\\/06\\\/san-dolar-ven-en-nuestra-ayuda\\\/#primaryimage\"},\"thumbnailUrl\":\"https:\\\/\\\/www.eldiario.net\\\/portal\\\/wp-content\\\/uploads\\\/2023\\\/06\\\/Augusto-Vera-Riveros.jpg\",\"datePublished\":\"2025-04-06T11:19:04+00:00\",\"breadcrumb\":{\"@id\":\"https:\\\/\\\/www.eldiario.net\\\/portal\\\/2025\\\/04\\\/06\\\/san-dolar-ven-en-nuestra-ayuda\\\/#breadcrumb\"},\"inLanguage\":\"es\",\"potentialAction\":[{\"@type\":\"ReadAction\",\"target\":[\"https:\\\/\\\/www.eldiario.net\\\/portal\\\/2025\\\/04\\\/06\\\/san-dolar-ven-en-nuestra-ayuda\\\/\"]}]},{\"@type\":\"ImageObject\",\"inLanguage\":\"es\",\"@id\":\"https:\\\/\\\/www.eldiario.net\\\/portal\\\/2025\\\/04\\\/06\\\/san-dolar-ven-en-nuestra-ayuda\\\/#primaryimage\",\"url\":\"https:\\\/\\\/www.eldiario.net\\\/portal\\\/wp-content\\\/uploads\\\/2023\\\/06\\\/Augusto-Vera-Riveros.jpg\",\"contentUrl\":\"https:\\\/\\\/www.eldiario.net\\\/portal\\\/wp-content\\\/uploads\\\/2023\\\/06\\\/Augusto-Vera-Riveros.jpg\",\"width\":1200,\"height\":628},{\"@type\":\"BreadcrumbList\",\"@id\":\"https:\\\/\\\/www.eldiario.net\\\/portal\\\/2025\\\/04\\\/06\\\/san-dolar-ven-en-nuestra-ayuda\\\/#breadcrumb\",\"itemListElement\":[{\"@type\":\"ListItem\",\"position\":1,\"name\":\"Portada\",\"item\":\"https:\\\/\\\/www.eldiario.net\\\/portal\\\/\"},{\"@type\":\"ListItem\",\"position\":2,\"name\":\"San D\u00f3lar, ven en nuestra ayuda\u2026\"}]},{\"@type\":\"WebSite\",\"@id\":\"https:\\\/\\\/www.eldiario.net\\\/portal\\\/#website\",\"url\":\"https:\\\/\\\/www.eldiario.net\\\/portal\\\/\",\"name\":\"El Diario - Decano de la prensa nacional\",\"description\":\"El Diario - Decano de la prensa nacional\",\"publisher\":{\"@id\":\"https:\\\/\\\/www.eldiario.net\\\/portal\\\/#organization\"},\"potentialAction\":[{\"@type\":\"SearchAction\",\"target\":{\"@type\":\"EntryPoint\",\"urlTemplate\":\"https:\\\/\\\/www.eldiario.net\\\/portal\\\/?s={search_term_string}\"},\"query-input\":{\"@type\":\"PropertyValueSpecification\",\"valueRequired\":true,\"valueName\":\"search_term_string\"}}],\"inLanguage\":\"es\"},{\"@type\":\"Organization\",\"@id\":\"https:\\\/\\\/www.eldiario.net\\\/portal\\\/#organization\",\"name\":\"El Diario - Decano de la prensa nacional\",\"url\":\"https:\\\/\\\/www.eldiario.net\\\/portal\\\/\",\"logo\":{\"@type\":\"ImageObject\",\"inLanguage\":\"es\",\"@id\":\"https:\\\/\\\/www.eldiario.net\\\/portal\\\/#\\\/schema\\\/logo\\\/image\\\/\",\"url\":\"https:\\\/\\\/www.eldiario.net\\\/portal\\\/wp-content\\\/uploads\\\/2023\\\/07\\\/logo_ED.jpg\",\"contentUrl\":\"https:\\\/\\\/www.eldiario.net\\\/portal\\\/wp-content\\\/uploads\\\/2023\\\/07\\\/logo_ED.jpg\",\"width\":272,\"height\":52,\"caption\":\"El Diario - Decano de la prensa nacional\"},\"image\":{\"@id\":\"https:\\\/\\\/www.eldiario.net\\\/portal\\\/#\\\/schema\\\/logo\\\/image\\\/\"},\"sameAs\":[\"https:\\\/\\\/www.facebook.com\\\/eldiario.bolivia\\\/\",\"https:\\\/\\\/x.com\\\/eldiario_net\"]},{\"@type\":\"Person\",\"@id\":\"https:\\\/\\\/www.eldiario.net\\\/portal\\\/#\\\/schema\\\/person\\\/2c57cf2b7a7ae032e449e4c9b1019eac\",\"name\":\"Jeanette\",\"image\":{\"@type\":\"ImageObject\",\"inLanguage\":\"es\",\"@id\":\"https:\\\/\\\/secure.gravatar.com\\\/avatar\\\/3ea2118a5f7dad2b7138b1187a6b7ee55f160b9968b66013c3a3ef39dd7e5798?s=96&d=mm&r=g\",\"url\":\"https:\\\/\\\/secure.gravatar.com\\\/avatar\\\/3ea2118a5f7dad2b7138b1187a6b7ee55f160b9968b66013c3a3ef39dd7e5798?s=96&d=mm&r=g\",\"contentUrl\":\"https:\\\/\\\/secure.gravatar.com\\\/avatar\\\/3ea2118a5f7dad2b7138b1187a6b7ee55f160b9968b66013c3a3ef39dd7e5798?s=96&d=mm&r=g\",\"caption\":\"Jeanette\"},\"sameAs\":[\"https:\\\/\\\/www.eldiario.net\\\/portal\"],\"url\":\"https:\\\/\\\/www.eldiario.net\\\/portal\\\/author\\\/jeanette\\\/\"}]}<\/script>\n<!-- \/ Yoast SEO plugin. -->","yoast_head_json":{"title":"San D\u00f3lar, ven en nuestra ayuda\u2026 - El Diario - Bolivia","robots":{"index":"index","follow":"follow","max-snippet":"max-snippet:-1","max-image-preview":"max-image-preview:large","max-video-preview":"max-video-preview:-1"},"canonical":"https:\/\/www.eldiario.net\/portal\/2025\/04\/06\/san-dolar-ven-en-nuestra-ayuda\/","og_locale":"es_ES","og_type":"article","og_title":"San D\u00f3lar, ven en nuestra ayuda\u2026 - El Diario - Bolivia","og_description":"Hace aproximadamente un a\u00f1o y medio, de la noche a la ma\u00f1ana, en la econom\u00eda boliviana, que hasta entonces ten\u00eda indisimulables s\u00edntomas de depauperaci\u00f3n como resultado de la pol\u00edtica econ\u00f3mica implantada durante m\u00e1s de tres lustros por los gobiernos del Movimiento al Socialismo (MAS), los d\u00f3lares norteamericanos desaparecieron de circulaci\u00f3n. A partir de esa sorpresiva [&hellip;]","og_url":"https:\/\/www.eldiario.net\/portal\/2025\/04\/06\/san-dolar-ven-en-nuestra-ayuda\/","og_site_name":"El Diario - Bolivia","article_publisher":"https:\/\/www.facebook.com\/eldiario.bolivia\/","article_published_time":"2025-04-06T11:19:04+00:00","og_image":[{"width":1200,"height":628,"url":"https:\/\/www.eldiario.net\/portal\/wp-content\/uploads\/2023\/06\/Augusto-Vera-Riveros.jpg","type":"image\/jpeg"}],"author":"Jeanette","twitter_card":"summary_large_image","twitter_creator":"@eldiario_net","twitter_site":"@eldiario_net","twitter_misc":{"Escrito por":"Jeanette","Tiempo de lectura":"4 minutos"},"schema":{"@context":"https:\/\/schema.org","@graph":[{"@type":"Article","@id":"https:\/\/www.eldiario.net\/portal\/2025\/04\/06\/san-dolar-ven-en-nuestra-ayuda\/#article","isPartOf":{"@id":"https:\/\/www.eldiario.net\/portal\/2025\/04\/06\/san-dolar-ven-en-nuestra-ayuda\/"},"author":{"name":"Jeanette","@id":"https:\/\/www.eldiario.net\/portal\/#\/schema\/person\/2c57cf2b7a7ae032e449e4c9b1019eac"},"headline":"San D\u00f3lar, ven en nuestra ayuda\u2026","datePublished":"2025-04-06T11:19:04+00:00","mainEntityOfPage":{"@id":"https:\/\/www.eldiario.net\/portal\/2025\/04\/06\/san-dolar-ven-en-nuestra-ayuda\/"},"wordCount":763,"publisher":{"@id":"https:\/\/www.eldiario.net\/portal\/#organization"},"image":{"@id":"https:\/\/www.eldiario.net\/portal\/2025\/04\/06\/san-dolar-ven-en-nuestra-ayuda\/#primaryimage"},"thumbnailUrl":"https:\/\/www.eldiario.net\/portal\/wp-content\/uploads\/2023\/06\/Augusto-Vera-Riveros.jpg","articleSection":["Opini\u00f3n"],"inLanguage":"es"},{"@type":"WebPage","@id":"https:\/\/www.eldiario.net\/portal\/2025\/04\/06\/san-dolar-ven-en-nuestra-ayuda\/","url":"https:\/\/www.eldiario.net\/portal\/2025\/04\/06\/san-dolar-ven-en-nuestra-ayuda\/","name":"San D\u00f3lar, ven en nuestra ayuda\u2026 - El Diario - Bolivia","isPartOf":{"@id":"https:\/\/www.eldiario.net\/portal\/#website"},"primaryImageOfPage":{"@id":"https:\/\/www.eldiario.net\/portal\/2025\/04\/06\/san-dolar-ven-en-nuestra-ayuda\/#primaryimage"},"image":{"@id":"https:\/\/www.eldiario.net\/portal\/2025\/04\/06\/san-dolar-ven-en-nuestra-ayuda\/#primaryimage"},"thumbnailUrl":"https:\/\/www.eldiario.net\/portal\/wp-content\/uploads\/2023\/06\/Augusto-Vera-Riveros.jpg","datePublished":"2025-04-06T11:19:04+00:00","breadcrumb":{"@id":"https:\/\/www.eldiario.net\/portal\/2025\/04\/06\/san-dolar-ven-en-nuestra-ayuda\/#breadcrumb"},"inLanguage":"es","potentialAction":[{"@type":"ReadAction","target":["https:\/\/www.eldiario.net\/portal\/2025\/04\/06\/san-dolar-ven-en-nuestra-ayuda\/"]}]},{"@type":"ImageObject","inLanguage":"es","@id":"https:\/\/www.eldiario.net\/portal\/2025\/04\/06\/san-dolar-ven-en-nuestra-ayuda\/#primaryimage","url":"https:\/\/www.eldiario.net\/portal\/wp-content\/uploads\/2023\/06\/Augusto-Vera-Riveros.jpg","contentUrl":"https:\/\/www.eldiario.net\/portal\/wp-content\/uploads\/2023\/06\/Augusto-Vera-Riveros.jpg","width":1200,"height":628},{"@type":"BreadcrumbList","@id":"https:\/\/www.eldiario.net\/portal\/2025\/04\/06\/san-dolar-ven-en-nuestra-ayuda\/#breadcrumb","itemListElement":[{"@type":"ListItem","position":1,"name":"Portada","item":"https:\/\/www.eldiario.net\/portal\/"},{"@type":"ListItem","position":2,"name":"San D\u00f3lar, ven en nuestra ayuda\u2026"}]},{"@type":"WebSite","@id":"https:\/\/www.eldiario.net\/portal\/#website","url":"https:\/\/www.eldiario.net\/portal\/","name":"El Diario - Decano de la prensa nacional","description":"El Diario - Decano de la prensa nacional","publisher":{"@id":"https:\/\/www.eldiario.net\/portal\/#organization"},"potentialAction":[{"@type":"SearchAction","target":{"@type":"EntryPoint","urlTemplate":"https:\/\/www.eldiario.net\/portal\/?s={search_term_string}"},"query-input":{"@type":"PropertyValueSpecification","valueRequired":true,"valueName":"search_term_string"}}],"inLanguage":"es"},{"@type":"Organization","@id":"https:\/\/www.eldiario.net\/portal\/#organization","name":"El Diario - Decano de la prensa nacional","url":"https:\/\/www.eldiario.net\/portal\/","logo":{"@type":"ImageObject","inLanguage":"es","@id":"https:\/\/www.eldiario.net\/portal\/#\/schema\/logo\/image\/","url":"https:\/\/www.eldiario.net\/portal\/wp-content\/uploads\/2023\/07\/logo_ED.jpg","contentUrl":"https:\/\/www.eldiario.net\/portal\/wp-content\/uploads\/2023\/07\/logo_ED.jpg","width":272,"height":52,"caption":"El Diario - Decano de la prensa nacional"},"image":{"@id":"https:\/\/www.eldiario.net\/portal\/#\/schema\/logo\/image\/"},"sameAs":["https:\/\/www.facebook.com\/eldiario.bolivia\/","https:\/\/x.com\/eldiario_net"]},{"@type":"Person","@id":"https:\/\/www.eldiario.net\/portal\/#\/schema\/person\/2c57cf2b7a7ae032e449e4c9b1019eac","name":"Jeanette","image":{"@type":"ImageObject","inLanguage":"es","@id":"https:\/\/secure.gravatar.com\/avatar\/3ea2118a5f7dad2b7138b1187a6b7ee55f160b9968b66013c3a3ef39dd7e5798?s=96&d=mm&r=g","url":"https:\/\/secure.gravatar.com\/avatar\/3ea2118a5f7dad2b7138b1187a6b7ee55f160b9968b66013c3a3ef39dd7e5798?s=96&d=mm&r=g","contentUrl":"https:\/\/secure.gravatar.com\/avatar\/3ea2118a5f7dad2b7138b1187a6b7ee55f160b9968b66013c3a3ef39dd7e5798?s=96&d=mm&r=g","caption":"Jeanette"},"sameAs":["https:\/\/www.eldiario.net\/portal"],"url":"https:\/\/www.eldiario.net\/portal\/author\/jeanette\/"}]}},"_links":{"self":[{"href":"https:\/\/www.eldiario.net\/portal\/wp-json\/wp\/v2\/posts\/293435","targetHints":{"allow":["GET"]}}],"collection":[{"href":"https:\/\/www.eldiario.net\/portal\/wp-json\/wp\/v2\/posts"}],"about":[{"href":"https:\/\/www.eldiario.net\/portal\/wp-json\/wp\/v2\/types\/post"}],"author":[{"embeddable":true,"href":"https:\/\/www.eldiario.net\/portal\/wp-json\/wp\/v2\/users\/1"}],"replies":[{"embeddable":true,"href":"https:\/\/www.eldiario.net\/portal\/wp-json\/wp\/v2\/comments?post=293435"}],"version-history":[{"count":1,"href":"https:\/\/www.eldiario.net\/portal\/wp-json\/wp\/v2\/posts\/293435\/revisions"}],"predecessor-version":[{"id":293436,"href":"https:\/\/www.eldiario.net\/portal\/wp-json\/wp\/v2\/posts\/293435\/revisions\/293436"}],"wp:featuredmedia":[{"embeddable":true,"href":"https:\/\/www.eldiario.net\/portal\/wp-json\/wp\/v2\/media\/158120"}],"wp:attachment":[{"href":"https:\/\/www.eldiario.net\/portal\/wp-json\/wp\/v2\/media?parent=293435"}],"wp:term":[{"taxonomy":"category","embeddable":true,"href":"https:\/\/www.eldiario.net\/portal\/wp-json\/wp\/v2\/categories?post=293435"},{"taxonomy":"post_tag","embeddable":true,"href":"https:\/\/www.eldiario.net\/portal\/wp-json\/wp\/v2\/tags?post=293435"}],"curies":[{"name":"wp","href":"https:\/\/api.w.org\/{rel}","templated":true}]}}