{"id":293433,"date":"2025-04-06T07:18:28","date_gmt":"2025-04-06T11:18:28","guid":{"rendered":"https:\/\/www.eldiario.net\/portal\/?p=293433"},"modified":"2025-04-06T07:18:28","modified_gmt":"2025-04-06T11:18:28","slug":"un-aliado-inesperado","status":"publish","type":"post","link":"https:\/\/www.eldiario.net\/portal\/2025\/04\/06\/un-aliado-inesperado\/","title":{"rendered":"Un \u201caliado\u201d inesperado"},"content":{"rendered":"<p>Despu\u00e9s del congreso de \u201crefundaci\u00f3n\u201d del \u201cinstrumento de los pueblos\u201d en el Chapare, se acord\u00f3 la creaci\u00f3n de un nuevo partido, \u201cEvo Pueblo\u201d. Esto ya ni puede considerarse como culto a la personalidad, sino locura plena. Sin dudas, el expresidente y sus seguidores han enloquecido. Un partido pol\u00edtico nace con la idea de representar al pueblo, no a una sola persona, ins\u00f3lito. Personajes hist\u00f3ricos como Hitler, Stalin, Franco y otros, cuyos reg\u00edmenes se han caracterizado por el culto a la personalidad y han logrado much\u00edsimas cosas m\u00e1s que Evo, llegando a estar marcados en la historia, sea para bien o mal, no han llegado tan lejos. Si hab\u00eda dudas de que el expresidente estaba orate, hoy con el nacimiento de la agrupaci\u00f3n \u201cEvo Pueblo\u201d creo que no hay dudas. No s\u00e9 si esto es motivo de risa o preocupaci\u00f3n, al ver c\u00f3mo se ha degradado la pol\u00edtica.<br \/>\nEvo est\u00e1 decidido a ser candidato, pese a estar inhabilitado y no ser tenido en cuenta en las encuestas. Tendremos que estar atentos a qu\u00e9 acciones toma \u00e9l y su gente en estas semanas para lograr su inscripci\u00f3n como candidato. Lo bueno de esta terquedad de Evo es que sus actitudes solo generan m\u00e1s divisi\u00f3n dentro del MAS y ahora incluso dentro del sector cocalero. En las \u00faltimas semanas, Andr\u00f3nico Rodr\u00edguez se ha convertido, seg\u00fan m\u00faltiples encuestas, en la \u00fanica opci\u00f3n del MAS para ganar las elecciones, algo que ha puesto celoso a Evo, pues su pupilo es su reemplazo natural. Es bajo esta premisa que ya muchos evistas afirman que Andr\u00f3nico es un traidor e incluso \u00e9ste no ha estado presente en la refundaci\u00f3n del \u201cinstrumento de los pueblos\u201d, algo sospechoso.<br \/>\nDesde que Andr\u00f3nico le dijo a Evo que no sea celoso, la relaci\u00f3n de \u201cmentor-aprendiz\u201d que ambos ten\u00edan se ha ido rompiendo, tanto as\u00ed que se nota un distanciamiento. Para compensarle al \u201cjefazo\u201d su atrevimiento, Andr\u00f3nico no ha hecho m\u00e1s que afirmar que el \u00fanico candidato es el \u201chermano Evo\u201d. Pareciera que est\u00e1 asustado. Andr\u00f3nico por mucho tiempo ha jugado a ser neutral dentro de la terna interna del MAS, pero como todos sabemos, en alg\u00fan momento se debe tomar bando, algo que hizo en los \u00faltimos meses. Empez\u00f3 a criticar al gobierno y al arcismo, empero, sin dureza ni con la intensidad que hubiera querido Evo, por lo que esto le ha generado a\u00fan m\u00e1s enemigos del sector evista.<br \/>\nPor su af\u00e1n de retornar a la presidencia, Evo ataca a todos aquellos que le hacen sombra o que son presidenciables. Primero se pele\u00f3 con Arce y algunos de sus antiguos aliados, ahora hace lo mismo con Andr\u00f3nico. Contra todo pron\u00f3stico, Evo ha resultado m\u00e1s \u00fatil que la oposici\u00f3n en estos a\u00f1os, pues su terquedad hace que la unificaci\u00f3n del MAS sea imposible. Son estas conductas y estos ataques los que han debilitado al gobierno actual, pues por instrucciones de Evo no se aprueba ni un cr\u00e9dito, lo que genera una limitaci\u00f3n de recursos que solo causa el enfado de la poblaci\u00f3n. Si Evo se lo propone, puede destruir la carrera pol\u00edtica de Andr\u00f3nico y jam\u00e1s dejarlo \u201csurgir\u201d, algo que necesitamos a como d\u00e9 lugar. El cocalero junior es demasiado peligroso para el futuro de Bolivia.<br \/>\nRepito, la oposici\u00f3n es una porquer\u00eda, para nada sirve. Son funcionales en su gran mayor\u00eda. Nada han dicho respecto al fraude que se nos aproxima o sobre c\u00f3mo el MAS hace lo que quiere, hace ya dos d\u00e9cadas, solo han sido c\u00f3mplices silenciosos. Por eso, que Evo siga comport\u00e1ndose de manera ego\u00edsta y terca es fundamental, pues gracias a esto, una unificaci\u00f3n masista no ser\u00e1 posible. En cuatro a\u00f1os como oposici\u00f3n ha hecho m\u00e1s para destruir al MAS que la oposici\u00f3n tradicional. Lo peor es que lo hace de manera involuntaria.<br \/>\nNecesitamos que el MAS llegue fragmentado en tres sectores a las elecciones, que vayan como candidatos Andr\u00f3nico, Arce y alguno designado por Evo. As\u00ed, el fraude ser\u00e1 mucho m\u00e1s dif\u00edcil de ejecutar. El deseo de poder de Evo es el mejor aliado actualmente. Esperemos que siga as\u00ed y destroce definitivamente al MAS.<\/p>\n","protected":false},"excerpt":{"rendered":"<p>Despu\u00e9s del congreso de \u201crefundaci\u00f3n\u201d del \u201cinstrumento de los pueblos\u201d en el Chapare, se acord\u00f3 la creaci\u00f3n de un nuevo partido, \u201cEvo Pueblo\u201d. Esto ya ni puede considerarse como culto a la personalidad, sino locura plena. Sin dudas, el expresidente y sus seguidores han enloquecido. Un partido pol\u00edtico nace con la idea de representar al [&hellip;]<\/p>\n","protected":false},"author":1,"featured_media":161834,"comment_status":"closed","ping_status":"open","sticky":false,"template":"","format":"standard","meta":{"_acf_changed":false,"footnotes":""},"categories":[9],"tags":[],"class_list":["post-293433","post","type-post","status-publish","format-standard","has-post-thumbnail","category-opinion"],"acf":{"antetitulo":""},"yoast_head":"<!-- This site is optimized with the Yoast SEO plugin v28.4 - https:\/\/yoast.com\/product\/yoast-seo-wordpress\/ -->\n<title>Un \u201caliado\u201d inesperado - El Diario - Bolivia<\/title>\n<meta name=\"robots\" content=\"index, follow, max-snippet:-1, max-image-preview:large, max-video-preview:-1\" \/>\n<link rel=\"canonical\" href=\"https:\/\/www.eldiario.net\/portal\/2025\/04\/06\/un-aliado-inesperado\/\" \/>\n<meta property=\"og:locale\" content=\"es_ES\" \/>\n<meta property=\"og:type\" content=\"article\" \/>\n<meta property=\"og:title\" content=\"Un \u201caliado\u201d inesperado - El Diario - Bolivia\" \/>\n<meta property=\"og:description\" content=\"Despu\u00e9s del congreso de \u201crefundaci\u00f3n\u201d del \u201cinstrumento de los pueblos\u201d en el Chapare, se acord\u00f3 la creaci\u00f3n de un nuevo partido, \u201cEvo Pueblo\u201d. Esto ya ni puede considerarse como culto a la personalidad, sino locura plena. Sin dudas, el expresidente y sus seguidores han enloquecido. Un partido pol\u00edtico nace con la idea de representar al [&hellip;]\" \/>\n<meta property=\"og:url\" content=\"https:\/\/www.eldiario.net\/portal\/2025\/04\/06\/un-aliado-inesperado\/\" \/>\n<meta property=\"og:site_name\" content=\"El Diario - Bolivia\" \/>\n<meta property=\"article:publisher\" content=\"https:\/\/www.facebook.com\/eldiario.bolivia\/\" \/>\n<meta property=\"article:published_time\" content=\"2025-04-06T11:18:28+00:00\" \/>\n<meta property=\"og:image\" content=\"https:\/\/www.eldiario.net\/portal\/wp-content\/uploads\/2023\/06\/Fabian-Freire.jpg\" \/>\n\t<meta property=\"og:image:width\" content=\"1200\" \/>\n\t<meta property=\"og:image:height\" content=\"628\" \/>\n\t<meta property=\"og:image:type\" content=\"image\/jpeg\" \/>\n<meta name=\"author\" content=\"Jeanette\" \/>\n<meta name=\"twitter:card\" content=\"summary_large_image\" \/>\n<meta name=\"twitter:creator\" content=\"@eldiario_net\" \/>\n<meta name=\"twitter:site\" content=\"@eldiario_net\" \/>\n<meta name=\"twitter:label1\" content=\"Escrito por\" \/>\n\t<meta name=\"twitter:data1\" content=\"Jeanette\" \/>\n\t<meta name=\"twitter:label2\" content=\"Tiempo de lectura\" \/>\n\t<meta name=\"twitter:data2\" content=\"4 minutos\" \/>\n<script type=\"application\/ld+json\" class=\"yoast-schema-graph\">{\"@context\":\"https:\\\/\\\/schema.org\",\"@graph\":[{\"@type\":\"Article\",\"@id\":\"https:\\\/\\\/www.eldiario.net\\\/portal\\\/2025\\\/04\\\/06\\\/un-aliado-inesperado\\\/#article\",\"isPartOf\":{\"@id\":\"https:\\\/\\\/www.eldiario.net\\\/portal\\\/2025\\\/04\\\/06\\\/un-aliado-inesperado\\\/\"},\"author\":{\"name\":\"Jeanette\",\"@id\":\"https:\\\/\\\/www.eldiario.net\\\/portal\\\/#\\\/schema\\\/person\\\/2c57cf2b7a7ae032e449e4c9b1019eac\"},\"headline\":\"Un \u201caliado\u201d inesperado\",\"datePublished\":\"2025-04-06T11:18:28+00:00\",\"mainEntityOfPage\":{\"@id\":\"https:\\\/\\\/www.eldiario.net\\\/portal\\\/2025\\\/04\\\/06\\\/un-aliado-inesperado\\\/\"},\"wordCount\":743,\"publisher\":{\"@id\":\"https:\\\/\\\/www.eldiario.net\\\/portal\\\/#organization\"},\"image\":{\"@id\":\"https:\\\/\\\/www.eldiario.net\\\/portal\\\/2025\\\/04\\\/06\\\/un-aliado-inesperado\\\/#primaryimage\"},\"thumbnailUrl\":\"https:\\\/\\\/www.eldiario.net\\\/portal\\\/wp-content\\\/uploads\\\/2023\\\/06\\\/Fabian-Freire.jpg\",\"articleSection\":[\"Opini\u00f3n\"],\"inLanguage\":\"es\"},{\"@type\":\"WebPage\",\"@id\":\"https:\\\/\\\/www.eldiario.net\\\/portal\\\/2025\\\/04\\\/06\\\/un-aliado-inesperado\\\/\",\"url\":\"https:\\\/\\\/www.eldiario.net\\\/portal\\\/2025\\\/04\\\/06\\\/un-aliado-inesperado\\\/\",\"name\":\"Un \u201caliado\u201d inesperado - El Diario - Bolivia\",\"isPartOf\":{\"@id\":\"https:\\\/\\\/www.eldiario.net\\\/portal\\\/#website\"},\"primaryImageOfPage\":{\"@id\":\"https:\\\/\\\/www.eldiario.net\\\/portal\\\/2025\\\/04\\\/06\\\/un-aliado-inesperado\\\/#primaryimage\"},\"image\":{\"@id\":\"https:\\\/\\\/www.eldiario.net\\\/portal\\\/2025\\\/04\\\/06\\\/un-aliado-inesperado\\\/#primaryimage\"},\"thumbnailUrl\":\"https:\\\/\\\/www.eldiario.net\\\/portal\\\/wp-content\\\/uploads\\\/2023\\\/06\\\/Fabian-Freire.jpg\",\"datePublished\":\"2025-04-06T11:18:28+00:00\",\"breadcrumb\":{\"@id\":\"https:\\\/\\\/www.eldiario.net\\\/portal\\\/2025\\\/04\\\/06\\\/un-aliado-inesperado\\\/#breadcrumb\"},\"inLanguage\":\"es\",\"potentialAction\":[{\"@type\":\"ReadAction\",\"target\":[\"https:\\\/\\\/www.eldiario.net\\\/portal\\\/2025\\\/04\\\/06\\\/un-aliado-inesperado\\\/\"]}]},{\"@type\":\"ImageObject\",\"inLanguage\":\"es\",\"@id\":\"https:\\\/\\\/www.eldiario.net\\\/portal\\\/2025\\\/04\\\/06\\\/un-aliado-inesperado\\\/#primaryimage\",\"url\":\"https:\\\/\\\/www.eldiario.net\\\/portal\\\/wp-content\\\/uploads\\\/2023\\\/06\\\/Fabian-Freire.jpg\",\"contentUrl\":\"https:\\\/\\\/www.eldiario.net\\\/portal\\\/wp-content\\\/uploads\\\/2023\\\/06\\\/Fabian-Freire.jpg\",\"width\":1200,\"height\":628,\"caption\":\"Fabian Freire\"},{\"@type\":\"BreadcrumbList\",\"@id\":\"https:\\\/\\\/www.eldiario.net\\\/portal\\\/2025\\\/04\\\/06\\\/un-aliado-inesperado\\\/#breadcrumb\",\"itemListElement\":[{\"@type\":\"ListItem\",\"position\":1,\"name\":\"Portada\",\"item\":\"https:\\\/\\\/www.eldiario.net\\\/portal\\\/\"},{\"@type\":\"ListItem\",\"position\":2,\"name\":\"Un \u201caliado\u201d inesperado\"}]},{\"@type\":\"WebSite\",\"@id\":\"https:\\\/\\\/www.eldiario.net\\\/portal\\\/#website\",\"url\":\"https:\\\/\\\/www.eldiario.net\\\/portal\\\/\",\"name\":\"El Diario - Decano de la prensa nacional\",\"description\":\"El Diario - Decano de la prensa nacional\",\"publisher\":{\"@id\":\"https:\\\/\\\/www.eldiario.net\\\/portal\\\/#organization\"},\"potentialAction\":[{\"@type\":\"SearchAction\",\"target\":{\"@type\":\"EntryPoint\",\"urlTemplate\":\"https:\\\/\\\/www.eldiario.net\\\/portal\\\/?s={search_term_string}\"},\"query-input\":{\"@type\":\"PropertyValueSpecification\",\"valueRequired\":true,\"valueName\":\"search_term_string\"}}],\"inLanguage\":\"es\"},{\"@type\":\"Organization\",\"@id\":\"https:\\\/\\\/www.eldiario.net\\\/portal\\\/#organization\",\"name\":\"El Diario - Decano de la prensa nacional\",\"url\":\"https:\\\/\\\/www.eldiario.net\\\/portal\\\/\",\"logo\":{\"@type\":\"ImageObject\",\"inLanguage\":\"es\",\"@id\":\"https:\\\/\\\/www.eldiario.net\\\/portal\\\/#\\\/schema\\\/logo\\\/image\\\/\",\"url\":\"https:\\\/\\\/www.eldiario.net\\\/portal\\\/wp-content\\\/uploads\\\/2023\\\/07\\\/logo_ED.jpg\",\"contentUrl\":\"https:\\\/\\\/www.eldiario.net\\\/portal\\\/wp-content\\\/uploads\\\/2023\\\/07\\\/logo_ED.jpg\",\"width\":272,\"height\":52,\"caption\":\"El Diario - Decano de la prensa nacional\"},\"image\":{\"@id\":\"https:\\\/\\\/www.eldiario.net\\\/portal\\\/#\\\/schema\\\/logo\\\/image\\\/\"},\"sameAs\":[\"https:\\\/\\\/www.facebook.com\\\/eldiario.bolivia\\\/\",\"https:\\\/\\\/x.com\\\/eldiario_net\"]},{\"@type\":\"Person\",\"@id\":\"https:\\\/\\\/www.eldiario.net\\\/portal\\\/#\\\/schema\\\/person\\\/2c57cf2b7a7ae032e449e4c9b1019eac\",\"name\":\"Jeanette\",\"image\":{\"@type\":\"ImageObject\",\"inLanguage\":\"es\",\"@id\":\"https:\\\/\\\/secure.gravatar.com\\\/avatar\\\/3ea2118a5f7dad2b7138b1187a6b7ee55f160b9968b66013c3a3ef39dd7e5798?s=96&d=mm&r=g\",\"url\":\"https:\\\/\\\/secure.gravatar.com\\\/avatar\\\/3ea2118a5f7dad2b7138b1187a6b7ee55f160b9968b66013c3a3ef39dd7e5798?s=96&d=mm&r=g\",\"contentUrl\":\"https:\\\/\\\/secure.gravatar.com\\\/avatar\\\/3ea2118a5f7dad2b7138b1187a6b7ee55f160b9968b66013c3a3ef39dd7e5798?s=96&d=mm&r=g\",\"caption\":\"Jeanette\"},\"sameAs\":[\"https:\\\/\\\/www.eldiario.net\\\/portal\"],\"url\":\"https:\\\/\\\/www.eldiario.net\\\/portal\\\/author\\\/jeanette\\\/\"}]}<\/script>\n<!-- \/ Yoast SEO plugin. -->","yoast_head_json":{"title":"Un \u201caliado\u201d inesperado - El Diario - Bolivia","robots":{"index":"index","follow":"follow","max-snippet":"max-snippet:-1","max-image-preview":"max-image-preview:large","max-video-preview":"max-video-preview:-1"},"canonical":"https:\/\/www.eldiario.net\/portal\/2025\/04\/06\/un-aliado-inesperado\/","og_locale":"es_ES","og_type":"article","og_title":"Un \u201caliado\u201d inesperado - El Diario - Bolivia","og_description":"Despu\u00e9s del congreso de \u201crefundaci\u00f3n\u201d del \u201cinstrumento de los pueblos\u201d en el Chapare, se acord\u00f3 la creaci\u00f3n de un nuevo partido, \u201cEvo Pueblo\u201d. Esto ya ni puede considerarse como culto a la personalidad, sino locura plena. Sin dudas, el expresidente y sus seguidores han enloquecido. Un partido pol\u00edtico nace con la idea de representar al [&hellip;]","og_url":"https:\/\/www.eldiario.net\/portal\/2025\/04\/06\/un-aliado-inesperado\/","og_site_name":"El Diario - Bolivia","article_publisher":"https:\/\/www.facebook.com\/eldiario.bolivia\/","article_published_time":"2025-04-06T11:18:28+00:00","og_image":[{"width":1200,"height":628,"url":"https:\/\/www.eldiario.net\/portal\/wp-content\/uploads\/2023\/06\/Fabian-Freire.jpg","type":"image\/jpeg"}],"author":"Jeanette","twitter_card":"summary_large_image","twitter_creator":"@eldiario_net","twitter_site":"@eldiario_net","twitter_misc":{"Escrito por":"Jeanette","Tiempo de lectura":"4 minutos"},"schema":{"@context":"https:\/\/schema.org","@graph":[{"@type":"Article","@id":"https:\/\/www.eldiario.net\/portal\/2025\/04\/06\/un-aliado-inesperado\/#article","isPartOf":{"@id":"https:\/\/www.eldiario.net\/portal\/2025\/04\/06\/un-aliado-inesperado\/"},"author":{"name":"Jeanette","@id":"https:\/\/www.eldiario.net\/portal\/#\/schema\/person\/2c57cf2b7a7ae032e449e4c9b1019eac"},"headline":"Un \u201caliado\u201d inesperado","datePublished":"2025-04-06T11:18:28+00:00","mainEntityOfPage":{"@id":"https:\/\/www.eldiario.net\/portal\/2025\/04\/06\/un-aliado-inesperado\/"},"wordCount":743,"publisher":{"@id":"https:\/\/www.eldiario.net\/portal\/#organization"},"image":{"@id":"https:\/\/www.eldiario.net\/portal\/2025\/04\/06\/un-aliado-inesperado\/#primaryimage"},"thumbnailUrl":"https:\/\/www.eldiario.net\/portal\/wp-content\/uploads\/2023\/06\/Fabian-Freire.jpg","articleSection":["Opini\u00f3n"],"inLanguage":"es"},{"@type":"WebPage","@id":"https:\/\/www.eldiario.net\/portal\/2025\/04\/06\/un-aliado-inesperado\/","url":"https:\/\/www.eldiario.net\/portal\/2025\/04\/06\/un-aliado-inesperado\/","name":"Un \u201caliado\u201d inesperado - El Diario - Bolivia","isPartOf":{"@id":"https:\/\/www.eldiario.net\/portal\/#website"},"primaryImageOfPage":{"@id":"https:\/\/www.eldiario.net\/portal\/2025\/04\/06\/un-aliado-inesperado\/#primaryimage"},"image":{"@id":"https:\/\/www.eldiario.net\/portal\/2025\/04\/06\/un-aliado-inesperado\/#primaryimage"},"thumbnailUrl":"https:\/\/www.eldiario.net\/portal\/wp-content\/uploads\/2023\/06\/Fabian-Freire.jpg","datePublished":"2025-04-06T11:18:28+00:00","breadcrumb":{"@id":"https:\/\/www.eldiario.net\/portal\/2025\/04\/06\/un-aliado-inesperado\/#breadcrumb"},"inLanguage":"es","potentialAction":[{"@type":"ReadAction","target":["https:\/\/www.eldiario.net\/portal\/2025\/04\/06\/un-aliado-inesperado\/"]}]},{"@type":"ImageObject","inLanguage":"es","@id":"https:\/\/www.eldiario.net\/portal\/2025\/04\/06\/un-aliado-inesperado\/#primaryimage","url":"https:\/\/www.eldiario.net\/portal\/wp-content\/uploads\/2023\/06\/Fabian-Freire.jpg","contentUrl":"https:\/\/www.eldiario.net\/portal\/wp-content\/uploads\/2023\/06\/Fabian-Freire.jpg","width":1200,"height":628,"caption":"Fabian Freire"},{"@type":"BreadcrumbList","@id":"https:\/\/www.eldiario.net\/portal\/2025\/04\/06\/un-aliado-inesperado\/#breadcrumb","itemListElement":[{"@type":"ListItem","position":1,"name":"Portada","item":"https:\/\/www.eldiario.net\/portal\/"},{"@type":"ListItem","position":2,"name":"Un \u201caliado\u201d inesperado"}]},{"@type":"WebSite","@id":"https:\/\/www.eldiario.net\/portal\/#website","url":"https:\/\/www.eldiario.net\/portal\/","name":"El Diario - Decano de la prensa nacional","description":"El Diario - Decano de la prensa nacional","publisher":{"@id":"https:\/\/www.eldiario.net\/portal\/#organization"},"potentialAction":[{"@type":"SearchAction","target":{"@type":"EntryPoint","urlTemplate":"https:\/\/www.eldiario.net\/portal\/?s={search_term_string}"},"query-input":{"@type":"PropertyValueSpecification","valueRequired":true,"valueName":"search_term_string"}}],"inLanguage":"es"},{"@type":"Organization","@id":"https:\/\/www.eldiario.net\/portal\/#organization","name":"El Diario - Decano de la prensa nacional","url":"https:\/\/www.eldiario.net\/portal\/","logo":{"@type":"ImageObject","inLanguage":"es","@id":"https:\/\/www.eldiario.net\/portal\/#\/schema\/logo\/image\/","url":"https:\/\/www.eldiario.net\/portal\/wp-content\/uploads\/2023\/07\/logo_ED.jpg","contentUrl":"https:\/\/www.eldiario.net\/portal\/wp-content\/uploads\/2023\/07\/logo_ED.jpg","width":272,"height":52,"caption":"El Diario - Decano de la prensa nacional"},"image":{"@id":"https:\/\/www.eldiario.net\/portal\/#\/schema\/logo\/image\/"},"sameAs":["https:\/\/www.facebook.com\/eldiario.bolivia\/","https:\/\/x.com\/eldiario_net"]},{"@type":"Person","@id":"https:\/\/www.eldiario.net\/portal\/#\/schema\/person\/2c57cf2b7a7ae032e449e4c9b1019eac","name":"Jeanette","image":{"@type":"ImageObject","inLanguage":"es","@id":"https:\/\/secure.gravatar.com\/avatar\/3ea2118a5f7dad2b7138b1187a6b7ee55f160b9968b66013c3a3ef39dd7e5798?s=96&d=mm&r=g","url":"https:\/\/secure.gravatar.com\/avatar\/3ea2118a5f7dad2b7138b1187a6b7ee55f160b9968b66013c3a3ef39dd7e5798?s=96&d=mm&r=g","contentUrl":"https:\/\/secure.gravatar.com\/avatar\/3ea2118a5f7dad2b7138b1187a6b7ee55f160b9968b66013c3a3ef39dd7e5798?s=96&d=mm&r=g","caption":"Jeanette"},"sameAs":["https:\/\/www.eldiario.net\/portal"],"url":"https:\/\/www.eldiario.net\/portal\/author\/jeanette\/"}]}},"_links":{"self":[{"href":"https:\/\/www.eldiario.net\/portal\/wp-json\/wp\/v2\/posts\/293433","targetHints":{"allow":["GET"]}}],"collection":[{"href":"https:\/\/www.eldiario.net\/portal\/wp-json\/wp\/v2\/posts"}],"about":[{"href":"https:\/\/www.eldiario.net\/portal\/wp-json\/wp\/v2\/types\/post"}],"author":[{"embeddable":true,"href":"https:\/\/www.eldiario.net\/portal\/wp-json\/wp\/v2\/users\/1"}],"replies":[{"embeddable":true,"href":"https:\/\/www.eldiario.net\/portal\/wp-json\/wp\/v2\/comments?post=293433"}],"version-history":[{"count":1,"href":"https:\/\/www.eldiario.net\/portal\/wp-json\/wp\/v2\/posts\/293433\/revisions"}],"predecessor-version":[{"id":293434,"href":"https:\/\/www.eldiario.net\/portal\/wp-json\/wp\/v2\/posts\/293433\/revisions\/293434"}],"wp:featuredmedia":[{"embeddable":true,"href":"https:\/\/www.eldiario.net\/portal\/wp-json\/wp\/v2\/media\/161834"}],"wp:attachment":[{"href":"https:\/\/www.eldiario.net\/portal\/wp-json\/wp\/v2\/media?parent=293433"}],"wp:term":[{"taxonomy":"category","embeddable":true,"href":"https:\/\/www.eldiario.net\/portal\/wp-json\/wp\/v2\/categories?post=293433"},{"taxonomy":"post_tag","embeddable":true,"href":"https:\/\/www.eldiario.net\/portal\/wp-json\/wp\/v2\/tags?post=293433"}],"curies":[{"name":"wp","href":"https:\/\/api.w.org\/{rel}","templated":true}]}}