{"id":2933,"date":"2021-05-10T04:09:35","date_gmt":"2021-05-10T08:09:35","guid":{"rendered":"https:\/\/www.eldiario.net\/portal\/?p=2933"},"modified":"2021-05-10T04:09:35","modified_gmt":"2021-05-10T08:09:35","slug":"iglesia-pide-a-nuevas-autoridades-crear-nexos-amigables","status":"publish","type":"post","link":"https:\/\/www.eldiario.net\/portal\/2021\/05\/10\/iglesia-pide-a-nuevas-autoridades-crear-nexos-amigables\/","title":{"rendered":"Iglesia pide a nuevas autoridades crear nexos amigables"},"content":{"rendered":"<p>La Iglesia Cat\u00f3lica pidi\u00f3 a las autoridades del Ejecutivo nacional y departamentales crear nexos de di\u00e1logo y encuentro basados en la verdad, justicia y libertad para beneficio de todos, utilizar los talentos que Dios ha dado a cada persona.<br \/>\nLuego de la Beatificaci\u00f3n del primer juez que tiene la Iglesia Cat\u00f3lica, Rosario Livatino, ordenado ayer por el papa Francisco, el arzobispo de Santa Cruz, monse\u00f1or Sergio Gualberti, exhort\u00f3 a todos los cat\u00f3licos a hacer un examen de conciencia acerca de las relaciones con los dem\u00e1s, tanto a nivel personal como social y si fuera necesario remover de sus corazones y de sus vidas, todo lo que nos divide, sospechas, desconfianzas, discriminaciones, intolerancia y actitudes racistas.<br \/>\nExpuso que luego de la instalaci\u00f3n de las nuevas autoridades, todos los bolivianos deber\u00edan trabajar como hermanos, poniendo en estrecha relaci\u00f3n la fe en Dios y la pr\u00e1ctica de la justicia, dos virtudes que deben estar presentes en la vida de todo cristiano.<br \/>\nGualberti sostuvo que esto significa que para agradecer a Dios hay que creer en \u00e9l y al mismo tiempo practicar la justicia con todos, en especial modo con los m\u00e1s vulnerables y desamparados.<br \/>\nIndic\u00f3 que, desde esa \u00f3ptica, practicar la justicia no es solo un acto humano sino una virtud cristiana, es el testimonio que nos da la Iglesia con la beatificaci\u00f3n de Rosario Livatino, un joven juez italiano que, fortalecido por su profunda fe en Dios, ha tenido el coraje de la libertad, no ha mancillado la justicia y no ha traicionado su vocaci\u00f3n de juez al servicio de la verdad, pagando por su vida asesinado por la mafia.<br \/>\nExplic\u00f3 que ese ejemplo nos debe impulsar a los cristianos a no callar ante las injusticias y estimula a la Iglesia a hacerse eco del clamor que se eleva en nuestro pa\u00eds ante tantas agresiones a la vida y en especial ante una justicia servil que ha perdido toda credibilidad, reflej\u00f3 Erbol.<br \/>\n\u201cNo puede haber reconciliaci\u00f3n, armon\u00eda y paz sino hay una justicia independiente e imparcial, que est\u00e9 al servicio de la verdad y act\u00fae con equidad y sin distinci\u00f3n alguna en cuanto a la posici\u00f3n social, econ\u00f3mica, pol\u00edtica y religiosa de las personas\u201d, manifest\u00f3 en su homil\u00eda dominical pronunciada desde la Bas\u00edlica de San Lorenzo en la ciudad de Santa Cruz.<\/p>\n","protected":false},"excerpt":{"rendered":"<p>La Iglesia Cat\u00f3lica pidi\u00f3 a las autoridades del Ejecutivo nacional y departamentales crear nexos de di\u00e1logo y encuentro basados en la verdad, justicia y libertad para beneficio de todos, utilizar los talentos que Dios ha dado a cada persona. Luego de la Beatificaci\u00f3n del primer juez que tiene la Iglesia Cat\u00f3lica, Rosario Livatino, ordenado ayer [&hellip;]<\/p>\n","protected":false},"author":1,"featured_media":0,"comment_status":"closed","ping_status":"open","sticky":false,"template":"","format":"standard","meta":{"_acf_changed":false,"footnotes":""},"categories":[12],"tags":[],"class_list":["post-2933","post","type-post","status-publish","format-standard","category-nacional"],"acf":{"antetitulo":""},"yoast_head":"<!-- This site is optimized with the Yoast SEO plugin v28.3 - https:\/\/yoast.com\/product\/yoast-seo-wordpress\/ -->\n<title>Iglesia pide a nuevas autoridades crear nexos amigables - El Diario - Bolivia<\/title>\n<meta name=\"robots\" content=\"index, follow, max-snippet:-1, max-image-preview:large, max-video-preview:-1\" \/>\n<link rel=\"canonical\" href=\"https:\/\/www.eldiario.net\/portal\/2021\/05\/10\/iglesia-pide-a-nuevas-autoridades-crear-nexos-amigables\/\" \/>\n<meta property=\"og:locale\" content=\"es_ES\" \/>\n<meta property=\"og:type\" content=\"article\" \/>\n<meta property=\"og:title\" content=\"Iglesia pide a nuevas autoridades crear nexos amigables - El Diario - Bolivia\" \/>\n<meta property=\"og:description\" content=\"La Iglesia Cat\u00f3lica pidi\u00f3 a las autoridades del Ejecutivo nacional y departamentales crear nexos de di\u00e1logo y encuentro basados en la verdad, justicia y libertad para beneficio de todos, utilizar los talentos que Dios ha dado a cada persona. Luego de la Beatificaci\u00f3n del primer juez que tiene la Iglesia Cat\u00f3lica, Rosario Livatino, ordenado ayer [&hellip;]\" \/>\n<meta property=\"og:url\" content=\"https:\/\/www.eldiario.net\/portal\/2021\/05\/10\/iglesia-pide-a-nuevas-autoridades-crear-nexos-amigables\/\" \/>\n<meta property=\"og:site_name\" content=\"El Diario - Bolivia\" \/>\n<meta property=\"article:publisher\" content=\"https:\/\/www.facebook.com\/eldiario.bolivia\/\" \/>\n<meta property=\"article:published_time\" content=\"2021-05-10T08:09:35+00:00\" \/>\n<meta name=\"author\" content=\"Jeanette\" \/>\n<meta name=\"twitter:card\" content=\"summary_large_image\" \/>\n<meta name=\"twitter:creator\" content=\"@eldiario_net\" \/>\n<meta name=\"twitter:site\" content=\"@eldiario_net\" \/>\n<meta name=\"twitter:label1\" content=\"Escrito por\" \/>\n\t<meta name=\"twitter:data1\" content=\"Jeanette\" \/>\n\t<meta name=\"twitter:label2\" content=\"Tiempo de lectura\" \/>\n\t<meta name=\"twitter:data2\" content=\"2 minutos\" \/>\n<script type=\"application\/ld+json\" class=\"yoast-schema-graph\">{\"@context\":\"https:\\\/\\\/schema.org\",\"@graph\":[{\"@type\":\"Article\",\"@id\":\"https:\\\/\\\/www.eldiario.net\\\/portal\\\/2021\\\/05\\\/10\\\/iglesia-pide-a-nuevas-autoridades-crear-nexos-amigables\\\/#article\",\"isPartOf\":{\"@id\":\"https:\\\/\\\/www.eldiario.net\\\/portal\\\/2021\\\/05\\\/10\\\/iglesia-pide-a-nuevas-autoridades-crear-nexos-amigables\\\/\"},\"author\":{\"name\":\"Jeanette\",\"@id\":\"https:\\\/\\\/www.eldiario.net\\\/portal\\\/#\\\/schema\\\/person\\\/f46445640444750d7d753ccd04ae01b7\"},\"headline\":\"Iglesia pide a nuevas autoridades crear nexos amigables\",\"datePublished\":\"2021-05-10T08:09:35+00:00\",\"mainEntityOfPage\":{\"@id\":\"https:\\\/\\\/www.eldiario.net\\\/portal\\\/2021\\\/05\\\/10\\\/iglesia-pide-a-nuevas-autoridades-crear-nexos-amigables\\\/\"},\"wordCount\":412,\"publisher\":{\"@id\":\"https:\\\/\\\/www.eldiario.net\\\/portal\\\/#organization\"},\"articleSection\":[\"Nacional\"],\"inLanguage\":\"es\"},{\"@type\":\"WebPage\",\"@id\":\"https:\\\/\\\/www.eldiario.net\\\/portal\\\/2021\\\/05\\\/10\\\/iglesia-pide-a-nuevas-autoridades-crear-nexos-amigables\\\/\",\"url\":\"https:\\\/\\\/www.eldiario.net\\\/portal\\\/2021\\\/05\\\/10\\\/iglesia-pide-a-nuevas-autoridades-crear-nexos-amigables\\\/\",\"name\":\"Iglesia pide a nuevas autoridades crear nexos amigables - El Diario - Bolivia\",\"isPartOf\":{\"@id\":\"https:\\\/\\\/www.eldiario.net\\\/portal\\\/#website\"},\"datePublished\":\"2021-05-10T08:09:35+00:00\",\"breadcrumb\":{\"@id\":\"https:\\\/\\\/www.eldiario.net\\\/portal\\\/2021\\\/05\\\/10\\\/iglesia-pide-a-nuevas-autoridades-crear-nexos-amigables\\\/#breadcrumb\"},\"inLanguage\":\"es\",\"potentialAction\":[{\"@type\":\"ReadAction\",\"target\":[\"https:\\\/\\\/www.eldiario.net\\\/portal\\\/2021\\\/05\\\/10\\\/iglesia-pide-a-nuevas-autoridades-crear-nexos-amigables\\\/\"]}]},{\"@type\":\"BreadcrumbList\",\"@id\":\"https:\\\/\\\/www.eldiario.net\\\/portal\\\/2021\\\/05\\\/10\\\/iglesia-pide-a-nuevas-autoridades-crear-nexos-amigables\\\/#breadcrumb\",\"itemListElement\":[{\"@type\":\"ListItem\",\"position\":1,\"name\":\"Portada\",\"item\":\"https:\\\/\\\/www.eldiario.net\\\/portal\\\/\"},{\"@type\":\"ListItem\",\"position\":2,\"name\":\"Iglesia pide a nuevas autoridades crear nexos amigables\"}]},{\"@type\":\"WebSite\",\"@id\":\"https:\\\/\\\/www.eldiario.net\\\/portal\\\/#website\",\"url\":\"https:\\\/\\\/www.eldiario.net\\\/portal\\\/\",\"name\":\"El Diario - Decano de la prensa nacional\",\"description\":\"El Diario - Decano de la prensa nacional\",\"publisher\":{\"@id\":\"https:\\\/\\\/www.eldiario.net\\\/portal\\\/#organization\"},\"potentialAction\":[{\"@type\":\"SearchAction\",\"target\":{\"@type\":\"EntryPoint\",\"urlTemplate\":\"https:\\\/\\\/www.eldiario.net\\\/portal\\\/?s={search_term_string}\"},\"query-input\":{\"@type\":\"PropertyValueSpecification\",\"valueRequired\":true,\"valueName\":\"search_term_string\"}}],\"inLanguage\":\"es\"},{\"@type\":\"Organization\",\"@id\":\"https:\\\/\\\/www.eldiario.net\\\/portal\\\/#organization\",\"name\":\"El Diario - Decano de la prensa nacional\",\"url\":\"https:\\\/\\\/www.eldiario.net\\\/portal\\\/\",\"logo\":{\"@type\":\"ImageObject\",\"inLanguage\":\"es\",\"@id\":\"https:\\\/\\\/www.eldiario.net\\\/portal\\\/#\\\/schema\\\/logo\\\/image\\\/\",\"url\":\"https:\\\/\\\/www.eldiario.net\\\/portal\\\/wp-content\\\/uploads\\\/2023\\\/07\\\/logo_ED.jpg\",\"contentUrl\":\"https:\\\/\\\/www.eldiario.net\\\/portal\\\/wp-content\\\/uploads\\\/2023\\\/07\\\/logo_ED.jpg\",\"width\":272,\"height\":52,\"caption\":\"El Diario - Decano de la prensa nacional\"},\"image\":{\"@id\":\"https:\\\/\\\/www.eldiario.net\\\/portal\\\/#\\\/schema\\\/logo\\\/image\\\/\"},\"sameAs\":[\"https:\\\/\\\/www.facebook.com\\\/eldiario.bolivia\\\/\",\"https:\\\/\\\/x.com\\\/eldiario_net\"]},{\"@type\":\"Person\",\"@id\":\"https:\\\/\\\/www.eldiario.net\\\/portal\\\/#\\\/schema\\\/person\\\/f46445640444750d7d753ccd04ae01b7\",\"name\":\"Jeanette\",\"image\":{\"@type\":\"ImageObject\",\"inLanguage\":\"es\",\"@id\":\"https:\\\/\\\/secure.gravatar.com\\\/avatar\\\/3ea2118a5f7dad2b7138b1187a6b7ee55f160b9968b66013c3a3ef39dd7e5798?s=96&d=mm&r=g\",\"url\":\"https:\\\/\\\/secure.gravatar.com\\\/avatar\\\/3ea2118a5f7dad2b7138b1187a6b7ee55f160b9968b66013c3a3ef39dd7e5798?s=96&d=mm&r=g\",\"contentUrl\":\"https:\\\/\\\/secure.gravatar.com\\\/avatar\\\/3ea2118a5f7dad2b7138b1187a6b7ee55f160b9968b66013c3a3ef39dd7e5798?s=96&d=mm&r=g\",\"caption\":\"Jeanette\"},\"sameAs\":[\"https:\\\/\\\/www.eldiario.net\\\/portal\"],\"url\":\"https:\\\/\\\/www.eldiario.net\\\/portal\\\/author\\\/jeanette\\\/\"}]}<\/script>\n<!-- \/ Yoast SEO plugin. -->","yoast_head_json":{"title":"Iglesia pide a nuevas autoridades crear nexos amigables - El Diario - Bolivia","robots":{"index":"index","follow":"follow","max-snippet":"max-snippet:-1","max-image-preview":"max-image-preview:large","max-video-preview":"max-video-preview:-1"},"canonical":"https:\/\/www.eldiario.net\/portal\/2021\/05\/10\/iglesia-pide-a-nuevas-autoridades-crear-nexos-amigables\/","og_locale":"es_ES","og_type":"article","og_title":"Iglesia pide a nuevas autoridades crear nexos amigables - El Diario - Bolivia","og_description":"La Iglesia Cat\u00f3lica pidi\u00f3 a las autoridades del Ejecutivo nacional y departamentales crear nexos de di\u00e1logo y encuentro basados en la verdad, justicia y libertad para beneficio de todos, utilizar los talentos que Dios ha dado a cada persona. Luego de la Beatificaci\u00f3n del primer juez que tiene la Iglesia Cat\u00f3lica, Rosario Livatino, ordenado ayer [&hellip;]","og_url":"https:\/\/www.eldiario.net\/portal\/2021\/05\/10\/iglesia-pide-a-nuevas-autoridades-crear-nexos-amigables\/","og_site_name":"El Diario - Bolivia","article_publisher":"https:\/\/www.facebook.com\/eldiario.bolivia\/","article_published_time":"2021-05-10T08:09:35+00:00","author":"Jeanette","twitter_card":"summary_large_image","twitter_creator":"@eldiario_net","twitter_site":"@eldiario_net","twitter_misc":{"Escrito por":"Jeanette","Tiempo de lectura":"2 minutos"},"schema":{"@context":"https:\/\/schema.org","@graph":[{"@type":"Article","@id":"https:\/\/www.eldiario.net\/portal\/2021\/05\/10\/iglesia-pide-a-nuevas-autoridades-crear-nexos-amigables\/#article","isPartOf":{"@id":"https:\/\/www.eldiario.net\/portal\/2021\/05\/10\/iglesia-pide-a-nuevas-autoridades-crear-nexos-amigables\/"},"author":{"name":"Jeanette","@id":"https:\/\/www.eldiario.net\/portal\/#\/schema\/person\/f46445640444750d7d753ccd04ae01b7"},"headline":"Iglesia pide a nuevas autoridades crear nexos amigables","datePublished":"2021-05-10T08:09:35+00:00","mainEntityOfPage":{"@id":"https:\/\/www.eldiario.net\/portal\/2021\/05\/10\/iglesia-pide-a-nuevas-autoridades-crear-nexos-amigables\/"},"wordCount":412,"publisher":{"@id":"https:\/\/www.eldiario.net\/portal\/#organization"},"articleSection":["Nacional"],"inLanguage":"es"},{"@type":"WebPage","@id":"https:\/\/www.eldiario.net\/portal\/2021\/05\/10\/iglesia-pide-a-nuevas-autoridades-crear-nexos-amigables\/","url":"https:\/\/www.eldiario.net\/portal\/2021\/05\/10\/iglesia-pide-a-nuevas-autoridades-crear-nexos-amigables\/","name":"Iglesia pide a nuevas autoridades crear nexos amigables - El Diario - Bolivia","isPartOf":{"@id":"https:\/\/www.eldiario.net\/portal\/#website"},"datePublished":"2021-05-10T08:09:35+00:00","breadcrumb":{"@id":"https:\/\/www.eldiario.net\/portal\/2021\/05\/10\/iglesia-pide-a-nuevas-autoridades-crear-nexos-amigables\/#breadcrumb"},"inLanguage":"es","potentialAction":[{"@type":"ReadAction","target":["https:\/\/www.eldiario.net\/portal\/2021\/05\/10\/iglesia-pide-a-nuevas-autoridades-crear-nexos-amigables\/"]}]},{"@type":"BreadcrumbList","@id":"https:\/\/www.eldiario.net\/portal\/2021\/05\/10\/iglesia-pide-a-nuevas-autoridades-crear-nexos-amigables\/#breadcrumb","itemListElement":[{"@type":"ListItem","position":1,"name":"Portada","item":"https:\/\/www.eldiario.net\/portal\/"},{"@type":"ListItem","position":2,"name":"Iglesia pide a nuevas autoridades crear nexos amigables"}]},{"@type":"WebSite","@id":"https:\/\/www.eldiario.net\/portal\/#website","url":"https:\/\/www.eldiario.net\/portal\/","name":"El Diario - Decano de la prensa nacional","description":"El Diario - Decano de la prensa nacional","publisher":{"@id":"https:\/\/www.eldiario.net\/portal\/#organization"},"potentialAction":[{"@type":"SearchAction","target":{"@type":"EntryPoint","urlTemplate":"https:\/\/www.eldiario.net\/portal\/?s={search_term_string}"},"query-input":{"@type":"PropertyValueSpecification","valueRequired":true,"valueName":"search_term_string"}}],"inLanguage":"es"},{"@type":"Organization","@id":"https:\/\/www.eldiario.net\/portal\/#organization","name":"El Diario - Decano de la prensa nacional","url":"https:\/\/www.eldiario.net\/portal\/","logo":{"@type":"ImageObject","inLanguage":"es","@id":"https:\/\/www.eldiario.net\/portal\/#\/schema\/logo\/image\/","url":"https:\/\/www.eldiario.net\/portal\/wp-content\/uploads\/2023\/07\/logo_ED.jpg","contentUrl":"https:\/\/www.eldiario.net\/portal\/wp-content\/uploads\/2023\/07\/logo_ED.jpg","width":272,"height":52,"caption":"El Diario - Decano de la prensa nacional"},"image":{"@id":"https:\/\/www.eldiario.net\/portal\/#\/schema\/logo\/image\/"},"sameAs":["https:\/\/www.facebook.com\/eldiario.bolivia\/","https:\/\/x.com\/eldiario_net"]},{"@type":"Person","@id":"https:\/\/www.eldiario.net\/portal\/#\/schema\/person\/f46445640444750d7d753ccd04ae01b7","name":"Jeanette","image":{"@type":"ImageObject","inLanguage":"es","@id":"https:\/\/secure.gravatar.com\/avatar\/3ea2118a5f7dad2b7138b1187a6b7ee55f160b9968b66013c3a3ef39dd7e5798?s=96&d=mm&r=g","url":"https:\/\/secure.gravatar.com\/avatar\/3ea2118a5f7dad2b7138b1187a6b7ee55f160b9968b66013c3a3ef39dd7e5798?s=96&d=mm&r=g","contentUrl":"https:\/\/secure.gravatar.com\/avatar\/3ea2118a5f7dad2b7138b1187a6b7ee55f160b9968b66013c3a3ef39dd7e5798?s=96&d=mm&r=g","caption":"Jeanette"},"sameAs":["https:\/\/www.eldiario.net\/portal"],"url":"https:\/\/www.eldiario.net\/portal\/author\/jeanette\/"}]}},"_links":{"self":[{"href":"https:\/\/www.eldiario.net\/portal\/wp-json\/wp\/v2\/posts\/2933","targetHints":{"allow":["GET"]}}],"collection":[{"href":"https:\/\/www.eldiario.net\/portal\/wp-json\/wp\/v2\/posts"}],"about":[{"href":"https:\/\/www.eldiario.net\/portal\/wp-json\/wp\/v2\/types\/post"}],"author":[{"embeddable":true,"href":"https:\/\/www.eldiario.net\/portal\/wp-json\/wp\/v2\/users\/1"}],"replies":[{"embeddable":true,"href":"https:\/\/www.eldiario.net\/portal\/wp-json\/wp\/v2\/comments?post=2933"}],"version-history":[{"count":0,"href":"https:\/\/www.eldiario.net\/portal\/wp-json\/wp\/v2\/posts\/2933\/revisions"}],"wp:attachment":[{"href":"https:\/\/www.eldiario.net\/portal\/wp-json\/wp\/v2\/media?parent=2933"}],"wp:term":[{"taxonomy":"category","embeddable":true,"href":"https:\/\/www.eldiario.net\/portal\/wp-json\/wp\/v2\/categories?post=2933"},{"taxonomy":"post_tag","embeddable":true,"href":"https:\/\/www.eldiario.net\/portal\/wp-json\/wp\/v2\/tags?post=2933"}],"curies":[{"name":"wp","href":"https:\/\/api.w.org\/{rel}","templated":true}]}}