{"id":2930,"date":"2021-05-10T04:08:59","date_gmt":"2021-05-10T08:08:59","guid":{"rendered":"https:\/\/www.eldiario.net\/portal\/?p=2930"},"modified":"2021-05-10T04:08:59","modified_gmt":"2021-05-10T08:08:59","slug":"entrada-del-gran-poder-esta-condicionada-por-pandemia","status":"publish","type":"post","link":"https:\/\/www.eldiario.net\/portal\/2021\/05\/10\/entrada-del-gran-poder-esta-condicionada-por-pandemia\/","title":{"rendered":"Entrada del Gran Poder est\u00e1 condicionada por pandemia"},"content":{"rendered":"<p>La celebraci\u00f3n de la entrada del Gran Poder no fue confirmada a\u00fan, ya que depende de c\u00f3mo evolucione el covid-19, inform\u00f3 el alcalde de La Paz, Iv\u00e1n Arias. La Municipalidad proyecta que el pico alto de la enfermedad llegar\u00e1 durante la cuarta semana de mayo y ser\u00e1 de mayor extensi\u00f3n.<br \/>\nEn conferencia de prensa del s\u00e1bado, la autoridad municipal aclar\u00f3 que su equipo tuvo reuniones con dirigentes de los conjuntos folkl\u00f3ricos solo para recibir sugerencias. \u201cUna cosa es que tengamos reuniones y escuchemos propuestas y otra cosa es que hayamos resuelto (\u2026) No es que esas propuestas est\u00e9n decididas, todo depende de la pandemia\u201d, agreg\u00f3 Arias.<br \/>\nEn la pasada jornada, el presidente de la Asociaci\u00f3n de Conjuntos Folkl\u00f3ricos del Gran Poder, Ren\u00e9 Lima, asegur\u00f3 que le festividad folkl\u00f3rica se llevar\u00e1 a cabo este a\u00f1o, pero ser\u00e1 definida la modalidad de una terna de posibilidades. La informaci\u00f3n surgi\u00f3 luego de una reuni\u00f3n que habr\u00edan tenido con el burgomaestre pace\u00f1o.<br \/>\n\u201cPensar que el 29 de mayo se va a hacer una entrada del Gran Poder, hay que ver el comportamiento (de la pandemia)\u201d, enfatiz\u00f3 Arias luego de recordar la explicaci\u00f3n que dio el secretario municipal de Salud Integral y Deporte, Ren\u00e9 Sahonero, en esta jornada, sobre la proyecci\u00f3n de contagios para las pr\u00f3ximas semanas.<br \/>\nSahonero le inform\u00f3 al burgomaestre pace\u00f1o que para la siguiente semana se prev\u00e9 que comience el incremento de casos y para la subsiguiente se llegar\u00e1 al pico alto. \u201cVamos a tener una cresta m\u00e1s extendida la primera semana de junio\u201d, precis\u00f3 la autoridad edil.<br \/>\nSeg\u00fan el Observatorio Municipal Covid-19 de La Paz, se registraron nuevos contagios y ya suman 6.562 cuadros activos en la jurisdicci\u00f3n. La fiesta del Gran Poder fue suspendida el a\u00f1o pasado por la pandemia y para este a\u00f1o se ten\u00eda previsto rezagarla nuevamente.<\/p>\n","protected":false},"excerpt":{"rendered":"<p>La celebraci\u00f3n de la entrada del Gran Poder no fue confirmada a\u00fan, ya que depende de c\u00f3mo evolucione el covid-19, inform\u00f3 el alcalde de La Paz, Iv\u00e1n Arias. La Municipalidad proyecta que el pico alto de la enfermedad llegar\u00e1 durante la cuarta semana de mayo y ser\u00e1 de mayor extensi\u00f3n. En conferencia de prensa del [&hellip;]<\/p>\n","protected":false},"author":1,"featured_media":2931,"comment_status":"closed","ping_status":"open","sticky":false,"template":"","format":"standard","meta":{"_acf_changed":false,"footnotes":""},"categories":[12],"tags":[],"class_list":["post-2930","post","type-post","status-publish","format-standard","has-post-thumbnail","category-nacional"],"acf":{"antetitulo":""},"yoast_head":"<!-- This site is optimized with the Yoast SEO plugin v28.3 - https:\/\/yoast.com\/product\/yoast-seo-wordpress\/ -->\n<title>Entrada del Gran Poder est\u00e1 condicionada por pandemia - El Diario - Bolivia<\/title>\n<meta name=\"robots\" content=\"index, follow, max-snippet:-1, max-image-preview:large, max-video-preview:-1\" \/>\n<link rel=\"canonical\" href=\"https:\/\/www.eldiario.net\/portal\/2021\/05\/10\/entrada-del-gran-poder-esta-condicionada-por-pandemia\/\" \/>\n<meta property=\"og:locale\" content=\"es_ES\" \/>\n<meta property=\"og:type\" content=\"article\" \/>\n<meta property=\"og:title\" content=\"Entrada del Gran Poder est\u00e1 condicionada por pandemia - El Diario - Bolivia\" \/>\n<meta property=\"og:description\" content=\"La celebraci\u00f3n de la entrada del Gran Poder no fue confirmada a\u00fan, ya que depende de c\u00f3mo evolucione el covid-19, inform\u00f3 el alcalde de La Paz, Iv\u00e1n Arias. La Municipalidad proyecta que el pico alto de la enfermedad llegar\u00e1 durante la cuarta semana de mayo y ser\u00e1 de mayor extensi\u00f3n. En conferencia de prensa del [&hellip;]\" \/>\n<meta property=\"og:url\" content=\"https:\/\/www.eldiario.net\/portal\/2021\/05\/10\/entrada-del-gran-poder-esta-condicionada-por-pandemia\/\" \/>\n<meta property=\"og:site_name\" content=\"El Diario - Bolivia\" \/>\n<meta property=\"article:publisher\" content=\"https:\/\/www.facebook.com\/eldiario.bolivia\/\" \/>\n<meta property=\"article:published_time\" content=\"2021-05-10T08:08:59+00:00\" \/>\n<meta name=\"author\" content=\"Jeanette\" \/>\n<meta name=\"twitter:card\" content=\"summary_large_image\" \/>\n<meta name=\"twitter:creator\" content=\"@eldiario_net\" \/>\n<meta name=\"twitter:site\" content=\"@eldiario_net\" \/>\n<meta name=\"twitter:label1\" content=\"Escrito por\" \/>\n\t<meta name=\"twitter:data1\" content=\"Jeanette\" \/>\n\t<meta name=\"twitter:label2\" content=\"Tiempo de lectura\" \/>\n\t<meta name=\"twitter:data2\" content=\"2 minutos\" \/>\n<script type=\"application\/ld+json\" class=\"yoast-schema-graph\">{\"@context\":\"https:\\\/\\\/schema.org\",\"@graph\":[{\"@type\":\"Article\",\"@id\":\"https:\\\/\\\/www.eldiario.net\\\/portal\\\/2021\\\/05\\\/10\\\/entrada-del-gran-poder-esta-condicionada-por-pandemia\\\/#article\",\"isPartOf\":{\"@id\":\"https:\\\/\\\/www.eldiario.net\\\/portal\\\/2021\\\/05\\\/10\\\/entrada-del-gran-poder-esta-condicionada-por-pandemia\\\/\"},\"author\":{\"name\":\"Jeanette\",\"@id\":\"https:\\\/\\\/www.eldiario.net\\\/portal\\\/#\\\/schema\\\/person\\\/f46445640444750d7d753ccd04ae01b7\"},\"headline\":\"Entrada del Gran Poder est\u00e1 condicionada por pandemia\",\"datePublished\":\"2021-05-10T08:08:59+00:00\",\"mainEntityOfPage\":{\"@id\":\"https:\\\/\\\/www.eldiario.net\\\/portal\\\/2021\\\/05\\\/10\\\/entrada-del-gran-poder-esta-condicionada-por-pandemia\\\/\"},\"wordCount\":330,\"publisher\":{\"@id\":\"https:\\\/\\\/www.eldiario.net\\\/portal\\\/#organization\"},\"image\":{\"@id\":\"https:\\\/\\\/www.eldiario.net\\\/portal\\\/2021\\\/05\\\/10\\\/entrada-del-gran-poder-esta-condicionada-por-pandemia\\\/#primaryimage\"},\"thumbnailUrl\":\"\",\"articleSection\":[\"Nacional\"],\"inLanguage\":\"es\"},{\"@type\":\"WebPage\",\"@id\":\"https:\\\/\\\/www.eldiario.net\\\/portal\\\/2021\\\/05\\\/10\\\/entrada-del-gran-poder-esta-condicionada-por-pandemia\\\/\",\"url\":\"https:\\\/\\\/www.eldiario.net\\\/portal\\\/2021\\\/05\\\/10\\\/entrada-del-gran-poder-esta-condicionada-por-pandemia\\\/\",\"name\":\"Entrada del Gran Poder est\u00e1 condicionada por pandemia - El Diario - Bolivia\",\"isPartOf\":{\"@id\":\"https:\\\/\\\/www.eldiario.net\\\/portal\\\/#website\"},\"primaryImageOfPage\":{\"@id\":\"https:\\\/\\\/www.eldiario.net\\\/portal\\\/2021\\\/05\\\/10\\\/entrada-del-gran-poder-esta-condicionada-por-pandemia\\\/#primaryimage\"},\"image\":{\"@id\":\"https:\\\/\\\/www.eldiario.net\\\/portal\\\/2021\\\/05\\\/10\\\/entrada-del-gran-poder-esta-condicionada-por-pandemia\\\/#primaryimage\"},\"thumbnailUrl\":\"\",\"datePublished\":\"2021-05-10T08:08:59+00:00\",\"breadcrumb\":{\"@id\":\"https:\\\/\\\/www.eldiario.net\\\/portal\\\/2021\\\/05\\\/10\\\/entrada-del-gran-poder-esta-condicionada-por-pandemia\\\/#breadcrumb\"},\"inLanguage\":\"es\",\"potentialAction\":[{\"@type\":\"ReadAction\",\"target\":[\"https:\\\/\\\/www.eldiario.net\\\/portal\\\/2021\\\/05\\\/10\\\/entrada-del-gran-poder-esta-condicionada-por-pandemia\\\/\"]}]},{\"@type\":\"ImageObject\",\"inLanguage\":\"es\",\"@id\":\"https:\\\/\\\/www.eldiario.net\\\/portal\\\/2021\\\/05\\\/10\\\/entrada-del-gran-poder-esta-condicionada-por-pandemia\\\/#primaryimage\",\"url\":\"\",\"contentUrl\":\"\"},{\"@type\":\"BreadcrumbList\",\"@id\":\"https:\\\/\\\/www.eldiario.net\\\/portal\\\/2021\\\/05\\\/10\\\/entrada-del-gran-poder-esta-condicionada-por-pandemia\\\/#breadcrumb\",\"itemListElement\":[{\"@type\":\"ListItem\",\"position\":1,\"name\":\"Portada\",\"item\":\"https:\\\/\\\/www.eldiario.net\\\/portal\\\/\"},{\"@type\":\"ListItem\",\"position\":2,\"name\":\"Entrada del Gran Poder est\u00e1 condicionada por pandemia\"}]},{\"@type\":\"WebSite\",\"@id\":\"https:\\\/\\\/www.eldiario.net\\\/portal\\\/#website\",\"url\":\"https:\\\/\\\/www.eldiario.net\\\/portal\\\/\",\"name\":\"El Diario - Decano de la prensa nacional\",\"description\":\"El Diario - Decano de la prensa nacional\",\"publisher\":{\"@id\":\"https:\\\/\\\/www.eldiario.net\\\/portal\\\/#organization\"},\"potentialAction\":[{\"@type\":\"SearchAction\",\"target\":{\"@type\":\"EntryPoint\",\"urlTemplate\":\"https:\\\/\\\/www.eldiario.net\\\/portal\\\/?s={search_term_string}\"},\"query-input\":{\"@type\":\"PropertyValueSpecification\",\"valueRequired\":true,\"valueName\":\"search_term_string\"}}],\"inLanguage\":\"es\"},{\"@type\":\"Organization\",\"@id\":\"https:\\\/\\\/www.eldiario.net\\\/portal\\\/#organization\",\"name\":\"El Diario - Decano de la prensa nacional\",\"url\":\"https:\\\/\\\/www.eldiario.net\\\/portal\\\/\",\"logo\":{\"@type\":\"ImageObject\",\"inLanguage\":\"es\",\"@id\":\"https:\\\/\\\/www.eldiario.net\\\/portal\\\/#\\\/schema\\\/logo\\\/image\\\/\",\"url\":\"https:\\\/\\\/www.eldiario.net\\\/portal\\\/wp-content\\\/uploads\\\/2023\\\/07\\\/logo_ED.jpg\",\"contentUrl\":\"https:\\\/\\\/www.eldiario.net\\\/portal\\\/wp-content\\\/uploads\\\/2023\\\/07\\\/logo_ED.jpg\",\"width\":272,\"height\":52,\"caption\":\"El Diario - Decano de la prensa nacional\"},\"image\":{\"@id\":\"https:\\\/\\\/www.eldiario.net\\\/portal\\\/#\\\/schema\\\/logo\\\/image\\\/\"},\"sameAs\":[\"https:\\\/\\\/www.facebook.com\\\/eldiario.bolivia\\\/\",\"https:\\\/\\\/x.com\\\/eldiario_net\"]},{\"@type\":\"Person\",\"@id\":\"https:\\\/\\\/www.eldiario.net\\\/portal\\\/#\\\/schema\\\/person\\\/f46445640444750d7d753ccd04ae01b7\",\"name\":\"Jeanette\",\"image\":{\"@type\":\"ImageObject\",\"inLanguage\":\"es\",\"@id\":\"https:\\\/\\\/secure.gravatar.com\\\/avatar\\\/3ea2118a5f7dad2b7138b1187a6b7ee55f160b9968b66013c3a3ef39dd7e5798?s=96&d=mm&r=g\",\"url\":\"https:\\\/\\\/secure.gravatar.com\\\/avatar\\\/3ea2118a5f7dad2b7138b1187a6b7ee55f160b9968b66013c3a3ef39dd7e5798?s=96&d=mm&r=g\",\"contentUrl\":\"https:\\\/\\\/secure.gravatar.com\\\/avatar\\\/3ea2118a5f7dad2b7138b1187a6b7ee55f160b9968b66013c3a3ef39dd7e5798?s=96&d=mm&r=g\",\"caption\":\"Jeanette\"},\"sameAs\":[\"https:\\\/\\\/www.eldiario.net\\\/portal\"],\"url\":\"https:\\\/\\\/www.eldiario.net\\\/portal\\\/author\\\/jeanette\\\/\"}]}<\/script>\n<!-- \/ Yoast SEO plugin. -->","yoast_head_json":{"title":"Entrada del Gran Poder est\u00e1 condicionada por pandemia - El Diario - Bolivia","robots":{"index":"index","follow":"follow","max-snippet":"max-snippet:-1","max-image-preview":"max-image-preview:large","max-video-preview":"max-video-preview:-1"},"canonical":"https:\/\/www.eldiario.net\/portal\/2021\/05\/10\/entrada-del-gran-poder-esta-condicionada-por-pandemia\/","og_locale":"es_ES","og_type":"article","og_title":"Entrada del Gran Poder est\u00e1 condicionada por pandemia - El Diario - Bolivia","og_description":"La celebraci\u00f3n de la entrada del Gran Poder no fue confirmada a\u00fan, ya que depende de c\u00f3mo evolucione el covid-19, inform\u00f3 el alcalde de La Paz, Iv\u00e1n Arias. La Municipalidad proyecta que el pico alto de la enfermedad llegar\u00e1 durante la cuarta semana de mayo y ser\u00e1 de mayor extensi\u00f3n. En conferencia de prensa del [&hellip;]","og_url":"https:\/\/www.eldiario.net\/portal\/2021\/05\/10\/entrada-del-gran-poder-esta-condicionada-por-pandemia\/","og_site_name":"El Diario - Bolivia","article_publisher":"https:\/\/www.facebook.com\/eldiario.bolivia\/","article_published_time":"2021-05-10T08:08:59+00:00","author":"Jeanette","twitter_card":"summary_large_image","twitter_creator":"@eldiario_net","twitter_site":"@eldiario_net","twitter_misc":{"Escrito por":"Jeanette","Tiempo de lectura":"2 minutos"},"schema":{"@context":"https:\/\/schema.org","@graph":[{"@type":"Article","@id":"https:\/\/www.eldiario.net\/portal\/2021\/05\/10\/entrada-del-gran-poder-esta-condicionada-por-pandemia\/#article","isPartOf":{"@id":"https:\/\/www.eldiario.net\/portal\/2021\/05\/10\/entrada-del-gran-poder-esta-condicionada-por-pandemia\/"},"author":{"name":"Jeanette","@id":"https:\/\/www.eldiario.net\/portal\/#\/schema\/person\/f46445640444750d7d753ccd04ae01b7"},"headline":"Entrada del Gran Poder est\u00e1 condicionada por pandemia","datePublished":"2021-05-10T08:08:59+00:00","mainEntityOfPage":{"@id":"https:\/\/www.eldiario.net\/portal\/2021\/05\/10\/entrada-del-gran-poder-esta-condicionada-por-pandemia\/"},"wordCount":330,"publisher":{"@id":"https:\/\/www.eldiario.net\/portal\/#organization"},"image":{"@id":"https:\/\/www.eldiario.net\/portal\/2021\/05\/10\/entrada-del-gran-poder-esta-condicionada-por-pandemia\/#primaryimage"},"thumbnailUrl":"","articleSection":["Nacional"],"inLanguage":"es"},{"@type":"WebPage","@id":"https:\/\/www.eldiario.net\/portal\/2021\/05\/10\/entrada-del-gran-poder-esta-condicionada-por-pandemia\/","url":"https:\/\/www.eldiario.net\/portal\/2021\/05\/10\/entrada-del-gran-poder-esta-condicionada-por-pandemia\/","name":"Entrada del Gran Poder est\u00e1 condicionada por pandemia - El Diario - Bolivia","isPartOf":{"@id":"https:\/\/www.eldiario.net\/portal\/#website"},"primaryImageOfPage":{"@id":"https:\/\/www.eldiario.net\/portal\/2021\/05\/10\/entrada-del-gran-poder-esta-condicionada-por-pandemia\/#primaryimage"},"image":{"@id":"https:\/\/www.eldiario.net\/portal\/2021\/05\/10\/entrada-del-gran-poder-esta-condicionada-por-pandemia\/#primaryimage"},"thumbnailUrl":"","datePublished":"2021-05-10T08:08:59+00:00","breadcrumb":{"@id":"https:\/\/www.eldiario.net\/portal\/2021\/05\/10\/entrada-del-gran-poder-esta-condicionada-por-pandemia\/#breadcrumb"},"inLanguage":"es","potentialAction":[{"@type":"ReadAction","target":["https:\/\/www.eldiario.net\/portal\/2021\/05\/10\/entrada-del-gran-poder-esta-condicionada-por-pandemia\/"]}]},{"@type":"ImageObject","inLanguage":"es","@id":"https:\/\/www.eldiario.net\/portal\/2021\/05\/10\/entrada-del-gran-poder-esta-condicionada-por-pandemia\/#primaryimage","url":"","contentUrl":""},{"@type":"BreadcrumbList","@id":"https:\/\/www.eldiario.net\/portal\/2021\/05\/10\/entrada-del-gran-poder-esta-condicionada-por-pandemia\/#breadcrumb","itemListElement":[{"@type":"ListItem","position":1,"name":"Portada","item":"https:\/\/www.eldiario.net\/portal\/"},{"@type":"ListItem","position":2,"name":"Entrada del Gran Poder est\u00e1 condicionada por pandemia"}]},{"@type":"WebSite","@id":"https:\/\/www.eldiario.net\/portal\/#website","url":"https:\/\/www.eldiario.net\/portal\/","name":"El Diario - Decano de la prensa nacional","description":"El Diario - Decano de la prensa nacional","publisher":{"@id":"https:\/\/www.eldiario.net\/portal\/#organization"},"potentialAction":[{"@type":"SearchAction","target":{"@type":"EntryPoint","urlTemplate":"https:\/\/www.eldiario.net\/portal\/?s={search_term_string}"},"query-input":{"@type":"PropertyValueSpecification","valueRequired":true,"valueName":"search_term_string"}}],"inLanguage":"es"},{"@type":"Organization","@id":"https:\/\/www.eldiario.net\/portal\/#organization","name":"El Diario - Decano de la prensa nacional","url":"https:\/\/www.eldiario.net\/portal\/","logo":{"@type":"ImageObject","inLanguage":"es","@id":"https:\/\/www.eldiario.net\/portal\/#\/schema\/logo\/image\/","url":"https:\/\/www.eldiario.net\/portal\/wp-content\/uploads\/2023\/07\/logo_ED.jpg","contentUrl":"https:\/\/www.eldiario.net\/portal\/wp-content\/uploads\/2023\/07\/logo_ED.jpg","width":272,"height":52,"caption":"El Diario - Decano de la prensa nacional"},"image":{"@id":"https:\/\/www.eldiario.net\/portal\/#\/schema\/logo\/image\/"},"sameAs":["https:\/\/www.facebook.com\/eldiario.bolivia\/","https:\/\/x.com\/eldiario_net"]},{"@type":"Person","@id":"https:\/\/www.eldiario.net\/portal\/#\/schema\/person\/f46445640444750d7d753ccd04ae01b7","name":"Jeanette","image":{"@type":"ImageObject","inLanguage":"es","@id":"https:\/\/secure.gravatar.com\/avatar\/3ea2118a5f7dad2b7138b1187a6b7ee55f160b9968b66013c3a3ef39dd7e5798?s=96&d=mm&r=g","url":"https:\/\/secure.gravatar.com\/avatar\/3ea2118a5f7dad2b7138b1187a6b7ee55f160b9968b66013c3a3ef39dd7e5798?s=96&d=mm&r=g","contentUrl":"https:\/\/secure.gravatar.com\/avatar\/3ea2118a5f7dad2b7138b1187a6b7ee55f160b9968b66013c3a3ef39dd7e5798?s=96&d=mm&r=g","caption":"Jeanette"},"sameAs":["https:\/\/www.eldiario.net\/portal"],"url":"https:\/\/www.eldiario.net\/portal\/author\/jeanette\/"}]}},"_links":{"self":[{"href":"https:\/\/www.eldiario.net\/portal\/wp-json\/wp\/v2\/posts\/2930","targetHints":{"allow":["GET"]}}],"collection":[{"href":"https:\/\/www.eldiario.net\/portal\/wp-json\/wp\/v2\/posts"}],"about":[{"href":"https:\/\/www.eldiario.net\/portal\/wp-json\/wp\/v2\/types\/post"}],"author":[{"embeddable":true,"href":"https:\/\/www.eldiario.net\/portal\/wp-json\/wp\/v2\/users\/1"}],"replies":[{"embeddable":true,"href":"https:\/\/www.eldiario.net\/portal\/wp-json\/wp\/v2\/comments?post=2930"}],"version-history":[{"count":0,"href":"https:\/\/www.eldiario.net\/portal\/wp-json\/wp\/v2\/posts\/2930\/revisions"}],"wp:attachment":[{"href":"https:\/\/www.eldiario.net\/portal\/wp-json\/wp\/v2\/media?parent=2930"}],"wp:term":[{"taxonomy":"category","embeddable":true,"href":"https:\/\/www.eldiario.net\/portal\/wp-json\/wp\/v2\/categories?post=2930"},{"taxonomy":"post_tag","embeddable":true,"href":"https:\/\/www.eldiario.net\/portal\/wp-json\/wp\/v2\/tags?post=2930"}],"curies":[{"name":"wp","href":"https:\/\/api.w.org\/{rel}","templated":true}]}}