{"id":2926,"date":"2021-05-10T04:07:09","date_gmt":"2021-05-10T08:07:09","guid":{"rendered":"https:\/\/www.eldiario.net\/portal\/?p=2926"},"modified":"2021-05-10T04:07:09","modified_gmt":"2021-05-10T08:07:09","slug":"mas-de-1-000-voluntarios-limpiaron-rio-guadalquivir","status":"publish","type":"post","link":"https:\/\/www.eldiario.net\/portal\/2021\/05\/10\/mas-de-1-000-voluntarios-limpiaron-rio-guadalquivir\/","title":{"rendered":"M\u00e1s de 1.000 voluntarios limpiaron r\u00edo Guadalquivir"},"content":{"rendered":"<p>Con la participaci\u00f3n de 1.000 voluntarios de las Fuerzas Armadas, grupos ambientalistas, instituciones p\u00fablicas y privadas se cumpli\u00f3 ayer la campa\u00f1a de limpieza de deshechos en las riberas del r\u00edo Guadalquivir convocada por el activista franc\u00e9s Alexis Dessard, quien expres\u00f3 su satisfacci\u00f3n por la labor desarrollada en Tarija.<br \/>\nAnte la iniciativa de activistas e instituciones de limpiar el r\u00edo Guadalquivir, la Gobernaci\u00f3n de Tarija, a trav\u00e9s de la Direcci\u00f3n de Seguridad Ciudadana, brind\u00f3 apoyo log\u00edstico y con insumos de bioseguridad, para que esta actividad pueda desarrollarse lo m\u00e1s prolija posible.<br \/>\nAsimismo, la actividad convocada por el influencer Dessard fue reforzada con el apoyo y presencia de autoridades como la directora de Seguridad Ciudadana de la Gobernaci\u00f3n, Giovanna Delf\u00edn, la asamble\u00edsta Carmen \u201cpochita\u201d Valencia, el asamble\u00edsta Dami\u00e1n Castillo, adem\u00e1s de personal de la Gobernaci\u00f3n y Gobierno Municipal.<br \/>\nSeg\u00fan La Voz de Tarija, Delf\u00edn destac\u00f3 la iniciativa que ha sido impulsada por la diputada Mariela Baldivieso, con la presencia del activista extranjero Alexis Dessard, este \u00faltimo que se ha destacado en el pa\u00eds por su preocupaci\u00f3n en la limpieza de lagos y afluentes.<br \/>\n\u201cComo Direcci\u00f3n estamos apoyando junto a grupos de activistas, ambientalistas, Huellitas, que siempre han mostrado su preocupaci\u00f3n por el departamento, esta vez con barbijos, bolsas de yute, refrigerios, guantes y todos aquellos insumos que permitan que la actividad se realice con \u00e9xito\u201d, manifest\u00f3 Delf\u00edn para Radio Popular Yacuiba<br \/>\nAl respecto, Dessard destac\u00f3 la participaci\u00f3n de diferentes activistas tarije\u00f1os que se han dado cita para limpiar los m\u00e1rgenes del principal afluente tarije\u00f1o, como lo es el r\u00edo Guadalquivir, detall\u00f3 que se establecieron dos puntos de concentraci\u00f3n, el primero iniciaba altura del Mega Center, se segundo en el Parque Tem\u00e1tico a la altura del puente Bol\u00edvar.<br \/>\nEn tanto, la asamble\u00edsta departamental Carmen Valencia agradeci\u00f3 al activista franc\u00e9s que est\u00e1 siendo imitada y respaldada a nivel nacional, y que en esta ocasi\u00f3n se desarrolla en Tarija.<br \/>\nLa diputada Mariela Baldivieso, quien ha sido tambi\u00e9n la art\u00edfice para que Dessard llegue a Tarija, agradeci\u00f3 el desprendimiento de la poblaci\u00f3n tarije\u00f1a y de sus instituciones, como la Gobernaci\u00f3n, Gobierno Municipal y Fuerzas Armadas.<\/p>\n<figure id=\"attachment_2928\" aria-describedby=\"caption-attachment-2928\" style=\"width: 360px\" class=\"wp-caption alignleft\"><a href=\"https:\/\/www.eldiario.net\/portal\/wp-content\/uploads\/2021\/05\/Nal-090.jpg\"><img loading=\"lazy\" decoding=\"async\" class=\"size-jnews-360x180 wp-image-2928\" src=\"https:\/\/www.eldiario.net\/portal\/wp-content\/uploads\/2021\/05\/Nal-090-360x180.jpg\" alt=\"\" width=\"360\" height=\"180\" \/><\/a><figcaption id=\"caption-attachment-2928\" class=\"wp-caption-text\">Campa\u00f1a de limpieza en riberas del r\u00edo Guadalquivir.<\/figcaption><\/figure>\n","protected":false},"excerpt":{"rendered":"<p>Con la participaci\u00f3n de 1.000 voluntarios de las Fuerzas Armadas, grupos ambientalistas, instituciones p\u00fablicas y privadas se cumpli\u00f3 ayer la campa\u00f1a de limpieza de deshechos en las riberas del r\u00edo Guadalquivir convocada por el activista franc\u00e9s Alexis Dessard, quien expres\u00f3 su satisfacci\u00f3n por la labor desarrollada en Tarija. Ante la iniciativa de activistas e instituciones [&hellip;]<\/p>\n","protected":false},"author":1,"featured_media":2927,"comment_status":"closed","ping_status":"open","sticky":false,"template":"","format":"standard","meta":{"_acf_changed":false,"footnotes":""},"categories":[12],"tags":[],"class_list":["post-2926","post","type-post","status-publish","format-standard","has-post-thumbnail","category-nacional"],"acf":{"antetitulo":""},"yoast_head":"<!-- This site is optimized with the Yoast SEO plugin v28.3 - https:\/\/yoast.com\/product\/yoast-seo-wordpress\/ -->\n<title>M\u00e1s de 1.000 voluntarios limpiaron r\u00edo Guadalquivir - El Diario - Bolivia<\/title>\n<meta name=\"robots\" content=\"index, follow, max-snippet:-1, max-image-preview:large, max-video-preview:-1\" \/>\n<link rel=\"canonical\" href=\"https:\/\/www.eldiario.net\/portal\/2021\/05\/10\/mas-de-1-000-voluntarios-limpiaron-rio-guadalquivir\/\" \/>\n<meta property=\"og:locale\" content=\"es_ES\" \/>\n<meta property=\"og:type\" content=\"article\" \/>\n<meta property=\"og:title\" content=\"M\u00e1s de 1.000 voluntarios limpiaron r\u00edo Guadalquivir - El Diario - Bolivia\" \/>\n<meta property=\"og:description\" content=\"Con la participaci\u00f3n de 1.000 voluntarios de las Fuerzas Armadas, grupos ambientalistas, instituciones p\u00fablicas y privadas se cumpli\u00f3 ayer la campa\u00f1a de limpieza de deshechos en las riberas del r\u00edo Guadalquivir convocada por el activista franc\u00e9s Alexis Dessard, quien expres\u00f3 su satisfacci\u00f3n por la labor desarrollada en Tarija. Ante la iniciativa de activistas e instituciones [&hellip;]\" \/>\n<meta property=\"og:url\" content=\"https:\/\/www.eldiario.net\/portal\/2021\/05\/10\/mas-de-1-000-voluntarios-limpiaron-rio-guadalquivir\/\" \/>\n<meta property=\"og:site_name\" content=\"El Diario - Bolivia\" \/>\n<meta property=\"article:publisher\" content=\"https:\/\/www.facebook.com\/eldiario.bolivia\/\" \/>\n<meta property=\"article:published_time\" content=\"2021-05-10T08:07:09+00:00\" \/>\n<meta property=\"og:image\" content=\"https:\/\/www.eldiario.net\/portal\/wp-content\/uploads\/2021\/05\/Nal-091.jpg\" \/>\n\t<meta property=\"og:image:width\" content=\"1280\" \/>\n\t<meta property=\"og:image:height\" content=\"622\" \/>\n\t<meta property=\"og:image:type\" content=\"image\/jpeg\" \/>\n<meta name=\"author\" content=\"Jeanette\" \/>\n<meta name=\"twitter:card\" content=\"summary_large_image\" \/>\n<meta name=\"twitter:creator\" content=\"@eldiario_net\" \/>\n<meta name=\"twitter:site\" content=\"@eldiario_net\" \/>\n<meta name=\"twitter:label1\" content=\"Escrito por\" \/>\n\t<meta name=\"twitter:data1\" content=\"Jeanette\" \/>\n\t<meta name=\"twitter:label2\" content=\"Tiempo de lectura\" \/>\n\t<meta name=\"twitter:data2\" content=\"2 minutos\" \/>\n<script type=\"application\/ld+json\" class=\"yoast-schema-graph\">{\"@context\":\"https:\\\/\\\/schema.org\",\"@graph\":[{\"@type\":\"Article\",\"@id\":\"https:\\\/\\\/www.eldiario.net\\\/portal\\\/2021\\\/05\\\/10\\\/mas-de-1-000-voluntarios-limpiaron-rio-guadalquivir\\\/#article\",\"isPartOf\":{\"@id\":\"https:\\\/\\\/www.eldiario.net\\\/portal\\\/2021\\\/05\\\/10\\\/mas-de-1-000-voluntarios-limpiaron-rio-guadalquivir\\\/\"},\"author\":{\"name\":\"Jeanette\",\"@id\":\"https:\\\/\\\/www.eldiario.net\\\/portal\\\/#\\\/schema\\\/person\\\/f46445640444750d7d753ccd04ae01b7\"},\"headline\":\"M\u00e1s de 1.000 voluntarios limpiaron r\u00edo Guadalquivir\",\"datePublished\":\"2021-05-10T08:07:09+00:00\",\"mainEntityOfPage\":{\"@id\":\"https:\\\/\\\/www.eldiario.net\\\/portal\\\/2021\\\/05\\\/10\\\/mas-de-1-000-voluntarios-limpiaron-rio-guadalquivir\\\/\"},\"wordCount\":415,\"publisher\":{\"@id\":\"https:\\\/\\\/www.eldiario.net\\\/portal\\\/#organization\"},\"image\":{\"@id\":\"https:\\\/\\\/www.eldiario.net\\\/portal\\\/2021\\\/05\\\/10\\\/mas-de-1-000-voluntarios-limpiaron-rio-guadalquivir\\\/#primaryimage\"},\"thumbnailUrl\":\"https:\\\/\\\/www.eldiario.net\\\/portal\\\/wp-content\\\/uploads\\\/2021\\\/05\\\/Nal-091.jpg\",\"articleSection\":[\"Nacional\"],\"inLanguage\":\"es\"},{\"@type\":\"WebPage\",\"@id\":\"https:\\\/\\\/www.eldiario.net\\\/portal\\\/2021\\\/05\\\/10\\\/mas-de-1-000-voluntarios-limpiaron-rio-guadalquivir\\\/\",\"url\":\"https:\\\/\\\/www.eldiario.net\\\/portal\\\/2021\\\/05\\\/10\\\/mas-de-1-000-voluntarios-limpiaron-rio-guadalquivir\\\/\",\"name\":\"M\u00e1s de 1.000 voluntarios limpiaron r\u00edo Guadalquivir - El Diario - Bolivia\",\"isPartOf\":{\"@id\":\"https:\\\/\\\/www.eldiario.net\\\/portal\\\/#website\"},\"primaryImageOfPage\":{\"@id\":\"https:\\\/\\\/www.eldiario.net\\\/portal\\\/2021\\\/05\\\/10\\\/mas-de-1-000-voluntarios-limpiaron-rio-guadalquivir\\\/#primaryimage\"},\"image\":{\"@id\":\"https:\\\/\\\/www.eldiario.net\\\/portal\\\/2021\\\/05\\\/10\\\/mas-de-1-000-voluntarios-limpiaron-rio-guadalquivir\\\/#primaryimage\"},\"thumbnailUrl\":\"https:\\\/\\\/www.eldiario.net\\\/portal\\\/wp-content\\\/uploads\\\/2021\\\/05\\\/Nal-091.jpg\",\"datePublished\":\"2021-05-10T08:07:09+00:00\",\"breadcrumb\":{\"@id\":\"https:\\\/\\\/www.eldiario.net\\\/portal\\\/2021\\\/05\\\/10\\\/mas-de-1-000-voluntarios-limpiaron-rio-guadalquivir\\\/#breadcrumb\"},\"inLanguage\":\"es\",\"potentialAction\":[{\"@type\":\"ReadAction\",\"target\":[\"https:\\\/\\\/www.eldiario.net\\\/portal\\\/2021\\\/05\\\/10\\\/mas-de-1-000-voluntarios-limpiaron-rio-guadalquivir\\\/\"]}]},{\"@type\":\"ImageObject\",\"inLanguage\":\"es\",\"@id\":\"https:\\\/\\\/www.eldiario.net\\\/portal\\\/2021\\\/05\\\/10\\\/mas-de-1-000-voluntarios-limpiaron-rio-guadalquivir\\\/#primaryimage\",\"url\":\"https:\\\/\\\/www.eldiario.net\\\/portal\\\/wp-content\\\/uploads\\\/2021\\\/05\\\/Nal-091.jpg\",\"contentUrl\":\"https:\\\/\\\/www.eldiario.net\\\/portal\\\/wp-content\\\/uploads\\\/2021\\\/05\\\/Nal-091.jpg\",\"width\":1280,\"height\":622},{\"@type\":\"BreadcrumbList\",\"@id\":\"https:\\\/\\\/www.eldiario.net\\\/portal\\\/2021\\\/05\\\/10\\\/mas-de-1-000-voluntarios-limpiaron-rio-guadalquivir\\\/#breadcrumb\",\"itemListElement\":[{\"@type\":\"ListItem\",\"position\":1,\"name\":\"Portada\",\"item\":\"https:\\\/\\\/www.eldiario.net\\\/portal\\\/\"},{\"@type\":\"ListItem\",\"position\":2,\"name\":\"M\u00e1s de 1.000 voluntarios limpiaron r\u00edo Guadalquivir\"}]},{\"@type\":\"WebSite\",\"@id\":\"https:\\\/\\\/www.eldiario.net\\\/portal\\\/#website\",\"url\":\"https:\\\/\\\/www.eldiario.net\\\/portal\\\/\",\"name\":\"El Diario - Decano de la prensa nacional\",\"description\":\"El Diario - Decano de la prensa nacional\",\"publisher\":{\"@id\":\"https:\\\/\\\/www.eldiario.net\\\/portal\\\/#organization\"},\"potentialAction\":[{\"@type\":\"SearchAction\",\"target\":{\"@type\":\"EntryPoint\",\"urlTemplate\":\"https:\\\/\\\/www.eldiario.net\\\/portal\\\/?s={search_term_string}\"},\"query-input\":{\"@type\":\"PropertyValueSpecification\",\"valueRequired\":true,\"valueName\":\"search_term_string\"}}],\"inLanguage\":\"es\"},{\"@type\":\"Organization\",\"@id\":\"https:\\\/\\\/www.eldiario.net\\\/portal\\\/#organization\",\"name\":\"El Diario - Decano de la prensa nacional\",\"url\":\"https:\\\/\\\/www.eldiario.net\\\/portal\\\/\",\"logo\":{\"@type\":\"ImageObject\",\"inLanguage\":\"es\",\"@id\":\"https:\\\/\\\/www.eldiario.net\\\/portal\\\/#\\\/schema\\\/logo\\\/image\\\/\",\"url\":\"https:\\\/\\\/www.eldiario.net\\\/portal\\\/wp-content\\\/uploads\\\/2023\\\/07\\\/logo_ED.jpg\",\"contentUrl\":\"https:\\\/\\\/www.eldiario.net\\\/portal\\\/wp-content\\\/uploads\\\/2023\\\/07\\\/logo_ED.jpg\",\"width\":272,\"height\":52,\"caption\":\"El Diario - Decano de la prensa nacional\"},\"image\":{\"@id\":\"https:\\\/\\\/www.eldiario.net\\\/portal\\\/#\\\/schema\\\/logo\\\/image\\\/\"},\"sameAs\":[\"https:\\\/\\\/www.facebook.com\\\/eldiario.bolivia\\\/\",\"https:\\\/\\\/x.com\\\/eldiario_net\"]},{\"@type\":\"Person\",\"@id\":\"https:\\\/\\\/www.eldiario.net\\\/portal\\\/#\\\/schema\\\/person\\\/f46445640444750d7d753ccd04ae01b7\",\"name\":\"Jeanette\",\"image\":{\"@type\":\"ImageObject\",\"inLanguage\":\"es\",\"@id\":\"https:\\\/\\\/secure.gravatar.com\\\/avatar\\\/3ea2118a5f7dad2b7138b1187a6b7ee55f160b9968b66013c3a3ef39dd7e5798?s=96&d=mm&r=g\",\"url\":\"https:\\\/\\\/secure.gravatar.com\\\/avatar\\\/3ea2118a5f7dad2b7138b1187a6b7ee55f160b9968b66013c3a3ef39dd7e5798?s=96&d=mm&r=g\",\"contentUrl\":\"https:\\\/\\\/secure.gravatar.com\\\/avatar\\\/3ea2118a5f7dad2b7138b1187a6b7ee55f160b9968b66013c3a3ef39dd7e5798?s=96&d=mm&r=g\",\"caption\":\"Jeanette\"},\"sameAs\":[\"https:\\\/\\\/www.eldiario.net\\\/portal\"],\"url\":\"https:\\\/\\\/www.eldiario.net\\\/portal\\\/author\\\/jeanette\\\/\"}]}<\/script>\n<!-- \/ Yoast SEO plugin. -->","yoast_head_json":{"title":"M\u00e1s de 1.000 voluntarios limpiaron r\u00edo Guadalquivir - El Diario - Bolivia","robots":{"index":"index","follow":"follow","max-snippet":"max-snippet:-1","max-image-preview":"max-image-preview:large","max-video-preview":"max-video-preview:-1"},"canonical":"https:\/\/www.eldiario.net\/portal\/2021\/05\/10\/mas-de-1-000-voluntarios-limpiaron-rio-guadalquivir\/","og_locale":"es_ES","og_type":"article","og_title":"M\u00e1s de 1.000 voluntarios limpiaron r\u00edo Guadalquivir - El Diario - Bolivia","og_description":"Con la participaci\u00f3n de 1.000 voluntarios de las Fuerzas Armadas, grupos ambientalistas, instituciones p\u00fablicas y privadas se cumpli\u00f3 ayer la campa\u00f1a de limpieza de deshechos en las riberas del r\u00edo Guadalquivir convocada por el activista franc\u00e9s Alexis Dessard, quien expres\u00f3 su satisfacci\u00f3n por la labor desarrollada en Tarija. Ante la iniciativa de activistas e instituciones [&hellip;]","og_url":"https:\/\/www.eldiario.net\/portal\/2021\/05\/10\/mas-de-1-000-voluntarios-limpiaron-rio-guadalquivir\/","og_site_name":"El Diario - Bolivia","article_publisher":"https:\/\/www.facebook.com\/eldiario.bolivia\/","article_published_time":"2021-05-10T08:07:09+00:00","og_image":[{"width":1280,"height":622,"url":"https:\/\/www.eldiario.net\/portal\/wp-content\/uploads\/2021\/05\/Nal-091.jpg","type":"image\/jpeg"}],"author":"Jeanette","twitter_card":"summary_large_image","twitter_creator":"@eldiario_net","twitter_site":"@eldiario_net","twitter_misc":{"Escrito por":"Jeanette","Tiempo de lectura":"2 minutos"},"schema":{"@context":"https:\/\/schema.org","@graph":[{"@type":"Article","@id":"https:\/\/www.eldiario.net\/portal\/2021\/05\/10\/mas-de-1-000-voluntarios-limpiaron-rio-guadalquivir\/#article","isPartOf":{"@id":"https:\/\/www.eldiario.net\/portal\/2021\/05\/10\/mas-de-1-000-voluntarios-limpiaron-rio-guadalquivir\/"},"author":{"name":"Jeanette","@id":"https:\/\/www.eldiario.net\/portal\/#\/schema\/person\/f46445640444750d7d753ccd04ae01b7"},"headline":"M\u00e1s de 1.000 voluntarios limpiaron r\u00edo Guadalquivir","datePublished":"2021-05-10T08:07:09+00:00","mainEntityOfPage":{"@id":"https:\/\/www.eldiario.net\/portal\/2021\/05\/10\/mas-de-1-000-voluntarios-limpiaron-rio-guadalquivir\/"},"wordCount":415,"publisher":{"@id":"https:\/\/www.eldiario.net\/portal\/#organization"},"image":{"@id":"https:\/\/www.eldiario.net\/portal\/2021\/05\/10\/mas-de-1-000-voluntarios-limpiaron-rio-guadalquivir\/#primaryimage"},"thumbnailUrl":"https:\/\/www.eldiario.net\/portal\/wp-content\/uploads\/2021\/05\/Nal-091.jpg","articleSection":["Nacional"],"inLanguage":"es"},{"@type":"WebPage","@id":"https:\/\/www.eldiario.net\/portal\/2021\/05\/10\/mas-de-1-000-voluntarios-limpiaron-rio-guadalquivir\/","url":"https:\/\/www.eldiario.net\/portal\/2021\/05\/10\/mas-de-1-000-voluntarios-limpiaron-rio-guadalquivir\/","name":"M\u00e1s de 1.000 voluntarios limpiaron r\u00edo Guadalquivir - El Diario - Bolivia","isPartOf":{"@id":"https:\/\/www.eldiario.net\/portal\/#website"},"primaryImageOfPage":{"@id":"https:\/\/www.eldiario.net\/portal\/2021\/05\/10\/mas-de-1-000-voluntarios-limpiaron-rio-guadalquivir\/#primaryimage"},"image":{"@id":"https:\/\/www.eldiario.net\/portal\/2021\/05\/10\/mas-de-1-000-voluntarios-limpiaron-rio-guadalquivir\/#primaryimage"},"thumbnailUrl":"https:\/\/www.eldiario.net\/portal\/wp-content\/uploads\/2021\/05\/Nal-091.jpg","datePublished":"2021-05-10T08:07:09+00:00","breadcrumb":{"@id":"https:\/\/www.eldiario.net\/portal\/2021\/05\/10\/mas-de-1-000-voluntarios-limpiaron-rio-guadalquivir\/#breadcrumb"},"inLanguage":"es","potentialAction":[{"@type":"ReadAction","target":["https:\/\/www.eldiario.net\/portal\/2021\/05\/10\/mas-de-1-000-voluntarios-limpiaron-rio-guadalquivir\/"]}]},{"@type":"ImageObject","inLanguage":"es","@id":"https:\/\/www.eldiario.net\/portal\/2021\/05\/10\/mas-de-1-000-voluntarios-limpiaron-rio-guadalquivir\/#primaryimage","url":"https:\/\/www.eldiario.net\/portal\/wp-content\/uploads\/2021\/05\/Nal-091.jpg","contentUrl":"https:\/\/www.eldiario.net\/portal\/wp-content\/uploads\/2021\/05\/Nal-091.jpg","width":1280,"height":622},{"@type":"BreadcrumbList","@id":"https:\/\/www.eldiario.net\/portal\/2021\/05\/10\/mas-de-1-000-voluntarios-limpiaron-rio-guadalquivir\/#breadcrumb","itemListElement":[{"@type":"ListItem","position":1,"name":"Portada","item":"https:\/\/www.eldiario.net\/portal\/"},{"@type":"ListItem","position":2,"name":"M\u00e1s de 1.000 voluntarios limpiaron r\u00edo Guadalquivir"}]},{"@type":"WebSite","@id":"https:\/\/www.eldiario.net\/portal\/#website","url":"https:\/\/www.eldiario.net\/portal\/","name":"El Diario - Decano de la prensa nacional","description":"El Diario - Decano de la prensa nacional","publisher":{"@id":"https:\/\/www.eldiario.net\/portal\/#organization"},"potentialAction":[{"@type":"SearchAction","target":{"@type":"EntryPoint","urlTemplate":"https:\/\/www.eldiario.net\/portal\/?s={search_term_string}"},"query-input":{"@type":"PropertyValueSpecification","valueRequired":true,"valueName":"search_term_string"}}],"inLanguage":"es"},{"@type":"Organization","@id":"https:\/\/www.eldiario.net\/portal\/#organization","name":"El Diario - Decano de la prensa nacional","url":"https:\/\/www.eldiario.net\/portal\/","logo":{"@type":"ImageObject","inLanguage":"es","@id":"https:\/\/www.eldiario.net\/portal\/#\/schema\/logo\/image\/","url":"https:\/\/www.eldiario.net\/portal\/wp-content\/uploads\/2023\/07\/logo_ED.jpg","contentUrl":"https:\/\/www.eldiario.net\/portal\/wp-content\/uploads\/2023\/07\/logo_ED.jpg","width":272,"height":52,"caption":"El Diario - Decano de la prensa nacional"},"image":{"@id":"https:\/\/www.eldiario.net\/portal\/#\/schema\/logo\/image\/"},"sameAs":["https:\/\/www.facebook.com\/eldiario.bolivia\/","https:\/\/x.com\/eldiario_net"]},{"@type":"Person","@id":"https:\/\/www.eldiario.net\/portal\/#\/schema\/person\/f46445640444750d7d753ccd04ae01b7","name":"Jeanette","image":{"@type":"ImageObject","inLanguage":"es","@id":"https:\/\/secure.gravatar.com\/avatar\/3ea2118a5f7dad2b7138b1187a6b7ee55f160b9968b66013c3a3ef39dd7e5798?s=96&d=mm&r=g","url":"https:\/\/secure.gravatar.com\/avatar\/3ea2118a5f7dad2b7138b1187a6b7ee55f160b9968b66013c3a3ef39dd7e5798?s=96&d=mm&r=g","contentUrl":"https:\/\/secure.gravatar.com\/avatar\/3ea2118a5f7dad2b7138b1187a6b7ee55f160b9968b66013c3a3ef39dd7e5798?s=96&d=mm&r=g","caption":"Jeanette"},"sameAs":["https:\/\/www.eldiario.net\/portal"],"url":"https:\/\/www.eldiario.net\/portal\/author\/jeanette\/"}]}},"_links":{"self":[{"href":"https:\/\/www.eldiario.net\/portal\/wp-json\/wp\/v2\/posts\/2926","targetHints":{"allow":["GET"]}}],"collection":[{"href":"https:\/\/www.eldiario.net\/portal\/wp-json\/wp\/v2\/posts"}],"about":[{"href":"https:\/\/www.eldiario.net\/portal\/wp-json\/wp\/v2\/types\/post"}],"author":[{"embeddable":true,"href":"https:\/\/www.eldiario.net\/portal\/wp-json\/wp\/v2\/users\/1"}],"replies":[{"embeddable":true,"href":"https:\/\/www.eldiario.net\/portal\/wp-json\/wp\/v2\/comments?post=2926"}],"version-history":[{"count":0,"href":"https:\/\/www.eldiario.net\/portal\/wp-json\/wp\/v2\/posts\/2926\/revisions"}],"wp:featuredmedia":[{"embeddable":true,"href":"https:\/\/www.eldiario.net\/portal\/wp-json\/wp\/v2\/media\/2927"}],"wp:attachment":[{"href":"https:\/\/www.eldiario.net\/portal\/wp-json\/wp\/v2\/media?parent=2926"}],"wp:term":[{"taxonomy":"category","embeddable":true,"href":"https:\/\/www.eldiario.net\/portal\/wp-json\/wp\/v2\/categories?post=2926"},{"taxonomy":"post_tag","embeddable":true,"href":"https:\/\/www.eldiario.net\/portal\/wp-json\/wp\/v2\/tags?post=2926"}],"curies":[{"name":"wp","href":"https:\/\/api.w.org\/{rel}","templated":true}]}}