{"id":291615,"date":"2025-03-29T06:57:26","date_gmt":"2025-03-29T10:57:26","guid":{"rendered":"https:\/\/www.eldiario.net\/portal\/?p=291615"},"modified":"2025-03-29T06:57:26","modified_gmt":"2025-03-29T10:57:26","slug":"terrorismo-judicial","status":"publish","type":"post","link":"https:\/\/www.eldiario.net\/portal\/2025\/03\/29\/terrorismo-judicial\/","title":{"rendered":"Terrorismo judicial"},"content":{"rendered":"<p>El \u00d3rgano Judicial tiene por finalidad conocer y resolver las controversias de los ciudadanos, que afectados en sus derechos demandan justicia. Es decir que la meta de ese importante \u00f3rgano es administrar justicia, ajust\u00e1ndose a las normas jur\u00eddicas. Para ello el sistema jur\u00eddico deber\u00eda dar todas las condiciones, a fin de que las partes en conflicto tengan la seguridad de ser escuchadas en sus planteamientos, con absoluta imparcialidad y legalidad.<br \/>\nEn nuestro medio, se ha establecido como pr\u00e1ctica de defensa, que cuando una persona denuncia la comisi\u00f3n de un delito &#8211;pues la ley determina que toda persona est\u00e1 obligada a denunciar y m\u00e1s a\u00fan si el acto delictivo afecta sus derechos&#8211;, la parte denunciada, consciente de su delito, como medida de defensa, inicia juicios por todo y nada contra el denunciante y v\u00edctima. Se trata de conseguir la \u201cimpunidad\u201d, pues la v\u00edctima, al verse envuelta en varios procesos judiciales, se ve obligada a transar o dejar de lado sus derechos vulnerados.<br \/>\nLamentablemente, esta forma de defensa que ponen en pr\u00e1ctica algunos abogados, como \u201cmala praxis jur\u00eddica\u201d, es aceptada por algunos jueces y fiscales, que lejos de aplicar la ley y la raz\u00f3n del derecho, se prestan a esta conducta que se la ha denominado \u201cterrorismo judicial\u201d, la que solo tiene por finalidad, burlar la justicia. En algunos casos, los \u201cterroristas judiciales\u201d ya fueron sentenciados, lo que significa que se prob\u00f3 la comisi\u00f3n de alg\u00fan delito, pero luego aparecen como denunciantes.<br \/>\nNo cabe duda que uno de los problemas de la crisis institucional del Estado boliviano, es la ausencia de una justicia cabal y cierta, que garantice el \u201cestado de derecho\u201d. Es decir que, en la sociedad organizada en Estado, se garantizan los derechos de los ciudadanos a trav\u00e9s de la aplicaci\u00f3n de la ley y solo de la ley, por encima de instrucciones del poder pol\u00edtico y peor a\u00fan de la prebenda monetaria.<br \/>\nEn una sociedad organizada, el aparato de justicia, no solo conoce y resuelve las controversias judiciales, sino que es un mecanismo de garant\u00eda de los derechos de los individuos, que son uno de los componentes de los elementos del Estado, junto al territorio y gobierno. Es m\u00e1s, el Estado tiene como finalidad el \u201cbien com\u00fan\u201d de la poblaci\u00f3n, el bien de todos, sin distinci\u00f3n alguna. Y en ese bien com\u00fan, est\u00e1 el derecho a la justicia.<br \/>\nComo pol\u00edtica de Estado, el gobierno que lo ejerce, los poderes u \u00f3rganos del Estado, deben garantizar a los pobladores sus derechos establecidos en las normas, comenzando por la Constituci\u00f3n Pol\u00edtica del Estado (CPE). Los derechos fundamentales, como el acceso a la justicia, deben ser garantizados y respetados en todos los \u00e1mbitos del Estado, y de su aparato administrativo. Es que, para que funcione ese aparato, los ciudadanos aportan con tributos, impuestos, tasas etc., de tal manera que el respeto a los derechos individuales, es una obligaci\u00f3n del Estado.<br \/>\nEn unos meses, los ciudadanos vamos a acudir a las urnas, para elegir un nuevo gobierno que emerja del voto libre. Ese nuevo gobierno tiene entre sus tareas principales y prioritarias, adem\u00e1s de encarar y resolver el cuadro de deterioro econ\u00f3mico y sus secuelas, la de establecer un sistema de justicia, que sea digno de llamarse tal. De tal suerte que el ciudadano com\u00fan, tenga confianza en acudir al mismo en demanda de sus derechos vulnerados por otros individuos o el poder, sin resquemores y seguro de ser escuchado y atendido en justicia.<br \/>\nPara una buena justicia no bastan buenas leyes, sino buenos jueces, que accedan a esas funciones tan delicadas, donde son ventilados asuntos de inter\u00e9s particular y colectivo, que solo con la aplicaci\u00f3n de la ley deben resolverse, no por el \u201caval pol\u00edtico\u201d, sino por el aval de los m\u00e9ritos profesionales y personales. Ya el que fue insigne jurisconsulto espa\u00f1ol \u00c1ngel Ossorio y Gallardo dijo sobre los abogados, en su libro \u201cEl Alma de la Toga\u201d: \u201cla abogac\u00eda no se cimienta en la lucidez del ingenio, sino en la rectitud de la conciencia\u201d.<\/p>\n<p>El autor es Abogado, Polit\u00f3logo, escritor y docente universitario.<\/p>\n","protected":false},"excerpt":{"rendered":"<p>El \u00d3rgano Judicial tiene por finalidad conocer y resolver las controversias de los ciudadanos, que afectados en sus derechos demandan justicia. Es decir que la meta de ese importante \u00f3rgano es administrar justicia, ajust\u00e1ndose a las normas jur\u00eddicas. Para ello el sistema jur\u00eddico deber\u00eda dar todas las condiciones, a fin de que las partes en [&hellip;]<\/p>\n","protected":false},"author":1,"featured_media":157872,"comment_status":"closed","ping_status":"open","sticky":false,"template":"","format":"standard","meta":{"_acf_changed":false,"footnotes":""},"categories":[9],"tags":[],"class_list":["post-291615","post","type-post","status-publish","format-standard","has-post-thumbnail","category-opinion"],"acf":{"antetitulo":""},"yoast_head":"<!-- This site is optimized with the Yoast SEO plugin v28.3 - https:\/\/yoast.com\/product\/yoast-seo-wordpress\/ -->\n<title>Terrorismo judicial - El Diario - Bolivia<\/title>\n<meta name=\"robots\" content=\"index, follow, max-snippet:-1, max-image-preview:large, max-video-preview:-1\" \/>\n<link rel=\"canonical\" href=\"https:\/\/www.eldiario.net\/portal\/2025\/03\/29\/terrorismo-judicial\/\" \/>\n<meta property=\"og:locale\" content=\"es_ES\" \/>\n<meta property=\"og:type\" content=\"article\" \/>\n<meta property=\"og:title\" content=\"Terrorismo judicial - El Diario - Bolivia\" \/>\n<meta property=\"og:description\" content=\"El \u00d3rgano Judicial tiene por finalidad conocer y resolver las controversias de los ciudadanos, que afectados en sus derechos demandan justicia. Es decir que la meta de ese importante \u00f3rgano es administrar justicia, ajust\u00e1ndose a las normas jur\u00eddicas. Para ello el sistema jur\u00eddico deber\u00eda dar todas las condiciones, a fin de que las partes en [&hellip;]\" \/>\n<meta property=\"og:url\" content=\"https:\/\/www.eldiario.net\/portal\/2025\/03\/29\/terrorismo-judicial\/\" \/>\n<meta property=\"og:site_name\" content=\"El Diario - Bolivia\" \/>\n<meta property=\"article:publisher\" content=\"https:\/\/www.facebook.com\/eldiario.bolivia\/\" \/>\n<meta property=\"article:published_time\" content=\"2025-03-29T10:57:26+00:00\" \/>\n<meta property=\"og:image\" content=\"https:\/\/www.eldiario.net\/portal\/wp-content\/uploads\/2023\/06\/Eric-L.-Cardenas-del-Castillo.jpg\" \/>\n\t<meta property=\"og:image:width\" content=\"1200\" \/>\n\t<meta property=\"og:image:height\" content=\"628\" \/>\n\t<meta property=\"og:image:type\" content=\"image\/jpeg\" \/>\n<meta name=\"author\" content=\"Jeanette\" \/>\n<meta name=\"twitter:card\" content=\"summary_large_image\" \/>\n<meta name=\"twitter:creator\" content=\"@eldiario_net\" \/>\n<meta name=\"twitter:site\" content=\"@eldiario_net\" \/>\n<meta name=\"twitter:label1\" content=\"Escrito por\" \/>\n\t<meta name=\"twitter:data1\" content=\"Jeanette\" \/>\n\t<meta name=\"twitter:label2\" content=\"Tiempo de lectura\" \/>\n\t<meta name=\"twitter:data2\" content=\"4 minutos\" \/>\n<script type=\"application\/ld+json\" class=\"yoast-schema-graph\">{\"@context\":\"https:\\\/\\\/schema.org\",\"@graph\":[{\"@type\":\"Article\",\"@id\":\"https:\\\/\\\/www.eldiario.net\\\/portal\\\/2025\\\/03\\\/29\\\/terrorismo-judicial\\\/#article\",\"isPartOf\":{\"@id\":\"https:\\\/\\\/www.eldiario.net\\\/portal\\\/2025\\\/03\\\/29\\\/terrorismo-judicial\\\/\"},\"author\":{\"name\":\"Jeanette\",\"@id\":\"https:\\\/\\\/www.eldiario.net\\\/portal\\\/#\\\/schema\\\/person\\\/f46445640444750d7d753ccd04ae01b7\"},\"headline\":\"Terrorismo judicial\",\"datePublished\":\"2025-03-29T10:57:26+00:00\",\"mainEntityOfPage\":{\"@id\":\"https:\\\/\\\/www.eldiario.net\\\/portal\\\/2025\\\/03\\\/29\\\/terrorismo-judicial\\\/\"},\"wordCount\":713,\"publisher\":{\"@id\":\"https:\\\/\\\/www.eldiario.net\\\/portal\\\/#organization\"},\"image\":{\"@id\":\"https:\\\/\\\/www.eldiario.net\\\/portal\\\/2025\\\/03\\\/29\\\/terrorismo-judicial\\\/#primaryimage\"},\"thumbnailUrl\":\"https:\\\/\\\/www.eldiario.net\\\/portal\\\/wp-content\\\/uploads\\\/2023\\\/06\\\/Eric-L.-Cardenas-del-Castillo.jpg\",\"articleSection\":[\"Opini\u00f3n\"],\"inLanguage\":\"es\"},{\"@type\":\"WebPage\",\"@id\":\"https:\\\/\\\/www.eldiario.net\\\/portal\\\/2025\\\/03\\\/29\\\/terrorismo-judicial\\\/\",\"url\":\"https:\\\/\\\/www.eldiario.net\\\/portal\\\/2025\\\/03\\\/29\\\/terrorismo-judicial\\\/\",\"name\":\"Terrorismo judicial - El Diario - Bolivia\",\"isPartOf\":{\"@id\":\"https:\\\/\\\/www.eldiario.net\\\/portal\\\/#website\"},\"primaryImageOfPage\":{\"@id\":\"https:\\\/\\\/www.eldiario.net\\\/portal\\\/2025\\\/03\\\/29\\\/terrorismo-judicial\\\/#primaryimage\"},\"image\":{\"@id\":\"https:\\\/\\\/www.eldiario.net\\\/portal\\\/2025\\\/03\\\/29\\\/terrorismo-judicial\\\/#primaryimage\"},\"thumbnailUrl\":\"https:\\\/\\\/www.eldiario.net\\\/portal\\\/wp-content\\\/uploads\\\/2023\\\/06\\\/Eric-L.-Cardenas-del-Castillo.jpg\",\"datePublished\":\"2025-03-29T10:57:26+00:00\",\"breadcrumb\":{\"@id\":\"https:\\\/\\\/www.eldiario.net\\\/portal\\\/2025\\\/03\\\/29\\\/terrorismo-judicial\\\/#breadcrumb\"},\"inLanguage\":\"es\",\"potentialAction\":[{\"@type\":\"ReadAction\",\"target\":[\"https:\\\/\\\/www.eldiario.net\\\/portal\\\/2025\\\/03\\\/29\\\/terrorismo-judicial\\\/\"]}]},{\"@type\":\"ImageObject\",\"inLanguage\":\"es\",\"@id\":\"https:\\\/\\\/www.eldiario.net\\\/portal\\\/2025\\\/03\\\/29\\\/terrorismo-judicial\\\/#primaryimage\",\"url\":\"https:\\\/\\\/www.eldiario.net\\\/portal\\\/wp-content\\\/uploads\\\/2023\\\/06\\\/Eric-L.-Cardenas-del-Castillo.jpg\",\"contentUrl\":\"https:\\\/\\\/www.eldiario.net\\\/portal\\\/wp-content\\\/uploads\\\/2023\\\/06\\\/Eric-L.-Cardenas-del-Castillo.jpg\",\"width\":1200,\"height\":628,\"caption\":\"Eric L. C\u00e1rdenas del Castillo\"},{\"@type\":\"BreadcrumbList\",\"@id\":\"https:\\\/\\\/www.eldiario.net\\\/portal\\\/2025\\\/03\\\/29\\\/terrorismo-judicial\\\/#breadcrumb\",\"itemListElement\":[{\"@type\":\"ListItem\",\"position\":1,\"name\":\"Portada\",\"item\":\"https:\\\/\\\/www.eldiario.net\\\/portal\\\/\"},{\"@type\":\"ListItem\",\"position\":2,\"name\":\"Terrorismo judicial\"}]},{\"@type\":\"WebSite\",\"@id\":\"https:\\\/\\\/www.eldiario.net\\\/portal\\\/#website\",\"url\":\"https:\\\/\\\/www.eldiario.net\\\/portal\\\/\",\"name\":\"El Diario - Decano de la prensa nacional\",\"description\":\"El Diario - Decano de la prensa nacional\",\"publisher\":{\"@id\":\"https:\\\/\\\/www.eldiario.net\\\/portal\\\/#organization\"},\"potentialAction\":[{\"@type\":\"SearchAction\",\"target\":{\"@type\":\"EntryPoint\",\"urlTemplate\":\"https:\\\/\\\/www.eldiario.net\\\/portal\\\/?s={search_term_string}\"},\"query-input\":{\"@type\":\"PropertyValueSpecification\",\"valueRequired\":true,\"valueName\":\"search_term_string\"}}],\"inLanguage\":\"es\"},{\"@type\":\"Organization\",\"@id\":\"https:\\\/\\\/www.eldiario.net\\\/portal\\\/#organization\",\"name\":\"El Diario - Decano de la prensa nacional\",\"url\":\"https:\\\/\\\/www.eldiario.net\\\/portal\\\/\",\"logo\":{\"@type\":\"ImageObject\",\"inLanguage\":\"es\",\"@id\":\"https:\\\/\\\/www.eldiario.net\\\/portal\\\/#\\\/schema\\\/logo\\\/image\\\/\",\"url\":\"https:\\\/\\\/www.eldiario.net\\\/portal\\\/wp-content\\\/uploads\\\/2023\\\/07\\\/logo_ED.jpg\",\"contentUrl\":\"https:\\\/\\\/www.eldiario.net\\\/portal\\\/wp-content\\\/uploads\\\/2023\\\/07\\\/logo_ED.jpg\",\"width\":272,\"height\":52,\"caption\":\"El Diario - Decano de la prensa nacional\"},\"image\":{\"@id\":\"https:\\\/\\\/www.eldiario.net\\\/portal\\\/#\\\/schema\\\/logo\\\/image\\\/\"},\"sameAs\":[\"https:\\\/\\\/www.facebook.com\\\/eldiario.bolivia\\\/\",\"https:\\\/\\\/x.com\\\/eldiario_net\"]},{\"@type\":\"Person\",\"@id\":\"https:\\\/\\\/www.eldiario.net\\\/portal\\\/#\\\/schema\\\/person\\\/f46445640444750d7d753ccd04ae01b7\",\"name\":\"Jeanette\",\"image\":{\"@type\":\"ImageObject\",\"inLanguage\":\"es\",\"@id\":\"https:\\\/\\\/secure.gravatar.com\\\/avatar\\\/3ea2118a5f7dad2b7138b1187a6b7ee55f160b9968b66013c3a3ef39dd7e5798?s=96&d=mm&r=g\",\"url\":\"https:\\\/\\\/secure.gravatar.com\\\/avatar\\\/3ea2118a5f7dad2b7138b1187a6b7ee55f160b9968b66013c3a3ef39dd7e5798?s=96&d=mm&r=g\",\"contentUrl\":\"https:\\\/\\\/secure.gravatar.com\\\/avatar\\\/3ea2118a5f7dad2b7138b1187a6b7ee55f160b9968b66013c3a3ef39dd7e5798?s=96&d=mm&r=g\",\"caption\":\"Jeanette\"},\"sameAs\":[\"https:\\\/\\\/www.eldiario.net\\\/portal\"],\"url\":\"https:\\\/\\\/www.eldiario.net\\\/portal\\\/author\\\/jeanette\\\/\"}]}<\/script>\n<!-- \/ Yoast SEO plugin. -->","yoast_head_json":{"title":"Terrorismo judicial - El Diario - Bolivia","robots":{"index":"index","follow":"follow","max-snippet":"max-snippet:-1","max-image-preview":"max-image-preview:large","max-video-preview":"max-video-preview:-1"},"canonical":"https:\/\/www.eldiario.net\/portal\/2025\/03\/29\/terrorismo-judicial\/","og_locale":"es_ES","og_type":"article","og_title":"Terrorismo judicial - El Diario - Bolivia","og_description":"El \u00d3rgano Judicial tiene por finalidad conocer y resolver las controversias de los ciudadanos, que afectados en sus derechos demandan justicia. Es decir que la meta de ese importante \u00f3rgano es administrar justicia, ajust\u00e1ndose a las normas jur\u00eddicas. Para ello el sistema jur\u00eddico deber\u00eda dar todas las condiciones, a fin de que las partes en [&hellip;]","og_url":"https:\/\/www.eldiario.net\/portal\/2025\/03\/29\/terrorismo-judicial\/","og_site_name":"El Diario - Bolivia","article_publisher":"https:\/\/www.facebook.com\/eldiario.bolivia\/","article_published_time":"2025-03-29T10:57:26+00:00","og_image":[{"width":1200,"height":628,"url":"https:\/\/www.eldiario.net\/portal\/wp-content\/uploads\/2023\/06\/Eric-L.-Cardenas-del-Castillo.jpg","type":"image\/jpeg"}],"author":"Jeanette","twitter_card":"summary_large_image","twitter_creator":"@eldiario_net","twitter_site":"@eldiario_net","twitter_misc":{"Escrito por":"Jeanette","Tiempo de lectura":"4 minutos"},"schema":{"@context":"https:\/\/schema.org","@graph":[{"@type":"Article","@id":"https:\/\/www.eldiario.net\/portal\/2025\/03\/29\/terrorismo-judicial\/#article","isPartOf":{"@id":"https:\/\/www.eldiario.net\/portal\/2025\/03\/29\/terrorismo-judicial\/"},"author":{"name":"Jeanette","@id":"https:\/\/www.eldiario.net\/portal\/#\/schema\/person\/f46445640444750d7d753ccd04ae01b7"},"headline":"Terrorismo judicial","datePublished":"2025-03-29T10:57:26+00:00","mainEntityOfPage":{"@id":"https:\/\/www.eldiario.net\/portal\/2025\/03\/29\/terrorismo-judicial\/"},"wordCount":713,"publisher":{"@id":"https:\/\/www.eldiario.net\/portal\/#organization"},"image":{"@id":"https:\/\/www.eldiario.net\/portal\/2025\/03\/29\/terrorismo-judicial\/#primaryimage"},"thumbnailUrl":"https:\/\/www.eldiario.net\/portal\/wp-content\/uploads\/2023\/06\/Eric-L.-Cardenas-del-Castillo.jpg","articleSection":["Opini\u00f3n"],"inLanguage":"es"},{"@type":"WebPage","@id":"https:\/\/www.eldiario.net\/portal\/2025\/03\/29\/terrorismo-judicial\/","url":"https:\/\/www.eldiario.net\/portal\/2025\/03\/29\/terrorismo-judicial\/","name":"Terrorismo judicial - El Diario - Bolivia","isPartOf":{"@id":"https:\/\/www.eldiario.net\/portal\/#website"},"primaryImageOfPage":{"@id":"https:\/\/www.eldiario.net\/portal\/2025\/03\/29\/terrorismo-judicial\/#primaryimage"},"image":{"@id":"https:\/\/www.eldiario.net\/portal\/2025\/03\/29\/terrorismo-judicial\/#primaryimage"},"thumbnailUrl":"https:\/\/www.eldiario.net\/portal\/wp-content\/uploads\/2023\/06\/Eric-L.-Cardenas-del-Castillo.jpg","datePublished":"2025-03-29T10:57:26+00:00","breadcrumb":{"@id":"https:\/\/www.eldiario.net\/portal\/2025\/03\/29\/terrorismo-judicial\/#breadcrumb"},"inLanguage":"es","potentialAction":[{"@type":"ReadAction","target":["https:\/\/www.eldiario.net\/portal\/2025\/03\/29\/terrorismo-judicial\/"]}]},{"@type":"ImageObject","inLanguage":"es","@id":"https:\/\/www.eldiario.net\/portal\/2025\/03\/29\/terrorismo-judicial\/#primaryimage","url":"https:\/\/www.eldiario.net\/portal\/wp-content\/uploads\/2023\/06\/Eric-L.-Cardenas-del-Castillo.jpg","contentUrl":"https:\/\/www.eldiario.net\/portal\/wp-content\/uploads\/2023\/06\/Eric-L.-Cardenas-del-Castillo.jpg","width":1200,"height":628,"caption":"Eric L. C\u00e1rdenas del Castillo"},{"@type":"BreadcrumbList","@id":"https:\/\/www.eldiario.net\/portal\/2025\/03\/29\/terrorismo-judicial\/#breadcrumb","itemListElement":[{"@type":"ListItem","position":1,"name":"Portada","item":"https:\/\/www.eldiario.net\/portal\/"},{"@type":"ListItem","position":2,"name":"Terrorismo judicial"}]},{"@type":"WebSite","@id":"https:\/\/www.eldiario.net\/portal\/#website","url":"https:\/\/www.eldiario.net\/portal\/","name":"El Diario - Decano de la prensa nacional","description":"El Diario - Decano de la prensa nacional","publisher":{"@id":"https:\/\/www.eldiario.net\/portal\/#organization"},"potentialAction":[{"@type":"SearchAction","target":{"@type":"EntryPoint","urlTemplate":"https:\/\/www.eldiario.net\/portal\/?s={search_term_string}"},"query-input":{"@type":"PropertyValueSpecification","valueRequired":true,"valueName":"search_term_string"}}],"inLanguage":"es"},{"@type":"Organization","@id":"https:\/\/www.eldiario.net\/portal\/#organization","name":"El Diario - Decano de la prensa nacional","url":"https:\/\/www.eldiario.net\/portal\/","logo":{"@type":"ImageObject","inLanguage":"es","@id":"https:\/\/www.eldiario.net\/portal\/#\/schema\/logo\/image\/","url":"https:\/\/www.eldiario.net\/portal\/wp-content\/uploads\/2023\/07\/logo_ED.jpg","contentUrl":"https:\/\/www.eldiario.net\/portal\/wp-content\/uploads\/2023\/07\/logo_ED.jpg","width":272,"height":52,"caption":"El Diario - Decano de la prensa nacional"},"image":{"@id":"https:\/\/www.eldiario.net\/portal\/#\/schema\/logo\/image\/"},"sameAs":["https:\/\/www.facebook.com\/eldiario.bolivia\/","https:\/\/x.com\/eldiario_net"]},{"@type":"Person","@id":"https:\/\/www.eldiario.net\/portal\/#\/schema\/person\/f46445640444750d7d753ccd04ae01b7","name":"Jeanette","image":{"@type":"ImageObject","inLanguage":"es","@id":"https:\/\/secure.gravatar.com\/avatar\/3ea2118a5f7dad2b7138b1187a6b7ee55f160b9968b66013c3a3ef39dd7e5798?s=96&d=mm&r=g","url":"https:\/\/secure.gravatar.com\/avatar\/3ea2118a5f7dad2b7138b1187a6b7ee55f160b9968b66013c3a3ef39dd7e5798?s=96&d=mm&r=g","contentUrl":"https:\/\/secure.gravatar.com\/avatar\/3ea2118a5f7dad2b7138b1187a6b7ee55f160b9968b66013c3a3ef39dd7e5798?s=96&d=mm&r=g","caption":"Jeanette"},"sameAs":["https:\/\/www.eldiario.net\/portal"],"url":"https:\/\/www.eldiario.net\/portal\/author\/jeanette\/"}]}},"_links":{"self":[{"href":"https:\/\/www.eldiario.net\/portal\/wp-json\/wp\/v2\/posts\/291615","targetHints":{"allow":["GET"]}}],"collection":[{"href":"https:\/\/www.eldiario.net\/portal\/wp-json\/wp\/v2\/posts"}],"about":[{"href":"https:\/\/www.eldiario.net\/portal\/wp-json\/wp\/v2\/types\/post"}],"author":[{"embeddable":true,"href":"https:\/\/www.eldiario.net\/portal\/wp-json\/wp\/v2\/users\/1"}],"replies":[{"embeddable":true,"href":"https:\/\/www.eldiario.net\/portal\/wp-json\/wp\/v2\/comments?post=291615"}],"version-history":[{"count":1,"href":"https:\/\/www.eldiario.net\/portal\/wp-json\/wp\/v2\/posts\/291615\/revisions"}],"predecessor-version":[{"id":291616,"href":"https:\/\/www.eldiario.net\/portal\/wp-json\/wp\/v2\/posts\/291615\/revisions\/291616"}],"wp:featuredmedia":[{"embeddable":true,"href":"https:\/\/www.eldiario.net\/portal\/wp-json\/wp\/v2\/media\/157872"}],"wp:attachment":[{"href":"https:\/\/www.eldiario.net\/portal\/wp-json\/wp\/v2\/media?parent=291615"}],"wp:term":[{"taxonomy":"category","embeddable":true,"href":"https:\/\/www.eldiario.net\/portal\/wp-json\/wp\/v2\/categories?post=291615"},{"taxonomy":"post_tag","embeddable":true,"href":"https:\/\/www.eldiario.net\/portal\/wp-json\/wp\/v2\/tags?post=291615"}],"curies":[{"name":"wp","href":"https:\/\/api.w.org\/{rel}","templated":true}]}}