{"id":291613,"date":"2025-03-29T06:57:02","date_gmt":"2025-03-29T10:57:02","guid":{"rendered":"https:\/\/www.eldiario.net\/portal\/?p=291613"},"modified":"2025-03-29T06:57:02","modified_gmt":"2025-03-29T10:57:02","slug":"piden-el-retorno-de-la-estatua-de-la-libertad","status":"publish","type":"post","link":"https:\/\/www.eldiario.net\/portal\/2025\/03\/29\/piden-el-retorno-de-la-estatua-de-la-libertad\/","title":{"rendered":"Piden el retorno de la Estatua de la Libertad"},"content":{"rendered":"<p>Miembros del Parlamento franc\u00e9s despu\u00e9s de 140 a\u00f1os piden p\u00fablicamente el retorno de la colosal Estatua de la Libertad a Francia, su lugar de origen, porque se insiste en que el actual r\u00e9gimen de EEUU la desprecia, menoscaba e incluso socava su significado. Y en franca protesta por el sorprendente y descarriado comportamiento del actual presidente de EEUU, Donald Trump, que no cesa de gobernar, nacional e internacionalmente, como un tirano de marca mayor, esto en vista de la repercusi\u00f3n mundial negativa de sus decisiones y actividades internas y externas.<br \/>\nEn este momento, en EEUU hay millones de empleados cesantes de instituciones federales gubernamentales y otras, v\u00edctimas hoy de una incertidumbre que surgi\u00f3 de la nada, gracias a Trump y su caterva de colaboradores surgidos tambi\u00e9n de la nada, y de una elecci\u00f3n, cuyo electorado jam\u00e1s se imagin\u00f3 lo que acontecer\u00eda. La angustia de la gente aumenta como aumentan los precios de comestibles y otros. Am\u00e9n de la angustia de millones de latinoamericanos que durante a\u00f1os han ido ingresando a EEUU porque EEUU siempre fue \u201cingresable\u201d, sobre todo para trabajar en el campo y en dispendios de comida y otros, que hoy se muestran necesitados de personal.<br \/>\nAs\u00ed, en concreto, y en vista de la fama y el importante significado en este momento del aporte de Francia con el apote\u00f3sico monumento a la Libertad, conocido por el mundo entero, cabe ampliar en algo la historia e informaci\u00f3n en torno a \u00e9l.<br \/>\nLa escultura neocl\u00e1sica que viste la estupenda y colosal estatua de la llamada \u201cdama de cobre\u201d, situada en la Isla de la Libertad del puerto de Nueva York, originalmente fue idea del historiador franc\u00e9s \u00c9duard de Laboulaye en 1865, y el dise\u00f1o de la estatua fue del escultor tambi\u00e9n franc\u00e9s Fr\u00e9d\u00e9ric Auguste Bartholdi, que la complet\u00f3 en Francia en julio de 1884. Su construcci\u00f3n comenz\u00f3 en 1876 con un costo equivalente a 250.000 d\u00f3lares de entonces. El nombre oficial de la Estatua de la Libertad es \u201cLa Libertad Ilumina el Mundo\u201d\u2026 aunque el nombre popular con el tiempo devino en \u201cLa Se\u00f1ora Libertad\u2026\u201d o \u201cLa Estatua de la Libertad\u201d. Algunos historiadores dicen que la Estatua de la Libertad fue inspirada inicialmente nada menos que en \u201cLibertas\u201d, la diosa romana de la libertad. Pero en realidad fue creaci\u00f3n del escultor Bartholdi, que acaso se inspir\u00f3 en las figuras de las apote\u00f3sicas tumbas nubias, o en una combinaci\u00f3n de ambas fuentes art\u00edsticas. La Estatua lleva una corona o diadema en la cabeza, cuyos reflejos significan la luz que muchos asocian con la deidad \u201cLibertas\u201d, y con las 600 veces al a\u00f1o que la cima de la estatua es tocada por rayos atmosf\u00e9ricos, y porque la elevada antorcha llega a fluctuar hasta 10 cent\u00edmetros con el viento que sopla poco menos que incesantemente.<br \/>\nLa tablilla que la Estatua sostiene prominentemente en su antebrazo y mano derechos tiene un escrito que dice \u201cJulio IV MDCCLXXVI\u201d, o julio 4, 1776, que es la fecha en que EEUU logr\u00f3 su independencia de Inglaterra&#8230; dicho sea de paso con la ayuda militar y diplom\u00e1tica de Francia, personificada sobre todo en Gilbert de Montier, Marquez de Lafayette, que pugn\u00f3 militar y notablemente en pos, junto con los patriotas estadounidenses, de la independencia de EEUU en 1776. Su nombre completo es Marie-Joseph Paul Yves Roch Gilbert du Montier de La Fayette que muri\u00f3 a los 76 a\u00f1os, en 1834, en Par\u00eds.<\/p>\n","protected":false},"excerpt":{"rendered":"<p>Miembros del Parlamento franc\u00e9s despu\u00e9s de 140 a\u00f1os piden p\u00fablicamente el retorno de la colosal Estatua de la Libertad a Francia, su lugar de origen, porque se insiste en que el actual r\u00e9gimen de EEUU la desprecia, menoscaba e incluso socava su significado. Y en franca protesta por el sorprendente y descarriado comportamiento del actual [&hellip;]<\/p>\n","protected":false},"author":1,"featured_media":194790,"comment_status":"closed","ping_status":"open","sticky":false,"template":"","format":"standard","meta":{"_acf_changed":false,"footnotes":""},"categories":[9],"tags":[],"class_list":["post-291613","post","type-post","status-publish","format-standard","has-post-thumbnail","category-opinion"],"acf":{"antetitulo":""},"yoast_head":"<!-- This site is optimized with the Yoast SEO plugin v28.3 - https:\/\/yoast.com\/product\/yoast-seo-wordpress\/ -->\n<title>Piden el retorno de la Estatua de la Libertad - El Diario - Bolivia<\/title>\n<meta name=\"robots\" content=\"index, follow, max-snippet:-1, max-image-preview:large, max-video-preview:-1\" \/>\n<link rel=\"canonical\" href=\"https:\/\/www.eldiario.net\/portal\/2025\/03\/29\/piden-el-retorno-de-la-estatua-de-la-libertad\/\" \/>\n<meta property=\"og:locale\" content=\"es_ES\" \/>\n<meta property=\"og:type\" content=\"article\" \/>\n<meta property=\"og:title\" content=\"Piden el retorno de la Estatua de la Libertad - El Diario - Bolivia\" \/>\n<meta property=\"og:description\" content=\"Miembros del Parlamento franc\u00e9s despu\u00e9s de 140 a\u00f1os piden p\u00fablicamente el retorno de la colosal Estatua de la Libertad a Francia, su lugar de origen, porque se insiste en que el actual r\u00e9gimen de EEUU la desprecia, menoscaba e incluso socava su significado. Y en franca protesta por el sorprendente y descarriado comportamiento del actual [&hellip;]\" \/>\n<meta property=\"og:url\" content=\"https:\/\/www.eldiario.net\/portal\/2025\/03\/29\/piden-el-retorno-de-la-estatua-de-la-libertad\/\" \/>\n<meta property=\"og:site_name\" content=\"El Diario - Bolivia\" \/>\n<meta property=\"article:publisher\" content=\"https:\/\/www.facebook.com\/eldiario.bolivia\/\" \/>\n<meta property=\"article:published_time\" content=\"2025-03-29T10:57:02+00:00\" \/>\n<meta property=\"og:image\" content=\"https:\/\/www.eldiario.net\/portal\/wp-content\/uploads\/2023\/12\/Opinion.jpg\" \/>\n\t<meta property=\"og:image:width\" content=\"800\" \/>\n\t<meta property=\"og:image:height\" content=\"500\" \/>\n\t<meta property=\"og:image:type\" content=\"image\/jpeg\" \/>\n<meta name=\"author\" content=\"Jeanette\" \/>\n<meta name=\"twitter:card\" content=\"summary_large_image\" \/>\n<meta name=\"twitter:creator\" content=\"@eldiario_net\" \/>\n<meta name=\"twitter:site\" content=\"@eldiario_net\" \/>\n<meta name=\"twitter:label1\" content=\"Escrito por\" \/>\n\t<meta name=\"twitter:data1\" content=\"Jeanette\" \/>\n\t<meta name=\"twitter:label2\" content=\"Tiempo de lectura\" \/>\n\t<meta name=\"twitter:data2\" content=\"3 minutos\" \/>\n<script type=\"application\/ld+json\" class=\"yoast-schema-graph\">{\"@context\":\"https:\\\/\\\/schema.org\",\"@graph\":[{\"@type\":\"Article\",\"@id\":\"https:\\\/\\\/www.eldiario.net\\\/portal\\\/2025\\\/03\\\/29\\\/piden-el-retorno-de-la-estatua-de-la-libertad\\\/#article\",\"isPartOf\":{\"@id\":\"https:\\\/\\\/www.eldiario.net\\\/portal\\\/2025\\\/03\\\/29\\\/piden-el-retorno-de-la-estatua-de-la-libertad\\\/\"},\"author\":{\"name\":\"Jeanette\",\"@id\":\"https:\\\/\\\/www.eldiario.net\\\/portal\\\/#\\\/schema\\\/person\\\/f46445640444750d7d753ccd04ae01b7\"},\"headline\":\"Piden el retorno de la Estatua de la Libertad\",\"datePublished\":\"2025-03-29T10:57:02+00:00\",\"mainEntityOfPage\":{\"@id\":\"https:\\\/\\\/www.eldiario.net\\\/portal\\\/2025\\\/03\\\/29\\\/piden-el-retorno-de-la-estatua-de-la-libertad\\\/\"},\"wordCount\":595,\"publisher\":{\"@id\":\"https:\\\/\\\/www.eldiario.net\\\/portal\\\/#organization\"},\"image\":{\"@id\":\"https:\\\/\\\/www.eldiario.net\\\/portal\\\/2025\\\/03\\\/29\\\/piden-el-retorno-de-la-estatua-de-la-libertad\\\/#primaryimage\"},\"thumbnailUrl\":\"https:\\\/\\\/www.eldiario.net\\\/portal\\\/wp-content\\\/uploads\\\/2023\\\/12\\\/Opinion.jpg\",\"articleSection\":[\"Opini\u00f3n\"],\"inLanguage\":\"es\"},{\"@type\":\"WebPage\",\"@id\":\"https:\\\/\\\/www.eldiario.net\\\/portal\\\/2025\\\/03\\\/29\\\/piden-el-retorno-de-la-estatua-de-la-libertad\\\/\",\"url\":\"https:\\\/\\\/www.eldiario.net\\\/portal\\\/2025\\\/03\\\/29\\\/piden-el-retorno-de-la-estatua-de-la-libertad\\\/\",\"name\":\"Piden el retorno de la Estatua de la Libertad - El Diario - Bolivia\",\"isPartOf\":{\"@id\":\"https:\\\/\\\/www.eldiario.net\\\/portal\\\/#website\"},\"primaryImageOfPage\":{\"@id\":\"https:\\\/\\\/www.eldiario.net\\\/portal\\\/2025\\\/03\\\/29\\\/piden-el-retorno-de-la-estatua-de-la-libertad\\\/#primaryimage\"},\"image\":{\"@id\":\"https:\\\/\\\/www.eldiario.net\\\/portal\\\/2025\\\/03\\\/29\\\/piden-el-retorno-de-la-estatua-de-la-libertad\\\/#primaryimage\"},\"thumbnailUrl\":\"https:\\\/\\\/www.eldiario.net\\\/portal\\\/wp-content\\\/uploads\\\/2023\\\/12\\\/Opinion.jpg\",\"datePublished\":\"2025-03-29T10:57:02+00:00\",\"breadcrumb\":{\"@id\":\"https:\\\/\\\/www.eldiario.net\\\/portal\\\/2025\\\/03\\\/29\\\/piden-el-retorno-de-la-estatua-de-la-libertad\\\/#breadcrumb\"},\"inLanguage\":\"es\",\"potentialAction\":[{\"@type\":\"ReadAction\",\"target\":[\"https:\\\/\\\/www.eldiario.net\\\/portal\\\/2025\\\/03\\\/29\\\/piden-el-retorno-de-la-estatua-de-la-libertad\\\/\"]}]},{\"@type\":\"ImageObject\",\"inLanguage\":\"es\",\"@id\":\"https:\\\/\\\/www.eldiario.net\\\/portal\\\/2025\\\/03\\\/29\\\/piden-el-retorno-de-la-estatua-de-la-libertad\\\/#primaryimage\",\"url\":\"https:\\\/\\\/www.eldiario.net\\\/portal\\\/wp-content\\\/uploads\\\/2023\\\/12\\\/Opinion.jpg\",\"contentUrl\":\"https:\\\/\\\/www.eldiario.net\\\/portal\\\/wp-content\\\/uploads\\\/2023\\\/12\\\/Opinion.jpg\",\"width\":800,\"height\":500},{\"@type\":\"BreadcrumbList\",\"@id\":\"https:\\\/\\\/www.eldiario.net\\\/portal\\\/2025\\\/03\\\/29\\\/piden-el-retorno-de-la-estatua-de-la-libertad\\\/#breadcrumb\",\"itemListElement\":[{\"@type\":\"ListItem\",\"position\":1,\"name\":\"Portada\",\"item\":\"https:\\\/\\\/www.eldiario.net\\\/portal\\\/\"},{\"@type\":\"ListItem\",\"position\":2,\"name\":\"Piden el retorno de la Estatua de la Libertad\"}]},{\"@type\":\"WebSite\",\"@id\":\"https:\\\/\\\/www.eldiario.net\\\/portal\\\/#website\",\"url\":\"https:\\\/\\\/www.eldiario.net\\\/portal\\\/\",\"name\":\"El Diario - Decano de la prensa nacional\",\"description\":\"El Diario - Decano de la prensa nacional\",\"publisher\":{\"@id\":\"https:\\\/\\\/www.eldiario.net\\\/portal\\\/#organization\"},\"potentialAction\":[{\"@type\":\"SearchAction\",\"target\":{\"@type\":\"EntryPoint\",\"urlTemplate\":\"https:\\\/\\\/www.eldiario.net\\\/portal\\\/?s={search_term_string}\"},\"query-input\":{\"@type\":\"PropertyValueSpecification\",\"valueRequired\":true,\"valueName\":\"search_term_string\"}}],\"inLanguage\":\"es\"},{\"@type\":\"Organization\",\"@id\":\"https:\\\/\\\/www.eldiario.net\\\/portal\\\/#organization\",\"name\":\"El Diario - Decano de la prensa nacional\",\"url\":\"https:\\\/\\\/www.eldiario.net\\\/portal\\\/\",\"logo\":{\"@type\":\"ImageObject\",\"inLanguage\":\"es\",\"@id\":\"https:\\\/\\\/www.eldiario.net\\\/portal\\\/#\\\/schema\\\/logo\\\/image\\\/\",\"url\":\"https:\\\/\\\/www.eldiario.net\\\/portal\\\/wp-content\\\/uploads\\\/2023\\\/07\\\/logo_ED.jpg\",\"contentUrl\":\"https:\\\/\\\/www.eldiario.net\\\/portal\\\/wp-content\\\/uploads\\\/2023\\\/07\\\/logo_ED.jpg\",\"width\":272,\"height\":52,\"caption\":\"El Diario - Decano de la prensa nacional\"},\"image\":{\"@id\":\"https:\\\/\\\/www.eldiario.net\\\/portal\\\/#\\\/schema\\\/logo\\\/image\\\/\"},\"sameAs\":[\"https:\\\/\\\/www.facebook.com\\\/eldiario.bolivia\\\/\",\"https:\\\/\\\/x.com\\\/eldiario_net\"]},{\"@type\":\"Person\",\"@id\":\"https:\\\/\\\/www.eldiario.net\\\/portal\\\/#\\\/schema\\\/person\\\/f46445640444750d7d753ccd04ae01b7\",\"name\":\"Jeanette\",\"image\":{\"@type\":\"ImageObject\",\"inLanguage\":\"es\",\"@id\":\"https:\\\/\\\/secure.gravatar.com\\\/avatar\\\/3ea2118a5f7dad2b7138b1187a6b7ee55f160b9968b66013c3a3ef39dd7e5798?s=96&d=mm&r=g\",\"url\":\"https:\\\/\\\/secure.gravatar.com\\\/avatar\\\/3ea2118a5f7dad2b7138b1187a6b7ee55f160b9968b66013c3a3ef39dd7e5798?s=96&d=mm&r=g\",\"contentUrl\":\"https:\\\/\\\/secure.gravatar.com\\\/avatar\\\/3ea2118a5f7dad2b7138b1187a6b7ee55f160b9968b66013c3a3ef39dd7e5798?s=96&d=mm&r=g\",\"caption\":\"Jeanette\"},\"sameAs\":[\"https:\\\/\\\/www.eldiario.net\\\/portal\"],\"url\":\"https:\\\/\\\/www.eldiario.net\\\/portal\\\/author\\\/jeanette\\\/\"}]}<\/script>\n<!-- \/ Yoast SEO plugin. -->","yoast_head_json":{"title":"Piden el retorno de la Estatua de la Libertad - El Diario - Bolivia","robots":{"index":"index","follow":"follow","max-snippet":"max-snippet:-1","max-image-preview":"max-image-preview:large","max-video-preview":"max-video-preview:-1"},"canonical":"https:\/\/www.eldiario.net\/portal\/2025\/03\/29\/piden-el-retorno-de-la-estatua-de-la-libertad\/","og_locale":"es_ES","og_type":"article","og_title":"Piden el retorno de la Estatua de la Libertad - El Diario - Bolivia","og_description":"Miembros del Parlamento franc\u00e9s despu\u00e9s de 140 a\u00f1os piden p\u00fablicamente el retorno de la colosal Estatua de la Libertad a Francia, su lugar de origen, porque se insiste en que el actual r\u00e9gimen de EEUU la desprecia, menoscaba e incluso socava su significado. Y en franca protesta por el sorprendente y descarriado comportamiento del actual [&hellip;]","og_url":"https:\/\/www.eldiario.net\/portal\/2025\/03\/29\/piden-el-retorno-de-la-estatua-de-la-libertad\/","og_site_name":"El Diario - Bolivia","article_publisher":"https:\/\/www.facebook.com\/eldiario.bolivia\/","article_published_time":"2025-03-29T10:57:02+00:00","og_image":[{"width":800,"height":500,"url":"https:\/\/www.eldiario.net\/portal\/wp-content\/uploads\/2023\/12\/Opinion.jpg","type":"image\/jpeg"}],"author":"Jeanette","twitter_card":"summary_large_image","twitter_creator":"@eldiario_net","twitter_site":"@eldiario_net","twitter_misc":{"Escrito por":"Jeanette","Tiempo de lectura":"3 minutos"},"schema":{"@context":"https:\/\/schema.org","@graph":[{"@type":"Article","@id":"https:\/\/www.eldiario.net\/portal\/2025\/03\/29\/piden-el-retorno-de-la-estatua-de-la-libertad\/#article","isPartOf":{"@id":"https:\/\/www.eldiario.net\/portal\/2025\/03\/29\/piden-el-retorno-de-la-estatua-de-la-libertad\/"},"author":{"name":"Jeanette","@id":"https:\/\/www.eldiario.net\/portal\/#\/schema\/person\/f46445640444750d7d753ccd04ae01b7"},"headline":"Piden el retorno de la Estatua de la Libertad","datePublished":"2025-03-29T10:57:02+00:00","mainEntityOfPage":{"@id":"https:\/\/www.eldiario.net\/portal\/2025\/03\/29\/piden-el-retorno-de-la-estatua-de-la-libertad\/"},"wordCount":595,"publisher":{"@id":"https:\/\/www.eldiario.net\/portal\/#organization"},"image":{"@id":"https:\/\/www.eldiario.net\/portal\/2025\/03\/29\/piden-el-retorno-de-la-estatua-de-la-libertad\/#primaryimage"},"thumbnailUrl":"https:\/\/www.eldiario.net\/portal\/wp-content\/uploads\/2023\/12\/Opinion.jpg","articleSection":["Opini\u00f3n"],"inLanguage":"es"},{"@type":"WebPage","@id":"https:\/\/www.eldiario.net\/portal\/2025\/03\/29\/piden-el-retorno-de-la-estatua-de-la-libertad\/","url":"https:\/\/www.eldiario.net\/portal\/2025\/03\/29\/piden-el-retorno-de-la-estatua-de-la-libertad\/","name":"Piden el retorno de la Estatua de la Libertad - El Diario - Bolivia","isPartOf":{"@id":"https:\/\/www.eldiario.net\/portal\/#website"},"primaryImageOfPage":{"@id":"https:\/\/www.eldiario.net\/portal\/2025\/03\/29\/piden-el-retorno-de-la-estatua-de-la-libertad\/#primaryimage"},"image":{"@id":"https:\/\/www.eldiario.net\/portal\/2025\/03\/29\/piden-el-retorno-de-la-estatua-de-la-libertad\/#primaryimage"},"thumbnailUrl":"https:\/\/www.eldiario.net\/portal\/wp-content\/uploads\/2023\/12\/Opinion.jpg","datePublished":"2025-03-29T10:57:02+00:00","breadcrumb":{"@id":"https:\/\/www.eldiario.net\/portal\/2025\/03\/29\/piden-el-retorno-de-la-estatua-de-la-libertad\/#breadcrumb"},"inLanguage":"es","potentialAction":[{"@type":"ReadAction","target":["https:\/\/www.eldiario.net\/portal\/2025\/03\/29\/piden-el-retorno-de-la-estatua-de-la-libertad\/"]}]},{"@type":"ImageObject","inLanguage":"es","@id":"https:\/\/www.eldiario.net\/portal\/2025\/03\/29\/piden-el-retorno-de-la-estatua-de-la-libertad\/#primaryimage","url":"https:\/\/www.eldiario.net\/portal\/wp-content\/uploads\/2023\/12\/Opinion.jpg","contentUrl":"https:\/\/www.eldiario.net\/portal\/wp-content\/uploads\/2023\/12\/Opinion.jpg","width":800,"height":500},{"@type":"BreadcrumbList","@id":"https:\/\/www.eldiario.net\/portal\/2025\/03\/29\/piden-el-retorno-de-la-estatua-de-la-libertad\/#breadcrumb","itemListElement":[{"@type":"ListItem","position":1,"name":"Portada","item":"https:\/\/www.eldiario.net\/portal\/"},{"@type":"ListItem","position":2,"name":"Piden el retorno de la Estatua de la Libertad"}]},{"@type":"WebSite","@id":"https:\/\/www.eldiario.net\/portal\/#website","url":"https:\/\/www.eldiario.net\/portal\/","name":"El Diario - Decano de la prensa nacional","description":"El Diario - Decano de la prensa nacional","publisher":{"@id":"https:\/\/www.eldiario.net\/portal\/#organization"},"potentialAction":[{"@type":"SearchAction","target":{"@type":"EntryPoint","urlTemplate":"https:\/\/www.eldiario.net\/portal\/?s={search_term_string}"},"query-input":{"@type":"PropertyValueSpecification","valueRequired":true,"valueName":"search_term_string"}}],"inLanguage":"es"},{"@type":"Organization","@id":"https:\/\/www.eldiario.net\/portal\/#organization","name":"El Diario - Decano de la prensa nacional","url":"https:\/\/www.eldiario.net\/portal\/","logo":{"@type":"ImageObject","inLanguage":"es","@id":"https:\/\/www.eldiario.net\/portal\/#\/schema\/logo\/image\/","url":"https:\/\/www.eldiario.net\/portal\/wp-content\/uploads\/2023\/07\/logo_ED.jpg","contentUrl":"https:\/\/www.eldiario.net\/portal\/wp-content\/uploads\/2023\/07\/logo_ED.jpg","width":272,"height":52,"caption":"El Diario - Decano de la prensa nacional"},"image":{"@id":"https:\/\/www.eldiario.net\/portal\/#\/schema\/logo\/image\/"},"sameAs":["https:\/\/www.facebook.com\/eldiario.bolivia\/","https:\/\/x.com\/eldiario_net"]},{"@type":"Person","@id":"https:\/\/www.eldiario.net\/portal\/#\/schema\/person\/f46445640444750d7d753ccd04ae01b7","name":"Jeanette","image":{"@type":"ImageObject","inLanguage":"es","@id":"https:\/\/secure.gravatar.com\/avatar\/3ea2118a5f7dad2b7138b1187a6b7ee55f160b9968b66013c3a3ef39dd7e5798?s=96&d=mm&r=g","url":"https:\/\/secure.gravatar.com\/avatar\/3ea2118a5f7dad2b7138b1187a6b7ee55f160b9968b66013c3a3ef39dd7e5798?s=96&d=mm&r=g","contentUrl":"https:\/\/secure.gravatar.com\/avatar\/3ea2118a5f7dad2b7138b1187a6b7ee55f160b9968b66013c3a3ef39dd7e5798?s=96&d=mm&r=g","caption":"Jeanette"},"sameAs":["https:\/\/www.eldiario.net\/portal"],"url":"https:\/\/www.eldiario.net\/portal\/author\/jeanette\/"}]}},"_links":{"self":[{"href":"https:\/\/www.eldiario.net\/portal\/wp-json\/wp\/v2\/posts\/291613","targetHints":{"allow":["GET"]}}],"collection":[{"href":"https:\/\/www.eldiario.net\/portal\/wp-json\/wp\/v2\/posts"}],"about":[{"href":"https:\/\/www.eldiario.net\/portal\/wp-json\/wp\/v2\/types\/post"}],"author":[{"embeddable":true,"href":"https:\/\/www.eldiario.net\/portal\/wp-json\/wp\/v2\/users\/1"}],"replies":[{"embeddable":true,"href":"https:\/\/www.eldiario.net\/portal\/wp-json\/wp\/v2\/comments?post=291613"}],"version-history":[{"count":1,"href":"https:\/\/www.eldiario.net\/portal\/wp-json\/wp\/v2\/posts\/291613\/revisions"}],"predecessor-version":[{"id":291614,"href":"https:\/\/www.eldiario.net\/portal\/wp-json\/wp\/v2\/posts\/291613\/revisions\/291614"}],"wp:featuredmedia":[{"embeddable":true,"href":"https:\/\/www.eldiario.net\/portal\/wp-json\/wp\/v2\/media\/194790"}],"wp:attachment":[{"href":"https:\/\/www.eldiario.net\/portal\/wp-json\/wp\/v2\/media?parent=291613"}],"wp:term":[{"taxonomy":"category","embeddable":true,"href":"https:\/\/www.eldiario.net\/portal\/wp-json\/wp\/v2\/categories?post=291613"},{"taxonomy":"post_tag","embeddable":true,"href":"https:\/\/www.eldiario.net\/portal\/wp-json\/wp\/v2\/tags?post=291613"}],"curies":[{"name":"wp","href":"https:\/\/api.w.org\/{rel}","templated":true}]}}