{"id":291606,"date":"2025-03-29T06:54:13","date_gmt":"2025-03-29T10:54:13","guid":{"rendered":"https:\/\/www.eldiario.net\/portal\/?p=291606"},"modified":"2025-03-29T06:54:13","modified_gmt":"2025-03-29T10:54:13","slug":"me-das-tus-dolares-o-te-quito-tu-empresa","status":"publish","type":"post","link":"https:\/\/www.eldiario.net\/portal\/2025\/03\/29\/me-das-tus-dolares-o-te-quito-tu-empresa\/","title":{"rendered":"\u201cMe das tus d\u00f3lares  o te quito tu empresa\u201d"},"content":{"rendered":"<p><em>Hace poco el ex vicepresidente \u00c1lvaro Garc\u00eda Linera particip\u00f3 en una reuni\u00f3n acad\u00e9mica organizada para debatir sobre el tema \u201c\u00bfQu\u00e9 es el Estado? Lo ideal y lo material de la pol\u00edtica\u201d, en un centro cultural de Buenos Aires, Argentina, donde emiti\u00f3 una candente declaraci\u00f3n pol\u00edtica, en torno a asuntos tratados durante el gobierno del MAS en Bolivia, que comenz\u00f3 en el a\u00f1o 2006. Pero el tono de las palabras del exmandatario, no ha podido menos que causar una remoci\u00f3n de los sedimentos del lado oscuro de la pol\u00edtica boliviana. <\/em><br \/>\n<em>Dicho exfuncionario masista respondi\u00f3 de manera tajante, cuando se le pregunt\u00f3 sobre la actual crisis econ\u00f3mica boliviana. Dijo que, durante el mandato de Evo Morales, el gobierno ya enfrentaba la falta de divisas. En ese caso, \u201cel Gobierno deber\u00eda agarrar por el cuello o los exportadores\u201d y les dir\u00eda: \u201cme das tus d\u00f3lares o te quito tu empresa\u201d, \u201ceso lo hicimos nosotros en 2006\u201d.<\/em><br \/>\n<em>Ante esa revelaci\u00f3n, los empresarios y la opini\u00f3n p\u00fablica mostraron alarma y los industriales expresaron indignaci\u00f3n general, algunos de los cuales llegaron a pensar que \u201cagarrar por el cuello\u201d hab\u00eda sido una sugerencia para el gobierno de Evo Morales. \u00c9ste, poco despu\u00e9s de conocer tal declaraci\u00f3n de Garc\u00eda Linera, la rechaz\u00f3 y agreg\u00f3 que siempre hab\u00eda sido amigo de la empresa privada boliviana, con la que ten\u00eda frecuentes reuniones, que nunca someti\u00f3 a empresarios mediante amenazas y menos expropiaciones durante su gesti\u00f3n como presidente del Estado Plurinacional. <\/em><br \/>\n<em>Sin embargo, Morales no neg\u00f3 rotundamente el contenido de la declaraci\u00f3n de Garc\u00eda Linera, con quien gobern\u00f3 por casi catorce a\u00f1os, se fue por las ramas, es decir, ocult\u00f3 el verdadero sistema de obtener d\u00f3lares durante el r\u00e9gimen \u201cevista\u201d. Por ello resta investigar en profundidad para determinar si realmente no estaba de acuerdo con agarrar del cuello a los empresarios y proceder a las confiscaciones de las empresas. Mucho m\u00e1s si ya hab\u00eda la amenaza de que faltar\u00edan d\u00f3lares. En esa forma, Morales, en vez de atenuar la denuncia, la agrav\u00f3. <\/em><br \/>\n<em>Pero, hay m\u00e1s. Al revelar una notable amistad con los empresarios, demostrar\u00eda que, el expresidente, socialista confeso, se hab\u00eda convertido en \u201cneoliberal\u201d, ya por entones. Se volvi\u00f3 un gobernante de derecha, dictando medidas, por ejemplo, contra los campesinos, a quienes demag\u00f3gicamente llamaba \u201chermanos\u201d. Ante semejante enredo de conceptos, falta que los empresarios de los a\u00f1os de gobierno \u201cevista\u201d hagan las aclaraciones pertinentes. <\/em><br \/>\n<em>En fin, ser\u00e1 la historia la que aclare este este episodio que corresponde a un desastroso manejo econ\u00f3mico del pa\u00eds, que casi llega a veinte a\u00f1os de vigencia.<\/em><\/p>\n","protected":false},"excerpt":{"rendered":"<p>Hace poco el ex vicepresidente \u00c1lvaro Garc\u00eda Linera particip\u00f3 en una reuni\u00f3n acad\u00e9mica organizada para debatir sobre el tema \u201c\u00bfQu\u00e9 es el Estado? Lo ideal y lo material de la pol\u00edtica\u201d, en un centro cultural de Buenos Aires, Argentina, donde emiti\u00f3 una candente declaraci\u00f3n pol\u00edtica, en torno a asuntos tratados durante el gobierno del MAS [&hellip;]<\/p>\n","protected":false},"author":1,"featured_media":194776,"comment_status":"closed","ping_status":"open","sticky":false,"template":"","format":"standard","meta":{"_acf_changed":false,"footnotes":""},"categories":[4],"tags":[],"class_list":["post-291606","post","type-post","status-publish","format-standard","has-post-thumbnail","category-editorial"],"acf":{"antetitulo":""},"yoast_head":"<!-- This site is optimized with the Yoast SEO plugin v28.3 - https:\/\/yoast.com\/product\/yoast-seo-wordpress\/ -->\n<title>\u201cMe das tus d\u00f3lares o te quito tu empresa\u201d - El Diario - Bolivia<\/title>\n<meta name=\"robots\" content=\"index, follow, max-snippet:-1, max-image-preview:large, max-video-preview:-1\" \/>\n<link rel=\"canonical\" href=\"https:\/\/www.eldiario.net\/portal\/2025\/03\/29\/me-das-tus-dolares-o-te-quito-tu-empresa\/\" \/>\n<meta property=\"og:locale\" content=\"es_ES\" \/>\n<meta property=\"og:type\" content=\"article\" \/>\n<meta property=\"og:title\" content=\"\u201cMe das tus d\u00f3lares o te quito tu empresa\u201d - El Diario - Bolivia\" \/>\n<meta property=\"og:description\" content=\"Hace poco el ex vicepresidente \u00c1lvaro Garc\u00eda Linera particip\u00f3 en una reuni\u00f3n acad\u00e9mica organizada para debatir sobre el tema \u201c\u00bfQu\u00e9 es el Estado? Lo ideal y lo material de la pol\u00edtica\u201d, en un centro cultural de Buenos Aires, Argentina, donde emiti\u00f3 una candente declaraci\u00f3n pol\u00edtica, en torno a asuntos tratados durante el gobierno del MAS [&hellip;]\" \/>\n<meta property=\"og:url\" content=\"https:\/\/www.eldiario.net\/portal\/2025\/03\/29\/me-das-tus-dolares-o-te-quito-tu-empresa\/\" \/>\n<meta property=\"og:site_name\" content=\"El Diario - Bolivia\" \/>\n<meta property=\"article:publisher\" content=\"https:\/\/www.facebook.com\/eldiario.bolivia\/\" \/>\n<meta property=\"article:published_time\" content=\"2025-03-29T10:54:13+00:00\" \/>\n<meta property=\"og:image\" content=\"https:\/\/www.eldiario.net\/portal\/wp-content\/uploads\/2023\/12\/Editorial.jpg\" \/>\n\t<meta property=\"og:image:width\" content=\"800\" \/>\n\t<meta property=\"og:image:height\" content=\"500\" \/>\n\t<meta property=\"og:image:type\" content=\"image\/jpeg\" \/>\n<meta name=\"author\" content=\"Jeanette\" \/>\n<meta name=\"twitter:card\" content=\"summary_large_image\" \/>\n<meta name=\"twitter:creator\" content=\"@eldiario_net\" \/>\n<meta name=\"twitter:site\" content=\"@eldiario_net\" \/>\n<meta name=\"twitter:label1\" content=\"Escrito por\" \/>\n\t<meta name=\"twitter:data1\" content=\"Jeanette\" \/>\n\t<meta name=\"twitter:label2\" content=\"Tiempo de lectura\" \/>\n\t<meta name=\"twitter:data2\" content=\"3 minutos\" \/>\n<script type=\"application\/ld+json\" class=\"yoast-schema-graph\">{\"@context\":\"https:\\\/\\\/schema.org\",\"@graph\":[{\"@type\":\"Article\",\"@id\":\"https:\\\/\\\/www.eldiario.net\\\/portal\\\/2025\\\/03\\\/29\\\/me-das-tus-dolares-o-te-quito-tu-empresa\\\/#article\",\"isPartOf\":{\"@id\":\"https:\\\/\\\/www.eldiario.net\\\/portal\\\/2025\\\/03\\\/29\\\/me-das-tus-dolares-o-te-quito-tu-empresa\\\/\"},\"author\":{\"name\":\"Jeanette\",\"@id\":\"https:\\\/\\\/www.eldiario.net\\\/portal\\\/#\\\/schema\\\/person\\\/f46445640444750d7d753ccd04ae01b7\"},\"headline\":\"\u201cMe das tus d\u00f3lares o te quito tu empresa\u201d\",\"datePublished\":\"2025-03-29T10:54:13+00:00\",\"mainEntityOfPage\":{\"@id\":\"https:\\\/\\\/www.eldiario.net\\\/portal\\\/2025\\\/03\\\/29\\\/me-das-tus-dolares-o-te-quito-tu-empresa\\\/\"},\"wordCount\":470,\"publisher\":{\"@id\":\"https:\\\/\\\/www.eldiario.net\\\/portal\\\/#organization\"},\"image\":{\"@id\":\"https:\\\/\\\/www.eldiario.net\\\/portal\\\/2025\\\/03\\\/29\\\/me-das-tus-dolares-o-te-quito-tu-empresa\\\/#primaryimage\"},\"thumbnailUrl\":\"https:\\\/\\\/www.eldiario.net\\\/portal\\\/wp-content\\\/uploads\\\/2023\\\/12\\\/Editorial.jpg\",\"articleSection\":[\"Editorial\"],\"inLanguage\":\"es\"},{\"@type\":\"WebPage\",\"@id\":\"https:\\\/\\\/www.eldiario.net\\\/portal\\\/2025\\\/03\\\/29\\\/me-das-tus-dolares-o-te-quito-tu-empresa\\\/\",\"url\":\"https:\\\/\\\/www.eldiario.net\\\/portal\\\/2025\\\/03\\\/29\\\/me-das-tus-dolares-o-te-quito-tu-empresa\\\/\",\"name\":\"\u201cMe das tus d\u00f3lares o te quito tu empresa\u201d - El Diario - Bolivia\",\"isPartOf\":{\"@id\":\"https:\\\/\\\/www.eldiario.net\\\/portal\\\/#website\"},\"primaryImageOfPage\":{\"@id\":\"https:\\\/\\\/www.eldiario.net\\\/portal\\\/2025\\\/03\\\/29\\\/me-das-tus-dolares-o-te-quito-tu-empresa\\\/#primaryimage\"},\"image\":{\"@id\":\"https:\\\/\\\/www.eldiario.net\\\/portal\\\/2025\\\/03\\\/29\\\/me-das-tus-dolares-o-te-quito-tu-empresa\\\/#primaryimage\"},\"thumbnailUrl\":\"https:\\\/\\\/www.eldiario.net\\\/portal\\\/wp-content\\\/uploads\\\/2023\\\/12\\\/Editorial.jpg\",\"datePublished\":\"2025-03-29T10:54:13+00:00\",\"breadcrumb\":{\"@id\":\"https:\\\/\\\/www.eldiario.net\\\/portal\\\/2025\\\/03\\\/29\\\/me-das-tus-dolares-o-te-quito-tu-empresa\\\/#breadcrumb\"},\"inLanguage\":\"es\",\"potentialAction\":[{\"@type\":\"ReadAction\",\"target\":[\"https:\\\/\\\/www.eldiario.net\\\/portal\\\/2025\\\/03\\\/29\\\/me-das-tus-dolares-o-te-quito-tu-empresa\\\/\"]}]},{\"@type\":\"ImageObject\",\"inLanguage\":\"es\",\"@id\":\"https:\\\/\\\/www.eldiario.net\\\/portal\\\/2025\\\/03\\\/29\\\/me-das-tus-dolares-o-te-quito-tu-empresa\\\/#primaryimage\",\"url\":\"https:\\\/\\\/www.eldiario.net\\\/portal\\\/wp-content\\\/uploads\\\/2023\\\/12\\\/Editorial.jpg\",\"contentUrl\":\"https:\\\/\\\/www.eldiario.net\\\/portal\\\/wp-content\\\/uploads\\\/2023\\\/12\\\/Editorial.jpg\",\"width\":800,\"height\":500},{\"@type\":\"BreadcrumbList\",\"@id\":\"https:\\\/\\\/www.eldiario.net\\\/portal\\\/2025\\\/03\\\/29\\\/me-das-tus-dolares-o-te-quito-tu-empresa\\\/#breadcrumb\",\"itemListElement\":[{\"@type\":\"ListItem\",\"position\":1,\"name\":\"Portada\",\"item\":\"https:\\\/\\\/www.eldiario.net\\\/portal\\\/\"},{\"@type\":\"ListItem\",\"position\":2,\"name\":\"\u201cMe das tus d\u00f3lares o te quito tu empresa\u201d\"}]},{\"@type\":\"WebSite\",\"@id\":\"https:\\\/\\\/www.eldiario.net\\\/portal\\\/#website\",\"url\":\"https:\\\/\\\/www.eldiario.net\\\/portal\\\/\",\"name\":\"El Diario - Decano de la prensa nacional\",\"description\":\"El Diario - Decano de la prensa nacional\",\"publisher\":{\"@id\":\"https:\\\/\\\/www.eldiario.net\\\/portal\\\/#organization\"},\"potentialAction\":[{\"@type\":\"SearchAction\",\"target\":{\"@type\":\"EntryPoint\",\"urlTemplate\":\"https:\\\/\\\/www.eldiario.net\\\/portal\\\/?s={search_term_string}\"},\"query-input\":{\"@type\":\"PropertyValueSpecification\",\"valueRequired\":true,\"valueName\":\"search_term_string\"}}],\"inLanguage\":\"es\"},{\"@type\":\"Organization\",\"@id\":\"https:\\\/\\\/www.eldiario.net\\\/portal\\\/#organization\",\"name\":\"El Diario - Decano de la prensa nacional\",\"url\":\"https:\\\/\\\/www.eldiario.net\\\/portal\\\/\",\"logo\":{\"@type\":\"ImageObject\",\"inLanguage\":\"es\",\"@id\":\"https:\\\/\\\/www.eldiario.net\\\/portal\\\/#\\\/schema\\\/logo\\\/image\\\/\",\"url\":\"https:\\\/\\\/www.eldiario.net\\\/portal\\\/wp-content\\\/uploads\\\/2023\\\/07\\\/logo_ED.jpg\",\"contentUrl\":\"https:\\\/\\\/www.eldiario.net\\\/portal\\\/wp-content\\\/uploads\\\/2023\\\/07\\\/logo_ED.jpg\",\"width\":272,\"height\":52,\"caption\":\"El Diario - Decano de la prensa nacional\"},\"image\":{\"@id\":\"https:\\\/\\\/www.eldiario.net\\\/portal\\\/#\\\/schema\\\/logo\\\/image\\\/\"},\"sameAs\":[\"https:\\\/\\\/www.facebook.com\\\/eldiario.bolivia\\\/\",\"https:\\\/\\\/x.com\\\/eldiario_net\"]},{\"@type\":\"Person\",\"@id\":\"https:\\\/\\\/www.eldiario.net\\\/portal\\\/#\\\/schema\\\/person\\\/f46445640444750d7d753ccd04ae01b7\",\"name\":\"Jeanette\",\"image\":{\"@type\":\"ImageObject\",\"inLanguage\":\"es\",\"@id\":\"https:\\\/\\\/secure.gravatar.com\\\/avatar\\\/3ea2118a5f7dad2b7138b1187a6b7ee55f160b9968b66013c3a3ef39dd7e5798?s=96&d=mm&r=g\",\"url\":\"https:\\\/\\\/secure.gravatar.com\\\/avatar\\\/3ea2118a5f7dad2b7138b1187a6b7ee55f160b9968b66013c3a3ef39dd7e5798?s=96&d=mm&r=g\",\"contentUrl\":\"https:\\\/\\\/secure.gravatar.com\\\/avatar\\\/3ea2118a5f7dad2b7138b1187a6b7ee55f160b9968b66013c3a3ef39dd7e5798?s=96&d=mm&r=g\",\"caption\":\"Jeanette\"},\"sameAs\":[\"https:\\\/\\\/www.eldiario.net\\\/portal\"],\"url\":\"https:\\\/\\\/www.eldiario.net\\\/portal\\\/author\\\/jeanette\\\/\"}]}<\/script>\n<!-- \/ Yoast SEO plugin. -->","yoast_head_json":{"title":"\u201cMe das tus d\u00f3lares o te quito tu empresa\u201d - El Diario - Bolivia","robots":{"index":"index","follow":"follow","max-snippet":"max-snippet:-1","max-image-preview":"max-image-preview:large","max-video-preview":"max-video-preview:-1"},"canonical":"https:\/\/www.eldiario.net\/portal\/2025\/03\/29\/me-das-tus-dolares-o-te-quito-tu-empresa\/","og_locale":"es_ES","og_type":"article","og_title":"\u201cMe das tus d\u00f3lares o te quito tu empresa\u201d - El Diario - Bolivia","og_description":"Hace poco el ex vicepresidente \u00c1lvaro Garc\u00eda Linera particip\u00f3 en una reuni\u00f3n acad\u00e9mica organizada para debatir sobre el tema \u201c\u00bfQu\u00e9 es el Estado? Lo ideal y lo material de la pol\u00edtica\u201d, en un centro cultural de Buenos Aires, Argentina, donde emiti\u00f3 una candente declaraci\u00f3n pol\u00edtica, en torno a asuntos tratados durante el gobierno del MAS [&hellip;]","og_url":"https:\/\/www.eldiario.net\/portal\/2025\/03\/29\/me-das-tus-dolares-o-te-quito-tu-empresa\/","og_site_name":"El Diario - Bolivia","article_publisher":"https:\/\/www.facebook.com\/eldiario.bolivia\/","article_published_time":"2025-03-29T10:54:13+00:00","og_image":[{"width":800,"height":500,"url":"https:\/\/www.eldiario.net\/portal\/wp-content\/uploads\/2023\/12\/Editorial.jpg","type":"image\/jpeg"}],"author":"Jeanette","twitter_card":"summary_large_image","twitter_creator":"@eldiario_net","twitter_site":"@eldiario_net","twitter_misc":{"Escrito por":"Jeanette","Tiempo de lectura":"3 minutos"},"schema":{"@context":"https:\/\/schema.org","@graph":[{"@type":"Article","@id":"https:\/\/www.eldiario.net\/portal\/2025\/03\/29\/me-das-tus-dolares-o-te-quito-tu-empresa\/#article","isPartOf":{"@id":"https:\/\/www.eldiario.net\/portal\/2025\/03\/29\/me-das-tus-dolares-o-te-quito-tu-empresa\/"},"author":{"name":"Jeanette","@id":"https:\/\/www.eldiario.net\/portal\/#\/schema\/person\/f46445640444750d7d753ccd04ae01b7"},"headline":"\u201cMe das tus d\u00f3lares o te quito tu empresa\u201d","datePublished":"2025-03-29T10:54:13+00:00","mainEntityOfPage":{"@id":"https:\/\/www.eldiario.net\/portal\/2025\/03\/29\/me-das-tus-dolares-o-te-quito-tu-empresa\/"},"wordCount":470,"publisher":{"@id":"https:\/\/www.eldiario.net\/portal\/#organization"},"image":{"@id":"https:\/\/www.eldiario.net\/portal\/2025\/03\/29\/me-das-tus-dolares-o-te-quito-tu-empresa\/#primaryimage"},"thumbnailUrl":"https:\/\/www.eldiario.net\/portal\/wp-content\/uploads\/2023\/12\/Editorial.jpg","articleSection":["Editorial"],"inLanguage":"es"},{"@type":"WebPage","@id":"https:\/\/www.eldiario.net\/portal\/2025\/03\/29\/me-das-tus-dolares-o-te-quito-tu-empresa\/","url":"https:\/\/www.eldiario.net\/portal\/2025\/03\/29\/me-das-tus-dolares-o-te-quito-tu-empresa\/","name":"\u201cMe das tus d\u00f3lares o te quito tu empresa\u201d - El Diario - Bolivia","isPartOf":{"@id":"https:\/\/www.eldiario.net\/portal\/#website"},"primaryImageOfPage":{"@id":"https:\/\/www.eldiario.net\/portal\/2025\/03\/29\/me-das-tus-dolares-o-te-quito-tu-empresa\/#primaryimage"},"image":{"@id":"https:\/\/www.eldiario.net\/portal\/2025\/03\/29\/me-das-tus-dolares-o-te-quito-tu-empresa\/#primaryimage"},"thumbnailUrl":"https:\/\/www.eldiario.net\/portal\/wp-content\/uploads\/2023\/12\/Editorial.jpg","datePublished":"2025-03-29T10:54:13+00:00","breadcrumb":{"@id":"https:\/\/www.eldiario.net\/portal\/2025\/03\/29\/me-das-tus-dolares-o-te-quito-tu-empresa\/#breadcrumb"},"inLanguage":"es","potentialAction":[{"@type":"ReadAction","target":["https:\/\/www.eldiario.net\/portal\/2025\/03\/29\/me-das-tus-dolares-o-te-quito-tu-empresa\/"]}]},{"@type":"ImageObject","inLanguage":"es","@id":"https:\/\/www.eldiario.net\/portal\/2025\/03\/29\/me-das-tus-dolares-o-te-quito-tu-empresa\/#primaryimage","url":"https:\/\/www.eldiario.net\/portal\/wp-content\/uploads\/2023\/12\/Editorial.jpg","contentUrl":"https:\/\/www.eldiario.net\/portal\/wp-content\/uploads\/2023\/12\/Editorial.jpg","width":800,"height":500},{"@type":"BreadcrumbList","@id":"https:\/\/www.eldiario.net\/portal\/2025\/03\/29\/me-das-tus-dolares-o-te-quito-tu-empresa\/#breadcrumb","itemListElement":[{"@type":"ListItem","position":1,"name":"Portada","item":"https:\/\/www.eldiario.net\/portal\/"},{"@type":"ListItem","position":2,"name":"\u201cMe das tus d\u00f3lares o te quito tu empresa\u201d"}]},{"@type":"WebSite","@id":"https:\/\/www.eldiario.net\/portal\/#website","url":"https:\/\/www.eldiario.net\/portal\/","name":"El Diario - Decano de la prensa nacional","description":"El Diario - Decano de la prensa nacional","publisher":{"@id":"https:\/\/www.eldiario.net\/portal\/#organization"},"potentialAction":[{"@type":"SearchAction","target":{"@type":"EntryPoint","urlTemplate":"https:\/\/www.eldiario.net\/portal\/?s={search_term_string}"},"query-input":{"@type":"PropertyValueSpecification","valueRequired":true,"valueName":"search_term_string"}}],"inLanguage":"es"},{"@type":"Organization","@id":"https:\/\/www.eldiario.net\/portal\/#organization","name":"El Diario - Decano de la prensa nacional","url":"https:\/\/www.eldiario.net\/portal\/","logo":{"@type":"ImageObject","inLanguage":"es","@id":"https:\/\/www.eldiario.net\/portal\/#\/schema\/logo\/image\/","url":"https:\/\/www.eldiario.net\/portal\/wp-content\/uploads\/2023\/07\/logo_ED.jpg","contentUrl":"https:\/\/www.eldiario.net\/portal\/wp-content\/uploads\/2023\/07\/logo_ED.jpg","width":272,"height":52,"caption":"El Diario - Decano de la prensa nacional"},"image":{"@id":"https:\/\/www.eldiario.net\/portal\/#\/schema\/logo\/image\/"},"sameAs":["https:\/\/www.facebook.com\/eldiario.bolivia\/","https:\/\/x.com\/eldiario_net"]},{"@type":"Person","@id":"https:\/\/www.eldiario.net\/portal\/#\/schema\/person\/f46445640444750d7d753ccd04ae01b7","name":"Jeanette","image":{"@type":"ImageObject","inLanguage":"es","@id":"https:\/\/secure.gravatar.com\/avatar\/3ea2118a5f7dad2b7138b1187a6b7ee55f160b9968b66013c3a3ef39dd7e5798?s=96&d=mm&r=g","url":"https:\/\/secure.gravatar.com\/avatar\/3ea2118a5f7dad2b7138b1187a6b7ee55f160b9968b66013c3a3ef39dd7e5798?s=96&d=mm&r=g","contentUrl":"https:\/\/secure.gravatar.com\/avatar\/3ea2118a5f7dad2b7138b1187a6b7ee55f160b9968b66013c3a3ef39dd7e5798?s=96&d=mm&r=g","caption":"Jeanette"},"sameAs":["https:\/\/www.eldiario.net\/portal"],"url":"https:\/\/www.eldiario.net\/portal\/author\/jeanette\/"}]}},"_links":{"self":[{"href":"https:\/\/www.eldiario.net\/portal\/wp-json\/wp\/v2\/posts\/291606","targetHints":{"allow":["GET"]}}],"collection":[{"href":"https:\/\/www.eldiario.net\/portal\/wp-json\/wp\/v2\/posts"}],"about":[{"href":"https:\/\/www.eldiario.net\/portal\/wp-json\/wp\/v2\/types\/post"}],"author":[{"embeddable":true,"href":"https:\/\/www.eldiario.net\/portal\/wp-json\/wp\/v2\/users\/1"}],"replies":[{"embeddable":true,"href":"https:\/\/www.eldiario.net\/portal\/wp-json\/wp\/v2\/comments?post=291606"}],"version-history":[{"count":1,"href":"https:\/\/www.eldiario.net\/portal\/wp-json\/wp\/v2\/posts\/291606\/revisions"}],"predecessor-version":[{"id":291607,"href":"https:\/\/www.eldiario.net\/portal\/wp-json\/wp\/v2\/posts\/291606\/revisions\/291607"}],"wp:featuredmedia":[{"embeddable":true,"href":"https:\/\/www.eldiario.net\/portal\/wp-json\/wp\/v2\/media\/194776"}],"wp:attachment":[{"href":"https:\/\/www.eldiario.net\/portal\/wp-json\/wp\/v2\/media?parent=291606"}],"wp:term":[{"taxonomy":"category","embeddable":true,"href":"https:\/\/www.eldiario.net\/portal\/wp-json\/wp\/v2\/categories?post=291606"},{"taxonomy":"post_tag","embeddable":true,"href":"https:\/\/www.eldiario.net\/portal\/wp-json\/wp\/v2\/tags?post=291606"}],"curies":[{"name":"wp","href":"https:\/\/api.w.org\/{rel}","templated":true}]}}