{"id":291603,"date":"2025-03-29T06:53:09","date_gmt":"2025-03-29T10:53:09","guid":{"rendered":"https:\/\/www.eldiario.net\/portal\/?p=291603"},"modified":"2025-03-29T06:53:09","modified_gmt":"2025-03-29T10:53:09","slug":"encuestas-solo-demuestran-la-division-en-izquierda-y-derecha","status":"publish","type":"post","link":"https:\/\/www.eldiario.net\/portal\/2025\/03\/29\/encuestas-solo-demuestran-la-division-en-izquierda-y-derecha\/","title":{"rendered":"Encuestas solo demuestran la divisi\u00f3n en izquierda y derecha"},"content":{"rendered":"<p>Luego de la difusi\u00f3n de una encuesta de intenci\u00f3n de voto liderada por el presidente del Senado, Andr\u00f3nico Rodr\u00edguez, seguido de los precandidatos del Bloque de Unidad, Jorge Quiroga y Samuel Doria Medina, el exdirigente campesino Rufo Calle asegur\u00f3 que estos estudios de opini\u00f3n solo evidencian la divisi\u00f3n que existe en la derecha y la izquierda.<br \/>\nLa noche del jueves, la cadena televisiva Red Uno difundi\u00f3 los resultados de la primera encuesta nacional de intenci\u00f3n de voto, realizada por la empresa Captura Consulting, posicionando en primer lugar de preferencia al actual presidente de la C\u00e1mara de Senadores, Andr\u00f3nico Rodr\u00edguez Ledezma, con un 18% de respaldo, pese a no haber oficializado una candidatura.<br \/>\nLe siguen, el precandidato Samuel Doria Medina con el 17% y el expresidente Jorge Quiroga Ram\u00edrez con 16%, ambos miembros del denominado \u201cBloque de Unidad Opositora\u201d que impulsa una candidatura \u00fanica para participar de los comicios generales 2025.<br \/>\nEn esta lista tambi\u00e9n aparece el alcalde de Cochabamba, Manfred Reyes Villa con un 13%, Chi Hyun Chung con 11% y el presidente Luis Arce Catacora con 1%.<br \/>\nLegisladores de oposici\u00f3n, como el pace\u00f1o Alberto Astorga, destacaron estos resultados, afirmando que qued\u00f3 demostrado el respaldo con el que cuentan los precandidatos representantes del Bloque de Unidad a pocos meses para la realizaci\u00f3n de las elecciones presidenciales.<br \/>\n\u201cSe ha visto un triunfo abrumador por parte del Bloque de Unidad, los dos l\u00edderes que son parte de este acuerdo est\u00e1n a la cabeza y si se suman los porcentajes, de esta y otras encuestas, suman m\u00e1s del 30%, es un hecho que el bloque va llegar fortalecido y puede ganar la pr\u00f3xima elecci\u00f3n\u201d, dijo.<br \/>\nSobre el porcentaje de intenci\u00f3n de voto, obtenido por el titular del Senado, adem\u00e1s del escaso margen que lo separa del segundo y tercer lugar de esta encuesta, Astorga indic\u00f3 que se trata de un triple empate que deja las cosas claras respecto a la inclinaci\u00f3n de la poblaci\u00f3n al momento de emitir su voto el pr\u00f3ximo 17 de agosto.<br \/>\n\u201cHay un triple empate entre los tres primeros, sin embargo, Rodr\u00edguez se estancara con ese 18% y puede ir bajando a medida que se lo relacione con Evo Morales, porque se trata de su hijo pol\u00edtico\u201d, afirm\u00f3 el legislador opositor, asegurando que Rodr\u00edguez carece de la capacidad para enfrentarse en un debate a cualquiera de los representantes del bloque opositor.<br \/>\nDesde el ala \u201cevista\u201d en el Movimiento al Socialismo (MAS), el diputado Freddy L\u00f3pez asever\u00f3 que todas las encuestas tienen una intencionalidad pol\u00edtica y esta no es la excepci\u00f3n, sin embargo, destac\u00f3 el porcentaje de respaldo obtenido por el presidente del Senado, quien sin oficializar una candidatura ni hacer campa\u00f1a, cuenta con gran apoyo de la ciudadan\u00eda, hecho que incomoda y molesta a representantes de la vieja pol\u00edtica.<br \/>\nEn criterio del exdirigente de la Confederaci\u00f3n Sindical \u00danica de Trabajadores Campesinos de Bolivia (Csutcb), Rufo Calle, es prematuro hacer conjeturas sobre quienes salieron victoriosos o perdieron en la reciente encuesta, m\u00e1s si se toma en cuenta que es la primera de su clase y existe un porcentaje importante de personas que a\u00fan no han definido su apoyo hacia un candidato u opci\u00f3n pol\u00edtica.<br \/>\nAsimismo, observ\u00f3 que el \u00fanico dato claro y evidente recolectado por estudios de opini\u00f3n, es la persistente divisi\u00f3n, tanto en el oficialismo como en las fuerzas opositoras.<br \/>\n\u201cLo que se observa es que la oposici\u00f3n contin\u00faa dividida y en el lado de la izquierda tambi\u00e9n existe divisi\u00f3n. Ante esa situaci\u00f3n hay que hacer una reflexi\u00f3n\u201d, sostuvo.<br \/>\nAdem\u00e1s, lamentando que en la actualidad exista una gran cantidad de j\u00f3venes con estudios profesionales que intenta acceder a fuentes de trabajo y no puede hacerlo por temas pol\u00edticos, Calle dijo que es urgente una renovaci\u00f3n como la que representa Andr\u00f3nico Rodr\u00edguez; sin embargo, la joven autoridad debe demostrar que no responde a Evo Morales y no es parte de un plan sindical dictatorial para someter al pueblo boliviano.<br \/>\nSeg\u00fan los datos de la encuesta de Captura Consulting, difundidos por la Red Uno, en los departamentos del eje central del pa\u00eds, Rodr\u00edguez obtuvo un mayor respaldo en La Paz con 24%, seguido de Samuel Doria Medina con 22%.<br \/>\nManfred Reyes Villa lidera en Cochabamba con el 35%, seguido de Andr\u00f3nico Rodr\u00edguez con el 23%, mientras que el precandidato Jorge Quiroga se impone en Santa Cruz con un 23%.<\/p>\n","protected":false},"excerpt":{"rendered":"<p>Luego de la difusi\u00f3n de una encuesta de intenci\u00f3n de voto liderada por el presidente del Senado, Andr\u00f3nico Rodr\u00edguez, seguido de los precandidatos del Bloque de Unidad, Jorge Quiroga y Samuel Doria Medina, el exdirigente campesino Rufo Calle asegur\u00f3 que estos estudios de opini\u00f3n solo evidencian la divisi\u00f3n que existe en la derecha y la [&hellip;]<\/p>\n","protected":false},"author":1,"featured_media":291604,"comment_status":"closed","ping_status":"open","sticky":false,"template":"","format":"standard","meta":{"_acf_changed":false,"footnotes":""},"categories":[14],"tags":[],"class_list":["post-291603","post","type-post","status-publish","format-standard","has-post-thumbnail","category-politica"],"acf":{"antetitulo":"Exdirigente Rufo Calle"},"yoast_head":"<!-- This site is optimized with the Yoast SEO plugin v28.3 - https:\/\/yoast.com\/product\/yoast-seo-wordpress\/ -->\n<title>Encuestas solo demuestran la divisi\u00f3n en izquierda y derecha - El Diario - Bolivia<\/title>\n<meta name=\"robots\" content=\"index, follow, max-snippet:-1, max-image-preview:large, max-video-preview:-1\" \/>\n<link rel=\"canonical\" href=\"https:\/\/www.eldiario.net\/portal\/2025\/03\/29\/encuestas-solo-demuestran-la-division-en-izquierda-y-derecha\/\" \/>\n<meta property=\"og:locale\" content=\"es_ES\" \/>\n<meta property=\"og:type\" content=\"article\" \/>\n<meta property=\"og:title\" content=\"Encuestas solo demuestran la divisi\u00f3n en izquierda y derecha - El Diario - Bolivia\" \/>\n<meta property=\"og:description\" content=\"Luego de la difusi\u00f3n de una encuesta de intenci\u00f3n de voto liderada por el presidente del Senado, Andr\u00f3nico Rodr\u00edguez, seguido de los precandidatos del Bloque de Unidad, Jorge Quiroga y Samuel Doria Medina, el exdirigente campesino Rufo Calle asegur\u00f3 que estos estudios de opini\u00f3n solo evidencian la divisi\u00f3n que existe en la derecha y la [&hellip;]\" \/>\n<meta property=\"og:url\" content=\"https:\/\/www.eldiario.net\/portal\/2025\/03\/29\/encuestas-solo-demuestran-la-division-en-izquierda-y-derecha\/\" \/>\n<meta property=\"og:site_name\" content=\"El Diario - Bolivia\" \/>\n<meta property=\"article:publisher\" content=\"https:\/\/www.facebook.com\/eldiario.bolivia\/\" \/>\n<meta property=\"article:published_time\" content=\"2025-03-29T10:53:09+00:00\" \/>\n<meta property=\"og:image\" content=\"https:\/\/www.eldiario.net\/portal\/wp-content\/uploads\/2025\/03\/DIVISION-CALLE-.jpg\" \/>\n\t<meta property=\"og:image:width\" content=\"600\" \/>\n\t<meta property=\"og:image:height\" content=\"338\" \/>\n\t<meta property=\"og:image:type\" content=\"image\/jpeg\" \/>\n<meta name=\"author\" content=\"Jeanette\" \/>\n<meta name=\"twitter:card\" content=\"summary_large_image\" \/>\n<meta name=\"twitter:creator\" content=\"@eldiario_net\" \/>\n<meta name=\"twitter:site\" content=\"@eldiario_net\" \/>\n<meta name=\"twitter:label1\" content=\"Escrito por\" \/>\n\t<meta name=\"twitter:data1\" content=\"Jeanette\" \/>\n\t<meta name=\"twitter:label2\" content=\"Tiempo de lectura\" \/>\n\t<meta name=\"twitter:data2\" content=\"4 minutos\" \/>\n<script type=\"application\/ld+json\" class=\"yoast-schema-graph\">{\"@context\":\"https:\\\/\\\/schema.org\",\"@graph\":[{\"@type\":\"Article\",\"@id\":\"https:\\\/\\\/www.eldiario.net\\\/portal\\\/2025\\\/03\\\/29\\\/encuestas-solo-demuestran-la-division-en-izquierda-y-derecha\\\/#article\",\"isPartOf\":{\"@id\":\"https:\\\/\\\/www.eldiario.net\\\/portal\\\/2025\\\/03\\\/29\\\/encuestas-solo-demuestran-la-division-en-izquierda-y-derecha\\\/\"},\"author\":{\"name\":\"Jeanette\",\"@id\":\"https:\\\/\\\/www.eldiario.net\\\/portal\\\/#\\\/schema\\\/person\\\/f46445640444750d7d753ccd04ae01b7\"},\"headline\":\"Encuestas solo demuestran la divisi\u00f3n en izquierda y derecha\",\"datePublished\":\"2025-03-29T10:53:09+00:00\",\"mainEntityOfPage\":{\"@id\":\"https:\\\/\\\/www.eldiario.net\\\/portal\\\/2025\\\/03\\\/29\\\/encuestas-solo-demuestran-la-division-en-izquierda-y-derecha\\\/\"},\"wordCount\":771,\"publisher\":{\"@id\":\"https:\\\/\\\/www.eldiario.net\\\/portal\\\/#organization\"},\"image\":{\"@id\":\"https:\\\/\\\/www.eldiario.net\\\/portal\\\/2025\\\/03\\\/29\\\/encuestas-solo-demuestran-la-division-en-izquierda-y-derecha\\\/#primaryimage\"},\"thumbnailUrl\":\"https:\\\/\\\/www.eldiario.net\\\/portal\\\/wp-content\\\/uploads\\\/2025\\\/03\\\/DIVISION-CALLE-.jpg\",\"articleSection\":[\"Pol\u00edtica\"],\"inLanguage\":\"es\"},{\"@type\":\"WebPage\",\"@id\":\"https:\\\/\\\/www.eldiario.net\\\/portal\\\/2025\\\/03\\\/29\\\/encuestas-solo-demuestran-la-division-en-izquierda-y-derecha\\\/\",\"url\":\"https:\\\/\\\/www.eldiario.net\\\/portal\\\/2025\\\/03\\\/29\\\/encuestas-solo-demuestran-la-division-en-izquierda-y-derecha\\\/\",\"name\":\"Encuestas solo demuestran la divisi\u00f3n en izquierda y derecha - El Diario - Bolivia\",\"isPartOf\":{\"@id\":\"https:\\\/\\\/www.eldiario.net\\\/portal\\\/#website\"},\"primaryImageOfPage\":{\"@id\":\"https:\\\/\\\/www.eldiario.net\\\/portal\\\/2025\\\/03\\\/29\\\/encuestas-solo-demuestran-la-division-en-izquierda-y-derecha\\\/#primaryimage\"},\"image\":{\"@id\":\"https:\\\/\\\/www.eldiario.net\\\/portal\\\/2025\\\/03\\\/29\\\/encuestas-solo-demuestran-la-division-en-izquierda-y-derecha\\\/#primaryimage\"},\"thumbnailUrl\":\"https:\\\/\\\/www.eldiario.net\\\/portal\\\/wp-content\\\/uploads\\\/2025\\\/03\\\/DIVISION-CALLE-.jpg\",\"datePublished\":\"2025-03-29T10:53:09+00:00\",\"breadcrumb\":{\"@id\":\"https:\\\/\\\/www.eldiario.net\\\/portal\\\/2025\\\/03\\\/29\\\/encuestas-solo-demuestran-la-division-en-izquierda-y-derecha\\\/#breadcrumb\"},\"inLanguage\":\"es\",\"potentialAction\":[{\"@type\":\"ReadAction\",\"target\":[\"https:\\\/\\\/www.eldiario.net\\\/portal\\\/2025\\\/03\\\/29\\\/encuestas-solo-demuestran-la-division-en-izquierda-y-derecha\\\/\"]}]},{\"@type\":\"ImageObject\",\"inLanguage\":\"es\",\"@id\":\"https:\\\/\\\/www.eldiario.net\\\/portal\\\/2025\\\/03\\\/29\\\/encuestas-solo-demuestran-la-division-en-izquierda-y-derecha\\\/#primaryimage\",\"url\":\"https:\\\/\\\/www.eldiario.net\\\/portal\\\/wp-content\\\/uploads\\\/2025\\\/03\\\/DIVISION-CALLE-.jpg\",\"contentUrl\":\"https:\\\/\\\/www.eldiario.net\\\/portal\\\/wp-content\\\/uploads\\\/2025\\\/03\\\/DIVISION-CALLE-.jpg\",\"width\":600,\"height\":338,\"caption\":\"Rufo Calle, exdirigente de la CSUTCB.\"},{\"@type\":\"BreadcrumbList\",\"@id\":\"https:\\\/\\\/www.eldiario.net\\\/portal\\\/2025\\\/03\\\/29\\\/encuestas-solo-demuestran-la-division-en-izquierda-y-derecha\\\/#breadcrumb\",\"itemListElement\":[{\"@type\":\"ListItem\",\"position\":1,\"name\":\"Portada\",\"item\":\"https:\\\/\\\/www.eldiario.net\\\/portal\\\/\"},{\"@type\":\"ListItem\",\"position\":2,\"name\":\"Encuestas solo demuestran la divisi\u00f3n en izquierda y derecha\"}]},{\"@type\":\"WebSite\",\"@id\":\"https:\\\/\\\/www.eldiario.net\\\/portal\\\/#website\",\"url\":\"https:\\\/\\\/www.eldiario.net\\\/portal\\\/\",\"name\":\"El Diario - Decano de la prensa nacional\",\"description\":\"El Diario - Decano de la prensa nacional\",\"publisher\":{\"@id\":\"https:\\\/\\\/www.eldiario.net\\\/portal\\\/#organization\"},\"potentialAction\":[{\"@type\":\"SearchAction\",\"target\":{\"@type\":\"EntryPoint\",\"urlTemplate\":\"https:\\\/\\\/www.eldiario.net\\\/portal\\\/?s={search_term_string}\"},\"query-input\":{\"@type\":\"PropertyValueSpecification\",\"valueRequired\":true,\"valueName\":\"search_term_string\"}}],\"inLanguage\":\"es\"},{\"@type\":\"Organization\",\"@id\":\"https:\\\/\\\/www.eldiario.net\\\/portal\\\/#organization\",\"name\":\"El Diario - Decano de la prensa nacional\",\"url\":\"https:\\\/\\\/www.eldiario.net\\\/portal\\\/\",\"logo\":{\"@type\":\"ImageObject\",\"inLanguage\":\"es\",\"@id\":\"https:\\\/\\\/www.eldiario.net\\\/portal\\\/#\\\/schema\\\/logo\\\/image\\\/\",\"url\":\"https:\\\/\\\/www.eldiario.net\\\/portal\\\/wp-content\\\/uploads\\\/2023\\\/07\\\/logo_ED.jpg\",\"contentUrl\":\"https:\\\/\\\/www.eldiario.net\\\/portal\\\/wp-content\\\/uploads\\\/2023\\\/07\\\/logo_ED.jpg\",\"width\":272,\"height\":52,\"caption\":\"El Diario - Decano de la prensa nacional\"},\"image\":{\"@id\":\"https:\\\/\\\/www.eldiario.net\\\/portal\\\/#\\\/schema\\\/logo\\\/image\\\/\"},\"sameAs\":[\"https:\\\/\\\/www.facebook.com\\\/eldiario.bolivia\\\/\",\"https:\\\/\\\/x.com\\\/eldiario_net\"]},{\"@type\":\"Person\",\"@id\":\"https:\\\/\\\/www.eldiario.net\\\/portal\\\/#\\\/schema\\\/person\\\/f46445640444750d7d753ccd04ae01b7\",\"name\":\"Jeanette\",\"image\":{\"@type\":\"ImageObject\",\"inLanguage\":\"es\",\"@id\":\"https:\\\/\\\/secure.gravatar.com\\\/avatar\\\/3ea2118a5f7dad2b7138b1187a6b7ee55f160b9968b66013c3a3ef39dd7e5798?s=96&d=mm&r=g\",\"url\":\"https:\\\/\\\/secure.gravatar.com\\\/avatar\\\/3ea2118a5f7dad2b7138b1187a6b7ee55f160b9968b66013c3a3ef39dd7e5798?s=96&d=mm&r=g\",\"contentUrl\":\"https:\\\/\\\/secure.gravatar.com\\\/avatar\\\/3ea2118a5f7dad2b7138b1187a6b7ee55f160b9968b66013c3a3ef39dd7e5798?s=96&d=mm&r=g\",\"caption\":\"Jeanette\"},\"sameAs\":[\"https:\\\/\\\/www.eldiario.net\\\/portal\"],\"url\":\"https:\\\/\\\/www.eldiario.net\\\/portal\\\/author\\\/jeanette\\\/\"}]}<\/script>\n<!-- \/ Yoast SEO plugin. -->","yoast_head_json":{"title":"Encuestas solo demuestran la divisi\u00f3n en izquierda y derecha - El Diario - Bolivia","robots":{"index":"index","follow":"follow","max-snippet":"max-snippet:-1","max-image-preview":"max-image-preview:large","max-video-preview":"max-video-preview:-1"},"canonical":"https:\/\/www.eldiario.net\/portal\/2025\/03\/29\/encuestas-solo-demuestran-la-division-en-izquierda-y-derecha\/","og_locale":"es_ES","og_type":"article","og_title":"Encuestas solo demuestran la divisi\u00f3n en izquierda y derecha - El Diario - Bolivia","og_description":"Luego de la difusi\u00f3n de una encuesta de intenci\u00f3n de voto liderada por el presidente del Senado, Andr\u00f3nico Rodr\u00edguez, seguido de los precandidatos del Bloque de Unidad, Jorge Quiroga y Samuel Doria Medina, el exdirigente campesino Rufo Calle asegur\u00f3 que estos estudios de opini\u00f3n solo evidencian la divisi\u00f3n que existe en la derecha y la [&hellip;]","og_url":"https:\/\/www.eldiario.net\/portal\/2025\/03\/29\/encuestas-solo-demuestran-la-division-en-izquierda-y-derecha\/","og_site_name":"El Diario - Bolivia","article_publisher":"https:\/\/www.facebook.com\/eldiario.bolivia\/","article_published_time":"2025-03-29T10:53:09+00:00","og_image":[{"width":600,"height":338,"url":"https:\/\/www.eldiario.net\/portal\/wp-content\/uploads\/2025\/03\/DIVISION-CALLE-.jpg","type":"image\/jpeg"}],"author":"Jeanette","twitter_card":"summary_large_image","twitter_creator":"@eldiario_net","twitter_site":"@eldiario_net","twitter_misc":{"Escrito por":"Jeanette","Tiempo de lectura":"4 minutos"},"schema":{"@context":"https:\/\/schema.org","@graph":[{"@type":"Article","@id":"https:\/\/www.eldiario.net\/portal\/2025\/03\/29\/encuestas-solo-demuestran-la-division-en-izquierda-y-derecha\/#article","isPartOf":{"@id":"https:\/\/www.eldiario.net\/portal\/2025\/03\/29\/encuestas-solo-demuestran-la-division-en-izquierda-y-derecha\/"},"author":{"name":"Jeanette","@id":"https:\/\/www.eldiario.net\/portal\/#\/schema\/person\/f46445640444750d7d753ccd04ae01b7"},"headline":"Encuestas solo demuestran la divisi\u00f3n en izquierda y derecha","datePublished":"2025-03-29T10:53:09+00:00","mainEntityOfPage":{"@id":"https:\/\/www.eldiario.net\/portal\/2025\/03\/29\/encuestas-solo-demuestran-la-division-en-izquierda-y-derecha\/"},"wordCount":771,"publisher":{"@id":"https:\/\/www.eldiario.net\/portal\/#organization"},"image":{"@id":"https:\/\/www.eldiario.net\/portal\/2025\/03\/29\/encuestas-solo-demuestran-la-division-en-izquierda-y-derecha\/#primaryimage"},"thumbnailUrl":"https:\/\/www.eldiario.net\/portal\/wp-content\/uploads\/2025\/03\/DIVISION-CALLE-.jpg","articleSection":["Pol\u00edtica"],"inLanguage":"es"},{"@type":"WebPage","@id":"https:\/\/www.eldiario.net\/portal\/2025\/03\/29\/encuestas-solo-demuestran-la-division-en-izquierda-y-derecha\/","url":"https:\/\/www.eldiario.net\/portal\/2025\/03\/29\/encuestas-solo-demuestran-la-division-en-izquierda-y-derecha\/","name":"Encuestas solo demuestran la divisi\u00f3n en izquierda y derecha - El Diario - Bolivia","isPartOf":{"@id":"https:\/\/www.eldiario.net\/portal\/#website"},"primaryImageOfPage":{"@id":"https:\/\/www.eldiario.net\/portal\/2025\/03\/29\/encuestas-solo-demuestran-la-division-en-izquierda-y-derecha\/#primaryimage"},"image":{"@id":"https:\/\/www.eldiario.net\/portal\/2025\/03\/29\/encuestas-solo-demuestran-la-division-en-izquierda-y-derecha\/#primaryimage"},"thumbnailUrl":"https:\/\/www.eldiario.net\/portal\/wp-content\/uploads\/2025\/03\/DIVISION-CALLE-.jpg","datePublished":"2025-03-29T10:53:09+00:00","breadcrumb":{"@id":"https:\/\/www.eldiario.net\/portal\/2025\/03\/29\/encuestas-solo-demuestran-la-division-en-izquierda-y-derecha\/#breadcrumb"},"inLanguage":"es","potentialAction":[{"@type":"ReadAction","target":["https:\/\/www.eldiario.net\/portal\/2025\/03\/29\/encuestas-solo-demuestran-la-division-en-izquierda-y-derecha\/"]}]},{"@type":"ImageObject","inLanguage":"es","@id":"https:\/\/www.eldiario.net\/portal\/2025\/03\/29\/encuestas-solo-demuestran-la-division-en-izquierda-y-derecha\/#primaryimage","url":"https:\/\/www.eldiario.net\/portal\/wp-content\/uploads\/2025\/03\/DIVISION-CALLE-.jpg","contentUrl":"https:\/\/www.eldiario.net\/portal\/wp-content\/uploads\/2025\/03\/DIVISION-CALLE-.jpg","width":600,"height":338,"caption":"Rufo Calle, exdirigente de la CSUTCB."},{"@type":"BreadcrumbList","@id":"https:\/\/www.eldiario.net\/portal\/2025\/03\/29\/encuestas-solo-demuestran-la-division-en-izquierda-y-derecha\/#breadcrumb","itemListElement":[{"@type":"ListItem","position":1,"name":"Portada","item":"https:\/\/www.eldiario.net\/portal\/"},{"@type":"ListItem","position":2,"name":"Encuestas solo demuestran la divisi\u00f3n en izquierda y derecha"}]},{"@type":"WebSite","@id":"https:\/\/www.eldiario.net\/portal\/#website","url":"https:\/\/www.eldiario.net\/portal\/","name":"El Diario - Decano de la prensa nacional","description":"El Diario - Decano de la prensa nacional","publisher":{"@id":"https:\/\/www.eldiario.net\/portal\/#organization"},"potentialAction":[{"@type":"SearchAction","target":{"@type":"EntryPoint","urlTemplate":"https:\/\/www.eldiario.net\/portal\/?s={search_term_string}"},"query-input":{"@type":"PropertyValueSpecification","valueRequired":true,"valueName":"search_term_string"}}],"inLanguage":"es"},{"@type":"Organization","@id":"https:\/\/www.eldiario.net\/portal\/#organization","name":"El Diario - Decano de la prensa nacional","url":"https:\/\/www.eldiario.net\/portal\/","logo":{"@type":"ImageObject","inLanguage":"es","@id":"https:\/\/www.eldiario.net\/portal\/#\/schema\/logo\/image\/","url":"https:\/\/www.eldiario.net\/portal\/wp-content\/uploads\/2023\/07\/logo_ED.jpg","contentUrl":"https:\/\/www.eldiario.net\/portal\/wp-content\/uploads\/2023\/07\/logo_ED.jpg","width":272,"height":52,"caption":"El Diario - Decano de la prensa nacional"},"image":{"@id":"https:\/\/www.eldiario.net\/portal\/#\/schema\/logo\/image\/"},"sameAs":["https:\/\/www.facebook.com\/eldiario.bolivia\/","https:\/\/x.com\/eldiario_net"]},{"@type":"Person","@id":"https:\/\/www.eldiario.net\/portal\/#\/schema\/person\/f46445640444750d7d753ccd04ae01b7","name":"Jeanette","image":{"@type":"ImageObject","inLanguage":"es","@id":"https:\/\/secure.gravatar.com\/avatar\/3ea2118a5f7dad2b7138b1187a6b7ee55f160b9968b66013c3a3ef39dd7e5798?s=96&d=mm&r=g","url":"https:\/\/secure.gravatar.com\/avatar\/3ea2118a5f7dad2b7138b1187a6b7ee55f160b9968b66013c3a3ef39dd7e5798?s=96&d=mm&r=g","contentUrl":"https:\/\/secure.gravatar.com\/avatar\/3ea2118a5f7dad2b7138b1187a6b7ee55f160b9968b66013c3a3ef39dd7e5798?s=96&d=mm&r=g","caption":"Jeanette"},"sameAs":["https:\/\/www.eldiario.net\/portal"],"url":"https:\/\/www.eldiario.net\/portal\/author\/jeanette\/"}]}},"_links":{"self":[{"href":"https:\/\/www.eldiario.net\/portal\/wp-json\/wp\/v2\/posts\/291603","targetHints":{"allow":["GET"]}}],"collection":[{"href":"https:\/\/www.eldiario.net\/portal\/wp-json\/wp\/v2\/posts"}],"about":[{"href":"https:\/\/www.eldiario.net\/portal\/wp-json\/wp\/v2\/types\/post"}],"author":[{"embeddable":true,"href":"https:\/\/www.eldiario.net\/portal\/wp-json\/wp\/v2\/users\/1"}],"replies":[{"embeddable":true,"href":"https:\/\/www.eldiario.net\/portal\/wp-json\/wp\/v2\/comments?post=291603"}],"version-history":[{"count":1,"href":"https:\/\/www.eldiario.net\/portal\/wp-json\/wp\/v2\/posts\/291603\/revisions"}],"predecessor-version":[{"id":291605,"href":"https:\/\/www.eldiario.net\/portal\/wp-json\/wp\/v2\/posts\/291603\/revisions\/291605"}],"wp:featuredmedia":[{"embeddable":true,"href":"https:\/\/www.eldiario.net\/portal\/wp-json\/wp\/v2\/media\/291604"}],"wp:attachment":[{"href":"https:\/\/www.eldiario.net\/portal\/wp-json\/wp\/v2\/media?parent=291603"}],"wp:term":[{"taxonomy":"category","embeddable":true,"href":"https:\/\/www.eldiario.net\/portal\/wp-json\/wp\/v2\/categories?post=291603"},{"taxonomy":"post_tag","embeddable":true,"href":"https:\/\/www.eldiario.net\/portal\/wp-json\/wp\/v2\/tags?post=291603"}],"curies":[{"name":"wp","href":"https:\/\/api.w.org\/{rel}","templated":true}]}}