{"id":291600,"date":"2025-03-29T06:52:35","date_gmt":"2025-03-29T10:52:35","guid":{"rendered":"https:\/\/www.eldiario.net\/portal\/?p=291600"},"modified":"2025-03-29T06:52:35","modified_gmt":"2025-03-29T10:52:35","slug":"diputada-cuestiona-cambios-en-la-cartografia-electoral","status":"publish","type":"post","link":"https:\/\/www.eldiario.net\/portal\/2025\/03\/29\/diputada-cuestiona-cambios-en-la-cartografia-electoral\/","title":{"rendered":"Diputada cuestiona cambios  en la cartograf\u00eda electoral"},"content":{"rendered":"<p>La diputada de Creemos, Mar\u00eda Ren\u00e9 \u00c1lvarez, expres\u00f3 su rechazo al nuevo mapa cartogr\u00e1fico electoral aprobado por el Tribunal Supremo Electoral (TSE), al que acus\u00f3 de modificar circunscripciones sin socializar ni consultar a los representantes de las regiones afectadas.<br \/>\n\u201cNos hemos enterado de estos cambios por las p\u00e1ginas del Tribunal Electoral Departamental (TED). Ya tienen una resoluci\u00f3n, sin haber hecho una previa socializaci\u00f3n del borrador\u201d, critic\u00f3 la legisladora, antes de ingresar a una reuni\u00f3n con autoridades electorales para pedir explicaciones.<br \/>\nEl principal cuestionamiento de \u00c1lvarez se enfoca en el traslado de un municipio de la circunscripci\u00f3n 54 a la 53. La diputada advierte que esta modificaci\u00f3n afecta a bastiones opositores en la Chiquitania, como San Ignacio de Velasco, que ahora fue incluido en una circunscripci\u00f3n que abarca tambi\u00e9n a municipios, como San Juli\u00e1n, afines al oficialismo.<br \/>\n\u201cNo hay afinidad ni conectividad entre esas regiones. Esta decisi\u00f3n debilita la representaci\u00f3n de dos tercios del territorio cruce\u00f1o\u201d, sostuvo \u00c1lvarez.<br \/>\nLa legisladora se\u00f1al\u00f3 que, en su criterio, este redise\u00f1o favorece al Movimiento al Socialismo (MAS) y a los interculturales. \u201cEs una jugada pol\u00edtica que atenta contra la verdadera representatividad de nuestras provincias\u201d, afirm\u00f3.<br \/>\n\u00c1lvarez adelant\u00f3 que se presentar\u00e1n observaciones formales ante el TSE, aunque reconoci\u00f3 que los plazos para impugnar la cartograf\u00eda son limitados. Tambi\u00e9n advirti\u00f3 que los datos utilizados para elaborar el nuevo mapa provienen de un Censo cuestionado, lo que agrava la situaci\u00f3n.<br \/>\nMientras tanto, desde el Tribunal Electoral Departamental (TED) de Santa Cruz, el presidente interino Jos\u00e9 Miguel Callejas asegur\u00f3 que Piso Firme \u2014una zona en disputa entre Santa Cruz y Beni\u2014 vota en el departamento cruce\u00f1o. Sin embargo, aclar\u00f3 que la instituci\u00f3n no tiene competencia en temas lim\u00edtrofes.<\/p>\n","protected":false},"excerpt":{"rendered":"<p>La diputada de Creemos, Mar\u00eda Ren\u00e9 \u00c1lvarez, expres\u00f3 su rechazo al nuevo mapa cartogr\u00e1fico electoral aprobado por el Tribunal Supremo Electoral (TSE), al que acus\u00f3 de modificar circunscripciones sin socializar ni consultar a los representantes de las regiones afectadas. \u201cNos hemos enterado de estos cambios por las p\u00e1ginas del Tribunal Electoral Departamental (TED). Ya tienen [&hellip;]<\/p>\n","protected":false},"author":1,"featured_media":291601,"comment_status":"closed","ping_status":"open","sticky":false,"template":"","format":"standard","meta":{"_acf_changed":false,"footnotes":""},"categories":[14],"tags":[],"class_list":["post-291600","post","type-post","status-publish","format-standard","has-post-thumbnail","category-politica"],"acf":{"antetitulo":"Denuncian actitud unilateral"},"yoast_head":"<!-- This site is optimized with the Yoast SEO plugin v28.3 - https:\/\/yoast.com\/product\/yoast-seo-wordpress\/ -->\n<title>Diputada cuestiona cambios en la cartograf\u00eda electoral - El Diario - Bolivia<\/title>\n<meta name=\"robots\" content=\"index, follow, max-snippet:-1, max-image-preview:large, max-video-preview:-1\" \/>\n<link rel=\"canonical\" href=\"https:\/\/www.eldiario.net\/portal\/2025\/03\/29\/diputada-cuestiona-cambios-en-la-cartografia-electoral\/\" \/>\n<meta property=\"og:locale\" content=\"es_ES\" \/>\n<meta property=\"og:type\" content=\"article\" \/>\n<meta property=\"og:title\" content=\"Diputada cuestiona cambios en la cartograf\u00eda electoral - El Diario - Bolivia\" \/>\n<meta property=\"og:description\" content=\"La diputada de Creemos, Mar\u00eda Ren\u00e9 \u00c1lvarez, expres\u00f3 su rechazo al nuevo mapa cartogr\u00e1fico electoral aprobado por el Tribunal Supremo Electoral (TSE), al que acus\u00f3 de modificar circunscripciones sin socializar ni consultar a los representantes de las regiones afectadas. \u201cNos hemos enterado de estos cambios por las p\u00e1ginas del Tribunal Electoral Departamental (TED). Ya tienen [&hellip;]\" \/>\n<meta property=\"og:url\" content=\"https:\/\/www.eldiario.net\/portal\/2025\/03\/29\/diputada-cuestiona-cambios-en-la-cartografia-electoral\/\" \/>\n<meta property=\"og:site_name\" content=\"El Diario - Bolivia\" \/>\n<meta property=\"article:publisher\" content=\"https:\/\/www.facebook.com\/eldiario.bolivia\/\" \/>\n<meta property=\"article:published_time\" content=\"2025-03-29T10:52:35+00:00\" \/>\n<meta property=\"og:image\" content=\"https:\/\/www.eldiario.net\/portal\/wp-content\/uploads\/2025\/03\/ALVAREZ-MAPA.jpeg\" \/>\n\t<meta property=\"og:image:width\" content=\"1090\" \/>\n\t<meta property=\"og:image:height\" content=\"613\" \/>\n\t<meta property=\"og:image:type\" content=\"image\/jpeg\" \/>\n<meta name=\"author\" content=\"Jeanette\" \/>\n<meta name=\"twitter:card\" content=\"summary_large_image\" \/>\n<meta name=\"twitter:creator\" content=\"@eldiario_net\" \/>\n<meta name=\"twitter:site\" content=\"@eldiario_net\" \/>\n<meta name=\"twitter:label1\" content=\"Escrito por\" \/>\n\t<meta name=\"twitter:data1\" content=\"Jeanette\" \/>\n\t<meta name=\"twitter:label2\" content=\"Tiempo de lectura\" \/>\n\t<meta name=\"twitter:data2\" content=\"2 minutos\" \/>\n<script type=\"application\/ld+json\" class=\"yoast-schema-graph\">{\"@context\":\"https:\\\/\\\/schema.org\",\"@graph\":[{\"@type\":\"Article\",\"@id\":\"https:\\\/\\\/www.eldiario.net\\\/portal\\\/2025\\\/03\\\/29\\\/diputada-cuestiona-cambios-en-la-cartografia-electoral\\\/#article\",\"isPartOf\":{\"@id\":\"https:\\\/\\\/www.eldiario.net\\\/portal\\\/2025\\\/03\\\/29\\\/diputada-cuestiona-cambios-en-la-cartografia-electoral\\\/\"},\"author\":{\"name\":\"Jeanette\",\"@id\":\"https:\\\/\\\/www.eldiario.net\\\/portal\\\/#\\\/schema\\\/person\\\/f46445640444750d7d753ccd04ae01b7\"},\"headline\":\"Diputada cuestiona cambios en la cartograf\u00eda electoral\",\"datePublished\":\"2025-03-29T10:52:35+00:00\",\"mainEntityOfPage\":{\"@id\":\"https:\\\/\\\/www.eldiario.net\\\/portal\\\/2025\\\/03\\\/29\\\/diputada-cuestiona-cambios-en-la-cartografia-electoral\\\/\"},\"wordCount\":309,\"publisher\":{\"@id\":\"https:\\\/\\\/www.eldiario.net\\\/portal\\\/#organization\"},\"image\":{\"@id\":\"https:\\\/\\\/www.eldiario.net\\\/portal\\\/2025\\\/03\\\/29\\\/diputada-cuestiona-cambios-en-la-cartografia-electoral\\\/#primaryimage\"},\"thumbnailUrl\":\"https:\\\/\\\/www.eldiario.net\\\/portal\\\/wp-content\\\/uploads\\\/2025\\\/03\\\/ALVAREZ-MAPA.jpeg\",\"articleSection\":[\"Pol\u00edtica\"],\"inLanguage\":\"es\"},{\"@type\":\"WebPage\",\"@id\":\"https:\\\/\\\/www.eldiario.net\\\/portal\\\/2025\\\/03\\\/29\\\/diputada-cuestiona-cambios-en-la-cartografia-electoral\\\/\",\"url\":\"https:\\\/\\\/www.eldiario.net\\\/portal\\\/2025\\\/03\\\/29\\\/diputada-cuestiona-cambios-en-la-cartografia-electoral\\\/\",\"name\":\"Diputada cuestiona cambios en la cartograf\u00eda electoral - El Diario - Bolivia\",\"isPartOf\":{\"@id\":\"https:\\\/\\\/www.eldiario.net\\\/portal\\\/#website\"},\"primaryImageOfPage\":{\"@id\":\"https:\\\/\\\/www.eldiario.net\\\/portal\\\/2025\\\/03\\\/29\\\/diputada-cuestiona-cambios-en-la-cartografia-electoral\\\/#primaryimage\"},\"image\":{\"@id\":\"https:\\\/\\\/www.eldiario.net\\\/portal\\\/2025\\\/03\\\/29\\\/diputada-cuestiona-cambios-en-la-cartografia-electoral\\\/#primaryimage\"},\"thumbnailUrl\":\"https:\\\/\\\/www.eldiario.net\\\/portal\\\/wp-content\\\/uploads\\\/2025\\\/03\\\/ALVAREZ-MAPA.jpeg\",\"datePublished\":\"2025-03-29T10:52:35+00:00\",\"breadcrumb\":{\"@id\":\"https:\\\/\\\/www.eldiario.net\\\/portal\\\/2025\\\/03\\\/29\\\/diputada-cuestiona-cambios-en-la-cartografia-electoral\\\/#breadcrumb\"},\"inLanguage\":\"es\",\"potentialAction\":[{\"@type\":\"ReadAction\",\"target\":[\"https:\\\/\\\/www.eldiario.net\\\/portal\\\/2025\\\/03\\\/29\\\/diputada-cuestiona-cambios-en-la-cartografia-electoral\\\/\"]}]},{\"@type\":\"ImageObject\",\"inLanguage\":\"es\",\"@id\":\"https:\\\/\\\/www.eldiario.net\\\/portal\\\/2025\\\/03\\\/29\\\/diputada-cuestiona-cambios-en-la-cartografia-electoral\\\/#primaryimage\",\"url\":\"https:\\\/\\\/www.eldiario.net\\\/portal\\\/wp-content\\\/uploads\\\/2025\\\/03\\\/ALVAREZ-MAPA.jpeg\",\"contentUrl\":\"https:\\\/\\\/www.eldiario.net\\\/portal\\\/wp-content\\\/uploads\\\/2025\\\/03\\\/ALVAREZ-MAPA.jpeg\",\"width\":1090,\"height\":613,\"caption\":\"Diputada Mar\u00eda Ren\u00e9 \u00c1lvarez rechaza el nuevo mapa cartogr\u00e1fico electoral.\"},{\"@type\":\"BreadcrumbList\",\"@id\":\"https:\\\/\\\/www.eldiario.net\\\/portal\\\/2025\\\/03\\\/29\\\/diputada-cuestiona-cambios-en-la-cartografia-electoral\\\/#breadcrumb\",\"itemListElement\":[{\"@type\":\"ListItem\",\"position\":1,\"name\":\"Portada\",\"item\":\"https:\\\/\\\/www.eldiario.net\\\/portal\\\/\"},{\"@type\":\"ListItem\",\"position\":2,\"name\":\"Diputada cuestiona cambios en la cartograf\u00eda electoral\"}]},{\"@type\":\"WebSite\",\"@id\":\"https:\\\/\\\/www.eldiario.net\\\/portal\\\/#website\",\"url\":\"https:\\\/\\\/www.eldiario.net\\\/portal\\\/\",\"name\":\"El Diario - Decano de la prensa nacional\",\"description\":\"El Diario - Decano de la prensa nacional\",\"publisher\":{\"@id\":\"https:\\\/\\\/www.eldiario.net\\\/portal\\\/#organization\"},\"potentialAction\":[{\"@type\":\"SearchAction\",\"target\":{\"@type\":\"EntryPoint\",\"urlTemplate\":\"https:\\\/\\\/www.eldiario.net\\\/portal\\\/?s={search_term_string}\"},\"query-input\":{\"@type\":\"PropertyValueSpecification\",\"valueRequired\":true,\"valueName\":\"search_term_string\"}}],\"inLanguage\":\"es\"},{\"@type\":\"Organization\",\"@id\":\"https:\\\/\\\/www.eldiario.net\\\/portal\\\/#organization\",\"name\":\"El Diario - Decano de la prensa nacional\",\"url\":\"https:\\\/\\\/www.eldiario.net\\\/portal\\\/\",\"logo\":{\"@type\":\"ImageObject\",\"inLanguage\":\"es\",\"@id\":\"https:\\\/\\\/www.eldiario.net\\\/portal\\\/#\\\/schema\\\/logo\\\/image\\\/\",\"url\":\"https:\\\/\\\/www.eldiario.net\\\/portal\\\/wp-content\\\/uploads\\\/2023\\\/07\\\/logo_ED.jpg\",\"contentUrl\":\"https:\\\/\\\/www.eldiario.net\\\/portal\\\/wp-content\\\/uploads\\\/2023\\\/07\\\/logo_ED.jpg\",\"width\":272,\"height\":52,\"caption\":\"El Diario - Decano de la prensa nacional\"},\"image\":{\"@id\":\"https:\\\/\\\/www.eldiario.net\\\/portal\\\/#\\\/schema\\\/logo\\\/image\\\/\"},\"sameAs\":[\"https:\\\/\\\/www.facebook.com\\\/eldiario.bolivia\\\/\",\"https:\\\/\\\/x.com\\\/eldiario_net\"]},{\"@type\":\"Person\",\"@id\":\"https:\\\/\\\/www.eldiario.net\\\/portal\\\/#\\\/schema\\\/person\\\/f46445640444750d7d753ccd04ae01b7\",\"name\":\"Jeanette\",\"image\":{\"@type\":\"ImageObject\",\"inLanguage\":\"es\",\"@id\":\"https:\\\/\\\/secure.gravatar.com\\\/avatar\\\/3ea2118a5f7dad2b7138b1187a6b7ee55f160b9968b66013c3a3ef39dd7e5798?s=96&d=mm&r=g\",\"url\":\"https:\\\/\\\/secure.gravatar.com\\\/avatar\\\/3ea2118a5f7dad2b7138b1187a6b7ee55f160b9968b66013c3a3ef39dd7e5798?s=96&d=mm&r=g\",\"contentUrl\":\"https:\\\/\\\/secure.gravatar.com\\\/avatar\\\/3ea2118a5f7dad2b7138b1187a6b7ee55f160b9968b66013c3a3ef39dd7e5798?s=96&d=mm&r=g\",\"caption\":\"Jeanette\"},\"sameAs\":[\"https:\\\/\\\/www.eldiario.net\\\/portal\"],\"url\":\"https:\\\/\\\/www.eldiario.net\\\/portal\\\/author\\\/jeanette\\\/\"}]}<\/script>\n<!-- \/ Yoast SEO plugin. -->","yoast_head_json":{"title":"Diputada cuestiona cambios en la cartograf\u00eda electoral - El Diario - Bolivia","robots":{"index":"index","follow":"follow","max-snippet":"max-snippet:-1","max-image-preview":"max-image-preview:large","max-video-preview":"max-video-preview:-1"},"canonical":"https:\/\/www.eldiario.net\/portal\/2025\/03\/29\/diputada-cuestiona-cambios-en-la-cartografia-electoral\/","og_locale":"es_ES","og_type":"article","og_title":"Diputada cuestiona cambios en la cartograf\u00eda electoral - El Diario - Bolivia","og_description":"La diputada de Creemos, Mar\u00eda Ren\u00e9 \u00c1lvarez, expres\u00f3 su rechazo al nuevo mapa cartogr\u00e1fico electoral aprobado por el Tribunal Supremo Electoral (TSE), al que acus\u00f3 de modificar circunscripciones sin socializar ni consultar a los representantes de las regiones afectadas. \u201cNos hemos enterado de estos cambios por las p\u00e1ginas del Tribunal Electoral Departamental (TED). Ya tienen [&hellip;]","og_url":"https:\/\/www.eldiario.net\/portal\/2025\/03\/29\/diputada-cuestiona-cambios-en-la-cartografia-electoral\/","og_site_name":"El Diario - Bolivia","article_publisher":"https:\/\/www.facebook.com\/eldiario.bolivia\/","article_published_time":"2025-03-29T10:52:35+00:00","og_image":[{"width":1090,"height":613,"url":"https:\/\/www.eldiario.net\/portal\/wp-content\/uploads\/2025\/03\/ALVAREZ-MAPA.jpeg","type":"image\/jpeg"}],"author":"Jeanette","twitter_card":"summary_large_image","twitter_creator":"@eldiario_net","twitter_site":"@eldiario_net","twitter_misc":{"Escrito por":"Jeanette","Tiempo de lectura":"2 minutos"},"schema":{"@context":"https:\/\/schema.org","@graph":[{"@type":"Article","@id":"https:\/\/www.eldiario.net\/portal\/2025\/03\/29\/diputada-cuestiona-cambios-en-la-cartografia-electoral\/#article","isPartOf":{"@id":"https:\/\/www.eldiario.net\/portal\/2025\/03\/29\/diputada-cuestiona-cambios-en-la-cartografia-electoral\/"},"author":{"name":"Jeanette","@id":"https:\/\/www.eldiario.net\/portal\/#\/schema\/person\/f46445640444750d7d753ccd04ae01b7"},"headline":"Diputada cuestiona cambios en la cartograf\u00eda electoral","datePublished":"2025-03-29T10:52:35+00:00","mainEntityOfPage":{"@id":"https:\/\/www.eldiario.net\/portal\/2025\/03\/29\/diputada-cuestiona-cambios-en-la-cartografia-electoral\/"},"wordCount":309,"publisher":{"@id":"https:\/\/www.eldiario.net\/portal\/#organization"},"image":{"@id":"https:\/\/www.eldiario.net\/portal\/2025\/03\/29\/diputada-cuestiona-cambios-en-la-cartografia-electoral\/#primaryimage"},"thumbnailUrl":"https:\/\/www.eldiario.net\/portal\/wp-content\/uploads\/2025\/03\/ALVAREZ-MAPA.jpeg","articleSection":["Pol\u00edtica"],"inLanguage":"es"},{"@type":"WebPage","@id":"https:\/\/www.eldiario.net\/portal\/2025\/03\/29\/diputada-cuestiona-cambios-en-la-cartografia-electoral\/","url":"https:\/\/www.eldiario.net\/portal\/2025\/03\/29\/diputada-cuestiona-cambios-en-la-cartografia-electoral\/","name":"Diputada cuestiona cambios en la cartograf\u00eda electoral - El Diario - Bolivia","isPartOf":{"@id":"https:\/\/www.eldiario.net\/portal\/#website"},"primaryImageOfPage":{"@id":"https:\/\/www.eldiario.net\/portal\/2025\/03\/29\/diputada-cuestiona-cambios-en-la-cartografia-electoral\/#primaryimage"},"image":{"@id":"https:\/\/www.eldiario.net\/portal\/2025\/03\/29\/diputada-cuestiona-cambios-en-la-cartografia-electoral\/#primaryimage"},"thumbnailUrl":"https:\/\/www.eldiario.net\/portal\/wp-content\/uploads\/2025\/03\/ALVAREZ-MAPA.jpeg","datePublished":"2025-03-29T10:52:35+00:00","breadcrumb":{"@id":"https:\/\/www.eldiario.net\/portal\/2025\/03\/29\/diputada-cuestiona-cambios-en-la-cartografia-electoral\/#breadcrumb"},"inLanguage":"es","potentialAction":[{"@type":"ReadAction","target":["https:\/\/www.eldiario.net\/portal\/2025\/03\/29\/diputada-cuestiona-cambios-en-la-cartografia-electoral\/"]}]},{"@type":"ImageObject","inLanguage":"es","@id":"https:\/\/www.eldiario.net\/portal\/2025\/03\/29\/diputada-cuestiona-cambios-en-la-cartografia-electoral\/#primaryimage","url":"https:\/\/www.eldiario.net\/portal\/wp-content\/uploads\/2025\/03\/ALVAREZ-MAPA.jpeg","contentUrl":"https:\/\/www.eldiario.net\/portal\/wp-content\/uploads\/2025\/03\/ALVAREZ-MAPA.jpeg","width":1090,"height":613,"caption":"Diputada Mar\u00eda Ren\u00e9 \u00c1lvarez rechaza el nuevo mapa cartogr\u00e1fico electoral."},{"@type":"BreadcrumbList","@id":"https:\/\/www.eldiario.net\/portal\/2025\/03\/29\/diputada-cuestiona-cambios-en-la-cartografia-electoral\/#breadcrumb","itemListElement":[{"@type":"ListItem","position":1,"name":"Portada","item":"https:\/\/www.eldiario.net\/portal\/"},{"@type":"ListItem","position":2,"name":"Diputada cuestiona cambios en la cartograf\u00eda electoral"}]},{"@type":"WebSite","@id":"https:\/\/www.eldiario.net\/portal\/#website","url":"https:\/\/www.eldiario.net\/portal\/","name":"El Diario - Decano de la prensa nacional","description":"El Diario - Decano de la prensa nacional","publisher":{"@id":"https:\/\/www.eldiario.net\/portal\/#organization"},"potentialAction":[{"@type":"SearchAction","target":{"@type":"EntryPoint","urlTemplate":"https:\/\/www.eldiario.net\/portal\/?s={search_term_string}"},"query-input":{"@type":"PropertyValueSpecification","valueRequired":true,"valueName":"search_term_string"}}],"inLanguage":"es"},{"@type":"Organization","@id":"https:\/\/www.eldiario.net\/portal\/#organization","name":"El Diario - Decano de la prensa nacional","url":"https:\/\/www.eldiario.net\/portal\/","logo":{"@type":"ImageObject","inLanguage":"es","@id":"https:\/\/www.eldiario.net\/portal\/#\/schema\/logo\/image\/","url":"https:\/\/www.eldiario.net\/portal\/wp-content\/uploads\/2023\/07\/logo_ED.jpg","contentUrl":"https:\/\/www.eldiario.net\/portal\/wp-content\/uploads\/2023\/07\/logo_ED.jpg","width":272,"height":52,"caption":"El Diario - Decano de la prensa nacional"},"image":{"@id":"https:\/\/www.eldiario.net\/portal\/#\/schema\/logo\/image\/"},"sameAs":["https:\/\/www.facebook.com\/eldiario.bolivia\/","https:\/\/x.com\/eldiario_net"]},{"@type":"Person","@id":"https:\/\/www.eldiario.net\/portal\/#\/schema\/person\/f46445640444750d7d753ccd04ae01b7","name":"Jeanette","image":{"@type":"ImageObject","inLanguage":"es","@id":"https:\/\/secure.gravatar.com\/avatar\/3ea2118a5f7dad2b7138b1187a6b7ee55f160b9968b66013c3a3ef39dd7e5798?s=96&d=mm&r=g","url":"https:\/\/secure.gravatar.com\/avatar\/3ea2118a5f7dad2b7138b1187a6b7ee55f160b9968b66013c3a3ef39dd7e5798?s=96&d=mm&r=g","contentUrl":"https:\/\/secure.gravatar.com\/avatar\/3ea2118a5f7dad2b7138b1187a6b7ee55f160b9968b66013c3a3ef39dd7e5798?s=96&d=mm&r=g","caption":"Jeanette"},"sameAs":["https:\/\/www.eldiario.net\/portal"],"url":"https:\/\/www.eldiario.net\/portal\/author\/jeanette\/"}]}},"_links":{"self":[{"href":"https:\/\/www.eldiario.net\/portal\/wp-json\/wp\/v2\/posts\/291600","targetHints":{"allow":["GET"]}}],"collection":[{"href":"https:\/\/www.eldiario.net\/portal\/wp-json\/wp\/v2\/posts"}],"about":[{"href":"https:\/\/www.eldiario.net\/portal\/wp-json\/wp\/v2\/types\/post"}],"author":[{"embeddable":true,"href":"https:\/\/www.eldiario.net\/portal\/wp-json\/wp\/v2\/users\/1"}],"replies":[{"embeddable":true,"href":"https:\/\/www.eldiario.net\/portal\/wp-json\/wp\/v2\/comments?post=291600"}],"version-history":[{"count":1,"href":"https:\/\/www.eldiario.net\/portal\/wp-json\/wp\/v2\/posts\/291600\/revisions"}],"predecessor-version":[{"id":291602,"href":"https:\/\/www.eldiario.net\/portal\/wp-json\/wp\/v2\/posts\/291600\/revisions\/291602"}],"wp:featuredmedia":[{"embeddable":true,"href":"https:\/\/www.eldiario.net\/portal\/wp-json\/wp\/v2\/media\/291601"}],"wp:attachment":[{"href":"https:\/\/www.eldiario.net\/portal\/wp-json\/wp\/v2\/media?parent=291600"}],"wp:term":[{"taxonomy":"category","embeddable":true,"href":"https:\/\/www.eldiario.net\/portal\/wp-json\/wp\/v2\/categories?post=291600"},{"taxonomy":"post_tag","embeddable":true,"href":"https:\/\/www.eldiario.net\/portal\/wp-json\/wp\/v2\/tags?post=291600"}],"curies":[{"name":"wp","href":"https:\/\/api.w.org\/{rel}","templated":true}]}}