{"id":291597,"date":"2025-03-29T06:52:08","date_gmt":"2025-03-29T10:52:08","guid":{"rendered":"https:\/\/www.eldiario.net\/portal\/?p=291597"},"modified":"2025-03-29T06:52:08","modified_gmt":"2025-03-29T10:52:08","slug":"credito-para-saneamiento-de-tierras-genera-rechazo","status":"publish","type":"post","link":"https:\/\/www.eldiario.net\/portal\/2025\/03\/29\/credito-para-saneamiento-de-tierras-genera-rechazo\/","title":{"rendered":"Cr\u00e9dito para saneamiento  de tierras genera rechazo"},"content":{"rendered":"<p>Los parlamentarios de oposici\u00f3n rechazan la aprobaci\u00f3n legislativa de un cr\u00e9dito de $us 40 millones, tramitado por el Instituto Nacional de Reforma Agraria (INRA), porque consideran que tiene como \u00fanico objetivo incentivar el tr\u00e1fico de tierras en el oriente boliviano y la destrucci\u00f3n de las \u00e1reas de producci\u00f3n de alimentos, bajo el argumento del saneamiento de tierras, promovido por el Gobierno.<br \/>\nA trav\u00e9s de un pronunciamiento p\u00fablico denominado \u201cNo al endeudamiento para el tr\u00e1fico de tierras y la destrucci\u00f3n de la propiedad privada y la producci\u00f3n\u201d, los senadores Centa Rek, Erik Mor\u00f3n y Walter Justiniano, adem\u00e1s de los diputados Mar\u00eda Ren\u00e9 \u00c1lvarez, Mayra Zalles, Haydi Mu\u00f1oz, Priscila Dantes, Elena Pachacute, Erika Ch\u00e1vez, Luciana Campero, Ver\u00f3nica Aguilera, Daniel Prieto, Jos\u00e9 Ormachea y Alberto Astorga, expresaron su rechazo y cuestionamientos a un proyecto de normativa que, en septiembre de 2024, fue rechazado por el pleno de Diputados y repuesto en la presente gesti\u00f3n.<br \/>\n\u201cLos parlamentarios nacionales que suscribimos manifestamos nuestro firme rechazo a la aprobaci\u00f3n del cr\u00e9dito externo de $us 40 millones gestionado por el Instituto Nacional de Reforma Agraria (INRA) bajo el programa denominado \u201cPrograma Boliviano de Administraci\u00f3n de Tierras para el Desarrollo Rural Sustentable\u201d, actualmente en la agenda de la Asamblea Legislativa Plurinacional\u201d, se\u00f1ala parte del pronunciamiento.<br \/>\nAl respecto, la senadora Centa Rek expres\u00f3 que ser\u00eda un error hist\u00f3rico y una traici\u00f3n por parte de los parlamentarios de oposici\u00f3n, en especial de los representantes del oriente boliviano, aprobar dicho cr\u00e9dito por $us 40 millones, financiado por el Banco Interamericano de Desarrollo (BID), porque ser\u00edan \u201cutilizados para profundizar la crisis, fomentar el despojo de tierras y debilitar el sector productivo\u201d.<br \/>\nAsimismo, afirm\u00f3 que el INRA se ha convertido en un brazo operativo de los denominados \u201cinterculturales\u201d, en la toma de tierras en el oriente boliviano, por lo que es imperativo que se detengan las pol\u00edticas que atentan contra la seguridad jur\u00eddica, la empresa privada, los productores y los ind\u00edgenas originarios, quienes a\u00fan no han recibido las tierras que les corresponden y, lo que es peor, son despojados de sus tierras ancestrales.<br \/>\nEn el pronunciamiento, los parlamentarios de Creemos y Comunidad Ciudadana (CC) resaltan que \u201csea el pr\u00f3ximo gobierno quien redireccione las pol\u00edticas de tierras con criterios de legalidad, justicia y sobre todo transparencia\u201d, por lo que reiteraron su rechazo a dicho cr\u00e9dito.<\/p>\n","protected":false},"excerpt":{"rendered":"<p>Los parlamentarios de oposici\u00f3n rechazan la aprobaci\u00f3n legislativa de un cr\u00e9dito de $us 40 millones, tramitado por el Instituto Nacional de Reforma Agraria (INRA), porque consideran que tiene como \u00fanico objetivo incentivar el tr\u00e1fico de tierras en el oriente boliviano y la destrucci\u00f3n de las \u00e1reas de producci\u00f3n de alimentos, bajo el argumento del saneamiento [&hellip;]<\/p>\n","protected":false},"author":1,"featured_media":291598,"comment_status":"closed","ping_status":"open","sticky":false,"template":"","format":"standard","meta":{"_acf_changed":false,"footnotes":""},"categories":[14],"tags":[],"class_list":["post-291597","post","type-post","status-publish","format-standard","has-post-thumbnail","category-politica"],"acf":{"antetitulo":""},"yoast_head":"<!-- This site is optimized with the Yoast SEO plugin v28.3 - https:\/\/yoast.com\/product\/yoast-seo-wordpress\/ -->\n<title>Cr\u00e9dito para saneamiento de tierras genera rechazo - El Diario - Bolivia<\/title>\n<meta name=\"robots\" content=\"index, follow, max-snippet:-1, max-image-preview:large, max-video-preview:-1\" \/>\n<link rel=\"canonical\" href=\"https:\/\/www.eldiario.net\/portal\/2025\/03\/29\/credito-para-saneamiento-de-tierras-genera-rechazo\/\" \/>\n<meta property=\"og:locale\" content=\"es_ES\" \/>\n<meta property=\"og:type\" content=\"article\" \/>\n<meta property=\"og:title\" content=\"Cr\u00e9dito para saneamiento de tierras genera rechazo - El Diario - Bolivia\" \/>\n<meta property=\"og:description\" content=\"Los parlamentarios de oposici\u00f3n rechazan la aprobaci\u00f3n legislativa de un cr\u00e9dito de $us 40 millones, tramitado por el Instituto Nacional de Reforma Agraria (INRA), porque consideran que tiene como \u00fanico objetivo incentivar el tr\u00e1fico de tierras en el oriente boliviano y la destrucci\u00f3n de las \u00e1reas de producci\u00f3n de alimentos, bajo el argumento del saneamiento [&hellip;]\" \/>\n<meta property=\"og:url\" content=\"https:\/\/www.eldiario.net\/portal\/2025\/03\/29\/credito-para-saneamiento-de-tierras-genera-rechazo\/\" \/>\n<meta property=\"og:site_name\" content=\"El Diario - Bolivia\" \/>\n<meta property=\"article:publisher\" content=\"https:\/\/www.facebook.com\/eldiario.bolivia\/\" \/>\n<meta property=\"article:published_time\" content=\"2025-03-29T10:52:08+00:00\" \/>\n<meta property=\"og:image\" content=\"https:\/\/www.eldiario.net\/portal\/wp-content\/uploads\/2025\/03\/SANEAMIENTO-ALP.jpg\" \/>\n\t<meta property=\"og:image:width\" content=\"1280\" \/>\n\t<meta property=\"og:image:height\" content=\"853\" \/>\n\t<meta property=\"og:image:type\" content=\"image\/jpeg\" \/>\n<meta name=\"author\" content=\"Jeanette\" \/>\n<meta name=\"twitter:card\" content=\"summary_large_image\" \/>\n<meta name=\"twitter:creator\" content=\"@eldiario_net\" \/>\n<meta name=\"twitter:site\" content=\"@eldiario_net\" \/>\n<meta name=\"twitter:label1\" content=\"Escrito por\" \/>\n\t<meta name=\"twitter:data1\" content=\"Jeanette\" \/>\n\t<meta name=\"twitter:label2\" content=\"Tiempo de lectura\" \/>\n\t<meta name=\"twitter:data2\" content=\"2 minutos\" \/>\n<script type=\"application\/ld+json\" class=\"yoast-schema-graph\">{\"@context\":\"https:\\\/\\\/schema.org\",\"@graph\":[{\"@type\":\"Article\",\"@id\":\"https:\\\/\\\/www.eldiario.net\\\/portal\\\/2025\\\/03\\\/29\\\/credito-para-saneamiento-de-tierras-genera-rechazo\\\/#article\",\"isPartOf\":{\"@id\":\"https:\\\/\\\/www.eldiario.net\\\/portal\\\/2025\\\/03\\\/29\\\/credito-para-saneamiento-de-tierras-genera-rechazo\\\/\"},\"author\":{\"name\":\"Jeanette\",\"@id\":\"https:\\\/\\\/www.eldiario.net\\\/portal\\\/#\\\/schema\\\/person\\\/f46445640444750d7d753ccd04ae01b7\"},\"headline\":\"Cr\u00e9dito para saneamiento de tierras genera rechazo\",\"datePublished\":\"2025-03-29T10:52:08+00:00\",\"mainEntityOfPage\":{\"@id\":\"https:\\\/\\\/www.eldiario.net\\\/portal\\\/2025\\\/03\\\/29\\\/credito-para-saneamiento-de-tierras-genera-rechazo\\\/\"},\"wordCount\":420,\"publisher\":{\"@id\":\"https:\\\/\\\/www.eldiario.net\\\/portal\\\/#organization\"},\"image\":{\"@id\":\"https:\\\/\\\/www.eldiario.net\\\/portal\\\/2025\\\/03\\\/29\\\/credito-para-saneamiento-de-tierras-genera-rechazo\\\/#primaryimage\"},\"thumbnailUrl\":\"https:\\\/\\\/www.eldiario.net\\\/portal\\\/wp-content\\\/uploads\\\/2025\\\/03\\\/SANEAMIENTO-ALP.jpg\",\"articleSection\":[\"Pol\u00edtica\"],\"inLanguage\":\"es\"},{\"@type\":\"WebPage\",\"@id\":\"https:\\\/\\\/www.eldiario.net\\\/portal\\\/2025\\\/03\\\/29\\\/credito-para-saneamiento-de-tierras-genera-rechazo\\\/\",\"url\":\"https:\\\/\\\/www.eldiario.net\\\/portal\\\/2025\\\/03\\\/29\\\/credito-para-saneamiento-de-tierras-genera-rechazo\\\/\",\"name\":\"Cr\u00e9dito para saneamiento de tierras genera rechazo - El Diario - Bolivia\",\"isPartOf\":{\"@id\":\"https:\\\/\\\/www.eldiario.net\\\/portal\\\/#website\"},\"primaryImageOfPage\":{\"@id\":\"https:\\\/\\\/www.eldiario.net\\\/portal\\\/2025\\\/03\\\/29\\\/credito-para-saneamiento-de-tierras-genera-rechazo\\\/#primaryimage\"},\"image\":{\"@id\":\"https:\\\/\\\/www.eldiario.net\\\/portal\\\/2025\\\/03\\\/29\\\/credito-para-saneamiento-de-tierras-genera-rechazo\\\/#primaryimage\"},\"thumbnailUrl\":\"https:\\\/\\\/www.eldiario.net\\\/portal\\\/wp-content\\\/uploads\\\/2025\\\/03\\\/SANEAMIENTO-ALP.jpg\",\"datePublished\":\"2025-03-29T10:52:08+00:00\",\"breadcrumb\":{\"@id\":\"https:\\\/\\\/www.eldiario.net\\\/portal\\\/2025\\\/03\\\/29\\\/credito-para-saneamiento-de-tierras-genera-rechazo\\\/#breadcrumb\"},\"inLanguage\":\"es\",\"potentialAction\":[{\"@type\":\"ReadAction\",\"target\":[\"https:\\\/\\\/www.eldiario.net\\\/portal\\\/2025\\\/03\\\/29\\\/credito-para-saneamiento-de-tierras-genera-rechazo\\\/\"]}]},{\"@type\":\"ImageObject\",\"inLanguage\":\"es\",\"@id\":\"https:\\\/\\\/www.eldiario.net\\\/portal\\\/2025\\\/03\\\/29\\\/credito-para-saneamiento-de-tierras-genera-rechazo\\\/#primaryimage\",\"url\":\"https:\\\/\\\/www.eldiario.net\\\/portal\\\/wp-content\\\/uploads\\\/2025\\\/03\\\/SANEAMIENTO-ALP.jpg\",\"contentUrl\":\"https:\\\/\\\/www.eldiario.net\\\/portal\\\/wp-content\\\/uploads\\\/2025\\\/03\\\/SANEAMIENTO-ALP.jpg\",\"width\":1280,\"height\":853,\"caption\":\"ALP (referencial)\"},{\"@type\":\"BreadcrumbList\",\"@id\":\"https:\\\/\\\/www.eldiario.net\\\/portal\\\/2025\\\/03\\\/29\\\/credito-para-saneamiento-de-tierras-genera-rechazo\\\/#breadcrumb\",\"itemListElement\":[{\"@type\":\"ListItem\",\"position\":1,\"name\":\"Portada\",\"item\":\"https:\\\/\\\/www.eldiario.net\\\/portal\\\/\"},{\"@type\":\"ListItem\",\"position\":2,\"name\":\"Cr\u00e9dito para saneamiento de tierras genera rechazo\"}]},{\"@type\":\"WebSite\",\"@id\":\"https:\\\/\\\/www.eldiario.net\\\/portal\\\/#website\",\"url\":\"https:\\\/\\\/www.eldiario.net\\\/portal\\\/\",\"name\":\"El Diario - Decano de la prensa nacional\",\"description\":\"El Diario - Decano de la prensa nacional\",\"publisher\":{\"@id\":\"https:\\\/\\\/www.eldiario.net\\\/portal\\\/#organization\"},\"potentialAction\":[{\"@type\":\"SearchAction\",\"target\":{\"@type\":\"EntryPoint\",\"urlTemplate\":\"https:\\\/\\\/www.eldiario.net\\\/portal\\\/?s={search_term_string}\"},\"query-input\":{\"@type\":\"PropertyValueSpecification\",\"valueRequired\":true,\"valueName\":\"search_term_string\"}}],\"inLanguage\":\"es\"},{\"@type\":\"Organization\",\"@id\":\"https:\\\/\\\/www.eldiario.net\\\/portal\\\/#organization\",\"name\":\"El Diario - Decano de la prensa nacional\",\"url\":\"https:\\\/\\\/www.eldiario.net\\\/portal\\\/\",\"logo\":{\"@type\":\"ImageObject\",\"inLanguage\":\"es\",\"@id\":\"https:\\\/\\\/www.eldiario.net\\\/portal\\\/#\\\/schema\\\/logo\\\/image\\\/\",\"url\":\"https:\\\/\\\/www.eldiario.net\\\/portal\\\/wp-content\\\/uploads\\\/2023\\\/07\\\/logo_ED.jpg\",\"contentUrl\":\"https:\\\/\\\/www.eldiario.net\\\/portal\\\/wp-content\\\/uploads\\\/2023\\\/07\\\/logo_ED.jpg\",\"width\":272,\"height\":52,\"caption\":\"El Diario - Decano de la prensa nacional\"},\"image\":{\"@id\":\"https:\\\/\\\/www.eldiario.net\\\/portal\\\/#\\\/schema\\\/logo\\\/image\\\/\"},\"sameAs\":[\"https:\\\/\\\/www.facebook.com\\\/eldiario.bolivia\\\/\",\"https:\\\/\\\/x.com\\\/eldiario_net\"]},{\"@type\":\"Person\",\"@id\":\"https:\\\/\\\/www.eldiario.net\\\/portal\\\/#\\\/schema\\\/person\\\/f46445640444750d7d753ccd04ae01b7\",\"name\":\"Jeanette\",\"image\":{\"@type\":\"ImageObject\",\"inLanguage\":\"es\",\"@id\":\"https:\\\/\\\/secure.gravatar.com\\\/avatar\\\/3ea2118a5f7dad2b7138b1187a6b7ee55f160b9968b66013c3a3ef39dd7e5798?s=96&d=mm&r=g\",\"url\":\"https:\\\/\\\/secure.gravatar.com\\\/avatar\\\/3ea2118a5f7dad2b7138b1187a6b7ee55f160b9968b66013c3a3ef39dd7e5798?s=96&d=mm&r=g\",\"contentUrl\":\"https:\\\/\\\/secure.gravatar.com\\\/avatar\\\/3ea2118a5f7dad2b7138b1187a6b7ee55f160b9968b66013c3a3ef39dd7e5798?s=96&d=mm&r=g\",\"caption\":\"Jeanette\"},\"sameAs\":[\"https:\\\/\\\/www.eldiario.net\\\/portal\"],\"url\":\"https:\\\/\\\/www.eldiario.net\\\/portal\\\/author\\\/jeanette\\\/\"}]}<\/script>\n<!-- \/ Yoast SEO plugin. -->","yoast_head_json":{"title":"Cr\u00e9dito para saneamiento de tierras genera rechazo - El Diario - Bolivia","robots":{"index":"index","follow":"follow","max-snippet":"max-snippet:-1","max-image-preview":"max-image-preview:large","max-video-preview":"max-video-preview:-1"},"canonical":"https:\/\/www.eldiario.net\/portal\/2025\/03\/29\/credito-para-saneamiento-de-tierras-genera-rechazo\/","og_locale":"es_ES","og_type":"article","og_title":"Cr\u00e9dito para saneamiento de tierras genera rechazo - El Diario - Bolivia","og_description":"Los parlamentarios de oposici\u00f3n rechazan la aprobaci\u00f3n legislativa de un cr\u00e9dito de $us 40 millones, tramitado por el Instituto Nacional de Reforma Agraria (INRA), porque consideran que tiene como \u00fanico objetivo incentivar el tr\u00e1fico de tierras en el oriente boliviano y la destrucci\u00f3n de las \u00e1reas de producci\u00f3n de alimentos, bajo el argumento del saneamiento [&hellip;]","og_url":"https:\/\/www.eldiario.net\/portal\/2025\/03\/29\/credito-para-saneamiento-de-tierras-genera-rechazo\/","og_site_name":"El Diario - Bolivia","article_publisher":"https:\/\/www.facebook.com\/eldiario.bolivia\/","article_published_time":"2025-03-29T10:52:08+00:00","og_image":[{"width":1280,"height":853,"url":"https:\/\/www.eldiario.net\/portal\/wp-content\/uploads\/2025\/03\/SANEAMIENTO-ALP.jpg","type":"image\/jpeg"}],"author":"Jeanette","twitter_card":"summary_large_image","twitter_creator":"@eldiario_net","twitter_site":"@eldiario_net","twitter_misc":{"Escrito por":"Jeanette","Tiempo de lectura":"2 minutos"},"schema":{"@context":"https:\/\/schema.org","@graph":[{"@type":"Article","@id":"https:\/\/www.eldiario.net\/portal\/2025\/03\/29\/credito-para-saneamiento-de-tierras-genera-rechazo\/#article","isPartOf":{"@id":"https:\/\/www.eldiario.net\/portal\/2025\/03\/29\/credito-para-saneamiento-de-tierras-genera-rechazo\/"},"author":{"name":"Jeanette","@id":"https:\/\/www.eldiario.net\/portal\/#\/schema\/person\/f46445640444750d7d753ccd04ae01b7"},"headline":"Cr\u00e9dito para saneamiento de tierras genera rechazo","datePublished":"2025-03-29T10:52:08+00:00","mainEntityOfPage":{"@id":"https:\/\/www.eldiario.net\/portal\/2025\/03\/29\/credito-para-saneamiento-de-tierras-genera-rechazo\/"},"wordCount":420,"publisher":{"@id":"https:\/\/www.eldiario.net\/portal\/#organization"},"image":{"@id":"https:\/\/www.eldiario.net\/portal\/2025\/03\/29\/credito-para-saneamiento-de-tierras-genera-rechazo\/#primaryimage"},"thumbnailUrl":"https:\/\/www.eldiario.net\/portal\/wp-content\/uploads\/2025\/03\/SANEAMIENTO-ALP.jpg","articleSection":["Pol\u00edtica"],"inLanguage":"es"},{"@type":"WebPage","@id":"https:\/\/www.eldiario.net\/portal\/2025\/03\/29\/credito-para-saneamiento-de-tierras-genera-rechazo\/","url":"https:\/\/www.eldiario.net\/portal\/2025\/03\/29\/credito-para-saneamiento-de-tierras-genera-rechazo\/","name":"Cr\u00e9dito para saneamiento de tierras genera rechazo - El Diario - Bolivia","isPartOf":{"@id":"https:\/\/www.eldiario.net\/portal\/#website"},"primaryImageOfPage":{"@id":"https:\/\/www.eldiario.net\/portal\/2025\/03\/29\/credito-para-saneamiento-de-tierras-genera-rechazo\/#primaryimage"},"image":{"@id":"https:\/\/www.eldiario.net\/portal\/2025\/03\/29\/credito-para-saneamiento-de-tierras-genera-rechazo\/#primaryimage"},"thumbnailUrl":"https:\/\/www.eldiario.net\/portal\/wp-content\/uploads\/2025\/03\/SANEAMIENTO-ALP.jpg","datePublished":"2025-03-29T10:52:08+00:00","breadcrumb":{"@id":"https:\/\/www.eldiario.net\/portal\/2025\/03\/29\/credito-para-saneamiento-de-tierras-genera-rechazo\/#breadcrumb"},"inLanguage":"es","potentialAction":[{"@type":"ReadAction","target":["https:\/\/www.eldiario.net\/portal\/2025\/03\/29\/credito-para-saneamiento-de-tierras-genera-rechazo\/"]}]},{"@type":"ImageObject","inLanguage":"es","@id":"https:\/\/www.eldiario.net\/portal\/2025\/03\/29\/credito-para-saneamiento-de-tierras-genera-rechazo\/#primaryimage","url":"https:\/\/www.eldiario.net\/portal\/wp-content\/uploads\/2025\/03\/SANEAMIENTO-ALP.jpg","contentUrl":"https:\/\/www.eldiario.net\/portal\/wp-content\/uploads\/2025\/03\/SANEAMIENTO-ALP.jpg","width":1280,"height":853,"caption":"ALP (referencial)"},{"@type":"BreadcrumbList","@id":"https:\/\/www.eldiario.net\/portal\/2025\/03\/29\/credito-para-saneamiento-de-tierras-genera-rechazo\/#breadcrumb","itemListElement":[{"@type":"ListItem","position":1,"name":"Portada","item":"https:\/\/www.eldiario.net\/portal\/"},{"@type":"ListItem","position":2,"name":"Cr\u00e9dito para saneamiento de tierras genera rechazo"}]},{"@type":"WebSite","@id":"https:\/\/www.eldiario.net\/portal\/#website","url":"https:\/\/www.eldiario.net\/portal\/","name":"El Diario - Decano de la prensa nacional","description":"El Diario - Decano de la prensa nacional","publisher":{"@id":"https:\/\/www.eldiario.net\/portal\/#organization"},"potentialAction":[{"@type":"SearchAction","target":{"@type":"EntryPoint","urlTemplate":"https:\/\/www.eldiario.net\/portal\/?s={search_term_string}"},"query-input":{"@type":"PropertyValueSpecification","valueRequired":true,"valueName":"search_term_string"}}],"inLanguage":"es"},{"@type":"Organization","@id":"https:\/\/www.eldiario.net\/portal\/#organization","name":"El Diario - Decano de la prensa nacional","url":"https:\/\/www.eldiario.net\/portal\/","logo":{"@type":"ImageObject","inLanguage":"es","@id":"https:\/\/www.eldiario.net\/portal\/#\/schema\/logo\/image\/","url":"https:\/\/www.eldiario.net\/portal\/wp-content\/uploads\/2023\/07\/logo_ED.jpg","contentUrl":"https:\/\/www.eldiario.net\/portal\/wp-content\/uploads\/2023\/07\/logo_ED.jpg","width":272,"height":52,"caption":"El Diario - Decano de la prensa nacional"},"image":{"@id":"https:\/\/www.eldiario.net\/portal\/#\/schema\/logo\/image\/"},"sameAs":["https:\/\/www.facebook.com\/eldiario.bolivia\/","https:\/\/x.com\/eldiario_net"]},{"@type":"Person","@id":"https:\/\/www.eldiario.net\/portal\/#\/schema\/person\/f46445640444750d7d753ccd04ae01b7","name":"Jeanette","image":{"@type":"ImageObject","inLanguage":"es","@id":"https:\/\/secure.gravatar.com\/avatar\/3ea2118a5f7dad2b7138b1187a6b7ee55f160b9968b66013c3a3ef39dd7e5798?s=96&d=mm&r=g","url":"https:\/\/secure.gravatar.com\/avatar\/3ea2118a5f7dad2b7138b1187a6b7ee55f160b9968b66013c3a3ef39dd7e5798?s=96&d=mm&r=g","contentUrl":"https:\/\/secure.gravatar.com\/avatar\/3ea2118a5f7dad2b7138b1187a6b7ee55f160b9968b66013c3a3ef39dd7e5798?s=96&d=mm&r=g","caption":"Jeanette"},"sameAs":["https:\/\/www.eldiario.net\/portal"],"url":"https:\/\/www.eldiario.net\/portal\/author\/jeanette\/"}]}},"_links":{"self":[{"href":"https:\/\/www.eldiario.net\/portal\/wp-json\/wp\/v2\/posts\/291597","targetHints":{"allow":["GET"]}}],"collection":[{"href":"https:\/\/www.eldiario.net\/portal\/wp-json\/wp\/v2\/posts"}],"about":[{"href":"https:\/\/www.eldiario.net\/portal\/wp-json\/wp\/v2\/types\/post"}],"author":[{"embeddable":true,"href":"https:\/\/www.eldiario.net\/portal\/wp-json\/wp\/v2\/users\/1"}],"replies":[{"embeddable":true,"href":"https:\/\/www.eldiario.net\/portal\/wp-json\/wp\/v2\/comments?post=291597"}],"version-history":[{"count":1,"href":"https:\/\/www.eldiario.net\/portal\/wp-json\/wp\/v2\/posts\/291597\/revisions"}],"predecessor-version":[{"id":291599,"href":"https:\/\/www.eldiario.net\/portal\/wp-json\/wp\/v2\/posts\/291597\/revisions\/291599"}],"wp:featuredmedia":[{"embeddable":true,"href":"https:\/\/www.eldiario.net\/portal\/wp-json\/wp\/v2\/media\/291598"}],"wp:attachment":[{"href":"https:\/\/www.eldiario.net\/portal\/wp-json\/wp\/v2\/media?parent=291597"}],"wp:term":[{"taxonomy":"category","embeddable":true,"href":"https:\/\/www.eldiario.net\/portal\/wp-json\/wp\/v2\/categories?post=291597"},{"taxonomy":"post_tag","embeddable":true,"href":"https:\/\/www.eldiario.net\/portal\/wp-json\/wp\/v2\/tags?post=291597"}],"curies":[{"name":"wp","href":"https:\/\/api.w.org\/{rel}","templated":true}]}}