{"id":291594,"date":"2025-03-29T06:51:37","date_gmt":"2025-03-29T10:51:37","guid":{"rendered":"https:\/\/www.eldiario.net\/portal\/?p=291594"},"modified":"2025-03-29T06:51:37","modified_gmt":"2025-03-29T10:51:37","slug":"balderas-refacciones-en-canchas-de-futbol-no-pueden-ser-prioridad","status":"publish","type":"post","link":"https:\/\/www.eldiario.net\/portal\/2025\/03\/29\/balderas-refacciones-en-canchas-de-futbol-no-pueden-ser-prioridad\/","title":{"rendered":"Balderas: \u201cRefacciones en canchas  de f\u00fatbol no pueden ser prioridad\u201d"},"content":{"rendered":"<p>El asamble\u00edsta nacional por el departamento del Beni, \u00d3scar Balderas, ante el anuncio del presidente del Estado, Luis Arce Catacora, de una millonaria inversi\u00f3n destinada a la refacci\u00f3n de un estadio de f\u00fatbol en la ciudad de Santa Cruz de la Sierra, cuestion\u00f3 que en plena crisis, desde el Gobierno, se prioricen obras para campos deportivos antes que infraestructuras destinadas a la salud o educaci\u00f3n, lo que demuestra un evidente tinte electoral en el ofrecimiento, a unos meses de las elecciones generales.<br \/>\n\u201cHoy el pa\u00eds est\u00e1 reclamando m\u00e1s salud, mejor educaci\u00f3n, resolver el tema del empleo y la crisis energ\u00e9tica que se vive por la falta de d\u00f3lares, esto parece no importar al Gobierno y no se toma en cuenta\u201d, cuestion\u00f3 el diputado en declaraciones a este medio.<br \/>\nSeg\u00fan Balderas, adem\u00e1s de incurrir en gastos innecesarios en tiempos de crisis econ\u00f3mica, la actual administraci\u00f3n tambi\u00e9n demuestra sus afanes electorales buscando promocionar la figura del presidente Luis Arce en cuanto acto o evento se presente.<br \/>\n\u201cCon este anuncio nos est\u00e1 demostrando que ya entr\u00f3 en campa\u00f1a electoral, porque est\u00e1 justamente apuntando a la entrega de obras r\u00e1pidas para hacer propaganda, justamente por las aspiraciones que tiene de ser reelecto, como presidente\u201d, apunt\u00f3.<br \/>\nAyer, a trav\u00e9s de sus redes sociales, el presidente Luis Arce Catacora revel\u00f3 que su gobierno invertir\u00e1 Bs 44,2 millones para el mejoramiento del Estadio Ram\u00f3n \u201cTahuichi\u201d Aguilera de la ciudad de Santa Cruz, con el objetivo de garantizar la realizaci\u00f3n de una final de f\u00fatbol internacional en este escenario deportivo en noviembre.<br \/>\n\u201cPara este prop\u00f3sito, a trav\u00e9s de nuestra UPRE (Unidad de Proyectos Especiales), hemos suscrito un convenio intergubernativo de financiamiento con la Gobernaci\u00f3n de Santa Cruz para mejorar el Estadio \u2018Tahuichi\u2019 Aguilera para que cumpla con los est\u00e1ndares internacionales y los requisitos que establece la Conmebol\u201d, enfatiz\u00f3 el Jefe de Estado.<br \/>\nPreviamente, la ministra de Salud y Deportes, Mar\u00eda Ren\u00e9e Castro, hab\u00eda manifestado que el pasado 25 de marzo se envi\u00f3 una carta oficial al secretario general de la Confederaci\u00f3n Sudamericana de F\u00fatbol, reiterando el compromiso del Gobierno del Estado Plurinacional de Bolivia y su inter\u00e9s en recibir la final de la Copa Conmebol Sudamericana 2025.<br \/>\nEn la carta se hizo referencia a la participaci\u00f3n de las instituciones estatales necesarias, que trabajar\u00e1n en el marco de sus competencias para lograr ese prop\u00f3sito.<br \/>\nCastro explic\u00f3 que, a pesar de que el estadio no est\u00e1 bajo administraci\u00f3n del Gobierno nacional, se entiende la necesidad de que los bolivianos cuenten y disfruten de un evento internacional.<br \/>\nEn criterio de Balderas, ante una coyuntura marcada por una creciente crisis econ\u00f3mica, \u201clas refacciones en canchas de f\u00fatbol no pueden ser una prioridad\u201d.<\/p>\n","protected":false},"excerpt":{"rendered":"<p>El asamble\u00edsta nacional por el departamento del Beni, \u00d3scar Balderas, ante el anuncio del presidente del Estado, Luis Arce Catacora, de una millonaria inversi\u00f3n destinada a la refacci\u00f3n de un estadio de f\u00fatbol en la ciudad de Santa Cruz de la Sierra, cuestion\u00f3 que en plena crisis, desde el Gobierno, se prioricen obras para campos [&hellip;]<\/p>\n","protected":false},"author":1,"featured_media":291595,"comment_status":"closed","ping_status":"open","sticky":false,"template":"","format":"standard","meta":{"_acf_changed":false,"footnotes":""},"categories":[14],"tags":[],"class_list":["post-291594","post","type-post","status-publish","format-standard","has-post-thumbnail","category-politica"],"acf":{"antetitulo":""},"yoast_head":"<!-- This site is optimized with the Yoast SEO plugin v28.3 - https:\/\/yoast.com\/product\/yoast-seo-wordpress\/ -->\n<title>Balderas: \u201cRefacciones en canchas de f\u00fatbol no pueden ser prioridad\u201d - El Diario - Bolivia<\/title>\n<meta name=\"robots\" content=\"index, follow, max-snippet:-1, max-image-preview:large, max-video-preview:-1\" \/>\n<link rel=\"canonical\" href=\"https:\/\/www.eldiario.net\/portal\/2025\/03\/29\/balderas-refacciones-en-canchas-de-futbol-no-pueden-ser-prioridad\/\" \/>\n<meta property=\"og:locale\" content=\"es_ES\" \/>\n<meta property=\"og:type\" content=\"article\" \/>\n<meta property=\"og:title\" content=\"Balderas: \u201cRefacciones en canchas de f\u00fatbol no pueden ser prioridad\u201d - El Diario - Bolivia\" \/>\n<meta property=\"og:description\" content=\"El asamble\u00edsta nacional por el departamento del Beni, \u00d3scar Balderas, ante el anuncio del presidente del Estado, Luis Arce Catacora, de una millonaria inversi\u00f3n destinada a la refacci\u00f3n de un estadio de f\u00fatbol en la ciudad de Santa Cruz de la Sierra, cuestion\u00f3 que en plena crisis, desde el Gobierno, se prioricen obras para campos [&hellip;]\" \/>\n<meta property=\"og:url\" content=\"https:\/\/www.eldiario.net\/portal\/2025\/03\/29\/balderas-refacciones-en-canchas-de-futbol-no-pueden-ser-prioridad\/\" \/>\n<meta property=\"og:site_name\" content=\"El Diario - Bolivia\" \/>\n<meta property=\"article:publisher\" content=\"https:\/\/www.facebook.com\/eldiario.bolivia\/\" \/>\n<meta property=\"article:published_time\" content=\"2025-03-29T10:51:37+00:00\" \/>\n<meta property=\"og:image\" content=\"https:\/\/www.eldiario.net\/portal\/wp-content\/uploads\/2025\/03\/CANCHAS-TAHUICHI.jpg\" \/>\n\t<meta property=\"og:image:width\" content=\"1200\" \/>\n\t<meta property=\"og:image:height\" content=\"675\" \/>\n\t<meta property=\"og:image:type\" content=\"image\/jpeg\" \/>\n<meta name=\"author\" content=\"Jeanette\" \/>\n<meta name=\"twitter:card\" content=\"summary_large_image\" \/>\n<meta name=\"twitter:creator\" content=\"@eldiario_net\" \/>\n<meta name=\"twitter:site\" content=\"@eldiario_net\" \/>\n<meta name=\"twitter:label1\" content=\"Escrito por\" \/>\n\t<meta name=\"twitter:data1\" content=\"Jeanette\" \/>\n\t<meta name=\"twitter:label2\" content=\"Tiempo de lectura\" \/>\n\t<meta name=\"twitter:data2\" content=\"3 minutos\" \/>\n<script type=\"application\/ld+json\" class=\"yoast-schema-graph\">{\"@context\":\"https:\\\/\\\/schema.org\",\"@graph\":[{\"@type\":\"Article\",\"@id\":\"https:\\\/\\\/www.eldiario.net\\\/portal\\\/2025\\\/03\\\/29\\\/balderas-refacciones-en-canchas-de-futbol-no-pueden-ser-prioridad\\\/#article\",\"isPartOf\":{\"@id\":\"https:\\\/\\\/www.eldiario.net\\\/portal\\\/2025\\\/03\\\/29\\\/balderas-refacciones-en-canchas-de-futbol-no-pueden-ser-prioridad\\\/\"},\"author\":{\"name\":\"Jeanette\",\"@id\":\"https:\\\/\\\/www.eldiario.net\\\/portal\\\/#\\\/schema\\\/person\\\/f46445640444750d7d753ccd04ae01b7\"},\"headline\":\"Balderas: \u201cRefacciones en canchas de f\u00fatbol no pueden ser prioridad\u201d\",\"datePublished\":\"2025-03-29T10:51:37+00:00\",\"mainEntityOfPage\":{\"@id\":\"https:\\\/\\\/www.eldiario.net\\\/portal\\\/2025\\\/03\\\/29\\\/balderas-refacciones-en-canchas-de-futbol-no-pueden-ser-prioridad\\\/\"},\"wordCount\":485,\"publisher\":{\"@id\":\"https:\\\/\\\/www.eldiario.net\\\/portal\\\/#organization\"},\"image\":{\"@id\":\"https:\\\/\\\/www.eldiario.net\\\/portal\\\/2025\\\/03\\\/29\\\/balderas-refacciones-en-canchas-de-futbol-no-pueden-ser-prioridad\\\/#primaryimage\"},\"thumbnailUrl\":\"https:\\\/\\\/www.eldiario.net\\\/portal\\\/wp-content\\\/uploads\\\/2025\\\/03\\\/CANCHAS-TAHUICHI.jpg\",\"articleSection\":[\"Pol\u00edtica\"],\"inLanguage\":\"es\"},{\"@type\":\"WebPage\",\"@id\":\"https:\\\/\\\/www.eldiario.net\\\/portal\\\/2025\\\/03\\\/29\\\/balderas-refacciones-en-canchas-de-futbol-no-pueden-ser-prioridad\\\/\",\"url\":\"https:\\\/\\\/www.eldiario.net\\\/portal\\\/2025\\\/03\\\/29\\\/balderas-refacciones-en-canchas-de-futbol-no-pueden-ser-prioridad\\\/\",\"name\":\"Balderas: \u201cRefacciones en canchas de f\u00fatbol no pueden ser prioridad\u201d - El Diario - Bolivia\",\"isPartOf\":{\"@id\":\"https:\\\/\\\/www.eldiario.net\\\/portal\\\/#website\"},\"primaryImageOfPage\":{\"@id\":\"https:\\\/\\\/www.eldiario.net\\\/portal\\\/2025\\\/03\\\/29\\\/balderas-refacciones-en-canchas-de-futbol-no-pueden-ser-prioridad\\\/#primaryimage\"},\"image\":{\"@id\":\"https:\\\/\\\/www.eldiario.net\\\/portal\\\/2025\\\/03\\\/29\\\/balderas-refacciones-en-canchas-de-futbol-no-pueden-ser-prioridad\\\/#primaryimage\"},\"thumbnailUrl\":\"https:\\\/\\\/www.eldiario.net\\\/portal\\\/wp-content\\\/uploads\\\/2025\\\/03\\\/CANCHAS-TAHUICHI.jpg\",\"datePublished\":\"2025-03-29T10:51:37+00:00\",\"breadcrumb\":{\"@id\":\"https:\\\/\\\/www.eldiario.net\\\/portal\\\/2025\\\/03\\\/29\\\/balderas-refacciones-en-canchas-de-futbol-no-pueden-ser-prioridad\\\/#breadcrumb\"},\"inLanguage\":\"es\",\"potentialAction\":[{\"@type\":\"ReadAction\",\"target\":[\"https:\\\/\\\/www.eldiario.net\\\/portal\\\/2025\\\/03\\\/29\\\/balderas-refacciones-en-canchas-de-futbol-no-pueden-ser-prioridad\\\/\"]}]},{\"@type\":\"ImageObject\",\"inLanguage\":\"es\",\"@id\":\"https:\\\/\\\/www.eldiario.net\\\/portal\\\/2025\\\/03\\\/29\\\/balderas-refacciones-en-canchas-de-futbol-no-pueden-ser-prioridad\\\/#primaryimage\",\"url\":\"https:\\\/\\\/www.eldiario.net\\\/portal\\\/wp-content\\\/uploads\\\/2025\\\/03\\\/CANCHAS-TAHUICHI.jpg\",\"contentUrl\":\"https:\\\/\\\/www.eldiario.net\\\/portal\\\/wp-content\\\/uploads\\\/2025\\\/03\\\/CANCHAS-TAHUICHI.jpg\",\"width\":1200,\"height\":675,\"caption\":\"Estadio Ram\u00f3n \u201cTahuichi\u201d Aguilera (archivo)\"},{\"@type\":\"BreadcrumbList\",\"@id\":\"https:\\\/\\\/www.eldiario.net\\\/portal\\\/2025\\\/03\\\/29\\\/balderas-refacciones-en-canchas-de-futbol-no-pueden-ser-prioridad\\\/#breadcrumb\",\"itemListElement\":[{\"@type\":\"ListItem\",\"position\":1,\"name\":\"Portada\",\"item\":\"https:\\\/\\\/www.eldiario.net\\\/portal\\\/\"},{\"@type\":\"ListItem\",\"position\":2,\"name\":\"Balderas: \u201cRefacciones en canchas de f\u00fatbol no pueden ser prioridad\u201d\"}]},{\"@type\":\"WebSite\",\"@id\":\"https:\\\/\\\/www.eldiario.net\\\/portal\\\/#website\",\"url\":\"https:\\\/\\\/www.eldiario.net\\\/portal\\\/\",\"name\":\"El Diario - Decano de la prensa nacional\",\"description\":\"El Diario - Decano de la prensa nacional\",\"publisher\":{\"@id\":\"https:\\\/\\\/www.eldiario.net\\\/portal\\\/#organization\"},\"potentialAction\":[{\"@type\":\"SearchAction\",\"target\":{\"@type\":\"EntryPoint\",\"urlTemplate\":\"https:\\\/\\\/www.eldiario.net\\\/portal\\\/?s={search_term_string}\"},\"query-input\":{\"@type\":\"PropertyValueSpecification\",\"valueRequired\":true,\"valueName\":\"search_term_string\"}}],\"inLanguage\":\"es\"},{\"@type\":\"Organization\",\"@id\":\"https:\\\/\\\/www.eldiario.net\\\/portal\\\/#organization\",\"name\":\"El Diario - Decano de la prensa nacional\",\"url\":\"https:\\\/\\\/www.eldiario.net\\\/portal\\\/\",\"logo\":{\"@type\":\"ImageObject\",\"inLanguage\":\"es\",\"@id\":\"https:\\\/\\\/www.eldiario.net\\\/portal\\\/#\\\/schema\\\/logo\\\/image\\\/\",\"url\":\"https:\\\/\\\/www.eldiario.net\\\/portal\\\/wp-content\\\/uploads\\\/2023\\\/07\\\/logo_ED.jpg\",\"contentUrl\":\"https:\\\/\\\/www.eldiario.net\\\/portal\\\/wp-content\\\/uploads\\\/2023\\\/07\\\/logo_ED.jpg\",\"width\":272,\"height\":52,\"caption\":\"El Diario - Decano de la prensa nacional\"},\"image\":{\"@id\":\"https:\\\/\\\/www.eldiario.net\\\/portal\\\/#\\\/schema\\\/logo\\\/image\\\/\"},\"sameAs\":[\"https:\\\/\\\/www.facebook.com\\\/eldiario.bolivia\\\/\",\"https:\\\/\\\/x.com\\\/eldiario_net\"]},{\"@type\":\"Person\",\"@id\":\"https:\\\/\\\/www.eldiario.net\\\/portal\\\/#\\\/schema\\\/person\\\/f46445640444750d7d753ccd04ae01b7\",\"name\":\"Jeanette\",\"image\":{\"@type\":\"ImageObject\",\"inLanguage\":\"es\",\"@id\":\"https:\\\/\\\/secure.gravatar.com\\\/avatar\\\/3ea2118a5f7dad2b7138b1187a6b7ee55f160b9968b66013c3a3ef39dd7e5798?s=96&d=mm&r=g\",\"url\":\"https:\\\/\\\/secure.gravatar.com\\\/avatar\\\/3ea2118a5f7dad2b7138b1187a6b7ee55f160b9968b66013c3a3ef39dd7e5798?s=96&d=mm&r=g\",\"contentUrl\":\"https:\\\/\\\/secure.gravatar.com\\\/avatar\\\/3ea2118a5f7dad2b7138b1187a6b7ee55f160b9968b66013c3a3ef39dd7e5798?s=96&d=mm&r=g\",\"caption\":\"Jeanette\"},\"sameAs\":[\"https:\\\/\\\/www.eldiario.net\\\/portal\"],\"url\":\"https:\\\/\\\/www.eldiario.net\\\/portal\\\/author\\\/jeanette\\\/\"}]}<\/script>\n<!-- \/ Yoast SEO plugin. -->","yoast_head_json":{"title":"Balderas: \u201cRefacciones en canchas de f\u00fatbol no pueden ser prioridad\u201d - El Diario - Bolivia","robots":{"index":"index","follow":"follow","max-snippet":"max-snippet:-1","max-image-preview":"max-image-preview:large","max-video-preview":"max-video-preview:-1"},"canonical":"https:\/\/www.eldiario.net\/portal\/2025\/03\/29\/balderas-refacciones-en-canchas-de-futbol-no-pueden-ser-prioridad\/","og_locale":"es_ES","og_type":"article","og_title":"Balderas: \u201cRefacciones en canchas de f\u00fatbol no pueden ser prioridad\u201d - El Diario - Bolivia","og_description":"El asamble\u00edsta nacional por el departamento del Beni, \u00d3scar Balderas, ante el anuncio del presidente del Estado, Luis Arce Catacora, de una millonaria inversi\u00f3n destinada a la refacci\u00f3n de un estadio de f\u00fatbol en la ciudad de Santa Cruz de la Sierra, cuestion\u00f3 que en plena crisis, desde el Gobierno, se prioricen obras para campos [&hellip;]","og_url":"https:\/\/www.eldiario.net\/portal\/2025\/03\/29\/balderas-refacciones-en-canchas-de-futbol-no-pueden-ser-prioridad\/","og_site_name":"El Diario - Bolivia","article_publisher":"https:\/\/www.facebook.com\/eldiario.bolivia\/","article_published_time":"2025-03-29T10:51:37+00:00","og_image":[{"width":1200,"height":675,"url":"https:\/\/www.eldiario.net\/portal\/wp-content\/uploads\/2025\/03\/CANCHAS-TAHUICHI.jpg","type":"image\/jpeg"}],"author":"Jeanette","twitter_card":"summary_large_image","twitter_creator":"@eldiario_net","twitter_site":"@eldiario_net","twitter_misc":{"Escrito por":"Jeanette","Tiempo de lectura":"3 minutos"},"schema":{"@context":"https:\/\/schema.org","@graph":[{"@type":"Article","@id":"https:\/\/www.eldiario.net\/portal\/2025\/03\/29\/balderas-refacciones-en-canchas-de-futbol-no-pueden-ser-prioridad\/#article","isPartOf":{"@id":"https:\/\/www.eldiario.net\/portal\/2025\/03\/29\/balderas-refacciones-en-canchas-de-futbol-no-pueden-ser-prioridad\/"},"author":{"name":"Jeanette","@id":"https:\/\/www.eldiario.net\/portal\/#\/schema\/person\/f46445640444750d7d753ccd04ae01b7"},"headline":"Balderas: \u201cRefacciones en canchas de f\u00fatbol no pueden ser prioridad\u201d","datePublished":"2025-03-29T10:51:37+00:00","mainEntityOfPage":{"@id":"https:\/\/www.eldiario.net\/portal\/2025\/03\/29\/balderas-refacciones-en-canchas-de-futbol-no-pueden-ser-prioridad\/"},"wordCount":485,"publisher":{"@id":"https:\/\/www.eldiario.net\/portal\/#organization"},"image":{"@id":"https:\/\/www.eldiario.net\/portal\/2025\/03\/29\/balderas-refacciones-en-canchas-de-futbol-no-pueden-ser-prioridad\/#primaryimage"},"thumbnailUrl":"https:\/\/www.eldiario.net\/portal\/wp-content\/uploads\/2025\/03\/CANCHAS-TAHUICHI.jpg","articleSection":["Pol\u00edtica"],"inLanguage":"es"},{"@type":"WebPage","@id":"https:\/\/www.eldiario.net\/portal\/2025\/03\/29\/balderas-refacciones-en-canchas-de-futbol-no-pueden-ser-prioridad\/","url":"https:\/\/www.eldiario.net\/portal\/2025\/03\/29\/balderas-refacciones-en-canchas-de-futbol-no-pueden-ser-prioridad\/","name":"Balderas: \u201cRefacciones en canchas de f\u00fatbol no pueden ser prioridad\u201d - El Diario - Bolivia","isPartOf":{"@id":"https:\/\/www.eldiario.net\/portal\/#website"},"primaryImageOfPage":{"@id":"https:\/\/www.eldiario.net\/portal\/2025\/03\/29\/balderas-refacciones-en-canchas-de-futbol-no-pueden-ser-prioridad\/#primaryimage"},"image":{"@id":"https:\/\/www.eldiario.net\/portal\/2025\/03\/29\/balderas-refacciones-en-canchas-de-futbol-no-pueden-ser-prioridad\/#primaryimage"},"thumbnailUrl":"https:\/\/www.eldiario.net\/portal\/wp-content\/uploads\/2025\/03\/CANCHAS-TAHUICHI.jpg","datePublished":"2025-03-29T10:51:37+00:00","breadcrumb":{"@id":"https:\/\/www.eldiario.net\/portal\/2025\/03\/29\/balderas-refacciones-en-canchas-de-futbol-no-pueden-ser-prioridad\/#breadcrumb"},"inLanguage":"es","potentialAction":[{"@type":"ReadAction","target":["https:\/\/www.eldiario.net\/portal\/2025\/03\/29\/balderas-refacciones-en-canchas-de-futbol-no-pueden-ser-prioridad\/"]}]},{"@type":"ImageObject","inLanguage":"es","@id":"https:\/\/www.eldiario.net\/portal\/2025\/03\/29\/balderas-refacciones-en-canchas-de-futbol-no-pueden-ser-prioridad\/#primaryimage","url":"https:\/\/www.eldiario.net\/portal\/wp-content\/uploads\/2025\/03\/CANCHAS-TAHUICHI.jpg","contentUrl":"https:\/\/www.eldiario.net\/portal\/wp-content\/uploads\/2025\/03\/CANCHAS-TAHUICHI.jpg","width":1200,"height":675,"caption":"Estadio Ram\u00f3n \u201cTahuichi\u201d Aguilera (archivo)"},{"@type":"BreadcrumbList","@id":"https:\/\/www.eldiario.net\/portal\/2025\/03\/29\/balderas-refacciones-en-canchas-de-futbol-no-pueden-ser-prioridad\/#breadcrumb","itemListElement":[{"@type":"ListItem","position":1,"name":"Portada","item":"https:\/\/www.eldiario.net\/portal\/"},{"@type":"ListItem","position":2,"name":"Balderas: \u201cRefacciones en canchas de f\u00fatbol no pueden ser prioridad\u201d"}]},{"@type":"WebSite","@id":"https:\/\/www.eldiario.net\/portal\/#website","url":"https:\/\/www.eldiario.net\/portal\/","name":"El Diario - Decano de la prensa nacional","description":"El Diario - Decano de la prensa nacional","publisher":{"@id":"https:\/\/www.eldiario.net\/portal\/#organization"},"potentialAction":[{"@type":"SearchAction","target":{"@type":"EntryPoint","urlTemplate":"https:\/\/www.eldiario.net\/portal\/?s={search_term_string}"},"query-input":{"@type":"PropertyValueSpecification","valueRequired":true,"valueName":"search_term_string"}}],"inLanguage":"es"},{"@type":"Organization","@id":"https:\/\/www.eldiario.net\/portal\/#organization","name":"El Diario - Decano de la prensa nacional","url":"https:\/\/www.eldiario.net\/portal\/","logo":{"@type":"ImageObject","inLanguage":"es","@id":"https:\/\/www.eldiario.net\/portal\/#\/schema\/logo\/image\/","url":"https:\/\/www.eldiario.net\/portal\/wp-content\/uploads\/2023\/07\/logo_ED.jpg","contentUrl":"https:\/\/www.eldiario.net\/portal\/wp-content\/uploads\/2023\/07\/logo_ED.jpg","width":272,"height":52,"caption":"El Diario - Decano de la prensa nacional"},"image":{"@id":"https:\/\/www.eldiario.net\/portal\/#\/schema\/logo\/image\/"},"sameAs":["https:\/\/www.facebook.com\/eldiario.bolivia\/","https:\/\/x.com\/eldiario_net"]},{"@type":"Person","@id":"https:\/\/www.eldiario.net\/portal\/#\/schema\/person\/f46445640444750d7d753ccd04ae01b7","name":"Jeanette","image":{"@type":"ImageObject","inLanguage":"es","@id":"https:\/\/secure.gravatar.com\/avatar\/3ea2118a5f7dad2b7138b1187a6b7ee55f160b9968b66013c3a3ef39dd7e5798?s=96&d=mm&r=g","url":"https:\/\/secure.gravatar.com\/avatar\/3ea2118a5f7dad2b7138b1187a6b7ee55f160b9968b66013c3a3ef39dd7e5798?s=96&d=mm&r=g","contentUrl":"https:\/\/secure.gravatar.com\/avatar\/3ea2118a5f7dad2b7138b1187a6b7ee55f160b9968b66013c3a3ef39dd7e5798?s=96&d=mm&r=g","caption":"Jeanette"},"sameAs":["https:\/\/www.eldiario.net\/portal"],"url":"https:\/\/www.eldiario.net\/portal\/author\/jeanette\/"}]}},"_links":{"self":[{"href":"https:\/\/www.eldiario.net\/portal\/wp-json\/wp\/v2\/posts\/291594","targetHints":{"allow":["GET"]}}],"collection":[{"href":"https:\/\/www.eldiario.net\/portal\/wp-json\/wp\/v2\/posts"}],"about":[{"href":"https:\/\/www.eldiario.net\/portal\/wp-json\/wp\/v2\/types\/post"}],"author":[{"embeddable":true,"href":"https:\/\/www.eldiario.net\/portal\/wp-json\/wp\/v2\/users\/1"}],"replies":[{"embeddable":true,"href":"https:\/\/www.eldiario.net\/portal\/wp-json\/wp\/v2\/comments?post=291594"}],"version-history":[{"count":1,"href":"https:\/\/www.eldiario.net\/portal\/wp-json\/wp\/v2\/posts\/291594\/revisions"}],"predecessor-version":[{"id":291596,"href":"https:\/\/www.eldiario.net\/portal\/wp-json\/wp\/v2\/posts\/291594\/revisions\/291596"}],"wp:featuredmedia":[{"embeddable":true,"href":"https:\/\/www.eldiario.net\/portal\/wp-json\/wp\/v2\/media\/291595"}],"wp:attachment":[{"href":"https:\/\/www.eldiario.net\/portal\/wp-json\/wp\/v2\/media?parent=291594"}],"wp:term":[{"taxonomy":"category","embeddable":true,"href":"https:\/\/www.eldiario.net\/portal\/wp-json\/wp\/v2\/categories?post=291594"},{"taxonomy":"post_tag","embeddable":true,"href":"https:\/\/www.eldiario.net\/portal\/wp-json\/wp\/v2\/tags?post=291594"}],"curies":[{"name":"wp","href":"https:\/\/api.w.org\/{rel}","templated":true}]}}