{"id":291592,"date":"2025-03-29T06:50:39","date_gmt":"2025-03-29T10:50:39","guid":{"rendered":"https:\/\/www.eldiario.net\/portal\/?p=291592"},"modified":"2025-03-29T06:50:39","modified_gmt":"2025-03-29T10:50:39","slug":"como-aprender-a-ser-buena-persona","status":"publish","type":"post","link":"https:\/\/www.eldiario.net\/portal\/2025\/03\/29\/como-aprender-a-ser-buena-persona\/","title":{"rendered":"C\u00d3MO APRENDER A SER \u00abBUENA PERSONA\u00bb"},"content":{"rendered":"<p>Las palabras del d\u00eda:<\/p>\n<p>\u00abQuien aprende a amar la lectura se contacta con el reino de los dioses\u00bb<\/p>\n<p>Todos creemos ser buenas personas; pero, existen algunos aspectos de nuestra vida que dicen lo contrario, por ejemplo, tratamos mal a nuestro cuerpo, lo abusamos, no dialogamos con \u00e9l, no lo felicitamos, pasamos por alto sus dolores, molestias y sufrimientos, lo tratamos como si fuera nuestro peor enemigo y eso no es correcto.<br \/>\nCuando alguien quiere ser buena persona debe comenzar por tomar conciencia o darse cuenta de que su cuerpo es su \u00e1ngel que lo lleva a todas partes, le permite la movilidad, puede pensar, nos protege, nos cuida y nos da hermosas sugerencias y tambi\u00e9n advertencias cuando es necesario, nos da vitalidad e inteligencia, \u00e9se es nuestro cuerpo, nuestro maravilloso cuerpo.<br \/>\nHace algunos a\u00f1os tuve una experiencia extra\u00f1a, me lastim\u00e9 mi rodilla y por seis meses no se sanaba y cuando le\u00ed el libro \u00abLa ley de la resonancia\u00bb de Pierre Franckh, donde alguien hab\u00eda recuperado su cabellera, logrando que salieran cabellos nuevos, muy pocos al comienzo, despu\u00e9s de treinta d\u00edas de hablar con su cuero cabelludo, con sus cabellos y pedirles que vuelvan a brotar, a crecer nuevamente.<br \/>\nMe dediqu\u00e9 a hablarle a mi rodilla y a pedirle que comenzara a repararse, a ponerse bien y en cuarenta y ocho horas comenc\u00e9 a sentir sensaciones de bienestar, de fortalecimiento y en treinta d\u00edas, mi rodilla hab\u00eda sanado por completo.<br \/>\nEl acto y la conducta de hablar con nuestro cuerpo y de escuchar lo que tiene que decir, ejerce un impacto positivo en nuestra vida, mejora nuestro buen humor, nuestra fortaleza interna y, sobre todo, nos ayuda a colocarnos en nuestro estado de actitud mental positiva; as\u00ed que ya lo sabe, en las ma\u00f1anas al despertar hable con su cuerpo, felic\u00edtelo por su incre\u00edble desempe\u00f1o y h\u00e1blele como si fuera su mejor amigo o su \u00e1ngel de la guarda y si persevera en dialogar con su cuerpo obtendr\u00e1 cambios y mejoras en su vitalidad y en su actitud interna. Nos vemos en los art\u00edculos que se publican los mi\u00e9rcoles y s\u00e1bados en su peri\u00f3dico preferido, EL DIARIO de Bolivia.<\/p>\n<p>Sugerencia: Pruebe a tratar a su cuerpo como si fuera un invitado muy querido solo por 24 horas y vea los resultados.<\/p>\n","protected":false},"excerpt":{"rendered":"<p>Las palabras del d\u00eda: \u00abQuien aprende a amar la lectura se contacta con el reino de los dioses\u00bb Todos creemos ser buenas personas; pero, existen algunos aspectos de nuestra vida que dicen lo contrario, por ejemplo, tratamos mal a nuestro cuerpo, lo abusamos, no dialogamos con \u00e9l, no lo felicitamos, pasamos por alto sus dolores, [&hellip;]<\/p>\n","protected":false},"author":1,"featured_media":276391,"comment_status":"closed","ping_status":"open","sticky":false,"template":"","format":"standard","meta":{"_acf_changed":false,"footnotes":""},"categories":[8],"tags":[],"class_list":["post-291592","post","type-post","status-publish","format-standard","has-post-thumbnail","category-cultural"],"acf":{"antetitulo":""},"yoast_head":"<!-- This site is optimized with the Yoast SEO plugin v28.3 - https:\/\/yoast.com\/product\/yoast-seo-wordpress\/ -->\n<title>C\u00d3MO APRENDER A SER &quot;BUENA PERSONA&quot; - El Diario - Bolivia<\/title>\n<meta name=\"robots\" content=\"index, follow, max-snippet:-1, max-image-preview:large, max-video-preview:-1\" \/>\n<link rel=\"canonical\" href=\"https:\/\/www.eldiario.net\/portal\/2025\/03\/29\/como-aprender-a-ser-buena-persona\/\" \/>\n<meta property=\"og:locale\" content=\"es_ES\" \/>\n<meta property=\"og:type\" content=\"article\" \/>\n<meta property=\"og:title\" content=\"C\u00d3MO APRENDER A SER &quot;BUENA PERSONA&quot; - El Diario - Bolivia\" \/>\n<meta property=\"og:description\" content=\"Las palabras del d\u00eda: \u00abQuien aprende a amar la lectura se contacta con el reino de los dioses\u00bb Todos creemos ser buenas personas; pero, existen algunos aspectos de nuestra vida que dicen lo contrario, por ejemplo, tratamos mal a nuestro cuerpo, lo abusamos, no dialogamos con \u00e9l, no lo felicitamos, pasamos por alto sus dolores, [&hellip;]\" \/>\n<meta property=\"og:url\" content=\"https:\/\/www.eldiario.net\/portal\/2025\/03\/29\/como-aprender-a-ser-buena-persona\/\" \/>\n<meta property=\"og:site_name\" content=\"El Diario - Bolivia\" \/>\n<meta property=\"article:publisher\" content=\"https:\/\/www.facebook.com\/eldiario.bolivia\/\" \/>\n<meta property=\"article:published_time\" content=\"2025-03-29T10:50:39+00:00\" \/>\n<meta property=\"og:image\" content=\"https:\/\/www.eldiario.net\/portal\/wp-content\/uploads\/2025\/01\/Eduardo-Kucharsky-Asport-2.jpg\" \/>\n\t<meta property=\"og:image:width\" content=\"896\" \/>\n\t<meta property=\"og:image:height\" content=\"687\" \/>\n\t<meta property=\"og:image:type\" content=\"image\/jpeg\" \/>\n<meta name=\"author\" content=\"Jeanette\" \/>\n<meta name=\"twitter:card\" content=\"summary_large_image\" \/>\n<meta name=\"twitter:creator\" content=\"@eldiario_net\" \/>\n<meta name=\"twitter:site\" content=\"@eldiario_net\" \/>\n<meta name=\"twitter:label1\" content=\"Escrito por\" \/>\n\t<meta name=\"twitter:data1\" content=\"Jeanette\" \/>\n\t<meta name=\"twitter:label2\" content=\"Tiempo de lectura\" \/>\n\t<meta name=\"twitter:data2\" content=\"2 minutos\" \/>\n<script type=\"application\/ld+json\" class=\"yoast-schema-graph\">{\"@context\":\"https:\\\/\\\/schema.org\",\"@graph\":[{\"@type\":\"Article\",\"@id\":\"https:\\\/\\\/www.eldiario.net\\\/portal\\\/2025\\\/03\\\/29\\\/como-aprender-a-ser-buena-persona\\\/#article\",\"isPartOf\":{\"@id\":\"https:\\\/\\\/www.eldiario.net\\\/portal\\\/2025\\\/03\\\/29\\\/como-aprender-a-ser-buena-persona\\\/\"},\"author\":{\"name\":\"Jeanette\",\"@id\":\"https:\\\/\\\/www.eldiario.net\\\/portal\\\/#\\\/schema\\\/person\\\/f46445640444750d7d753ccd04ae01b7\"},\"headline\":\"C\u00d3MO APRENDER A SER \u00abBUENA PERSONA\u00bb\",\"datePublished\":\"2025-03-29T10:50:39+00:00\",\"mainEntityOfPage\":{\"@id\":\"https:\\\/\\\/www.eldiario.net\\\/portal\\\/2025\\\/03\\\/29\\\/como-aprender-a-ser-buena-persona\\\/\"},\"wordCount\":405,\"publisher\":{\"@id\":\"https:\\\/\\\/www.eldiario.net\\\/portal\\\/#organization\"},\"image\":{\"@id\":\"https:\\\/\\\/www.eldiario.net\\\/portal\\\/2025\\\/03\\\/29\\\/como-aprender-a-ser-buena-persona\\\/#primaryimage\"},\"thumbnailUrl\":\"https:\\\/\\\/www.eldiario.net\\\/portal\\\/wp-content\\\/uploads\\\/2025\\\/01\\\/Eduardo-Kucharsky-Asport-2.jpg\",\"articleSection\":[\"Cultural\"],\"inLanguage\":\"es\"},{\"@type\":\"WebPage\",\"@id\":\"https:\\\/\\\/www.eldiario.net\\\/portal\\\/2025\\\/03\\\/29\\\/como-aprender-a-ser-buena-persona\\\/\",\"url\":\"https:\\\/\\\/www.eldiario.net\\\/portal\\\/2025\\\/03\\\/29\\\/como-aprender-a-ser-buena-persona\\\/\",\"name\":\"C\u00d3MO APRENDER A SER \\\"BUENA PERSONA\\\" - El Diario - Bolivia\",\"isPartOf\":{\"@id\":\"https:\\\/\\\/www.eldiario.net\\\/portal\\\/#website\"},\"primaryImageOfPage\":{\"@id\":\"https:\\\/\\\/www.eldiario.net\\\/portal\\\/2025\\\/03\\\/29\\\/como-aprender-a-ser-buena-persona\\\/#primaryimage\"},\"image\":{\"@id\":\"https:\\\/\\\/www.eldiario.net\\\/portal\\\/2025\\\/03\\\/29\\\/como-aprender-a-ser-buena-persona\\\/#primaryimage\"},\"thumbnailUrl\":\"https:\\\/\\\/www.eldiario.net\\\/portal\\\/wp-content\\\/uploads\\\/2025\\\/01\\\/Eduardo-Kucharsky-Asport-2.jpg\",\"datePublished\":\"2025-03-29T10:50:39+00:00\",\"breadcrumb\":{\"@id\":\"https:\\\/\\\/www.eldiario.net\\\/portal\\\/2025\\\/03\\\/29\\\/como-aprender-a-ser-buena-persona\\\/#breadcrumb\"},\"inLanguage\":\"es\",\"potentialAction\":[{\"@type\":\"ReadAction\",\"target\":[\"https:\\\/\\\/www.eldiario.net\\\/portal\\\/2025\\\/03\\\/29\\\/como-aprender-a-ser-buena-persona\\\/\"]}]},{\"@type\":\"ImageObject\",\"inLanguage\":\"es\",\"@id\":\"https:\\\/\\\/www.eldiario.net\\\/portal\\\/2025\\\/03\\\/29\\\/como-aprender-a-ser-buena-persona\\\/#primaryimage\",\"url\":\"https:\\\/\\\/www.eldiario.net\\\/portal\\\/wp-content\\\/uploads\\\/2025\\\/01\\\/Eduardo-Kucharsky-Asport-2.jpg\",\"contentUrl\":\"https:\\\/\\\/www.eldiario.net\\\/portal\\\/wp-content\\\/uploads\\\/2025\\\/01\\\/Eduardo-Kucharsky-Asport-2.jpg\",\"width\":896,\"height\":687,\"caption\":\"Eduar\u00addo Ku\u00adcharsky As\u00adport\"},{\"@type\":\"BreadcrumbList\",\"@id\":\"https:\\\/\\\/www.eldiario.net\\\/portal\\\/2025\\\/03\\\/29\\\/como-aprender-a-ser-buena-persona\\\/#breadcrumb\",\"itemListElement\":[{\"@type\":\"ListItem\",\"position\":1,\"name\":\"Portada\",\"item\":\"https:\\\/\\\/www.eldiario.net\\\/portal\\\/\"},{\"@type\":\"ListItem\",\"position\":2,\"name\":\"C\u00d3MO APRENDER A SER \u00abBUENA PERSONA\u00bb\"}]},{\"@type\":\"WebSite\",\"@id\":\"https:\\\/\\\/www.eldiario.net\\\/portal\\\/#website\",\"url\":\"https:\\\/\\\/www.eldiario.net\\\/portal\\\/\",\"name\":\"El Diario - Decano de la prensa nacional\",\"description\":\"El Diario - Decano de la prensa nacional\",\"publisher\":{\"@id\":\"https:\\\/\\\/www.eldiario.net\\\/portal\\\/#organization\"},\"potentialAction\":[{\"@type\":\"SearchAction\",\"target\":{\"@type\":\"EntryPoint\",\"urlTemplate\":\"https:\\\/\\\/www.eldiario.net\\\/portal\\\/?s={search_term_string}\"},\"query-input\":{\"@type\":\"PropertyValueSpecification\",\"valueRequired\":true,\"valueName\":\"search_term_string\"}}],\"inLanguage\":\"es\"},{\"@type\":\"Organization\",\"@id\":\"https:\\\/\\\/www.eldiario.net\\\/portal\\\/#organization\",\"name\":\"El Diario - Decano de la prensa nacional\",\"url\":\"https:\\\/\\\/www.eldiario.net\\\/portal\\\/\",\"logo\":{\"@type\":\"ImageObject\",\"inLanguage\":\"es\",\"@id\":\"https:\\\/\\\/www.eldiario.net\\\/portal\\\/#\\\/schema\\\/logo\\\/image\\\/\",\"url\":\"https:\\\/\\\/www.eldiario.net\\\/portal\\\/wp-content\\\/uploads\\\/2023\\\/07\\\/logo_ED.jpg\",\"contentUrl\":\"https:\\\/\\\/www.eldiario.net\\\/portal\\\/wp-content\\\/uploads\\\/2023\\\/07\\\/logo_ED.jpg\",\"width\":272,\"height\":52,\"caption\":\"El Diario - Decano de la prensa nacional\"},\"image\":{\"@id\":\"https:\\\/\\\/www.eldiario.net\\\/portal\\\/#\\\/schema\\\/logo\\\/image\\\/\"},\"sameAs\":[\"https:\\\/\\\/www.facebook.com\\\/eldiario.bolivia\\\/\",\"https:\\\/\\\/x.com\\\/eldiario_net\"]},{\"@type\":\"Person\",\"@id\":\"https:\\\/\\\/www.eldiario.net\\\/portal\\\/#\\\/schema\\\/person\\\/f46445640444750d7d753ccd04ae01b7\",\"name\":\"Jeanette\",\"image\":{\"@type\":\"ImageObject\",\"inLanguage\":\"es\",\"@id\":\"https:\\\/\\\/secure.gravatar.com\\\/avatar\\\/3ea2118a5f7dad2b7138b1187a6b7ee55f160b9968b66013c3a3ef39dd7e5798?s=96&d=mm&r=g\",\"url\":\"https:\\\/\\\/secure.gravatar.com\\\/avatar\\\/3ea2118a5f7dad2b7138b1187a6b7ee55f160b9968b66013c3a3ef39dd7e5798?s=96&d=mm&r=g\",\"contentUrl\":\"https:\\\/\\\/secure.gravatar.com\\\/avatar\\\/3ea2118a5f7dad2b7138b1187a6b7ee55f160b9968b66013c3a3ef39dd7e5798?s=96&d=mm&r=g\",\"caption\":\"Jeanette\"},\"sameAs\":[\"https:\\\/\\\/www.eldiario.net\\\/portal\"],\"url\":\"https:\\\/\\\/www.eldiario.net\\\/portal\\\/author\\\/jeanette\\\/\"}]}<\/script>\n<!-- \/ Yoast SEO plugin. -->","yoast_head_json":{"title":"C\u00d3MO APRENDER A SER \"BUENA PERSONA\" - El Diario - Bolivia","robots":{"index":"index","follow":"follow","max-snippet":"max-snippet:-1","max-image-preview":"max-image-preview:large","max-video-preview":"max-video-preview:-1"},"canonical":"https:\/\/www.eldiario.net\/portal\/2025\/03\/29\/como-aprender-a-ser-buena-persona\/","og_locale":"es_ES","og_type":"article","og_title":"C\u00d3MO APRENDER A SER \"BUENA PERSONA\" - El Diario - Bolivia","og_description":"Las palabras del d\u00eda: \u00abQuien aprende a amar la lectura se contacta con el reino de los dioses\u00bb Todos creemos ser buenas personas; pero, existen algunos aspectos de nuestra vida que dicen lo contrario, por ejemplo, tratamos mal a nuestro cuerpo, lo abusamos, no dialogamos con \u00e9l, no lo felicitamos, pasamos por alto sus dolores, [&hellip;]","og_url":"https:\/\/www.eldiario.net\/portal\/2025\/03\/29\/como-aprender-a-ser-buena-persona\/","og_site_name":"El Diario - Bolivia","article_publisher":"https:\/\/www.facebook.com\/eldiario.bolivia\/","article_published_time":"2025-03-29T10:50:39+00:00","og_image":[{"width":896,"height":687,"url":"https:\/\/www.eldiario.net\/portal\/wp-content\/uploads\/2025\/01\/Eduardo-Kucharsky-Asport-2.jpg","type":"image\/jpeg"}],"author":"Jeanette","twitter_card":"summary_large_image","twitter_creator":"@eldiario_net","twitter_site":"@eldiario_net","twitter_misc":{"Escrito por":"Jeanette","Tiempo de lectura":"2 minutos"},"schema":{"@context":"https:\/\/schema.org","@graph":[{"@type":"Article","@id":"https:\/\/www.eldiario.net\/portal\/2025\/03\/29\/como-aprender-a-ser-buena-persona\/#article","isPartOf":{"@id":"https:\/\/www.eldiario.net\/portal\/2025\/03\/29\/como-aprender-a-ser-buena-persona\/"},"author":{"name":"Jeanette","@id":"https:\/\/www.eldiario.net\/portal\/#\/schema\/person\/f46445640444750d7d753ccd04ae01b7"},"headline":"C\u00d3MO APRENDER A SER \u00abBUENA PERSONA\u00bb","datePublished":"2025-03-29T10:50:39+00:00","mainEntityOfPage":{"@id":"https:\/\/www.eldiario.net\/portal\/2025\/03\/29\/como-aprender-a-ser-buena-persona\/"},"wordCount":405,"publisher":{"@id":"https:\/\/www.eldiario.net\/portal\/#organization"},"image":{"@id":"https:\/\/www.eldiario.net\/portal\/2025\/03\/29\/como-aprender-a-ser-buena-persona\/#primaryimage"},"thumbnailUrl":"https:\/\/www.eldiario.net\/portal\/wp-content\/uploads\/2025\/01\/Eduardo-Kucharsky-Asport-2.jpg","articleSection":["Cultural"],"inLanguage":"es"},{"@type":"WebPage","@id":"https:\/\/www.eldiario.net\/portal\/2025\/03\/29\/como-aprender-a-ser-buena-persona\/","url":"https:\/\/www.eldiario.net\/portal\/2025\/03\/29\/como-aprender-a-ser-buena-persona\/","name":"C\u00d3MO APRENDER A SER \"BUENA PERSONA\" - El Diario - Bolivia","isPartOf":{"@id":"https:\/\/www.eldiario.net\/portal\/#website"},"primaryImageOfPage":{"@id":"https:\/\/www.eldiario.net\/portal\/2025\/03\/29\/como-aprender-a-ser-buena-persona\/#primaryimage"},"image":{"@id":"https:\/\/www.eldiario.net\/portal\/2025\/03\/29\/como-aprender-a-ser-buena-persona\/#primaryimage"},"thumbnailUrl":"https:\/\/www.eldiario.net\/portal\/wp-content\/uploads\/2025\/01\/Eduardo-Kucharsky-Asport-2.jpg","datePublished":"2025-03-29T10:50:39+00:00","breadcrumb":{"@id":"https:\/\/www.eldiario.net\/portal\/2025\/03\/29\/como-aprender-a-ser-buena-persona\/#breadcrumb"},"inLanguage":"es","potentialAction":[{"@type":"ReadAction","target":["https:\/\/www.eldiario.net\/portal\/2025\/03\/29\/como-aprender-a-ser-buena-persona\/"]}]},{"@type":"ImageObject","inLanguage":"es","@id":"https:\/\/www.eldiario.net\/portal\/2025\/03\/29\/como-aprender-a-ser-buena-persona\/#primaryimage","url":"https:\/\/www.eldiario.net\/portal\/wp-content\/uploads\/2025\/01\/Eduardo-Kucharsky-Asport-2.jpg","contentUrl":"https:\/\/www.eldiario.net\/portal\/wp-content\/uploads\/2025\/01\/Eduardo-Kucharsky-Asport-2.jpg","width":896,"height":687,"caption":"Eduar\u00addo Ku\u00adcharsky As\u00adport"},{"@type":"BreadcrumbList","@id":"https:\/\/www.eldiario.net\/portal\/2025\/03\/29\/como-aprender-a-ser-buena-persona\/#breadcrumb","itemListElement":[{"@type":"ListItem","position":1,"name":"Portada","item":"https:\/\/www.eldiario.net\/portal\/"},{"@type":"ListItem","position":2,"name":"C\u00d3MO APRENDER A SER \u00abBUENA PERSONA\u00bb"}]},{"@type":"WebSite","@id":"https:\/\/www.eldiario.net\/portal\/#website","url":"https:\/\/www.eldiario.net\/portal\/","name":"El Diario - Decano de la prensa nacional","description":"El Diario - Decano de la prensa nacional","publisher":{"@id":"https:\/\/www.eldiario.net\/portal\/#organization"},"potentialAction":[{"@type":"SearchAction","target":{"@type":"EntryPoint","urlTemplate":"https:\/\/www.eldiario.net\/portal\/?s={search_term_string}"},"query-input":{"@type":"PropertyValueSpecification","valueRequired":true,"valueName":"search_term_string"}}],"inLanguage":"es"},{"@type":"Organization","@id":"https:\/\/www.eldiario.net\/portal\/#organization","name":"El Diario - Decano de la prensa nacional","url":"https:\/\/www.eldiario.net\/portal\/","logo":{"@type":"ImageObject","inLanguage":"es","@id":"https:\/\/www.eldiario.net\/portal\/#\/schema\/logo\/image\/","url":"https:\/\/www.eldiario.net\/portal\/wp-content\/uploads\/2023\/07\/logo_ED.jpg","contentUrl":"https:\/\/www.eldiario.net\/portal\/wp-content\/uploads\/2023\/07\/logo_ED.jpg","width":272,"height":52,"caption":"El Diario - Decano de la prensa nacional"},"image":{"@id":"https:\/\/www.eldiario.net\/portal\/#\/schema\/logo\/image\/"},"sameAs":["https:\/\/www.facebook.com\/eldiario.bolivia\/","https:\/\/x.com\/eldiario_net"]},{"@type":"Person","@id":"https:\/\/www.eldiario.net\/portal\/#\/schema\/person\/f46445640444750d7d753ccd04ae01b7","name":"Jeanette","image":{"@type":"ImageObject","inLanguage":"es","@id":"https:\/\/secure.gravatar.com\/avatar\/3ea2118a5f7dad2b7138b1187a6b7ee55f160b9968b66013c3a3ef39dd7e5798?s=96&d=mm&r=g","url":"https:\/\/secure.gravatar.com\/avatar\/3ea2118a5f7dad2b7138b1187a6b7ee55f160b9968b66013c3a3ef39dd7e5798?s=96&d=mm&r=g","contentUrl":"https:\/\/secure.gravatar.com\/avatar\/3ea2118a5f7dad2b7138b1187a6b7ee55f160b9968b66013c3a3ef39dd7e5798?s=96&d=mm&r=g","caption":"Jeanette"},"sameAs":["https:\/\/www.eldiario.net\/portal"],"url":"https:\/\/www.eldiario.net\/portal\/author\/jeanette\/"}]}},"_links":{"self":[{"href":"https:\/\/www.eldiario.net\/portal\/wp-json\/wp\/v2\/posts\/291592","targetHints":{"allow":["GET"]}}],"collection":[{"href":"https:\/\/www.eldiario.net\/portal\/wp-json\/wp\/v2\/posts"}],"about":[{"href":"https:\/\/www.eldiario.net\/portal\/wp-json\/wp\/v2\/types\/post"}],"author":[{"embeddable":true,"href":"https:\/\/www.eldiario.net\/portal\/wp-json\/wp\/v2\/users\/1"}],"replies":[{"embeddable":true,"href":"https:\/\/www.eldiario.net\/portal\/wp-json\/wp\/v2\/comments?post=291592"}],"version-history":[{"count":1,"href":"https:\/\/www.eldiario.net\/portal\/wp-json\/wp\/v2\/posts\/291592\/revisions"}],"predecessor-version":[{"id":291593,"href":"https:\/\/www.eldiario.net\/portal\/wp-json\/wp\/v2\/posts\/291592\/revisions\/291593"}],"wp:featuredmedia":[{"embeddable":true,"href":"https:\/\/www.eldiario.net\/portal\/wp-json\/wp\/v2\/media\/276391"}],"wp:attachment":[{"href":"https:\/\/www.eldiario.net\/portal\/wp-json\/wp\/v2\/media?parent=291592"}],"wp:term":[{"taxonomy":"category","embeddable":true,"href":"https:\/\/www.eldiario.net\/portal\/wp-json\/wp\/v2\/categories?post=291592"},{"taxonomy":"post_tag","embeddable":true,"href":"https:\/\/www.eldiario.net\/portal\/wp-json\/wp\/v2\/tags?post=291592"}],"curies":[{"name":"wp","href":"https:\/\/api.w.org\/{rel}","templated":true}]}}