{"id":291590,"date":"2025-03-29T06:49:03","date_gmt":"2025-03-29T10:49:03","guid":{"rendered":"https:\/\/www.eldiario.net\/portal\/?p=291590"},"modified":"2025-03-29T06:49:03","modified_gmt":"2025-03-29T10:49:03","slug":"horoscopo-wm-607","status":"publish","type":"post","link":"https:\/\/www.eldiario.net\/portal\/2025\/03\/29\/horoscopo-wm-607\/","title":{"rendered":"Hor\u00f3scopo WM"},"content":{"rendered":"<p>Nota a los lectores:\u00a0Betty B.\u00a0Mercado, sobrina y colaboradora del fallecido astr\u00f3logo Walter Mercado, contin\u00faa su legado escribiendo el hor\u00f3scopo semanal.<br \/>\nAries<br \/>\n(20 de marzo &#8211;\u00a018 de abril)<br \/>\nVe directo hacia tus metas, Aries. Camina tu propio camino sin importar las cr\u00edticas o el qu\u00e9 dir\u00e1n. Val\u00f3rate para que te valoren. Limpia tu mente de prejuicios y fortal\u00e9cete en el aspecto espiritual. Haz buen uso de tu palabra. Aconseja, orienta a aquellos que t\u00fa bien sabes lo necesitan. Lo econ\u00f3mico se enfatiza favorablemente. N\u00fameros de suerte: 5, 41, 29.<br \/>\nTauro<br \/>\n(19 de abril &#8211; 19\u00a0de mayo)<br \/>\nNo dudes de tus habilidades, sigue adelante, Tauro. Te encuentras ahora en control de tus finanzas y haciendo buen uso de tu dinero. Con un poco m\u00e1s de esfuerzo lograr\u00e1s la meta que te has trazado. Tu comunicaci\u00f3n se favorece, por lo cual deber\u00e1s exigir aquello que te mereces y que con tu esfuerzo te has ganado. N\u00fameros de suerte: 16, 20, 3.<br \/>\nG\u00e9minis<br \/>\n(20 de mayo &#8211; 19\u00a0de junio)<br \/>\nTe lleg\u00f3 tu momento de pensar seriamente en ti, en tu futuro. S\u00e9 m\u00e1s pr\u00e1ctico en cuanto a tus decisiones y proponte terminar todo proyecto. Tus problemas son menos graves de lo que imaginas. Te recuperas de locuras cometidas en el pasado y te alejas de todo lo turbio o extra\u00f1o. Vuelves a tomar control de tu vida. N\u00fameros de suerte: 11, 28, 7.<br \/>\nC\u00e1ncer<br \/>\n(20 de junio &#8211;\u00a021 de julio)<br \/>\nSimplif\u00edcate la vida haciendo aquellas cosas que realmente te complacen. Toma tu tiempo para todo, C\u00e1ncer. Que no haya prisa en tu vida. Rel\u00e1jate, descansa lo m\u00e1s posible y disfruta de la buena compa\u00f1\u00eda ya que tienes lo divino, lo espiritual a tu lado. Ten la seguridad de que nada ni nadie podr\u00e1 hacerte da\u00f1o, afectarte o sacarte de tu centro. N\u00fameros de suerte: 40, 17, 8.<br \/>\nLeo<br \/>\n(22 de julio &#8211;\u00a021 de agosto)<br \/>\nHoy ser\u00e1 uno de esos d\u00edas en que sin darte cuenta te inclinar\u00e1s a darle m\u00e1s importancia a todo. Cu\u00eddate de caer en exageraciones, especialmente al expresarte, ya que podr\u00edas caer en lo rid\u00edculo. No pases hacia adelante comentarios que podr\u00edan resultar ofensivos a personas que apenas conoces. Controla tus impulsos. N\u00fameros de suerte: 18, 5, 13.<br \/>\nVirgo<br \/>\n(22 de agosto &#8211;\u00a021 de sept.)<br \/>\nCuida de tu salud f\u00edsica y emocional, relaj\u00e1ndote mediante la meditaci\u00f3n. Fortalece tu esp\u00edritu para que puedas hacerles frente a las tentaciones que afectan tu salud. Apacigua un poco tu ritmo de vida, Virgo. Valoriza tu tiempo ya que el mismo es oro. Muchas veces por estar en el lugar equivocado, no puedes cumplir con tu deber. N\u00fameros de suerte: 15, 50, 6.<br \/>\nLibra<br \/>\n(22 de sept. &#8211;\u00a022 de oct.)<br \/>\nReclama aquello que te deben, no lo sigas dejando para despu\u00e9s, no te des por vencido. Se impone que seas m\u00e1s agresivo al luchar por lo tuyo, atr\u00e9vete, Libra. Tu situaci\u00f3n econ\u00f3mica sufrir\u00e1 ahora cambios sorpresivos, pero tambi\u00e9n muy favorables. Expresa, comunica tus necesidades y pide ayuda cuando lo consideres necesario. N\u00fameros de suerte: 1, 45, 30.<br \/>\nEscorpio<br \/>\n(23 de oct. &#8211; 20 de nov.)<br \/>\nAtr\u00e9vete a explorar nuevas posibilidades de progresar en relaci\u00f3n con tu trabajo o estudios. Es tiempo de manifestar tus talentos dormidos que son muchos. Tu hogar podr\u00eda ser ahora tu centro de acci\u00f3n. Lleva a cabo cambios en el mismo que te favorezcan. Excelente d\u00eda para liberar tu creatividad y echar a un lado los complejos. N\u00fameros de suerte: 14, 31, 2.<br \/>\nSagitario<br \/>\n(21 de nov. &#8211;\u00a020 de dic.)<br \/>\nNo intervengas en la vida de otras personas a menos que te lo imploren o supliquen. No pongas tu fe en donde no hay luz. \u00danete a personas alegres, sensibles e inteligentes como t\u00fa, Sagitario. A partir de hoy lib\u00e9rate de cargas emocionales que no te pertenecen. Vive el momento actual y te evitar\u00e1s muchas frustraciones. N\u00fameros de suerte: 41, 2, 19.<br \/>\nCapricornio<br \/>\n(21 de dic. &#8211;\u00a018 de ene.)<br \/>\nSurgen complicaciones hoy en tu \u00e1rea de trabajo por lo cual debes estar muy pendiente de todo. Al\u00e9jate del peligro y de lo que tus sentidos te dicen que no est\u00e1 bien. Las actividades que lleves a cabo en la tranquilidad de tu hogar ser\u00e1n las mejores y las m\u00e1s seguras para ti. Deja hablar a tu pareja, esc\u00fachala, pr\u00e9stale atenci\u00f3n y sigue sus consejos. N\u00fameros de suerte: 33, 1, 4.<br \/>\nAcuario<br \/>\n(19 de ene. &#8211;\u00a017 de feb.)<br \/>\nTrabajo y diversi\u00f3n se combinan ahora para que pases momentos muy agradables. Toma la iniciativa y arri\u00e9sgate. Une esfuerzo con esa persona que te est\u00e1 ofreciendo una oportunidad de negocio dif\u00edcil de rechazar. Las dudas que tengas se ir\u00e1n disipando seg\u00fan te envuelvas en ese proyecto y veas el \u00e9xito. Ten presente que querer es poder. N\u00fameros de suerte: 22, 15, 42.<br \/>\nPiscis<br \/>\n(18 de feb. &#8211; 19\u00a0de marzo)<br \/>\nAclara dudas en todo lo referente a asuntos legales o de negocios. Envu\u00e9lvete en todo aquello que te afecte directamente. Busca ayuda profesional cuando lo consideres necesario. Pon tus tareas y obligaciones por orden de prioridad. No te olvides de aquellos que dependen moral y econ\u00f3micamente de ti. N\u00fameros de suerte: 1, 11, 32.<\/p>\n","protected":false},"excerpt":{"rendered":"<p>Nota a los lectores:\u00a0Betty B.\u00a0Mercado, sobrina y colaboradora del fallecido astr\u00f3logo Walter Mercado, contin\u00faa su legado escribiendo el hor\u00f3scopo semanal. Aries (20 de marzo &#8211;\u00a018 de abril) Ve directo hacia tus metas, Aries. Camina tu propio camino sin importar las cr\u00edticas o el qu\u00e9 dir\u00e1n. Val\u00f3rate para que te valoren. Limpia tu mente de prejuicios [&hellip;]<\/p>\n","protected":false},"author":1,"featured_media":209203,"comment_status":"closed","ping_status":"open","sticky":false,"template":"","format":"standard","meta":{"_acf_changed":false,"footnotes":""},"categories":[8],"tags":[],"class_list":["post-291590","post","type-post","status-publish","format-standard","has-post-thumbnail","category-cultural"],"acf":{"antetitulo":""},"yoast_head":"<!-- This site is optimized with the Yoast SEO plugin v28.3 - https:\/\/yoast.com\/product\/yoast-seo-wordpress\/ -->\n<title>Hor\u00f3scopo WM - El Diario - Bolivia<\/title>\n<meta name=\"robots\" content=\"index, follow, max-snippet:-1, max-image-preview:large, max-video-preview:-1\" \/>\n<link rel=\"canonical\" href=\"https:\/\/www.eldiario.net\/portal\/2025\/03\/29\/horoscopo-wm-607\/\" \/>\n<meta property=\"og:locale\" content=\"es_ES\" \/>\n<meta property=\"og:type\" content=\"article\" \/>\n<meta property=\"og:title\" content=\"Hor\u00f3scopo WM - El Diario - Bolivia\" \/>\n<meta property=\"og:description\" content=\"Nota a los lectores:\u00a0Betty B.\u00a0Mercado, sobrina y colaboradora del fallecido astr\u00f3logo Walter Mercado, contin\u00faa su legado escribiendo el hor\u00f3scopo semanal. Aries (20 de marzo &#8211;\u00a018 de abril) Ve directo hacia tus metas, Aries. Camina tu propio camino sin importar las cr\u00edticas o el qu\u00e9 dir\u00e1n. Val\u00f3rate para que te valoren. Limpia tu mente de prejuicios [&hellip;]\" \/>\n<meta property=\"og:url\" content=\"https:\/\/www.eldiario.net\/portal\/2025\/03\/29\/horoscopo-wm-607\/\" \/>\n<meta property=\"og:site_name\" content=\"El Diario - Bolivia\" \/>\n<meta property=\"article:publisher\" content=\"https:\/\/www.facebook.com\/eldiario.bolivia\/\" \/>\n<meta property=\"article:published_time\" content=\"2025-03-29T10:49:03+00:00\" \/>\n<meta property=\"og:image\" content=\"https:\/\/www.eldiario.net\/portal\/wp-content\/uploads\/2024\/03\/ARIES.jpg\" \/>\n\t<meta property=\"og:image:width\" content=\"1200\" \/>\n\t<meta property=\"og:image:height\" content=\"675\" \/>\n\t<meta property=\"og:image:type\" content=\"image\/jpeg\" \/>\n<meta name=\"author\" content=\"Jeanette\" \/>\n<meta name=\"twitter:card\" content=\"summary_large_image\" \/>\n<meta name=\"twitter:creator\" content=\"@eldiario_net\" \/>\n<meta name=\"twitter:site\" content=\"@eldiario_net\" \/>\n<meta name=\"twitter:label1\" content=\"Escrito por\" \/>\n\t<meta name=\"twitter:data1\" content=\"Jeanette\" \/>\n\t<meta name=\"twitter:label2\" content=\"Tiempo de lectura\" \/>\n\t<meta name=\"twitter:data2\" content=\"5 minutos\" \/>\n<script type=\"application\/ld+json\" class=\"yoast-schema-graph\">{\"@context\":\"https:\\\/\\\/schema.org\",\"@graph\":[{\"@type\":\"Article\",\"@id\":\"https:\\\/\\\/www.eldiario.net\\\/portal\\\/2025\\\/03\\\/29\\\/horoscopo-wm-607\\\/#article\",\"isPartOf\":{\"@id\":\"https:\\\/\\\/www.eldiario.net\\\/portal\\\/2025\\\/03\\\/29\\\/horoscopo-wm-607\\\/\"},\"author\":{\"name\":\"Jeanette\",\"@id\":\"https:\\\/\\\/www.eldiario.net\\\/portal\\\/#\\\/schema\\\/person\\\/f46445640444750d7d753ccd04ae01b7\"},\"headline\":\"Hor\u00f3scopo WM\",\"datePublished\":\"2025-03-29T10:49:03+00:00\",\"mainEntityOfPage\":{\"@id\":\"https:\\\/\\\/www.eldiario.net\\\/portal\\\/2025\\\/03\\\/29\\\/horoscopo-wm-607\\\/\"},\"wordCount\":876,\"publisher\":{\"@id\":\"https:\\\/\\\/www.eldiario.net\\\/portal\\\/#organization\"},\"image\":{\"@id\":\"https:\\\/\\\/www.eldiario.net\\\/portal\\\/2025\\\/03\\\/29\\\/horoscopo-wm-607\\\/#primaryimage\"},\"thumbnailUrl\":\"https:\\\/\\\/www.eldiario.net\\\/portal\\\/wp-content\\\/uploads\\\/2024\\\/03\\\/ARIES.jpg\",\"articleSection\":[\"Cultural\"],\"inLanguage\":\"es\"},{\"@type\":\"WebPage\",\"@id\":\"https:\\\/\\\/www.eldiario.net\\\/portal\\\/2025\\\/03\\\/29\\\/horoscopo-wm-607\\\/\",\"url\":\"https:\\\/\\\/www.eldiario.net\\\/portal\\\/2025\\\/03\\\/29\\\/horoscopo-wm-607\\\/\",\"name\":\"Hor\u00f3scopo WM - El Diario - Bolivia\",\"isPartOf\":{\"@id\":\"https:\\\/\\\/www.eldiario.net\\\/portal\\\/#website\"},\"primaryImageOfPage\":{\"@id\":\"https:\\\/\\\/www.eldiario.net\\\/portal\\\/2025\\\/03\\\/29\\\/horoscopo-wm-607\\\/#primaryimage\"},\"image\":{\"@id\":\"https:\\\/\\\/www.eldiario.net\\\/portal\\\/2025\\\/03\\\/29\\\/horoscopo-wm-607\\\/#primaryimage\"},\"thumbnailUrl\":\"https:\\\/\\\/www.eldiario.net\\\/portal\\\/wp-content\\\/uploads\\\/2024\\\/03\\\/ARIES.jpg\",\"datePublished\":\"2025-03-29T10:49:03+00:00\",\"breadcrumb\":{\"@id\":\"https:\\\/\\\/www.eldiario.net\\\/portal\\\/2025\\\/03\\\/29\\\/horoscopo-wm-607\\\/#breadcrumb\"},\"inLanguage\":\"es\",\"potentialAction\":[{\"@type\":\"ReadAction\",\"target\":[\"https:\\\/\\\/www.eldiario.net\\\/portal\\\/2025\\\/03\\\/29\\\/horoscopo-wm-607\\\/\"]}]},{\"@type\":\"ImageObject\",\"inLanguage\":\"es\",\"@id\":\"https:\\\/\\\/www.eldiario.net\\\/portal\\\/2025\\\/03\\\/29\\\/horoscopo-wm-607\\\/#primaryimage\",\"url\":\"https:\\\/\\\/www.eldiario.net\\\/portal\\\/wp-content\\\/uploads\\\/2024\\\/03\\\/ARIES.jpg\",\"contentUrl\":\"https:\\\/\\\/www.eldiario.net\\\/portal\\\/wp-content\\\/uploads\\\/2024\\\/03\\\/ARIES.jpg\",\"width\":1200,\"height\":675},{\"@type\":\"BreadcrumbList\",\"@id\":\"https:\\\/\\\/www.eldiario.net\\\/portal\\\/2025\\\/03\\\/29\\\/horoscopo-wm-607\\\/#breadcrumb\",\"itemListElement\":[{\"@type\":\"ListItem\",\"position\":1,\"name\":\"Portada\",\"item\":\"https:\\\/\\\/www.eldiario.net\\\/portal\\\/\"},{\"@type\":\"ListItem\",\"position\":2,\"name\":\"Hor\u00f3scopo WM\"}]},{\"@type\":\"WebSite\",\"@id\":\"https:\\\/\\\/www.eldiario.net\\\/portal\\\/#website\",\"url\":\"https:\\\/\\\/www.eldiario.net\\\/portal\\\/\",\"name\":\"El Diario - Decano de la prensa nacional\",\"description\":\"El Diario - Decano de la prensa nacional\",\"publisher\":{\"@id\":\"https:\\\/\\\/www.eldiario.net\\\/portal\\\/#organization\"},\"potentialAction\":[{\"@type\":\"SearchAction\",\"target\":{\"@type\":\"EntryPoint\",\"urlTemplate\":\"https:\\\/\\\/www.eldiario.net\\\/portal\\\/?s={search_term_string}\"},\"query-input\":{\"@type\":\"PropertyValueSpecification\",\"valueRequired\":true,\"valueName\":\"search_term_string\"}}],\"inLanguage\":\"es\"},{\"@type\":\"Organization\",\"@id\":\"https:\\\/\\\/www.eldiario.net\\\/portal\\\/#organization\",\"name\":\"El Diario - Decano de la prensa nacional\",\"url\":\"https:\\\/\\\/www.eldiario.net\\\/portal\\\/\",\"logo\":{\"@type\":\"ImageObject\",\"inLanguage\":\"es\",\"@id\":\"https:\\\/\\\/www.eldiario.net\\\/portal\\\/#\\\/schema\\\/logo\\\/image\\\/\",\"url\":\"https:\\\/\\\/www.eldiario.net\\\/portal\\\/wp-content\\\/uploads\\\/2023\\\/07\\\/logo_ED.jpg\",\"contentUrl\":\"https:\\\/\\\/www.eldiario.net\\\/portal\\\/wp-content\\\/uploads\\\/2023\\\/07\\\/logo_ED.jpg\",\"width\":272,\"height\":52,\"caption\":\"El Diario - Decano de la prensa nacional\"},\"image\":{\"@id\":\"https:\\\/\\\/www.eldiario.net\\\/portal\\\/#\\\/schema\\\/logo\\\/image\\\/\"},\"sameAs\":[\"https:\\\/\\\/www.facebook.com\\\/eldiario.bolivia\\\/\",\"https:\\\/\\\/x.com\\\/eldiario_net\"]},{\"@type\":\"Person\",\"@id\":\"https:\\\/\\\/www.eldiario.net\\\/portal\\\/#\\\/schema\\\/person\\\/f46445640444750d7d753ccd04ae01b7\",\"name\":\"Jeanette\",\"image\":{\"@type\":\"ImageObject\",\"inLanguage\":\"es\",\"@id\":\"https:\\\/\\\/secure.gravatar.com\\\/avatar\\\/3ea2118a5f7dad2b7138b1187a6b7ee55f160b9968b66013c3a3ef39dd7e5798?s=96&d=mm&r=g\",\"url\":\"https:\\\/\\\/secure.gravatar.com\\\/avatar\\\/3ea2118a5f7dad2b7138b1187a6b7ee55f160b9968b66013c3a3ef39dd7e5798?s=96&d=mm&r=g\",\"contentUrl\":\"https:\\\/\\\/secure.gravatar.com\\\/avatar\\\/3ea2118a5f7dad2b7138b1187a6b7ee55f160b9968b66013c3a3ef39dd7e5798?s=96&d=mm&r=g\",\"caption\":\"Jeanette\"},\"sameAs\":[\"https:\\\/\\\/www.eldiario.net\\\/portal\"],\"url\":\"https:\\\/\\\/www.eldiario.net\\\/portal\\\/author\\\/jeanette\\\/\"}]}<\/script>\n<!-- \/ Yoast SEO plugin. -->","yoast_head_json":{"title":"Hor\u00f3scopo WM - El Diario - Bolivia","robots":{"index":"index","follow":"follow","max-snippet":"max-snippet:-1","max-image-preview":"max-image-preview:large","max-video-preview":"max-video-preview:-1"},"canonical":"https:\/\/www.eldiario.net\/portal\/2025\/03\/29\/horoscopo-wm-607\/","og_locale":"es_ES","og_type":"article","og_title":"Hor\u00f3scopo WM - El Diario - Bolivia","og_description":"Nota a los lectores:\u00a0Betty B.\u00a0Mercado, sobrina y colaboradora del fallecido astr\u00f3logo Walter Mercado, contin\u00faa su legado escribiendo el hor\u00f3scopo semanal. Aries (20 de marzo &#8211;\u00a018 de abril) Ve directo hacia tus metas, Aries. Camina tu propio camino sin importar las cr\u00edticas o el qu\u00e9 dir\u00e1n. Val\u00f3rate para que te valoren. Limpia tu mente de prejuicios [&hellip;]","og_url":"https:\/\/www.eldiario.net\/portal\/2025\/03\/29\/horoscopo-wm-607\/","og_site_name":"El Diario - Bolivia","article_publisher":"https:\/\/www.facebook.com\/eldiario.bolivia\/","article_published_time":"2025-03-29T10:49:03+00:00","og_image":[{"width":1200,"height":675,"url":"https:\/\/www.eldiario.net\/portal\/wp-content\/uploads\/2024\/03\/ARIES.jpg","type":"image\/jpeg"}],"author":"Jeanette","twitter_card":"summary_large_image","twitter_creator":"@eldiario_net","twitter_site":"@eldiario_net","twitter_misc":{"Escrito por":"Jeanette","Tiempo de lectura":"5 minutos"},"schema":{"@context":"https:\/\/schema.org","@graph":[{"@type":"Article","@id":"https:\/\/www.eldiario.net\/portal\/2025\/03\/29\/horoscopo-wm-607\/#article","isPartOf":{"@id":"https:\/\/www.eldiario.net\/portal\/2025\/03\/29\/horoscopo-wm-607\/"},"author":{"name":"Jeanette","@id":"https:\/\/www.eldiario.net\/portal\/#\/schema\/person\/f46445640444750d7d753ccd04ae01b7"},"headline":"Hor\u00f3scopo WM","datePublished":"2025-03-29T10:49:03+00:00","mainEntityOfPage":{"@id":"https:\/\/www.eldiario.net\/portal\/2025\/03\/29\/horoscopo-wm-607\/"},"wordCount":876,"publisher":{"@id":"https:\/\/www.eldiario.net\/portal\/#organization"},"image":{"@id":"https:\/\/www.eldiario.net\/portal\/2025\/03\/29\/horoscopo-wm-607\/#primaryimage"},"thumbnailUrl":"https:\/\/www.eldiario.net\/portal\/wp-content\/uploads\/2024\/03\/ARIES.jpg","articleSection":["Cultural"],"inLanguage":"es"},{"@type":"WebPage","@id":"https:\/\/www.eldiario.net\/portal\/2025\/03\/29\/horoscopo-wm-607\/","url":"https:\/\/www.eldiario.net\/portal\/2025\/03\/29\/horoscopo-wm-607\/","name":"Hor\u00f3scopo WM - El Diario - Bolivia","isPartOf":{"@id":"https:\/\/www.eldiario.net\/portal\/#website"},"primaryImageOfPage":{"@id":"https:\/\/www.eldiario.net\/portal\/2025\/03\/29\/horoscopo-wm-607\/#primaryimage"},"image":{"@id":"https:\/\/www.eldiario.net\/portal\/2025\/03\/29\/horoscopo-wm-607\/#primaryimage"},"thumbnailUrl":"https:\/\/www.eldiario.net\/portal\/wp-content\/uploads\/2024\/03\/ARIES.jpg","datePublished":"2025-03-29T10:49:03+00:00","breadcrumb":{"@id":"https:\/\/www.eldiario.net\/portal\/2025\/03\/29\/horoscopo-wm-607\/#breadcrumb"},"inLanguage":"es","potentialAction":[{"@type":"ReadAction","target":["https:\/\/www.eldiario.net\/portal\/2025\/03\/29\/horoscopo-wm-607\/"]}]},{"@type":"ImageObject","inLanguage":"es","@id":"https:\/\/www.eldiario.net\/portal\/2025\/03\/29\/horoscopo-wm-607\/#primaryimage","url":"https:\/\/www.eldiario.net\/portal\/wp-content\/uploads\/2024\/03\/ARIES.jpg","contentUrl":"https:\/\/www.eldiario.net\/portal\/wp-content\/uploads\/2024\/03\/ARIES.jpg","width":1200,"height":675},{"@type":"BreadcrumbList","@id":"https:\/\/www.eldiario.net\/portal\/2025\/03\/29\/horoscopo-wm-607\/#breadcrumb","itemListElement":[{"@type":"ListItem","position":1,"name":"Portada","item":"https:\/\/www.eldiario.net\/portal\/"},{"@type":"ListItem","position":2,"name":"Hor\u00f3scopo WM"}]},{"@type":"WebSite","@id":"https:\/\/www.eldiario.net\/portal\/#website","url":"https:\/\/www.eldiario.net\/portal\/","name":"El Diario - Decano de la prensa nacional","description":"El Diario - Decano de la prensa nacional","publisher":{"@id":"https:\/\/www.eldiario.net\/portal\/#organization"},"potentialAction":[{"@type":"SearchAction","target":{"@type":"EntryPoint","urlTemplate":"https:\/\/www.eldiario.net\/portal\/?s={search_term_string}"},"query-input":{"@type":"PropertyValueSpecification","valueRequired":true,"valueName":"search_term_string"}}],"inLanguage":"es"},{"@type":"Organization","@id":"https:\/\/www.eldiario.net\/portal\/#organization","name":"El Diario - Decano de la prensa nacional","url":"https:\/\/www.eldiario.net\/portal\/","logo":{"@type":"ImageObject","inLanguage":"es","@id":"https:\/\/www.eldiario.net\/portal\/#\/schema\/logo\/image\/","url":"https:\/\/www.eldiario.net\/portal\/wp-content\/uploads\/2023\/07\/logo_ED.jpg","contentUrl":"https:\/\/www.eldiario.net\/portal\/wp-content\/uploads\/2023\/07\/logo_ED.jpg","width":272,"height":52,"caption":"El Diario - Decano de la prensa nacional"},"image":{"@id":"https:\/\/www.eldiario.net\/portal\/#\/schema\/logo\/image\/"},"sameAs":["https:\/\/www.facebook.com\/eldiario.bolivia\/","https:\/\/x.com\/eldiario_net"]},{"@type":"Person","@id":"https:\/\/www.eldiario.net\/portal\/#\/schema\/person\/f46445640444750d7d753ccd04ae01b7","name":"Jeanette","image":{"@type":"ImageObject","inLanguage":"es","@id":"https:\/\/secure.gravatar.com\/avatar\/3ea2118a5f7dad2b7138b1187a6b7ee55f160b9968b66013c3a3ef39dd7e5798?s=96&d=mm&r=g","url":"https:\/\/secure.gravatar.com\/avatar\/3ea2118a5f7dad2b7138b1187a6b7ee55f160b9968b66013c3a3ef39dd7e5798?s=96&d=mm&r=g","contentUrl":"https:\/\/secure.gravatar.com\/avatar\/3ea2118a5f7dad2b7138b1187a6b7ee55f160b9968b66013c3a3ef39dd7e5798?s=96&d=mm&r=g","caption":"Jeanette"},"sameAs":["https:\/\/www.eldiario.net\/portal"],"url":"https:\/\/www.eldiario.net\/portal\/author\/jeanette\/"}]}},"_links":{"self":[{"href":"https:\/\/www.eldiario.net\/portal\/wp-json\/wp\/v2\/posts\/291590","targetHints":{"allow":["GET"]}}],"collection":[{"href":"https:\/\/www.eldiario.net\/portal\/wp-json\/wp\/v2\/posts"}],"about":[{"href":"https:\/\/www.eldiario.net\/portal\/wp-json\/wp\/v2\/types\/post"}],"author":[{"embeddable":true,"href":"https:\/\/www.eldiario.net\/portal\/wp-json\/wp\/v2\/users\/1"}],"replies":[{"embeddable":true,"href":"https:\/\/www.eldiario.net\/portal\/wp-json\/wp\/v2\/comments?post=291590"}],"version-history":[{"count":1,"href":"https:\/\/www.eldiario.net\/portal\/wp-json\/wp\/v2\/posts\/291590\/revisions"}],"predecessor-version":[{"id":291591,"href":"https:\/\/www.eldiario.net\/portal\/wp-json\/wp\/v2\/posts\/291590\/revisions\/291591"}],"wp:featuredmedia":[{"embeddable":true,"href":"https:\/\/www.eldiario.net\/portal\/wp-json\/wp\/v2\/media\/209203"}],"wp:attachment":[{"href":"https:\/\/www.eldiario.net\/portal\/wp-json\/wp\/v2\/media?parent=291590"}],"wp:term":[{"taxonomy":"category","embeddable":true,"href":"https:\/\/www.eldiario.net\/portal\/wp-json\/wp\/v2\/categories?post=291590"},{"taxonomy":"post_tag","embeddable":true,"href":"https:\/\/www.eldiario.net\/portal\/wp-json\/wp\/v2\/tags?post=291590"}],"curies":[{"name":"wp","href":"https:\/\/api.w.org\/{rel}","templated":true}]}}