{"id":291581,"date":"2025-03-29T06:46:37","date_gmt":"2025-03-29T10:46:37","guid":{"rendered":"https:\/\/www.eldiario.net\/portal\/?p=291581"},"modified":"2025-03-29T06:46:37","modified_gmt":"2025-03-29T10:46:37","slug":"amplian-vacunacion-contra-vph-a-personas-de-14-anos","status":"publish","type":"post","link":"https:\/\/www.eldiario.net\/portal\/2025\/03\/29\/amplian-vacunacion-contra-vph-a-personas-de-14-anos\/","title":{"rendered":"Ampl\u00edan vacunaci\u00f3n contra VPH a personas de 14 a\u00f1os"},"content":{"rendered":"<p>Con el prop\u00f3sito de prevenir el c\u00e1ncer de cuello uterino, el Servicio Departamental de Salud (Sedes) La Paz dispuso la ampliaci\u00f3n de la aplicaci\u00f3n de la vacuna contra el Virus del Papiloma Humano (VPH) hasta adolescentes de 14 a\u00f1os.<br \/>\n\u201cSe ha ampliado la edad de vacunaci\u00f3n de los ni\u00f1os, dosis \u00fanica de la vacuna VPH (\u2026) ampliamos la edad de vacunaci\u00f3n en ni\u00f1os y ni\u00f1as de 10 a 14 a\u00f1os. Recordemos que hace poco se vacunaba solamente hasta la edad de 10 a\u00f1os, pero se ha ampliado este grupo etario de 10 a 14 a\u00f1os de edad\u201d, inform\u00f3 el jefe de la Unidad de Epidemiolog\u00eda e Investigaci\u00f3n del Sedes La Paz, Javier Mamani, a tiempo de enfatizar que las inoculaciones son para ni\u00f1as y ni\u00f1os que est\u00e1n entre ese rango de edad.<br \/>\nEl experto explic\u00f3 que la vacuna contra el VPH est\u00e1 disponible en todos los centros de salud del departamento de La Paz y el fin es \u201cconcientizar a los padres (de familia) sobre la importancia de esta vacuna\u201d.<br \/>\nRecord\u00f3 que la vacuna forma parte del esquema nacional de vacunaci\u00f3n y protege contra la infecci\u00f3n, asimismo advirti\u00f3 que el VPH puede causar c\u00e1ncer cervical y verrugas genitales.<br \/>\nDe acuerdo con datos de la Organizaci\u00f3n Panamericana de la Salud (OPS), el VPH se contagia por transmisi\u00f3n sexual. Existen m\u00e1s de 240 variedades diferentes del VPH, de los cuales al menos 15 est\u00e1n relacionados con el c\u00e1ncer de cuello uterino.<br \/>\n\u201cLo importante de esta vacuna es evitar que se presente el c\u00e1ncer de cuello uterino, recordemos que para la actualidad, ya los c\u00e1nceres de cuello uterino son detectados a temprana edad, estamos hablando de adolescentes, pr\u00e1cticamente de 18 a 24 a\u00f1os\u201d, sostuvo el experto del Sedes.<br \/>\nIRAS<br \/>\nMamani dijo que en la \u00faltima semana epidemiol\u00f3gica hubo incremento en los casos de Infecciones Respiratorias Agudas (IRAs). \u201cSe registr\u00f3 16.028 casos, mostrando un incremento del cinco por ciento\u201d, en relaci\u00f3n a la pasada semana donde se report\u00f3 15.034 casos. De la misma manera, se report\u00f3 un incremento del 8% en neumon\u00edas con 259 casos.<br \/>\nExplic\u00f3 que ese incremento se deber\u00eda a los cambios clim\u00e1ticos registrados los recientes d\u00edas y se\u00f1al\u00f3 que los m\u00e1s afectados son ni\u00f1os, adolescentes y adultos mayores, por lo que el Jefe de Epidemiolog\u00eda recomend\u00f3 abrigarse y mantener las medidas de bioseguridad como el uso de barbijo en caso de estar resfriado, uso de alcohol en gel y lavado frecuente de manos.<\/p>\n","protected":false},"excerpt":{"rendered":"<p>Con el prop\u00f3sito de prevenir el c\u00e1ncer de cuello uterino, el Servicio Departamental de Salud (Sedes) La Paz dispuso la ampliaci\u00f3n de la aplicaci\u00f3n de la vacuna contra el Virus del Papiloma Humano (VPH) hasta adolescentes de 14 a\u00f1os. \u201cSe ha ampliado la edad de vacunaci\u00f3n de los ni\u00f1os, dosis \u00fanica de la vacuna VPH [&hellip;]<\/p>\n","protected":false},"author":1,"featured_media":291582,"comment_status":"closed","ping_status":"open","sticky":false,"template":"","format":"standard","meta":{"_acf_changed":false,"footnotes":""},"categories":[12],"tags":[],"class_list":["post-291581","post","type-post","status-publish","format-standard","has-post-thumbnail","category-nacional"],"acf":{"antetitulo":"En La Paz"},"yoast_head":"<!-- This site is optimized with the Yoast SEO plugin v28.3 - https:\/\/yoast.com\/product\/yoast-seo-wordpress\/ -->\n<title>Ampl\u00edan vacunaci\u00f3n contra VPH a personas de 14 a\u00f1os - El Diario - Bolivia<\/title>\n<meta name=\"robots\" content=\"index, follow, max-snippet:-1, max-image-preview:large, max-video-preview:-1\" \/>\n<link rel=\"canonical\" href=\"https:\/\/www.eldiario.net\/portal\/2025\/03\/29\/amplian-vacunacion-contra-vph-a-personas-de-14-anos\/\" \/>\n<meta property=\"og:locale\" content=\"es_ES\" \/>\n<meta property=\"og:type\" content=\"article\" \/>\n<meta property=\"og:title\" content=\"Ampl\u00edan vacunaci\u00f3n contra VPH a personas de 14 a\u00f1os - El Diario - Bolivia\" \/>\n<meta property=\"og:description\" content=\"Con el prop\u00f3sito de prevenir el c\u00e1ncer de cuello uterino, el Servicio Departamental de Salud (Sedes) La Paz dispuso la ampliaci\u00f3n de la aplicaci\u00f3n de la vacuna contra el Virus del Papiloma Humano (VPH) hasta adolescentes de 14 a\u00f1os. \u201cSe ha ampliado la edad de vacunaci\u00f3n de los ni\u00f1os, dosis \u00fanica de la vacuna VPH [&hellip;]\" \/>\n<meta property=\"og:url\" content=\"https:\/\/www.eldiario.net\/portal\/2025\/03\/29\/amplian-vacunacion-contra-vph-a-personas-de-14-anos\/\" \/>\n<meta property=\"og:site_name\" content=\"El Diario - Bolivia\" \/>\n<meta property=\"article:publisher\" content=\"https:\/\/www.facebook.com\/eldiario.bolivia\/\" \/>\n<meta property=\"article:published_time\" content=\"2025-03-29T10:46:37+00:00\" \/>\n<meta property=\"og:image\" content=\"https:\/\/www.eldiario.net\/portal\/wp-content\/uploads\/2025\/03\/F-3-VPH.jpg\" \/>\n\t<meta property=\"og:image:width\" content=\"1200\" \/>\n\t<meta property=\"og:image:height\" content=\"800\" \/>\n\t<meta property=\"og:image:type\" content=\"image\/jpeg\" \/>\n<meta name=\"author\" content=\"Jeanette\" \/>\n<meta name=\"twitter:card\" content=\"summary_large_image\" \/>\n<meta name=\"twitter:creator\" content=\"@eldiario_net\" \/>\n<meta name=\"twitter:site\" content=\"@eldiario_net\" \/>\n<meta name=\"twitter:label1\" content=\"Escrito por\" \/>\n\t<meta name=\"twitter:data1\" content=\"Jeanette\" \/>\n\t<meta name=\"twitter:label2\" content=\"Tiempo de lectura\" \/>\n\t<meta name=\"twitter:data2\" content=\"3 minutos\" \/>\n<script type=\"application\/ld+json\" class=\"yoast-schema-graph\">{\"@context\":\"https:\\\/\\\/schema.org\",\"@graph\":[{\"@type\":\"Article\",\"@id\":\"https:\\\/\\\/www.eldiario.net\\\/portal\\\/2025\\\/03\\\/29\\\/amplian-vacunacion-contra-vph-a-personas-de-14-anos\\\/#article\",\"isPartOf\":{\"@id\":\"https:\\\/\\\/www.eldiario.net\\\/portal\\\/2025\\\/03\\\/29\\\/amplian-vacunacion-contra-vph-a-personas-de-14-anos\\\/\"},\"author\":{\"name\":\"Jeanette\",\"@id\":\"https:\\\/\\\/www.eldiario.net\\\/portal\\\/#\\\/schema\\\/person\\\/f46445640444750d7d753ccd04ae01b7\"},\"headline\":\"Ampl\u00edan vacunaci\u00f3n contra VPH a personas de 14 a\u00f1os\",\"datePublished\":\"2025-03-29T10:46:37+00:00\",\"mainEntityOfPage\":{\"@id\":\"https:\\\/\\\/www.eldiario.net\\\/portal\\\/2025\\\/03\\\/29\\\/amplian-vacunacion-contra-vph-a-personas-de-14-anos\\\/\"},\"wordCount\":438,\"publisher\":{\"@id\":\"https:\\\/\\\/www.eldiario.net\\\/portal\\\/#organization\"},\"image\":{\"@id\":\"https:\\\/\\\/www.eldiario.net\\\/portal\\\/2025\\\/03\\\/29\\\/amplian-vacunacion-contra-vph-a-personas-de-14-anos\\\/#primaryimage\"},\"thumbnailUrl\":\"https:\\\/\\\/www.eldiario.net\\\/portal\\\/wp-content\\\/uploads\\\/2025\\\/03\\\/F-3-VPH.jpg\",\"articleSection\":[\"Nacional\"],\"inLanguage\":\"es\"},{\"@type\":\"WebPage\",\"@id\":\"https:\\\/\\\/www.eldiario.net\\\/portal\\\/2025\\\/03\\\/29\\\/amplian-vacunacion-contra-vph-a-personas-de-14-anos\\\/\",\"url\":\"https:\\\/\\\/www.eldiario.net\\\/portal\\\/2025\\\/03\\\/29\\\/amplian-vacunacion-contra-vph-a-personas-de-14-anos\\\/\",\"name\":\"Ampl\u00edan vacunaci\u00f3n contra VPH a personas de 14 a\u00f1os - El Diario - Bolivia\",\"isPartOf\":{\"@id\":\"https:\\\/\\\/www.eldiario.net\\\/portal\\\/#website\"},\"primaryImageOfPage\":{\"@id\":\"https:\\\/\\\/www.eldiario.net\\\/portal\\\/2025\\\/03\\\/29\\\/amplian-vacunacion-contra-vph-a-personas-de-14-anos\\\/#primaryimage\"},\"image\":{\"@id\":\"https:\\\/\\\/www.eldiario.net\\\/portal\\\/2025\\\/03\\\/29\\\/amplian-vacunacion-contra-vph-a-personas-de-14-anos\\\/#primaryimage\"},\"thumbnailUrl\":\"https:\\\/\\\/www.eldiario.net\\\/portal\\\/wp-content\\\/uploads\\\/2025\\\/03\\\/F-3-VPH.jpg\",\"datePublished\":\"2025-03-29T10:46:37+00:00\",\"breadcrumb\":{\"@id\":\"https:\\\/\\\/www.eldiario.net\\\/portal\\\/2025\\\/03\\\/29\\\/amplian-vacunacion-contra-vph-a-personas-de-14-anos\\\/#breadcrumb\"},\"inLanguage\":\"es\",\"potentialAction\":[{\"@type\":\"ReadAction\",\"target\":[\"https:\\\/\\\/www.eldiario.net\\\/portal\\\/2025\\\/03\\\/29\\\/amplian-vacunacion-contra-vph-a-personas-de-14-anos\\\/\"]}]},{\"@type\":\"ImageObject\",\"inLanguage\":\"es\",\"@id\":\"https:\\\/\\\/www.eldiario.net\\\/portal\\\/2025\\\/03\\\/29\\\/amplian-vacunacion-contra-vph-a-personas-de-14-anos\\\/#primaryimage\",\"url\":\"https:\\\/\\\/www.eldiario.net\\\/portal\\\/wp-content\\\/uploads\\\/2025\\\/03\\\/F-3-VPH.jpg\",\"contentUrl\":\"https:\\\/\\\/www.eldiario.net\\\/portal\\\/wp-content\\\/uploads\\\/2025\\\/03\\\/F-3-VPH.jpg\",\"width\":1200,\"height\":800,\"caption\":\"Las inoculaciones est\u00e1n en todos los centros de salud.\"},{\"@type\":\"BreadcrumbList\",\"@id\":\"https:\\\/\\\/www.eldiario.net\\\/portal\\\/2025\\\/03\\\/29\\\/amplian-vacunacion-contra-vph-a-personas-de-14-anos\\\/#breadcrumb\",\"itemListElement\":[{\"@type\":\"ListItem\",\"position\":1,\"name\":\"Portada\",\"item\":\"https:\\\/\\\/www.eldiario.net\\\/portal\\\/\"},{\"@type\":\"ListItem\",\"position\":2,\"name\":\"Ampl\u00edan vacunaci\u00f3n contra VPH a personas de 14 a\u00f1os\"}]},{\"@type\":\"WebSite\",\"@id\":\"https:\\\/\\\/www.eldiario.net\\\/portal\\\/#website\",\"url\":\"https:\\\/\\\/www.eldiario.net\\\/portal\\\/\",\"name\":\"El Diario - Decano de la prensa nacional\",\"description\":\"El Diario - Decano de la prensa nacional\",\"publisher\":{\"@id\":\"https:\\\/\\\/www.eldiario.net\\\/portal\\\/#organization\"},\"potentialAction\":[{\"@type\":\"SearchAction\",\"target\":{\"@type\":\"EntryPoint\",\"urlTemplate\":\"https:\\\/\\\/www.eldiario.net\\\/portal\\\/?s={search_term_string}\"},\"query-input\":{\"@type\":\"PropertyValueSpecification\",\"valueRequired\":true,\"valueName\":\"search_term_string\"}}],\"inLanguage\":\"es\"},{\"@type\":\"Organization\",\"@id\":\"https:\\\/\\\/www.eldiario.net\\\/portal\\\/#organization\",\"name\":\"El Diario - Decano de la prensa nacional\",\"url\":\"https:\\\/\\\/www.eldiario.net\\\/portal\\\/\",\"logo\":{\"@type\":\"ImageObject\",\"inLanguage\":\"es\",\"@id\":\"https:\\\/\\\/www.eldiario.net\\\/portal\\\/#\\\/schema\\\/logo\\\/image\\\/\",\"url\":\"https:\\\/\\\/www.eldiario.net\\\/portal\\\/wp-content\\\/uploads\\\/2023\\\/07\\\/logo_ED.jpg\",\"contentUrl\":\"https:\\\/\\\/www.eldiario.net\\\/portal\\\/wp-content\\\/uploads\\\/2023\\\/07\\\/logo_ED.jpg\",\"width\":272,\"height\":52,\"caption\":\"El Diario - Decano de la prensa nacional\"},\"image\":{\"@id\":\"https:\\\/\\\/www.eldiario.net\\\/portal\\\/#\\\/schema\\\/logo\\\/image\\\/\"},\"sameAs\":[\"https:\\\/\\\/www.facebook.com\\\/eldiario.bolivia\\\/\",\"https:\\\/\\\/x.com\\\/eldiario_net\"]},{\"@type\":\"Person\",\"@id\":\"https:\\\/\\\/www.eldiario.net\\\/portal\\\/#\\\/schema\\\/person\\\/f46445640444750d7d753ccd04ae01b7\",\"name\":\"Jeanette\",\"image\":{\"@type\":\"ImageObject\",\"inLanguage\":\"es\",\"@id\":\"https:\\\/\\\/secure.gravatar.com\\\/avatar\\\/3ea2118a5f7dad2b7138b1187a6b7ee55f160b9968b66013c3a3ef39dd7e5798?s=96&d=mm&r=g\",\"url\":\"https:\\\/\\\/secure.gravatar.com\\\/avatar\\\/3ea2118a5f7dad2b7138b1187a6b7ee55f160b9968b66013c3a3ef39dd7e5798?s=96&d=mm&r=g\",\"contentUrl\":\"https:\\\/\\\/secure.gravatar.com\\\/avatar\\\/3ea2118a5f7dad2b7138b1187a6b7ee55f160b9968b66013c3a3ef39dd7e5798?s=96&d=mm&r=g\",\"caption\":\"Jeanette\"},\"sameAs\":[\"https:\\\/\\\/www.eldiario.net\\\/portal\"],\"url\":\"https:\\\/\\\/www.eldiario.net\\\/portal\\\/author\\\/jeanette\\\/\"}]}<\/script>\n<!-- \/ Yoast SEO plugin. -->","yoast_head_json":{"title":"Ampl\u00edan vacunaci\u00f3n contra VPH a personas de 14 a\u00f1os - El Diario - Bolivia","robots":{"index":"index","follow":"follow","max-snippet":"max-snippet:-1","max-image-preview":"max-image-preview:large","max-video-preview":"max-video-preview:-1"},"canonical":"https:\/\/www.eldiario.net\/portal\/2025\/03\/29\/amplian-vacunacion-contra-vph-a-personas-de-14-anos\/","og_locale":"es_ES","og_type":"article","og_title":"Ampl\u00edan vacunaci\u00f3n contra VPH a personas de 14 a\u00f1os - El Diario - Bolivia","og_description":"Con el prop\u00f3sito de prevenir el c\u00e1ncer de cuello uterino, el Servicio Departamental de Salud (Sedes) La Paz dispuso la ampliaci\u00f3n de la aplicaci\u00f3n de la vacuna contra el Virus del Papiloma Humano (VPH) hasta adolescentes de 14 a\u00f1os. \u201cSe ha ampliado la edad de vacunaci\u00f3n de los ni\u00f1os, dosis \u00fanica de la vacuna VPH [&hellip;]","og_url":"https:\/\/www.eldiario.net\/portal\/2025\/03\/29\/amplian-vacunacion-contra-vph-a-personas-de-14-anos\/","og_site_name":"El Diario - Bolivia","article_publisher":"https:\/\/www.facebook.com\/eldiario.bolivia\/","article_published_time":"2025-03-29T10:46:37+00:00","og_image":[{"width":1200,"height":800,"url":"https:\/\/www.eldiario.net\/portal\/wp-content\/uploads\/2025\/03\/F-3-VPH.jpg","type":"image\/jpeg"}],"author":"Jeanette","twitter_card":"summary_large_image","twitter_creator":"@eldiario_net","twitter_site":"@eldiario_net","twitter_misc":{"Escrito por":"Jeanette","Tiempo de lectura":"3 minutos"},"schema":{"@context":"https:\/\/schema.org","@graph":[{"@type":"Article","@id":"https:\/\/www.eldiario.net\/portal\/2025\/03\/29\/amplian-vacunacion-contra-vph-a-personas-de-14-anos\/#article","isPartOf":{"@id":"https:\/\/www.eldiario.net\/portal\/2025\/03\/29\/amplian-vacunacion-contra-vph-a-personas-de-14-anos\/"},"author":{"name":"Jeanette","@id":"https:\/\/www.eldiario.net\/portal\/#\/schema\/person\/f46445640444750d7d753ccd04ae01b7"},"headline":"Ampl\u00edan vacunaci\u00f3n contra VPH a personas de 14 a\u00f1os","datePublished":"2025-03-29T10:46:37+00:00","mainEntityOfPage":{"@id":"https:\/\/www.eldiario.net\/portal\/2025\/03\/29\/amplian-vacunacion-contra-vph-a-personas-de-14-anos\/"},"wordCount":438,"publisher":{"@id":"https:\/\/www.eldiario.net\/portal\/#organization"},"image":{"@id":"https:\/\/www.eldiario.net\/portal\/2025\/03\/29\/amplian-vacunacion-contra-vph-a-personas-de-14-anos\/#primaryimage"},"thumbnailUrl":"https:\/\/www.eldiario.net\/portal\/wp-content\/uploads\/2025\/03\/F-3-VPH.jpg","articleSection":["Nacional"],"inLanguage":"es"},{"@type":"WebPage","@id":"https:\/\/www.eldiario.net\/portal\/2025\/03\/29\/amplian-vacunacion-contra-vph-a-personas-de-14-anos\/","url":"https:\/\/www.eldiario.net\/portal\/2025\/03\/29\/amplian-vacunacion-contra-vph-a-personas-de-14-anos\/","name":"Ampl\u00edan vacunaci\u00f3n contra VPH a personas de 14 a\u00f1os - El Diario - Bolivia","isPartOf":{"@id":"https:\/\/www.eldiario.net\/portal\/#website"},"primaryImageOfPage":{"@id":"https:\/\/www.eldiario.net\/portal\/2025\/03\/29\/amplian-vacunacion-contra-vph-a-personas-de-14-anos\/#primaryimage"},"image":{"@id":"https:\/\/www.eldiario.net\/portal\/2025\/03\/29\/amplian-vacunacion-contra-vph-a-personas-de-14-anos\/#primaryimage"},"thumbnailUrl":"https:\/\/www.eldiario.net\/portal\/wp-content\/uploads\/2025\/03\/F-3-VPH.jpg","datePublished":"2025-03-29T10:46:37+00:00","breadcrumb":{"@id":"https:\/\/www.eldiario.net\/portal\/2025\/03\/29\/amplian-vacunacion-contra-vph-a-personas-de-14-anos\/#breadcrumb"},"inLanguage":"es","potentialAction":[{"@type":"ReadAction","target":["https:\/\/www.eldiario.net\/portal\/2025\/03\/29\/amplian-vacunacion-contra-vph-a-personas-de-14-anos\/"]}]},{"@type":"ImageObject","inLanguage":"es","@id":"https:\/\/www.eldiario.net\/portal\/2025\/03\/29\/amplian-vacunacion-contra-vph-a-personas-de-14-anos\/#primaryimage","url":"https:\/\/www.eldiario.net\/portal\/wp-content\/uploads\/2025\/03\/F-3-VPH.jpg","contentUrl":"https:\/\/www.eldiario.net\/portal\/wp-content\/uploads\/2025\/03\/F-3-VPH.jpg","width":1200,"height":800,"caption":"Las inoculaciones est\u00e1n en todos los centros de salud."},{"@type":"BreadcrumbList","@id":"https:\/\/www.eldiario.net\/portal\/2025\/03\/29\/amplian-vacunacion-contra-vph-a-personas-de-14-anos\/#breadcrumb","itemListElement":[{"@type":"ListItem","position":1,"name":"Portada","item":"https:\/\/www.eldiario.net\/portal\/"},{"@type":"ListItem","position":2,"name":"Ampl\u00edan vacunaci\u00f3n contra VPH a personas de 14 a\u00f1os"}]},{"@type":"WebSite","@id":"https:\/\/www.eldiario.net\/portal\/#website","url":"https:\/\/www.eldiario.net\/portal\/","name":"El Diario - Decano de la prensa nacional","description":"El Diario - Decano de la prensa nacional","publisher":{"@id":"https:\/\/www.eldiario.net\/portal\/#organization"},"potentialAction":[{"@type":"SearchAction","target":{"@type":"EntryPoint","urlTemplate":"https:\/\/www.eldiario.net\/portal\/?s={search_term_string}"},"query-input":{"@type":"PropertyValueSpecification","valueRequired":true,"valueName":"search_term_string"}}],"inLanguage":"es"},{"@type":"Organization","@id":"https:\/\/www.eldiario.net\/portal\/#organization","name":"El Diario - Decano de la prensa nacional","url":"https:\/\/www.eldiario.net\/portal\/","logo":{"@type":"ImageObject","inLanguage":"es","@id":"https:\/\/www.eldiario.net\/portal\/#\/schema\/logo\/image\/","url":"https:\/\/www.eldiario.net\/portal\/wp-content\/uploads\/2023\/07\/logo_ED.jpg","contentUrl":"https:\/\/www.eldiario.net\/portal\/wp-content\/uploads\/2023\/07\/logo_ED.jpg","width":272,"height":52,"caption":"El Diario - Decano de la prensa nacional"},"image":{"@id":"https:\/\/www.eldiario.net\/portal\/#\/schema\/logo\/image\/"},"sameAs":["https:\/\/www.facebook.com\/eldiario.bolivia\/","https:\/\/x.com\/eldiario_net"]},{"@type":"Person","@id":"https:\/\/www.eldiario.net\/portal\/#\/schema\/person\/f46445640444750d7d753ccd04ae01b7","name":"Jeanette","image":{"@type":"ImageObject","inLanguage":"es","@id":"https:\/\/secure.gravatar.com\/avatar\/3ea2118a5f7dad2b7138b1187a6b7ee55f160b9968b66013c3a3ef39dd7e5798?s=96&d=mm&r=g","url":"https:\/\/secure.gravatar.com\/avatar\/3ea2118a5f7dad2b7138b1187a6b7ee55f160b9968b66013c3a3ef39dd7e5798?s=96&d=mm&r=g","contentUrl":"https:\/\/secure.gravatar.com\/avatar\/3ea2118a5f7dad2b7138b1187a6b7ee55f160b9968b66013c3a3ef39dd7e5798?s=96&d=mm&r=g","caption":"Jeanette"},"sameAs":["https:\/\/www.eldiario.net\/portal"],"url":"https:\/\/www.eldiario.net\/portal\/author\/jeanette\/"}]}},"_links":{"self":[{"href":"https:\/\/www.eldiario.net\/portal\/wp-json\/wp\/v2\/posts\/291581","targetHints":{"allow":["GET"]}}],"collection":[{"href":"https:\/\/www.eldiario.net\/portal\/wp-json\/wp\/v2\/posts"}],"about":[{"href":"https:\/\/www.eldiario.net\/portal\/wp-json\/wp\/v2\/types\/post"}],"author":[{"embeddable":true,"href":"https:\/\/www.eldiario.net\/portal\/wp-json\/wp\/v2\/users\/1"}],"replies":[{"embeddable":true,"href":"https:\/\/www.eldiario.net\/portal\/wp-json\/wp\/v2\/comments?post=291581"}],"version-history":[{"count":1,"href":"https:\/\/www.eldiario.net\/portal\/wp-json\/wp\/v2\/posts\/291581\/revisions"}],"predecessor-version":[{"id":291583,"href":"https:\/\/www.eldiario.net\/portal\/wp-json\/wp\/v2\/posts\/291581\/revisions\/291583"}],"wp:featuredmedia":[{"embeddable":true,"href":"https:\/\/www.eldiario.net\/portal\/wp-json\/wp\/v2\/media\/291582"}],"wp:attachment":[{"href":"https:\/\/www.eldiario.net\/portal\/wp-json\/wp\/v2\/media?parent=291581"}],"wp:term":[{"taxonomy":"category","embeddable":true,"href":"https:\/\/www.eldiario.net\/portal\/wp-json\/wp\/v2\/categories?post=291581"},{"taxonomy":"post_tag","embeddable":true,"href":"https:\/\/www.eldiario.net\/portal\/wp-json\/wp\/v2\/tags?post=291581"}],"curies":[{"name":"wp","href":"https:\/\/api.w.org\/{rel}","templated":true}]}}