{"id":291575,"date":"2025-03-29T06:40:11","date_gmt":"2025-03-29T10:40:11","guid":{"rendered":"https:\/\/www.eldiario.net\/portal\/?p=291575"},"modified":"2025-03-29T08:54:41","modified_gmt":"2025-03-29T12:54:41","slug":"fortin-de-palitos-no-impedira-la-aprehension-de-evo-morales","status":"publish","type":"post","link":"https:\/\/www.eldiario.net\/portal\/2025\/03\/29\/fortin-de-palitos-no-impedira-la-aprehension-de-evo-morales\/","title":{"rendered":"Fort\u00edn de \u00abpalitos\u00bb no impedir\u00e1 la aprehensi\u00f3n de Evo Morales"},"content":{"rendered":"<p>El ministro de Gobierno, Eduardo Del Castillo, asever\u00f3 que ning\u00fan \u201cfort\u00edn de palitos\u201d, como uno que fue apostado en el Tr\u00f3pico de Cochabamba, impedir\u00e1 el ingreso de la Polic\u00eda para cumplir con la aprehensi\u00f3n del expresidente Evo Morales cuando existan las condiciones materiales para tal operativo.<\/p>\n<p>Las declaraciones del ministro se pronunciaron en referencia a la vigilia permanente que mantiene el s\u00e9quito \u201cevista\u201d en el sector del Chapare, en Cochabamba, donde se report\u00f3 que decenas de seguidores de Morales est\u00e1n armados con palos para impedir el ingreso de las fuerzas del orden a su regi\u00f3n.<\/p>\n<p>Como parte de estas medidas de \u201catrincheramiento\u201d de Morales en Lauca \u00d1, un grupo de seguidores del expresidente arm\u00f3 una especie de fort\u00edn con palos de madera para resguardar al dirigente cocalero ante una eventual detenci\u00f3n, en cumplimiento de una orden de apremio emitida dentro de una denuncia penal por presunta trata de personas con agravante.<\/p>\n<p>\u201cMorales lo que est\u00e1 haciendo es, lamentablemente lo digo con un adjetivo, una ridiculizaci\u00f3n de la regi\u00f3n del Tr\u00f3pico de Cochabamba. Nadie cree que estos fortines, estos palitos que est\u00e1n poniendo, vayan a impedir que la Polic\u00eda boliviana vaya a realizar su trabajo\u201d, advirti\u00f3 Del Castillo en conferencia de prensa.<\/p>\n<p>Seg\u00fan la autoridad de Gobierno, la intenci\u00f3n del expresidente es provocar el derramamiento de sangre de civiles y elementos policiales para obtener r\u00e9dito pol\u00edtico a trav\u00e9s de la victimizaci\u00f3n. En tal sentido, enfatiz\u00f3 que el Gobierno no caer\u00e1 en estas provocaciones y emprender\u00e1 la captura cuando existan las \u201ccondiciones materiales\u201d necesarias para ello.<\/p>\n<p>\u201cNo olvidemos que este se\u00f1or Morales est\u00e1 acostumbrado a crecer pol\u00edticamente a trav\u00e9s de la victimizaci\u00f3n y a trav\u00e9s de los enfrentamientos en la poblaci\u00f3n. Este sujeto lo que est\u00e1 buscando es un enfrentamiento entre la poblaci\u00f3n civil y la Polic\u00eda boliviana buscando p\u00e9rdidas de vidas humanas\u201d, agreg\u00f3 a los medios.<\/p>\n<p>Del Castillo considera que el problema no es ingresar a la zona del Tr\u00f3pico, basti\u00f3n pol\u00edtico y sindical de Morales, sino el riesgo que supone la salida del personal uniformado, momento en el que el expresidente buscar\u00e1 un enfrentamiento que derive en la muerte de alguna persona.<\/p>\n<p>&nbsp;<\/p>\n<p>ANTECEDENTES<\/p>\n<p>Morales qued\u00f3 relegado en el Chapare desde noviembre de 2024, luego de conocerse una primera orden de aprehensi\u00f3n en su contra, por la acusaci\u00f3n que enfrenta por presunta trata de personas con agravante, en la que se lo involucra con una menor con quien habr\u00eda tenido relaciones sexuales en 2015 y, producto de ello, una hija, mientras era Presidente del Estado.<\/p>\n<p>En un certificado de nacimiento emitido en Yacuiba en 2016, Morales figura como el padre de una ni\u00f1a, cuya madre ser\u00eda la menor antes mencionada, de iniciales C. S. V. P., quien actualmente tiene 25 a\u00f1os.<\/p>\n<p>Luego de que Morales no se presentara a comparecer a una audiencia por este caso, la Fiscal\u00eda emiti\u00f3 una orden de aprehensi\u00f3n el 17 de marzo, la cual a la fecha no fue ejecutada, pues queda pendiente su remisi\u00f3n a la Polic\u00eda, seg\u00fan Del Castillo.<\/p>\n","protected":false},"excerpt":{"rendered":"<p>El ministro de Gobierno, Eduardo Del Castillo, asever\u00f3 que ning\u00fan \u201cfort\u00edn de palitos\u201d, como uno que fue apostado en el Tr\u00f3pico de Cochabamba, impedir\u00e1 el ingreso de la Polic\u00eda para cumplir con la aprehensi\u00f3n del expresidente Evo Morales cuando existan las condiciones materiales para tal operativo. Las declaraciones del ministro se pronunciaron en referencia a [&hellip;]<\/p>\n","protected":false},"author":1,"featured_media":291576,"comment_status":"closed","ping_status":"open","sticky":false,"template":"","format":"standard","meta":{"_acf_changed":false,"footnotes":""},"categories":[39],"tags":[],"class_list":["post-291575","post","type-post","status-publish","format-standard","has-post-thumbnail","category-sociedad"],"acf":{"antetitulo":"Seg\u00fan Del Castillo "},"yoast_head":"<!-- This site is optimized with the Yoast SEO plugin v28.3 - https:\/\/yoast.com\/product\/yoast-seo-wordpress\/ -->\n<title>Fort\u00edn de &quot;palitos&quot; no impedir\u00e1 la aprehensi\u00f3n de Evo Morales - El Diario - Bolivia<\/title>\n<meta name=\"robots\" content=\"index, follow, max-snippet:-1, max-image-preview:large, max-video-preview:-1\" \/>\n<link rel=\"canonical\" href=\"https:\/\/www.eldiario.net\/portal\/2025\/03\/29\/fortin-de-palitos-no-impedira-la-aprehension-de-evo-morales\/\" \/>\n<meta property=\"og:locale\" content=\"es_ES\" \/>\n<meta property=\"og:type\" content=\"article\" \/>\n<meta property=\"og:title\" content=\"Fort\u00edn de &quot;palitos&quot; no impedir\u00e1 la aprehensi\u00f3n de Evo Morales - El Diario - Bolivia\" \/>\n<meta property=\"og:description\" content=\"El ministro de Gobierno, Eduardo Del Castillo, asever\u00f3 que ning\u00fan \u201cfort\u00edn de palitos\u201d, como uno que fue apostado en el Tr\u00f3pico de Cochabamba, impedir\u00e1 el ingreso de la Polic\u00eda para cumplir con la aprehensi\u00f3n del expresidente Evo Morales cuando existan las condiciones materiales para tal operativo. Las declaraciones del ministro se pronunciaron en referencia a [&hellip;]\" \/>\n<meta property=\"og:url\" content=\"https:\/\/www.eldiario.net\/portal\/2025\/03\/29\/fortin-de-palitos-no-impedira-la-aprehension-de-evo-morales\/\" \/>\n<meta property=\"og:site_name\" content=\"El Diario - Bolivia\" \/>\n<meta property=\"article:publisher\" content=\"https:\/\/www.facebook.com\/eldiario.bolivia\/\" \/>\n<meta property=\"article:published_time\" content=\"2025-03-29T10:40:11+00:00\" \/>\n<meta property=\"article:modified_time\" content=\"2025-03-29T12:54:41+00:00\" \/>\n<meta property=\"og:image\" content=\"https:\/\/www.eldiario.net\/portal\/wp-content\/uploads\/2025\/03\/29-FORTIN.jpg\" \/>\n\t<meta property=\"og:image:width\" content=\"1200\" \/>\n\t<meta property=\"og:image:height\" content=\"683\" \/>\n\t<meta property=\"og:image:type\" content=\"image\/jpeg\" \/>\n<meta name=\"author\" content=\"Jeanette\" \/>\n<meta name=\"twitter:card\" content=\"summary_large_image\" \/>\n<meta name=\"twitter:creator\" content=\"@eldiario_net\" \/>\n<meta name=\"twitter:site\" content=\"@eldiario_net\" \/>\n<meta name=\"twitter:label1\" content=\"Escrito por\" \/>\n\t<meta name=\"twitter:data1\" content=\"Jeanette\" \/>\n\t<meta name=\"twitter:label2\" content=\"Tiempo de lectura\" \/>\n\t<meta name=\"twitter:data2\" content=\"3 minutos\" \/>\n<script type=\"application\/ld+json\" class=\"yoast-schema-graph\">{\"@context\":\"https:\\\/\\\/schema.org\",\"@graph\":[{\"@type\":\"Article\",\"@id\":\"https:\\\/\\\/www.eldiario.net\\\/portal\\\/2025\\\/03\\\/29\\\/fortin-de-palitos-no-impedira-la-aprehension-de-evo-morales\\\/#article\",\"isPartOf\":{\"@id\":\"https:\\\/\\\/www.eldiario.net\\\/portal\\\/2025\\\/03\\\/29\\\/fortin-de-palitos-no-impedira-la-aprehension-de-evo-morales\\\/\"},\"author\":{\"name\":\"Jeanette\",\"@id\":\"https:\\\/\\\/www.eldiario.net\\\/portal\\\/#\\\/schema\\\/person\\\/f46445640444750d7d753ccd04ae01b7\"},\"headline\":\"Fort\u00edn de \u00abpalitos\u00bb no impedir\u00e1 la aprehensi\u00f3n de Evo Morales\",\"datePublished\":\"2025-03-29T10:40:11+00:00\",\"dateModified\":\"2025-03-29T12:54:41+00:00\",\"mainEntityOfPage\":{\"@id\":\"https:\\\/\\\/www.eldiario.net\\\/portal\\\/2025\\\/03\\\/29\\\/fortin-de-palitos-no-impedira-la-aprehension-de-evo-morales\\\/\"},\"wordCount\":546,\"publisher\":{\"@id\":\"https:\\\/\\\/www.eldiario.net\\\/portal\\\/#organization\"},\"image\":{\"@id\":\"https:\\\/\\\/www.eldiario.net\\\/portal\\\/2025\\\/03\\\/29\\\/fortin-de-palitos-no-impedira-la-aprehension-de-evo-morales\\\/#primaryimage\"},\"thumbnailUrl\":\"https:\\\/\\\/www.eldiario.net\\\/portal\\\/wp-content\\\/uploads\\\/2025\\\/03\\\/29-FORTIN.jpg\",\"articleSection\":[\"Sociedad - Seguridad\"],\"inLanguage\":\"es\"},{\"@type\":\"WebPage\",\"@id\":\"https:\\\/\\\/www.eldiario.net\\\/portal\\\/2025\\\/03\\\/29\\\/fortin-de-palitos-no-impedira-la-aprehension-de-evo-morales\\\/\",\"url\":\"https:\\\/\\\/www.eldiario.net\\\/portal\\\/2025\\\/03\\\/29\\\/fortin-de-palitos-no-impedira-la-aprehension-de-evo-morales\\\/\",\"name\":\"Fort\u00edn de \\\"palitos\\\" no impedir\u00e1 la aprehensi\u00f3n de Evo Morales - El Diario - Bolivia\",\"isPartOf\":{\"@id\":\"https:\\\/\\\/www.eldiario.net\\\/portal\\\/#website\"},\"primaryImageOfPage\":{\"@id\":\"https:\\\/\\\/www.eldiario.net\\\/portal\\\/2025\\\/03\\\/29\\\/fortin-de-palitos-no-impedira-la-aprehension-de-evo-morales\\\/#primaryimage\"},\"image\":{\"@id\":\"https:\\\/\\\/www.eldiario.net\\\/portal\\\/2025\\\/03\\\/29\\\/fortin-de-palitos-no-impedira-la-aprehension-de-evo-morales\\\/#primaryimage\"},\"thumbnailUrl\":\"https:\\\/\\\/www.eldiario.net\\\/portal\\\/wp-content\\\/uploads\\\/2025\\\/03\\\/29-FORTIN.jpg\",\"datePublished\":\"2025-03-29T10:40:11+00:00\",\"dateModified\":\"2025-03-29T12:54:41+00:00\",\"breadcrumb\":{\"@id\":\"https:\\\/\\\/www.eldiario.net\\\/portal\\\/2025\\\/03\\\/29\\\/fortin-de-palitos-no-impedira-la-aprehension-de-evo-morales\\\/#breadcrumb\"},\"inLanguage\":\"es\",\"potentialAction\":[{\"@type\":\"ReadAction\",\"target\":[\"https:\\\/\\\/www.eldiario.net\\\/portal\\\/2025\\\/03\\\/29\\\/fortin-de-palitos-no-impedira-la-aprehension-de-evo-morales\\\/\"]}]},{\"@type\":\"ImageObject\",\"inLanguage\":\"es\",\"@id\":\"https:\\\/\\\/www.eldiario.net\\\/portal\\\/2025\\\/03\\\/29\\\/fortin-de-palitos-no-impedira-la-aprehension-de-evo-morales\\\/#primaryimage\",\"url\":\"https:\\\/\\\/www.eldiario.net\\\/portal\\\/wp-content\\\/uploads\\\/2025\\\/03\\\/29-FORTIN.jpg\",\"contentUrl\":\"https:\\\/\\\/www.eldiario.net\\\/portal\\\/wp-content\\\/uploads\\\/2025\\\/03\\\/29-FORTIN.jpg\",\"width\":1200,\"height\":683,\"caption\":\"Barricada \u201cevista\u201d instalada en Lauca \u00d1, en defensa del expresidente Morales. Cr\u00e9ditos: RRSS\"},{\"@type\":\"BreadcrumbList\",\"@id\":\"https:\\\/\\\/www.eldiario.net\\\/portal\\\/2025\\\/03\\\/29\\\/fortin-de-palitos-no-impedira-la-aprehension-de-evo-morales\\\/#breadcrumb\",\"itemListElement\":[{\"@type\":\"ListItem\",\"position\":1,\"name\":\"Portada\",\"item\":\"https:\\\/\\\/www.eldiario.net\\\/portal\\\/\"},{\"@type\":\"ListItem\",\"position\":2,\"name\":\"Fort\u00edn de \u00abpalitos\u00bb no impedir\u00e1 la aprehensi\u00f3n de Evo Morales\"}]},{\"@type\":\"WebSite\",\"@id\":\"https:\\\/\\\/www.eldiario.net\\\/portal\\\/#website\",\"url\":\"https:\\\/\\\/www.eldiario.net\\\/portal\\\/\",\"name\":\"El Diario - Decano de la prensa nacional\",\"description\":\"El Diario - Decano de la prensa nacional\",\"publisher\":{\"@id\":\"https:\\\/\\\/www.eldiario.net\\\/portal\\\/#organization\"},\"potentialAction\":[{\"@type\":\"SearchAction\",\"target\":{\"@type\":\"EntryPoint\",\"urlTemplate\":\"https:\\\/\\\/www.eldiario.net\\\/portal\\\/?s={search_term_string}\"},\"query-input\":{\"@type\":\"PropertyValueSpecification\",\"valueRequired\":true,\"valueName\":\"search_term_string\"}}],\"inLanguage\":\"es\"},{\"@type\":\"Organization\",\"@id\":\"https:\\\/\\\/www.eldiario.net\\\/portal\\\/#organization\",\"name\":\"El Diario - Decano de la prensa nacional\",\"url\":\"https:\\\/\\\/www.eldiario.net\\\/portal\\\/\",\"logo\":{\"@type\":\"ImageObject\",\"inLanguage\":\"es\",\"@id\":\"https:\\\/\\\/www.eldiario.net\\\/portal\\\/#\\\/schema\\\/logo\\\/image\\\/\",\"url\":\"https:\\\/\\\/www.eldiario.net\\\/portal\\\/wp-content\\\/uploads\\\/2023\\\/07\\\/logo_ED.jpg\",\"contentUrl\":\"https:\\\/\\\/www.eldiario.net\\\/portal\\\/wp-content\\\/uploads\\\/2023\\\/07\\\/logo_ED.jpg\",\"width\":272,\"height\":52,\"caption\":\"El Diario - Decano de la prensa nacional\"},\"image\":{\"@id\":\"https:\\\/\\\/www.eldiario.net\\\/portal\\\/#\\\/schema\\\/logo\\\/image\\\/\"},\"sameAs\":[\"https:\\\/\\\/www.facebook.com\\\/eldiario.bolivia\\\/\",\"https:\\\/\\\/x.com\\\/eldiario_net\"]},{\"@type\":\"Person\",\"@id\":\"https:\\\/\\\/www.eldiario.net\\\/portal\\\/#\\\/schema\\\/person\\\/f46445640444750d7d753ccd04ae01b7\",\"name\":\"Jeanette\",\"image\":{\"@type\":\"ImageObject\",\"inLanguage\":\"es\",\"@id\":\"https:\\\/\\\/secure.gravatar.com\\\/avatar\\\/3ea2118a5f7dad2b7138b1187a6b7ee55f160b9968b66013c3a3ef39dd7e5798?s=96&d=mm&r=g\",\"url\":\"https:\\\/\\\/secure.gravatar.com\\\/avatar\\\/3ea2118a5f7dad2b7138b1187a6b7ee55f160b9968b66013c3a3ef39dd7e5798?s=96&d=mm&r=g\",\"contentUrl\":\"https:\\\/\\\/secure.gravatar.com\\\/avatar\\\/3ea2118a5f7dad2b7138b1187a6b7ee55f160b9968b66013c3a3ef39dd7e5798?s=96&d=mm&r=g\",\"caption\":\"Jeanette\"},\"sameAs\":[\"https:\\\/\\\/www.eldiario.net\\\/portal\"],\"url\":\"https:\\\/\\\/www.eldiario.net\\\/portal\\\/author\\\/jeanette\\\/\"}]}<\/script>\n<!-- \/ Yoast SEO plugin. -->","yoast_head_json":{"title":"Fort\u00edn de \"palitos\" no impedir\u00e1 la aprehensi\u00f3n de Evo Morales - El Diario - Bolivia","robots":{"index":"index","follow":"follow","max-snippet":"max-snippet:-1","max-image-preview":"max-image-preview:large","max-video-preview":"max-video-preview:-1"},"canonical":"https:\/\/www.eldiario.net\/portal\/2025\/03\/29\/fortin-de-palitos-no-impedira-la-aprehension-de-evo-morales\/","og_locale":"es_ES","og_type":"article","og_title":"Fort\u00edn de \"palitos\" no impedir\u00e1 la aprehensi\u00f3n de Evo Morales - El Diario - Bolivia","og_description":"El ministro de Gobierno, Eduardo Del Castillo, asever\u00f3 que ning\u00fan \u201cfort\u00edn de palitos\u201d, como uno que fue apostado en el Tr\u00f3pico de Cochabamba, impedir\u00e1 el ingreso de la Polic\u00eda para cumplir con la aprehensi\u00f3n del expresidente Evo Morales cuando existan las condiciones materiales para tal operativo. Las declaraciones del ministro se pronunciaron en referencia a [&hellip;]","og_url":"https:\/\/www.eldiario.net\/portal\/2025\/03\/29\/fortin-de-palitos-no-impedira-la-aprehension-de-evo-morales\/","og_site_name":"El Diario - Bolivia","article_publisher":"https:\/\/www.facebook.com\/eldiario.bolivia\/","article_published_time":"2025-03-29T10:40:11+00:00","article_modified_time":"2025-03-29T12:54:41+00:00","og_image":[{"width":1200,"height":683,"url":"https:\/\/www.eldiario.net\/portal\/wp-content\/uploads\/2025\/03\/29-FORTIN.jpg","type":"image\/jpeg"}],"author":"Jeanette","twitter_card":"summary_large_image","twitter_creator":"@eldiario_net","twitter_site":"@eldiario_net","twitter_misc":{"Escrito por":"Jeanette","Tiempo de lectura":"3 minutos"},"schema":{"@context":"https:\/\/schema.org","@graph":[{"@type":"Article","@id":"https:\/\/www.eldiario.net\/portal\/2025\/03\/29\/fortin-de-palitos-no-impedira-la-aprehension-de-evo-morales\/#article","isPartOf":{"@id":"https:\/\/www.eldiario.net\/portal\/2025\/03\/29\/fortin-de-palitos-no-impedira-la-aprehension-de-evo-morales\/"},"author":{"name":"Jeanette","@id":"https:\/\/www.eldiario.net\/portal\/#\/schema\/person\/f46445640444750d7d753ccd04ae01b7"},"headline":"Fort\u00edn de \u00abpalitos\u00bb no impedir\u00e1 la aprehensi\u00f3n de Evo Morales","datePublished":"2025-03-29T10:40:11+00:00","dateModified":"2025-03-29T12:54:41+00:00","mainEntityOfPage":{"@id":"https:\/\/www.eldiario.net\/portal\/2025\/03\/29\/fortin-de-palitos-no-impedira-la-aprehension-de-evo-morales\/"},"wordCount":546,"publisher":{"@id":"https:\/\/www.eldiario.net\/portal\/#organization"},"image":{"@id":"https:\/\/www.eldiario.net\/portal\/2025\/03\/29\/fortin-de-palitos-no-impedira-la-aprehension-de-evo-morales\/#primaryimage"},"thumbnailUrl":"https:\/\/www.eldiario.net\/portal\/wp-content\/uploads\/2025\/03\/29-FORTIN.jpg","articleSection":["Sociedad - Seguridad"],"inLanguage":"es"},{"@type":"WebPage","@id":"https:\/\/www.eldiario.net\/portal\/2025\/03\/29\/fortin-de-palitos-no-impedira-la-aprehension-de-evo-morales\/","url":"https:\/\/www.eldiario.net\/portal\/2025\/03\/29\/fortin-de-palitos-no-impedira-la-aprehension-de-evo-morales\/","name":"Fort\u00edn de \"palitos\" no impedir\u00e1 la aprehensi\u00f3n de Evo Morales - El Diario - Bolivia","isPartOf":{"@id":"https:\/\/www.eldiario.net\/portal\/#website"},"primaryImageOfPage":{"@id":"https:\/\/www.eldiario.net\/portal\/2025\/03\/29\/fortin-de-palitos-no-impedira-la-aprehension-de-evo-morales\/#primaryimage"},"image":{"@id":"https:\/\/www.eldiario.net\/portal\/2025\/03\/29\/fortin-de-palitos-no-impedira-la-aprehension-de-evo-morales\/#primaryimage"},"thumbnailUrl":"https:\/\/www.eldiario.net\/portal\/wp-content\/uploads\/2025\/03\/29-FORTIN.jpg","datePublished":"2025-03-29T10:40:11+00:00","dateModified":"2025-03-29T12:54:41+00:00","breadcrumb":{"@id":"https:\/\/www.eldiario.net\/portal\/2025\/03\/29\/fortin-de-palitos-no-impedira-la-aprehension-de-evo-morales\/#breadcrumb"},"inLanguage":"es","potentialAction":[{"@type":"ReadAction","target":["https:\/\/www.eldiario.net\/portal\/2025\/03\/29\/fortin-de-palitos-no-impedira-la-aprehension-de-evo-morales\/"]}]},{"@type":"ImageObject","inLanguage":"es","@id":"https:\/\/www.eldiario.net\/portal\/2025\/03\/29\/fortin-de-palitos-no-impedira-la-aprehension-de-evo-morales\/#primaryimage","url":"https:\/\/www.eldiario.net\/portal\/wp-content\/uploads\/2025\/03\/29-FORTIN.jpg","contentUrl":"https:\/\/www.eldiario.net\/portal\/wp-content\/uploads\/2025\/03\/29-FORTIN.jpg","width":1200,"height":683,"caption":"Barricada \u201cevista\u201d instalada en Lauca \u00d1, en defensa del expresidente Morales. Cr\u00e9ditos: RRSS"},{"@type":"BreadcrumbList","@id":"https:\/\/www.eldiario.net\/portal\/2025\/03\/29\/fortin-de-palitos-no-impedira-la-aprehension-de-evo-morales\/#breadcrumb","itemListElement":[{"@type":"ListItem","position":1,"name":"Portada","item":"https:\/\/www.eldiario.net\/portal\/"},{"@type":"ListItem","position":2,"name":"Fort\u00edn de \u00abpalitos\u00bb no impedir\u00e1 la aprehensi\u00f3n de Evo Morales"}]},{"@type":"WebSite","@id":"https:\/\/www.eldiario.net\/portal\/#website","url":"https:\/\/www.eldiario.net\/portal\/","name":"El Diario - Decano de la prensa nacional","description":"El Diario - Decano de la prensa nacional","publisher":{"@id":"https:\/\/www.eldiario.net\/portal\/#organization"},"potentialAction":[{"@type":"SearchAction","target":{"@type":"EntryPoint","urlTemplate":"https:\/\/www.eldiario.net\/portal\/?s={search_term_string}"},"query-input":{"@type":"PropertyValueSpecification","valueRequired":true,"valueName":"search_term_string"}}],"inLanguage":"es"},{"@type":"Organization","@id":"https:\/\/www.eldiario.net\/portal\/#organization","name":"El Diario - Decano de la prensa nacional","url":"https:\/\/www.eldiario.net\/portal\/","logo":{"@type":"ImageObject","inLanguage":"es","@id":"https:\/\/www.eldiario.net\/portal\/#\/schema\/logo\/image\/","url":"https:\/\/www.eldiario.net\/portal\/wp-content\/uploads\/2023\/07\/logo_ED.jpg","contentUrl":"https:\/\/www.eldiario.net\/portal\/wp-content\/uploads\/2023\/07\/logo_ED.jpg","width":272,"height":52,"caption":"El Diario - Decano de la prensa nacional"},"image":{"@id":"https:\/\/www.eldiario.net\/portal\/#\/schema\/logo\/image\/"},"sameAs":["https:\/\/www.facebook.com\/eldiario.bolivia\/","https:\/\/x.com\/eldiario_net"]},{"@type":"Person","@id":"https:\/\/www.eldiario.net\/portal\/#\/schema\/person\/f46445640444750d7d753ccd04ae01b7","name":"Jeanette","image":{"@type":"ImageObject","inLanguage":"es","@id":"https:\/\/secure.gravatar.com\/avatar\/3ea2118a5f7dad2b7138b1187a6b7ee55f160b9968b66013c3a3ef39dd7e5798?s=96&d=mm&r=g","url":"https:\/\/secure.gravatar.com\/avatar\/3ea2118a5f7dad2b7138b1187a6b7ee55f160b9968b66013c3a3ef39dd7e5798?s=96&d=mm&r=g","contentUrl":"https:\/\/secure.gravatar.com\/avatar\/3ea2118a5f7dad2b7138b1187a6b7ee55f160b9968b66013c3a3ef39dd7e5798?s=96&d=mm&r=g","caption":"Jeanette"},"sameAs":["https:\/\/www.eldiario.net\/portal"],"url":"https:\/\/www.eldiario.net\/portal\/author\/jeanette\/"}]}},"_links":{"self":[{"href":"https:\/\/www.eldiario.net\/portal\/wp-json\/wp\/v2\/posts\/291575","targetHints":{"allow":["GET"]}}],"collection":[{"href":"https:\/\/www.eldiario.net\/portal\/wp-json\/wp\/v2\/posts"}],"about":[{"href":"https:\/\/www.eldiario.net\/portal\/wp-json\/wp\/v2\/types\/post"}],"author":[{"embeddable":true,"href":"https:\/\/www.eldiario.net\/portal\/wp-json\/wp\/v2\/users\/1"}],"replies":[{"embeddable":true,"href":"https:\/\/www.eldiario.net\/portal\/wp-json\/wp\/v2\/comments?post=291575"}],"version-history":[{"count":2,"href":"https:\/\/www.eldiario.net\/portal\/wp-json\/wp\/v2\/posts\/291575\/revisions"}],"predecessor-version":[{"id":291700,"href":"https:\/\/www.eldiario.net\/portal\/wp-json\/wp\/v2\/posts\/291575\/revisions\/291700"}],"wp:featuredmedia":[{"embeddable":true,"href":"https:\/\/www.eldiario.net\/portal\/wp-json\/wp\/v2\/media\/291576"}],"wp:attachment":[{"href":"https:\/\/www.eldiario.net\/portal\/wp-json\/wp\/v2\/media?parent=291575"}],"wp:term":[{"taxonomy":"category","embeddable":true,"href":"https:\/\/www.eldiario.net\/portal\/wp-json\/wp\/v2\/categories?post=291575"},{"taxonomy":"post_tag","embeddable":true,"href":"https:\/\/www.eldiario.net\/portal\/wp-json\/wp\/v2\/tags?post=291575"}],"curies":[{"name":"wp","href":"https:\/\/api.w.org\/{rel}","templated":true}]}}