{"id":291556,"date":"2025-03-29T06:33:48","date_gmt":"2025-03-29T10:33:48","guid":{"rendered":"https:\/\/www.eldiario.net\/portal\/?p=291556"},"modified":"2025-03-29T07:01:03","modified_gmt":"2025-03-29T11:01:03","slug":"basura-en-las-calles-llega-a-mas-de-cinco-toneladas","status":"publish","type":"post","link":"https:\/\/www.eldiario.net\/portal\/2025\/03\/29\/basura-en-las-calles-llega-a-mas-de-cinco-toneladas\/","title":{"rendered":"Basura en las calles llega  a m\u00e1s de cinco toneladas"},"content":{"rendered":"<p>Se cumple una semana de bloqueo en el botadero de K\u2019ara K\u2019ara. La medida de presi\u00f3n ha provocado que se acumulen m\u00e1s de cinco toneladas de desechos en las calles, los cuales est\u00e1n esparcidos en diferentes puntos de la ciudad de Cochabamba, lo que pone en riesgo la salud p\u00fablica.<br \/>\nLos pobladores de la zona Sur de Cochabamba mantienen la medida de presi\u00f3n e impiden el ingreso de los carros recolectores al botadero de K\u2019ara K\u2019ara, ratificaron su demanda de cerrar definitivamente el relleno sanitario.<br \/>\nDesde la Empresa Municipal de Servicios de Aseo (EMSA) han informado que ante la situaci\u00f3n se est\u00e1 llevando parte de la basura recolectada a los terrenos de la empresa que se adjudic\u00f3 para realizar el tratamiento de los desechos, pese a que a\u00fan no han firmado el contrato.<br \/>\nAsimismo, manifest\u00f3 que la \u00fanica manera de que se haga el cierre t\u00e9cnico, es que las personas movilizadas permitan que se complete el trabajo en el interior del botadero.<br \/>\n\u201cEs un trabajo de mitigaci\u00f3n, el problema persiste y la verdad, no vamos a tener soluci\u00f3n hasta que las puertas de K\u2019ara K\u2019ara y los dirigentes depongan las actitudes personales que tienen y podamos ingresar a realizar el cierre t\u00e9cnico\u201d, asegur\u00f3 Franz Knaudt, gerente de EMSA. (Cochabamba, agencias)<br \/>\n\u201cSi no es concluyendo los trabajos, llevando la basura a las macroceldas, a las fosas abiertas, cerr\u00e1ndolas, compact\u00e1ndolas, ya no se va crecer en altura, pero el cierre t\u00e9cnico consiste en concluir esto, de lo contrario va haber un desastre ambiental como ha sucedido en Apacoma en La Paz\u201d, aclar\u00f3.<br \/>\nPese a estos argumentos, los pobladores de la zona sur afirman que no permitir\u00e1n que contin\u00faen ingresando m\u00e1s carros basureros al lugar y que el cierre debe realizarse con los desechos que ya se encuentran en el interior.<br \/>\nEsta medida de presi\u00f3n no solo ha dejado que la basura se acumule en v\u00eda p\u00fablica, sino que est\u00e1 causando que esta genere malos olores y focos de infecci\u00f3n.<\/p>\n","protected":false},"excerpt":{"rendered":"<p>Se cumple una semana de bloqueo en el botadero de K\u2019ara K\u2019ara. La medida de presi\u00f3n ha provocado que se acumulen m\u00e1s de cinco toneladas de desechos en las calles, los cuales est\u00e1n esparcidos en diferentes puntos de la ciudad de Cochabamba, lo que pone en riesgo la salud p\u00fablica. Los pobladores de la zona [&hellip;]<\/p>\n","protected":false},"author":1,"featured_media":291622,"comment_status":"closed","ping_status":"open","sticky":false,"template":"","format":"standard","meta":{"_acf_changed":false,"footnotes":""},"categories":[12],"tags":[],"class_list":["post-291556","post","type-post","status-publish","format-standard","has-post-thumbnail","category-nacional"],"acf":{"antetitulo":"Bloqueo en K\u2019ara K\u2019ara"},"yoast_head":"<!-- This site is optimized with the Yoast SEO plugin v28.3 - https:\/\/yoast.com\/product\/yoast-seo-wordpress\/ -->\n<title>Basura en las calles llega a m\u00e1s de cinco toneladas - El Diario - Bolivia<\/title>\n<meta name=\"robots\" content=\"index, follow, max-snippet:-1, max-image-preview:large, max-video-preview:-1\" \/>\n<link rel=\"canonical\" href=\"https:\/\/www.eldiario.net\/portal\/2025\/03\/29\/basura-en-las-calles-llega-a-mas-de-cinco-toneladas\/\" \/>\n<meta property=\"og:locale\" content=\"es_ES\" \/>\n<meta property=\"og:type\" content=\"article\" \/>\n<meta property=\"og:title\" content=\"Basura en las calles llega a m\u00e1s de cinco toneladas - El Diario - Bolivia\" \/>\n<meta property=\"og:description\" content=\"Se cumple una semana de bloqueo en el botadero de K\u2019ara K\u2019ara. La medida de presi\u00f3n ha provocado que se acumulen m\u00e1s de cinco toneladas de desechos en las calles, los cuales est\u00e1n esparcidos en diferentes puntos de la ciudad de Cochabamba, lo que pone en riesgo la salud p\u00fablica. Los pobladores de la zona [&hellip;]\" \/>\n<meta property=\"og:url\" content=\"https:\/\/www.eldiario.net\/portal\/2025\/03\/29\/basura-en-las-calles-llega-a-mas-de-cinco-toneladas\/\" \/>\n<meta property=\"og:site_name\" content=\"El Diario - Bolivia\" \/>\n<meta property=\"article:publisher\" content=\"https:\/\/www.facebook.com\/eldiario.bolivia\/\" \/>\n<meta property=\"article:published_time\" content=\"2025-03-29T10:33:48+00:00\" \/>\n<meta property=\"article:modified_time\" content=\"2025-03-29T11:01:03+00:00\" \/>\n<meta property=\"og:image\" content=\"https:\/\/www.eldiario.net\/portal\/wp-content\/uploads\/2025\/03\/29botadero-kara-kara.jpg\" \/>\n\t<meta property=\"og:image:width\" content=\"1280\" \/>\n\t<meta property=\"og:image:height\" content=\"720\" \/>\n\t<meta property=\"og:image:type\" content=\"image\/jpeg\" \/>\n<meta name=\"author\" content=\"Jeanette\" \/>\n<meta name=\"twitter:card\" content=\"summary_large_image\" \/>\n<meta name=\"twitter:creator\" content=\"@eldiario_net\" \/>\n<meta name=\"twitter:site\" content=\"@eldiario_net\" \/>\n<meta name=\"twitter:label1\" content=\"Escrito por\" \/>\n\t<meta name=\"twitter:data1\" content=\"Jeanette\" \/>\n\t<meta name=\"twitter:label2\" content=\"Tiempo de lectura\" \/>\n\t<meta name=\"twitter:data2\" content=\"2 minutos\" \/>\n<script type=\"application\/ld+json\" class=\"yoast-schema-graph\">{\"@context\":\"https:\\\/\\\/schema.org\",\"@graph\":[{\"@type\":\"Article\",\"@id\":\"https:\\\/\\\/www.eldiario.net\\\/portal\\\/2025\\\/03\\\/29\\\/basura-en-las-calles-llega-a-mas-de-cinco-toneladas\\\/#article\",\"isPartOf\":{\"@id\":\"https:\\\/\\\/www.eldiario.net\\\/portal\\\/2025\\\/03\\\/29\\\/basura-en-las-calles-llega-a-mas-de-cinco-toneladas\\\/\"},\"author\":{\"name\":\"Jeanette\",\"@id\":\"https:\\\/\\\/www.eldiario.net\\\/portal\\\/#\\\/schema\\\/person\\\/f46445640444750d7d753ccd04ae01b7\"},\"headline\":\"Basura en las calles llega a m\u00e1s de cinco toneladas\",\"datePublished\":\"2025-03-29T10:33:48+00:00\",\"dateModified\":\"2025-03-29T11:01:03+00:00\",\"mainEntityOfPage\":{\"@id\":\"https:\\\/\\\/www.eldiario.net\\\/portal\\\/2025\\\/03\\\/29\\\/basura-en-las-calles-llega-a-mas-de-cinco-toneladas\\\/\"},\"wordCount\":365,\"publisher\":{\"@id\":\"https:\\\/\\\/www.eldiario.net\\\/portal\\\/#organization\"},\"image\":{\"@id\":\"https:\\\/\\\/www.eldiario.net\\\/portal\\\/2025\\\/03\\\/29\\\/basura-en-las-calles-llega-a-mas-de-cinco-toneladas\\\/#primaryimage\"},\"thumbnailUrl\":\"https:\\\/\\\/www.eldiario.net\\\/portal\\\/wp-content\\\/uploads\\\/2025\\\/03\\\/29botadero-kara-kara.jpg\",\"articleSection\":[\"Nacional\"],\"inLanguage\":\"es\"},{\"@type\":\"WebPage\",\"@id\":\"https:\\\/\\\/www.eldiario.net\\\/portal\\\/2025\\\/03\\\/29\\\/basura-en-las-calles-llega-a-mas-de-cinco-toneladas\\\/\",\"url\":\"https:\\\/\\\/www.eldiario.net\\\/portal\\\/2025\\\/03\\\/29\\\/basura-en-las-calles-llega-a-mas-de-cinco-toneladas\\\/\",\"name\":\"Basura en las calles llega a m\u00e1s de cinco toneladas - El Diario - Bolivia\",\"isPartOf\":{\"@id\":\"https:\\\/\\\/www.eldiario.net\\\/portal\\\/#website\"},\"primaryImageOfPage\":{\"@id\":\"https:\\\/\\\/www.eldiario.net\\\/portal\\\/2025\\\/03\\\/29\\\/basura-en-las-calles-llega-a-mas-de-cinco-toneladas\\\/#primaryimage\"},\"image\":{\"@id\":\"https:\\\/\\\/www.eldiario.net\\\/portal\\\/2025\\\/03\\\/29\\\/basura-en-las-calles-llega-a-mas-de-cinco-toneladas\\\/#primaryimage\"},\"thumbnailUrl\":\"https:\\\/\\\/www.eldiario.net\\\/portal\\\/wp-content\\\/uploads\\\/2025\\\/03\\\/29botadero-kara-kara.jpg\",\"datePublished\":\"2025-03-29T10:33:48+00:00\",\"dateModified\":\"2025-03-29T11:01:03+00:00\",\"breadcrumb\":{\"@id\":\"https:\\\/\\\/www.eldiario.net\\\/portal\\\/2025\\\/03\\\/29\\\/basura-en-las-calles-llega-a-mas-de-cinco-toneladas\\\/#breadcrumb\"},\"inLanguage\":\"es\",\"potentialAction\":[{\"@type\":\"ReadAction\",\"target\":[\"https:\\\/\\\/www.eldiario.net\\\/portal\\\/2025\\\/03\\\/29\\\/basura-en-las-calles-llega-a-mas-de-cinco-toneladas\\\/\"]}]},{\"@type\":\"ImageObject\",\"inLanguage\":\"es\",\"@id\":\"https:\\\/\\\/www.eldiario.net\\\/portal\\\/2025\\\/03\\\/29\\\/basura-en-las-calles-llega-a-mas-de-cinco-toneladas\\\/#primaryimage\",\"url\":\"https:\\\/\\\/www.eldiario.net\\\/portal\\\/wp-content\\\/uploads\\\/2025\\\/03\\\/29botadero-kara-kara.jpg\",\"contentUrl\":\"https:\\\/\\\/www.eldiario.net\\\/portal\\\/wp-content\\\/uploads\\\/2025\\\/03\\\/29botadero-kara-kara.jpg\",\"width\":1280,\"height\":720,\"caption\":\"Las calles se llenan de basura por Bloqueo K\u2019ara K\u2019ara. FOTO: RRSS\"},{\"@type\":\"BreadcrumbList\",\"@id\":\"https:\\\/\\\/www.eldiario.net\\\/portal\\\/2025\\\/03\\\/29\\\/basura-en-las-calles-llega-a-mas-de-cinco-toneladas\\\/#breadcrumb\",\"itemListElement\":[{\"@type\":\"ListItem\",\"position\":1,\"name\":\"Portada\",\"item\":\"https:\\\/\\\/www.eldiario.net\\\/portal\\\/\"},{\"@type\":\"ListItem\",\"position\":2,\"name\":\"Basura en las calles llega a m\u00e1s de cinco toneladas\"}]},{\"@type\":\"WebSite\",\"@id\":\"https:\\\/\\\/www.eldiario.net\\\/portal\\\/#website\",\"url\":\"https:\\\/\\\/www.eldiario.net\\\/portal\\\/\",\"name\":\"El Diario - Decano de la prensa nacional\",\"description\":\"El Diario - Decano de la prensa nacional\",\"publisher\":{\"@id\":\"https:\\\/\\\/www.eldiario.net\\\/portal\\\/#organization\"},\"potentialAction\":[{\"@type\":\"SearchAction\",\"target\":{\"@type\":\"EntryPoint\",\"urlTemplate\":\"https:\\\/\\\/www.eldiario.net\\\/portal\\\/?s={search_term_string}\"},\"query-input\":{\"@type\":\"PropertyValueSpecification\",\"valueRequired\":true,\"valueName\":\"search_term_string\"}}],\"inLanguage\":\"es\"},{\"@type\":\"Organization\",\"@id\":\"https:\\\/\\\/www.eldiario.net\\\/portal\\\/#organization\",\"name\":\"El Diario - Decano de la prensa nacional\",\"url\":\"https:\\\/\\\/www.eldiario.net\\\/portal\\\/\",\"logo\":{\"@type\":\"ImageObject\",\"inLanguage\":\"es\",\"@id\":\"https:\\\/\\\/www.eldiario.net\\\/portal\\\/#\\\/schema\\\/logo\\\/image\\\/\",\"url\":\"https:\\\/\\\/www.eldiario.net\\\/portal\\\/wp-content\\\/uploads\\\/2023\\\/07\\\/logo_ED.jpg\",\"contentUrl\":\"https:\\\/\\\/www.eldiario.net\\\/portal\\\/wp-content\\\/uploads\\\/2023\\\/07\\\/logo_ED.jpg\",\"width\":272,\"height\":52,\"caption\":\"El Diario - Decano de la prensa nacional\"},\"image\":{\"@id\":\"https:\\\/\\\/www.eldiario.net\\\/portal\\\/#\\\/schema\\\/logo\\\/image\\\/\"},\"sameAs\":[\"https:\\\/\\\/www.facebook.com\\\/eldiario.bolivia\\\/\",\"https:\\\/\\\/x.com\\\/eldiario_net\"]},{\"@type\":\"Person\",\"@id\":\"https:\\\/\\\/www.eldiario.net\\\/portal\\\/#\\\/schema\\\/person\\\/f46445640444750d7d753ccd04ae01b7\",\"name\":\"Jeanette\",\"image\":{\"@type\":\"ImageObject\",\"inLanguage\":\"es\",\"@id\":\"https:\\\/\\\/secure.gravatar.com\\\/avatar\\\/3ea2118a5f7dad2b7138b1187a6b7ee55f160b9968b66013c3a3ef39dd7e5798?s=96&d=mm&r=g\",\"url\":\"https:\\\/\\\/secure.gravatar.com\\\/avatar\\\/3ea2118a5f7dad2b7138b1187a6b7ee55f160b9968b66013c3a3ef39dd7e5798?s=96&d=mm&r=g\",\"contentUrl\":\"https:\\\/\\\/secure.gravatar.com\\\/avatar\\\/3ea2118a5f7dad2b7138b1187a6b7ee55f160b9968b66013c3a3ef39dd7e5798?s=96&d=mm&r=g\",\"caption\":\"Jeanette\"},\"sameAs\":[\"https:\\\/\\\/www.eldiario.net\\\/portal\"],\"url\":\"https:\\\/\\\/www.eldiario.net\\\/portal\\\/author\\\/jeanette\\\/\"}]}<\/script>\n<!-- \/ Yoast SEO plugin. -->","yoast_head_json":{"title":"Basura en las calles llega a m\u00e1s de cinco toneladas - El Diario - Bolivia","robots":{"index":"index","follow":"follow","max-snippet":"max-snippet:-1","max-image-preview":"max-image-preview:large","max-video-preview":"max-video-preview:-1"},"canonical":"https:\/\/www.eldiario.net\/portal\/2025\/03\/29\/basura-en-las-calles-llega-a-mas-de-cinco-toneladas\/","og_locale":"es_ES","og_type":"article","og_title":"Basura en las calles llega a m\u00e1s de cinco toneladas - El Diario - Bolivia","og_description":"Se cumple una semana de bloqueo en el botadero de K\u2019ara K\u2019ara. La medida de presi\u00f3n ha provocado que se acumulen m\u00e1s de cinco toneladas de desechos en las calles, los cuales est\u00e1n esparcidos en diferentes puntos de la ciudad de Cochabamba, lo que pone en riesgo la salud p\u00fablica. Los pobladores de la zona [&hellip;]","og_url":"https:\/\/www.eldiario.net\/portal\/2025\/03\/29\/basura-en-las-calles-llega-a-mas-de-cinco-toneladas\/","og_site_name":"El Diario - Bolivia","article_publisher":"https:\/\/www.facebook.com\/eldiario.bolivia\/","article_published_time":"2025-03-29T10:33:48+00:00","article_modified_time":"2025-03-29T11:01:03+00:00","og_image":[{"width":1280,"height":720,"url":"https:\/\/www.eldiario.net\/portal\/wp-content\/uploads\/2025\/03\/29botadero-kara-kara.jpg","type":"image\/jpeg"}],"author":"Jeanette","twitter_card":"summary_large_image","twitter_creator":"@eldiario_net","twitter_site":"@eldiario_net","twitter_misc":{"Escrito por":"Jeanette","Tiempo de lectura":"2 minutos"},"schema":{"@context":"https:\/\/schema.org","@graph":[{"@type":"Article","@id":"https:\/\/www.eldiario.net\/portal\/2025\/03\/29\/basura-en-las-calles-llega-a-mas-de-cinco-toneladas\/#article","isPartOf":{"@id":"https:\/\/www.eldiario.net\/portal\/2025\/03\/29\/basura-en-las-calles-llega-a-mas-de-cinco-toneladas\/"},"author":{"name":"Jeanette","@id":"https:\/\/www.eldiario.net\/portal\/#\/schema\/person\/f46445640444750d7d753ccd04ae01b7"},"headline":"Basura en las calles llega a m\u00e1s de cinco toneladas","datePublished":"2025-03-29T10:33:48+00:00","dateModified":"2025-03-29T11:01:03+00:00","mainEntityOfPage":{"@id":"https:\/\/www.eldiario.net\/portal\/2025\/03\/29\/basura-en-las-calles-llega-a-mas-de-cinco-toneladas\/"},"wordCount":365,"publisher":{"@id":"https:\/\/www.eldiario.net\/portal\/#organization"},"image":{"@id":"https:\/\/www.eldiario.net\/portal\/2025\/03\/29\/basura-en-las-calles-llega-a-mas-de-cinco-toneladas\/#primaryimage"},"thumbnailUrl":"https:\/\/www.eldiario.net\/portal\/wp-content\/uploads\/2025\/03\/29botadero-kara-kara.jpg","articleSection":["Nacional"],"inLanguage":"es"},{"@type":"WebPage","@id":"https:\/\/www.eldiario.net\/portal\/2025\/03\/29\/basura-en-las-calles-llega-a-mas-de-cinco-toneladas\/","url":"https:\/\/www.eldiario.net\/portal\/2025\/03\/29\/basura-en-las-calles-llega-a-mas-de-cinco-toneladas\/","name":"Basura en las calles llega a m\u00e1s de cinco toneladas - El Diario - Bolivia","isPartOf":{"@id":"https:\/\/www.eldiario.net\/portal\/#website"},"primaryImageOfPage":{"@id":"https:\/\/www.eldiario.net\/portal\/2025\/03\/29\/basura-en-las-calles-llega-a-mas-de-cinco-toneladas\/#primaryimage"},"image":{"@id":"https:\/\/www.eldiario.net\/portal\/2025\/03\/29\/basura-en-las-calles-llega-a-mas-de-cinco-toneladas\/#primaryimage"},"thumbnailUrl":"https:\/\/www.eldiario.net\/portal\/wp-content\/uploads\/2025\/03\/29botadero-kara-kara.jpg","datePublished":"2025-03-29T10:33:48+00:00","dateModified":"2025-03-29T11:01:03+00:00","breadcrumb":{"@id":"https:\/\/www.eldiario.net\/portal\/2025\/03\/29\/basura-en-las-calles-llega-a-mas-de-cinco-toneladas\/#breadcrumb"},"inLanguage":"es","potentialAction":[{"@type":"ReadAction","target":["https:\/\/www.eldiario.net\/portal\/2025\/03\/29\/basura-en-las-calles-llega-a-mas-de-cinco-toneladas\/"]}]},{"@type":"ImageObject","inLanguage":"es","@id":"https:\/\/www.eldiario.net\/portal\/2025\/03\/29\/basura-en-las-calles-llega-a-mas-de-cinco-toneladas\/#primaryimage","url":"https:\/\/www.eldiario.net\/portal\/wp-content\/uploads\/2025\/03\/29botadero-kara-kara.jpg","contentUrl":"https:\/\/www.eldiario.net\/portal\/wp-content\/uploads\/2025\/03\/29botadero-kara-kara.jpg","width":1280,"height":720,"caption":"Las calles se llenan de basura por Bloqueo K\u2019ara K\u2019ara. FOTO: RRSS"},{"@type":"BreadcrumbList","@id":"https:\/\/www.eldiario.net\/portal\/2025\/03\/29\/basura-en-las-calles-llega-a-mas-de-cinco-toneladas\/#breadcrumb","itemListElement":[{"@type":"ListItem","position":1,"name":"Portada","item":"https:\/\/www.eldiario.net\/portal\/"},{"@type":"ListItem","position":2,"name":"Basura en las calles llega a m\u00e1s de cinco toneladas"}]},{"@type":"WebSite","@id":"https:\/\/www.eldiario.net\/portal\/#website","url":"https:\/\/www.eldiario.net\/portal\/","name":"El Diario - Decano de la prensa nacional","description":"El Diario - Decano de la prensa nacional","publisher":{"@id":"https:\/\/www.eldiario.net\/portal\/#organization"},"potentialAction":[{"@type":"SearchAction","target":{"@type":"EntryPoint","urlTemplate":"https:\/\/www.eldiario.net\/portal\/?s={search_term_string}"},"query-input":{"@type":"PropertyValueSpecification","valueRequired":true,"valueName":"search_term_string"}}],"inLanguage":"es"},{"@type":"Organization","@id":"https:\/\/www.eldiario.net\/portal\/#organization","name":"El Diario - Decano de la prensa nacional","url":"https:\/\/www.eldiario.net\/portal\/","logo":{"@type":"ImageObject","inLanguage":"es","@id":"https:\/\/www.eldiario.net\/portal\/#\/schema\/logo\/image\/","url":"https:\/\/www.eldiario.net\/portal\/wp-content\/uploads\/2023\/07\/logo_ED.jpg","contentUrl":"https:\/\/www.eldiario.net\/portal\/wp-content\/uploads\/2023\/07\/logo_ED.jpg","width":272,"height":52,"caption":"El Diario - Decano de la prensa nacional"},"image":{"@id":"https:\/\/www.eldiario.net\/portal\/#\/schema\/logo\/image\/"},"sameAs":["https:\/\/www.facebook.com\/eldiario.bolivia\/","https:\/\/x.com\/eldiario_net"]},{"@type":"Person","@id":"https:\/\/www.eldiario.net\/portal\/#\/schema\/person\/f46445640444750d7d753ccd04ae01b7","name":"Jeanette","image":{"@type":"ImageObject","inLanguage":"es","@id":"https:\/\/secure.gravatar.com\/avatar\/3ea2118a5f7dad2b7138b1187a6b7ee55f160b9968b66013c3a3ef39dd7e5798?s=96&d=mm&r=g","url":"https:\/\/secure.gravatar.com\/avatar\/3ea2118a5f7dad2b7138b1187a6b7ee55f160b9968b66013c3a3ef39dd7e5798?s=96&d=mm&r=g","contentUrl":"https:\/\/secure.gravatar.com\/avatar\/3ea2118a5f7dad2b7138b1187a6b7ee55f160b9968b66013c3a3ef39dd7e5798?s=96&d=mm&r=g","caption":"Jeanette"},"sameAs":["https:\/\/www.eldiario.net\/portal"],"url":"https:\/\/www.eldiario.net\/portal\/author\/jeanette\/"}]}},"_links":{"self":[{"href":"https:\/\/www.eldiario.net\/portal\/wp-json\/wp\/v2\/posts\/291556","targetHints":{"allow":["GET"]}}],"collection":[{"href":"https:\/\/www.eldiario.net\/portal\/wp-json\/wp\/v2\/posts"}],"about":[{"href":"https:\/\/www.eldiario.net\/portal\/wp-json\/wp\/v2\/types\/post"}],"author":[{"embeddable":true,"href":"https:\/\/www.eldiario.net\/portal\/wp-json\/wp\/v2\/users\/1"}],"replies":[{"embeddable":true,"href":"https:\/\/www.eldiario.net\/portal\/wp-json\/wp\/v2\/comments?post=291556"}],"version-history":[{"count":1,"href":"https:\/\/www.eldiario.net\/portal\/wp-json\/wp\/v2\/posts\/291556\/revisions"}],"predecessor-version":[{"id":291557,"href":"https:\/\/www.eldiario.net\/portal\/wp-json\/wp\/v2\/posts\/291556\/revisions\/291557"}],"wp:featuredmedia":[{"embeddable":true,"href":"https:\/\/www.eldiario.net\/portal\/wp-json\/wp\/v2\/media\/291622"}],"wp:attachment":[{"href":"https:\/\/www.eldiario.net\/portal\/wp-json\/wp\/v2\/media?parent=291556"}],"wp:term":[{"taxonomy":"category","embeddable":true,"href":"https:\/\/www.eldiario.net\/portal\/wp-json\/wp\/v2\/categories?post=291556"},{"taxonomy":"post_tag","embeddable":true,"href":"https:\/\/www.eldiario.net\/portal\/wp-json\/wp\/v2\/tags?post=291556"}],"curies":[{"name":"wp","href":"https:\/\/api.w.org\/{rel}","templated":true}]}}