{"id":291550,"date":"2025-03-29T06:28:44","date_gmt":"2025-03-29T10:28:44","guid":{"rendered":"https:\/\/www.eldiario.net\/portal\/?p=291550"},"modified":"2025-03-29T06:28:44","modified_gmt":"2025-03-29T10:28:44","slug":"urge-reforma-estructural-para-frenar-la-inflacion-en-el-pais","status":"publish","type":"post","link":"https:\/\/www.eldiario.net\/portal\/2025\/03\/29\/urge-reforma-estructural-para-frenar-la-inflacion-en-el-pais\/","title":{"rendered":"Urge reforma estructural para frenar la inflaci\u00f3n en el pa\u00eds"},"content":{"rendered":"<p>La administraci\u00f3n de Estado por parte del Movimiento al Socialismo (MAS), a pesar de la crisis econ\u00f3mica que arrastra desde el 2020, no reduce los gastos, situaci\u00f3n que provocar\u00e1 serias dificultades para el pr\u00f3ximo gobierno, por lo que es prioritario una reforma estructural para frenar la inflaci\u00f3n en el pa\u00eds, sostiene un an\u00e1lisis de la Fundaci\u00f3n Jubileo.<br \/>\nAsimismo, recuerda que con este 2025 se cumplen 12 a\u00f1os consecutivos con d\u00e9ficit fiscal, con un profundo hueco fiscal, y mayor endeudamiento externo e interno. \u201cEl Gobierno dej\u00f3 de publicar, hace m\u00e1s de un a\u00f1o, la informaci\u00f3n de la deuda interna, que subi\u00f3 de manera excesiva\u201d, acot\u00f3.<br \/>\nAl respecto, el consultor financiero Jaime Dunn, en reiteradas entrevistas, lament\u00f3 que el Gobierno en vez de empezar a dar soluciones a la crisis econ\u00f3mica, hace todo lo contrario, mantiene el gasto y m\u00e1s deuda, establecido en el PGE 2025.<br \/>\nAnte la complicada situaci\u00f3n de las Reservas Internacionales y las divisas, el presupuesto muestra la intenci\u00f3n de recurrir al endeudamiento externo, y ahora con garant\u00eda, incluyendo las reservas de oro y por ello, el PGE 2025 de la actual gesti\u00f3n de gobierno, en una situaci\u00f3n de crisis, que revela la intenci\u00f3n de postergar los ajustes necesarios dejando problemas mayores a futuro.<br \/>\nSin embargo, analistas observaron, que m\u00e1s por el dinamismo, el pago se debi\u00f3 para no recibir multas, que agobian a las actividades econ\u00f3micas, por ello algunas prefieren pagar los tributos en vez de invertir.<\/p>\n","protected":false},"excerpt":{"rendered":"<p>La administraci\u00f3n de Estado por parte del Movimiento al Socialismo (MAS), a pesar de la crisis econ\u00f3mica que arrastra desde el 2020, no reduce los gastos, situaci\u00f3n que provocar\u00e1 serias dificultades para el pr\u00f3ximo gobierno, por lo que es prioritario una reforma estructural para frenar la inflaci\u00f3n en el pa\u00eds, sostiene un an\u00e1lisis de la [&hellip;]<\/p>\n","protected":false},"author":1,"featured_media":291551,"comment_status":"closed","ping_status":"open","sticky":false,"template":"","format":"standard","meta":{"_acf_changed":false,"footnotes":""},"categories":[17],"tags":[],"class_list":["post-291550","post","type-post","status-publish","format-standard","has-post-thumbnail","category-principal"],"acf":{"antetitulo":"An\u00e1lisis de Fundaci\u00f3n Jubileo"},"yoast_head":"<!-- This site is optimized with the Yoast SEO plugin v28.3 - https:\/\/yoast.com\/product\/yoast-seo-wordpress\/ -->\n<title>Urge reforma estructural para frenar la inflaci\u00f3n en el pa\u00eds - El Diario - Bolivia<\/title>\n<meta name=\"robots\" content=\"index, follow, max-snippet:-1, max-image-preview:large, max-video-preview:-1\" \/>\n<link rel=\"canonical\" href=\"https:\/\/www.eldiario.net\/portal\/2025\/03\/29\/urge-reforma-estructural-para-frenar-la-inflacion-en-el-pais\/\" \/>\n<meta property=\"og:locale\" content=\"es_ES\" \/>\n<meta property=\"og:type\" content=\"article\" \/>\n<meta property=\"og:title\" content=\"Urge reforma estructural para frenar la inflaci\u00f3n en el pa\u00eds - El Diario - Bolivia\" \/>\n<meta property=\"og:description\" content=\"La administraci\u00f3n de Estado por parte del Movimiento al Socialismo (MAS), a pesar de la crisis econ\u00f3mica que arrastra desde el 2020, no reduce los gastos, situaci\u00f3n que provocar\u00e1 serias dificultades para el pr\u00f3ximo gobierno, por lo que es prioritario una reforma estructural para frenar la inflaci\u00f3n en el pa\u00eds, sostiene un an\u00e1lisis de la [&hellip;]\" \/>\n<meta property=\"og:url\" content=\"https:\/\/www.eldiario.net\/portal\/2025\/03\/29\/urge-reforma-estructural-para-frenar-la-inflacion-en-el-pais\/\" \/>\n<meta property=\"og:site_name\" content=\"El Diario - Bolivia\" \/>\n<meta property=\"article:publisher\" content=\"https:\/\/www.facebook.com\/eldiario.bolivia\/\" \/>\n<meta property=\"article:published_time\" content=\"2025-03-29T10:28:44+00:00\" \/>\n<meta property=\"og:image\" content=\"https:\/\/www.eldiario.net\/portal\/wp-content\/uploads\/2025\/03\/P-1-15-cm-x-11.webp\" \/>\n\t<meta property=\"og:image:width\" content=\"1200\" \/>\n\t<meta property=\"og:image:height\" content=\"650\" \/>\n\t<meta property=\"og:image:type\" content=\"image\/webp\" \/>\n<meta name=\"author\" content=\"Jeanette\" \/>\n<meta name=\"twitter:card\" content=\"summary_large_image\" \/>\n<meta name=\"twitter:creator\" content=\"@eldiario_net\" \/>\n<meta name=\"twitter:site\" content=\"@eldiario_net\" \/>\n<meta name=\"twitter:label1\" content=\"Escrito por\" \/>\n\t<meta name=\"twitter:data1\" content=\"Jeanette\" \/>\n\t<meta name=\"twitter:label2\" content=\"Tiempo de lectura\" \/>\n\t<meta name=\"twitter:data2\" content=\"2 minutos\" \/>\n<script type=\"application\/ld+json\" class=\"yoast-schema-graph\">{\"@context\":\"https:\\\/\\\/schema.org\",\"@graph\":[{\"@type\":\"Article\",\"@id\":\"https:\\\/\\\/www.eldiario.net\\\/portal\\\/2025\\\/03\\\/29\\\/urge-reforma-estructural-para-frenar-la-inflacion-en-el-pais\\\/#article\",\"isPartOf\":{\"@id\":\"https:\\\/\\\/www.eldiario.net\\\/portal\\\/2025\\\/03\\\/29\\\/urge-reforma-estructural-para-frenar-la-inflacion-en-el-pais\\\/\"},\"author\":{\"name\":\"Jeanette\",\"@id\":\"https:\\\/\\\/www.eldiario.net\\\/portal\\\/#\\\/schema\\\/person\\\/f46445640444750d7d753ccd04ae01b7\"},\"headline\":\"Urge reforma estructural para frenar la inflaci\u00f3n en el pa\u00eds\",\"datePublished\":\"2025-03-29T10:28:44+00:00\",\"mainEntityOfPage\":{\"@id\":\"https:\\\/\\\/www.eldiario.net\\\/portal\\\/2025\\\/03\\\/29\\\/urge-reforma-estructural-para-frenar-la-inflacion-en-el-pais\\\/\"},\"wordCount\":269,\"publisher\":{\"@id\":\"https:\\\/\\\/www.eldiario.net\\\/portal\\\/#organization\"},\"image\":{\"@id\":\"https:\\\/\\\/www.eldiario.net\\\/portal\\\/2025\\\/03\\\/29\\\/urge-reforma-estructural-para-frenar-la-inflacion-en-el-pais\\\/#primaryimage\"},\"thumbnailUrl\":\"https:\\\/\\\/www.eldiario.net\\\/portal\\\/wp-content\\\/uploads\\\/2025\\\/03\\\/P-1-15-cm-x-11.webp\",\"articleSection\":[\"Principal\"],\"inLanguage\":\"es\"},{\"@type\":\"WebPage\",\"@id\":\"https:\\\/\\\/www.eldiario.net\\\/portal\\\/2025\\\/03\\\/29\\\/urge-reforma-estructural-para-frenar-la-inflacion-en-el-pais\\\/\",\"url\":\"https:\\\/\\\/www.eldiario.net\\\/portal\\\/2025\\\/03\\\/29\\\/urge-reforma-estructural-para-frenar-la-inflacion-en-el-pais\\\/\",\"name\":\"Urge reforma estructural para frenar la inflaci\u00f3n en el pa\u00eds - El Diario - Bolivia\",\"isPartOf\":{\"@id\":\"https:\\\/\\\/www.eldiario.net\\\/portal\\\/#website\"},\"primaryImageOfPage\":{\"@id\":\"https:\\\/\\\/www.eldiario.net\\\/portal\\\/2025\\\/03\\\/29\\\/urge-reforma-estructural-para-frenar-la-inflacion-en-el-pais\\\/#primaryimage\"},\"image\":{\"@id\":\"https:\\\/\\\/www.eldiario.net\\\/portal\\\/2025\\\/03\\\/29\\\/urge-reforma-estructural-para-frenar-la-inflacion-en-el-pais\\\/#primaryimage\"},\"thumbnailUrl\":\"https:\\\/\\\/www.eldiario.net\\\/portal\\\/wp-content\\\/uploads\\\/2025\\\/03\\\/P-1-15-cm-x-11.webp\",\"datePublished\":\"2025-03-29T10:28:44+00:00\",\"breadcrumb\":{\"@id\":\"https:\\\/\\\/www.eldiario.net\\\/portal\\\/2025\\\/03\\\/29\\\/urge-reforma-estructural-para-frenar-la-inflacion-en-el-pais\\\/#breadcrumb\"},\"inLanguage\":\"es\",\"potentialAction\":[{\"@type\":\"ReadAction\",\"target\":[\"https:\\\/\\\/www.eldiario.net\\\/portal\\\/2025\\\/03\\\/29\\\/urge-reforma-estructural-para-frenar-la-inflacion-en-el-pais\\\/\"]}]},{\"@type\":\"ImageObject\",\"inLanguage\":\"es\",\"@id\":\"https:\\\/\\\/www.eldiario.net\\\/portal\\\/2025\\\/03\\\/29\\\/urge-reforma-estructural-para-frenar-la-inflacion-en-el-pais\\\/#primaryimage\",\"url\":\"https:\\\/\\\/www.eldiario.net\\\/portal\\\/wp-content\\\/uploads\\\/2025\\\/03\\\/P-1-15-cm-x-11.webp\",\"contentUrl\":\"https:\\\/\\\/www.eldiario.net\\\/portal\\\/wp-content\\\/uploads\\\/2025\\\/03\\\/P-1-15-cm-x-11.webp\",\"width\":1200,\"height\":650,\"caption\":\"La poblaci\u00f3n boliviana se ve afectada por la elevaci\u00f3n de precios de los productos alimenticios de la canasta familiar.\"},{\"@type\":\"BreadcrumbList\",\"@id\":\"https:\\\/\\\/www.eldiario.net\\\/portal\\\/2025\\\/03\\\/29\\\/urge-reforma-estructural-para-frenar-la-inflacion-en-el-pais\\\/#breadcrumb\",\"itemListElement\":[{\"@type\":\"ListItem\",\"position\":1,\"name\":\"Portada\",\"item\":\"https:\\\/\\\/www.eldiario.net\\\/portal\\\/\"},{\"@type\":\"ListItem\",\"position\":2,\"name\":\"Urge reforma estructural para frenar la inflaci\u00f3n en el pa\u00eds\"}]},{\"@type\":\"WebSite\",\"@id\":\"https:\\\/\\\/www.eldiario.net\\\/portal\\\/#website\",\"url\":\"https:\\\/\\\/www.eldiario.net\\\/portal\\\/\",\"name\":\"El Diario - Decano de la prensa nacional\",\"description\":\"El Diario - Decano de la prensa nacional\",\"publisher\":{\"@id\":\"https:\\\/\\\/www.eldiario.net\\\/portal\\\/#organization\"},\"potentialAction\":[{\"@type\":\"SearchAction\",\"target\":{\"@type\":\"EntryPoint\",\"urlTemplate\":\"https:\\\/\\\/www.eldiario.net\\\/portal\\\/?s={search_term_string}\"},\"query-input\":{\"@type\":\"PropertyValueSpecification\",\"valueRequired\":true,\"valueName\":\"search_term_string\"}}],\"inLanguage\":\"es\"},{\"@type\":\"Organization\",\"@id\":\"https:\\\/\\\/www.eldiario.net\\\/portal\\\/#organization\",\"name\":\"El Diario - Decano de la prensa nacional\",\"url\":\"https:\\\/\\\/www.eldiario.net\\\/portal\\\/\",\"logo\":{\"@type\":\"ImageObject\",\"inLanguage\":\"es\",\"@id\":\"https:\\\/\\\/www.eldiario.net\\\/portal\\\/#\\\/schema\\\/logo\\\/image\\\/\",\"url\":\"https:\\\/\\\/www.eldiario.net\\\/portal\\\/wp-content\\\/uploads\\\/2023\\\/07\\\/logo_ED.jpg\",\"contentUrl\":\"https:\\\/\\\/www.eldiario.net\\\/portal\\\/wp-content\\\/uploads\\\/2023\\\/07\\\/logo_ED.jpg\",\"width\":272,\"height\":52,\"caption\":\"El Diario - Decano de la prensa nacional\"},\"image\":{\"@id\":\"https:\\\/\\\/www.eldiario.net\\\/portal\\\/#\\\/schema\\\/logo\\\/image\\\/\"},\"sameAs\":[\"https:\\\/\\\/www.facebook.com\\\/eldiario.bolivia\\\/\",\"https:\\\/\\\/x.com\\\/eldiario_net\"]},{\"@type\":\"Person\",\"@id\":\"https:\\\/\\\/www.eldiario.net\\\/portal\\\/#\\\/schema\\\/person\\\/f46445640444750d7d753ccd04ae01b7\",\"name\":\"Jeanette\",\"image\":{\"@type\":\"ImageObject\",\"inLanguage\":\"es\",\"@id\":\"https:\\\/\\\/secure.gravatar.com\\\/avatar\\\/3ea2118a5f7dad2b7138b1187a6b7ee55f160b9968b66013c3a3ef39dd7e5798?s=96&d=mm&r=g\",\"url\":\"https:\\\/\\\/secure.gravatar.com\\\/avatar\\\/3ea2118a5f7dad2b7138b1187a6b7ee55f160b9968b66013c3a3ef39dd7e5798?s=96&d=mm&r=g\",\"contentUrl\":\"https:\\\/\\\/secure.gravatar.com\\\/avatar\\\/3ea2118a5f7dad2b7138b1187a6b7ee55f160b9968b66013c3a3ef39dd7e5798?s=96&d=mm&r=g\",\"caption\":\"Jeanette\"},\"sameAs\":[\"https:\\\/\\\/www.eldiario.net\\\/portal\"],\"url\":\"https:\\\/\\\/www.eldiario.net\\\/portal\\\/author\\\/jeanette\\\/\"}]}<\/script>\n<!-- \/ Yoast SEO plugin. -->","yoast_head_json":{"title":"Urge reforma estructural para frenar la inflaci\u00f3n en el pa\u00eds - El Diario - Bolivia","robots":{"index":"index","follow":"follow","max-snippet":"max-snippet:-1","max-image-preview":"max-image-preview:large","max-video-preview":"max-video-preview:-1"},"canonical":"https:\/\/www.eldiario.net\/portal\/2025\/03\/29\/urge-reforma-estructural-para-frenar-la-inflacion-en-el-pais\/","og_locale":"es_ES","og_type":"article","og_title":"Urge reforma estructural para frenar la inflaci\u00f3n en el pa\u00eds - El Diario - Bolivia","og_description":"La administraci\u00f3n de Estado por parte del Movimiento al Socialismo (MAS), a pesar de la crisis econ\u00f3mica que arrastra desde el 2020, no reduce los gastos, situaci\u00f3n que provocar\u00e1 serias dificultades para el pr\u00f3ximo gobierno, por lo que es prioritario una reforma estructural para frenar la inflaci\u00f3n en el pa\u00eds, sostiene un an\u00e1lisis de la [&hellip;]","og_url":"https:\/\/www.eldiario.net\/portal\/2025\/03\/29\/urge-reforma-estructural-para-frenar-la-inflacion-en-el-pais\/","og_site_name":"El Diario - Bolivia","article_publisher":"https:\/\/www.facebook.com\/eldiario.bolivia\/","article_published_time":"2025-03-29T10:28:44+00:00","og_image":[{"width":1200,"height":650,"url":"https:\/\/www.eldiario.net\/portal\/wp-content\/uploads\/2025\/03\/P-1-15-cm-x-11.webp","type":"image\/webp"}],"author":"Jeanette","twitter_card":"summary_large_image","twitter_creator":"@eldiario_net","twitter_site":"@eldiario_net","twitter_misc":{"Escrito por":"Jeanette","Tiempo de lectura":"2 minutos"},"schema":{"@context":"https:\/\/schema.org","@graph":[{"@type":"Article","@id":"https:\/\/www.eldiario.net\/portal\/2025\/03\/29\/urge-reforma-estructural-para-frenar-la-inflacion-en-el-pais\/#article","isPartOf":{"@id":"https:\/\/www.eldiario.net\/portal\/2025\/03\/29\/urge-reforma-estructural-para-frenar-la-inflacion-en-el-pais\/"},"author":{"name":"Jeanette","@id":"https:\/\/www.eldiario.net\/portal\/#\/schema\/person\/f46445640444750d7d753ccd04ae01b7"},"headline":"Urge reforma estructural para frenar la inflaci\u00f3n en el pa\u00eds","datePublished":"2025-03-29T10:28:44+00:00","mainEntityOfPage":{"@id":"https:\/\/www.eldiario.net\/portal\/2025\/03\/29\/urge-reforma-estructural-para-frenar-la-inflacion-en-el-pais\/"},"wordCount":269,"publisher":{"@id":"https:\/\/www.eldiario.net\/portal\/#organization"},"image":{"@id":"https:\/\/www.eldiario.net\/portal\/2025\/03\/29\/urge-reforma-estructural-para-frenar-la-inflacion-en-el-pais\/#primaryimage"},"thumbnailUrl":"https:\/\/www.eldiario.net\/portal\/wp-content\/uploads\/2025\/03\/P-1-15-cm-x-11.webp","articleSection":["Principal"],"inLanguage":"es"},{"@type":"WebPage","@id":"https:\/\/www.eldiario.net\/portal\/2025\/03\/29\/urge-reforma-estructural-para-frenar-la-inflacion-en-el-pais\/","url":"https:\/\/www.eldiario.net\/portal\/2025\/03\/29\/urge-reforma-estructural-para-frenar-la-inflacion-en-el-pais\/","name":"Urge reforma estructural para frenar la inflaci\u00f3n en el pa\u00eds - El Diario - Bolivia","isPartOf":{"@id":"https:\/\/www.eldiario.net\/portal\/#website"},"primaryImageOfPage":{"@id":"https:\/\/www.eldiario.net\/portal\/2025\/03\/29\/urge-reforma-estructural-para-frenar-la-inflacion-en-el-pais\/#primaryimage"},"image":{"@id":"https:\/\/www.eldiario.net\/portal\/2025\/03\/29\/urge-reforma-estructural-para-frenar-la-inflacion-en-el-pais\/#primaryimage"},"thumbnailUrl":"https:\/\/www.eldiario.net\/portal\/wp-content\/uploads\/2025\/03\/P-1-15-cm-x-11.webp","datePublished":"2025-03-29T10:28:44+00:00","breadcrumb":{"@id":"https:\/\/www.eldiario.net\/portal\/2025\/03\/29\/urge-reforma-estructural-para-frenar-la-inflacion-en-el-pais\/#breadcrumb"},"inLanguage":"es","potentialAction":[{"@type":"ReadAction","target":["https:\/\/www.eldiario.net\/portal\/2025\/03\/29\/urge-reforma-estructural-para-frenar-la-inflacion-en-el-pais\/"]}]},{"@type":"ImageObject","inLanguage":"es","@id":"https:\/\/www.eldiario.net\/portal\/2025\/03\/29\/urge-reforma-estructural-para-frenar-la-inflacion-en-el-pais\/#primaryimage","url":"https:\/\/www.eldiario.net\/portal\/wp-content\/uploads\/2025\/03\/P-1-15-cm-x-11.webp","contentUrl":"https:\/\/www.eldiario.net\/portal\/wp-content\/uploads\/2025\/03\/P-1-15-cm-x-11.webp","width":1200,"height":650,"caption":"La poblaci\u00f3n boliviana se ve afectada por la elevaci\u00f3n de precios de los productos alimenticios de la canasta familiar."},{"@type":"BreadcrumbList","@id":"https:\/\/www.eldiario.net\/portal\/2025\/03\/29\/urge-reforma-estructural-para-frenar-la-inflacion-en-el-pais\/#breadcrumb","itemListElement":[{"@type":"ListItem","position":1,"name":"Portada","item":"https:\/\/www.eldiario.net\/portal\/"},{"@type":"ListItem","position":2,"name":"Urge reforma estructural para frenar la inflaci\u00f3n en el pa\u00eds"}]},{"@type":"WebSite","@id":"https:\/\/www.eldiario.net\/portal\/#website","url":"https:\/\/www.eldiario.net\/portal\/","name":"El Diario - Decano de la prensa nacional","description":"El Diario - Decano de la prensa nacional","publisher":{"@id":"https:\/\/www.eldiario.net\/portal\/#organization"},"potentialAction":[{"@type":"SearchAction","target":{"@type":"EntryPoint","urlTemplate":"https:\/\/www.eldiario.net\/portal\/?s={search_term_string}"},"query-input":{"@type":"PropertyValueSpecification","valueRequired":true,"valueName":"search_term_string"}}],"inLanguage":"es"},{"@type":"Organization","@id":"https:\/\/www.eldiario.net\/portal\/#organization","name":"El Diario - Decano de la prensa nacional","url":"https:\/\/www.eldiario.net\/portal\/","logo":{"@type":"ImageObject","inLanguage":"es","@id":"https:\/\/www.eldiario.net\/portal\/#\/schema\/logo\/image\/","url":"https:\/\/www.eldiario.net\/portal\/wp-content\/uploads\/2023\/07\/logo_ED.jpg","contentUrl":"https:\/\/www.eldiario.net\/portal\/wp-content\/uploads\/2023\/07\/logo_ED.jpg","width":272,"height":52,"caption":"El Diario - Decano de la prensa nacional"},"image":{"@id":"https:\/\/www.eldiario.net\/portal\/#\/schema\/logo\/image\/"},"sameAs":["https:\/\/www.facebook.com\/eldiario.bolivia\/","https:\/\/x.com\/eldiario_net"]},{"@type":"Person","@id":"https:\/\/www.eldiario.net\/portal\/#\/schema\/person\/f46445640444750d7d753ccd04ae01b7","name":"Jeanette","image":{"@type":"ImageObject","inLanguage":"es","@id":"https:\/\/secure.gravatar.com\/avatar\/3ea2118a5f7dad2b7138b1187a6b7ee55f160b9968b66013c3a3ef39dd7e5798?s=96&d=mm&r=g","url":"https:\/\/secure.gravatar.com\/avatar\/3ea2118a5f7dad2b7138b1187a6b7ee55f160b9968b66013c3a3ef39dd7e5798?s=96&d=mm&r=g","contentUrl":"https:\/\/secure.gravatar.com\/avatar\/3ea2118a5f7dad2b7138b1187a6b7ee55f160b9968b66013c3a3ef39dd7e5798?s=96&d=mm&r=g","caption":"Jeanette"},"sameAs":["https:\/\/www.eldiario.net\/portal"],"url":"https:\/\/www.eldiario.net\/portal\/author\/jeanette\/"}]}},"_links":{"self":[{"href":"https:\/\/www.eldiario.net\/portal\/wp-json\/wp\/v2\/posts\/291550","targetHints":{"allow":["GET"]}}],"collection":[{"href":"https:\/\/www.eldiario.net\/portal\/wp-json\/wp\/v2\/posts"}],"about":[{"href":"https:\/\/www.eldiario.net\/portal\/wp-json\/wp\/v2\/types\/post"}],"author":[{"embeddable":true,"href":"https:\/\/www.eldiario.net\/portal\/wp-json\/wp\/v2\/users\/1"}],"replies":[{"embeddable":true,"href":"https:\/\/www.eldiario.net\/portal\/wp-json\/wp\/v2\/comments?post=291550"}],"version-history":[{"count":1,"href":"https:\/\/www.eldiario.net\/portal\/wp-json\/wp\/v2\/posts\/291550\/revisions"}],"predecessor-version":[{"id":291552,"href":"https:\/\/www.eldiario.net\/portal\/wp-json\/wp\/v2\/posts\/291550\/revisions\/291552"}],"wp:featuredmedia":[{"embeddable":true,"href":"https:\/\/www.eldiario.net\/portal\/wp-json\/wp\/v2\/media\/291551"}],"wp:attachment":[{"href":"https:\/\/www.eldiario.net\/portal\/wp-json\/wp\/v2\/media?parent=291550"}],"wp:term":[{"taxonomy":"category","embeddable":true,"href":"https:\/\/www.eldiario.net\/portal\/wp-json\/wp\/v2\/categories?post=291550"},{"taxonomy":"post_tag","embeddable":true,"href":"https:\/\/www.eldiario.net\/portal\/wp-json\/wp\/v2\/tags?post=291550"}],"curies":[{"name":"wp","href":"https:\/\/api.w.org\/{rel}","templated":true}]}}