{"id":291547,"date":"2025-03-29T06:28:02","date_gmt":"2025-03-29T10:28:02","guid":{"rendered":"https:\/\/www.eldiario.net\/portal\/?p=291547"},"modified":"2025-03-29T06:28:02","modified_gmt":"2025-03-29T10:28:02","slug":"41-municipios-de-la-paz-en-situacion-de-desastre","status":"publish","type":"post","link":"https:\/\/www.eldiario.net\/portal\/2025\/03\/29\/41-municipios-de-la-paz-en-situacion-de-desastre\/","title":{"rendered":"41 municipios de La Paz en situaci\u00f3n de desastre"},"content":{"rendered":"<p class=\"v1MsoNormal\">La Gobernaci\u00f3n de La Paz inform\u00f3 que 41 municipios se encuentran en situaci\u00f3n de desastre y uno en emergencia, Ixiamas, debido a las intensas lluvias que afectan al departamento. Seg\u00fan Jorge Cahuapaza, director de Riesgos de la Gobernaci\u00f3n, las inclemencias clim\u00e1ticas afectaron a 90 mil familias.<\/p>\n<p class=\"v1MsoNormal\">Asimismo, inform\u00f3 que el m\u00e1s afectado es Tipuani, donde ya se gastaron m\u00e1s de 1,6 millones de bolivianos s\u00f3lo en maquinaria, y estamos realizando la compra de v\u00edveres. Creemos que hasta mitad de gesti\u00f3n se agotar\u00e1 todo el presupuesto anual destinado a emergencias\u00bb, advirti\u00f3 Cahuapaza.<\/p>\n<p class=\"v1MsoNormal\">El \u00e1rea de salud tambi\u00e9n enfrenta desaf\u00edos por el incremento de enfermedades relacionadas con las lluvias. Javier Mamani, jefe de Epidemiolog\u00eda del Servicio Departamental de Salud (Sedes), se\u00f1al\u00f3 que reforzaron la atenci\u00f3n en las zonas m\u00e1s afectadas.<\/p>\n<p class=\"v1MsoNormal\">\u00abNuestro personal duplic\u00f3 su presencia en estos municipios. Los centros de salud que carecen de medicamentos reciben dotaci\u00f3n del Sedes. Por el incremento de las lluvias, se han registrado casos de Enfermedades Transmitidas por el Agua (ETA) en Palos Blancos y La Asunta, pero actualmente, gracias al despliegue t\u00e9cnico, no tenemos casos activos\u00bb, afirm\u00f3 Mamani.<\/p>\n<p class=\"v1MsoNormal\">Las autoridades alertaron que, de continuar las precipitaciones, el presupuesto para la atenci\u00f3n de emergencias podr\u00eda agotarse antes de lo previsto, lo que dificultar\u00eda las labores de asistencia y recuperaci\u00f3n en el departamento. (Br\u00fajula Digital)<\/p>\n","protected":false},"excerpt":{"rendered":"<p>La Gobernaci\u00f3n de La Paz inform\u00f3 que 41 municipios se encuentran en situaci\u00f3n de desastre y uno en emergencia, Ixiamas, debido a las intensas lluvias que afectan al departamento. Seg\u00fan Jorge Cahuapaza, director de Riesgos de la Gobernaci\u00f3n, las inclemencias clim\u00e1ticas afectaron a 90 mil familias. Asimismo, inform\u00f3 que el m\u00e1s afectado es Tipuani, donde [&hellip;]<\/p>\n","protected":false},"author":1,"featured_media":291548,"comment_status":"closed","ping_status":"open","sticky":false,"template":"","format":"standard","meta":{"_acf_changed":false,"footnotes":""},"categories":[15],"tags":[],"class_list":["post-291547","post","type-post","status-publish","format-standard","has-post-thumbnail","category-portada"],"acf":{"antetitulo":"Lluvias afectan a 90 mil familias"},"yoast_head":"<!-- This site is optimized with the Yoast SEO plugin v28.3 - https:\/\/yoast.com\/product\/yoast-seo-wordpress\/ -->\n<title>41 municipios de La Paz en situaci\u00f3n de desastre - El Diario - Bolivia<\/title>\n<meta name=\"robots\" content=\"index, follow, max-snippet:-1, max-image-preview:large, max-video-preview:-1\" \/>\n<link rel=\"canonical\" href=\"https:\/\/www.eldiario.net\/portal\/2025\/03\/29\/41-municipios-de-la-paz-en-situacion-de-desastre\/\" \/>\n<meta property=\"og:locale\" content=\"es_ES\" \/>\n<meta property=\"og:type\" content=\"article\" \/>\n<meta property=\"og:title\" content=\"41 municipios de La Paz en situaci\u00f3n de desastre - El Diario - Bolivia\" \/>\n<meta property=\"og:description\" content=\"La Gobernaci\u00f3n de La Paz inform\u00f3 que 41 municipios se encuentran en situaci\u00f3n de desastre y uno en emergencia, Ixiamas, debido a las intensas lluvias que afectan al departamento. Seg\u00fan Jorge Cahuapaza, director de Riesgos de la Gobernaci\u00f3n, las inclemencias clim\u00e1ticas afectaron a 90 mil familias. Asimismo, inform\u00f3 que el m\u00e1s afectado es Tipuani, donde [&hellip;]\" \/>\n<meta property=\"og:url\" content=\"https:\/\/www.eldiario.net\/portal\/2025\/03\/29\/41-municipios-de-la-paz-en-situacion-de-desastre\/\" \/>\n<meta property=\"og:site_name\" content=\"El Diario - Bolivia\" \/>\n<meta property=\"article:publisher\" content=\"https:\/\/www.facebook.com\/eldiario.bolivia\/\" \/>\n<meta property=\"article:published_time\" content=\"2025-03-29T10:28:02+00:00\" \/>\n<meta property=\"og:image\" content=\"https:\/\/www.eldiario.net\/portal\/wp-content\/uploads\/2025\/03\/P-2-10-cm-x-7.jpg\" \/>\n\t<meta property=\"og:image:width\" content=\"720\" \/>\n\t<meta property=\"og:image:height\" content=\"399\" \/>\n\t<meta property=\"og:image:type\" content=\"image\/jpeg\" \/>\n<meta name=\"author\" content=\"Jeanette\" \/>\n<meta name=\"twitter:card\" content=\"summary_large_image\" \/>\n<meta name=\"twitter:creator\" content=\"@eldiario_net\" \/>\n<meta name=\"twitter:site\" content=\"@eldiario_net\" \/>\n<meta name=\"twitter:label1\" content=\"Escrito por\" \/>\n\t<meta name=\"twitter:data1\" content=\"Jeanette\" \/>\n\t<meta name=\"twitter:label2\" content=\"Tiempo de lectura\" \/>\n\t<meta name=\"twitter:data2\" content=\"2 minutos\" \/>\n<script type=\"application\/ld+json\" class=\"yoast-schema-graph\">{\"@context\":\"https:\\\/\\\/schema.org\",\"@graph\":[{\"@type\":\"Article\",\"@id\":\"https:\\\/\\\/www.eldiario.net\\\/portal\\\/2025\\\/03\\\/29\\\/41-municipios-de-la-paz-en-situacion-de-desastre\\\/#article\",\"isPartOf\":{\"@id\":\"https:\\\/\\\/www.eldiario.net\\\/portal\\\/2025\\\/03\\\/29\\\/41-municipios-de-la-paz-en-situacion-de-desastre\\\/\"},\"author\":{\"name\":\"Jeanette\",\"@id\":\"https:\\\/\\\/www.eldiario.net\\\/portal\\\/#\\\/schema\\\/person\\\/f46445640444750d7d753ccd04ae01b7\"},\"headline\":\"41 municipios de La Paz en situaci\u00f3n de desastre\",\"datePublished\":\"2025-03-29T10:28:02+00:00\",\"mainEntityOfPage\":{\"@id\":\"https:\\\/\\\/www.eldiario.net\\\/portal\\\/2025\\\/03\\\/29\\\/41-municipios-de-la-paz-en-situacion-de-desastre\\\/\"},\"wordCount\":247,\"publisher\":{\"@id\":\"https:\\\/\\\/www.eldiario.net\\\/portal\\\/#organization\"},\"image\":{\"@id\":\"https:\\\/\\\/www.eldiario.net\\\/portal\\\/2025\\\/03\\\/29\\\/41-municipios-de-la-paz-en-situacion-de-desastre\\\/#primaryimage\"},\"thumbnailUrl\":\"https:\\\/\\\/www.eldiario.net\\\/portal\\\/wp-content\\\/uploads\\\/2025\\\/03\\\/P-2-10-cm-x-7.jpg\",\"articleSection\":[\"Portada\"],\"inLanguage\":\"es\"},{\"@type\":\"WebPage\",\"@id\":\"https:\\\/\\\/www.eldiario.net\\\/portal\\\/2025\\\/03\\\/29\\\/41-municipios-de-la-paz-en-situacion-de-desastre\\\/\",\"url\":\"https:\\\/\\\/www.eldiario.net\\\/portal\\\/2025\\\/03\\\/29\\\/41-municipios-de-la-paz-en-situacion-de-desastre\\\/\",\"name\":\"41 municipios de La Paz en situaci\u00f3n de desastre - El Diario - Bolivia\",\"isPartOf\":{\"@id\":\"https:\\\/\\\/www.eldiario.net\\\/portal\\\/#website\"},\"primaryImageOfPage\":{\"@id\":\"https:\\\/\\\/www.eldiario.net\\\/portal\\\/2025\\\/03\\\/29\\\/41-municipios-de-la-paz-en-situacion-de-desastre\\\/#primaryimage\"},\"image\":{\"@id\":\"https:\\\/\\\/www.eldiario.net\\\/portal\\\/2025\\\/03\\\/29\\\/41-municipios-de-la-paz-en-situacion-de-desastre\\\/#primaryimage\"},\"thumbnailUrl\":\"https:\\\/\\\/www.eldiario.net\\\/portal\\\/wp-content\\\/uploads\\\/2025\\\/03\\\/P-2-10-cm-x-7.jpg\",\"datePublished\":\"2025-03-29T10:28:02+00:00\",\"breadcrumb\":{\"@id\":\"https:\\\/\\\/www.eldiario.net\\\/portal\\\/2025\\\/03\\\/29\\\/41-municipios-de-la-paz-en-situacion-de-desastre\\\/#breadcrumb\"},\"inLanguage\":\"es\",\"potentialAction\":[{\"@type\":\"ReadAction\",\"target\":[\"https:\\\/\\\/www.eldiario.net\\\/portal\\\/2025\\\/03\\\/29\\\/41-municipios-de-la-paz-en-situacion-de-desastre\\\/\"]}]},{\"@type\":\"ImageObject\",\"inLanguage\":\"es\",\"@id\":\"https:\\\/\\\/www.eldiario.net\\\/portal\\\/2025\\\/03\\\/29\\\/41-municipios-de-la-paz-en-situacion-de-desastre\\\/#primaryimage\",\"url\":\"https:\\\/\\\/www.eldiario.net\\\/portal\\\/wp-content\\\/uploads\\\/2025\\\/03\\\/P-2-10-cm-x-7.jpg\",\"contentUrl\":\"https:\\\/\\\/www.eldiario.net\\\/portal\\\/wp-content\\\/uploads\\\/2025\\\/03\\\/P-2-10-cm-x-7.jpg\",\"width\":720,\"height\":399,\"caption\":\"Las lluvias causaron distintas emergencias en la ciudad de La Paz y en todo el departamento.\"},{\"@type\":\"BreadcrumbList\",\"@id\":\"https:\\\/\\\/www.eldiario.net\\\/portal\\\/2025\\\/03\\\/29\\\/41-municipios-de-la-paz-en-situacion-de-desastre\\\/#breadcrumb\",\"itemListElement\":[{\"@type\":\"ListItem\",\"position\":1,\"name\":\"Portada\",\"item\":\"https:\\\/\\\/www.eldiario.net\\\/portal\\\/\"},{\"@type\":\"ListItem\",\"position\":2,\"name\":\"41 municipios de La Paz en situaci\u00f3n de desastre\"}]},{\"@type\":\"WebSite\",\"@id\":\"https:\\\/\\\/www.eldiario.net\\\/portal\\\/#website\",\"url\":\"https:\\\/\\\/www.eldiario.net\\\/portal\\\/\",\"name\":\"El Diario - Decano de la prensa nacional\",\"description\":\"El Diario - Decano de la prensa nacional\",\"publisher\":{\"@id\":\"https:\\\/\\\/www.eldiario.net\\\/portal\\\/#organization\"},\"potentialAction\":[{\"@type\":\"SearchAction\",\"target\":{\"@type\":\"EntryPoint\",\"urlTemplate\":\"https:\\\/\\\/www.eldiario.net\\\/portal\\\/?s={search_term_string}\"},\"query-input\":{\"@type\":\"PropertyValueSpecification\",\"valueRequired\":true,\"valueName\":\"search_term_string\"}}],\"inLanguage\":\"es\"},{\"@type\":\"Organization\",\"@id\":\"https:\\\/\\\/www.eldiario.net\\\/portal\\\/#organization\",\"name\":\"El Diario - Decano de la prensa nacional\",\"url\":\"https:\\\/\\\/www.eldiario.net\\\/portal\\\/\",\"logo\":{\"@type\":\"ImageObject\",\"inLanguage\":\"es\",\"@id\":\"https:\\\/\\\/www.eldiario.net\\\/portal\\\/#\\\/schema\\\/logo\\\/image\\\/\",\"url\":\"https:\\\/\\\/www.eldiario.net\\\/portal\\\/wp-content\\\/uploads\\\/2023\\\/07\\\/logo_ED.jpg\",\"contentUrl\":\"https:\\\/\\\/www.eldiario.net\\\/portal\\\/wp-content\\\/uploads\\\/2023\\\/07\\\/logo_ED.jpg\",\"width\":272,\"height\":52,\"caption\":\"El Diario - Decano de la prensa nacional\"},\"image\":{\"@id\":\"https:\\\/\\\/www.eldiario.net\\\/portal\\\/#\\\/schema\\\/logo\\\/image\\\/\"},\"sameAs\":[\"https:\\\/\\\/www.facebook.com\\\/eldiario.bolivia\\\/\",\"https:\\\/\\\/x.com\\\/eldiario_net\"]},{\"@type\":\"Person\",\"@id\":\"https:\\\/\\\/www.eldiario.net\\\/portal\\\/#\\\/schema\\\/person\\\/f46445640444750d7d753ccd04ae01b7\",\"name\":\"Jeanette\",\"image\":{\"@type\":\"ImageObject\",\"inLanguage\":\"es\",\"@id\":\"https:\\\/\\\/secure.gravatar.com\\\/avatar\\\/3ea2118a5f7dad2b7138b1187a6b7ee55f160b9968b66013c3a3ef39dd7e5798?s=96&d=mm&r=g\",\"url\":\"https:\\\/\\\/secure.gravatar.com\\\/avatar\\\/3ea2118a5f7dad2b7138b1187a6b7ee55f160b9968b66013c3a3ef39dd7e5798?s=96&d=mm&r=g\",\"contentUrl\":\"https:\\\/\\\/secure.gravatar.com\\\/avatar\\\/3ea2118a5f7dad2b7138b1187a6b7ee55f160b9968b66013c3a3ef39dd7e5798?s=96&d=mm&r=g\",\"caption\":\"Jeanette\"},\"sameAs\":[\"https:\\\/\\\/www.eldiario.net\\\/portal\"],\"url\":\"https:\\\/\\\/www.eldiario.net\\\/portal\\\/author\\\/jeanette\\\/\"}]}<\/script>\n<!-- \/ Yoast SEO plugin. -->","yoast_head_json":{"title":"41 municipios de La Paz en situaci\u00f3n de desastre - El Diario - Bolivia","robots":{"index":"index","follow":"follow","max-snippet":"max-snippet:-1","max-image-preview":"max-image-preview:large","max-video-preview":"max-video-preview:-1"},"canonical":"https:\/\/www.eldiario.net\/portal\/2025\/03\/29\/41-municipios-de-la-paz-en-situacion-de-desastre\/","og_locale":"es_ES","og_type":"article","og_title":"41 municipios de La Paz en situaci\u00f3n de desastre - El Diario - Bolivia","og_description":"La Gobernaci\u00f3n de La Paz inform\u00f3 que 41 municipios se encuentran en situaci\u00f3n de desastre y uno en emergencia, Ixiamas, debido a las intensas lluvias que afectan al departamento. Seg\u00fan Jorge Cahuapaza, director de Riesgos de la Gobernaci\u00f3n, las inclemencias clim\u00e1ticas afectaron a 90 mil familias. Asimismo, inform\u00f3 que el m\u00e1s afectado es Tipuani, donde [&hellip;]","og_url":"https:\/\/www.eldiario.net\/portal\/2025\/03\/29\/41-municipios-de-la-paz-en-situacion-de-desastre\/","og_site_name":"El Diario - Bolivia","article_publisher":"https:\/\/www.facebook.com\/eldiario.bolivia\/","article_published_time":"2025-03-29T10:28:02+00:00","og_image":[{"width":720,"height":399,"url":"https:\/\/www.eldiario.net\/portal\/wp-content\/uploads\/2025\/03\/P-2-10-cm-x-7.jpg","type":"image\/jpeg"}],"author":"Jeanette","twitter_card":"summary_large_image","twitter_creator":"@eldiario_net","twitter_site":"@eldiario_net","twitter_misc":{"Escrito por":"Jeanette","Tiempo de lectura":"2 minutos"},"schema":{"@context":"https:\/\/schema.org","@graph":[{"@type":"Article","@id":"https:\/\/www.eldiario.net\/portal\/2025\/03\/29\/41-municipios-de-la-paz-en-situacion-de-desastre\/#article","isPartOf":{"@id":"https:\/\/www.eldiario.net\/portal\/2025\/03\/29\/41-municipios-de-la-paz-en-situacion-de-desastre\/"},"author":{"name":"Jeanette","@id":"https:\/\/www.eldiario.net\/portal\/#\/schema\/person\/f46445640444750d7d753ccd04ae01b7"},"headline":"41 municipios de La Paz en situaci\u00f3n de desastre","datePublished":"2025-03-29T10:28:02+00:00","mainEntityOfPage":{"@id":"https:\/\/www.eldiario.net\/portal\/2025\/03\/29\/41-municipios-de-la-paz-en-situacion-de-desastre\/"},"wordCount":247,"publisher":{"@id":"https:\/\/www.eldiario.net\/portal\/#organization"},"image":{"@id":"https:\/\/www.eldiario.net\/portal\/2025\/03\/29\/41-municipios-de-la-paz-en-situacion-de-desastre\/#primaryimage"},"thumbnailUrl":"https:\/\/www.eldiario.net\/portal\/wp-content\/uploads\/2025\/03\/P-2-10-cm-x-7.jpg","articleSection":["Portada"],"inLanguage":"es"},{"@type":"WebPage","@id":"https:\/\/www.eldiario.net\/portal\/2025\/03\/29\/41-municipios-de-la-paz-en-situacion-de-desastre\/","url":"https:\/\/www.eldiario.net\/portal\/2025\/03\/29\/41-municipios-de-la-paz-en-situacion-de-desastre\/","name":"41 municipios de La Paz en situaci\u00f3n de desastre - El Diario - Bolivia","isPartOf":{"@id":"https:\/\/www.eldiario.net\/portal\/#website"},"primaryImageOfPage":{"@id":"https:\/\/www.eldiario.net\/portal\/2025\/03\/29\/41-municipios-de-la-paz-en-situacion-de-desastre\/#primaryimage"},"image":{"@id":"https:\/\/www.eldiario.net\/portal\/2025\/03\/29\/41-municipios-de-la-paz-en-situacion-de-desastre\/#primaryimage"},"thumbnailUrl":"https:\/\/www.eldiario.net\/portal\/wp-content\/uploads\/2025\/03\/P-2-10-cm-x-7.jpg","datePublished":"2025-03-29T10:28:02+00:00","breadcrumb":{"@id":"https:\/\/www.eldiario.net\/portal\/2025\/03\/29\/41-municipios-de-la-paz-en-situacion-de-desastre\/#breadcrumb"},"inLanguage":"es","potentialAction":[{"@type":"ReadAction","target":["https:\/\/www.eldiario.net\/portal\/2025\/03\/29\/41-municipios-de-la-paz-en-situacion-de-desastre\/"]}]},{"@type":"ImageObject","inLanguage":"es","@id":"https:\/\/www.eldiario.net\/portal\/2025\/03\/29\/41-municipios-de-la-paz-en-situacion-de-desastre\/#primaryimage","url":"https:\/\/www.eldiario.net\/portal\/wp-content\/uploads\/2025\/03\/P-2-10-cm-x-7.jpg","contentUrl":"https:\/\/www.eldiario.net\/portal\/wp-content\/uploads\/2025\/03\/P-2-10-cm-x-7.jpg","width":720,"height":399,"caption":"Las lluvias causaron distintas emergencias en la ciudad de La Paz y en todo el departamento."},{"@type":"BreadcrumbList","@id":"https:\/\/www.eldiario.net\/portal\/2025\/03\/29\/41-municipios-de-la-paz-en-situacion-de-desastre\/#breadcrumb","itemListElement":[{"@type":"ListItem","position":1,"name":"Portada","item":"https:\/\/www.eldiario.net\/portal\/"},{"@type":"ListItem","position":2,"name":"41 municipios de La Paz en situaci\u00f3n de desastre"}]},{"@type":"WebSite","@id":"https:\/\/www.eldiario.net\/portal\/#website","url":"https:\/\/www.eldiario.net\/portal\/","name":"El Diario - Decano de la prensa nacional","description":"El Diario - Decano de la prensa nacional","publisher":{"@id":"https:\/\/www.eldiario.net\/portal\/#organization"},"potentialAction":[{"@type":"SearchAction","target":{"@type":"EntryPoint","urlTemplate":"https:\/\/www.eldiario.net\/portal\/?s={search_term_string}"},"query-input":{"@type":"PropertyValueSpecification","valueRequired":true,"valueName":"search_term_string"}}],"inLanguage":"es"},{"@type":"Organization","@id":"https:\/\/www.eldiario.net\/portal\/#organization","name":"El Diario - Decano de la prensa nacional","url":"https:\/\/www.eldiario.net\/portal\/","logo":{"@type":"ImageObject","inLanguage":"es","@id":"https:\/\/www.eldiario.net\/portal\/#\/schema\/logo\/image\/","url":"https:\/\/www.eldiario.net\/portal\/wp-content\/uploads\/2023\/07\/logo_ED.jpg","contentUrl":"https:\/\/www.eldiario.net\/portal\/wp-content\/uploads\/2023\/07\/logo_ED.jpg","width":272,"height":52,"caption":"El Diario - Decano de la prensa nacional"},"image":{"@id":"https:\/\/www.eldiario.net\/portal\/#\/schema\/logo\/image\/"},"sameAs":["https:\/\/www.facebook.com\/eldiario.bolivia\/","https:\/\/x.com\/eldiario_net"]},{"@type":"Person","@id":"https:\/\/www.eldiario.net\/portal\/#\/schema\/person\/f46445640444750d7d753ccd04ae01b7","name":"Jeanette","image":{"@type":"ImageObject","inLanguage":"es","@id":"https:\/\/secure.gravatar.com\/avatar\/3ea2118a5f7dad2b7138b1187a6b7ee55f160b9968b66013c3a3ef39dd7e5798?s=96&d=mm&r=g","url":"https:\/\/secure.gravatar.com\/avatar\/3ea2118a5f7dad2b7138b1187a6b7ee55f160b9968b66013c3a3ef39dd7e5798?s=96&d=mm&r=g","contentUrl":"https:\/\/secure.gravatar.com\/avatar\/3ea2118a5f7dad2b7138b1187a6b7ee55f160b9968b66013c3a3ef39dd7e5798?s=96&d=mm&r=g","caption":"Jeanette"},"sameAs":["https:\/\/www.eldiario.net\/portal"],"url":"https:\/\/www.eldiario.net\/portal\/author\/jeanette\/"}]}},"_links":{"self":[{"href":"https:\/\/www.eldiario.net\/portal\/wp-json\/wp\/v2\/posts\/291547","targetHints":{"allow":["GET"]}}],"collection":[{"href":"https:\/\/www.eldiario.net\/portal\/wp-json\/wp\/v2\/posts"}],"about":[{"href":"https:\/\/www.eldiario.net\/portal\/wp-json\/wp\/v2\/types\/post"}],"author":[{"embeddable":true,"href":"https:\/\/www.eldiario.net\/portal\/wp-json\/wp\/v2\/users\/1"}],"replies":[{"embeddable":true,"href":"https:\/\/www.eldiario.net\/portal\/wp-json\/wp\/v2\/comments?post=291547"}],"version-history":[{"count":1,"href":"https:\/\/www.eldiario.net\/portal\/wp-json\/wp\/v2\/posts\/291547\/revisions"}],"predecessor-version":[{"id":291549,"href":"https:\/\/www.eldiario.net\/portal\/wp-json\/wp\/v2\/posts\/291547\/revisions\/291549"}],"wp:featuredmedia":[{"embeddable":true,"href":"https:\/\/www.eldiario.net\/portal\/wp-json\/wp\/v2\/media\/291548"}],"wp:attachment":[{"href":"https:\/\/www.eldiario.net\/portal\/wp-json\/wp\/v2\/media?parent=291547"}],"wp:term":[{"taxonomy":"category","embeddable":true,"href":"https:\/\/www.eldiario.net\/portal\/wp-json\/wp\/v2\/categories?post=291547"},{"taxonomy":"post_tag","embeddable":true,"href":"https:\/\/www.eldiario.net\/portal\/wp-json\/wp\/v2\/tags?post=291547"}],"curies":[{"name":"wp","href":"https:\/\/api.w.org\/{rel}","templated":true}]}}