{"id":2913,"date":"2021-05-10T03:56:46","date_gmt":"2021-05-10T07:56:46","guid":{"rendered":"https:\/\/www.eldiario.net\/portal\/?p=2913"},"modified":"2021-05-10T03:56:46","modified_gmt":"2021-05-10T07:56:46","slug":"cuidado-estas-cancelado","status":"publish","type":"post","link":"https:\/\/www.eldiario.net\/portal\/2021\/05\/10\/cuidado-estas-cancelado\/","title":{"rendered":"Cuidado, \u00a1est\u00e1s cancelado!"},"content":{"rendered":"<p>La censura siempre ha sido parte de la historia de la humanidad, por ende, no deber\u00eda ser algo que nos sorprenda o indigne, existen varios ejemplos de ello, muchos de ellos incluso cubiertos de sangre. Es decir, el poder mal ejercido siempre, pero siempre va a tratar de censurar a todo aquel que piense diferente. George Orwell describ\u00eda estos extremos en su novela 1984, concretamente con la llamada \u201cpolic\u00eda del pensamiento\u201d, la cual funge en la novela como una organizaci\u00f3n policial encargada de perseguir a todos aquellos que osen pensar diferente a la l\u00ednea de pensamiento oficial.<br \/>\nCensurar al que piense diferente, por ende, no es novedad, lo que s\u00ed es novedoso es tratar de censurar al sentido com\u00fan. Para conseguir este prop\u00f3sito, la consigna de censura ha cambiado con el paso de los a\u00f1os, por lo cual ahora ya no se censura, se \u201ccancela\u201d. Lo peligroso de esta manera de censura es que ya no solamente se silencia al que piensa diferente, ahora tambi\u00e9n se lo descarta.<br \/>\n\u00bfD\u00f3nde radica el problema de la cancelaci\u00f3n?, la respuesta no es simple, pues detr\u00e1s de esta nueva forma de censura podemos encontrar numerosas vertientes, las cuales var\u00edan desde cierto tipo de \u00abboicots\u00bb hacia determinados autores, artistas o programas de televisi\u00f3n, pero tambi\u00e9n nos encontramos con una especie de bombardeo medi\u00e1tico (en especial en las redes sociales) que tiene como fin la imposici\u00f3n de un pensamiento \u00fanico, el cual no acepta ning\u00fan tipo de contradicciones o dudas. El pensamiento \u00fanico no concibe la diversidad. Aunque en su ret\u00f3rica se presente a s\u00ed mismo como baluarte de lo distinto, el pensamiento \u00fanico no soporta a la libertad, aunque en su mensaje tienda a vanagloriarse de ser puntal de la libre expresi\u00f3n. Para ser m\u00e1s claro, la tendencia totalitaria de la cultura de la cancelaci\u00f3n se basa \u00edntegramente en una concepci\u00f3n relativista que cuestiona verdades fundamentales del ser humano, de la sociedad y de la Fe.<br \/>\nPara Kant la libertad es la capacidad de elecci\u00f3n moral, precisamente siendo capaz de imponer una norma por encima de las propias afecciones, inclinaciones o deseos. Como vemos, para el fil\u00f3sofo prusiano la elecci\u00f3n libre basada en preceptos \u00e9ticos universales es la base de libertad, por ende y de manera definitiva, la cultura de la cancelaci\u00f3n no es sin\u00f3nimo de libertad, m\u00e1s al contrario, es sin\u00f3nimo de imposici\u00f3n, abuso y de manipulaci\u00f3n.<br \/>\nEntonces, \u00bfse podr\u00eda decir que se piensa con libertad?, se podr\u00eda decir que s\u00ed, pero este pensamiento se encuentra condicionado, amarrado y con miedo, por ende, resulta f\u00e1cil de direccionar y manipular hacia determinadas tendencias y objetivos. Es de esta manera que se llega a controlar al ser humano, impidiendo que pueda pensar con libertad, cancelando el sano juicio y la objetividad.<br \/>\nEntre las consecuencias que surgen por el adormecimiento del pensamiento y de la cultura de la cancelaci\u00f3n tenemos a la indiferencia, esta es la caracter\u00edstica principal del \u201cno pensar\u201d, ya que al no ejercer la sana critica la sociedad se vuelve indiferente a las necesidades primordiales del pr\u00f3jimo y solo se termina fijando en una realidad aparente, la cual es construida a la carta, para llenar de espejismos a la conciencia colectiva, por ende, la cultura de la cancelaci\u00f3n es altamente individualista y ego\u00edsta.<br \/>\nPese a todo ello jam\u00e1s podr\u00e1n \u00abcancelar\u00bb a la libertad y a Dios, ya que la verdad siempre sale a la luz, \u201cpues no hay nada oculto que no haya de ser manifiesto, ni secreto que no haya de ser conocido y salga a la luz\u201d (Lc. 8:17).<\/p>\n<p>Marcelo Miranda Loayza, Te\u00f3logo y Bloguero.<\/p>\n","protected":false},"excerpt":{"rendered":"<p>La censura siempre ha sido parte de la historia de la humanidad, por ende, no deber\u00eda ser algo que nos sorprenda o indigne, existen varios ejemplos de ello, muchos de ellos incluso cubiertos de sangre. Es decir, el poder mal ejercido siempre, pero siempre va a tratar de censurar a todo aquel que piense diferente. [&hellip;]<\/p>\n","protected":false},"author":1,"featured_media":0,"comment_status":"closed","ping_status":"open","sticky":false,"template":"","format":"standard","meta":{"_acf_changed":false,"footnotes":""},"categories":[9],"tags":[],"class_list":["post-2913","post","type-post","status-publish","format-standard","category-opinion"],"acf":{"antetitulo":""},"yoast_head":"<!-- This site is optimized with the Yoast SEO plugin v28.4 - https:\/\/yoast.com\/product\/yoast-seo-wordpress\/ -->\n<title>Cuidado, \u00a1est\u00e1s cancelado! - El Diario - Bolivia<\/title>\n<meta name=\"robots\" content=\"index, follow, max-snippet:-1, max-image-preview:large, max-video-preview:-1\" \/>\n<link rel=\"canonical\" href=\"https:\/\/www.eldiario.net\/portal\/2021\/05\/10\/cuidado-estas-cancelado\/\" \/>\n<meta property=\"og:locale\" content=\"es_ES\" \/>\n<meta property=\"og:type\" content=\"article\" \/>\n<meta property=\"og:title\" content=\"Cuidado, \u00a1est\u00e1s cancelado! - El Diario - Bolivia\" \/>\n<meta property=\"og:description\" content=\"La censura siempre ha sido parte de la historia de la humanidad, por ende, no deber\u00eda ser algo que nos sorprenda o indigne, existen varios ejemplos de ello, muchos de ellos incluso cubiertos de sangre. Es decir, el poder mal ejercido siempre, pero siempre va a tratar de censurar a todo aquel que piense diferente. [&hellip;]\" \/>\n<meta property=\"og:url\" content=\"https:\/\/www.eldiario.net\/portal\/2021\/05\/10\/cuidado-estas-cancelado\/\" \/>\n<meta property=\"og:site_name\" content=\"El Diario - Bolivia\" \/>\n<meta property=\"article:publisher\" content=\"https:\/\/www.facebook.com\/eldiario.bolivia\/\" \/>\n<meta property=\"article:published_time\" content=\"2021-05-10T07:56:46+00:00\" \/>\n<meta name=\"author\" content=\"Jeanette\" \/>\n<meta name=\"twitter:card\" content=\"summary_large_image\" \/>\n<meta name=\"twitter:creator\" content=\"@eldiario_net\" \/>\n<meta name=\"twitter:site\" content=\"@eldiario_net\" \/>\n<meta name=\"twitter:label1\" content=\"Escrito por\" \/>\n\t<meta name=\"twitter:data1\" content=\"Jeanette\" \/>\n\t<meta name=\"twitter:label2\" content=\"Tiempo de lectura\" \/>\n\t<meta name=\"twitter:data2\" content=\"3 minutos\" \/>\n<script type=\"application\/ld+json\" class=\"yoast-schema-graph\">{\"@context\":\"https:\\\/\\\/schema.org\",\"@graph\":[{\"@type\":\"Article\",\"@id\":\"https:\\\/\\\/www.eldiario.net\\\/portal\\\/2021\\\/05\\\/10\\\/cuidado-estas-cancelado\\\/#article\",\"isPartOf\":{\"@id\":\"https:\\\/\\\/www.eldiario.net\\\/portal\\\/2021\\\/05\\\/10\\\/cuidado-estas-cancelado\\\/\"},\"author\":{\"name\":\"Jeanette\",\"@id\":\"https:\\\/\\\/www.eldiario.net\\\/portal\\\/#\\\/schema\\\/person\\\/f46445640444750d7d753ccd04ae01b7\"},\"headline\":\"Cuidado, \u00a1est\u00e1s cancelado!\",\"datePublished\":\"2021-05-10T07:56:46+00:00\",\"mainEntityOfPage\":{\"@id\":\"https:\\\/\\\/www.eldiario.net\\\/portal\\\/2021\\\/05\\\/10\\\/cuidado-estas-cancelado\\\/\"},\"wordCount\":638,\"publisher\":{\"@id\":\"https:\\\/\\\/www.eldiario.net\\\/portal\\\/#organization\"},\"articleSection\":[\"Opini\u00f3n\"],\"inLanguage\":\"es\"},{\"@type\":\"WebPage\",\"@id\":\"https:\\\/\\\/www.eldiario.net\\\/portal\\\/2021\\\/05\\\/10\\\/cuidado-estas-cancelado\\\/\",\"url\":\"https:\\\/\\\/www.eldiario.net\\\/portal\\\/2021\\\/05\\\/10\\\/cuidado-estas-cancelado\\\/\",\"name\":\"Cuidado, \u00a1est\u00e1s cancelado! - El Diario - Bolivia\",\"isPartOf\":{\"@id\":\"https:\\\/\\\/www.eldiario.net\\\/portal\\\/#website\"},\"datePublished\":\"2021-05-10T07:56:46+00:00\",\"breadcrumb\":{\"@id\":\"https:\\\/\\\/www.eldiario.net\\\/portal\\\/2021\\\/05\\\/10\\\/cuidado-estas-cancelado\\\/#breadcrumb\"},\"inLanguage\":\"es\",\"potentialAction\":[{\"@type\":\"ReadAction\",\"target\":[\"https:\\\/\\\/www.eldiario.net\\\/portal\\\/2021\\\/05\\\/10\\\/cuidado-estas-cancelado\\\/\"]}]},{\"@type\":\"BreadcrumbList\",\"@id\":\"https:\\\/\\\/www.eldiario.net\\\/portal\\\/2021\\\/05\\\/10\\\/cuidado-estas-cancelado\\\/#breadcrumb\",\"itemListElement\":[{\"@type\":\"ListItem\",\"position\":1,\"name\":\"Portada\",\"item\":\"https:\\\/\\\/www.eldiario.net\\\/portal\\\/\"},{\"@type\":\"ListItem\",\"position\":2,\"name\":\"Cuidado, \u00a1est\u00e1s cancelado!\"}]},{\"@type\":\"WebSite\",\"@id\":\"https:\\\/\\\/www.eldiario.net\\\/portal\\\/#website\",\"url\":\"https:\\\/\\\/www.eldiario.net\\\/portal\\\/\",\"name\":\"El Diario - Decano de la prensa nacional\",\"description\":\"El Diario - Decano de la prensa nacional\",\"publisher\":{\"@id\":\"https:\\\/\\\/www.eldiario.net\\\/portal\\\/#organization\"},\"potentialAction\":[{\"@type\":\"SearchAction\",\"target\":{\"@type\":\"EntryPoint\",\"urlTemplate\":\"https:\\\/\\\/www.eldiario.net\\\/portal\\\/?s={search_term_string}\"},\"query-input\":{\"@type\":\"PropertyValueSpecification\",\"valueRequired\":true,\"valueName\":\"search_term_string\"}}],\"inLanguage\":\"es\"},{\"@type\":\"Organization\",\"@id\":\"https:\\\/\\\/www.eldiario.net\\\/portal\\\/#organization\",\"name\":\"El Diario - Decano de la prensa nacional\",\"url\":\"https:\\\/\\\/www.eldiario.net\\\/portal\\\/\",\"logo\":{\"@type\":\"ImageObject\",\"inLanguage\":\"es\",\"@id\":\"https:\\\/\\\/www.eldiario.net\\\/portal\\\/#\\\/schema\\\/logo\\\/image\\\/\",\"url\":\"https:\\\/\\\/www.eldiario.net\\\/portal\\\/wp-content\\\/uploads\\\/2023\\\/07\\\/logo_ED.jpg\",\"contentUrl\":\"https:\\\/\\\/www.eldiario.net\\\/portal\\\/wp-content\\\/uploads\\\/2023\\\/07\\\/logo_ED.jpg\",\"width\":272,\"height\":52,\"caption\":\"El Diario - Decano de la prensa nacional\"},\"image\":{\"@id\":\"https:\\\/\\\/www.eldiario.net\\\/portal\\\/#\\\/schema\\\/logo\\\/image\\\/\"},\"sameAs\":[\"https:\\\/\\\/www.facebook.com\\\/eldiario.bolivia\\\/\",\"https:\\\/\\\/x.com\\\/eldiario_net\"]},{\"@type\":\"Person\",\"@id\":\"https:\\\/\\\/www.eldiario.net\\\/portal\\\/#\\\/schema\\\/person\\\/f46445640444750d7d753ccd04ae01b7\",\"name\":\"Jeanette\",\"image\":{\"@type\":\"ImageObject\",\"inLanguage\":\"es\",\"@id\":\"https:\\\/\\\/secure.gravatar.com\\\/avatar\\\/3ea2118a5f7dad2b7138b1187a6b7ee55f160b9968b66013c3a3ef39dd7e5798?s=96&d=mm&r=g\",\"url\":\"https:\\\/\\\/secure.gravatar.com\\\/avatar\\\/3ea2118a5f7dad2b7138b1187a6b7ee55f160b9968b66013c3a3ef39dd7e5798?s=96&d=mm&r=g\",\"contentUrl\":\"https:\\\/\\\/secure.gravatar.com\\\/avatar\\\/3ea2118a5f7dad2b7138b1187a6b7ee55f160b9968b66013c3a3ef39dd7e5798?s=96&d=mm&r=g\",\"caption\":\"Jeanette\"},\"sameAs\":[\"https:\\\/\\\/www.eldiario.net\\\/portal\"],\"url\":\"https:\\\/\\\/www.eldiario.net\\\/portal\\\/author\\\/jeanette\\\/\"}]}<\/script>\n<!-- \/ Yoast SEO plugin. -->","yoast_head_json":{"title":"Cuidado, \u00a1est\u00e1s cancelado! - El Diario - Bolivia","robots":{"index":"index","follow":"follow","max-snippet":"max-snippet:-1","max-image-preview":"max-image-preview:large","max-video-preview":"max-video-preview:-1"},"canonical":"https:\/\/www.eldiario.net\/portal\/2021\/05\/10\/cuidado-estas-cancelado\/","og_locale":"es_ES","og_type":"article","og_title":"Cuidado, \u00a1est\u00e1s cancelado! - El Diario - Bolivia","og_description":"La censura siempre ha sido parte de la historia de la humanidad, por ende, no deber\u00eda ser algo que nos sorprenda o indigne, existen varios ejemplos de ello, muchos de ellos incluso cubiertos de sangre. Es decir, el poder mal ejercido siempre, pero siempre va a tratar de censurar a todo aquel que piense diferente. [&hellip;]","og_url":"https:\/\/www.eldiario.net\/portal\/2021\/05\/10\/cuidado-estas-cancelado\/","og_site_name":"El Diario - Bolivia","article_publisher":"https:\/\/www.facebook.com\/eldiario.bolivia\/","article_published_time":"2021-05-10T07:56:46+00:00","author":"Jeanette","twitter_card":"summary_large_image","twitter_creator":"@eldiario_net","twitter_site":"@eldiario_net","twitter_misc":{"Escrito por":"Jeanette","Tiempo de lectura":"3 minutos"},"schema":{"@context":"https:\/\/schema.org","@graph":[{"@type":"Article","@id":"https:\/\/www.eldiario.net\/portal\/2021\/05\/10\/cuidado-estas-cancelado\/#article","isPartOf":{"@id":"https:\/\/www.eldiario.net\/portal\/2021\/05\/10\/cuidado-estas-cancelado\/"},"author":{"name":"Jeanette","@id":"https:\/\/www.eldiario.net\/portal\/#\/schema\/person\/f46445640444750d7d753ccd04ae01b7"},"headline":"Cuidado, \u00a1est\u00e1s cancelado!","datePublished":"2021-05-10T07:56:46+00:00","mainEntityOfPage":{"@id":"https:\/\/www.eldiario.net\/portal\/2021\/05\/10\/cuidado-estas-cancelado\/"},"wordCount":638,"publisher":{"@id":"https:\/\/www.eldiario.net\/portal\/#organization"},"articleSection":["Opini\u00f3n"],"inLanguage":"es"},{"@type":"WebPage","@id":"https:\/\/www.eldiario.net\/portal\/2021\/05\/10\/cuidado-estas-cancelado\/","url":"https:\/\/www.eldiario.net\/portal\/2021\/05\/10\/cuidado-estas-cancelado\/","name":"Cuidado, \u00a1est\u00e1s cancelado! - El Diario - Bolivia","isPartOf":{"@id":"https:\/\/www.eldiario.net\/portal\/#website"},"datePublished":"2021-05-10T07:56:46+00:00","breadcrumb":{"@id":"https:\/\/www.eldiario.net\/portal\/2021\/05\/10\/cuidado-estas-cancelado\/#breadcrumb"},"inLanguage":"es","potentialAction":[{"@type":"ReadAction","target":["https:\/\/www.eldiario.net\/portal\/2021\/05\/10\/cuidado-estas-cancelado\/"]}]},{"@type":"BreadcrumbList","@id":"https:\/\/www.eldiario.net\/portal\/2021\/05\/10\/cuidado-estas-cancelado\/#breadcrumb","itemListElement":[{"@type":"ListItem","position":1,"name":"Portada","item":"https:\/\/www.eldiario.net\/portal\/"},{"@type":"ListItem","position":2,"name":"Cuidado, \u00a1est\u00e1s cancelado!"}]},{"@type":"WebSite","@id":"https:\/\/www.eldiario.net\/portal\/#website","url":"https:\/\/www.eldiario.net\/portal\/","name":"El Diario - Decano de la prensa nacional","description":"El Diario - Decano de la prensa nacional","publisher":{"@id":"https:\/\/www.eldiario.net\/portal\/#organization"},"potentialAction":[{"@type":"SearchAction","target":{"@type":"EntryPoint","urlTemplate":"https:\/\/www.eldiario.net\/portal\/?s={search_term_string}"},"query-input":{"@type":"PropertyValueSpecification","valueRequired":true,"valueName":"search_term_string"}}],"inLanguage":"es"},{"@type":"Organization","@id":"https:\/\/www.eldiario.net\/portal\/#organization","name":"El Diario - Decano de la prensa nacional","url":"https:\/\/www.eldiario.net\/portal\/","logo":{"@type":"ImageObject","inLanguage":"es","@id":"https:\/\/www.eldiario.net\/portal\/#\/schema\/logo\/image\/","url":"https:\/\/www.eldiario.net\/portal\/wp-content\/uploads\/2023\/07\/logo_ED.jpg","contentUrl":"https:\/\/www.eldiario.net\/portal\/wp-content\/uploads\/2023\/07\/logo_ED.jpg","width":272,"height":52,"caption":"El Diario - Decano de la prensa nacional"},"image":{"@id":"https:\/\/www.eldiario.net\/portal\/#\/schema\/logo\/image\/"},"sameAs":["https:\/\/www.facebook.com\/eldiario.bolivia\/","https:\/\/x.com\/eldiario_net"]},{"@type":"Person","@id":"https:\/\/www.eldiario.net\/portal\/#\/schema\/person\/f46445640444750d7d753ccd04ae01b7","name":"Jeanette","image":{"@type":"ImageObject","inLanguage":"es","@id":"https:\/\/secure.gravatar.com\/avatar\/3ea2118a5f7dad2b7138b1187a6b7ee55f160b9968b66013c3a3ef39dd7e5798?s=96&d=mm&r=g","url":"https:\/\/secure.gravatar.com\/avatar\/3ea2118a5f7dad2b7138b1187a6b7ee55f160b9968b66013c3a3ef39dd7e5798?s=96&d=mm&r=g","contentUrl":"https:\/\/secure.gravatar.com\/avatar\/3ea2118a5f7dad2b7138b1187a6b7ee55f160b9968b66013c3a3ef39dd7e5798?s=96&d=mm&r=g","caption":"Jeanette"},"sameAs":["https:\/\/www.eldiario.net\/portal"],"url":"https:\/\/www.eldiario.net\/portal\/author\/jeanette\/"}]}},"_links":{"self":[{"href":"https:\/\/www.eldiario.net\/portal\/wp-json\/wp\/v2\/posts\/2913","targetHints":{"allow":["GET"]}}],"collection":[{"href":"https:\/\/www.eldiario.net\/portal\/wp-json\/wp\/v2\/posts"}],"about":[{"href":"https:\/\/www.eldiario.net\/portal\/wp-json\/wp\/v2\/types\/post"}],"author":[{"embeddable":true,"href":"https:\/\/www.eldiario.net\/portal\/wp-json\/wp\/v2\/users\/1"}],"replies":[{"embeddable":true,"href":"https:\/\/www.eldiario.net\/portal\/wp-json\/wp\/v2\/comments?post=2913"}],"version-history":[{"count":0,"href":"https:\/\/www.eldiario.net\/portal\/wp-json\/wp\/v2\/posts\/2913\/revisions"}],"wp:attachment":[{"href":"https:\/\/www.eldiario.net\/portal\/wp-json\/wp\/v2\/media?parent=2913"}],"wp:term":[{"taxonomy":"category","embeddable":true,"href":"https:\/\/www.eldiario.net\/portal\/wp-json\/wp\/v2\/categories?post=2913"},{"taxonomy":"post_tag","embeddable":true,"href":"https:\/\/www.eldiario.net\/portal\/wp-json\/wp\/v2\/tags?post=2913"}],"curies":[{"name":"wp","href":"https:\/\/api.w.org\/{rel}","templated":true}]}}