{"id":290992,"date":"2025-03-26T06:26:44","date_gmt":"2025-03-26T10:26:44","guid":{"rendered":"https:\/\/www.eldiario.net\/portal\/?p=290992"},"modified":"2025-03-26T06:26:44","modified_gmt":"2025-03-26T10:26:44","slug":"drogueria-inti-es-reconocida-por-su-compromiso-con-la-equidad-y-la-inclusion","status":"publish","type":"post","link":"https:\/\/www.eldiario.net\/portal\/2025\/03\/26\/drogueria-inti-es-reconocida-por-su-compromiso-con-la-equidad-y-la-inclusion\/","title":{"rendered":"Droguer\u00eda INTI es reconocida por su  compromiso con la equidad y la inclusi\u00f3n"},"content":{"rendered":"<p>Droguer\u00eda INTI fue reconocida en la tercera edici\u00f3n de la iniciativa \u201cAcciones por la Igualdad\u201d, organizada por ONU Mujeres, Fundaci\u00f3n Iguales, Pacto Global Red Bolivia y la Embajada de Suecia. Este reconocimiento destaca a empresas y organizaciones que han implementado iniciativas concretas para promover la igualdad de g\u00e9nero y generar un impacto positivo en la sociedad, fomentando modelos replicables para otras compa\u00f1\u00edas.<br \/>\nEl reconocimiento forma parte del movimiento global HeForShe, que busca involucrar a los hombres como agentes de cambio en la promoci\u00f3n de la igualdad de g\u00e9nero. En este marco, se resalt\u00f3 el liderazgo de Christian Schilling (\u2020), quien impuls\u00f3 las iniciativas que hoy son parte fundamental de la cultura organizacional de INTI. Entre ellas, la mejora en la infraestructura y la calidad del servicio en la guarder\u00eda de la planta de producci\u00f3n de El Alto, garantizando un espacio adecuado para el bienestar de los hijos de sus colaboradores; la implementaci\u00f3n de flexibilidad laboral que favorecen la conciliaci\u00f3n entre la vida personal y profesional; y un s\u00f3lido programa de prevenci\u00f3n y sensibilizaci\u00f3n contra la violencia de g\u00e9nero.<br \/>\n\u201cEste galard\u00f3n es un homenaje al legado de Christian Schilling y a su convicci\u00f3n de que la equidad de g\u00e9nero no es solo un valor, sino una acci\u00f3n diaria que transforma vidas. Gracias a su visi\u00f3n, INTI ha consolidado acciones concretas que permiten avanzar hacia una sociedad m\u00e1s justa e igualitaria\u201d, expres\u00f3 Andrea M\u00e9rida, jefe de sostenibilidad de Droguer\u00eda INTI.<br \/>\nEl galard\u00f3n otorgado a Droguer\u00eda INTI es un reconocimiento a a\u00f1os de trabajo en favor de la igualdad y la inclusi\u00f3n, reflejando el compromiso sostenido de la alta gerencia con estos valores. M\u00e1s que validar las acciones del pasado, este premio reafirma la responsabilidad de la empresa para seguir impulsando pol\u00edticas de equidad y liderazgo inclusivo, cocluy\u00f3 la ejecutiva.<\/p>\n\r\n                <style type=\"text\/css\">\r\n                    \r\n                    #tdi_1  .td-doubleSlider-2 .td-item1 {\r\n                        background: url(https:\/\/www.eldiario.net\/portal\/wp-content\/uploads\/2025\/03\/Ejecutivos-galardonados-1-80x60.jpg) 0 0 no-repeat;\r\n                    }\r\n                    #tdi_1  .td-doubleSlider-2 .td-item2 {\r\n                        background: url(https:\/\/www.eldiario.net\/portal\/wp-content\/uploads\/2025\/03\/K1-80x60.jpg) 0 0 no-repeat;\r\n                    }\r\n                    #tdi_1  .td-doubleSlider-2 .td-item3 {\r\n                        background: url(https:\/\/www.eldiario.net\/portal\/wp-content\/uploads\/2025\/03\/K2-80x60.jpg) 0 0 no-repeat;\r\n                    }\r\n                <\/style>\r\n\r\n                <div id=\"tdi_1\" class=\"td-gallery td-slide-on-2-columns\">\r\n                    <div class=\"post_td_gallery\">\r\n                        <div class=\"td-gallery-slide-top\">\r\n                           <div class=\"td-gallery-title\"><\/div>\r\n\r\n                            <div class=\"td-gallery-controls-wrapper\">\r\n                                <div class=\"td-gallery-slide-count\"><span class=\"td-gallery-slide-item-focus\">1<\/span> de 3<\/div>\r\n                                <div class=\"td-gallery-slide-prev-next-but\">\r\n                                    <i class = \"td-icon-left doubleSliderPrevButton\"><\/i>\r\n                                    <i class = \"td-icon-right doubleSliderNextButton\"><\/i>\r\n                                <\/div>\r\n                            <\/div>\r\n                        <\/div>\r\n\r\n                        <div class = \"td-doubleSlider-1 \">\r\n                            <div class = \"td-slider\">\r\n                                \r\n                    <div class = \"td-slide-item td-item1\">\r\n                        <figure class=\"td-slide-galery-figure td-slide-popup-gallery\">\r\n                            <a class=\"slide-gallery-image-link\" href=\"https:\/\/www.eldiario.net\/portal\/wp-content\/uploads\/2025\/03\/Ejecutivos-galardonados-1.jpg\" title=\"Ejecutivos-galardonados-(1)\"  data-caption=\"EJECUTIVOS DE LAS EMPRESAS GALARDONADAS JUNTO A NIDYA PES\u00c1NDEZ Y PATRICIA HURTADO.\"  data-description=\"\">\r\n                                <img decoding=\"async\" src=\"https:\/\/www.eldiario.net\/portal\/wp-content\/uploads\/2025\/03\/Ejecutivos-galardonados-1-560x420.jpg\" srcset=\"https:\/\/www.eldiario.net\/portal\/wp-content\/uploads\/2025\/03\/Ejecutivos-galardonados-1-560x420.jpg 560w, https:\/\/www.eldiario.net\/portal\/wp-content\/uploads\/2025\/03\/Ejecutivos-galardonados-1-300x225.jpg 300w, https:\/\/www.eldiario.net\/portal\/wp-content\/uploads\/2025\/03\/Ejecutivos-galardonados-1-1024x768.jpg 1024w, https:\/\/www.eldiario.net\/portal\/wp-content\/uploads\/2025\/03\/Ejecutivos-galardonados-1-768x576.jpg 768w, https:\/\/www.eldiario.net\/portal\/wp-content\/uploads\/2025\/03\/Ejecutivos-galardonados-1-80x60.jpg 80w, https:\/\/www.eldiario.net\/portal\/wp-content\/uploads\/2025\/03\/Ejecutivos-galardonados-1-696x522.jpg 696w, https:\/\/www.eldiario.net\/portal\/wp-content\/uploads\/2025\/03\/Ejecutivos-galardonados-1-1068x801.jpg 1068w, https:\/\/www.eldiario.net\/portal\/wp-content\/uploads\/2025\/03\/Ejecutivos-galardonados-1.jpg 1200w\" sizes=\"(max-width: 560px) 100vw, 560px\" alt=\"\">\r\n                            <\/a>\r\n                            <figcaption class = \"td-slide-caption td-gallery-slide-content\"><div class = \"td-gallery-slide-copywrite\">EJECUTIVOS DE LAS EMPRESAS GALARDONADAS JUNTO A NIDYA PES\u00c1NDEZ Y PATRICIA HURTADO.<\/div><\/figcaption>\r\n                        <\/figure>\r\n                    <\/div>\r\n                    <div class = \"td-slide-item td-item2\">\r\n                        <figure class=\"td-slide-galery-figure td-slide-popup-gallery\">\r\n                            <a class=\"slide-gallery-image-link\" href=\"https:\/\/www.eldiario.net\/portal\/wp-content\/uploads\/2025\/03\/K1.jpg\" title=\"K1\"  data-caption=\"KATY ORTIZ, ANDREA ME\u0301RIDA, FANNY CASTRO, LESLIE CU\u00c9LLAR.\"  data-description=\"\">\r\n                                <img decoding=\"async\" src=\"https:\/\/www.eldiario.net\/portal\/wp-content\/uploads\/2025\/03\/K1-560x420.jpg\" srcset=\"https:\/\/www.eldiario.net\/portal\/wp-content\/uploads\/2025\/03\/K1-560x420.jpg 560w, https:\/\/www.eldiario.net\/portal\/wp-content\/uploads\/2025\/03\/K1-300x225.jpg 300w, https:\/\/www.eldiario.net\/portal\/wp-content\/uploads\/2025\/03\/K1-1024x768.jpg 1024w, https:\/\/www.eldiario.net\/portal\/wp-content\/uploads\/2025\/03\/K1-768x576.jpg 768w, https:\/\/www.eldiario.net\/portal\/wp-content\/uploads\/2025\/03\/K1-80x60.jpg 80w, https:\/\/www.eldiario.net\/portal\/wp-content\/uploads\/2025\/03\/K1-696x522.jpg 696w, https:\/\/www.eldiario.net\/portal\/wp-content\/uploads\/2025\/03\/K1-1068x801.jpg 1068w, https:\/\/www.eldiario.net\/portal\/wp-content\/uploads\/2025\/03\/K1.jpg 1200w\" sizes=\"(max-width: 560px) 100vw, 560px\" alt=\"\">\r\n                            <\/a>\r\n                            <figcaption class = \"td-slide-caption td-gallery-slide-content\"><div class = \"td-gallery-slide-copywrite\">KATY ORTIZ, ANDREA ME\u0301RIDA, FANNY CASTRO, LESLIE CU\u00c9LLAR.<\/div><\/figcaption>\r\n                        <\/figure>\r\n                    <\/div>\r\n                    <div class = \"td-slide-item td-item3\">\r\n                        <figure class=\"td-slide-galery-figure td-slide-popup-gallery\">\r\n                            <a class=\"slide-gallery-image-link\" href=\"https:\/\/www.eldiario.net\/portal\/wp-content\/uploads\/2025\/03\/K2.jpg\" title=\"K2\"  data-caption=\"NIDYA PESA\u0301NTEZ, ANDREA ME\u0301RIDA Y  PATRICIA HURTADO.\"  data-description=\"\">\r\n                                <img decoding=\"async\" src=\"https:\/\/www.eldiario.net\/portal\/wp-content\/uploads\/2025\/03\/K2-560x420.jpg\" srcset=\"https:\/\/www.eldiario.net\/portal\/wp-content\/uploads\/2025\/03\/K2-560x420.jpg 560w, https:\/\/www.eldiario.net\/portal\/wp-content\/uploads\/2025\/03\/K2-300x225.jpg 300w, https:\/\/www.eldiario.net\/portal\/wp-content\/uploads\/2025\/03\/K2-1024x768.jpg 1024w, https:\/\/www.eldiario.net\/portal\/wp-content\/uploads\/2025\/03\/K2-768x576.jpg 768w, https:\/\/www.eldiario.net\/portal\/wp-content\/uploads\/2025\/03\/K2-80x60.jpg 80w, https:\/\/www.eldiario.net\/portal\/wp-content\/uploads\/2025\/03\/K2-696x522.jpg 696w, https:\/\/www.eldiario.net\/portal\/wp-content\/uploads\/2025\/03\/K2-1068x801.jpg 1068w, https:\/\/www.eldiario.net\/portal\/wp-content\/uploads\/2025\/03\/K2.jpg 1200w\" sizes=\"(max-width: 560px) 100vw, 560px\" alt=\"\">\r\n                            <\/a>\r\n                            <figcaption class = \"td-slide-caption td-gallery-slide-content\"><div class = \"td-gallery-slide-copywrite\">NIDYA PESA\u0301NTEZ, ANDREA ME\u0301RIDA Y  PATRICIA HURTADO.<\/div><\/figcaption>\r\n                        <\/figure>\r\n                    <\/div>\r\n                            <\/div>\r\n                        <\/div>\r\n\r\n                        <div class = \"td-doubleSlider-2\">\r\n                            <div class = \"td-slider\">\r\n                                \r\n                    <div class = \"td-button td-item1\">\r\n                        <div class = \"td-border\"><\/div>\r\n                    <\/div>\r\n                    <div class = \"td-button td-item2\">\r\n                        <div class = \"td-border\"><\/div>\r\n                    <\/div>\r\n                    <div class = \"td-button td-item3\">\r\n                        <div class = \"td-border\"><\/div>\r\n                    <\/div>\r\n                            <\/div>\r\n                        <\/div>\r\n\r\n                    <\/div>\r\n\r\n                <\/div>\r\n                \n","protected":false},"excerpt":{"rendered":"<p>Droguer\u00eda INTI fue reconocida en la tercera edici\u00f3n de la iniciativa \u201cAcciones por la Igualdad\u201d, organizada por ONU Mujeres, Fundaci\u00f3n Iguales, Pacto Global Red Bolivia y la Embajada de Suecia. Este reconocimiento destaca a empresas y organizaciones que han implementado iniciativas concretas para promover la igualdad de g\u00e9nero y generar un impacto positivo en la [&hellip;]<\/p>\n","protected":false},"author":1,"featured_media":290993,"comment_status":"closed","ping_status":"open","sticky":false,"template":"","format":"standard","meta":{"_acf_changed":false,"footnotes":""},"categories":[40],"tags":[],"class_list":["post-290992","post","type-post","status-publish","format-standard","has-post-thumbnail","category-sociales"],"acf":{"antetitulo":""},"yoast_head":"<!-- This site is optimized with the Yoast SEO plugin v28.4 - https:\/\/yoast.com\/product\/yoast-seo-wordpress\/ -->\n<title>Droguer\u00eda INTI es reconocida por su compromiso con la equidad y la inclusi\u00f3n - El Diario - Bolivia<\/title>\n<meta name=\"robots\" content=\"index, follow, max-snippet:-1, max-image-preview:large, max-video-preview:-1\" \/>\n<link rel=\"canonical\" href=\"https:\/\/www.eldiario.net\/portal\/2025\/03\/26\/drogueria-inti-es-reconocida-por-su-compromiso-con-la-equidad-y-la-inclusion\/\" \/>\n<meta property=\"og:locale\" content=\"es_ES\" \/>\n<meta property=\"og:type\" content=\"article\" \/>\n<meta property=\"og:title\" content=\"Droguer\u00eda INTI es reconocida por su compromiso con la equidad y la inclusi\u00f3n - El Diario - Bolivia\" \/>\n<meta property=\"og:description\" content=\"Droguer\u00eda INTI fue reconocida en la tercera edici\u00f3n de la iniciativa \u201cAcciones por la Igualdad\u201d, organizada por ONU Mujeres, Fundaci\u00f3n Iguales, Pacto Global Red Bolivia y la Embajada de Suecia. Este reconocimiento destaca a empresas y organizaciones que han implementado iniciativas concretas para promover la igualdad de g\u00e9nero y generar un impacto positivo en la [&hellip;]\" \/>\n<meta property=\"og:url\" content=\"https:\/\/www.eldiario.net\/portal\/2025\/03\/26\/drogueria-inti-es-reconocida-por-su-compromiso-con-la-equidad-y-la-inclusion\/\" \/>\n<meta property=\"og:site_name\" content=\"El Diario - Bolivia\" \/>\n<meta property=\"article:publisher\" content=\"https:\/\/www.facebook.com\/eldiario.bolivia\/\" \/>\n<meta property=\"article:published_time\" content=\"2025-03-26T10:26:44+00:00\" \/>\n<meta property=\"og:image\" content=\"https:\/\/www.eldiario.net\/portal\/wp-content\/uploads\/2025\/03\/Ejecutivos-galardonados-1.jpg\" \/>\n\t<meta property=\"og:image:width\" content=\"1200\" \/>\n\t<meta property=\"og:image:height\" content=\"900\" \/>\n\t<meta property=\"og:image:type\" content=\"image\/jpeg\" \/>\n<meta name=\"author\" content=\"Jeanette\" \/>\n<meta name=\"twitter:card\" content=\"summary_large_image\" \/>\n<meta name=\"twitter:creator\" content=\"@eldiario_net\" \/>\n<meta name=\"twitter:site\" content=\"@eldiario_net\" \/>\n<meta name=\"twitter:label1\" content=\"Escrito por\" \/>\n\t<meta name=\"twitter:data1\" content=\"Jeanette\" \/>\n\t<meta name=\"twitter:label2\" content=\"Tiempo de lectura\" \/>\n\t<meta name=\"twitter:data2\" content=\"2 minutos\" \/>\n<script type=\"application\/ld+json\" class=\"yoast-schema-graph\">{\"@context\":\"https:\\\/\\\/schema.org\",\"@graph\":[{\"@type\":\"Article\",\"@id\":\"https:\\\/\\\/www.eldiario.net\\\/portal\\\/2025\\\/03\\\/26\\\/drogueria-inti-es-reconocida-por-su-compromiso-con-la-equidad-y-la-inclusion\\\/#article\",\"isPartOf\":{\"@id\":\"https:\\\/\\\/www.eldiario.net\\\/portal\\\/2025\\\/03\\\/26\\\/drogueria-inti-es-reconocida-por-su-compromiso-con-la-equidad-y-la-inclusion\\\/\"},\"author\":{\"name\":\"Jeanette\",\"@id\":\"https:\\\/\\\/www.eldiario.net\\\/portal\\\/#\\\/schema\\\/person\\\/2c57cf2b7a7ae032e449e4c9b1019eac\"},\"headline\":\"Droguer\u00eda INTI es reconocida por su compromiso con la equidad y la inclusi\u00f3n\",\"datePublished\":\"2025-03-26T10:26:44+00:00\",\"mainEntityOfPage\":{\"@id\":\"https:\\\/\\\/www.eldiario.net\\\/portal\\\/2025\\\/03\\\/26\\\/drogueria-inti-es-reconocida-por-su-compromiso-con-la-equidad-y-la-inclusion\\\/\"},\"wordCount\":349,\"publisher\":{\"@id\":\"https:\\\/\\\/www.eldiario.net\\\/portal\\\/#organization\"},\"image\":{\"@id\":\"https:\\\/\\\/www.eldiario.net\\\/portal\\\/2025\\\/03\\\/26\\\/drogueria-inti-es-reconocida-por-su-compromiso-con-la-equidad-y-la-inclusion\\\/#primaryimage\"},\"thumbnailUrl\":\"https:\\\/\\\/www.eldiario.net\\\/portal\\\/wp-content\\\/uploads\\\/2025\\\/03\\\/Ejecutivos-galardonados-1.jpg\",\"articleSection\":[\"Sociales\"],\"inLanguage\":\"es\"},{\"@type\":\"WebPage\",\"@id\":\"https:\\\/\\\/www.eldiario.net\\\/portal\\\/2025\\\/03\\\/26\\\/drogueria-inti-es-reconocida-por-su-compromiso-con-la-equidad-y-la-inclusion\\\/\",\"url\":\"https:\\\/\\\/www.eldiario.net\\\/portal\\\/2025\\\/03\\\/26\\\/drogueria-inti-es-reconocida-por-su-compromiso-con-la-equidad-y-la-inclusion\\\/\",\"name\":\"Droguer\u00eda INTI es reconocida por su compromiso con la equidad y la inclusi\u00f3n - El Diario - Bolivia\",\"isPartOf\":{\"@id\":\"https:\\\/\\\/www.eldiario.net\\\/portal\\\/#website\"},\"primaryImageOfPage\":{\"@id\":\"https:\\\/\\\/www.eldiario.net\\\/portal\\\/2025\\\/03\\\/26\\\/drogueria-inti-es-reconocida-por-su-compromiso-con-la-equidad-y-la-inclusion\\\/#primaryimage\"},\"image\":{\"@id\":\"https:\\\/\\\/www.eldiario.net\\\/portal\\\/2025\\\/03\\\/26\\\/drogueria-inti-es-reconocida-por-su-compromiso-con-la-equidad-y-la-inclusion\\\/#primaryimage\"},\"thumbnailUrl\":\"https:\\\/\\\/www.eldiario.net\\\/portal\\\/wp-content\\\/uploads\\\/2025\\\/03\\\/Ejecutivos-galardonados-1.jpg\",\"datePublished\":\"2025-03-26T10:26:44+00:00\",\"breadcrumb\":{\"@id\":\"https:\\\/\\\/www.eldiario.net\\\/portal\\\/2025\\\/03\\\/26\\\/drogueria-inti-es-reconocida-por-su-compromiso-con-la-equidad-y-la-inclusion\\\/#breadcrumb\"},\"inLanguage\":\"es\",\"potentialAction\":[{\"@type\":\"ReadAction\",\"target\":[\"https:\\\/\\\/www.eldiario.net\\\/portal\\\/2025\\\/03\\\/26\\\/drogueria-inti-es-reconocida-por-su-compromiso-con-la-equidad-y-la-inclusion\\\/\"]}]},{\"@type\":\"ImageObject\",\"inLanguage\":\"es\",\"@id\":\"https:\\\/\\\/www.eldiario.net\\\/portal\\\/2025\\\/03\\\/26\\\/drogueria-inti-es-reconocida-por-su-compromiso-con-la-equidad-y-la-inclusion\\\/#primaryimage\",\"url\":\"https:\\\/\\\/www.eldiario.net\\\/portal\\\/wp-content\\\/uploads\\\/2025\\\/03\\\/Ejecutivos-galardonados-1.jpg\",\"contentUrl\":\"https:\\\/\\\/www.eldiario.net\\\/portal\\\/wp-content\\\/uploads\\\/2025\\\/03\\\/Ejecutivos-galardonados-1.jpg\",\"width\":1200,\"height\":900,\"caption\":\"EJECUTIVOS DE LAS EMPRESAS GALARDONADAS JUNTO A NIDYA PES\u00c1NDEZ Y PATRICIA HURTADO.\"},{\"@type\":\"BreadcrumbList\",\"@id\":\"https:\\\/\\\/www.eldiario.net\\\/portal\\\/2025\\\/03\\\/26\\\/drogueria-inti-es-reconocida-por-su-compromiso-con-la-equidad-y-la-inclusion\\\/#breadcrumb\",\"itemListElement\":[{\"@type\":\"ListItem\",\"position\":1,\"name\":\"Portada\",\"item\":\"https:\\\/\\\/www.eldiario.net\\\/portal\\\/\"},{\"@type\":\"ListItem\",\"position\":2,\"name\":\"Droguer\u00eda INTI es reconocida por su compromiso con la equidad y la inclusi\u00f3n\"}]},{\"@type\":\"WebSite\",\"@id\":\"https:\\\/\\\/www.eldiario.net\\\/portal\\\/#website\",\"url\":\"https:\\\/\\\/www.eldiario.net\\\/portal\\\/\",\"name\":\"El Diario - Decano de la prensa nacional\",\"description\":\"El Diario - Decano de la prensa nacional\",\"publisher\":{\"@id\":\"https:\\\/\\\/www.eldiario.net\\\/portal\\\/#organization\"},\"potentialAction\":[{\"@type\":\"SearchAction\",\"target\":{\"@type\":\"EntryPoint\",\"urlTemplate\":\"https:\\\/\\\/www.eldiario.net\\\/portal\\\/?s={search_term_string}\"},\"query-input\":{\"@type\":\"PropertyValueSpecification\",\"valueRequired\":true,\"valueName\":\"search_term_string\"}}],\"inLanguage\":\"es\"},{\"@type\":\"Organization\",\"@id\":\"https:\\\/\\\/www.eldiario.net\\\/portal\\\/#organization\",\"name\":\"El Diario - Decano de la prensa nacional\",\"url\":\"https:\\\/\\\/www.eldiario.net\\\/portal\\\/\",\"logo\":{\"@type\":\"ImageObject\",\"inLanguage\":\"es\",\"@id\":\"https:\\\/\\\/www.eldiario.net\\\/portal\\\/#\\\/schema\\\/logo\\\/image\\\/\",\"url\":\"https:\\\/\\\/www.eldiario.net\\\/portal\\\/wp-content\\\/uploads\\\/2023\\\/07\\\/logo_ED.jpg\",\"contentUrl\":\"https:\\\/\\\/www.eldiario.net\\\/portal\\\/wp-content\\\/uploads\\\/2023\\\/07\\\/logo_ED.jpg\",\"width\":272,\"height\":52,\"caption\":\"El Diario - Decano de la prensa nacional\"},\"image\":{\"@id\":\"https:\\\/\\\/www.eldiario.net\\\/portal\\\/#\\\/schema\\\/logo\\\/image\\\/\"},\"sameAs\":[\"https:\\\/\\\/www.facebook.com\\\/eldiario.bolivia\\\/\",\"https:\\\/\\\/x.com\\\/eldiario_net\"]},{\"@type\":\"Person\",\"@id\":\"https:\\\/\\\/www.eldiario.net\\\/portal\\\/#\\\/schema\\\/person\\\/2c57cf2b7a7ae032e449e4c9b1019eac\",\"name\":\"Jeanette\",\"image\":{\"@type\":\"ImageObject\",\"inLanguage\":\"es\",\"@id\":\"https:\\\/\\\/secure.gravatar.com\\\/avatar\\\/3ea2118a5f7dad2b7138b1187a6b7ee55f160b9968b66013c3a3ef39dd7e5798?s=96&d=mm&r=g\",\"url\":\"https:\\\/\\\/secure.gravatar.com\\\/avatar\\\/3ea2118a5f7dad2b7138b1187a6b7ee55f160b9968b66013c3a3ef39dd7e5798?s=96&d=mm&r=g\",\"contentUrl\":\"https:\\\/\\\/secure.gravatar.com\\\/avatar\\\/3ea2118a5f7dad2b7138b1187a6b7ee55f160b9968b66013c3a3ef39dd7e5798?s=96&d=mm&r=g\",\"caption\":\"Jeanette\"},\"sameAs\":[\"https:\\\/\\\/www.eldiario.net\\\/portal\"],\"url\":\"https:\\\/\\\/www.eldiario.net\\\/portal\\\/author\\\/jeanette\\\/\"}]}<\/script>\n<!-- \/ Yoast SEO plugin. -->","yoast_head_json":{"title":"Droguer\u00eda INTI es reconocida por su compromiso con la equidad y la inclusi\u00f3n - El Diario - Bolivia","robots":{"index":"index","follow":"follow","max-snippet":"max-snippet:-1","max-image-preview":"max-image-preview:large","max-video-preview":"max-video-preview:-1"},"canonical":"https:\/\/www.eldiario.net\/portal\/2025\/03\/26\/drogueria-inti-es-reconocida-por-su-compromiso-con-la-equidad-y-la-inclusion\/","og_locale":"es_ES","og_type":"article","og_title":"Droguer\u00eda INTI es reconocida por su compromiso con la equidad y la inclusi\u00f3n - El Diario - Bolivia","og_description":"Droguer\u00eda INTI fue reconocida en la tercera edici\u00f3n de la iniciativa \u201cAcciones por la Igualdad\u201d, organizada por ONU Mujeres, Fundaci\u00f3n Iguales, Pacto Global Red Bolivia y la Embajada de Suecia. Este reconocimiento destaca a empresas y organizaciones que han implementado iniciativas concretas para promover la igualdad de g\u00e9nero y generar un impacto positivo en la [&hellip;]","og_url":"https:\/\/www.eldiario.net\/portal\/2025\/03\/26\/drogueria-inti-es-reconocida-por-su-compromiso-con-la-equidad-y-la-inclusion\/","og_site_name":"El Diario - Bolivia","article_publisher":"https:\/\/www.facebook.com\/eldiario.bolivia\/","article_published_time":"2025-03-26T10:26:44+00:00","og_image":[{"width":1200,"height":900,"url":"https:\/\/www.eldiario.net\/portal\/wp-content\/uploads\/2025\/03\/Ejecutivos-galardonados-1.jpg","type":"image\/jpeg"}],"author":"Jeanette","twitter_card":"summary_large_image","twitter_creator":"@eldiario_net","twitter_site":"@eldiario_net","twitter_misc":{"Escrito por":"Jeanette","Tiempo de lectura":"2 minutos"},"schema":{"@context":"https:\/\/schema.org","@graph":[{"@type":"Article","@id":"https:\/\/www.eldiario.net\/portal\/2025\/03\/26\/drogueria-inti-es-reconocida-por-su-compromiso-con-la-equidad-y-la-inclusion\/#article","isPartOf":{"@id":"https:\/\/www.eldiario.net\/portal\/2025\/03\/26\/drogueria-inti-es-reconocida-por-su-compromiso-con-la-equidad-y-la-inclusion\/"},"author":{"name":"Jeanette","@id":"https:\/\/www.eldiario.net\/portal\/#\/schema\/person\/2c57cf2b7a7ae032e449e4c9b1019eac"},"headline":"Droguer\u00eda INTI es reconocida por su compromiso con la equidad y la inclusi\u00f3n","datePublished":"2025-03-26T10:26:44+00:00","mainEntityOfPage":{"@id":"https:\/\/www.eldiario.net\/portal\/2025\/03\/26\/drogueria-inti-es-reconocida-por-su-compromiso-con-la-equidad-y-la-inclusion\/"},"wordCount":349,"publisher":{"@id":"https:\/\/www.eldiario.net\/portal\/#organization"},"image":{"@id":"https:\/\/www.eldiario.net\/portal\/2025\/03\/26\/drogueria-inti-es-reconocida-por-su-compromiso-con-la-equidad-y-la-inclusion\/#primaryimage"},"thumbnailUrl":"https:\/\/www.eldiario.net\/portal\/wp-content\/uploads\/2025\/03\/Ejecutivos-galardonados-1.jpg","articleSection":["Sociales"],"inLanguage":"es"},{"@type":"WebPage","@id":"https:\/\/www.eldiario.net\/portal\/2025\/03\/26\/drogueria-inti-es-reconocida-por-su-compromiso-con-la-equidad-y-la-inclusion\/","url":"https:\/\/www.eldiario.net\/portal\/2025\/03\/26\/drogueria-inti-es-reconocida-por-su-compromiso-con-la-equidad-y-la-inclusion\/","name":"Droguer\u00eda INTI es reconocida por su compromiso con la equidad y la inclusi\u00f3n - El Diario - Bolivia","isPartOf":{"@id":"https:\/\/www.eldiario.net\/portal\/#website"},"primaryImageOfPage":{"@id":"https:\/\/www.eldiario.net\/portal\/2025\/03\/26\/drogueria-inti-es-reconocida-por-su-compromiso-con-la-equidad-y-la-inclusion\/#primaryimage"},"image":{"@id":"https:\/\/www.eldiario.net\/portal\/2025\/03\/26\/drogueria-inti-es-reconocida-por-su-compromiso-con-la-equidad-y-la-inclusion\/#primaryimage"},"thumbnailUrl":"https:\/\/www.eldiario.net\/portal\/wp-content\/uploads\/2025\/03\/Ejecutivos-galardonados-1.jpg","datePublished":"2025-03-26T10:26:44+00:00","breadcrumb":{"@id":"https:\/\/www.eldiario.net\/portal\/2025\/03\/26\/drogueria-inti-es-reconocida-por-su-compromiso-con-la-equidad-y-la-inclusion\/#breadcrumb"},"inLanguage":"es","potentialAction":[{"@type":"ReadAction","target":["https:\/\/www.eldiario.net\/portal\/2025\/03\/26\/drogueria-inti-es-reconocida-por-su-compromiso-con-la-equidad-y-la-inclusion\/"]}]},{"@type":"ImageObject","inLanguage":"es","@id":"https:\/\/www.eldiario.net\/portal\/2025\/03\/26\/drogueria-inti-es-reconocida-por-su-compromiso-con-la-equidad-y-la-inclusion\/#primaryimage","url":"https:\/\/www.eldiario.net\/portal\/wp-content\/uploads\/2025\/03\/Ejecutivos-galardonados-1.jpg","contentUrl":"https:\/\/www.eldiario.net\/portal\/wp-content\/uploads\/2025\/03\/Ejecutivos-galardonados-1.jpg","width":1200,"height":900,"caption":"EJECUTIVOS DE LAS EMPRESAS GALARDONADAS JUNTO A NIDYA PES\u00c1NDEZ Y PATRICIA HURTADO."},{"@type":"BreadcrumbList","@id":"https:\/\/www.eldiario.net\/portal\/2025\/03\/26\/drogueria-inti-es-reconocida-por-su-compromiso-con-la-equidad-y-la-inclusion\/#breadcrumb","itemListElement":[{"@type":"ListItem","position":1,"name":"Portada","item":"https:\/\/www.eldiario.net\/portal\/"},{"@type":"ListItem","position":2,"name":"Droguer\u00eda INTI es reconocida por su compromiso con la equidad y la inclusi\u00f3n"}]},{"@type":"WebSite","@id":"https:\/\/www.eldiario.net\/portal\/#website","url":"https:\/\/www.eldiario.net\/portal\/","name":"El Diario - Decano de la prensa nacional","description":"El Diario - Decano de la prensa nacional","publisher":{"@id":"https:\/\/www.eldiario.net\/portal\/#organization"},"potentialAction":[{"@type":"SearchAction","target":{"@type":"EntryPoint","urlTemplate":"https:\/\/www.eldiario.net\/portal\/?s={search_term_string}"},"query-input":{"@type":"PropertyValueSpecification","valueRequired":true,"valueName":"search_term_string"}}],"inLanguage":"es"},{"@type":"Organization","@id":"https:\/\/www.eldiario.net\/portal\/#organization","name":"El Diario - Decano de la prensa nacional","url":"https:\/\/www.eldiario.net\/portal\/","logo":{"@type":"ImageObject","inLanguage":"es","@id":"https:\/\/www.eldiario.net\/portal\/#\/schema\/logo\/image\/","url":"https:\/\/www.eldiario.net\/portal\/wp-content\/uploads\/2023\/07\/logo_ED.jpg","contentUrl":"https:\/\/www.eldiario.net\/portal\/wp-content\/uploads\/2023\/07\/logo_ED.jpg","width":272,"height":52,"caption":"El Diario - Decano de la prensa nacional"},"image":{"@id":"https:\/\/www.eldiario.net\/portal\/#\/schema\/logo\/image\/"},"sameAs":["https:\/\/www.facebook.com\/eldiario.bolivia\/","https:\/\/x.com\/eldiario_net"]},{"@type":"Person","@id":"https:\/\/www.eldiario.net\/portal\/#\/schema\/person\/2c57cf2b7a7ae032e449e4c9b1019eac","name":"Jeanette","image":{"@type":"ImageObject","inLanguage":"es","@id":"https:\/\/secure.gravatar.com\/avatar\/3ea2118a5f7dad2b7138b1187a6b7ee55f160b9968b66013c3a3ef39dd7e5798?s=96&d=mm&r=g","url":"https:\/\/secure.gravatar.com\/avatar\/3ea2118a5f7dad2b7138b1187a6b7ee55f160b9968b66013c3a3ef39dd7e5798?s=96&d=mm&r=g","contentUrl":"https:\/\/secure.gravatar.com\/avatar\/3ea2118a5f7dad2b7138b1187a6b7ee55f160b9968b66013c3a3ef39dd7e5798?s=96&d=mm&r=g","caption":"Jeanette"},"sameAs":["https:\/\/www.eldiario.net\/portal"],"url":"https:\/\/www.eldiario.net\/portal\/author\/jeanette\/"}]}},"_links":{"self":[{"href":"https:\/\/www.eldiario.net\/portal\/wp-json\/wp\/v2\/posts\/290992","targetHints":{"allow":["GET"]}}],"collection":[{"href":"https:\/\/www.eldiario.net\/portal\/wp-json\/wp\/v2\/posts"}],"about":[{"href":"https:\/\/www.eldiario.net\/portal\/wp-json\/wp\/v2\/types\/post"}],"author":[{"embeddable":true,"href":"https:\/\/www.eldiario.net\/portal\/wp-json\/wp\/v2\/users\/1"}],"replies":[{"embeddable":true,"href":"https:\/\/www.eldiario.net\/portal\/wp-json\/wp\/v2\/comments?post=290992"}],"version-history":[{"count":1,"href":"https:\/\/www.eldiario.net\/portal\/wp-json\/wp\/v2\/posts\/290992\/revisions"}],"predecessor-version":[{"id":290996,"href":"https:\/\/www.eldiario.net\/portal\/wp-json\/wp\/v2\/posts\/290992\/revisions\/290996"}],"wp:featuredmedia":[{"embeddable":true,"href":"https:\/\/www.eldiario.net\/portal\/wp-json\/wp\/v2\/media\/290993"}],"wp:attachment":[{"href":"https:\/\/www.eldiario.net\/portal\/wp-json\/wp\/v2\/media?parent=290992"}],"wp:term":[{"taxonomy":"category","embeddable":true,"href":"https:\/\/www.eldiario.net\/portal\/wp-json\/wp\/v2\/categories?post=290992"},{"taxonomy":"post_tag","embeddable":true,"href":"https:\/\/www.eldiario.net\/portal\/wp-json\/wp\/v2\/tags?post=290992"}],"curies":[{"name":"wp","href":"https:\/\/api.w.org\/{rel}","templated":true}]}}