{"id":290963,"date":"2025-03-26T06:06:40","date_gmt":"2025-03-26T10:06:40","guid":{"rendered":"https:\/\/www.eldiario.net\/portal\/?p=290963"},"modified":"2025-03-26T06:06:40","modified_gmt":"2025-03-26T10:06:40","slug":"politica-salarial-en-bolivia-es-hora-de-las-ideas-o-la-extorsion","status":"publish","type":"post","link":"https:\/\/www.eldiario.net\/portal\/2025\/03\/26\/politica-salarial-en-bolivia-es-hora-de-las-ideas-o-la-extorsion\/","title":{"rendered":"Pol\u00edtica salarial en Bolivia:  \u00bfEs hora de las ideas o la extorsi\u00f3n?"},"content":{"rendered":"<p>Bolivia enfrenta actualmente un proceso inflacionario que, sumado a las demandas de incrementos salariales por parte de la Central Obrera Boliviana (COB), puede generar un c\u00edrculo vicioso de aumento de precios y salarios sin mejoras reales en el poder adquisitivo. El modelo utilizado en el pa\u00eds es de tipo \u201cbackward-looking\u201d, lo que significa que los ajustes salariales se realizan en funci\u00f3n de la inflaci\u00f3n del a\u00f1o anterior. Si bien este mecanismo busca proteger el ingreso de los trabajadores, en un contexto de alta inflaci\u00f3n puede resultar contraproducente.<br \/>\nLa inflaci\u00f3n acumulada de 2024 fue cercana al 10%, lo que ha impulsado pedidos de incrementos salariales superiores a este porcentaje. Sin embargo, este tipo de ajustes puede generar una espiral inflacionaria, debilitando el poder adquisitivo real de los trabajadores y afectando la competitividad de las empresas.<br \/>\nConsidere lo siguiente: en 2023 la inflaci\u00f3n acumulada fue de 2,12%, y en mayo del 2024 el Gobierno nacional aprob\u00f3 un incremento salarial retroactivo a enero de ese a\u00f1o de 5,85% al m\u00ednimo nacional y de 3% al haber b\u00e1sico, pero la inflaci\u00f3n acumulada a mayo de 2024 era de 1,95%, es decir, el salario real para el haber b\u00e1sico solo aumento 1,05% (3%) y para el m\u00ednimo nacional 3,9%, para agosto el salario real al haber b\u00e1sico era negativo en 2,19%, para septiembre ambos salarios perdieron en t\u00e9rminos reales y, para cierre de gesti\u00f3n, el haber b\u00e1sico perdi\u00f3 pr\u00e1cticamente 7% de poder adquisitivo.<br \/>\nAnte esta situaci\u00f3n, vale la pena analizar modelos salariales aplicados en otros pa\u00edses y considerar la posibilidad de un enfoque h\u00edbrido o forward-looking. En Argentina, por ejemplo, la pol\u00edtica salarial ha evolucionado hacia un modelo flexible, donde los ajustes salariales son negociados mediante \u201cparitarias\u201d entre sindicatos y empresarios. Este esquema, conocido como forward-looking, permite adaptar los incrementos en funci\u00f3n de expectativas inflacionarias futuras, evitando rezagos en la actualizaci\u00f3n del salario y reduciendo la incertidumbre.<br \/>\nOtros pa\u00edses han implementado modelos innovadores. En Brasil, se ha combinado ajustes salariales con medidas de incentivos fiscales para las empresas que aumentan la productividad. En Alemania, el sistema de negociaci\u00f3n colectiva ha permitido acuerdos salariales vinculados al desempe\u00f1o econ\u00f3mico de sectores espec\u00edficos, asegurando estabilidad sin comprometer la competitividad. Mientras tanto, en Reino Unido, los ajustes salariales han sido complementados con subsidios y beneficios sociales para amortiguar el impacto de la inflaci\u00f3n.<br \/>\nBolivia podr\u00eda considerar una transici\u00f3n hacia un modelo de ajuste salarial m\u00e1s flexible y prospectivo. Un enfoque h\u00edbrido podr\u00eda combinar elementos de forward-looking con criterios de productividad y capacidad fiscal. Algunas herramientas para implementar esta transici\u00f3n incluyen:<br \/>\n1. Negociaciones sectoriales: Ajustes diferenciados seg\u00fan el crecimiento y la productividad de cada sector econ\u00f3mico.<br \/>\n2. Ajustes escalonados: Implementaci\u00f3n de incrementos salariales en tramos, seg\u00fan la evoluci\u00f3n de la inflaci\u00f3n real y la capacidad de pago del sector p\u00fablico y privado.<br \/>\n3. Incentivos a la productividad: Bonificaciones ligadas al desempe\u00f1o y la rentabilidad empresarial, para evitar aumentos salariales sin respaldo productivo.<br \/>\n4. Pol\u00edticas fiscales complementarias: Reducci\u00f3n de carga tributaria a sectores productivos, a cambio de compromiso con estabilidad salarial y generaci\u00f3n de empleo.<br \/>\n5. \u00cdndice de correcci\u00f3n salarial: Creaci\u00f3n de un mecanismo basado en una combinaci\u00f3n de inflaci\u00f3n esperada, productividad y desempe\u00f1o econ\u00f3mico sectorial para definir incrementos salariales m\u00e1s equilibrados.<br \/>\nAhora bien, est\u00e1s medidas solo pueden ser implementadas si existe credibilidad en el Gobierno, restricci\u00f3n que no cumple el Gobierno de Arce Catacora y posiblemente cualquier candidato populista, que en una miop\u00eda pueril azuce al pueblo, a los obreros, cuando en realidad atenta contra ellos.<br \/>\nEl desaf\u00edo de Bolivia no es solo mantener el poder adquisitivo de los trabajadores, sino tambi\u00e9n garantizar que los ajustes salariales no deriven en un mayor deterioro macroecon\u00f3mico. Un modelo forward-looking o h\u00edbrido podr\u00eda permitir una mayor estabilidad, previniendo la p\u00e9rdida del poder adquisitivo real y evitando el riesgo de espiral inflacionaria. La adaptabilidad y el di\u00e1logo entre el gobierno, el sector privado y los trabajadores ser\u00e1n claves para construir un sistema salarial m\u00e1s sostenible y equitativo.<\/p>\n<p>El autor es Economista.<\/p>\n","protected":false},"excerpt":{"rendered":"<p>Bolivia enfrenta actualmente un proceso inflacionario que, sumado a las demandas de incrementos salariales por parte de la Central Obrera Boliviana (COB), puede generar un c\u00edrculo vicioso de aumento de precios y salarios sin mejoras reales en el poder adquisitivo. El modelo utilizado en el pa\u00eds es de tipo \u201cbackward-looking\u201d, lo que significa que los [&hellip;]<\/p>\n","protected":false},"author":1,"featured_media":194790,"comment_status":"closed","ping_status":"open","sticky":false,"template":"","format":"standard","meta":{"_acf_changed":false,"footnotes":""},"categories":[9],"tags":[],"class_list":["post-290963","post","type-post","status-publish","format-standard","has-post-thumbnail","category-opinion"],"acf":{"antetitulo":""},"yoast_head":"<!-- This site is optimized with the Yoast SEO plugin v28.3 - https:\/\/yoast.com\/product\/yoast-seo-wordpress\/ -->\n<title>Pol\u00edtica salarial en Bolivia: \u00bfEs hora de las ideas o la extorsi\u00f3n? - El Diario - Bolivia<\/title>\n<meta name=\"robots\" content=\"index, follow, max-snippet:-1, max-image-preview:large, max-video-preview:-1\" \/>\n<link rel=\"canonical\" href=\"https:\/\/www.eldiario.net\/portal\/2025\/03\/26\/politica-salarial-en-bolivia-es-hora-de-las-ideas-o-la-extorsion\/\" \/>\n<meta property=\"og:locale\" content=\"es_ES\" \/>\n<meta property=\"og:type\" content=\"article\" \/>\n<meta property=\"og:title\" content=\"Pol\u00edtica salarial en Bolivia: \u00bfEs hora de las ideas o la extorsi\u00f3n? - El Diario - Bolivia\" \/>\n<meta property=\"og:description\" content=\"Bolivia enfrenta actualmente un proceso inflacionario que, sumado a las demandas de incrementos salariales por parte de la Central Obrera Boliviana (COB), puede generar un c\u00edrculo vicioso de aumento de precios y salarios sin mejoras reales en el poder adquisitivo. El modelo utilizado en el pa\u00eds es de tipo \u201cbackward-looking\u201d, lo que significa que los [&hellip;]\" \/>\n<meta property=\"og:url\" content=\"https:\/\/www.eldiario.net\/portal\/2025\/03\/26\/politica-salarial-en-bolivia-es-hora-de-las-ideas-o-la-extorsion\/\" \/>\n<meta property=\"og:site_name\" content=\"El Diario - Bolivia\" \/>\n<meta property=\"article:publisher\" content=\"https:\/\/www.facebook.com\/eldiario.bolivia\/\" \/>\n<meta property=\"article:published_time\" content=\"2025-03-26T10:06:40+00:00\" \/>\n<meta property=\"og:image\" content=\"https:\/\/www.eldiario.net\/portal\/wp-content\/uploads\/2023\/12\/Opinion.jpg\" \/>\n\t<meta property=\"og:image:width\" content=\"800\" \/>\n\t<meta property=\"og:image:height\" content=\"500\" \/>\n\t<meta property=\"og:image:type\" content=\"image\/jpeg\" \/>\n<meta name=\"author\" content=\"Jeanette\" \/>\n<meta name=\"twitter:card\" content=\"summary_large_image\" \/>\n<meta name=\"twitter:creator\" content=\"@eldiario_net\" \/>\n<meta name=\"twitter:site\" content=\"@eldiario_net\" \/>\n<meta name=\"twitter:label1\" content=\"Escrito por\" \/>\n\t<meta name=\"twitter:data1\" content=\"Jeanette\" \/>\n\t<meta name=\"twitter:label2\" content=\"Tiempo de lectura\" \/>\n\t<meta name=\"twitter:data2\" content=\"4 minutos\" \/>\n<script type=\"application\/ld+json\" class=\"yoast-schema-graph\">{\"@context\":\"https:\\\/\\\/schema.org\",\"@graph\":[{\"@type\":\"Article\",\"@id\":\"https:\\\/\\\/www.eldiario.net\\\/portal\\\/2025\\\/03\\\/26\\\/politica-salarial-en-bolivia-es-hora-de-las-ideas-o-la-extorsion\\\/#article\",\"isPartOf\":{\"@id\":\"https:\\\/\\\/www.eldiario.net\\\/portal\\\/2025\\\/03\\\/26\\\/politica-salarial-en-bolivia-es-hora-de-las-ideas-o-la-extorsion\\\/\"},\"author\":{\"name\":\"Jeanette\",\"@id\":\"https:\\\/\\\/www.eldiario.net\\\/portal\\\/#\\\/schema\\\/person\\\/f46445640444750d7d753ccd04ae01b7\"},\"headline\":\"Pol\u00edtica salarial en Bolivia: \u00bfEs hora de las ideas o la extorsi\u00f3n?\",\"datePublished\":\"2025-03-26T10:06:40+00:00\",\"mainEntityOfPage\":{\"@id\":\"https:\\\/\\\/www.eldiario.net\\\/portal\\\/2025\\\/03\\\/26\\\/politica-salarial-en-bolivia-es-hora-de-las-ideas-o-la-extorsion\\\/\"},\"wordCount\":719,\"publisher\":{\"@id\":\"https:\\\/\\\/www.eldiario.net\\\/portal\\\/#organization\"},\"image\":{\"@id\":\"https:\\\/\\\/www.eldiario.net\\\/portal\\\/2025\\\/03\\\/26\\\/politica-salarial-en-bolivia-es-hora-de-las-ideas-o-la-extorsion\\\/#primaryimage\"},\"thumbnailUrl\":\"https:\\\/\\\/www.eldiario.net\\\/portal\\\/wp-content\\\/uploads\\\/2023\\\/12\\\/Opinion.jpg\",\"articleSection\":[\"Opini\u00f3n\"],\"inLanguage\":\"es\"},{\"@type\":\"WebPage\",\"@id\":\"https:\\\/\\\/www.eldiario.net\\\/portal\\\/2025\\\/03\\\/26\\\/politica-salarial-en-bolivia-es-hora-de-las-ideas-o-la-extorsion\\\/\",\"url\":\"https:\\\/\\\/www.eldiario.net\\\/portal\\\/2025\\\/03\\\/26\\\/politica-salarial-en-bolivia-es-hora-de-las-ideas-o-la-extorsion\\\/\",\"name\":\"Pol\u00edtica salarial en Bolivia: \u00bfEs hora de las ideas o la extorsi\u00f3n? - El Diario - Bolivia\",\"isPartOf\":{\"@id\":\"https:\\\/\\\/www.eldiario.net\\\/portal\\\/#website\"},\"primaryImageOfPage\":{\"@id\":\"https:\\\/\\\/www.eldiario.net\\\/portal\\\/2025\\\/03\\\/26\\\/politica-salarial-en-bolivia-es-hora-de-las-ideas-o-la-extorsion\\\/#primaryimage\"},\"image\":{\"@id\":\"https:\\\/\\\/www.eldiario.net\\\/portal\\\/2025\\\/03\\\/26\\\/politica-salarial-en-bolivia-es-hora-de-las-ideas-o-la-extorsion\\\/#primaryimage\"},\"thumbnailUrl\":\"https:\\\/\\\/www.eldiario.net\\\/portal\\\/wp-content\\\/uploads\\\/2023\\\/12\\\/Opinion.jpg\",\"datePublished\":\"2025-03-26T10:06:40+00:00\",\"breadcrumb\":{\"@id\":\"https:\\\/\\\/www.eldiario.net\\\/portal\\\/2025\\\/03\\\/26\\\/politica-salarial-en-bolivia-es-hora-de-las-ideas-o-la-extorsion\\\/#breadcrumb\"},\"inLanguage\":\"es\",\"potentialAction\":[{\"@type\":\"ReadAction\",\"target\":[\"https:\\\/\\\/www.eldiario.net\\\/portal\\\/2025\\\/03\\\/26\\\/politica-salarial-en-bolivia-es-hora-de-las-ideas-o-la-extorsion\\\/\"]}]},{\"@type\":\"ImageObject\",\"inLanguage\":\"es\",\"@id\":\"https:\\\/\\\/www.eldiario.net\\\/portal\\\/2025\\\/03\\\/26\\\/politica-salarial-en-bolivia-es-hora-de-las-ideas-o-la-extorsion\\\/#primaryimage\",\"url\":\"https:\\\/\\\/www.eldiario.net\\\/portal\\\/wp-content\\\/uploads\\\/2023\\\/12\\\/Opinion.jpg\",\"contentUrl\":\"https:\\\/\\\/www.eldiario.net\\\/portal\\\/wp-content\\\/uploads\\\/2023\\\/12\\\/Opinion.jpg\",\"width\":800,\"height\":500},{\"@type\":\"BreadcrumbList\",\"@id\":\"https:\\\/\\\/www.eldiario.net\\\/portal\\\/2025\\\/03\\\/26\\\/politica-salarial-en-bolivia-es-hora-de-las-ideas-o-la-extorsion\\\/#breadcrumb\",\"itemListElement\":[{\"@type\":\"ListItem\",\"position\":1,\"name\":\"Portada\",\"item\":\"https:\\\/\\\/www.eldiario.net\\\/portal\\\/\"},{\"@type\":\"ListItem\",\"position\":2,\"name\":\"Pol\u00edtica salarial en Bolivia: \u00bfEs hora de las ideas o la extorsi\u00f3n?\"}]},{\"@type\":\"WebSite\",\"@id\":\"https:\\\/\\\/www.eldiario.net\\\/portal\\\/#website\",\"url\":\"https:\\\/\\\/www.eldiario.net\\\/portal\\\/\",\"name\":\"El Diario - Decano de la prensa nacional\",\"description\":\"El Diario - Decano de la prensa nacional\",\"publisher\":{\"@id\":\"https:\\\/\\\/www.eldiario.net\\\/portal\\\/#organization\"},\"potentialAction\":[{\"@type\":\"SearchAction\",\"target\":{\"@type\":\"EntryPoint\",\"urlTemplate\":\"https:\\\/\\\/www.eldiario.net\\\/portal\\\/?s={search_term_string}\"},\"query-input\":{\"@type\":\"PropertyValueSpecification\",\"valueRequired\":true,\"valueName\":\"search_term_string\"}}],\"inLanguage\":\"es\"},{\"@type\":\"Organization\",\"@id\":\"https:\\\/\\\/www.eldiario.net\\\/portal\\\/#organization\",\"name\":\"El Diario - Decano de la prensa nacional\",\"url\":\"https:\\\/\\\/www.eldiario.net\\\/portal\\\/\",\"logo\":{\"@type\":\"ImageObject\",\"inLanguage\":\"es\",\"@id\":\"https:\\\/\\\/www.eldiario.net\\\/portal\\\/#\\\/schema\\\/logo\\\/image\\\/\",\"url\":\"https:\\\/\\\/www.eldiario.net\\\/portal\\\/wp-content\\\/uploads\\\/2023\\\/07\\\/logo_ED.jpg\",\"contentUrl\":\"https:\\\/\\\/www.eldiario.net\\\/portal\\\/wp-content\\\/uploads\\\/2023\\\/07\\\/logo_ED.jpg\",\"width\":272,\"height\":52,\"caption\":\"El Diario - Decano de la prensa nacional\"},\"image\":{\"@id\":\"https:\\\/\\\/www.eldiario.net\\\/portal\\\/#\\\/schema\\\/logo\\\/image\\\/\"},\"sameAs\":[\"https:\\\/\\\/www.facebook.com\\\/eldiario.bolivia\\\/\",\"https:\\\/\\\/x.com\\\/eldiario_net\"]},{\"@type\":\"Person\",\"@id\":\"https:\\\/\\\/www.eldiario.net\\\/portal\\\/#\\\/schema\\\/person\\\/f46445640444750d7d753ccd04ae01b7\",\"name\":\"Jeanette\",\"image\":{\"@type\":\"ImageObject\",\"inLanguage\":\"es\",\"@id\":\"https:\\\/\\\/secure.gravatar.com\\\/avatar\\\/3ea2118a5f7dad2b7138b1187a6b7ee55f160b9968b66013c3a3ef39dd7e5798?s=96&d=mm&r=g\",\"url\":\"https:\\\/\\\/secure.gravatar.com\\\/avatar\\\/3ea2118a5f7dad2b7138b1187a6b7ee55f160b9968b66013c3a3ef39dd7e5798?s=96&d=mm&r=g\",\"contentUrl\":\"https:\\\/\\\/secure.gravatar.com\\\/avatar\\\/3ea2118a5f7dad2b7138b1187a6b7ee55f160b9968b66013c3a3ef39dd7e5798?s=96&d=mm&r=g\",\"caption\":\"Jeanette\"},\"sameAs\":[\"https:\\\/\\\/www.eldiario.net\\\/portal\"],\"url\":\"https:\\\/\\\/www.eldiario.net\\\/portal\\\/author\\\/jeanette\\\/\"}]}<\/script>\n<!-- \/ Yoast SEO plugin. -->","yoast_head_json":{"title":"Pol\u00edtica salarial en Bolivia: \u00bfEs hora de las ideas o la extorsi\u00f3n? - El Diario - Bolivia","robots":{"index":"index","follow":"follow","max-snippet":"max-snippet:-1","max-image-preview":"max-image-preview:large","max-video-preview":"max-video-preview:-1"},"canonical":"https:\/\/www.eldiario.net\/portal\/2025\/03\/26\/politica-salarial-en-bolivia-es-hora-de-las-ideas-o-la-extorsion\/","og_locale":"es_ES","og_type":"article","og_title":"Pol\u00edtica salarial en Bolivia: \u00bfEs hora de las ideas o la extorsi\u00f3n? - El Diario - Bolivia","og_description":"Bolivia enfrenta actualmente un proceso inflacionario que, sumado a las demandas de incrementos salariales por parte de la Central Obrera Boliviana (COB), puede generar un c\u00edrculo vicioso de aumento de precios y salarios sin mejoras reales en el poder adquisitivo. El modelo utilizado en el pa\u00eds es de tipo \u201cbackward-looking\u201d, lo que significa que los [&hellip;]","og_url":"https:\/\/www.eldiario.net\/portal\/2025\/03\/26\/politica-salarial-en-bolivia-es-hora-de-las-ideas-o-la-extorsion\/","og_site_name":"El Diario - Bolivia","article_publisher":"https:\/\/www.facebook.com\/eldiario.bolivia\/","article_published_time":"2025-03-26T10:06:40+00:00","og_image":[{"width":800,"height":500,"url":"https:\/\/www.eldiario.net\/portal\/wp-content\/uploads\/2023\/12\/Opinion.jpg","type":"image\/jpeg"}],"author":"Jeanette","twitter_card":"summary_large_image","twitter_creator":"@eldiario_net","twitter_site":"@eldiario_net","twitter_misc":{"Escrito por":"Jeanette","Tiempo de lectura":"4 minutos"},"schema":{"@context":"https:\/\/schema.org","@graph":[{"@type":"Article","@id":"https:\/\/www.eldiario.net\/portal\/2025\/03\/26\/politica-salarial-en-bolivia-es-hora-de-las-ideas-o-la-extorsion\/#article","isPartOf":{"@id":"https:\/\/www.eldiario.net\/portal\/2025\/03\/26\/politica-salarial-en-bolivia-es-hora-de-las-ideas-o-la-extorsion\/"},"author":{"name":"Jeanette","@id":"https:\/\/www.eldiario.net\/portal\/#\/schema\/person\/f46445640444750d7d753ccd04ae01b7"},"headline":"Pol\u00edtica salarial en Bolivia: \u00bfEs hora de las ideas o la extorsi\u00f3n?","datePublished":"2025-03-26T10:06:40+00:00","mainEntityOfPage":{"@id":"https:\/\/www.eldiario.net\/portal\/2025\/03\/26\/politica-salarial-en-bolivia-es-hora-de-las-ideas-o-la-extorsion\/"},"wordCount":719,"publisher":{"@id":"https:\/\/www.eldiario.net\/portal\/#organization"},"image":{"@id":"https:\/\/www.eldiario.net\/portal\/2025\/03\/26\/politica-salarial-en-bolivia-es-hora-de-las-ideas-o-la-extorsion\/#primaryimage"},"thumbnailUrl":"https:\/\/www.eldiario.net\/portal\/wp-content\/uploads\/2023\/12\/Opinion.jpg","articleSection":["Opini\u00f3n"],"inLanguage":"es"},{"@type":"WebPage","@id":"https:\/\/www.eldiario.net\/portal\/2025\/03\/26\/politica-salarial-en-bolivia-es-hora-de-las-ideas-o-la-extorsion\/","url":"https:\/\/www.eldiario.net\/portal\/2025\/03\/26\/politica-salarial-en-bolivia-es-hora-de-las-ideas-o-la-extorsion\/","name":"Pol\u00edtica salarial en Bolivia: \u00bfEs hora de las ideas o la extorsi\u00f3n? - El Diario - Bolivia","isPartOf":{"@id":"https:\/\/www.eldiario.net\/portal\/#website"},"primaryImageOfPage":{"@id":"https:\/\/www.eldiario.net\/portal\/2025\/03\/26\/politica-salarial-en-bolivia-es-hora-de-las-ideas-o-la-extorsion\/#primaryimage"},"image":{"@id":"https:\/\/www.eldiario.net\/portal\/2025\/03\/26\/politica-salarial-en-bolivia-es-hora-de-las-ideas-o-la-extorsion\/#primaryimage"},"thumbnailUrl":"https:\/\/www.eldiario.net\/portal\/wp-content\/uploads\/2023\/12\/Opinion.jpg","datePublished":"2025-03-26T10:06:40+00:00","breadcrumb":{"@id":"https:\/\/www.eldiario.net\/portal\/2025\/03\/26\/politica-salarial-en-bolivia-es-hora-de-las-ideas-o-la-extorsion\/#breadcrumb"},"inLanguage":"es","potentialAction":[{"@type":"ReadAction","target":["https:\/\/www.eldiario.net\/portal\/2025\/03\/26\/politica-salarial-en-bolivia-es-hora-de-las-ideas-o-la-extorsion\/"]}]},{"@type":"ImageObject","inLanguage":"es","@id":"https:\/\/www.eldiario.net\/portal\/2025\/03\/26\/politica-salarial-en-bolivia-es-hora-de-las-ideas-o-la-extorsion\/#primaryimage","url":"https:\/\/www.eldiario.net\/portal\/wp-content\/uploads\/2023\/12\/Opinion.jpg","contentUrl":"https:\/\/www.eldiario.net\/portal\/wp-content\/uploads\/2023\/12\/Opinion.jpg","width":800,"height":500},{"@type":"BreadcrumbList","@id":"https:\/\/www.eldiario.net\/portal\/2025\/03\/26\/politica-salarial-en-bolivia-es-hora-de-las-ideas-o-la-extorsion\/#breadcrumb","itemListElement":[{"@type":"ListItem","position":1,"name":"Portada","item":"https:\/\/www.eldiario.net\/portal\/"},{"@type":"ListItem","position":2,"name":"Pol\u00edtica salarial en Bolivia: \u00bfEs hora de las ideas o la extorsi\u00f3n?"}]},{"@type":"WebSite","@id":"https:\/\/www.eldiario.net\/portal\/#website","url":"https:\/\/www.eldiario.net\/portal\/","name":"El Diario - Decano de la prensa nacional","description":"El Diario - Decano de la prensa nacional","publisher":{"@id":"https:\/\/www.eldiario.net\/portal\/#organization"},"potentialAction":[{"@type":"SearchAction","target":{"@type":"EntryPoint","urlTemplate":"https:\/\/www.eldiario.net\/portal\/?s={search_term_string}"},"query-input":{"@type":"PropertyValueSpecification","valueRequired":true,"valueName":"search_term_string"}}],"inLanguage":"es"},{"@type":"Organization","@id":"https:\/\/www.eldiario.net\/portal\/#organization","name":"El Diario - Decano de la prensa nacional","url":"https:\/\/www.eldiario.net\/portal\/","logo":{"@type":"ImageObject","inLanguage":"es","@id":"https:\/\/www.eldiario.net\/portal\/#\/schema\/logo\/image\/","url":"https:\/\/www.eldiario.net\/portal\/wp-content\/uploads\/2023\/07\/logo_ED.jpg","contentUrl":"https:\/\/www.eldiario.net\/portal\/wp-content\/uploads\/2023\/07\/logo_ED.jpg","width":272,"height":52,"caption":"El Diario - Decano de la prensa nacional"},"image":{"@id":"https:\/\/www.eldiario.net\/portal\/#\/schema\/logo\/image\/"},"sameAs":["https:\/\/www.facebook.com\/eldiario.bolivia\/","https:\/\/x.com\/eldiario_net"]},{"@type":"Person","@id":"https:\/\/www.eldiario.net\/portal\/#\/schema\/person\/f46445640444750d7d753ccd04ae01b7","name":"Jeanette","image":{"@type":"ImageObject","inLanguage":"es","@id":"https:\/\/secure.gravatar.com\/avatar\/3ea2118a5f7dad2b7138b1187a6b7ee55f160b9968b66013c3a3ef39dd7e5798?s=96&d=mm&r=g","url":"https:\/\/secure.gravatar.com\/avatar\/3ea2118a5f7dad2b7138b1187a6b7ee55f160b9968b66013c3a3ef39dd7e5798?s=96&d=mm&r=g","contentUrl":"https:\/\/secure.gravatar.com\/avatar\/3ea2118a5f7dad2b7138b1187a6b7ee55f160b9968b66013c3a3ef39dd7e5798?s=96&d=mm&r=g","caption":"Jeanette"},"sameAs":["https:\/\/www.eldiario.net\/portal"],"url":"https:\/\/www.eldiario.net\/portal\/author\/jeanette\/"}]}},"_links":{"self":[{"href":"https:\/\/www.eldiario.net\/portal\/wp-json\/wp\/v2\/posts\/290963","targetHints":{"allow":["GET"]}}],"collection":[{"href":"https:\/\/www.eldiario.net\/portal\/wp-json\/wp\/v2\/posts"}],"about":[{"href":"https:\/\/www.eldiario.net\/portal\/wp-json\/wp\/v2\/types\/post"}],"author":[{"embeddable":true,"href":"https:\/\/www.eldiario.net\/portal\/wp-json\/wp\/v2\/users\/1"}],"replies":[{"embeddable":true,"href":"https:\/\/www.eldiario.net\/portal\/wp-json\/wp\/v2\/comments?post=290963"}],"version-history":[{"count":1,"href":"https:\/\/www.eldiario.net\/portal\/wp-json\/wp\/v2\/posts\/290963\/revisions"}],"predecessor-version":[{"id":290964,"href":"https:\/\/www.eldiario.net\/portal\/wp-json\/wp\/v2\/posts\/290963\/revisions\/290964"}],"wp:featuredmedia":[{"embeddable":true,"href":"https:\/\/www.eldiario.net\/portal\/wp-json\/wp\/v2\/media\/194790"}],"wp:attachment":[{"href":"https:\/\/www.eldiario.net\/portal\/wp-json\/wp\/v2\/media?parent=290963"}],"wp:term":[{"taxonomy":"category","embeddable":true,"href":"https:\/\/www.eldiario.net\/portal\/wp-json\/wp\/v2\/categories?post=290963"},{"taxonomy":"post_tag","embeddable":true,"href":"https:\/\/www.eldiario.net\/portal\/wp-json\/wp\/v2\/tags?post=290963"}],"curies":[{"name":"wp","href":"https:\/\/api.w.org\/{rel}","templated":true}]}}