{"id":290961,"date":"2025-03-26T06:06:07","date_gmt":"2025-03-26T10:06:07","guid":{"rendered":"https:\/\/www.eldiario.net\/portal\/?p=290961"},"modified":"2025-03-26T06:06:07","modified_gmt":"2025-03-26T10:06:07","slug":"que-se-vayan-todos","status":"publish","type":"post","link":"https:\/\/www.eldiario.net\/portal\/2025\/03\/26\/que-se-vayan-todos\/","title":{"rendered":"\u00a1Que se vayan todos!"},"content":{"rendered":"<p>Desde hace casi dos a\u00f1os estamos comprometidos con un nuevo dise\u00f1o democr\u00e1tico para la elecci\u00f3n de candidatos en los partidos y alianzas. Existe una gran demanda y aceptaci\u00f3n ciudadana para que se realicen primarias de oposici\u00f3n como un mecanismo imparcial, democr\u00e1tico y leg\u00edtimo.<br \/>\nSin embargo, la clase pol\u00edtica tradicional, enquistada por 20 a\u00f1os en la oposici\u00f3n sin lograr ning\u00fan \u00e9xito electoral, se ha opuesto f\u00e9rreamente y sigue apostando por encuestas cuestionables desde todo punto de vista: t\u00e9cnico, temporal y metodol\u00f3gico. No tiene sentido que una encuesta de abril defina qui\u00e9n ser\u00e1 candidato en agosto.<br \/>\nLas primarias, en cambio, han demostrado ser clave en otros pa\u00edses. En M\u00e9xico, por ejemplo, las encuestas fracasaron en la selecci\u00f3n de candidatos opositores; en cambio en Venezuela, fueron las primarias las que permitieron consolidar un liderazgo fuerte que triunf\u00f3 con un 70% de los votos. La oposici\u00f3n boliviana debe aprender de estos casos y adoptar el mecanismo exitoso.<br \/>\nLa consigna en Bolivia ahora debe ser clara: \u201cQue se vayan todos\u201d. Ese debe ser el mantra de la nueva oposici\u00f3n. La vieja oposici\u00f3n, la que ya no sirve, la que no ha dado resultados y se niega a unirse, debe dar un paso al costado. Est\u00e1 m\u00e1s enfrascada en rencillas internas que en construir una alternativa real. Si no pueden actuar con unidad en la oposici\u00f3n, \u00bfqu\u00e9 garant\u00eda hay de que lo har\u00e1n en el gobierno? Sus disputas impedir\u00edan cumplir con cualquier objetivo importante.<br \/>\nLa renovaci\u00f3n generacional es urgente y m\u00e1s necesaria que nunca. Que se vayan todos y den paso a los verdaderos opositores: j\u00f3venes diputados y senadores que han trabajado, muchos de ellos como suplentes, relegados a la sombra de titulares que brillaban por su ausencia, que imitaron la falta de liderazgo, iniciativa e imaginaci\u00f3n de los actuales dirigentes opositores.<br \/>\nEstos nuevos liderazgos, mayoritariamente de mujeres, deben asumir la primera l\u00ednea de la oposici\u00f3n y ello debe basarse fundamentalmente en:<br \/>\nPrimarias digitales y, despu\u00e9s, presenciales, que son un mecanismo inclusivo, que permite la participaci\u00f3n de todos los opositores y garantiza la trasparencia del proceso. Adem\u00e1s, la aplicaci\u00f3n \u201cYoElijoDigital\u201d est\u00e1 lista y puede ser utilizada de inmediato.<br \/>\nConstituci\u00f3n de un fondo \u00fanico para que garantizar que el candidato (a) ganador cuente con recursos suficientes para su campa\u00f1a y poder competir en igualdad de condiciones.<br \/>\nEntonces, no se trata de fragmentar la oposici\u00f3n boliviana a\u00fan m\u00e1s, sino de identificar a los nuevos l\u00edderes o lideresas, a quienes se les ha negado el protagonismo. Se sabe incluso que se les impide figurar en encuestas, reservadas para los mismos de siempre. El pr\u00f3ximo sondeo del \u201cbloque de unidad\u201d solo incluir\u00e1 a dos figuras que ni siquiera entre ellas han logrado ponerse de acuerdo. Paralelamente, la alianza entre Manfred Reyes Villa y Chi Hyun Chung probablemente generar\u00e1 otra encuesta y solo reforzar\u00e1 la fragmentaci\u00f3n.<br \/>\nEn vez de seguir apostando por este mecanismo imperfecto, todos ellos deber\u00edan someterse a las primarias, definir un \u00fanico candidato opositor y elegir tambi\u00e9n listas de senadores y diputados, por departamento, que requiere la f\u00f3rmula presidencial. Esa es la idea de fondo.<br \/>\nEl objetivo es claro: renovaci\u00f3n generacional, despartidizaci\u00f3n y el fin de la polarizaci\u00f3n. Los mismos de siempre, quienes han fomentado odios y divisiones y han desgastado a la oposici\u00f3n deben dar un paso al costado y pasar al retiro de una buena vez. Ha llegado el momento de una oposici\u00f3n que de verdad pueda ganar las pr\u00f3ximas elecciones en bien del pa\u00eds. Que se vayan todos y as\u00ed damos paso a una nueva etapa pol\u00edtica para Bolivia.<\/p>\n<p>El autor es catedr\u00e1tico; fue Alcalde de La Paz y Ministro de Estado.<\/p>\n","protected":false},"excerpt":{"rendered":"<p>Desde hace casi dos a\u00f1os estamos comprometidos con un nuevo dise\u00f1o democr\u00e1tico para la elecci\u00f3n de candidatos en los partidos y alianzas. Existe una gran demanda y aceptaci\u00f3n ciudadana para que se realicen primarias de oposici\u00f3n como un mecanismo imparcial, democr\u00e1tico y leg\u00edtimo. Sin embargo, la clase pol\u00edtica tradicional, enquistada por 20 a\u00f1os en la [&hellip;]<\/p>\n","protected":false},"author":1,"featured_media":190253,"comment_status":"closed","ping_status":"open","sticky":false,"template":"","format":"standard","meta":{"_acf_changed":false,"footnotes":""},"categories":[9],"tags":[],"class_list":["post-290961","post","type-post","status-publish","format-standard","has-post-thumbnail","category-opinion"],"acf":{"antetitulo":""},"yoast_head":"<!-- This site is optimized with the Yoast SEO plugin v28.3 - https:\/\/yoast.com\/product\/yoast-seo-wordpress\/ -->\n<title>\u00a1Que se vayan todos! - El Diario - Bolivia<\/title>\n<meta name=\"robots\" content=\"index, follow, max-snippet:-1, max-image-preview:large, max-video-preview:-1\" \/>\n<link rel=\"canonical\" href=\"https:\/\/www.eldiario.net\/portal\/2025\/03\/26\/que-se-vayan-todos\/\" \/>\n<meta property=\"og:locale\" content=\"es_ES\" \/>\n<meta property=\"og:type\" content=\"article\" \/>\n<meta property=\"og:title\" content=\"\u00a1Que se vayan todos! - El Diario - Bolivia\" \/>\n<meta property=\"og:description\" content=\"Desde hace casi dos a\u00f1os estamos comprometidos con un nuevo dise\u00f1o democr\u00e1tico para la elecci\u00f3n de candidatos en los partidos y alianzas. Existe una gran demanda y aceptaci\u00f3n ciudadana para que se realicen primarias de oposici\u00f3n como un mecanismo imparcial, democr\u00e1tico y leg\u00edtimo. Sin embargo, la clase pol\u00edtica tradicional, enquistada por 20 a\u00f1os en la [&hellip;]\" \/>\n<meta property=\"og:url\" content=\"https:\/\/www.eldiario.net\/portal\/2025\/03\/26\/que-se-vayan-todos\/\" \/>\n<meta property=\"og:site_name\" content=\"El Diario - Bolivia\" \/>\n<meta property=\"article:publisher\" content=\"https:\/\/www.facebook.com\/eldiario.bolivia\/\" \/>\n<meta property=\"article:published_time\" content=\"2025-03-26T10:06:07+00:00\" \/>\n<meta property=\"og:image\" content=\"https:\/\/www.eldiario.net\/portal\/wp-content\/uploads\/2023\/11\/Ronald-MacLean-Abaroa.jpg\" \/>\n\t<meta property=\"og:image:width\" content=\"1200\" \/>\n\t<meta property=\"og:image:height\" content=\"628\" \/>\n\t<meta property=\"og:image:type\" content=\"image\/jpeg\" \/>\n<meta name=\"author\" content=\"Jeanette\" \/>\n<meta name=\"twitter:card\" content=\"summary_large_image\" \/>\n<meta name=\"twitter:creator\" content=\"@eldiario_net\" \/>\n<meta name=\"twitter:site\" content=\"@eldiario_net\" \/>\n<meta name=\"twitter:label1\" content=\"Escrito por\" \/>\n\t<meta name=\"twitter:data1\" content=\"Jeanette\" \/>\n\t<meta name=\"twitter:label2\" content=\"Tiempo de lectura\" \/>\n\t<meta name=\"twitter:data2\" content=\"3 minutos\" \/>\n<script type=\"application\/ld+json\" class=\"yoast-schema-graph\">{\"@context\":\"https:\\\/\\\/schema.org\",\"@graph\":[{\"@type\":\"Article\",\"@id\":\"https:\\\/\\\/www.eldiario.net\\\/portal\\\/2025\\\/03\\\/26\\\/que-se-vayan-todos\\\/#article\",\"isPartOf\":{\"@id\":\"https:\\\/\\\/www.eldiario.net\\\/portal\\\/2025\\\/03\\\/26\\\/que-se-vayan-todos\\\/\"},\"author\":{\"name\":\"Jeanette\",\"@id\":\"https:\\\/\\\/www.eldiario.net\\\/portal\\\/#\\\/schema\\\/person\\\/f46445640444750d7d753ccd04ae01b7\"},\"headline\":\"\u00a1Que se vayan todos!\",\"datePublished\":\"2025-03-26T10:06:07+00:00\",\"mainEntityOfPage\":{\"@id\":\"https:\\\/\\\/www.eldiario.net\\\/portal\\\/2025\\\/03\\\/26\\\/que-se-vayan-todos\\\/\"},\"wordCount\":656,\"publisher\":{\"@id\":\"https:\\\/\\\/www.eldiario.net\\\/portal\\\/#organization\"},\"image\":{\"@id\":\"https:\\\/\\\/www.eldiario.net\\\/portal\\\/2025\\\/03\\\/26\\\/que-se-vayan-todos\\\/#primaryimage\"},\"thumbnailUrl\":\"https:\\\/\\\/www.eldiario.net\\\/portal\\\/wp-content\\\/uploads\\\/2023\\\/11\\\/Ronald-MacLean-Abaroa.jpg\",\"articleSection\":[\"Opini\u00f3n\"],\"inLanguage\":\"es\"},{\"@type\":\"WebPage\",\"@id\":\"https:\\\/\\\/www.eldiario.net\\\/portal\\\/2025\\\/03\\\/26\\\/que-se-vayan-todos\\\/\",\"url\":\"https:\\\/\\\/www.eldiario.net\\\/portal\\\/2025\\\/03\\\/26\\\/que-se-vayan-todos\\\/\",\"name\":\"\u00a1Que se vayan todos! - El Diario - Bolivia\",\"isPartOf\":{\"@id\":\"https:\\\/\\\/www.eldiario.net\\\/portal\\\/#website\"},\"primaryImageOfPage\":{\"@id\":\"https:\\\/\\\/www.eldiario.net\\\/portal\\\/2025\\\/03\\\/26\\\/que-se-vayan-todos\\\/#primaryimage\"},\"image\":{\"@id\":\"https:\\\/\\\/www.eldiario.net\\\/portal\\\/2025\\\/03\\\/26\\\/que-se-vayan-todos\\\/#primaryimage\"},\"thumbnailUrl\":\"https:\\\/\\\/www.eldiario.net\\\/portal\\\/wp-content\\\/uploads\\\/2023\\\/11\\\/Ronald-MacLean-Abaroa.jpg\",\"datePublished\":\"2025-03-26T10:06:07+00:00\",\"breadcrumb\":{\"@id\":\"https:\\\/\\\/www.eldiario.net\\\/portal\\\/2025\\\/03\\\/26\\\/que-se-vayan-todos\\\/#breadcrumb\"},\"inLanguage\":\"es\",\"potentialAction\":[{\"@type\":\"ReadAction\",\"target\":[\"https:\\\/\\\/www.eldiario.net\\\/portal\\\/2025\\\/03\\\/26\\\/que-se-vayan-todos\\\/\"]}]},{\"@type\":\"ImageObject\",\"inLanguage\":\"es\",\"@id\":\"https:\\\/\\\/www.eldiario.net\\\/portal\\\/2025\\\/03\\\/26\\\/que-se-vayan-todos\\\/#primaryimage\",\"url\":\"https:\\\/\\\/www.eldiario.net\\\/portal\\\/wp-content\\\/uploads\\\/2023\\\/11\\\/Ronald-MacLean-Abaroa.jpg\",\"contentUrl\":\"https:\\\/\\\/www.eldiario.net\\\/portal\\\/wp-content\\\/uploads\\\/2023\\\/11\\\/Ronald-MacLean-Abaroa.jpg\",\"width\":1200,\"height\":628,\"caption\":\"Ronald MacLean Abaroa\"},{\"@type\":\"BreadcrumbList\",\"@id\":\"https:\\\/\\\/www.eldiario.net\\\/portal\\\/2025\\\/03\\\/26\\\/que-se-vayan-todos\\\/#breadcrumb\",\"itemListElement\":[{\"@type\":\"ListItem\",\"position\":1,\"name\":\"Portada\",\"item\":\"https:\\\/\\\/www.eldiario.net\\\/portal\\\/\"},{\"@type\":\"ListItem\",\"position\":2,\"name\":\"\u00a1Que se vayan todos!\"}]},{\"@type\":\"WebSite\",\"@id\":\"https:\\\/\\\/www.eldiario.net\\\/portal\\\/#website\",\"url\":\"https:\\\/\\\/www.eldiario.net\\\/portal\\\/\",\"name\":\"El Diario - Decano de la prensa nacional\",\"description\":\"El Diario - Decano de la prensa nacional\",\"publisher\":{\"@id\":\"https:\\\/\\\/www.eldiario.net\\\/portal\\\/#organization\"},\"potentialAction\":[{\"@type\":\"SearchAction\",\"target\":{\"@type\":\"EntryPoint\",\"urlTemplate\":\"https:\\\/\\\/www.eldiario.net\\\/portal\\\/?s={search_term_string}\"},\"query-input\":{\"@type\":\"PropertyValueSpecification\",\"valueRequired\":true,\"valueName\":\"search_term_string\"}}],\"inLanguage\":\"es\"},{\"@type\":\"Organization\",\"@id\":\"https:\\\/\\\/www.eldiario.net\\\/portal\\\/#organization\",\"name\":\"El Diario - Decano de la prensa nacional\",\"url\":\"https:\\\/\\\/www.eldiario.net\\\/portal\\\/\",\"logo\":{\"@type\":\"ImageObject\",\"inLanguage\":\"es\",\"@id\":\"https:\\\/\\\/www.eldiario.net\\\/portal\\\/#\\\/schema\\\/logo\\\/image\\\/\",\"url\":\"https:\\\/\\\/www.eldiario.net\\\/portal\\\/wp-content\\\/uploads\\\/2023\\\/07\\\/logo_ED.jpg\",\"contentUrl\":\"https:\\\/\\\/www.eldiario.net\\\/portal\\\/wp-content\\\/uploads\\\/2023\\\/07\\\/logo_ED.jpg\",\"width\":272,\"height\":52,\"caption\":\"El Diario - Decano de la prensa nacional\"},\"image\":{\"@id\":\"https:\\\/\\\/www.eldiario.net\\\/portal\\\/#\\\/schema\\\/logo\\\/image\\\/\"},\"sameAs\":[\"https:\\\/\\\/www.facebook.com\\\/eldiario.bolivia\\\/\",\"https:\\\/\\\/x.com\\\/eldiario_net\"]},{\"@type\":\"Person\",\"@id\":\"https:\\\/\\\/www.eldiario.net\\\/portal\\\/#\\\/schema\\\/person\\\/f46445640444750d7d753ccd04ae01b7\",\"name\":\"Jeanette\",\"image\":{\"@type\":\"ImageObject\",\"inLanguage\":\"es\",\"@id\":\"https:\\\/\\\/secure.gravatar.com\\\/avatar\\\/3ea2118a5f7dad2b7138b1187a6b7ee55f160b9968b66013c3a3ef39dd7e5798?s=96&d=mm&r=g\",\"url\":\"https:\\\/\\\/secure.gravatar.com\\\/avatar\\\/3ea2118a5f7dad2b7138b1187a6b7ee55f160b9968b66013c3a3ef39dd7e5798?s=96&d=mm&r=g\",\"contentUrl\":\"https:\\\/\\\/secure.gravatar.com\\\/avatar\\\/3ea2118a5f7dad2b7138b1187a6b7ee55f160b9968b66013c3a3ef39dd7e5798?s=96&d=mm&r=g\",\"caption\":\"Jeanette\"},\"sameAs\":[\"https:\\\/\\\/www.eldiario.net\\\/portal\"],\"url\":\"https:\\\/\\\/www.eldiario.net\\\/portal\\\/author\\\/jeanette\\\/\"}]}<\/script>\n<!-- \/ Yoast SEO plugin. -->","yoast_head_json":{"title":"\u00a1Que se vayan todos! - El Diario - Bolivia","robots":{"index":"index","follow":"follow","max-snippet":"max-snippet:-1","max-image-preview":"max-image-preview:large","max-video-preview":"max-video-preview:-1"},"canonical":"https:\/\/www.eldiario.net\/portal\/2025\/03\/26\/que-se-vayan-todos\/","og_locale":"es_ES","og_type":"article","og_title":"\u00a1Que se vayan todos! - El Diario - Bolivia","og_description":"Desde hace casi dos a\u00f1os estamos comprometidos con un nuevo dise\u00f1o democr\u00e1tico para la elecci\u00f3n de candidatos en los partidos y alianzas. Existe una gran demanda y aceptaci\u00f3n ciudadana para que se realicen primarias de oposici\u00f3n como un mecanismo imparcial, democr\u00e1tico y leg\u00edtimo. Sin embargo, la clase pol\u00edtica tradicional, enquistada por 20 a\u00f1os en la [&hellip;]","og_url":"https:\/\/www.eldiario.net\/portal\/2025\/03\/26\/que-se-vayan-todos\/","og_site_name":"El Diario - Bolivia","article_publisher":"https:\/\/www.facebook.com\/eldiario.bolivia\/","article_published_time":"2025-03-26T10:06:07+00:00","og_image":[{"width":1200,"height":628,"url":"https:\/\/www.eldiario.net\/portal\/wp-content\/uploads\/2023\/11\/Ronald-MacLean-Abaroa.jpg","type":"image\/jpeg"}],"author":"Jeanette","twitter_card":"summary_large_image","twitter_creator":"@eldiario_net","twitter_site":"@eldiario_net","twitter_misc":{"Escrito por":"Jeanette","Tiempo de lectura":"3 minutos"},"schema":{"@context":"https:\/\/schema.org","@graph":[{"@type":"Article","@id":"https:\/\/www.eldiario.net\/portal\/2025\/03\/26\/que-se-vayan-todos\/#article","isPartOf":{"@id":"https:\/\/www.eldiario.net\/portal\/2025\/03\/26\/que-se-vayan-todos\/"},"author":{"name":"Jeanette","@id":"https:\/\/www.eldiario.net\/portal\/#\/schema\/person\/f46445640444750d7d753ccd04ae01b7"},"headline":"\u00a1Que se vayan todos!","datePublished":"2025-03-26T10:06:07+00:00","mainEntityOfPage":{"@id":"https:\/\/www.eldiario.net\/portal\/2025\/03\/26\/que-se-vayan-todos\/"},"wordCount":656,"publisher":{"@id":"https:\/\/www.eldiario.net\/portal\/#organization"},"image":{"@id":"https:\/\/www.eldiario.net\/portal\/2025\/03\/26\/que-se-vayan-todos\/#primaryimage"},"thumbnailUrl":"https:\/\/www.eldiario.net\/portal\/wp-content\/uploads\/2023\/11\/Ronald-MacLean-Abaroa.jpg","articleSection":["Opini\u00f3n"],"inLanguage":"es"},{"@type":"WebPage","@id":"https:\/\/www.eldiario.net\/portal\/2025\/03\/26\/que-se-vayan-todos\/","url":"https:\/\/www.eldiario.net\/portal\/2025\/03\/26\/que-se-vayan-todos\/","name":"\u00a1Que se vayan todos! - El Diario - Bolivia","isPartOf":{"@id":"https:\/\/www.eldiario.net\/portal\/#website"},"primaryImageOfPage":{"@id":"https:\/\/www.eldiario.net\/portal\/2025\/03\/26\/que-se-vayan-todos\/#primaryimage"},"image":{"@id":"https:\/\/www.eldiario.net\/portal\/2025\/03\/26\/que-se-vayan-todos\/#primaryimage"},"thumbnailUrl":"https:\/\/www.eldiario.net\/portal\/wp-content\/uploads\/2023\/11\/Ronald-MacLean-Abaroa.jpg","datePublished":"2025-03-26T10:06:07+00:00","breadcrumb":{"@id":"https:\/\/www.eldiario.net\/portal\/2025\/03\/26\/que-se-vayan-todos\/#breadcrumb"},"inLanguage":"es","potentialAction":[{"@type":"ReadAction","target":["https:\/\/www.eldiario.net\/portal\/2025\/03\/26\/que-se-vayan-todos\/"]}]},{"@type":"ImageObject","inLanguage":"es","@id":"https:\/\/www.eldiario.net\/portal\/2025\/03\/26\/que-se-vayan-todos\/#primaryimage","url":"https:\/\/www.eldiario.net\/portal\/wp-content\/uploads\/2023\/11\/Ronald-MacLean-Abaroa.jpg","contentUrl":"https:\/\/www.eldiario.net\/portal\/wp-content\/uploads\/2023\/11\/Ronald-MacLean-Abaroa.jpg","width":1200,"height":628,"caption":"Ronald MacLean Abaroa"},{"@type":"BreadcrumbList","@id":"https:\/\/www.eldiario.net\/portal\/2025\/03\/26\/que-se-vayan-todos\/#breadcrumb","itemListElement":[{"@type":"ListItem","position":1,"name":"Portada","item":"https:\/\/www.eldiario.net\/portal\/"},{"@type":"ListItem","position":2,"name":"\u00a1Que se vayan todos!"}]},{"@type":"WebSite","@id":"https:\/\/www.eldiario.net\/portal\/#website","url":"https:\/\/www.eldiario.net\/portal\/","name":"El Diario - Decano de la prensa nacional","description":"El Diario - Decano de la prensa nacional","publisher":{"@id":"https:\/\/www.eldiario.net\/portal\/#organization"},"potentialAction":[{"@type":"SearchAction","target":{"@type":"EntryPoint","urlTemplate":"https:\/\/www.eldiario.net\/portal\/?s={search_term_string}"},"query-input":{"@type":"PropertyValueSpecification","valueRequired":true,"valueName":"search_term_string"}}],"inLanguage":"es"},{"@type":"Organization","@id":"https:\/\/www.eldiario.net\/portal\/#organization","name":"El Diario - Decano de la prensa nacional","url":"https:\/\/www.eldiario.net\/portal\/","logo":{"@type":"ImageObject","inLanguage":"es","@id":"https:\/\/www.eldiario.net\/portal\/#\/schema\/logo\/image\/","url":"https:\/\/www.eldiario.net\/portal\/wp-content\/uploads\/2023\/07\/logo_ED.jpg","contentUrl":"https:\/\/www.eldiario.net\/portal\/wp-content\/uploads\/2023\/07\/logo_ED.jpg","width":272,"height":52,"caption":"El Diario - Decano de la prensa nacional"},"image":{"@id":"https:\/\/www.eldiario.net\/portal\/#\/schema\/logo\/image\/"},"sameAs":["https:\/\/www.facebook.com\/eldiario.bolivia\/","https:\/\/x.com\/eldiario_net"]},{"@type":"Person","@id":"https:\/\/www.eldiario.net\/portal\/#\/schema\/person\/f46445640444750d7d753ccd04ae01b7","name":"Jeanette","image":{"@type":"ImageObject","inLanguage":"es","@id":"https:\/\/secure.gravatar.com\/avatar\/3ea2118a5f7dad2b7138b1187a6b7ee55f160b9968b66013c3a3ef39dd7e5798?s=96&d=mm&r=g","url":"https:\/\/secure.gravatar.com\/avatar\/3ea2118a5f7dad2b7138b1187a6b7ee55f160b9968b66013c3a3ef39dd7e5798?s=96&d=mm&r=g","contentUrl":"https:\/\/secure.gravatar.com\/avatar\/3ea2118a5f7dad2b7138b1187a6b7ee55f160b9968b66013c3a3ef39dd7e5798?s=96&d=mm&r=g","caption":"Jeanette"},"sameAs":["https:\/\/www.eldiario.net\/portal"],"url":"https:\/\/www.eldiario.net\/portal\/author\/jeanette\/"}]}},"_links":{"self":[{"href":"https:\/\/www.eldiario.net\/portal\/wp-json\/wp\/v2\/posts\/290961","targetHints":{"allow":["GET"]}}],"collection":[{"href":"https:\/\/www.eldiario.net\/portal\/wp-json\/wp\/v2\/posts"}],"about":[{"href":"https:\/\/www.eldiario.net\/portal\/wp-json\/wp\/v2\/types\/post"}],"author":[{"embeddable":true,"href":"https:\/\/www.eldiario.net\/portal\/wp-json\/wp\/v2\/users\/1"}],"replies":[{"embeddable":true,"href":"https:\/\/www.eldiario.net\/portal\/wp-json\/wp\/v2\/comments?post=290961"}],"version-history":[{"count":1,"href":"https:\/\/www.eldiario.net\/portal\/wp-json\/wp\/v2\/posts\/290961\/revisions"}],"predecessor-version":[{"id":290962,"href":"https:\/\/www.eldiario.net\/portal\/wp-json\/wp\/v2\/posts\/290961\/revisions\/290962"}],"wp:featuredmedia":[{"embeddable":true,"href":"https:\/\/www.eldiario.net\/portal\/wp-json\/wp\/v2\/media\/190253"}],"wp:attachment":[{"href":"https:\/\/www.eldiario.net\/portal\/wp-json\/wp\/v2\/media?parent=290961"}],"wp:term":[{"taxonomy":"category","embeddable":true,"href":"https:\/\/www.eldiario.net\/portal\/wp-json\/wp\/v2\/categories?post=290961"},{"taxonomy":"post_tag","embeddable":true,"href":"https:\/\/www.eldiario.net\/portal\/wp-json\/wp\/v2\/tags?post=290961"}],"curies":[{"name":"wp","href":"https:\/\/api.w.org\/{rel}","templated":true}]}}