{"id":290572,"date":"2025-03-24T15:32:59","date_gmt":"2025-03-24T19:32:59","guid":{"rendered":"https:\/\/www.eldiario.net\/portal\/?p=290572"},"modified":"2025-03-24T16:08:59","modified_gmt":"2025-03-24T20:08:59","slug":"israel-creara-agencia-para-gestionar-salida-voluntaria-de-franja-de-gaza","status":"publish","type":"post","link":"https:\/\/www.eldiario.net\/portal\/2025\/03\/24\/israel-creara-agencia-para-gestionar-salida-voluntaria-de-franja-de-gaza\/","title":{"rendered":"Israel crear\u00e1 agencia para gestionar  \u201csalida voluntaria\u201d de Franja de Gaza"},"content":{"rendered":"<p>El Gabinete de Seguridad del Consejo de Ministros israel\u00ed aprob\u00f3 la creaci\u00f3n de una agencia para gestionar la \u00absalida voluntaria\u00bb de la poblaci\u00f3n palestina de la Franja de Gaza hacia otros pa\u00edses que depender\u00e1 del Ministerio de Defensa israel\u00ed.<\/p>\n<p>La nueva agencia coordinar\u00e1 las acciones de otros organismos oficiales, como las Fuerzas Armadas, el Shin Bet &#8211;servicios secretos para el interior de Israel y los territorios ocupados&#8211; o la Polic\u00eda, aunque estar\u00e1 bajo la autoridad del ministro de Defensa, Israel Katz.<\/p>\n<p>Podr\u00e1 adem\u00e1s comunicarse con organizaciones internacionales para \u00abpreparar y facilitar la salida segura y supervisada de la poblaci\u00f3n de Gaza que desee marcharse voluntariamente a terceros pa\u00edses\u00bb, seg\u00fan la propuesta del propio Katz aprobada por el Gobierno y recogida por el diario &#8216;Yedioth Aharonoth&#8217;.<\/p>\n<p>As\u00ed, deber\u00e1 garantizar la salida segura a trav\u00e9s de rutas y se encargar\u00e1 de instalar controles para la poblaci\u00f3n que abandone a pie el enclave a trav\u00e9s de los pasos fronterizos. Despu\u00e9s coordinar\u00e1 la infraestructura y los desplazamientos terrestres, mar\u00edtimos y a\u00e9reos hasta los pa\u00edses de destino.<\/p>\n<p>\u201cEstamos trabajando por todos los medios para poner en marcha la idea del presidente estadounidense (Donald Trump) y permitir que cualquier residente de Gaza que as\u00ed lo desee pueda marcharse voluntariamente a un tercer pa\u00eds\u00bb, ha explicado Katz.<\/p>\n<p>Seg\u00fan estudios israel\u00edes sobre la poblaci\u00f3n gazat\u00ed, aproximadamente la mitad de los m\u00e1s de dos millones de habitantes de la Franja de Gaza quieren marcharse. Adem\u00e1s, un 90 por ciento de la poblaci\u00f3n con estudios universitarios estar\u00eda dispuesta a emigrar si se les da la oportunidad.<\/p>\n<p>La semana pasada el propio Katz dirigi\u00f3 un mensaje a la poblaci\u00f3n de Gaza en el que aseguraba que \u00abla evacuaci\u00f3n de la poblaci\u00f3n comenzar\u00e1 pronto\u00bb y les invitada a \u00abechar a Ham\u00e1s\u00bb.<\/p>\n<p>En respuesta, el Ministerio de Asuntos Exteriores de la Autoridad Palestina ha manifestado su \u00abextrema preocupaci\u00f3n\u00bb por la \u00abcreaci\u00f3n de una administraci\u00f3n militar\u00bb para el desplazamiento de la poblaci\u00f3n gazat\u00ed bajo el pretexto de la \u00abreubicaci\u00f3n voluntaria\u00bb en medio de una ofensiva militar que se ha cobrado ya m\u00e1s de 50.000 v\u00edctimas desde el ataque de las milicias gazat\u00edes contra suelo israel\u00ed del 7 de octubre de 2023.<\/p>\n<p>Trump ha planteado que m\u00e1s de 1,5 millones de palestinos sean trasladados a la fuerza a Egipto y Jordania y ha dicho incluso que Washington podr\u00eda hacerse con el control del enclave, algo rechazado frontalmente por la Autoridad Palestina, Ham\u00e1s y los pa\u00edses de la regi\u00f3n, que han alertado incluso de que esto podr\u00eda suponer una limpieza \u00e9tnica.\/\/Europa press<\/p>\n","protected":false},"excerpt":{"rendered":"<p>El Gabinete de Seguridad del Consejo de Ministros israel\u00ed aprob\u00f3 la creaci\u00f3n de una agencia para gestionar la \u00absalida voluntaria\u00bb de la poblaci\u00f3n palestina de la Franja de Gaza hacia otros pa\u00edses que depender\u00e1 del Ministerio de Defensa israel\u00ed. La nueva agencia coordinar\u00e1 las acciones de otros organismos oficiales, como las Fuerzas Armadas, el Shin [&hellip;]<\/p>\n","protected":false},"author":2,"featured_media":290574,"comment_status":"closed","ping_status":"open","sticky":false,"template":"","format":"standard","meta":{"_acf_changed":false,"footnotes":""},"categories":[3],"tags":[],"class_list":["post-290572","post","type-post","status-publish","format-standard","has-post-thumbnail","category-internacional"],"acf":{"antetitulo":""},"yoast_head":"<!-- This site is optimized with the Yoast SEO plugin v28.4 - https:\/\/yoast.com\/product\/yoast-seo-wordpress\/ -->\n<title>Israel crear\u00e1 agencia para gestionar \u201csalida voluntaria\u201d de Franja de Gaza - El Diario - Bolivia<\/title>\n<meta name=\"robots\" content=\"index, follow, max-snippet:-1, max-image-preview:large, max-video-preview:-1\" \/>\n<link rel=\"canonical\" href=\"https:\/\/www.eldiario.net\/portal\/2025\/03\/24\/israel-creara-agencia-para-gestionar-salida-voluntaria-de-franja-de-gaza\/\" \/>\n<meta property=\"og:locale\" content=\"es_ES\" \/>\n<meta property=\"og:type\" content=\"article\" \/>\n<meta property=\"og:title\" content=\"Israel crear\u00e1 agencia para gestionar \u201csalida voluntaria\u201d de Franja de Gaza - El Diario - Bolivia\" \/>\n<meta property=\"og:description\" content=\"El Gabinete de Seguridad del Consejo de Ministros israel\u00ed aprob\u00f3 la creaci\u00f3n de una agencia para gestionar la \u00absalida voluntaria\u00bb de la poblaci\u00f3n palestina de la Franja de Gaza hacia otros pa\u00edses que depender\u00e1 del Ministerio de Defensa israel\u00ed. La nueva agencia coordinar\u00e1 las acciones de otros organismos oficiales, como las Fuerzas Armadas, el Shin [&hellip;]\" \/>\n<meta property=\"og:url\" content=\"https:\/\/www.eldiario.net\/portal\/2025\/03\/24\/israel-creara-agencia-para-gestionar-salida-voluntaria-de-franja-de-gaza\/\" \/>\n<meta property=\"og:site_name\" content=\"El Diario - Bolivia\" \/>\n<meta property=\"article:publisher\" content=\"https:\/\/www.facebook.com\/eldiario.bolivia\/\" \/>\n<meta property=\"article:published_time\" content=\"2025-03-24T19:32:59+00:00\" \/>\n<meta property=\"article:modified_time\" content=\"2025-03-24T20:08:59+00:00\" \/>\n<meta property=\"og:image\" content=\"https:\/\/www.eldiario.net\/portal\/wp-content\/uploads\/2025\/03\/Foto-Isarael.jpg\" \/>\n\t<meta property=\"og:image:width\" content=\"1200\" \/>\n\t<meta property=\"og:image:height\" content=\"800\" \/>\n\t<meta property=\"og:image:type\" content=\"image\/jpeg\" \/>\n<meta name=\"author\" content=\"luis Camacho\" \/>\n<meta name=\"twitter:card\" content=\"summary_large_image\" \/>\n<meta name=\"twitter:creator\" content=\"@eldiario_net\" \/>\n<meta name=\"twitter:site\" content=\"@eldiario_net\" \/>\n<meta name=\"twitter:label1\" content=\"Escrito por\" \/>\n\t<meta name=\"twitter:data1\" content=\"luis Camacho\" \/>\n\t<meta name=\"twitter:label2\" content=\"Tiempo de lectura\" \/>\n\t<meta name=\"twitter:data2\" content=\"3 minutos\" \/>\n<script type=\"application\/ld+json\" class=\"yoast-schema-graph\">{\"@context\":\"https:\\\/\\\/schema.org\",\"@graph\":[{\"@type\":\"Article\",\"@id\":\"https:\\\/\\\/www.eldiario.net\\\/portal\\\/2025\\\/03\\\/24\\\/israel-creara-agencia-para-gestionar-salida-voluntaria-de-franja-de-gaza\\\/#article\",\"isPartOf\":{\"@id\":\"https:\\\/\\\/www.eldiario.net\\\/portal\\\/2025\\\/03\\\/24\\\/israel-creara-agencia-para-gestionar-salida-voluntaria-de-franja-de-gaza\\\/\"},\"author\":{\"name\":\"luis Camacho\",\"@id\":\"https:\\\/\\\/www.eldiario.net\\\/portal\\\/#\\\/schema\\\/person\\\/cab1ae4db27e5f008a62cbffb05fbfee\"},\"headline\":\"Israel crear\u00e1 agencia para gestionar \u201csalida voluntaria\u201d de Franja de Gaza\",\"datePublished\":\"2025-03-24T19:32:59+00:00\",\"dateModified\":\"2025-03-24T20:08:59+00:00\",\"mainEntityOfPage\":{\"@id\":\"https:\\\/\\\/www.eldiario.net\\\/portal\\\/2025\\\/03\\\/24\\\/israel-creara-agencia-para-gestionar-salida-voluntaria-de-franja-de-gaza\\\/\"},\"wordCount\":464,\"publisher\":{\"@id\":\"https:\\\/\\\/www.eldiario.net\\\/portal\\\/#organization\"},\"image\":{\"@id\":\"https:\\\/\\\/www.eldiario.net\\\/portal\\\/2025\\\/03\\\/24\\\/israel-creara-agencia-para-gestionar-salida-voluntaria-de-franja-de-gaza\\\/#primaryimage\"},\"thumbnailUrl\":\"https:\\\/\\\/www.eldiario.net\\\/portal\\\/wp-content\\\/uploads\\\/2025\\\/03\\\/Foto-Isarael.jpg\",\"articleSection\":[\"Internacional\"],\"inLanguage\":\"es\"},{\"@type\":\"WebPage\",\"@id\":\"https:\\\/\\\/www.eldiario.net\\\/portal\\\/2025\\\/03\\\/24\\\/israel-creara-agencia-para-gestionar-salida-voluntaria-de-franja-de-gaza\\\/\",\"url\":\"https:\\\/\\\/www.eldiario.net\\\/portal\\\/2025\\\/03\\\/24\\\/israel-creara-agencia-para-gestionar-salida-voluntaria-de-franja-de-gaza\\\/\",\"name\":\"Israel crear\u00e1 agencia para gestionar \u201csalida voluntaria\u201d de Franja de Gaza - El Diario - Bolivia\",\"isPartOf\":{\"@id\":\"https:\\\/\\\/www.eldiario.net\\\/portal\\\/#website\"},\"primaryImageOfPage\":{\"@id\":\"https:\\\/\\\/www.eldiario.net\\\/portal\\\/2025\\\/03\\\/24\\\/israel-creara-agencia-para-gestionar-salida-voluntaria-de-franja-de-gaza\\\/#primaryimage\"},\"image\":{\"@id\":\"https:\\\/\\\/www.eldiario.net\\\/portal\\\/2025\\\/03\\\/24\\\/israel-creara-agencia-para-gestionar-salida-voluntaria-de-franja-de-gaza\\\/#primaryimage\"},\"thumbnailUrl\":\"https:\\\/\\\/www.eldiario.net\\\/portal\\\/wp-content\\\/uploads\\\/2025\\\/03\\\/Foto-Isarael.jpg\",\"datePublished\":\"2025-03-24T19:32:59+00:00\",\"dateModified\":\"2025-03-24T20:08:59+00:00\",\"breadcrumb\":{\"@id\":\"https:\\\/\\\/www.eldiario.net\\\/portal\\\/2025\\\/03\\\/24\\\/israel-creara-agencia-para-gestionar-salida-voluntaria-de-franja-de-gaza\\\/#breadcrumb\"},\"inLanguage\":\"es\",\"potentialAction\":[{\"@type\":\"ReadAction\",\"target\":[\"https:\\\/\\\/www.eldiario.net\\\/portal\\\/2025\\\/03\\\/24\\\/israel-creara-agencia-para-gestionar-salida-voluntaria-de-franja-de-gaza\\\/\"]}]},{\"@type\":\"ImageObject\",\"inLanguage\":\"es\",\"@id\":\"https:\\\/\\\/www.eldiario.net\\\/portal\\\/2025\\\/03\\\/24\\\/israel-creara-agencia-para-gestionar-salida-voluntaria-de-franja-de-gaza\\\/#primaryimage\",\"url\":\"https:\\\/\\\/www.eldiario.net\\\/portal\\\/wp-content\\\/uploads\\\/2025\\\/03\\\/Foto-Isarael.jpg\",\"contentUrl\":\"https:\\\/\\\/www.eldiario.net\\\/portal\\\/wp-content\\\/uploads\\\/2025\\\/03\\\/Foto-Isarael.jpg\",\"width\":1200,\"height\":800,\"caption\":\"Buscan preparar y facilitar la salida segura y supervisada de Gaza. Cr\u00e9dito: Agencias\"},{\"@type\":\"BreadcrumbList\",\"@id\":\"https:\\\/\\\/www.eldiario.net\\\/portal\\\/2025\\\/03\\\/24\\\/israel-creara-agencia-para-gestionar-salida-voluntaria-de-franja-de-gaza\\\/#breadcrumb\",\"itemListElement\":[{\"@type\":\"ListItem\",\"position\":1,\"name\":\"Portada\",\"item\":\"https:\\\/\\\/www.eldiario.net\\\/portal\\\/\"},{\"@type\":\"ListItem\",\"position\":2,\"name\":\"Israel crear\u00e1 agencia para gestionar \u201csalida voluntaria\u201d de Franja de Gaza\"}]},{\"@type\":\"WebSite\",\"@id\":\"https:\\\/\\\/www.eldiario.net\\\/portal\\\/#website\",\"url\":\"https:\\\/\\\/www.eldiario.net\\\/portal\\\/\",\"name\":\"El Diario - Decano de la prensa nacional\",\"description\":\"El Diario - Decano de la prensa nacional\",\"publisher\":{\"@id\":\"https:\\\/\\\/www.eldiario.net\\\/portal\\\/#organization\"},\"potentialAction\":[{\"@type\":\"SearchAction\",\"target\":{\"@type\":\"EntryPoint\",\"urlTemplate\":\"https:\\\/\\\/www.eldiario.net\\\/portal\\\/?s={search_term_string}\"},\"query-input\":{\"@type\":\"PropertyValueSpecification\",\"valueRequired\":true,\"valueName\":\"search_term_string\"}}],\"inLanguage\":\"es\"},{\"@type\":\"Organization\",\"@id\":\"https:\\\/\\\/www.eldiario.net\\\/portal\\\/#organization\",\"name\":\"El Diario - Decano de la prensa nacional\",\"url\":\"https:\\\/\\\/www.eldiario.net\\\/portal\\\/\",\"logo\":{\"@type\":\"ImageObject\",\"inLanguage\":\"es\",\"@id\":\"https:\\\/\\\/www.eldiario.net\\\/portal\\\/#\\\/schema\\\/logo\\\/image\\\/\",\"url\":\"https:\\\/\\\/www.eldiario.net\\\/portal\\\/wp-content\\\/uploads\\\/2023\\\/07\\\/logo_ED.jpg\",\"contentUrl\":\"https:\\\/\\\/www.eldiario.net\\\/portal\\\/wp-content\\\/uploads\\\/2023\\\/07\\\/logo_ED.jpg\",\"width\":272,\"height\":52,\"caption\":\"El Diario - Decano de la prensa nacional\"},\"image\":{\"@id\":\"https:\\\/\\\/www.eldiario.net\\\/portal\\\/#\\\/schema\\\/logo\\\/image\\\/\"},\"sameAs\":[\"https:\\\/\\\/www.facebook.com\\\/eldiario.bolivia\\\/\",\"https:\\\/\\\/x.com\\\/eldiario_net\"]},{\"@type\":\"Person\",\"@id\":\"https:\\\/\\\/www.eldiario.net\\\/portal\\\/#\\\/schema\\\/person\\\/cab1ae4db27e5f008a62cbffb05fbfee\",\"name\":\"luis Camacho\",\"image\":{\"@type\":\"ImageObject\",\"inLanguage\":\"es\",\"@id\":\"https:\\\/\\\/secure.gravatar.com\\\/avatar\\\/69ecb836b3826d5a2501bf06ab2a2f2c8ab211cc846758f395df21684cb38313?s=96&d=mm&r=g\",\"url\":\"https:\\\/\\\/secure.gravatar.com\\\/avatar\\\/69ecb836b3826d5a2501bf06ab2a2f2c8ab211cc846758f395df21684cb38313?s=96&d=mm&r=g\",\"contentUrl\":\"https:\\\/\\\/secure.gravatar.com\\\/avatar\\\/69ecb836b3826d5a2501bf06ab2a2f2c8ab211cc846758f395df21684cb38313?s=96&d=mm&r=g\",\"caption\":\"luis Camacho\"},\"url\":\"https:\\\/\\\/www.eldiario.net\\\/portal\\\/author\\\/luis\\\/\"}]}<\/script>\n<!-- \/ Yoast SEO plugin. -->","yoast_head_json":{"title":"Israel crear\u00e1 agencia para gestionar \u201csalida voluntaria\u201d de Franja de Gaza - El Diario - Bolivia","robots":{"index":"index","follow":"follow","max-snippet":"max-snippet:-1","max-image-preview":"max-image-preview:large","max-video-preview":"max-video-preview:-1"},"canonical":"https:\/\/www.eldiario.net\/portal\/2025\/03\/24\/israel-creara-agencia-para-gestionar-salida-voluntaria-de-franja-de-gaza\/","og_locale":"es_ES","og_type":"article","og_title":"Israel crear\u00e1 agencia para gestionar \u201csalida voluntaria\u201d de Franja de Gaza - El Diario - Bolivia","og_description":"El Gabinete de Seguridad del Consejo de Ministros israel\u00ed aprob\u00f3 la creaci\u00f3n de una agencia para gestionar la \u00absalida voluntaria\u00bb de la poblaci\u00f3n palestina de la Franja de Gaza hacia otros pa\u00edses que depender\u00e1 del Ministerio de Defensa israel\u00ed. La nueva agencia coordinar\u00e1 las acciones de otros organismos oficiales, como las Fuerzas Armadas, el Shin [&hellip;]","og_url":"https:\/\/www.eldiario.net\/portal\/2025\/03\/24\/israel-creara-agencia-para-gestionar-salida-voluntaria-de-franja-de-gaza\/","og_site_name":"El Diario - Bolivia","article_publisher":"https:\/\/www.facebook.com\/eldiario.bolivia\/","article_published_time":"2025-03-24T19:32:59+00:00","article_modified_time":"2025-03-24T20:08:59+00:00","og_image":[{"width":1200,"height":800,"url":"https:\/\/www.eldiario.net\/portal\/wp-content\/uploads\/2025\/03\/Foto-Isarael.jpg","type":"image\/jpeg"}],"author":"luis Camacho","twitter_card":"summary_large_image","twitter_creator":"@eldiario_net","twitter_site":"@eldiario_net","twitter_misc":{"Escrito por":"luis Camacho","Tiempo de lectura":"3 minutos"},"schema":{"@context":"https:\/\/schema.org","@graph":[{"@type":"Article","@id":"https:\/\/www.eldiario.net\/portal\/2025\/03\/24\/israel-creara-agencia-para-gestionar-salida-voluntaria-de-franja-de-gaza\/#article","isPartOf":{"@id":"https:\/\/www.eldiario.net\/portal\/2025\/03\/24\/israel-creara-agencia-para-gestionar-salida-voluntaria-de-franja-de-gaza\/"},"author":{"name":"luis Camacho","@id":"https:\/\/www.eldiario.net\/portal\/#\/schema\/person\/cab1ae4db27e5f008a62cbffb05fbfee"},"headline":"Israel crear\u00e1 agencia para gestionar \u201csalida voluntaria\u201d de Franja de Gaza","datePublished":"2025-03-24T19:32:59+00:00","dateModified":"2025-03-24T20:08:59+00:00","mainEntityOfPage":{"@id":"https:\/\/www.eldiario.net\/portal\/2025\/03\/24\/israel-creara-agencia-para-gestionar-salida-voluntaria-de-franja-de-gaza\/"},"wordCount":464,"publisher":{"@id":"https:\/\/www.eldiario.net\/portal\/#organization"},"image":{"@id":"https:\/\/www.eldiario.net\/portal\/2025\/03\/24\/israel-creara-agencia-para-gestionar-salida-voluntaria-de-franja-de-gaza\/#primaryimage"},"thumbnailUrl":"https:\/\/www.eldiario.net\/portal\/wp-content\/uploads\/2025\/03\/Foto-Isarael.jpg","articleSection":["Internacional"],"inLanguage":"es"},{"@type":"WebPage","@id":"https:\/\/www.eldiario.net\/portal\/2025\/03\/24\/israel-creara-agencia-para-gestionar-salida-voluntaria-de-franja-de-gaza\/","url":"https:\/\/www.eldiario.net\/portal\/2025\/03\/24\/israel-creara-agencia-para-gestionar-salida-voluntaria-de-franja-de-gaza\/","name":"Israel crear\u00e1 agencia para gestionar \u201csalida voluntaria\u201d de Franja de Gaza - El Diario - Bolivia","isPartOf":{"@id":"https:\/\/www.eldiario.net\/portal\/#website"},"primaryImageOfPage":{"@id":"https:\/\/www.eldiario.net\/portal\/2025\/03\/24\/israel-creara-agencia-para-gestionar-salida-voluntaria-de-franja-de-gaza\/#primaryimage"},"image":{"@id":"https:\/\/www.eldiario.net\/portal\/2025\/03\/24\/israel-creara-agencia-para-gestionar-salida-voluntaria-de-franja-de-gaza\/#primaryimage"},"thumbnailUrl":"https:\/\/www.eldiario.net\/portal\/wp-content\/uploads\/2025\/03\/Foto-Isarael.jpg","datePublished":"2025-03-24T19:32:59+00:00","dateModified":"2025-03-24T20:08:59+00:00","breadcrumb":{"@id":"https:\/\/www.eldiario.net\/portal\/2025\/03\/24\/israel-creara-agencia-para-gestionar-salida-voluntaria-de-franja-de-gaza\/#breadcrumb"},"inLanguage":"es","potentialAction":[{"@type":"ReadAction","target":["https:\/\/www.eldiario.net\/portal\/2025\/03\/24\/israel-creara-agencia-para-gestionar-salida-voluntaria-de-franja-de-gaza\/"]}]},{"@type":"ImageObject","inLanguage":"es","@id":"https:\/\/www.eldiario.net\/portal\/2025\/03\/24\/israel-creara-agencia-para-gestionar-salida-voluntaria-de-franja-de-gaza\/#primaryimage","url":"https:\/\/www.eldiario.net\/portal\/wp-content\/uploads\/2025\/03\/Foto-Isarael.jpg","contentUrl":"https:\/\/www.eldiario.net\/portal\/wp-content\/uploads\/2025\/03\/Foto-Isarael.jpg","width":1200,"height":800,"caption":"Buscan preparar y facilitar la salida segura y supervisada de Gaza. Cr\u00e9dito: Agencias"},{"@type":"BreadcrumbList","@id":"https:\/\/www.eldiario.net\/portal\/2025\/03\/24\/israel-creara-agencia-para-gestionar-salida-voluntaria-de-franja-de-gaza\/#breadcrumb","itemListElement":[{"@type":"ListItem","position":1,"name":"Portada","item":"https:\/\/www.eldiario.net\/portal\/"},{"@type":"ListItem","position":2,"name":"Israel crear\u00e1 agencia para gestionar \u201csalida voluntaria\u201d de Franja de Gaza"}]},{"@type":"WebSite","@id":"https:\/\/www.eldiario.net\/portal\/#website","url":"https:\/\/www.eldiario.net\/portal\/","name":"El Diario - Decano de la prensa nacional","description":"El Diario - Decano de la prensa nacional","publisher":{"@id":"https:\/\/www.eldiario.net\/portal\/#organization"},"potentialAction":[{"@type":"SearchAction","target":{"@type":"EntryPoint","urlTemplate":"https:\/\/www.eldiario.net\/portal\/?s={search_term_string}"},"query-input":{"@type":"PropertyValueSpecification","valueRequired":true,"valueName":"search_term_string"}}],"inLanguage":"es"},{"@type":"Organization","@id":"https:\/\/www.eldiario.net\/portal\/#organization","name":"El Diario - Decano de la prensa nacional","url":"https:\/\/www.eldiario.net\/portal\/","logo":{"@type":"ImageObject","inLanguage":"es","@id":"https:\/\/www.eldiario.net\/portal\/#\/schema\/logo\/image\/","url":"https:\/\/www.eldiario.net\/portal\/wp-content\/uploads\/2023\/07\/logo_ED.jpg","contentUrl":"https:\/\/www.eldiario.net\/portal\/wp-content\/uploads\/2023\/07\/logo_ED.jpg","width":272,"height":52,"caption":"El Diario - Decano de la prensa nacional"},"image":{"@id":"https:\/\/www.eldiario.net\/portal\/#\/schema\/logo\/image\/"},"sameAs":["https:\/\/www.facebook.com\/eldiario.bolivia\/","https:\/\/x.com\/eldiario_net"]},{"@type":"Person","@id":"https:\/\/www.eldiario.net\/portal\/#\/schema\/person\/cab1ae4db27e5f008a62cbffb05fbfee","name":"luis Camacho","image":{"@type":"ImageObject","inLanguage":"es","@id":"https:\/\/secure.gravatar.com\/avatar\/69ecb836b3826d5a2501bf06ab2a2f2c8ab211cc846758f395df21684cb38313?s=96&d=mm&r=g","url":"https:\/\/secure.gravatar.com\/avatar\/69ecb836b3826d5a2501bf06ab2a2f2c8ab211cc846758f395df21684cb38313?s=96&d=mm&r=g","contentUrl":"https:\/\/secure.gravatar.com\/avatar\/69ecb836b3826d5a2501bf06ab2a2f2c8ab211cc846758f395df21684cb38313?s=96&d=mm&r=g","caption":"luis Camacho"},"url":"https:\/\/www.eldiario.net\/portal\/author\/luis\/"}]}},"_links":{"self":[{"href":"https:\/\/www.eldiario.net\/portal\/wp-json\/wp\/v2\/posts\/290572","targetHints":{"allow":["GET"]}}],"collection":[{"href":"https:\/\/www.eldiario.net\/portal\/wp-json\/wp\/v2\/posts"}],"about":[{"href":"https:\/\/www.eldiario.net\/portal\/wp-json\/wp\/v2\/types\/post"}],"author":[{"embeddable":true,"href":"https:\/\/www.eldiario.net\/portal\/wp-json\/wp\/v2\/users\/2"}],"replies":[{"embeddable":true,"href":"https:\/\/www.eldiario.net\/portal\/wp-json\/wp\/v2\/comments?post=290572"}],"version-history":[{"count":1,"href":"https:\/\/www.eldiario.net\/portal\/wp-json\/wp\/v2\/posts\/290572\/revisions"}],"predecessor-version":[{"id":290576,"href":"https:\/\/www.eldiario.net\/portal\/wp-json\/wp\/v2\/posts\/290572\/revisions\/290576"}],"wp:featuredmedia":[{"embeddable":true,"href":"https:\/\/www.eldiario.net\/portal\/wp-json\/wp\/v2\/media\/290574"}],"wp:attachment":[{"href":"https:\/\/www.eldiario.net\/portal\/wp-json\/wp\/v2\/media?parent=290572"}],"wp:term":[{"taxonomy":"category","embeddable":true,"href":"https:\/\/www.eldiario.net\/portal\/wp-json\/wp\/v2\/categories?post=290572"},{"taxonomy":"post_tag","embeddable":true,"href":"https:\/\/www.eldiario.net\/portal\/wp-json\/wp\/v2\/tags?post=290572"}],"curies":[{"name":"wp","href":"https:\/\/api.w.org\/{rel}","templated":true}]}}