{"id":290569,"date":"2025-03-24T15:28:06","date_gmt":"2025-03-24T19:28:06","guid":{"rendered":"https:\/\/www.eldiario.net\/portal\/?p=290569"},"modified":"2025-03-24T15:28:06","modified_gmt":"2025-03-24T19:28:06","slug":"piscina-semiolimpica-cuenta-con-certificacion-nacional-e-internacional","status":"publish","type":"post","link":"https:\/\/www.eldiario.net\/portal\/2025\/03\/24\/piscina-semiolimpica-cuenta-con-certificacion-nacional-e-internacional\/","title":{"rendered":"Piscina semiol\u00edmpica cuenta con certificaci\u00f3n nacional e internacional"},"content":{"rendered":"<p>La Federaci\u00f3n Boliviana de Deportes Acu\u00e1ticos (Feboda) otorg\u00f3 la certificaci\u00f3n para competencias nacionales e internacionales a la piscina semiol\u00edmpica ubicada en el Distrito 1 de la ciudad de El Alto, inform\u00f3 el secretario Municipal de Desarrollo Humano Social Integral, Herlan Cabrera.<\/p>\n<p>\u201cAdecuamos los ambientes de la piscina semiol\u00edmpica y recibimos antes visitas de la Federaci\u00f3n Boliviana de Deportes Acu\u00e1ticos, ahora ya nos est\u00e1n dando la certificaci\u00f3n para realizar competencia departamentales, nacionales e internacionales\u201d, ratific\u00f3 el funcionario edil.<\/p>\n<p>La piscina semiol\u00edmpica est\u00e1 ubicada en el Distrito 1 de la ciudad de El Alto, en la zona Santa Rosa en plena\u00a0 avenida C\u00edvica. El escenario deportivo cuenta con las dimensiones oficiales para citas internacionales.<\/p>\n<p>Esta infraestructura se suma al estadio de f\u00fatbol el Tit\u00e1n que en 2024 logr\u00f3 la homologaci\u00f3n para ser sede de partidos internacionales de la Confederaci\u00f3n Sudamericana de F\u00fatbol, donde actualmente juega la selecci\u00f3n las Eliminatorias al Mundial 2026.<\/p>\n<p>Por su lado, la representante de la Feboda, Lidia Oblitas, corrobor\u00f3 la certificaci\u00f3n. \u201cLa piscina cumple con todas las condiciones y nos enorgullece que El Alto est\u00e9 presentando una piscina en buenas condiciones y con todas las medidas de seguridad\u201d, detall\u00f3.<\/p>\n","protected":false},"excerpt":{"rendered":"<p>La Federaci\u00f3n Boliviana de Deportes Acu\u00e1ticos (Feboda) otorg\u00f3 la certificaci\u00f3n para competencias nacionales e internacionales a la piscina semiol\u00edmpica ubicada en el Distrito 1 de la ciudad de El Alto, inform\u00f3 el secretario Municipal de Desarrollo Humano Social Integral, Herlan Cabrera. \u201cAdecuamos los ambientes de la piscina semiol\u00edmpica y recibimos antes visitas de la Federaci\u00f3n [&hellip;]<\/p>\n","protected":false},"author":2,"featured_media":290568,"comment_status":"closed","ping_status":"open","sticky":false,"template":"","format":"standard","meta":{"_acf_changed":false,"footnotes":""},"categories":[12],"tags":[],"class_list":["post-290569","post","type-post","status-publish","format-standard","has-post-thumbnail","category-nacional"],"acf":{"antetitulo":"En El Alto"},"yoast_head":"<!-- This site is optimized with the Yoast SEO plugin v28.4 - https:\/\/yoast.com\/product\/yoast-seo-wordpress\/ -->\n<title>Piscina semiol\u00edmpica cuenta con certificaci\u00f3n nacional e internacional - El Diario - Bolivia<\/title>\n<meta name=\"robots\" content=\"index, follow, max-snippet:-1, max-image-preview:large, max-video-preview:-1\" \/>\n<link rel=\"canonical\" href=\"https:\/\/www.eldiario.net\/portal\/2025\/03\/24\/piscina-semiolimpica-cuenta-con-certificacion-nacional-e-internacional\/\" \/>\n<meta property=\"og:locale\" content=\"es_ES\" \/>\n<meta property=\"og:type\" content=\"article\" \/>\n<meta property=\"og:title\" content=\"Piscina semiol\u00edmpica cuenta con certificaci\u00f3n nacional e internacional - El Diario - Bolivia\" \/>\n<meta property=\"og:description\" content=\"La Federaci\u00f3n Boliviana de Deportes Acu\u00e1ticos (Feboda) otorg\u00f3 la certificaci\u00f3n para competencias nacionales e internacionales a la piscina semiol\u00edmpica ubicada en el Distrito 1 de la ciudad de El Alto, inform\u00f3 el secretario Municipal de Desarrollo Humano Social Integral, Herlan Cabrera. \u201cAdecuamos los ambientes de la piscina semiol\u00edmpica y recibimos antes visitas de la Federaci\u00f3n [&hellip;]\" \/>\n<meta property=\"og:url\" content=\"https:\/\/www.eldiario.net\/portal\/2025\/03\/24\/piscina-semiolimpica-cuenta-con-certificacion-nacional-e-internacional\/\" \/>\n<meta property=\"og:site_name\" content=\"El Diario - Bolivia\" \/>\n<meta property=\"article:publisher\" content=\"https:\/\/www.facebook.com\/eldiario.bolivia\/\" \/>\n<meta property=\"article:published_time\" content=\"2025-03-24T19:28:06+00:00\" \/>\n<meta property=\"og:image\" content=\"https:\/\/www.eldiario.net\/portal\/wp-content\/uploads\/2025\/03\/FOTO-piscina.jpg\" \/>\n\t<meta property=\"og:image:width\" content=\"1600\" \/>\n\t<meta property=\"og:image:height\" content=\"1200\" \/>\n\t<meta property=\"og:image:type\" content=\"image\/jpeg\" \/>\n<meta name=\"author\" content=\"luis Camacho\" \/>\n<meta name=\"twitter:card\" content=\"summary_large_image\" \/>\n<meta name=\"twitter:creator\" content=\"@eldiario_net\" \/>\n<meta name=\"twitter:site\" content=\"@eldiario_net\" \/>\n<meta name=\"twitter:label1\" content=\"Escrito por\" \/>\n\t<meta name=\"twitter:data1\" content=\"luis Camacho\" \/>\n\t<meta name=\"twitter:label2\" content=\"Tiempo de lectura\" \/>\n\t<meta name=\"twitter:data2\" content=\"2 minutos\" \/>\n<script type=\"application\/ld+json\" class=\"yoast-schema-graph\">{\"@context\":\"https:\\\/\\\/schema.org\",\"@graph\":[{\"@type\":\"Article\",\"@id\":\"https:\\\/\\\/www.eldiario.net\\\/portal\\\/2025\\\/03\\\/24\\\/piscina-semiolimpica-cuenta-con-certificacion-nacional-e-internacional\\\/#article\",\"isPartOf\":{\"@id\":\"https:\\\/\\\/www.eldiario.net\\\/portal\\\/2025\\\/03\\\/24\\\/piscina-semiolimpica-cuenta-con-certificacion-nacional-e-internacional\\\/\"},\"author\":{\"name\":\"luis Camacho\",\"@id\":\"https:\\\/\\\/www.eldiario.net\\\/portal\\\/#\\\/schema\\\/person\\\/c1a5d38e458b10c8ebd62f4189b82bbc\"},\"headline\":\"Piscina semiol\u00edmpica cuenta con certificaci\u00f3n nacional e internacional\",\"datePublished\":\"2025-03-24T19:28:06+00:00\",\"mainEntityOfPage\":{\"@id\":\"https:\\\/\\\/www.eldiario.net\\\/portal\\\/2025\\\/03\\\/24\\\/piscina-semiolimpica-cuenta-con-certificacion-nacional-e-internacional\\\/\"},\"wordCount\":215,\"publisher\":{\"@id\":\"https:\\\/\\\/www.eldiario.net\\\/portal\\\/#organization\"},\"image\":{\"@id\":\"https:\\\/\\\/www.eldiario.net\\\/portal\\\/2025\\\/03\\\/24\\\/piscina-semiolimpica-cuenta-con-certificacion-nacional-e-internacional\\\/#primaryimage\"},\"thumbnailUrl\":\"https:\\\/\\\/www.eldiario.net\\\/portal\\\/wp-content\\\/uploads\\\/2025\\\/03\\\/FOTO-piscina.jpg\",\"articleSection\":[\"Nacional\"],\"inLanguage\":\"es\"},{\"@type\":\"WebPage\",\"@id\":\"https:\\\/\\\/www.eldiario.net\\\/portal\\\/2025\\\/03\\\/24\\\/piscina-semiolimpica-cuenta-con-certificacion-nacional-e-internacional\\\/\",\"url\":\"https:\\\/\\\/www.eldiario.net\\\/portal\\\/2025\\\/03\\\/24\\\/piscina-semiolimpica-cuenta-con-certificacion-nacional-e-internacional\\\/\",\"name\":\"Piscina semiol\u00edmpica cuenta con certificaci\u00f3n nacional e internacional - El Diario - Bolivia\",\"isPartOf\":{\"@id\":\"https:\\\/\\\/www.eldiario.net\\\/portal\\\/#website\"},\"primaryImageOfPage\":{\"@id\":\"https:\\\/\\\/www.eldiario.net\\\/portal\\\/2025\\\/03\\\/24\\\/piscina-semiolimpica-cuenta-con-certificacion-nacional-e-internacional\\\/#primaryimage\"},\"image\":{\"@id\":\"https:\\\/\\\/www.eldiario.net\\\/portal\\\/2025\\\/03\\\/24\\\/piscina-semiolimpica-cuenta-con-certificacion-nacional-e-internacional\\\/#primaryimage\"},\"thumbnailUrl\":\"https:\\\/\\\/www.eldiario.net\\\/portal\\\/wp-content\\\/uploads\\\/2025\\\/03\\\/FOTO-piscina.jpg\",\"datePublished\":\"2025-03-24T19:28:06+00:00\",\"breadcrumb\":{\"@id\":\"https:\\\/\\\/www.eldiario.net\\\/portal\\\/2025\\\/03\\\/24\\\/piscina-semiolimpica-cuenta-con-certificacion-nacional-e-internacional\\\/#breadcrumb\"},\"inLanguage\":\"es\",\"potentialAction\":[{\"@type\":\"ReadAction\",\"target\":[\"https:\\\/\\\/www.eldiario.net\\\/portal\\\/2025\\\/03\\\/24\\\/piscina-semiolimpica-cuenta-con-certificacion-nacional-e-internacional\\\/\"]}]},{\"@type\":\"ImageObject\",\"inLanguage\":\"es\",\"@id\":\"https:\\\/\\\/www.eldiario.net\\\/portal\\\/2025\\\/03\\\/24\\\/piscina-semiolimpica-cuenta-con-certificacion-nacional-e-internacional\\\/#primaryimage\",\"url\":\"https:\\\/\\\/www.eldiario.net\\\/portal\\\/wp-content\\\/uploads\\\/2025\\\/03\\\/FOTO-piscina.jpg\",\"contentUrl\":\"https:\\\/\\\/www.eldiario.net\\\/portal\\\/wp-content\\\/uploads\\\/2025\\\/03\\\/FOTO-piscina.jpg\",\"width\":1600,\"height\":1200,\"caption\":\"La piscina se encuentra en el Distrito 1 de El Alto. Cr\u00e9dito: Gamea\"},{\"@type\":\"BreadcrumbList\",\"@id\":\"https:\\\/\\\/www.eldiario.net\\\/portal\\\/2025\\\/03\\\/24\\\/piscina-semiolimpica-cuenta-con-certificacion-nacional-e-internacional\\\/#breadcrumb\",\"itemListElement\":[{\"@type\":\"ListItem\",\"position\":1,\"name\":\"Portada\",\"item\":\"https:\\\/\\\/www.eldiario.net\\\/portal\\\/\"},{\"@type\":\"ListItem\",\"position\":2,\"name\":\"Piscina semiol\u00edmpica cuenta con certificaci\u00f3n nacional e internacional\"}]},{\"@type\":\"WebSite\",\"@id\":\"https:\\\/\\\/www.eldiario.net\\\/portal\\\/#website\",\"url\":\"https:\\\/\\\/www.eldiario.net\\\/portal\\\/\",\"name\":\"El Diario - Decano de la prensa nacional\",\"description\":\"El Diario - Decano de la prensa nacional\",\"publisher\":{\"@id\":\"https:\\\/\\\/www.eldiario.net\\\/portal\\\/#organization\"},\"potentialAction\":[{\"@type\":\"SearchAction\",\"target\":{\"@type\":\"EntryPoint\",\"urlTemplate\":\"https:\\\/\\\/www.eldiario.net\\\/portal\\\/?s={search_term_string}\"},\"query-input\":{\"@type\":\"PropertyValueSpecification\",\"valueRequired\":true,\"valueName\":\"search_term_string\"}}],\"inLanguage\":\"es\"},{\"@type\":\"Organization\",\"@id\":\"https:\\\/\\\/www.eldiario.net\\\/portal\\\/#organization\",\"name\":\"El Diario - Decano de la prensa nacional\",\"url\":\"https:\\\/\\\/www.eldiario.net\\\/portal\\\/\",\"logo\":{\"@type\":\"ImageObject\",\"inLanguage\":\"es\",\"@id\":\"https:\\\/\\\/www.eldiario.net\\\/portal\\\/#\\\/schema\\\/logo\\\/image\\\/\",\"url\":\"https:\\\/\\\/www.eldiario.net\\\/portal\\\/wp-content\\\/uploads\\\/2023\\\/07\\\/logo_ED.jpg\",\"contentUrl\":\"https:\\\/\\\/www.eldiario.net\\\/portal\\\/wp-content\\\/uploads\\\/2023\\\/07\\\/logo_ED.jpg\",\"width\":272,\"height\":52,\"caption\":\"El Diario - Decano de la prensa nacional\"},\"image\":{\"@id\":\"https:\\\/\\\/www.eldiario.net\\\/portal\\\/#\\\/schema\\\/logo\\\/image\\\/\"},\"sameAs\":[\"https:\\\/\\\/www.facebook.com\\\/eldiario.bolivia\\\/\",\"https:\\\/\\\/x.com\\\/eldiario_net\"]},{\"@type\":\"Person\",\"@id\":\"https:\\\/\\\/www.eldiario.net\\\/portal\\\/#\\\/schema\\\/person\\\/c1a5d38e458b10c8ebd62f4189b82bbc\",\"name\":\"luis Camacho\",\"image\":{\"@type\":\"ImageObject\",\"inLanguage\":\"es\",\"@id\":\"https:\\\/\\\/secure.gravatar.com\\\/avatar\\\/69ecb836b3826d5a2501bf06ab2a2f2c8ab211cc846758f395df21684cb38313?s=96&d=mm&r=g\",\"url\":\"https:\\\/\\\/secure.gravatar.com\\\/avatar\\\/69ecb836b3826d5a2501bf06ab2a2f2c8ab211cc846758f395df21684cb38313?s=96&d=mm&r=g\",\"contentUrl\":\"https:\\\/\\\/secure.gravatar.com\\\/avatar\\\/69ecb836b3826d5a2501bf06ab2a2f2c8ab211cc846758f395df21684cb38313?s=96&d=mm&r=g\",\"caption\":\"luis Camacho\"},\"url\":\"https:\\\/\\\/www.eldiario.net\\\/portal\\\/author\\\/luis\\\/\"}]}<\/script>\n<!-- \/ Yoast SEO plugin. -->","yoast_head_json":{"title":"Piscina semiol\u00edmpica cuenta con certificaci\u00f3n nacional e internacional - El Diario - Bolivia","robots":{"index":"index","follow":"follow","max-snippet":"max-snippet:-1","max-image-preview":"max-image-preview:large","max-video-preview":"max-video-preview:-1"},"canonical":"https:\/\/www.eldiario.net\/portal\/2025\/03\/24\/piscina-semiolimpica-cuenta-con-certificacion-nacional-e-internacional\/","og_locale":"es_ES","og_type":"article","og_title":"Piscina semiol\u00edmpica cuenta con certificaci\u00f3n nacional e internacional - El Diario - Bolivia","og_description":"La Federaci\u00f3n Boliviana de Deportes Acu\u00e1ticos (Feboda) otorg\u00f3 la certificaci\u00f3n para competencias nacionales e internacionales a la piscina semiol\u00edmpica ubicada en el Distrito 1 de la ciudad de El Alto, inform\u00f3 el secretario Municipal de Desarrollo Humano Social Integral, Herlan Cabrera. \u201cAdecuamos los ambientes de la piscina semiol\u00edmpica y recibimos antes visitas de la Federaci\u00f3n [&hellip;]","og_url":"https:\/\/www.eldiario.net\/portal\/2025\/03\/24\/piscina-semiolimpica-cuenta-con-certificacion-nacional-e-internacional\/","og_site_name":"El Diario - Bolivia","article_publisher":"https:\/\/www.facebook.com\/eldiario.bolivia\/","article_published_time":"2025-03-24T19:28:06+00:00","og_image":[{"width":1600,"height":1200,"url":"https:\/\/www.eldiario.net\/portal\/wp-content\/uploads\/2025\/03\/FOTO-piscina.jpg","type":"image\/jpeg"}],"author":"luis Camacho","twitter_card":"summary_large_image","twitter_creator":"@eldiario_net","twitter_site":"@eldiario_net","twitter_misc":{"Escrito por":"luis Camacho","Tiempo de lectura":"2 minutos"},"schema":{"@context":"https:\/\/schema.org","@graph":[{"@type":"Article","@id":"https:\/\/www.eldiario.net\/portal\/2025\/03\/24\/piscina-semiolimpica-cuenta-con-certificacion-nacional-e-internacional\/#article","isPartOf":{"@id":"https:\/\/www.eldiario.net\/portal\/2025\/03\/24\/piscina-semiolimpica-cuenta-con-certificacion-nacional-e-internacional\/"},"author":{"name":"luis Camacho","@id":"https:\/\/www.eldiario.net\/portal\/#\/schema\/person\/c1a5d38e458b10c8ebd62f4189b82bbc"},"headline":"Piscina semiol\u00edmpica cuenta con certificaci\u00f3n nacional e internacional","datePublished":"2025-03-24T19:28:06+00:00","mainEntityOfPage":{"@id":"https:\/\/www.eldiario.net\/portal\/2025\/03\/24\/piscina-semiolimpica-cuenta-con-certificacion-nacional-e-internacional\/"},"wordCount":215,"publisher":{"@id":"https:\/\/www.eldiario.net\/portal\/#organization"},"image":{"@id":"https:\/\/www.eldiario.net\/portal\/2025\/03\/24\/piscina-semiolimpica-cuenta-con-certificacion-nacional-e-internacional\/#primaryimage"},"thumbnailUrl":"https:\/\/www.eldiario.net\/portal\/wp-content\/uploads\/2025\/03\/FOTO-piscina.jpg","articleSection":["Nacional"],"inLanguage":"es"},{"@type":"WebPage","@id":"https:\/\/www.eldiario.net\/portal\/2025\/03\/24\/piscina-semiolimpica-cuenta-con-certificacion-nacional-e-internacional\/","url":"https:\/\/www.eldiario.net\/portal\/2025\/03\/24\/piscina-semiolimpica-cuenta-con-certificacion-nacional-e-internacional\/","name":"Piscina semiol\u00edmpica cuenta con certificaci\u00f3n nacional e internacional - El Diario - Bolivia","isPartOf":{"@id":"https:\/\/www.eldiario.net\/portal\/#website"},"primaryImageOfPage":{"@id":"https:\/\/www.eldiario.net\/portal\/2025\/03\/24\/piscina-semiolimpica-cuenta-con-certificacion-nacional-e-internacional\/#primaryimage"},"image":{"@id":"https:\/\/www.eldiario.net\/portal\/2025\/03\/24\/piscina-semiolimpica-cuenta-con-certificacion-nacional-e-internacional\/#primaryimage"},"thumbnailUrl":"https:\/\/www.eldiario.net\/portal\/wp-content\/uploads\/2025\/03\/FOTO-piscina.jpg","datePublished":"2025-03-24T19:28:06+00:00","breadcrumb":{"@id":"https:\/\/www.eldiario.net\/portal\/2025\/03\/24\/piscina-semiolimpica-cuenta-con-certificacion-nacional-e-internacional\/#breadcrumb"},"inLanguage":"es","potentialAction":[{"@type":"ReadAction","target":["https:\/\/www.eldiario.net\/portal\/2025\/03\/24\/piscina-semiolimpica-cuenta-con-certificacion-nacional-e-internacional\/"]}]},{"@type":"ImageObject","inLanguage":"es","@id":"https:\/\/www.eldiario.net\/portal\/2025\/03\/24\/piscina-semiolimpica-cuenta-con-certificacion-nacional-e-internacional\/#primaryimage","url":"https:\/\/www.eldiario.net\/portal\/wp-content\/uploads\/2025\/03\/FOTO-piscina.jpg","contentUrl":"https:\/\/www.eldiario.net\/portal\/wp-content\/uploads\/2025\/03\/FOTO-piscina.jpg","width":1600,"height":1200,"caption":"La piscina se encuentra en el Distrito 1 de El Alto. Cr\u00e9dito: Gamea"},{"@type":"BreadcrumbList","@id":"https:\/\/www.eldiario.net\/portal\/2025\/03\/24\/piscina-semiolimpica-cuenta-con-certificacion-nacional-e-internacional\/#breadcrumb","itemListElement":[{"@type":"ListItem","position":1,"name":"Portada","item":"https:\/\/www.eldiario.net\/portal\/"},{"@type":"ListItem","position":2,"name":"Piscina semiol\u00edmpica cuenta con certificaci\u00f3n nacional e internacional"}]},{"@type":"WebSite","@id":"https:\/\/www.eldiario.net\/portal\/#website","url":"https:\/\/www.eldiario.net\/portal\/","name":"El Diario - Decano de la prensa nacional","description":"El Diario - Decano de la prensa nacional","publisher":{"@id":"https:\/\/www.eldiario.net\/portal\/#organization"},"potentialAction":[{"@type":"SearchAction","target":{"@type":"EntryPoint","urlTemplate":"https:\/\/www.eldiario.net\/portal\/?s={search_term_string}"},"query-input":{"@type":"PropertyValueSpecification","valueRequired":true,"valueName":"search_term_string"}}],"inLanguage":"es"},{"@type":"Organization","@id":"https:\/\/www.eldiario.net\/portal\/#organization","name":"El Diario - Decano de la prensa nacional","url":"https:\/\/www.eldiario.net\/portal\/","logo":{"@type":"ImageObject","inLanguage":"es","@id":"https:\/\/www.eldiario.net\/portal\/#\/schema\/logo\/image\/","url":"https:\/\/www.eldiario.net\/portal\/wp-content\/uploads\/2023\/07\/logo_ED.jpg","contentUrl":"https:\/\/www.eldiario.net\/portal\/wp-content\/uploads\/2023\/07\/logo_ED.jpg","width":272,"height":52,"caption":"El Diario - Decano de la prensa nacional"},"image":{"@id":"https:\/\/www.eldiario.net\/portal\/#\/schema\/logo\/image\/"},"sameAs":["https:\/\/www.facebook.com\/eldiario.bolivia\/","https:\/\/x.com\/eldiario_net"]},{"@type":"Person","@id":"https:\/\/www.eldiario.net\/portal\/#\/schema\/person\/c1a5d38e458b10c8ebd62f4189b82bbc","name":"luis Camacho","image":{"@type":"ImageObject","inLanguage":"es","@id":"https:\/\/secure.gravatar.com\/avatar\/69ecb836b3826d5a2501bf06ab2a2f2c8ab211cc846758f395df21684cb38313?s=96&d=mm&r=g","url":"https:\/\/secure.gravatar.com\/avatar\/69ecb836b3826d5a2501bf06ab2a2f2c8ab211cc846758f395df21684cb38313?s=96&d=mm&r=g","contentUrl":"https:\/\/secure.gravatar.com\/avatar\/69ecb836b3826d5a2501bf06ab2a2f2c8ab211cc846758f395df21684cb38313?s=96&d=mm&r=g","caption":"luis Camacho"},"url":"https:\/\/www.eldiario.net\/portal\/author\/luis\/"}]}},"_links":{"self":[{"href":"https:\/\/www.eldiario.net\/portal\/wp-json\/wp\/v2\/posts\/290569","targetHints":{"allow":["GET"]}}],"collection":[{"href":"https:\/\/www.eldiario.net\/portal\/wp-json\/wp\/v2\/posts"}],"about":[{"href":"https:\/\/www.eldiario.net\/portal\/wp-json\/wp\/v2\/types\/post"}],"author":[{"embeddable":true,"href":"https:\/\/www.eldiario.net\/portal\/wp-json\/wp\/v2\/users\/2"}],"replies":[{"embeddable":true,"href":"https:\/\/www.eldiario.net\/portal\/wp-json\/wp\/v2\/comments?post=290569"}],"version-history":[{"count":1,"href":"https:\/\/www.eldiario.net\/portal\/wp-json\/wp\/v2\/posts\/290569\/revisions"}],"predecessor-version":[{"id":290570,"href":"https:\/\/www.eldiario.net\/portal\/wp-json\/wp\/v2\/posts\/290569\/revisions\/290570"}],"wp:featuredmedia":[{"embeddable":true,"href":"https:\/\/www.eldiario.net\/portal\/wp-json\/wp\/v2\/media\/290568"}],"wp:attachment":[{"href":"https:\/\/www.eldiario.net\/portal\/wp-json\/wp\/v2\/media?parent=290569"}],"wp:term":[{"taxonomy":"category","embeddable":true,"href":"https:\/\/www.eldiario.net\/portal\/wp-json\/wp\/v2\/categories?post=290569"},{"taxonomy":"post_tag","embeddable":true,"href":"https:\/\/www.eldiario.net\/portal\/wp-json\/wp\/v2\/tags?post=290569"}],"curies":[{"name":"wp","href":"https:\/\/api.w.org\/{rel}","templated":true}]}}