{"id":290534,"date":"2025-03-24T08:35:42","date_gmt":"2025-03-24T12:35:42","guid":{"rendered":"https:\/\/www.eldiario.net\/portal\/?p=290534"},"modified":"2025-03-24T08:35:42","modified_gmt":"2025-03-24T12:35:42","slug":"bloqueo-en-kara-kara-agrava-la-crisis-de-basura-en-cochabamba-833","status":"publish","type":"post","link":"https:\/\/www.eldiario.net\/portal\/2025\/03\/24\/bloqueo-en-kara-kara-agrava-la-crisis-de-basura-en-cochabamba-833\/","title":{"rendered":"Bloqueo en K\u2019ara K\u2019ara agrava la crisis de basura en Cochabamba. (8:33)"},"content":{"rendered":"<p>Vecinos de la zona sur de la ciudad de Cochabamba cumplen tres d\u00edas de bloqueo en el ingreso al botadero de K\u2019ara K\u2019ara, exigiendo su cierre definitivo. La medida ha impedido la circulaci\u00f3n de los carros recolectores, generando una acumulaci\u00f3n de m\u00e1s de 1.400 toneladas de desechos en distintos puntos de la ciudad, afectando especialmente las zonas de mercados.<\/p>\n<p>Desde la Alcald\u00eda informaron que una empresa ya fue adjudicada para el cierre t\u00e9cnico del botadero y la industrializaci\u00f3n de residuos, pero el proceso tomar\u00e1 algunas semanas. Pese a la solicitud de continuar usando K\u2019ara K\u2019ara hasta entonces, los manifestantes se mantienen firmes en su posici\u00f3n, mientras se espera una posible negociaci\u00f3n con las autoridades.<\/p>\n","protected":false},"excerpt":{"rendered":"<p>Vecinos de la zona sur de la ciudad de Cochabamba cumplen tres d\u00edas de bloqueo en el ingreso al botadero de K\u2019ara K\u2019ara, exigiendo su cierre definitivo. La medida ha impedido la circulaci\u00f3n de los carros recolectores, generando una acumulaci\u00f3n de m\u00e1s de 1.400 toneladas de desechos en distintos puntos de la ciudad, afectando especialmente [&hellip;]<\/p>\n","protected":false},"author":7,"featured_media":290535,"comment_status":"closed","ping_status":"open","sticky":false,"template":"","format":"standard","meta":{"_acf_changed":false,"footnotes":""},"categories":[51],"tags":[],"class_list":["post-290534","post","type-post","status-publish","format-standard","has-post-thumbnail","category-ultima-hora"],"acf":{"antetitulo":""},"yoast_head":"<!-- This site is optimized with the Yoast SEO plugin v28.4 - https:\/\/yoast.com\/product\/yoast-seo-wordpress\/ -->\n<title>Bloqueo en K\u2019ara K\u2019ara agrava la crisis de basura en Cochabamba. (8:33) - El Diario - Bolivia<\/title>\n<meta name=\"robots\" content=\"index, follow, max-snippet:-1, max-image-preview:large, max-video-preview:-1\" \/>\n<link rel=\"canonical\" href=\"https:\/\/www.eldiario.net\/portal\/2025\/03\/24\/bloqueo-en-kara-kara-agrava-la-crisis-de-basura-en-cochabamba-833\/\" \/>\n<meta property=\"og:locale\" content=\"es_ES\" \/>\n<meta property=\"og:type\" content=\"article\" \/>\n<meta property=\"og:title\" content=\"Bloqueo en K\u2019ara K\u2019ara agrava la crisis de basura en Cochabamba. (8:33) - El Diario - Bolivia\" \/>\n<meta property=\"og:description\" content=\"Vecinos de la zona sur de la ciudad de Cochabamba cumplen tres d\u00edas de bloqueo en el ingreso al botadero de K\u2019ara K\u2019ara, exigiendo su cierre definitivo. La medida ha impedido la circulaci\u00f3n de los carros recolectores, generando una acumulaci\u00f3n de m\u00e1s de 1.400 toneladas de desechos en distintos puntos de la ciudad, afectando especialmente [&hellip;]\" \/>\n<meta property=\"og:url\" content=\"https:\/\/www.eldiario.net\/portal\/2025\/03\/24\/bloqueo-en-kara-kara-agrava-la-crisis-de-basura-en-cochabamba-833\/\" \/>\n<meta property=\"og:site_name\" content=\"El Diario - Bolivia\" \/>\n<meta property=\"article:publisher\" content=\"https:\/\/www.facebook.com\/eldiario.bolivia\/\" \/>\n<meta property=\"article:published_time\" content=\"2025-03-24T12:35:42+00:00\" \/>\n<meta property=\"og:image\" content=\"https:\/\/www.eldiario.net\/portal\/wp-content\/uploads\/2025\/03\/basura-cocha-e1742819719894.png\" \/>\n\t<meta property=\"og:image:width\" content=\"200\" \/>\n\t<meta property=\"og:image:height\" content=\"342\" \/>\n\t<meta property=\"og:image:type\" content=\"image\/png\" \/>\n<meta name=\"author\" content=\"Viviana Monrroy\" \/>\n<meta name=\"twitter:card\" content=\"summary_large_image\" \/>\n<meta name=\"twitter:creator\" content=\"@eldiario_net\" \/>\n<meta name=\"twitter:site\" content=\"@eldiario_net\" \/>\n<meta name=\"twitter:label1\" content=\"Escrito por\" \/>\n\t<meta name=\"twitter:data1\" content=\"Viviana Monrroy\" \/>\n\t<meta name=\"twitter:label2\" content=\"Tiempo de lectura\" \/>\n\t<meta name=\"twitter:data2\" content=\"1 minuto\" \/>\n<script type=\"application\/ld+json\" class=\"yoast-schema-graph\">{\"@context\":\"https:\\\/\\\/schema.org\",\"@graph\":[{\"@type\":\"Article\",\"@id\":\"https:\\\/\\\/www.eldiario.net\\\/portal\\\/2025\\\/03\\\/24\\\/bloqueo-en-kara-kara-agrava-la-crisis-de-basura-en-cochabamba-833\\\/#article\",\"isPartOf\":{\"@id\":\"https:\\\/\\\/www.eldiario.net\\\/portal\\\/2025\\\/03\\\/24\\\/bloqueo-en-kara-kara-agrava-la-crisis-de-basura-en-cochabamba-833\\\/\"},\"author\":{\"name\":\"Viviana Monrroy\",\"@id\":\"https:\\\/\\\/www.eldiario.net\\\/portal\\\/#\\\/schema\\\/person\\\/ba370d92d160f4d3574381f6d9b78fab\"},\"headline\":\"Bloqueo en K\u2019ara K\u2019ara agrava la crisis de basura en Cochabamba. (8:33)\",\"datePublished\":\"2025-03-24T12:35:42+00:00\",\"mainEntityOfPage\":{\"@id\":\"https:\\\/\\\/www.eldiario.net\\\/portal\\\/2025\\\/03\\\/24\\\/bloqueo-en-kara-kara-agrava-la-crisis-de-basura-en-cochabamba-833\\\/\"},\"wordCount\":139,\"publisher\":{\"@id\":\"https:\\\/\\\/www.eldiario.net\\\/portal\\\/#organization\"},\"image\":{\"@id\":\"https:\\\/\\\/www.eldiario.net\\\/portal\\\/2025\\\/03\\\/24\\\/bloqueo-en-kara-kara-agrava-la-crisis-de-basura-en-cochabamba-833\\\/#primaryimage\"},\"thumbnailUrl\":\"https:\\\/\\\/www.eldiario.net\\\/portal\\\/wp-content\\\/uploads\\\/2025\\\/03\\\/basura-cocha-e1742819719894.png\",\"articleSection\":[\"\u00daltima Hora\"],\"inLanguage\":\"es\"},{\"@type\":\"WebPage\",\"@id\":\"https:\\\/\\\/www.eldiario.net\\\/portal\\\/2025\\\/03\\\/24\\\/bloqueo-en-kara-kara-agrava-la-crisis-de-basura-en-cochabamba-833\\\/\",\"url\":\"https:\\\/\\\/www.eldiario.net\\\/portal\\\/2025\\\/03\\\/24\\\/bloqueo-en-kara-kara-agrava-la-crisis-de-basura-en-cochabamba-833\\\/\",\"name\":\"Bloqueo en K\u2019ara K\u2019ara agrava la crisis de basura en Cochabamba. (8:33) - El Diario - Bolivia\",\"isPartOf\":{\"@id\":\"https:\\\/\\\/www.eldiario.net\\\/portal\\\/#website\"},\"primaryImageOfPage\":{\"@id\":\"https:\\\/\\\/www.eldiario.net\\\/portal\\\/2025\\\/03\\\/24\\\/bloqueo-en-kara-kara-agrava-la-crisis-de-basura-en-cochabamba-833\\\/#primaryimage\"},\"image\":{\"@id\":\"https:\\\/\\\/www.eldiario.net\\\/portal\\\/2025\\\/03\\\/24\\\/bloqueo-en-kara-kara-agrava-la-crisis-de-basura-en-cochabamba-833\\\/#primaryimage\"},\"thumbnailUrl\":\"https:\\\/\\\/www.eldiario.net\\\/portal\\\/wp-content\\\/uploads\\\/2025\\\/03\\\/basura-cocha-e1742819719894.png\",\"datePublished\":\"2025-03-24T12:35:42+00:00\",\"breadcrumb\":{\"@id\":\"https:\\\/\\\/www.eldiario.net\\\/portal\\\/2025\\\/03\\\/24\\\/bloqueo-en-kara-kara-agrava-la-crisis-de-basura-en-cochabamba-833\\\/#breadcrumb\"},\"inLanguage\":\"es\",\"potentialAction\":[{\"@type\":\"ReadAction\",\"target\":[\"https:\\\/\\\/www.eldiario.net\\\/portal\\\/2025\\\/03\\\/24\\\/bloqueo-en-kara-kara-agrava-la-crisis-de-basura-en-cochabamba-833\\\/\"]}]},{\"@type\":\"ImageObject\",\"inLanguage\":\"es\",\"@id\":\"https:\\\/\\\/www.eldiario.net\\\/portal\\\/2025\\\/03\\\/24\\\/bloqueo-en-kara-kara-agrava-la-crisis-de-basura-en-cochabamba-833\\\/#primaryimage\",\"url\":\"https:\\\/\\\/www.eldiario.net\\\/portal\\\/wp-content\\\/uploads\\\/2025\\\/03\\\/basura-cocha-e1742819719894.png\",\"contentUrl\":\"https:\\\/\\\/www.eldiario.net\\\/portal\\\/wp-content\\\/uploads\\\/2025\\\/03\\\/basura-cocha-e1742819719894.png\",\"width\":200,\"height\":342,\"caption\":\"Foto: RR.SS.\"},{\"@type\":\"BreadcrumbList\",\"@id\":\"https:\\\/\\\/www.eldiario.net\\\/portal\\\/2025\\\/03\\\/24\\\/bloqueo-en-kara-kara-agrava-la-crisis-de-basura-en-cochabamba-833\\\/#breadcrumb\",\"itemListElement\":[{\"@type\":\"ListItem\",\"position\":1,\"name\":\"Portada\",\"item\":\"https:\\\/\\\/www.eldiario.net\\\/portal\\\/\"},{\"@type\":\"ListItem\",\"position\":2,\"name\":\"Bloqueo en K\u2019ara K\u2019ara agrava la crisis de basura en Cochabamba. (8:33)\"}]},{\"@type\":\"WebSite\",\"@id\":\"https:\\\/\\\/www.eldiario.net\\\/portal\\\/#website\",\"url\":\"https:\\\/\\\/www.eldiario.net\\\/portal\\\/\",\"name\":\"El Diario - Decano de la prensa nacional\",\"description\":\"El Diario - Decano de la prensa nacional\",\"publisher\":{\"@id\":\"https:\\\/\\\/www.eldiario.net\\\/portal\\\/#organization\"},\"potentialAction\":[{\"@type\":\"SearchAction\",\"target\":{\"@type\":\"EntryPoint\",\"urlTemplate\":\"https:\\\/\\\/www.eldiario.net\\\/portal\\\/?s={search_term_string}\"},\"query-input\":{\"@type\":\"PropertyValueSpecification\",\"valueRequired\":true,\"valueName\":\"search_term_string\"}}],\"inLanguage\":\"es\"},{\"@type\":\"Organization\",\"@id\":\"https:\\\/\\\/www.eldiario.net\\\/portal\\\/#organization\",\"name\":\"El Diario - Decano de la prensa nacional\",\"url\":\"https:\\\/\\\/www.eldiario.net\\\/portal\\\/\",\"logo\":{\"@type\":\"ImageObject\",\"inLanguage\":\"es\",\"@id\":\"https:\\\/\\\/www.eldiario.net\\\/portal\\\/#\\\/schema\\\/logo\\\/image\\\/\",\"url\":\"https:\\\/\\\/www.eldiario.net\\\/portal\\\/wp-content\\\/uploads\\\/2023\\\/07\\\/logo_ED.jpg\",\"contentUrl\":\"https:\\\/\\\/www.eldiario.net\\\/portal\\\/wp-content\\\/uploads\\\/2023\\\/07\\\/logo_ED.jpg\",\"width\":272,\"height\":52,\"caption\":\"El Diario - Decano de la prensa nacional\"},\"image\":{\"@id\":\"https:\\\/\\\/www.eldiario.net\\\/portal\\\/#\\\/schema\\\/logo\\\/image\\\/\"},\"sameAs\":[\"https:\\\/\\\/www.facebook.com\\\/eldiario.bolivia\\\/\",\"https:\\\/\\\/x.com\\\/eldiario_net\"]},{\"@type\":\"Person\",\"@id\":\"https:\\\/\\\/www.eldiario.net\\\/portal\\\/#\\\/schema\\\/person\\\/ba370d92d160f4d3574381f6d9b78fab\",\"name\":\"Viviana Monrroy\",\"image\":{\"@type\":\"ImageObject\",\"inLanguage\":\"es\",\"@id\":\"https:\\\/\\\/secure.gravatar.com\\\/avatar\\\/dfd1611ed5600959a0e5a9754503b6c05d1dcf190010998e0363aee2ad98afca?s=96&d=mm&r=g\",\"url\":\"https:\\\/\\\/secure.gravatar.com\\\/avatar\\\/dfd1611ed5600959a0e5a9754503b6c05d1dcf190010998e0363aee2ad98afca?s=96&d=mm&r=g\",\"contentUrl\":\"https:\\\/\\\/secure.gravatar.com\\\/avatar\\\/dfd1611ed5600959a0e5a9754503b6c05d1dcf190010998e0363aee2ad98afca?s=96&d=mm&r=g\",\"caption\":\"Viviana Monrroy\"},\"sameAs\":[\"http:\\\/\\\/www.eldiario.net\"],\"url\":\"https:\\\/\\\/www.eldiario.net\\\/portal\\\/author\\\/vivianamonrroy\\\/\"}]}<\/script>\n<!-- \/ Yoast SEO plugin. -->","yoast_head_json":{"title":"Bloqueo en K\u2019ara K\u2019ara agrava la crisis de basura en Cochabamba. (8:33) - El Diario - Bolivia","robots":{"index":"index","follow":"follow","max-snippet":"max-snippet:-1","max-image-preview":"max-image-preview:large","max-video-preview":"max-video-preview:-1"},"canonical":"https:\/\/www.eldiario.net\/portal\/2025\/03\/24\/bloqueo-en-kara-kara-agrava-la-crisis-de-basura-en-cochabamba-833\/","og_locale":"es_ES","og_type":"article","og_title":"Bloqueo en K\u2019ara K\u2019ara agrava la crisis de basura en Cochabamba. (8:33) - El Diario - Bolivia","og_description":"Vecinos de la zona sur de la ciudad de Cochabamba cumplen tres d\u00edas de bloqueo en el ingreso al botadero de K\u2019ara K\u2019ara, exigiendo su cierre definitivo. La medida ha impedido la circulaci\u00f3n de los carros recolectores, generando una acumulaci\u00f3n de m\u00e1s de 1.400 toneladas de desechos en distintos puntos de la ciudad, afectando especialmente [&hellip;]","og_url":"https:\/\/www.eldiario.net\/portal\/2025\/03\/24\/bloqueo-en-kara-kara-agrava-la-crisis-de-basura-en-cochabamba-833\/","og_site_name":"El Diario - Bolivia","article_publisher":"https:\/\/www.facebook.com\/eldiario.bolivia\/","article_published_time":"2025-03-24T12:35:42+00:00","og_image":[{"width":200,"height":342,"url":"https:\/\/www.eldiario.net\/portal\/wp-content\/uploads\/2025\/03\/basura-cocha-e1742819719894.png","type":"image\/png"}],"author":"Viviana Monrroy","twitter_card":"summary_large_image","twitter_creator":"@eldiario_net","twitter_site":"@eldiario_net","twitter_misc":{"Escrito por":"Viviana Monrroy","Tiempo de lectura":"1 minuto"},"schema":{"@context":"https:\/\/schema.org","@graph":[{"@type":"Article","@id":"https:\/\/www.eldiario.net\/portal\/2025\/03\/24\/bloqueo-en-kara-kara-agrava-la-crisis-de-basura-en-cochabamba-833\/#article","isPartOf":{"@id":"https:\/\/www.eldiario.net\/portal\/2025\/03\/24\/bloqueo-en-kara-kara-agrava-la-crisis-de-basura-en-cochabamba-833\/"},"author":{"name":"Viviana Monrroy","@id":"https:\/\/www.eldiario.net\/portal\/#\/schema\/person\/ba370d92d160f4d3574381f6d9b78fab"},"headline":"Bloqueo en K\u2019ara K\u2019ara agrava la crisis de basura en Cochabamba. (8:33)","datePublished":"2025-03-24T12:35:42+00:00","mainEntityOfPage":{"@id":"https:\/\/www.eldiario.net\/portal\/2025\/03\/24\/bloqueo-en-kara-kara-agrava-la-crisis-de-basura-en-cochabamba-833\/"},"wordCount":139,"publisher":{"@id":"https:\/\/www.eldiario.net\/portal\/#organization"},"image":{"@id":"https:\/\/www.eldiario.net\/portal\/2025\/03\/24\/bloqueo-en-kara-kara-agrava-la-crisis-de-basura-en-cochabamba-833\/#primaryimage"},"thumbnailUrl":"https:\/\/www.eldiario.net\/portal\/wp-content\/uploads\/2025\/03\/basura-cocha-e1742819719894.png","articleSection":["\u00daltima Hora"],"inLanguage":"es"},{"@type":"WebPage","@id":"https:\/\/www.eldiario.net\/portal\/2025\/03\/24\/bloqueo-en-kara-kara-agrava-la-crisis-de-basura-en-cochabamba-833\/","url":"https:\/\/www.eldiario.net\/portal\/2025\/03\/24\/bloqueo-en-kara-kara-agrava-la-crisis-de-basura-en-cochabamba-833\/","name":"Bloqueo en K\u2019ara K\u2019ara agrava la crisis de basura en Cochabamba. (8:33) - El Diario - Bolivia","isPartOf":{"@id":"https:\/\/www.eldiario.net\/portal\/#website"},"primaryImageOfPage":{"@id":"https:\/\/www.eldiario.net\/portal\/2025\/03\/24\/bloqueo-en-kara-kara-agrava-la-crisis-de-basura-en-cochabamba-833\/#primaryimage"},"image":{"@id":"https:\/\/www.eldiario.net\/portal\/2025\/03\/24\/bloqueo-en-kara-kara-agrava-la-crisis-de-basura-en-cochabamba-833\/#primaryimage"},"thumbnailUrl":"https:\/\/www.eldiario.net\/portal\/wp-content\/uploads\/2025\/03\/basura-cocha-e1742819719894.png","datePublished":"2025-03-24T12:35:42+00:00","breadcrumb":{"@id":"https:\/\/www.eldiario.net\/portal\/2025\/03\/24\/bloqueo-en-kara-kara-agrava-la-crisis-de-basura-en-cochabamba-833\/#breadcrumb"},"inLanguage":"es","potentialAction":[{"@type":"ReadAction","target":["https:\/\/www.eldiario.net\/portal\/2025\/03\/24\/bloqueo-en-kara-kara-agrava-la-crisis-de-basura-en-cochabamba-833\/"]}]},{"@type":"ImageObject","inLanguage":"es","@id":"https:\/\/www.eldiario.net\/portal\/2025\/03\/24\/bloqueo-en-kara-kara-agrava-la-crisis-de-basura-en-cochabamba-833\/#primaryimage","url":"https:\/\/www.eldiario.net\/portal\/wp-content\/uploads\/2025\/03\/basura-cocha-e1742819719894.png","contentUrl":"https:\/\/www.eldiario.net\/portal\/wp-content\/uploads\/2025\/03\/basura-cocha-e1742819719894.png","width":200,"height":342,"caption":"Foto: RR.SS."},{"@type":"BreadcrumbList","@id":"https:\/\/www.eldiario.net\/portal\/2025\/03\/24\/bloqueo-en-kara-kara-agrava-la-crisis-de-basura-en-cochabamba-833\/#breadcrumb","itemListElement":[{"@type":"ListItem","position":1,"name":"Portada","item":"https:\/\/www.eldiario.net\/portal\/"},{"@type":"ListItem","position":2,"name":"Bloqueo en K\u2019ara K\u2019ara agrava la crisis de basura en Cochabamba. (8:33)"}]},{"@type":"WebSite","@id":"https:\/\/www.eldiario.net\/portal\/#website","url":"https:\/\/www.eldiario.net\/portal\/","name":"El Diario - Decano de la prensa nacional","description":"El Diario - Decano de la prensa nacional","publisher":{"@id":"https:\/\/www.eldiario.net\/portal\/#organization"},"potentialAction":[{"@type":"SearchAction","target":{"@type":"EntryPoint","urlTemplate":"https:\/\/www.eldiario.net\/portal\/?s={search_term_string}"},"query-input":{"@type":"PropertyValueSpecification","valueRequired":true,"valueName":"search_term_string"}}],"inLanguage":"es"},{"@type":"Organization","@id":"https:\/\/www.eldiario.net\/portal\/#organization","name":"El Diario - Decano de la prensa nacional","url":"https:\/\/www.eldiario.net\/portal\/","logo":{"@type":"ImageObject","inLanguage":"es","@id":"https:\/\/www.eldiario.net\/portal\/#\/schema\/logo\/image\/","url":"https:\/\/www.eldiario.net\/portal\/wp-content\/uploads\/2023\/07\/logo_ED.jpg","contentUrl":"https:\/\/www.eldiario.net\/portal\/wp-content\/uploads\/2023\/07\/logo_ED.jpg","width":272,"height":52,"caption":"El Diario - Decano de la prensa nacional"},"image":{"@id":"https:\/\/www.eldiario.net\/portal\/#\/schema\/logo\/image\/"},"sameAs":["https:\/\/www.facebook.com\/eldiario.bolivia\/","https:\/\/x.com\/eldiario_net"]},{"@type":"Person","@id":"https:\/\/www.eldiario.net\/portal\/#\/schema\/person\/ba370d92d160f4d3574381f6d9b78fab","name":"Viviana Monrroy","image":{"@type":"ImageObject","inLanguage":"es","@id":"https:\/\/secure.gravatar.com\/avatar\/dfd1611ed5600959a0e5a9754503b6c05d1dcf190010998e0363aee2ad98afca?s=96&d=mm&r=g","url":"https:\/\/secure.gravatar.com\/avatar\/dfd1611ed5600959a0e5a9754503b6c05d1dcf190010998e0363aee2ad98afca?s=96&d=mm&r=g","contentUrl":"https:\/\/secure.gravatar.com\/avatar\/dfd1611ed5600959a0e5a9754503b6c05d1dcf190010998e0363aee2ad98afca?s=96&d=mm&r=g","caption":"Viviana Monrroy"},"sameAs":["http:\/\/www.eldiario.net"],"url":"https:\/\/www.eldiario.net\/portal\/author\/vivianamonrroy\/"}]}},"_links":{"self":[{"href":"https:\/\/www.eldiario.net\/portal\/wp-json\/wp\/v2\/posts\/290534","targetHints":{"allow":["GET"]}}],"collection":[{"href":"https:\/\/www.eldiario.net\/portal\/wp-json\/wp\/v2\/posts"}],"about":[{"href":"https:\/\/www.eldiario.net\/portal\/wp-json\/wp\/v2\/types\/post"}],"author":[{"embeddable":true,"href":"https:\/\/www.eldiario.net\/portal\/wp-json\/wp\/v2\/users\/7"}],"replies":[{"embeddable":true,"href":"https:\/\/www.eldiario.net\/portal\/wp-json\/wp\/v2\/comments?post=290534"}],"version-history":[{"count":1,"href":"https:\/\/www.eldiario.net\/portal\/wp-json\/wp\/v2\/posts\/290534\/revisions"}],"predecessor-version":[{"id":290536,"href":"https:\/\/www.eldiario.net\/portal\/wp-json\/wp\/v2\/posts\/290534\/revisions\/290536"}],"wp:featuredmedia":[{"embeddable":true,"href":"https:\/\/www.eldiario.net\/portal\/wp-json\/wp\/v2\/media\/290535"}],"wp:attachment":[{"href":"https:\/\/www.eldiario.net\/portal\/wp-json\/wp\/v2\/media?parent=290534"}],"wp:term":[{"taxonomy":"category","embeddable":true,"href":"https:\/\/www.eldiario.net\/portal\/wp-json\/wp\/v2\/categories?post=290534"},{"taxonomy":"post_tag","embeddable":true,"href":"https:\/\/www.eldiario.net\/portal\/wp-json\/wp\/v2\/tags?post=290534"}],"curies":[{"name":"wp","href":"https:\/\/api.w.org\/{rel}","templated":true}]}}