{"id":290503,"date":"2025-03-24T05:56:44","date_gmt":"2025-03-24T09:56:44","guid":{"rendered":"https:\/\/www.eldiario.net\/portal\/?p=290503"},"modified":"2025-03-24T05:56:44","modified_gmt":"2025-03-24T09:56:44","slug":"yamaha-tw-e5b-auriculares-inalambricos-con-sonido-excepcional","status":"publish","type":"post","link":"https:\/\/www.eldiario.net\/portal\/2025\/03\/24\/yamaha-tw-e5b-auriculares-inalambricos-con-sonido-excepcional\/","title":{"rendered":"Yamaha TW-E5B: auriculares inal\u00e1mbricos con sonido excepcional"},"content":{"rendered":"<p>Si buscas auriculares de calidad que combinen un excelente sonido y un dise\u00f1o ergon\u00f3mico sin afectar tu presupuesto, los Yamaha TW-E5B son una opci\u00f3n destacada. En un mercado donde resulta complicado encontrar dispositivos que ofrezcan fidelidad ac\u00fastica y comodidad a un precio razonable, Yamaha se propone llenar este vac\u00edo con sus nuevos auriculares inal\u00e1mbricos, prometiendo una experiencia auditiva superior sin comprometer tu bolsillo.<\/p>\n<p><strong>Dise\u00f1o ergon\u00f3mico y facilidad de uso<\/strong><\/p>\n<p>En cuanto a su dise\u00f1o, Yamaha ha optado por una forma intraural que se adapta c\u00f3modamente al o\u00eddo, incluso tras largas horas de uso. Las puntas de silicona, disponibles en diferentes tama\u00f1os, aseguran un sellado adecuado en la cavidad auditiva, lo que potencia los graves y reduce el ruido ambiental sin necesidad de aumentar demasiado el volumen. Adem\u00e1s, su elegante acabado en negro y gris les permite integrarse perfectamente en cualquier estilo.<\/p>\n<p>Los TW-E5B facilitan la interacci\u00f3n a trav\u00e9s de controles t\u00e1ctiles integrados. Con simples toques, puedes reproducir o pausar m\u00fasica, ajustar el volumen o responder llamadas sin necesidad de sacar el m\u00f3vil. La implementaci\u00f3n de estos controles ha sido cuidadosamente dise\u00f1ada para ofrecer una respuesta precisa y natural al tacto.<\/p>\n<p>En cuanto a la bater\u00eda, los datos oficiales indican una autonom\u00eda de 30 horas al combinar el uso de los auriculares con el estuche de carga, lo que permite utilizarlos durante todo el d\u00eda. La conectividad se realiza mediante un puerto USB tipo C.<\/p>\n<p><strong>Calidad de sonido y tecnolog\u00edas integradas<\/strong><\/p>\n<p>La verdadera esencia de los TW-E5B radica en su calidad de sonido. Yamaha ha incorporado tecnolog\u00edas que brindan una experiencia sonora rica y envolvente. La tecnolog\u00eda Listening Care ajusta autom\u00e1ticamente la ecualizaci\u00f3n seg\u00fan el volumen y el entorno, protegiendo la salud auditiva sin sacrificar la claridad del audio. Gracias a esta funci\u00f3n, es posible disfrutar de sesiones prolongadas de escucha sin experimentar la fatiga t\u00edpica de otros dispositivos.<\/p>\n<p>En t\u00e9rminos de conectividad, estos auriculares utilizan el est\u00e1ndar Bluetooth 5.0 y son compatibles con el c\u00f3dec aptX Adaptive, lo que permite una reproducci\u00f3n de audio en alta resoluci\u00f3n. As\u00ed, cada detalle musical se percibe con la nitidez necesaria, complementado por el sistema TrueWireless Mirroring que asegura una perfecta sincronizaci\u00f3n entre ambos auriculares.<\/p>\n<p>Para mayor versatilidad, cuentan con un modo de sonido ambiental que permite escuchar m\u00fasica sin aislarse completamente del entorno. Esto es especialmente \u00fatil en situaciones donde es importante estar atento a lo que ocurre a tu alrededor, como al caminar por la ciudad o durante actividades en grupo. Yamaha ha dise\u00f1ado este modo para que sea f\u00e1cil de activar e integrar de manera natural en la interfaz de los auriculares, que adem\u00e1s ofrecen una resistencia al agua con clasificaci\u00f3n IPX5.<\/p>\n","protected":false},"excerpt":{"rendered":"<p>Si buscas auriculares de calidad que combinen un excelente sonido y un dise\u00f1o ergon\u00f3mico sin afectar tu presupuesto, los Yamaha TW-E5B son una opci\u00f3n destacada. En un mercado donde resulta complicado encontrar dispositivos que ofrezcan fidelidad ac\u00fastica y comodidad a un precio razonable, Yamaha se propone llenar este vac\u00edo con sus nuevos auriculares inal\u00e1mbricos, prometiendo [&hellip;]<\/p>\n","protected":false},"author":1,"featured_media":290504,"comment_status":"closed","ping_status":"open","sticky":false,"template":"","format":"standard","meta":{"_acf_changed":false,"footnotes":""},"categories":[46],"tags":[],"class_list":["post-290503","post","type-post","status-publish","format-standard","has-post-thumbnail","category-ciencia-computacion"],"acf":{"antetitulo":""},"yoast_head":"<!-- This site is optimized with the Yoast SEO plugin v28.4 - https:\/\/yoast.com\/product\/yoast-seo-wordpress\/ -->\n<title>Yamaha TW-E5B: auriculares inal\u00e1mbricos con sonido excepcional - El Diario - Bolivia<\/title>\n<meta name=\"robots\" content=\"index, follow, max-snippet:-1, max-image-preview:large, max-video-preview:-1\" \/>\n<link rel=\"canonical\" href=\"https:\/\/www.eldiario.net\/portal\/2025\/03\/24\/yamaha-tw-e5b-auriculares-inalambricos-con-sonido-excepcional\/\" \/>\n<meta property=\"og:locale\" content=\"es_ES\" \/>\n<meta property=\"og:type\" content=\"article\" \/>\n<meta property=\"og:title\" content=\"Yamaha TW-E5B: auriculares inal\u00e1mbricos con sonido excepcional - El Diario - Bolivia\" \/>\n<meta property=\"og:description\" content=\"Si buscas auriculares de calidad que combinen un excelente sonido y un dise\u00f1o ergon\u00f3mico sin afectar tu presupuesto, los Yamaha TW-E5B son una opci\u00f3n destacada. En un mercado donde resulta complicado encontrar dispositivos que ofrezcan fidelidad ac\u00fastica y comodidad a un precio razonable, Yamaha se propone llenar este vac\u00edo con sus nuevos auriculares inal\u00e1mbricos, prometiendo [&hellip;]\" \/>\n<meta property=\"og:url\" content=\"https:\/\/www.eldiario.net\/portal\/2025\/03\/24\/yamaha-tw-e5b-auriculares-inalambricos-con-sonido-excepcional\/\" \/>\n<meta property=\"og:site_name\" content=\"El Diario - Bolivia\" \/>\n<meta property=\"article:publisher\" content=\"https:\/\/www.facebook.com\/eldiario.bolivia\/\" \/>\n<meta property=\"article:published_time\" content=\"2025-03-24T09:56:44+00:00\" \/>\n<meta property=\"og:image\" content=\"https:\/\/www.eldiario.net\/portal\/wp-content\/uploads\/2025\/03\/2-C-3.jpg\" \/>\n\t<meta property=\"og:image:width\" content=\"1200\" \/>\n\t<meta property=\"og:image:height\" content=\"667\" \/>\n\t<meta property=\"og:image:type\" content=\"image\/jpeg\" \/>\n<meta name=\"author\" content=\"Jeanette\" \/>\n<meta name=\"twitter:card\" content=\"summary_large_image\" \/>\n<meta name=\"twitter:creator\" content=\"@eldiario_net\" \/>\n<meta name=\"twitter:site\" content=\"@eldiario_net\" \/>\n<meta name=\"twitter:label1\" content=\"Escrito por\" \/>\n\t<meta name=\"twitter:data1\" content=\"Jeanette\" \/>\n\t<meta name=\"twitter:label2\" content=\"Tiempo de lectura\" \/>\n\t<meta name=\"twitter:data2\" content=\"3 minutos\" \/>\n<script type=\"application\/ld+json\" class=\"yoast-schema-graph\">{\"@context\":\"https:\\\/\\\/schema.org\",\"@graph\":[{\"@type\":\"Article\",\"@id\":\"https:\\\/\\\/www.eldiario.net\\\/portal\\\/2025\\\/03\\\/24\\\/yamaha-tw-e5b-auriculares-inalambricos-con-sonido-excepcional\\\/#article\",\"isPartOf\":{\"@id\":\"https:\\\/\\\/www.eldiario.net\\\/portal\\\/2025\\\/03\\\/24\\\/yamaha-tw-e5b-auriculares-inalambricos-con-sonido-excepcional\\\/\"},\"author\":{\"name\":\"Jeanette\",\"@id\":\"https:\\\/\\\/www.eldiario.net\\\/portal\\\/#\\\/schema\\\/person\\\/f46445640444750d7d753ccd04ae01b7\"},\"headline\":\"Yamaha TW-E5B: auriculares inal\u00e1mbricos con sonido excepcional\",\"datePublished\":\"2025-03-24T09:56:44+00:00\",\"mainEntityOfPage\":{\"@id\":\"https:\\\/\\\/www.eldiario.net\\\/portal\\\/2025\\\/03\\\/24\\\/yamaha-tw-e5b-auriculares-inalambricos-con-sonido-excepcional\\\/\"},\"wordCount\":493,\"publisher\":{\"@id\":\"https:\\\/\\\/www.eldiario.net\\\/portal\\\/#organization\"},\"image\":{\"@id\":\"https:\\\/\\\/www.eldiario.net\\\/portal\\\/2025\\\/03\\\/24\\\/yamaha-tw-e5b-auriculares-inalambricos-con-sonido-excepcional\\\/#primaryimage\"},\"thumbnailUrl\":\"https:\\\/\\\/www.eldiario.net\\\/portal\\\/wp-content\\\/uploads\\\/2025\\\/03\\\/2-C-3.jpg\",\"articleSection\":[\"Ciencia y Computaci\u00f3n\"],\"inLanguage\":\"es\"},{\"@type\":\"WebPage\",\"@id\":\"https:\\\/\\\/www.eldiario.net\\\/portal\\\/2025\\\/03\\\/24\\\/yamaha-tw-e5b-auriculares-inalambricos-con-sonido-excepcional\\\/\",\"url\":\"https:\\\/\\\/www.eldiario.net\\\/portal\\\/2025\\\/03\\\/24\\\/yamaha-tw-e5b-auriculares-inalambricos-con-sonido-excepcional\\\/\",\"name\":\"Yamaha TW-E5B: auriculares inal\u00e1mbricos con sonido excepcional - El Diario - Bolivia\",\"isPartOf\":{\"@id\":\"https:\\\/\\\/www.eldiario.net\\\/portal\\\/#website\"},\"primaryImageOfPage\":{\"@id\":\"https:\\\/\\\/www.eldiario.net\\\/portal\\\/2025\\\/03\\\/24\\\/yamaha-tw-e5b-auriculares-inalambricos-con-sonido-excepcional\\\/#primaryimage\"},\"image\":{\"@id\":\"https:\\\/\\\/www.eldiario.net\\\/portal\\\/2025\\\/03\\\/24\\\/yamaha-tw-e5b-auriculares-inalambricos-con-sonido-excepcional\\\/#primaryimage\"},\"thumbnailUrl\":\"https:\\\/\\\/www.eldiario.net\\\/portal\\\/wp-content\\\/uploads\\\/2025\\\/03\\\/2-C-3.jpg\",\"datePublished\":\"2025-03-24T09:56:44+00:00\",\"breadcrumb\":{\"@id\":\"https:\\\/\\\/www.eldiario.net\\\/portal\\\/2025\\\/03\\\/24\\\/yamaha-tw-e5b-auriculares-inalambricos-con-sonido-excepcional\\\/#breadcrumb\"},\"inLanguage\":\"es\",\"potentialAction\":[{\"@type\":\"ReadAction\",\"target\":[\"https:\\\/\\\/www.eldiario.net\\\/portal\\\/2025\\\/03\\\/24\\\/yamaha-tw-e5b-auriculares-inalambricos-con-sonido-excepcional\\\/\"]}]},{\"@type\":\"ImageObject\",\"inLanguage\":\"es\",\"@id\":\"https:\\\/\\\/www.eldiario.net\\\/portal\\\/2025\\\/03\\\/24\\\/yamaha-tw-e5b-auriculares-inalambricos-con-sonido-excepcional\\\/#primaryimage\",\"url\":\"https:\\\/\\\/www.eldiario.net\\\/portal\\\/wp-content\\\/uploads\\\/2025\\\/03\\\/2-C-3.jpg\",\"contentUrl\":\"https:\\\/\\\/www.eldiario.net\\\/portal\\\/wp-content\\\/uploads\\\/2025\\\/03\\\/2-C-3.jpg\",\"width\":1200,\"height\":667},{\"@type\":\"BreadcrumbList\",\"@id\":\"https:\\\/\\\/www.eldiario.net\\\/portal\\\/2025\\\/03\\\/24\\\/yamaha-tw-e5b-auriculares-inalambricos-con-sonido-excepcional\\\/#breadcrumb\",\"itemListElement\":[{\"@type\":\"ListItem\",\"position\":1,\"name\":\"Portada\",\"item\":\"https:\\\/\\\/www.eldiario.net\\\/portal\\\/\"},{\"@type\":\"ListItem\",\"position\":2,\"name\":\"Yamaha TW-E5B: auriculares inal\u00e1mbricos con sonido excepcional\"}]},{\"@type\":\"WebSite\",\"@id\":\"https:\\\/\\\/www.eldiario.net\\\/portal\\\/#website\",\"url\":\"https:\\\/\\\/www.eldiario.net\\\/portal\\\/\",\"name\":\"El Diario - Decano de la prensa nacional\",\"description\":\"El Diario - Decano de la prensa nacional\",\"publisher\":{\"@id\":\"https:\\\/\\\/www.eldiario.net\\\/portal\\\/#organization\"},\"potentialAction\":[{\"@type\":\"SearchAction\",\"target\":{\"@type\":\"EntryPoint\",\"urlTemplate\":\"https:\\\/\\\/www.eldiario.net\\\/portal\\\/?s={search_term_string}\"},\"query-input\":{\"@type\":\"PropertyValueSpecification\",\"valueRequired\":true,\"valueName\":\"search_term_string\"}}],\"inLanguage\":\"es\"},{\"@type\":\"Organization\",\"@id\":\"https:\\\/\\\/www.eldiario.net\\\/portal\\\/#organization\",\"name\":\"El Diario - Decano de la prensa nacional\",\"url\":\"https:\\\/\\\/www.eldiario.net\\\/portal\\\/\",\"logo\":{\"@type\":\"ImageObject\",\"inLanguage\":\"es\",\"@id\":\"https:\\\/\\\/www.eldiario.net\\\/portal\\\/#\\\/schema\\\/logo\\\/image\\\/\",\"url\":\"https:\\\/\\\/www.eldiario.net\\\/portal\\\/wp-content\\\/uploads\\\/2023\\\/07\\\/logo_ED.jpg\",\"contentUrl\":\"https:\\\/\\\/www.eldiario.net\\\/portal\\\/wp-content\\\/uploads\\\/2023\\\/07\\\/logo_ED.jpg\",\"width\":272,\"height\":52,\"caption\":\"El Diario - Decano de la prensa nacional\"},\"image\":{\"@id\":\"https:\\\/\\\/www.eldiario.net\\\/portal\\\/#\\\/schema\\\/logo\\\/image\\\/\"},\"sameAs\":[\"https:\\\/\\\/www.facebook.com\\\/eldiario.bolivia\\\/\",\"https:\\\/\\\/x.com\\\/eldiario_net\"]},{\"@type\":\"Person\",\"@id\":\"https:\\\/\\\/www.eldiario.net\\\/portal\\\/#\\\/schema\\\/person\\\/f46445640444750d7d753ccd04ae01b7\",\"name\":\"Jeanette\",\"image\":{\"@type\":\"ImageObject\",\"inLanguage\":\"es\",\"@id\":\"https:\\\/\\\/secure.gravatar.com\\\/avatar\\\/3ea2118a5f7dad2b7138b1187a6b7ee55f160b9968b66013c3a3ef39dd7e5798?s=96&d=mm&r=g\",\"url\":\"https:\\\/\\\/secure.gravatar.com\\\/avatar\\\/3ea2118a5f7dad2b7138b1187a6b7ee55f160b9968b66013c3a3ef39dd7e5798?s=96&d=mm&r=g\",\"contentUrl\":\"https:\\\/\\\/secure.gravatar.com\\\/avatar\\\/3ea2118a5f7dad2b7138b1187a6b7ee55f160b9968b66013c3a3ef39dd7e5798?s=96&d=mm&r=g\",\"caption\":\"Jeanette\"},\"sameAs\":[\"https:\\\/\\\/www.eldiario.net\\\/portal\"],\"url\":\"https:\\\/\\\/www.eldiario.net\\\/portal\\\/author\\\/jeanette\\\/\"}]}<\/script>\n<!-- \/ Yoast SEO plugin. -->","yoast_head_json":{"title":"Yamaha TW-E5B: auriculares inal\u00e1mbricos con sonido excepcional - El Diario - Bolivia","robots":{"index":"index","follow":"follow","max-snippet":"max-snippet:-1","max-image-preview":"max-image-preview:large","max-video-preview":"max-video-preview:-1"},"canonical":"https:\/\/www.eldiario.net\/portal\/2025\/03\/24\/yamaha-tw-e5b-auriculares-inalambricos-con-sonido-excepcional\/","og_locale":"es_ES","og_type":"article","og_title":"Yamaha TW-E5B: auriculares inal\u00e1mbricos con sonido excepcional - El Diario - Bolivia","og_description":"Si buscas auriculares de calidad que combinen un excelente sonido y un dise\u00f1o ergon\u00f3mico sin afectar tu presupuesto, los Yamaha TW-E5B son una opci\u00f3n destacada. En un mercado donde resulta complicado encontrar dispositivos que ofrezcan fidelidad ac\u00fastica y comodidad a un precio razonable, Yamaha se propone llenar este vac\u00edo con sus nuevos auriculares inal\u00e1mbricos, prometiendo [&hellip;]","og_url":"https:\/\/www.eldiario.net\/portal\/2025\/03\/24\/yamaha-tw-e5b-auriculares-inalambricos-con-sonido-excepcional\/","og_site_name":"El Diario - Bolivia","article_publisher":"https:\/\/www.facebook.com\/eldiario.bolivia\/","article_published_time":"2025-03-24T09:56:44+00:00","og_image":[{"width":1200,"height":667,"url":"https:\/\/www.eldiario.net\/portal\/wp-content\/uploads\/2025\/03\/2-C-3.jpg","type":"image\/jpeg"}],"author":"Jeanette","twitter_card":"summary_large_image","twitter_creator":"@eldiario_net","twitter_site":"@eldiario_net","twitter_misc":{"Escrito por":"Jeanette","Tiempo de lectura":"3 minutos"},"schema":{"@context":"https:\/\/schema.org","@graph":[{"@type":"Article","@id":"https:\/\/www.eldiario.net\/portal\/2025\/03\/24\/yamaha-tw-e5b-auriculares-inalambricos-con-sonido-excepcional\/#article","isPartOf":{"@id":"https:\/\/www.eldiario.net\/portal\/2025\/03\/24\/yamaha-tw-e5b-auriculares-inalambricos-con-sonido-excepcional\/"},"author":{"name":"Jeanette","@id":"https:\/\/www.eldiario.net\/portal\/#\/schema\/person\/f46445640444750d7d753ccd04ae01b7"},"headline":"Yamaha TW-E5B: auriculares inal\u00e1mbricos con sonido excepcional","datePublished":"2025-03-24T09:56:44+00:00","mainEntityOfPage":{"@id":"https:\/\/www.eldiario.net\/portal\/2025\/03\/24\/yamaha-tw-e5b-auriculares-inalambricos-con-sonido-excepcional\/"},"wordCount":493,"publisher":{"@id":"https:\/\/www.eldiario.net\/portal\/#organization"},"image":{"@id":"https:\/\/www.eldiario.net\/portal\/2025\/03\/24\/yamaha-tw-e5b-auriculares-inalambricos-con-sonido-excepcional\/#primaryimage"},"thumbnailUrl":"https:\/\/www.eldiario.net\/portal\/wp-content\/uploads\/2025\/03\/2-C-3.jpg","articleSection":["Ciencia y Computaci\u00f3n"],"inLanguage":"es"},{"@type":"WebPage","@id":"https:\/\/www.eldiario.net\/portal\/2025\/03\/24\/yamaha-tw-e5b-auriculares-inalambricos-con-sonido-excepcional\/","url":"https:\/\/www.eldiario.net\/portal\/2025\/03\/24\/yamaha-tw-e5b-auriculares-inalambricos-con-sonido-excepcional\/","name":"Yamaha TW-E5B: auriculares inal\u00e1mbricos con sonido excepcional - El Diario - Bolivia","isPartOf":{"@id":"https:\/\/www.eldiario.net\/portal\/#website"},"primaryImageOfPage":{"@id":"https:\/\/www.eldiario.net\/portal\/2025\/03\/24\/yamaha-tw-e5b-auriculares-inalambricos-con-sonido-excepcional\/#primaryimage"},"image":{"@id":"https:\/\/www.eldiario.net\/portal\/2025\/03\/24\/yamaha-tw-e5b-auriculares-inalambricos-con-sonido-excepcional\/#primaryimage"},"thumbnailUrl":"https:\/\/www.eldiario.net\/portal\/wp-content\/uploads\/2025\/03\/2-C-3.jpg","datePublished":"2025-03-24T09:56:44+00:00","breadcrumb":{"@id":"https:\/\/www.eldiario.net\/portal\/2025\/03\/24\/yamaha-tw-e5b-auriculares-inalambricos-con-sonido-excepcional\/#breadcrumb"},"inLanguage":"es","potentialAction":[{"@type":"ReadAction","target":["https:\/\/www.eldiario.net\/portal\/2025\/03\/24\/yamaha-tw-e5b-auriculares-inalambricos-con-sonido-excepcional\/"]}]},{"@type":"ImageObject","inLanguage":"es","@id":"https:\/\/www.eldiario.net\/portal\/2025\/03\/24\/yamaha-tw-e5b-auriculares-inalambricos-con-sonido-excepcional\/#primaryimage","url":"https:\/\/www.eldiario.net\/portal\/wp-content\/uploads\/2025\/03\/2-C-3.jpg","contentUrl":"https:\/\/www.eldiario.net\/portal\/wp-content\/uploads\/2025\/03\/2-C-3.jpg","width":1200,"height":667},{"@type":"BreadcrumbList","@id":"https:\/\/www.eldiario.net\/portal\/2025\/03\/24\/yamaha-tw-e5b-auriculares-inalambricos-con-sonido-excepcional\/#breadcrumb","itemListElement":[{"@type":"ListItem","position":1,"name":"Portada","item":"https:\/\/www.eldiario.net\/portal\/"},{"@type":"ListItem","position":2,"name":"Yamaha TW-E5B: auriculares inal\u00e1mbricos con sonido excepcional"}]},{"@type":"WebSite","@id":"https:\/\/www.eldiario.net\/portal\/#website","url":"https:\/\/www.eldiario.net\/portal\/","name":"El Diario - Decano de la prensa nacional","description":"El Diario - Decano de la prensa nacional","publisher":{"@id":"https:\/\/www.eldiario.net\/portal\/#organization"},"potentialAction":[{"@type":"SearchAction","target":{"@type":"EntryPoint","urlTemplate":"https:\/\/www.eldiario.net\/portal\/?s={search_term_string}"},"query-input":{"@type":"PropertyValueSpecification","valueRequired":true,"valueName":"search_term_string"}}],"inLanguage":"es"},{"@type":"Organization","@id":"https:\/\/www.eldiario.net\/portal\/#organization","name":"El Diario - Decano de la prensa nacional","url":"https:\/\/www.eldiario.net\/portal\/","logo":{"@type":"ImageObject","inLanguage":"es","@id":"https:\/\/www.eldiario.net\/portal\/#\/schema\/logo\/image\/","url":"https:\/\/www.eldiario.net\/portal\/wp-content\/uploads\/2023\/07\/logo_ED.jpg","contentUrl":"https:\/\/www.eldiario.net\/portal\/wp-content\/uploads\/2023\/07\/logo_ED.jpg","width":272,"height":52,"caption":"El Diario - Decano de la prensa nacional"},"image":{"@id":"https:\/\/www.eldiario.net\/portal\/#\/schema\/logo\/image\/"},"sameAs":["https:\/\/www.facebook.com\/eldiario.bolivia\/","https:\/\/x.com\/eldiario_net"]},{"@type":"Person","@id":"https:\/\/www.eldiario.net\/portal\/#\/schema\/person\/f46445640444750d7d753ccd04ae01b7","name":"Jeanette","image":{"@type":"ImageObject","inLanguage":"es","@id":"https:\/\/secure.gravatar.com\/avatar\/3ea2118a5f7dad2b7138b1187a6b7ee55f160b9968b66013c3a3ef39dd7e5798?s=96&d=mm&r=g","url":"https:\/\/secure.gravatar.com\/avatar\/3ea2118a5f7dad2b7138b1187a6b7ee55f160b9968b66013c3a3ef39dd7e5798?s=96&d=mm&r=g","contentUrl":"https:\/\/secure.gravatar.com\/avatar\/3ea2118a5f7dad2b7138b1187a6b7ee55f160b9968b66013c3a3ef39dd7e5798?s=96&d=mm&r=g","caption":"Jeanette"},"sameAs":["https:\/\/www.eldiario.net\/portal"],"url":"https:\/\/www.eldiario.net\/portal\/author\/jeanette\/"}]}},"_links":{"self":[{"href":"https:\/\/www.eldiario.net\/portal\/wp-json\/wp\/v2\/posts\/290503","targetHints":{"allow":["GET"]}}],"collection":[{"href":"https:\/\/www.eldiario.net\/portal\/wp-json\/wp\/v2\/posts"}],"about":[{"href":"https:\/\/www.eldiario.net\/portal\/wp-json\/wp\/v2\/types\/post"}],"author":[{"embeddable":true,"href":"https:\/\/www.eldiario.net\/portal\/wp-json\/wp\/v2\/users\/1"}],"replies":[{"embeddable":true,"href":"https:\/\/www.eldiario.net\/portal\/wp-json\/wp\/v2\/comments?post=290503"}],"version-history":[{"count":1,"href":"https:\/\/www.eldiario.net\/portal\/wp-json\/wp\/v2\/posts\/290503\/revisions"}],"predecessor-version":[{"id":290505,"href":"https:\/\/www.eldiario.net\/portal\/wp-json\/wp\/v2\/posts\/290503\/revisions\/290505"}],"wp:featuredmedia":[{"embeddable":true,"href":"https:\/\/www.eldiario.net\/portal\/wp-json\/wp\/v2\/media\/290504"}],"wp:attachment":[{"href":"https:\/\/www.eldiario.net\/portal\/wp-json\/wp\/v2\/media?parent=290503"}],"wp:term":[{"taxonomy":"category","embeddable":true,"href":"https:\/\/www.eldiario.net\/portal\/wp-json\/wp\/v2\/categories?post=290503"},{"taxonomy":"post_tag","embeddable":true,"href":"https:\/\/www.eldiario.net\/portal\/wp-json\/wp\/v2\/tags?post=290503"}],"curies":[{"name":"wp","href":"https:\/\/api.w.org\/{rel}","templated":true}]}}