{"id":290496,"date":"2025-03-24T05:55:43","date_gmt":"2025-03-24T09:55:43","guid":{"rendered":"https:\/\/www.eldiario.net\/portal\/?p=290496"},"modified":"2025-03-24T05:55:43","modified_gmt":"2025-03-24T09:55:43","slug":"son-los-chatbots-una-amenaza-para-el-futuro-del-periodismo-digital","status":"publish","type":"post","link":"https:\/\/www.eldiario.net\/portal\/2025\/03\/24\/son-los-chatbots-una-amenaza-para-el-futuro-del-periodismo-digital\/","title":{"rendered":"\u00bfSon los chatbots una amenaza para el futuro del periodismo digital?"},"content":{"rendered":"<p>La inteligencia artificial est\u00e1 transformando nuestra forma de consumir noticias. Sin embargo, los chatbots de IA, como los de OpenAI, Google y Perplexity, han suscitado serias inquietudes entre los editores. Un informe reciente revela que estos bots est\u00e1n desviando tr\u00e1fico web y afectando\u00a0 los ingresos de los medios digitales. Pero, \u00bfrepresentan realmente una amenaza inminente para el periodismo?<\/p>\n<p><strong>Un impacto negativo en el tr\u00e1fico web<br \/>\n<\/strong><br \/>\nLos chatbots de IA est\u00e1n afectando directamente la rentabilidad de los editores. Se ha encontrado que estos bots generan un 96% menos de tr\u00e1fico hacia los sitios web en comparaci\u00f3n con los motores de b\u00fasqueda tradicionales. En un an\u00e1lisis realizado sobre 160 editores de noticias y blogs, se observ\u00f3 que estos bots analizaron sus p\u00e1ginas m\u00e1s de dos millones de veces en el \u00faltimo trimestre de 2024. Sin embargo, cada p\u00e1gina fue revisada en promedio siete veces sin traducirse en visitas reales. Este comportamiento est\u00e1 provocando una p\u00e9rdida considerable de ingresos publicitarios para los medios.<\/p>\n<p><strong>\u00bfPor qu\u00e9 no generan visitas?<\/strong><\/p>\n<p>A pesar de que los chatbots incluyen enlaces a las fuentes originales, los usuarios rara vez hacen clic en ellos. Esto se debe a que los bots ofrecen res\u00famenes y respuestas directas, eliminando as\u00ed la necesidad de visitar los sitios web de los editores. Al consumir contenido de manera aut\u00f3noma, los chatbots no generan tr\u00e1fico, lo que afecta la monetizaci\u00f3n de los medios digitales.<\/p>\n<p><strong>El futuro del periodismo en la era de la IA<br \/>\n<\/strong><br \/>\nEl impacto de la IA en el periodismo plantea preguntas cruciales sobre el futuro de los medios. Si los chatbots contin\u00faan consumiendo contenido sin generar tr\u00e1fico, \u00bfc\u00f3mo podr\u00e1n los editores sostenerse econ\u00f3micamente? Es fundamental que la industria busque soluciones que aseguren una compensaci\u00f3n justa para los creadores de contenido. Modelos de suscripci\u00f3n, acuerdos de licencias y regulaciones claras podr\u00edan ser esenciales para mitigar el da\u00f1o causado por los bots.<\/p>\n<p>Los medios y las empresas tecnol\u00f3gicas deber\u00e1n encontrar maneras de colaborar que permitan el avance de la IA sin perjudicar a las fuentes originales de informaci\u00f3n. De lo contrario, el periodismo digital podr\u00eda enfrentar uno de sus desaf\u00edos m\u00e1s significativos.<\/p>\n","protected":false},"excerpt":{"rendered":"<p>La inteligencia artificial est\u00e1 transformando nuestra forma de consumir noticias. Sin embargo, los chatbots de IA, como los de OpenAI, Google y Perplexity, han suscitado serias inquietudes entre los editores. Un informe reciente revela que estos bots est\u00e1n desviando tr\u00e1fico web y afectando\u00a0 los ingresos de los medios digitales. Pero, \u00bfrepresentan realmente una amenaza inminente [&hellip;]<\/p>\n","protected":false},"author":1,"featured_media":290497,"comment_status":"closed","ping_status":"open","sticky":false,"template":"","format":"standard","meta":{"_acf_changed":false,"footnotes":""},"categories":[46],"tags":[],"class_list":["post-290496","post","type-post","status-publish","format-standard","has-post-thumbnail","category-ciencia-computacion"],"acf":{"antetitulo":""},"yoast_head":"<!-- This site is optimized with the Yoast SEO plugin v28.4 - https:\/\/yoast.com\/product\/yoast-seo-wordpress\/ -->\n<title>\u00bfSon los chatbots una amenaza para el futuro del periodismo digital? - El Diario - Bolivia<\/title>\n<meta name=\"robots\" content=\"index, follow, max-snippet:-1, max-image-preview:large, max-video-preview:-1\" \/>\n<link rel=\"canonical\" href=\"https:\/\/www.eldiario.net\/portal\/2025\/03\/24\/son-los-chatbots-una-amenaza-para-el-futuro-del-periodismo-digital\/\" \/>\n<meta property=\"og:locale\" content=\"es_ES\" \/>\n<meta property=\"og:type\" content=\"article\" \/>\n<meta property=\"og:title\" content=\"\u00bfSon los chatbots una amenaza para el futuro del periodismo digital? - El Diario - Bolivia\" \/>\n<meta property=\"og:description\" content=\"La inteligencia artificial est\u00e1 transformando nuestra forma de consumir noticias. Sin embargo, los chatbots de IA, como los de OpenAI, Google y Perplexity, han suscitado serias inquietudes entre los editores. Un informe reciente revela que estos bots est\u00e1n desviando tr\u00e1fico web y afectando\u00a0 los ingresos de los medios digitales. Pero, \u00bfrepresentan realmente una amenaza inminente [&hellip;]\" \/>\n<meta property=\"og:url\" content=\"https:\/\/www.eldiario.net\/portal\/2025\/03\/24\/son-los-chatbots-una-amenaza-para-el-futuro-del-periodismo-digital\/\" \/>\n<meta property=\"og:site_name\" content=\"El Diario - Bolivia\" \/>\n<meta property=\"article:publisher\" content=\"https:\/\/www.facebook.com\/eldiario.bolivia\/\" \/>\n<meta property=\"article:published_time\" content=\"2025-03-24T09:55:43+00:00\" \/>\n<meta property=\"og:image\" content=\"https:\/\/www.eldiario.net\/portal\/wp-content\/uploads\/2025\/03\/3-B-1.jpg\" \/>\n\t<meta property=\"og:image:width\" content=\"1021\" \/>\n\t<meta property=\"og:image:height\" content=\"595\" \/>\n\t<meta property=\"og:image:type\" content=\"image\/jpeg\" \/>\n<meta name=\"author\" content=\"Jeanette\" \/>\n<meta name=\"twitter:card\" content=\"summary_large_image\" \/>\n<meta name=\"twitter:creator\" content=\"@eldiario_net\" \/>\n<meta name=\"twitter:site\" content=\"@eldiario_net\" \/>\n<meta name=\"twitter:label1\" content=\"Escrito por\" \/>\n\t<meta name=\"twitter:data1\" content=\"Jeanette\" \/>\n\t<meta name=\"twitter:label2\" content=\"Tiempo de lectura\" \/>\n\t<meta name=\"twitter:data2\" content=\"2 minutos\" \/>\n<script type=\"application\/ld+json\" class=\"yoast-schema-graph\">{\"@context\":\"https:\\\/\\\/schema.org\",\"@graph\":[{\"@type\":\"Article\",\"@id\":\"https:\\\/\\\/www.eldiario.net\\\/portal\\\/2025\\\/03\\\/24\\\/son-los-chatbots-una-amenaza-para-el-futuro-del-periodismo-digital\\\/#article\",\"isPartOf\":{\"@id\":\"https:\\\/\\\/www.eldiario.net\\\/portal\\\/2025\\\/03\\\/24\\\/son-los-chatbots-una-amenaza-para-el-futuro-del-periodismo-digital\\\/\"},\"author\":{\"name\":\"Jeanette\",\"@id\":\"https:\\\/\\\/www.eldiario.net\\\/portal\\\/#\\\/schema\\\/person\\\/f46445640444750d7d753ccd04ae01b7\"},\"headline\":\"\u00bfSon los chatbots una amenaza para el futuro del periodismo digital?\",\"datePublished\":\"2025-03-24T09:55:43+00:00\",\"mainEntityOfPage\":{\"@id\":\"https:\\\/\\\/www.eldiario.net\\\/portal\\\/2025\\\/03\\\/24\\\/son-los-chatbots-una-amenaza-para-el-futuro-del-periodismo-digital\\\/\"},\"wordCount\":387,\"publisher\":{\"@id\":\"https:\\\/\\\/www.eldiario.net\\\/portal\\\/#organization\"},\"image\":{\"@id\":\"https:\\\/\\\/www.eldiario.net\\\/portal\\\/2025\\\/03\\\/24\\\/son-los-chatbots-una-amenaza-para-el-futuro-del-periodismo-digital\\\/#primaryimage\"},\"thumbnailUrl\":\"https:\\\/\\\/www.eldiario.net\\\/portal\\\/wp-content\\\/uploads\\\/2025\\\/03\\\/3-B-1.jpg\",\"articleSection\":[\"Ciencia y Computaci\u00f3n\"],\"inLanguage\":\"es\"},{\"@type\":\"WebPage\",\"@id\":\"https:\\\/\\\/www.eldiario.net\\\/portal\\\/2025\\\/03\\\/24\\\/son-los-chatbots-una-amenaza-para-el-futuro-del-periodismo-digital\\\/\",\"url\":\"https:\\\/\\\/www.eldiario.net\\\/portal\\\/2025\\\/03\\\/24\\\/son-los-chatbots-una-amenaza-para-el-futuro-del-periodismo-digital\\\/\",\"name\":\"\u00bfSon los chatbots una amenaza para el futuro del periodismo digital? - El Diario - Bolivia\",\"isPartOf\":{\"@id\":\"https:\\\/\\\/www.eldiario.net\\\/portal\\\/#website\"},\"primaryImageOfPage\":{\"@id\":\"https:\\\/\\\/www.eldiario.net\\\/portal\\\/2025\\\/03\\\/24\\\/son-los-chatbots-una-amenaza-para-el-futuro-del-periodismo-digital\\\/#primaryimage\"},\"image\":{\"@id\":\"https:\\\/\\\/www.eldiario.net\\\/portal\\\/2025\\\/03\\\/24\\\/son-los-chatbots-una-amenaza-para-el-futuro-del-periodismo-digital\\\/#primaryimage\"},\"thumbnailUrl\":\"https:\\\/\\\/www.eldiario.net\\\/portal\\\/wp-content\\\/uploads\\\/2025\\\/03\\\/3-B-1.jpg\",\"datePublished\":\"2025-03-24T09:55:43+00:00\",\"breadcrumb\":{\"@id\":\"https:\\\/\\\/www.eldiario.net\\\/portal\\\/2025\\\/03\\\/24\\\/son-los-chatbots-una-amenaza-para-el-futuro-del-periodismo-digital\\\/#breadcrumb\"},\"inLanguage\":\"es\",\"potentialAction\":[{\"@type\":\"ReadAction\",\"target\":[\"https:\\\/\\\/www.eldiario.net\\\/portal\\\/2025\\\/03\\\/24\\\/son-los-chatbots-una-amenaza-para-el-futuro-del-periodismo-digital\\\/\"]}]},{\"@type\":\"ImageObject\",\"inLanguage\":\"es\",\"@id\":\"https:\\\/\\\/www.eldiario.net\\\/portal\\\/2025\\\/03\\\/24\\\/son-los-chatbots-una-amenaza-para-el-futuro-del-periodismo-digital\\\/#primaryimage\",\"url\":\"https:\\\/\\\/www.eldiario.net\\\/portal\\\/wp-content\\\/uploads\\\/2025\\\/03\\\/3-B-1.jpg\",\"contentUrl\":\"https:\\\/\\\/www.eldiario.net\\\/portal\\\/wp-content\\\/uploads\\\/2025\\\/03\\\/3-B-1.jpg\",\"width\":1021,\"height\":595},{\"@type\":\"BreadcrumbList\",\"@id\":\"https:\\\/\\\/www.eldiario.net\\\/portal\\\/2025\\\/03\\\/24\\\/son-los-chatbots-una-amenaza-para-el-futuro-del-periodismo-digital\\\/#breadcrumb\",\"itemListElement\":[{\"@type\":\"ListItem\",\"position\":1,\"name\":\"Portada\",\"item\":\"https:\\\/\\\/www.eldiario.net\\\/portal\\\/\"},{\"@type\":\"ListItem\",\"position\":2,\"name\":\"\u00bfSon los chatbots una amenaza para el futuro del periodismo digital?\"}]},{\"@type\":\"WebSite\",\"@id\":\"https:\\\/\\\/www.eldiario.net\\\/portal\\\/#website\",\"url\":\"https:\\\/\\\/www.eldiario.net\\\/portal\\\/\",\"name\":\"El Diario - Decano de la prensa nacional\",\"description\":\"El Diario - Decano de la prensa nacional\",\"publisher\":{\"@id\":\"https:\\\/\\\/www.eldiario.net\\\/portal\\\/#organization\"},\"potentialAction\":[{\"@type\":\"SearchAction\",\"target\":{\"@type\":\"EntryPoint\",\"urlTemplate\":\"https:\\\/\\\/www.eldiario.net\\\/portal\\\/?s={search_term_string}\"},\"query-input\":{\"@type\":\"PropertyValueSpecification\",\"valueRequired\":true,\"valueName\":\"search_term_string\"}}],\"inLanguage\":\"es\"},{\"@type\":\"Organization\",\"@id\":\"https:\\\/\\\/www.eldiario.net\\\/portal\\\/#organization\",\"name\":\"El Diario - Decano de la prensa nacional\",\"url\":\"https:\\\/\\\/www.eldiario.net\\\/portal\\\/\",\"logo\":{\"@type\":\"ImageObject\",\"inLanguage\":\"es\",\"@id\":\"https:\\\/\\\/www.eldiario.net\\\/portal\\\/#\\\/schema\\\/logo\\\/image\\\/\",\"url\":\"https:\\\/\\\/www.eldiario.net\\\/portal\\\/wp-content\\\/uploads\\\/2023\\\/07\\\/logo_ED.jpg\",\"contentUrl\":\"https:\\\/\\\/www.eldiario.net\\\/portal\\\/wp-content\\\/uploads\\\/2023\\\/07\\\/logo_ED.jpg\",\"width\":272,\"height\":52,\"caption\":\"El Diario - Decano de la prensa nacional\"},\"image\":{\"@id\":\"https:\\\/\\\/www.eldiario.net\\\/portal\\\/#\\\/schema\\\/logo\\\/image\\\/\"},\"sameAs\":[\"https:\\\/\\\/www.facebook.com\\\/eldiario.bolivia\\\/\",\"https:\\\/\\\/x.com\\\/eldiario_net\"]},{\"@type\":\"Person\",\"@id\":\"https:\\\/\\\/www.eldiario.net\\\/portal\\\/#\\\/schema\\\/person\\\/f46445640444750d7d753ccd04ae01b7\",\"name\":\"Jeanette\",\"image\":{\"@type\":\"ImageObject\",\"inLanguage\":\"es\",\"@id\":\"https:\\\/\\\/secure.gravatar.com\\\/avatar\\\/3ea2118a5f7dad2b7138b1187a6b7ee55f160b9968b66013c3a3ef39dd7e5798?s=96&d=mm&r=g\",\"url\":\"https:\\\/\\\/secure.gravatar.com\\\/avatar\\\/3ea2118a5f7dad2b7138b1187a6b7ee55f160b9968b66013c3a3ef39dd7e5798?s=96&d=mm&r=g\",\"contentUrl\":\"https:\\\/\\\/secure.gravatar.com\\\/avatar\\\/3ea2118a5f7dad2b7138b1187a6b7ee55f160b9968b66013c3a3ef39dd7e5798?s=96&d=mm&r=g\",\"caption\":\"Jeanette\"},\"sameAs\":[\"https:\\\/\\\/www.eldiario.net\\\/portal\"],\"url\":\"https:\\\/\\\/www.eldiario.net\\\/portal\\\/author\\\/jeanette\\\/\"}]}<\/script>\n<!-- \/ Yoast SEO plugin. -->","yoast_head_json":{"title":"\u00bfSon los chatbots una amenaza para el futuro del periodismo digital? - El Diario - Bolivia","robots":{"index":"index","follow":"follow","max-snippet":"max-snippet:-1","max-image-preview":"max-image-preview:large","max-video-preview":"max-video-preview:-1"},"canonical":"https:\/\/www.eldiario.net\/portal\/2025\/03\/24\/son-los-chatbots-una-amenaza-para-el-futuro-del-periodismo-digital\/","og_locale":"es_ES","og_type":"article","og_title":"\u00bfSon los chatbots una amenaza para el futuro del periodismo digital? - El Diario - Bolivia","og_description":"La inteligencia artificial est\u00e1 transformando nuestra forma de consumir noticias. Sin embargo, los chatbots de IA, como los de OpenAI, Google y Perplexity, han suscitado serias inquietudes entre los editores. Un informe reciente revela que estos bots est\u00e1n desviando tr\u00e1fico web y afectando\u00a0 los ingresos de los medios digitales. Pero, \u00bfrepresentan realmente una amenaza inminente [&hellip;]","og_url":"https:\/\/www.eldiario.net\/portal\/2025\/03\/24\/son-los-chatbots-una-amenaza-para-el-futuro-del-periodismo-digital\/","og_site_name":"El Diario - Bolivia","article_publisher":"https:\/\/www.facebook.com\/eldiario.bolivia\/","article_published_time":"2025-03-24T09:55:43+00:00","og_image":[{"width":1021,"height":595,"url":"https:\/\/www.eldiario.net\/portal\/wp-content\/uploads\/2025\/03\/3-B-1.jpg","type":"image\/jpeg"}],"author":"Jeanette","twitter_card":"summary_large_image","twitter_creator":"@eldiario_net","twitter_site":"@eldiario_net","twitter_misc":{"Escrito por":"Jeanette","Tiempo de lectura":"2 minutos"},"schema":{"@context":"https:\/\/schema.org","@graph":[{"@type":"Article","@id":"https:\/\/www.eldiario.net\/portal\/2025\/03\/24\/son-los-chatbots-una-amenaza-para-el-futuro-del-periodismo-digital\/#article","isPartOf":{"@id":"https:\/\/www.eldiario.net\/portal\/2025\/03\/24\/son-los-chatbots-una-amenaza-para-el-futuro-del-periodismo-digital\/"},"author":{"name":"Jeanette","@id":"https:\/\/www.eldiario.net\/portal\/#\/schema\/person\/f46445640444750d7d753ccd04ae01b7"},"headline":"\u00bfSon los chatbots una amenaza para el futuro del periodismo digital?","datePublished":"2025-03-24T09:55:43+00:00","mainEntityOfPage":{"@id":"https:\/\/www.eldiario.net\/portal\/2025\/03\/24\/son-los-chatbots-una-amenaza-para-el-futuro-del-periodismo-digital\/"},"wordCount":387,"publisher":{"@id":"https:\/\/www.eldiario.net\/portal\/#organization"},"image":{"@id":"https:\/\/www.eldiario.net\/portal\/2025\/03\/24\/son-los-chatbots-una-amenaza-para-el-futuro-del-periodismo-digital\/#primaryimage"},"thumbnailUrl":"https:\/\/www.eldiario.net\/portal\/wp-content\/uploads\/2025\/03\/3-B-1.jpg","articleSection":["Ciencia y Computaci\u00f3n"],"inLanguage":"es"},{"@type":"WebPage","@id":"https:\/\/www.eldiario.net\/portal\/2025\/03\/24\/son-los-chatbots-una-amenaza-para-el-futuro-del-periodismo-digital\/","url":"https:\/\/www.eldiario.net\/portal\/2025\/03\/24\/son-los-chatbots-una-amenaza-para-el-futuro-del-periodismo-digital\/","name":"\u00bfSon los chatbots una amenaza para el futuro del periodismo digital? - El Diario - Bolivia","isPartOf":{"@id":"https:\/\/www.eldiario.net\/portal\/#website"},"primaryImageOfPage":{"@id":"https:\/\/www.eldiario.net\/portal\/2025\/03\/24\/son-los-chatbots-una-amenaza-para-el-futuro-del-periodismo-digital\/#primaryimage"},"image":{"@id":"https:\/\/www.eldiario.net\/portal\/2025\/03\/24\/son-los-chatbots-una-amenaza-para-el-futuro-del-periodismo-digital\/#primaryimage"},"thumbnailUrl":"https:\/\/www.eldiario.net\/portal\/wp-content\/uploads\/2025\/03\/3-B-1.jpg","datePublished":"2025-03-24T09:55:43+00:00","breadcrumb":{"@id":"https:\/\/www.eldiario.net\/portal\/2025\/03\/24\/son-los-chatbots-una-amenaza-para-el-futuro-del-periodismo-digital\/#breadcrumb"},"inLanguage":"es","potentialAction":[{"@type":"ReadAction","target":["https:\/\/www.eldiario.net\/portal\/2025\/03\/24\/son-los-chatbots-una-amenaza-para-el-futuro-del-periodismo-digital\/"]}]},{"@type":"ImageObject","inLanguage":"es","@id":"https:\/\/www.eldiario.net\/portal\/2025\/03\/24\/son-los-chatbots-una-amenaza-para-el-futuro-del-periodismo-digital\/#primaryimage","url":"https:\/\/www.eldiario.net\/portal\/wp-content\/uploads\/2025\/03\/3-B-1.jpg","contentUrl":"https:\/\/www.eldiario.net\/portal\/wp-content\/uploads\/2025\/03\/3-B-1.jpg","width":1021,"height":595},{"@type":"BreadcrumbList","@id":"https:\/\/www.eldiario.net\/portal\/2025\/03\/24\/son-los-chatbots-una-amenaza-para-el-futuro-del-periodismo-digital\/#breadcrumb","itemListElement":[{"@type":"ListItem","position":1,"name":"Portada","item":"https:\/\/www.eldiario.net\/portal\/"},{"@type":"ListItem","position":2,"name":"\u00bfSon los chatbots una amenaza para el futuro del periodismo digital?"}]},{"@type":"WebSite","@id":"https:\/\/www.eldiario.net\/portal\/#website","url":"https:\/\/www.eldiario.net\/portal\/","name":"El Diario - Decano de la prensa nacional","description":"El Diario - Decano de la prensa nacional","publisher":{"@id":"https:\/\/www.eldiario.net\/portal\/#organization"},"potentialAction":[{"@type":"SearchAction","target":{"@type":"EntryPoint","urlTemplate":"https:\/\/www.eldiario.net\/portal\/?s={search_term_string}"},"query-input":{"@type":"PropertyValueSpecification","valueRequired":true,"valueName":"search_term_string"}}],"inLanguage":"es"},{"@type":"Organization","@id":"https:\/\/www.eldiario.net\/portal\/#organization","name":"El Diario - Decano de la prensa nacional","url":"https:\/\/www.eldiario.net\/portal\/","logo":{"@type":"ImageObject","inLanguage":"es","@id":"https:\/\/www.eldiario.net\/portal\/#\/schema\/logo\/image\/","url":"https:\/\/www.eldiario.net\/portal\/wp-content\/uploads\/2023\/07\/logo_ED.jpg","contentUrl":"https:\/\/www.eldiario.net\/portal\/wp-content\/uploads\/2023\/07\/logo_ED.jpg","width":272,"height":52,"caption":"El Diario - Decano de la prensa nacional"},"image":{"@id":"https:\/\/www.eldiario.net\/portal\/#\/schema\/logo\/image\/"},"sameAs":["https:\/\/www.facebook.com\/eldiario.bolivia\/","https:\/\/x.com\/eldiario_net"]},{"@type":"Person","@id":"https:\/\/www.eldiario.net\/portal\/#\/schema\/person\/f46445640444750d7d753ccd04ae01b7","name":"Jeanette","image":{"@type":"ImageObject","inLanguage":"es","@id":"https:\/\/secure.gravatar.com\/avatar\/3ea2118a5f7dad2b7138b1187a6b7ee55f160b9968b66013c3a3ef39dd7e5798?s=96&d=mm&r=g","url":"https:\/\/secure.gravatar.com\/avatar\/3ea2118a5f7dad2b7138b1187a6b7ee55f160b9968b66013c3a3ef39dd7e5798?s=96&d=mm&r=g","contentUrl":"https:\/\/secure.gravatar.com\/avatar\/3ea2118a5f7dad2b7138b1187a6b7ee55f160b9968b66013c3a3ef39dd7e5798?s=96&d=mm&r=g","caption":"Jeanette"},"sameAs":["https:\/\/www.eldiario.net\/portal"],"url":"https:\/\/www.eldiario.net\/portal\/author\/jeanette\/"}]}},"_links":{"self":[{"href":"https:\/\/www.eldiario.net\/portal\/wp-json\/wp\/v2\/posts\/290496","targetHints":{"allow":["GET"]}}],"collection":[{"href":"https:\/\/www.eldiario.net\/portal\/wp-json\/wp\/v2\/posts"}],"about":[{"href":"https:\/\/www.eldiario.net\/portal\/wp-json\/wp\/v2\/types\/post"}],"author":[{"embeddable":true,"href":"https:\/\/www.eldiario.net\/portal\/wp-json\/wp\/v2\/users\/1"}],"replies":[{"embeddable":true,"href":"https:\/\/www.eldiario.net\/portal\/wp-json\/wp\/v2\/comments?post=290496"}],"version-history":[{"count":1,"href":"https:\/\/www.eldiario.net\/portal\/wp-json\/wp\/v2\/posts\/290496\/revisions"}],"predecessor-version":[{"id":290498,"href":"https:\/\/www.eldiario.net\/portal\/wp-json\/wp\/v2\/posts\/290496\/revisions\/290498"}],"wp:featuredmedia":[{"embeddable":true,"href":"https:\/\/www.eldiario.net\/portal\/wp-json\/wp\/v2\/media\/290497"}],"wp:attachment":[{"href":"https:\/\/www.eldiario.net\/portal\/wp-json\/wp\/v2\/media?parent=290496"}],"wp:term":[{"taxonomy":"category","embeddable":true,"href":"https:\/\/www.eldiario.net\/portal\/wp-json\/wp\/v2\/categories?post=290496"},{"taxonomy":"post_tag","embeddable":true,"href":"https:\/\/www.eldiario.net\/portal\/wp-json\/wp\/v2\/tags?post=290496"}],"curies":[{"name":"wp","href":"https:\/\/api.w.org\/{rel}","templated":true}]}}