{"id":290490,"date":"2025-03-24T05:54:51","date_gmt":"2025-03-24T09:54:51","guid":{"rendered":"https:\/\/www.eldiario.net\/portal\/?p=290490"},"modified":"2025-03-24T05:54:51","modified_gmt":"2025-03-24T09:54:51","slug":"la-prediccion-de-bill-gates-sobre-las-profesiones-que-nunca-seran-reemplazadas-por-la-ia","status":"publish","type":"post","link":"https:\/\/www.eldiario.net\/portal\/2025\/03\/24\/la-prediccion-de-bill-gates-sobre-las-profesiones-que-nunca-seran-reemplazadas-por-la-ia\/","title":{"rendered":"La  predicci\u00f3n de Bill Gates sobre las profesiones que nunca ser\u00e1n reemplazadas por la IA"},"content":{"rendered":"<p>El magnate tecnol\u00f3gico ha compartido su visi\u00f3n sobre el futuro del mercado laboral, considerando el impacto de las tecnolog\u00edas actuales y las oportunidades que surgir\u00e1n en los pr\u00f3ximos a\u00f1os.<\/p>\n<p>En la actualidad, uno de los temas m\u00e1s debatidos es, sin duda, la inteligencia artificial. Su r\u00e1pida evoluci\u00f3n en los \u00faltimos a\u00f1os y su integraci\u00f3n en diversos sistemas ha generado numerosas inquietudes sobre su impacto en la humanidad en diferentes \u00e1reas. Uno de los aspectos que m\u00e1s preocupa a la sociedad es el \u00e1mbito laboral.<\/p>\n<p>En este contexto, muchos expertos en tecnolog\u00eda han ofrecido sus pron\u00f3sticos sobre c\u00f3mo la IA puede complementar o incluso reemplazar la intervenci\u00f3n humana en varios oficios. Entre ellos, destaca la opini\u00f3n de Bill Gates. El fundador de Microsoft ha compartido su perspectiva sobre c\u00f3mo esta tecnolog\u00eda influir\u00e1 en la empleabilidad en el futuro.<\/p>\n<p>Gates sostiene que, aunque la IA traer\u00e1 consigo transformaciones en numerosos sectores laborales, hay profesiones que no solo se ver\u00e1n favorecidas, sino que tambi\u00e9n experimentar\u00e1n un crecimiento significativo gracias a la revoluci\u00f3n que generar\u00e1 esta tecnolog\u00eda.<\/p>\n<p><strong>Profesiones impulsadas por la IA<\/p>\n<p><\/strong>Seg\u00fan Gates, el futuro laboral con la incorporaci\u00f3n de la inteligencia artificial se encuentra en los campos de la biolog\u00eda, los sistemas energ\u00e9ticos y el propio desarrollo de la IA. Estos sectores se ver\u00e1n transformados a medida que avance esta tecnolog\u00eda en los pr\u00f3ximos a\u00f1os, aunque el panorama actual a\u00fan es incierto.<\/p>\n<p>El magnate ha querido transmitir un mensaje tranquilizador, sugiriendo que la IA puede ser utilizada para prop\u00f3sitos constructivos y beneficiosos para la humanidad. En este sentido, ha enfatizado la posibilidad de reducir la jornada laboral y dedicar m\u00e1s tiempo a otras actividades. Entre las profesiones que se beneficiar\u00e1n m\u00e1s de la IA en el futuro se encuentran:<\/p>\n<p>\u2022 Desarrollador de inteligencia artificial y Machine Learning<\/p>\n<p>\u2022 Ingeniero gen\u00e9tico, especializado en energ\u00edas renovables y rob\u00f3tica<\/p>\n<p>\u2022 Bi\u00f3logo computacional<\/p>\n<p>\u2022 Biotecn\u00f3logo<\/p>\n<p>\u2022 T\u00e9cnico en redes el\u00e9ctricas inteligentes<\/p>\n<p>Estas profesiones podr\u00edan ser clave para identificar las oportunidades laborales m\u00e1s prometedoras en los pr\u00f3ximos a\u00f1os. Sin embargo, Gates advierte que ser\u00e1 \u00abcuesti\u00f3n de tiempo\u00bb que la humanidad se adapte y ajuste a las capacidades de la IA para implementarla de manera efectiva en diferentes sectores, incluyendo la educaci\u00f3n y la alfabetizaci\u00f3n digital.<\/p>\n","protected":false},"excerpt":{"rendered":"<p>El magnate tecnol\u00f3gico ha compartido su visi\u00f3n sobre el futuro del mercado laboral, considerando el impacto de las tecnolog\u00edas actuales y las oportunidades que surgir\u00e1n en los pr\u00f3ximos a\u00f1os. En la actualidad, uno de los temas m\u00e1s debatidos es, sin duda, la inteligencia artificial. Su r\u00e1pida evoluci\u00f3n en los \u00faltimos a\u00f1os y su integraci\u00f3n en [&hellip;]<\/p>\n","protected":false},"author":1,"featured_media":290491,"comment_status":"closed","ping_status":"open","sticky":false,"template":"","format":"standard","meta":{"_acf_changed":false,"footnotes":""},"categories":[46],"tags":[],"class_list":["post-290490","post","type-post","status-publish","format-standard","has-post-thumbnail","category-ciencia-computacion"],"acf":{"antetitulo":""},"yoast_head":"<!-- This site is optimized with the Yoast SEO plugin v28.4 - https:\/\/yoast.com\/product\/yoast-seo-wordpress\/ -->\n<title>La predicci\u00f3n de Bill Gates sobre las profesiones que nunca ser\u00e1n reemplazadas por la IA - El Diario - Bolivia<\/title>\n<meta name=\"robots\" content=\"index, follow, max-snippet:-1, max-image-preview:large, max-video-preview:-1\" \/>\n<link rel=\"canonical\" href=\"https:\/\/www.eldiario.net\/portal\/2025\/03\/24\/la-prediccion-de-bill-gates-sobre-las-profesiones-que-nunca-seran-reemplazadas-por-la-ia\/\" \/>\n<meta property=\"og:locale\" content=\"es_ES\" \/>\n<meta property=\"og:type\" content=\"article\" \/>\n<meta property=\"og:title\" content=\"La predicci\u00f3n de Bill Gates sobre las profesiones que nunca ser\u00e1n reemplazadas por la IA - El Diario - Bolivia\" \/>\n<meta property=\"og:description\" content=\"El magnate tecnol\u00f3gico ha compartido su visi\u00f3n sobre el futuro del mercado laboral, considerando el impacto de las tecnolog\u00edas actuales y las oportunidades que surgir\u00e1n en los pr\u00f3ximos a\u00f1os. En la actualidad, uno de los temas m\u00e1s debatidos es, sin duda, la inteligencia artificial. Su r\u00e1pida evoluci\u00f3n en los \u00faltimos a\u00f1os y su integraci\u00f3n en [&hellip;]\" \/>\n<meta property=\"og:url\" content=\"https:\/\/www.eldiario.net\/portal\/2025\/03\/24\/la-prediccion-de-bill-gates-sobre-las-profesiones-que-nunca-seran-reemplazadas-por-la-ia\/\" \/>\n<meta property=\"og:site_name\" content=\"El Diario - Bolivia\" \/>\n<meta property=\"article:publisher\" content=\"https:\/\/www.facebook.com\/eldiario.bolivia\/\" \/>\n<meta property=\"article:published_time\" content=\"2025-03-24T09:54:51+00:00\" \/>\n<meta property=\"og:image\" content=\"https:\/\/www.eldiario.net\/portal\/wp-content\/uploads\/2025\/03\/5-A-2.jpg\" \/>\n\t<meta property=\"og:image:width\" content=\"1200\" \/>\n\t<meta property=\"og:image:height\" content=\"655\" \/>\n\t<meta property=\"og:image:type\" content=\"image\/jpeg\" \/>\n<meta name=\"author\" content=\"Jeanette\" \/>\n<meta name=\"twitter:card\" content=\"summary_large_image\" \/>\n<meta name=\"twitter:creator\" content=\"@eldiario_net\" \/>\n<meta name=\"twitter:site\" content=\"@eldiario_net\" \/>\n<meta name=\"twitter:label1\" content=\"Escrito por\" \/>\n\t<meta name=\"twitter:data1\" content=\"Jeanette\" \/>\n\t<meta name=\"twitter:label2\" content=\"Tiempo de lectura\" \/>\n\t<meta name=\"twitter:data2\" content=\"2 minutos\" \/>\n<script type=\"application\/ld+json\" class=\"yoast-schema-graph\">{\"@context\":\"https:\\\/\\\/schema.org\",\"@graph\":[{\"@type\":\"Article\",\"@id\":\"https:\\\/\\\/www.eldiario.net\\\/portal\\\/2025\\\/03\\\/24\\\/la-prediccion-de-bill-gates-sobre-las-profesiones-que-nunca-seran-reemplazadas-por-la-ia\\\/#article\",\"isPartOf\":{\"@id\":\"https:\\\/\\\/www.eldiario.net\\\/portal\\\/2025\\\/03\\\/24\\\/la-prediccion-de-bill-gates-sobre-las-profesiones-que-nunca-seran-reemplazadas-por-la-ia\\\/\"},\"author\":{\"name\":\"Jeanette\",\"@id\":\"https:\\\/\\\/www.eldiario.net\\\/portal\\\/#\\\/schema\\\/person\\\/f46445640444750d7d753ccd04ae01b7\"},\"headline\":\"La predicci\u00f3n de Bill Gates sobre las profesiones que nunca ser\u00e1n reemplazadas por la IA\",\"datePublished\":\"2025-03-24T09:54:51+00:00\",\"mainEntityOfPage\":{\"@id\":\"https:\\\/\\\/www.eldiario.net\\\/portal\\\/2025\\\/03\\\/24\\\/la-prediccion-de-bill-gates-sobre-las-profesiones-que-nunca-seran-reemplazadas-por-la-ia\\\/\"},\"wordCount\":431,\"publisher\":{\"@id\":\"https:\\\/\\\/www.eldiario.net\\\/portal\\\/#organization\"},\"image\":{\"@id\":\"https:\\\/\\\/www.eldiario.net\\\/portal\\\/2025\\\/03\\\/24\\\/la-prediccion-de-bill-gates-sobre-las-profesiones-que-nunca-seran-reemplazadas-por-la-ia\\\/#primaryimage\"},\"thumbnailUrl\":\"https:\\\/\\\/www.eldiario.net\\\/portal\\\/wp-content\\\/uploads\\\/2025\\\/03\\\/5-A-2.jpg\",\"articleSection\":[\"Ciencia y Computaci\u00f3n\"],\"inLanguage\":\"es\"},{\"@type\":\"WebPage\",\"@id\":\"https:\\\/\\\/www.eldiario.net\\\/portal\\\/2025\\\/03\\\/24\\\/la-prediccion-de-bill-gates-sobre-las-profesiones-que-nunca-seran-reemplazadas-por-la-ia\\\/\",\"url\":\"https:\\\/\\\/www.eldiario.net\\\/portal\\\/2025\\\/03\\\/24\\\/la-prediccion-de-bill-gates-sobre-las-profesiones-que-nunca-seran-reemplazadas-por-la-ia\\\/\",\"name\":\"La predicci\u00f3n de Bill Gates sobre las profesiones que nunca ser\u00e1n reemplazadas por la IA - El Diario - Bolivia\",\"isPartOf\":{\"@id\":\"https:\\\/\\\/www.eldiario.net\\\/portal\\\/#website\"},\"primaryImageOfPage\":{\"@id\":\"https:\\\/\\\/www.eldiario.net\\\/portal\\\/2025\\\/03\\\/24\\\/la-prediccion-de-bill-gates-sobre-las-profesiones-que-nunca-seran-reemplazadas-por-la-ia\\\/#primaryimage\"},\"image\":{\"@id\":\"https:\\\/\\\/www.eldiario.net\\\/portal\\\/2025\\\/03\\\/24\\\/la-prediccion-de-bill-gates-sobre-las-profesiones-que-nunca-seran-reemplazadas-por-la-ia\\\/#primaryimage\"},\"thumbnailUrl\":\"https:\\\/\\\/www.eldiario.net\\\/portal\\\/wp-content\\\/uploads\\\/2025\\\/03\\\/5-A-2.jpg\",\"datePublished\":\"2025-03-24T09:54:51+00:00\",\"breadcrumb\":{\"@id\":\"https:\\\/\\\/www.eldiario.net\\\/portal\\\/2025\\\/03\\\/24\\\/la-prediccion-de-bill-gates-sobre-las-profesiones-que-nunca-seran-reemplazadas-por-la-ia\\\/#breadcrumb\"},\"inLanguage\":\"es\",\"potentialAction\":[{\"@type\":\"ReadAction\",\"target\":[\"https:\\\/\\\/www.eldiario.net\\\/portal\\\/2025\\\/03\\\/24\\\/la-prediccion-de-bill-gates-sobre-las-profesiones-que-nunca-seran-reemplazadas-por-la-ia\\\/\"]}]},{\"@type\":\"ImageObject\",\"inLanguage\":\"es\",\"@id\":\"https:\\\/\\\/www.eldiario.net\\\/portal\\\/2025\\\/03\\\/24\\\/la-prediccion-de-bill-gates-sobre-las-profesiones-que-nunca-seran-reemplazadas-por-la-ia\\\/#primaryimage\",\"url\":\"https:\\\/\\\/www.eldiario.net\\\/portal\\\/wp-content\\\/uploads\\\/2025\\\/03\\\/5-A-2.jpg\",\"contentUrl\":\"https:\\\/\\\/www.eldiario.net\\\/portal\\\/wp-content\\\/uploads\\\/2025\\\/03\\\/5-A-2.jpg\",\"width\":1200,\"height\":655},{\"@type\":\"BreadcrumbList\",\"@id\":\"https:\\\/\\\/www.eldiario.net\\\/portal\\\/2025\\\/03\\\/24\\\/la-prediccion-de-bill-gates-sobre-las-profesiones-que-nunca-seran-reemplazadas-por-la-ia\\\/#breadcrumb\",\"itemListElement\":[{\"@type\":\"ListItem\",\"position\":1,\"name\":\"Portada\",\"item\":\"https:\\\/\\\/www.eldiario.net\\\/portal\\\/\"},{\"@type\":\"ListItem\",\"position\":2,\"name\":\"La predicci\u00f3n de Bill Gates sobre las profesiones que nunca ser\u00e1n reemplazadas por la IA\"}]},{\"@type\":\"WebSite\",\"@id\":\"https:\\\/\\\/www.eldiario.net\\\/portal\\\/#website\",\"url\":\"https:\\\/\\\/www.eldiario.net\\\/portal\\\/\",\"name\":\"El Diario - Decano de la prensa nacional\",\"description\":\"El Diario - Decano de la prensa nacional\",\"publisher\":{\"@id\":\"https:\\\/\\\/www.eldiario.net\\\/portal\\\/#organization\"},\"potentialAction\":[{\"@type\":\"SearchAction\",\"target\":{\"@type\":\"EntryPoint\",\"urlTemplate\":\"https:\\\/\\\/www.eldiario.net\\\/portal\\\/?s={search_term_string}\"},\"query-input\":{\"@type\":\"PropertyValueSpecification\",\"valueRequired\":true,\"valueName\":\"search_term_string\"}}],\"inLanguage\":\"es\"},{\"@type\":\"Organization\",\"@id\":\"https:\\\/\\\/www.eldiario.net\\\/portal\\\/#organization\",\"name\":\"El Diario - Decano de la prensa nacional\",\"url\":\"https:\\\/\\\/www.eldiario.net\\\/portal\\\/\",\"logo\":{\"@type\":\"ImageObject\",\"inLanguage\":\"es\",\"@id\":\"https:\\\/\\\/www.eldiario.net\\\/portal\\\/#\\\/schema\\\/logo\\\/image\\\/\",\"url\":\"https:\\\/\\\/www.eldiario.net\\\/portal\\\/wp-content\\\/uploads\\\/2023\\\/07\\\/logo_ED.jpg\",\"contentUrl\":\"https:\\\/\\\/www.eldiario.net\\\/portal\\\/wp-content\\\/uploads\\\/2023\\\/07\\\/logo_ED.jpg\",\"width\":272,\"height\":52,\"caption\":\"El Diario - Decano de la prensa nacional\"},\"image\":{\"@id\":\"https:\\\/\\\/www.eldiario.net\\\/portal\\\/#\\\/schema\\\/logo\\\/image\\\/\"},\"sameAs\":[\"https:\\\/\\\/www.facebook.com\\\/eldiario.bolivia\\\/\",\"https:\\\/\\\/x.com\\\/eldiario_net\"]},{\"@type\":\"Person\",\"@id\":\"https:\\\/\\\/www.eldiario.net\\\/portal\\\/#\\\/schema\\\/person\\\/f46445640444750d7d753ccd04ae01b7\",\"name\":\"Jeanette\",\"image\":{\"@type\":\"ImageObject\",\"inLanguage\":\"es\",\"@id\":\"https:\\\/\\\/secure.gravatar.com\\\/avatar\\\/3ea2118a5f7dad2b7138b1187a6b7ee55f160b9968b66013c3a3ef39dd7e5798?s=96&d=mm&r=g\",\"url\":\"https:\\\/\\\/secure.gravatar.com\\\/avatar\\\/3ea2118a5f7dad2b7138b1187a6b7ee55f160b9968b66013c3a3ef39dd7e5798?s=96&d=mm&r=g\",\"contentUrl\":\"https:\\\/\\\/secure.gravatar.com\\\/avatar\\\/3ea2118a5f7dad2b7138b1187a6b7ee55f160b9968b66013c3a3ef39dd7e5798?s=96&d=mm&r=g\",\"caption\":\"Jeanette\"},\"sameAs\":[\"https:\\\/\\\/www.eldiario.net\\\/portal\"],\"url\":\"https:\\\/\\\/www.eldiario.net\\\/portal\\\/author\\\/jeanette\\\/\"}]}<\/script>\n<!-- \/ Yoast SEO plugin. -->","yoast_head_json":{"title":"La predicci\u00f3n de Bill Gates sobre las profesiones que nunca ser\u00e1n reemplazadas por la IA - El Diario - Bolivia","robots":{"index":"index","follow":"follow","max-snippet":"max-snippet:-1","max-image-preview":"max-image-preview:large","max-video-preview":"max-video-preview:-1"},"canonical":"https:\/\/www.eldiario.net\/portal\/2025\/03\/24\/la-prediccion-de-bill-gates-sobre-las-profesiones-que-nunca-seran-reemplazadas-por-la-ia\/","og_locale":"es_ES","og_type":"article","og_title":"La predicci\u00f3n de Bill Gates sobre las profesiones que nunca ser\u00e1n reemplazadas por la IA - El Diario - Bolivia","og_description":"El magnate tecnol\u00f3gico ha compartido su visi\u00f3n sobre el futuro del mercado laboral, considerando el impacto de las tecnolog\u00edas actuales y las oportunidades que surgir\u00e1n en los pr\u00f3ximos a\u00f1os. En la actualidad, uno de los temas m\u00e1s debatidos es, sin duda, la inteligencia artificial. Su r\u00e1pida evoluci\u00f3n en los \u00faltimos a\u00f1os y su integraci\u00f3n en [&hellip;]","og_url":"https:\/\/www.eldiario.net\/portal\/2025\/03\/24\/la-prediccion-de-bill-gates-sobre-las-profesiones-que-nunca-seran-reemplazadas-por-la-ia\/","og_site_name":"El Diario - Bolivia","article_publisher":"https:\/\/www.facebook.com\/eldiario.bolivia\/","article_published_time":"2025-03-24T09:54:51+00:00","og_image":[{"width":1200,"height":655,"url":"https:\/\/www.eldiario.net\/portal\/wp-content\/uploads\/2025\/03\/5-A-2.jpg","type":"image\/jpeg"}],"author":"Jeanette","twitter_card":"summary_large_image","twitter_creator":"@eldiario_net","twitter_site":"@eldiario_net","twitter_misc":{"Escrito por":"Jeanette","Tiempo de lectura":"2 minutos"},"schema":{"@context":"https:\/\/schema.org","@graph":[{"@type":"Article","@id":"https:\/\/www.eldiario.net\/portal\/2025\/03\/24\/la-prediccion-de-bill-gates-sobre-las-profesiones-que-nunca-seran-reemplazadas-por-la-ia\/#article","isPartOf":{"@id":"https:\/\/www.eldiario.net\/portal\/2025\/03\/24\/la-prediccion-de-bill-gates-sobre-las-profesiones-que-nunca-seran-reemplazadas-por-la-ia\/"},"author":{"name":"Jeanette","@id":"https:\/\/www.eldiario.net\/portal\/#\/schema\/person\/f46445640444750d7d753ccd04ae01b7"},"headline":"La predicci\u00f3n de Bill Gates sobre las profesiones que nunca ser\u00e1n reemplazadas por la IA","datePublished":"2025-03-24T09:54:51+00:00","mainEntityOfPage":{"@id":"https:\/\/www.eldiario.net\/portal\/2025\/03\/24\/la-prediccion-de-bill-gates-sobre-las-profesiones-que-nunca-seran-reemplazadas-por-la-ia\/"},"wordCount":431,"publisher":{"@id":"https:\/\/www.eldiario.net\/portal\/#organization"},"image":{"@id":"https:\/\/www.eldiario.net\/portal\/2025\/03\/24\/la-prediccion-de-bill-gates-sobre-las-profesiones-que-nunca-seran-reemplazadas-por-la-ia\/#primaryimage"},"thumbnailUrl":"https:\/\/www.eldiario.net\/portal\/wp-content\/uploads\/2025\/03\/5-A-2.jpg","articleSection":["Ciencia y Computaci\u00f3n"],"inLanguage":"es"},{"@type":"WebPage","@id":"https:\/\/www.eldiario.net\/portal\/2025\/03\/24\/la-prediccion-de-bill-gates-sobre-las-profesiones-que-nunca-seran-reemplazadas-por-la-ia\/","url":"https:\/\/www.eldiario.net\/portal\/2025\/03\/24\/la-prediccion-de-bill-gates-sobre-las-profesiones-que-nunca-seran-reemplazadas-por-la-ia\/","name":"La predicci\u00f3n de Bill Gates sobre las profesiones que nunca ser\u00e1n reemplazadas por la IA - El Diario - Bolivia","isPartOf":{"@id":"https:\/\/www.eldiario.net\/portal\/#website"},"primaryImageOfPage":{"@id":"https:\/\/www.eldiario.net\/portal\/2025\/03\/24\/la-prediccion-de-bill-gates-sobre-las-profesiones-que-nunca-seran-reemplazadas-por-la-ia\/#primaryimage"},"image":{"@id":"https:\/\/www.eldiario.net\/portal\/2025\/03\/24\/la-prediccion-de-bill-gates-sobre-las-profesiones-que-nunca-seran-reemplazadas-por-la-ia\/#primaryimage"},"thumbnailUrl":"https:\/\/www.eldiario.net\/portal\/wp-content\/uploads\/2025\/03\/5-A-2.jpg","datePublished":"2025-03-24T09:54:51+00:00","breadcrumb":{"@id":"https:\/\/www.eldiario.net\/portal\/2025\/03\/24\/la-prediccion-de-bill-gates-sobre-las-profesiones-que-nunca-seran-reemplazadas-por-la-ia\/#breadcrumb"},"inLanguage":"es","potentialAction":[{"@type":"ReadAction","target":["https:\/\/www.eldiario.net\/portal\/2025\/03\/24\/la-prediccion-de-bill-gates-sobre-las-profesiones-que-nunca-seran-reemplazadas-por-la-ia\/"]}]},{"@type":"ImageObject","inLanguage":"es","@id":"https:\/\/www.eldiario.net\/portal\/2025\/03\/24\/la-prediccion-de-bill-gates-sobre-las-profesiones-que-nunca-seran-reemplazadas-por-la-ia\/#primaryimage","url":"https:\/\/www.eldiario.net\/portal\/wp-content\/uploads\/2025\/03\/5-A-2.jpg","contentUrl":"https:\/\/www.eldiario.net\/portal\/wp-content\/uploads\/2025\/03\/5-A-2.jpg","width":1200,"height":655},{"@type":"BreadcrumbList","@id":"https:\/\/www.eldiario.net\/portal\/2025\/03\/24\/la-prediccion-de-bill-gates-sobre-las-profesiones-que-nunca-seran-reemplazadas-por-la-ia\/#breadcrumb","itemListElement":[{"@type":"ListItem","position":1,"name":"Portada","item":"https:\/\/www.eldiario.net\/portal\/"},{"@type":"ListItem","position":2,"name":"La predicci\u00f3n de Bill Gates sobre las profesiones que nunca ser\u00e1n reemplazadas por la IA"}]},{"@type":"WebSite","@id":"https:\/\/www.eldiario.net\/portal\/#website","url":"https:\/\/www.eldiario.net\/portal\/","name":"El Diario - Decano de la prensa nacional","description":"El Diario - Decano de la prensa nacional","publisher":{"@id":"https:\/\/www.eldiario.net\/portal\/#organization"},"potentialAction":[{"@type":"SearchAction","target":{"@type":"EntryPoint","urlTemplate":"https:\/\/www.eldiario.net\/portal\/?s={search_term_string}"},"query-input":{"@type":"PropertyValueSpecification","valueRequired":true,"valueName":"search_term_string"}}],"inLanguage":"es"},{"@type":"Organization","@id":"https:\/\/www.eldiario.net\/portal\/#organization","name":"El Diario - Decano de la prensa nacional","url":"https:\/\/www.eldiario.net\/portal\/","logo":{"@type":"ImageObject","inLanguage":"es","@id":"https:\/\/www.eldiario.net\/portal\/#\/schema\/logo\/image\/","url":"https:\/\/www.eldiario.net\/portal\/wp-content\/uploads\/2023\/07\/logo_ED.jpg","contentUrl":"https:\/\/www.eldiario.net\/portal\/wp-content\/uploads\/2023\/07\/logo_ED.jpg","width":272,"height":52,"caption":"El Diario - Decano de la prensa nacional"},"image":{"@id":"https:\/\/www.eldiario.net\/portal\/#\/schema\/logo\/image\/"},"sameAs":["https:\/\/www.facebook.com\/eldiario.bolivia\/","https:\/\/x.com\/eldiario_net"]},{"@type":"Person","@id":"https:\/\/www.eldiario.net\/portal\/#\/schema\/person\/f46445640444750d7d753ccd04ae01b7","name":"Jeanette","image":{"@type":"ImageObject","inLanguage":"es","@id":"https:\/\/secure.gravatar.com\/avatar\/3ea2118a5f7dad2b7138b1187a6b7ee55f160b9968b66013c3a3ef39dd7e5798?s=96&d=mm&r=g","url":"https:\/\/secure.gravatar.com\/avatar\/3ea2118a5f7dad2b7138b1187a6b7ee55f160b9968b66013c3a3ef39dd7e5798?s=96&d=mm&r=g","contentUrl":"https:\/\/secure.gravatar.com\/avatar\/3ea2118a5f7dad2b7138b1187a6b7ee55f160b9968b66013c3a3ef39dd7e5798?s=96&d=mm&r=g","caption":"Jeanette"},"sameAs":["https:\/\/www.eldiario.net\/portal"],"url":"https:\/\/www.eldiario.net\/portal\/author\/jeanette\/"}]}},"_links":{"self":[{"href":"https:\/\/www.eldiario.net\/portal\/wp-json\/wp\/v2\/posts\/290490","targetHints":{"allow":["GET"]}}],"collection":[{"href":"https:\/\/www.eldiario.net\/portal\/wp-json\/wp\/v2\/posts"}],"about":[{"href":"https:\/\/www.eldiario.net\/portal\/wp-json\/wp\/v2\/types\/post"}],"author":[{"embeddable":true,"href":"https:\/\/www.eldiario.net\/portal\/wp-json\/wp\/v2\/users\/1"}],"replies":[{"embeddable":true,"href":"https:\/\/www.eldiario.net\/portal\/wp-json\/wp\/v2\/comments?post=290490"}],"version-history":[{"count":1,"href":"https:\/\/www.eldiario.net\/portal\/wp-json\/wp\/v2\/posts\/290490\/revisions"}],"predecessor-version":[{"id":290492,"href":"https:\/\/www.eldiario.net\/portal\/wp-json\/wp\/v2\/posts\/290490\/revisions\/290492"}],"wp:featuredmedia":[{"embeddable":true,"href":"https:\/\/www.eldiario.net\/portal\/wp-json\/wp\/v2\/media\/290491"}],"wp:attachment":[{"href":"https:\/\/www.eldiario.net\/portal\/wp-json\/wp\/v2\/media?parent=290490"}],"wp:term":[{"taxonomy":"category","embeddable":true,"href":"https:\/\/www.eldiario.net\/portal\/wp-json\/wp\/v2\/categories?post=290490"},{"taxonomy":"post_tag","embeddable":true,"href":"https:\/\/www.eldiario.net\/portal\/wp-json\/wp\/v2\/tags?post=290490"}],"curies":[{"name":"wp","href":"https:\/\/api.w.org\/{rel}","templated":true}]}}