{"id":290475,"date":"2025-03-24T05:52:14","date_gmt":"2025-03-24T09:52:14","guid":{"rendered":"https:\/\/www.eldiario.net\/portal\/?p=290475"},"modified":"2025-03-24T05:52:14","modified_gmt":"2025-03-24T09:52:14","slug":"esta-la-ia-transformando-el-marketing-digital","status":"publish","type":"post","link":"https:\/\/www.eldiario.net\/portal\/2025\/03\/24\/esta-la-ia-transformando-el-marketing-digital\/","title":{"rendered":"\u00bfEst\u00e1 la IA transformando el marketing digital?"},"content":{"rendered":"<p>La inteligencia artificial est\u00e1 desempe\u00f1ando un papel cada vez m\u00e1s crucial en el marketing digital, con un 87% de los expertos afirmando que ser\u00e1 la tendencia dominante en 2025. M\u00e1s del 60% de las empresas ya est\u00e1n destinando parte de su presupuesto a la IA, y un 20% planea implementarla este a\u00f1o para aprovechar su m\u00e1ximo potencial.<\/p>\n<p><strong>\u00bfC\u00f3mo puede la IA revolucionar el marketing digital?<\/strong><\/p>\n<p>La IA no solo se utiliza para recopilar datos, sino tambi\u00e9n para analizarlos de manera efectiva. Su capacidad para personalizar experiencias y predecir comportamientos de los usuarios est\u00e1 transformando las estrategias de marketing. Desde la creaci\u00f3n de campa\u00f1as publicitarias hasta el an\u00e1lisis de grandes vol\u00famenes de informaci\u00f3n, la IA mejora la eficiencia y permite ofrecer experiencias \u00fanicas a cada cliente.<\/p>\n<p>Por ejemplo, los sistemas de inteligencia artificial pueden detectar patrones de comportamiento y generar propuestas personalizadas en tiempo real. Un claro ejemplo son los chatbots en WhatsApp, que permiten a las marcas brindar atenci\u00f3n al cliente sin que los consumidores necesiten instalar m\u00faltiples aplicaciones. Esta herramienta tambi\u00e9n facilita decisiones r\u00e1pidas y efectivas al monitorear el sentimiento de los usuarios.<\/p>\n<p><strong>El impacto de la IA en la experiencia digital<\/strong><\/p>\n<p>Las plataformas digitales est\u00e1n incorporando IA para mejorar la experiencia del usuario y facilitar la transformaci\u00f3n empresarial. Muchas ya cuentan con herramientas de IA que permiten personalizar productos y ofrecer experiencias m\u00e1s conectadas. Sin embargo, muchas empresas no aprovechan todo su potencial debido a la falta de conocimiento.<\/p>\n<p>Aquellas que ya utilizan IA en sus plataformas se benefician de la automatizaci\u00f3n de contenido, la generaci\u00f3n de im\u00e1genes y la mejora del rendimiento de las campa\u00f1as, entre otras ventajas. Un 59% de los profesionales emplean esta tecnolog\u00eda para la creaci\u00f3n autom\u00e1tica de contenido, lo que simplifica la producci\u00f3n de materiales relevantes y atractivos para los consumidores.<\/p>\n<p><strong>Desaf\u00edos en la implementaci\u00f3n de la IA en marketing digital<\/strong><\/p>\n<p>A pesar de sus ventajas, la adopci\u00f3n de la IA enfrenta varios obst\u00e1culos. Uno de los principales es la falta de conocimiento especializado, que afecta al 55,7% de los profesionales del sector. Adem\u00e1s, algunos consideran que la IA es demasiado compleja o costosa de implementar. Sin embargo, muchas herramientas de IA son accesibles y asequibles, lo que podr\u00eda eliminar algunas barreras.<\/p>\n<p>Otro reto es la resistencia al cambio, que puede dificultar la integraci\u00f3n de la IA en los sistemas tradicionales de las empresas. No obstante, aquellos que logren superar estos desaf\u00edos encontrar\u00e1n en la IA una herramienta poderosa para mejorar la eficiencia, personalizar la experiencia del cliente y aumentar las ventas.<\/p>\n<p><strong>Tendencias de la IA en marketing digital para 2025<\/strong><\/p>\n<p>En 2025, el uso de la inteligencia artificial en marketing digital seguir\u00e1 evolucionando, con nuevas tendencias que transformar\u00e1n la relaci\u00f3n entre marcas y consumidores. Entre las principales tendencias destacan la automatizaci\u00f3n de procesos, que permitir\u00e1 a los equipos liberarse de tareas repetitivas y enfocarse en actividades m\u00e1s creativas. Adem\u00e1s, la personalizaci\u00f3n de experiencias ser\u00e1 esencial, buscando crear interacciones m\u00e1s adaptadas y relevantes para cada usuario a gran escala. Otro aspecto clave ser\u00e1 la optimizaci\u00f3n predictiva, que permitir\u00e1 anticipar comportamientos y mejorar la efectividad de las campa\u00f1as. Los agentes conversacionales, como los chatbots inteligentes, tambi\u00e9n cobrar\u00e1n mayor relevancia, facilitando interacciones m\u00e1s fluidas con los clientes y proporcionando respuestas r\u00e1pidas a sus necesidades.<\/p>\n","protected":false},"excerpt":{"rendered":"<p>La inteligencia artificial est\u00e1 desempe\u00f1ando un papel cada vez m\u00e1s crucial en el marketing digital, con un 87% de los expertos afirmando que ser\u00e1 la tendencia dominante en 2025. M\u00e1s del 60% de las empresas ya est\u00e1n destinando parte de su presupuesto a la IA, y un 20% planea implementarla este a\u00f1o para aprovechar su [&hellip;]<\/p>\n","protected":false},"author":1,"featured_media":290476,"comment_status":"closed","ping_status":"open","sticky":false,"template":"","format":"standard","meta":{"_acf_changed":false,"footnotes":""},"categories":[46],"tags":[],"class_list":["post-290475","post","type-post","status-publish","format-standard","has-post-thumbnail","category-ciencia-computacion"],"acf":{"antetitulo":""},"yoast_head":"<!-- This site is optimized with the Yoast SEO plugin v28.4 - https:\/\/yoast.com\/product\/yoast-seo-wordpress\/ -->\n<title>\u00bfEst\u00e1 la IA transformando el marketing digital? - El Diario - Bolivia<\/title>\n<meta name=\"robots\" content=\"index, follow, max-snippet:-1, max-image-preview:large, max-video-preview:-1\" \/>\n<link rel=\"canonical\" href=\"https:\/\/www.eldiario.net\/portal\/2025\/03\/24\/esta-la-ia-transformando-el-marketing-digital\/\" \/>\n<meta property=\"og:locale\" content=\"es_ES\" \/>\n<meta property=\"og:type\" content=\"article\" \/>\n<meta property=\"og:title\" content=\"\u00bfEst\u00e1 la IA transformando el marketing digital? - El Diario - Bolivia\" \/>\n<meta property=\"og:description\" content=\"La inteligencia artificial est\u00e1 desempe\u00f1ando un papel cada vez m\u00e1s crucial en el marketing digital, con un 87% de los expertos afirmando que ser\u00e1 la tendencia dominante en 2025. M\u00e1s del 60% de las empresas ya est\u00e1n destinando parte de su presupuesto a la IA, y un 20% planea implementarla este a\u00f1o para aprovechar su [&hellip;]\" \/>\n<meta property=\"og:url\" content=\"https:\/\/www.eldiario.net\/portal\/2025\/03\/24\/esta-la-ia-transformando-el-marketing-digital\/\" \/>\n<meta property=\"og:site_name\" content=\"El Diario - Bolivia\" \/>\n<meta property=\"article:publisher\" content=\"https:\/\/www.facebook.com\/eldiario.bolivia\/\" \/>\n<meta property=\"article:published_time\" content=\"2025-03-24T09:52:14+00:00\" \/>\n<meta property=\"og:image\" content=\"https:\/\/www.eldiario.net\/portal\/wp-content\/uploads\/2025\/03\/7-B-1.jpg\" \/>\n\t<meta property=\"og:image:width\" content=\"1200\" \/>\n\t<meta property=\"og:image:height\" content=\"675\" \/>\n\t<meta property=\"og:image:type\" content=\"image\/jpeg\" \/>\n<meta name=\"author\" content=\"Jeanette\" \/>\n<meta name=\"twitter:card\" content=\"summary_large_image\" \/>\n<meta name=\"twitter:creator\" content=\"@eldiario_net\" \/>\n<meta name=\"twitter:site\" content=\"@eldiario_net\" \/>\n<meta name=\"twitter:label1\" content=\"Escrito por\" \/>\n\t<meta name=\"twitter:data1\" content=\"Jeanette\" \/>\n\t<meta name=\"twitter:label2\" content=\"Tiempo de lectura\" \/>\n\t<meta name=\"twitter:data2\" content=\"3 minutos\" \/>\n<script type=\"application\/ld+json\" class=\"yoast-schema-graph\">{\"@context\":\"https:\\\/\\\/schema.org\",\"@graph\":[{\"@type\":\"Article\",\"@id\":\"https:\\\/\\\/www.eldiario.net\\\/portal\\\/2025\\\/03\\\/24\\\/esta-la-ia-transformando-el-marketing-digital\\\/#article\",\"isPartOf\":{\"@id\":\"https:\\\/\\\/www.eldiario.net\\\/portal\\\/2025\\\/03\\\/24\\\/esta-la-ia-transformando-el-marketing-digital\\\/\"},\"author\":{\"name\":\"Jeanette\",\"@id\":\"https:\\\/\\\/www.eldiario.net\\\/portal\\\/#\\\/schema\\\/person\\\/f46445640444750d7d753ccd04ae01b7\"},\"headline\":\"\u00bfEst\u00e1 la IA transformando el marketing digital?\",\"datePublished\":\"2025-03-24T09:52:14+00:00\",\"mainEntityOfPage\":{\"@id\":\"https:\\\/\\\/www.eldiario.net\\\/portal\\\/2025\\\/03\\\/24\\\/esta-la-ia-transformando-el-marketing-digital\\\/\"},\"wordCount\":588,\"publisher\":{\"@id\":\"https:\\\/\\\/www.eldiario.net\\\/portal\\\/#organization\"},\"image\":{\"@id\":\"https:\\\/\\\/www.eldiario.net\\\/portal\\\/2025\\\/03\\\/24\\\/esta-la-ia-transformando-el-marketing-digital\\\/#primaryimage\"},\"thumbnailUrl\":\"https:\\\/\\\/www.eldiario.net\\\/portal\\\/wp-content\\\/uploads\\\/2025\\\/03\\\/7-B-1.jpg\",\"articleSection\":[\"Ciencia y Computaci\u00f3n\"],\"inLanguage\":\"es\"},{\"@type\":\"WebPage\",\"@id\":\"https:\\\/\\\/www.eldiario.net\\\/portal\\\/2025\\\/03\\\/24\\\/esta-la-ia-transformando-el-marketing-digital\\\/\",\"url\":\"https:\\\/\\\/www.eldiario.net\\\/portal\\\/2025\\\/03\\\/24\\\/esta-la-ia-transformando-el-marketing-digital\\\/\",\"name\":\"\u00bfEst\u00e1 la IA transformando el marketing digital? - El Diario - Bolivia\",\"isPartOf\":{\"@id\":\"https:\\\/\\\/www.eldiario.net\\\/portal\\\/#website\"},\"primaryImageOfPage\":{\"@id\":\"https:\\\/\\\/www.eldiario.net\\\/portal\\\/2025\\\/03\\\/24\\\/esta-la-ia-transformando-el-marketing-digital\\\/#primaryimage\"},\"image\":{\"@id\":\"https:\\\/\\\/www.eldiario.net\\\/portal\\\/2025\\\/03\\\/24\\\/esta-la-ia-transformando-el-marketing-digital\\\/#primaryimage\"},\"thumbnailUrl\":\"https:\\\/\\\/www.eldiario.net\\\/portal\\\/wp-content\\\/uploads\\\/2025\\\/03\\\/7-B-1.jpg\",\"datePublished\":\"2025-03-24T09:52:14+00:00\",\"breadcrumb\":{\"@id\":\"https:\\\/\\\/www.eldiario.net\\\/portal\\\/2025\\\/03\\\/24\\\/esta-la-ia-transformando-el-marketing-digital\\\/#breadcrumb\"},\"inLanguage\":\"es\",\"potentialAction\":[{\"@type\":\"ReadAction\",\"target\":[\"https:\\\/\\\/www.eldiario.net\\\/portal\\\/2025\\\/03\\\/24\\\/esta-la-ia-transformando-el-marketing-digital\\\/\"]}]},{\"@type\":\"ImageObject\",\"inLanguage\":\"es\",\"@id\":\"https:\\\/\\\/www.eldiario.net\\\/portal\\\/2025\\\/03\\\/24\\\/esta-la-ia-transformando-el-marketing-digital\\\/#primaryimage\",\"url\":\"https:\\\/\\\/www.eldiario.net\\\/portal\\\/wp-content\\\/uploads\\\/2025\\\/03\\\/7-B-1.jpg\",\"contentUrl\":\"https:\\\/\\\/www.eldiario.net\\\/portal\\\/wp-content\\\/uploads\\\/2025\\\/03\\\/7-B-1.jpg\",\"width\":1200,\"height\":675},{\"@type\":\"BreadcrumbList\",\"@id\":\"https:\\\/\\\/www.eldiario.net\\\/portal\\\/2025\\\/03\\\/24\\\/esta-la-ia-transformando-el-marketing-digital\\\/#breadcrumb\",\"itemListElement\":[{\"@type\":\"ListItem\",\"position\":1,\"name\":\"Portada\",\"item\":\"https:\\\/\\\/www.eldiario.net\\\/portal\\\/\"},{\"@type\":\"ListItem\",\"position\":2,\"name\":\"\u00bfEst\u00e1 la IA transformando el marketing digital?\"}]},{\"@type\":\"WebSite\",\"@id\":\"https:\\\/\\\/www.eldiario.net\\\/portal\\\/#website\",\"url\":\"https:\\\/\\\/www.eldiario.net\\\/portal\\\/\",\"name\":\"El Diario - Decano de la prensa nacional\",\"description\":\"El Diario - Decano de la prensa nacional\",\"publisher\":{\"@id\":\"https:\\\/\\\/www.eldiario.net\\\/portal\\\/#organization\"},\"potentialAction\":[{\"@type\":\"SearchAction\",\"target\":{\"@type\":\"EntryPoint\",\"urlTemplate\":\"https:\\\/\\\/www.eldiario.net\\\/portal\\\/?s={search_term_string}\"},\"query-input\":{\"@type\":\"PropertyValueSpecification\",\"valueRequired\":true,\"valueName\":\"search_term_string\"}}],\"inLanguage\":\"es\"},{\"@type\":\"Organization\",\"@id\":\"https:\\\/\\\/www.eldiario.net\\\/portal\\\/#organization\",\"name\":\"El Diario - Decano de la prensa nacional\",\"url\":\"https:\\\/\\\/www.eldiario.net\\\/portal\\\/\",\"logo\":{\"@type\":\"ImageObject\",\"inLanguage\":\"es\",\"@id\":\"https:\\\/\\\/www.eldiario.net\\\/portal\\\/#\\\/schema\\\/logo\\\/image\\\/\",\"url\":\"https:\\\/\\\/www.eldiario.net\\\/portal\\\/wp-content\\\/uploads\\\/2023\\\/07\\\/logo_ED.jpg\",\"contentUrl\":\"https:\\\/\\\/www.eldiario.net\\\/portal\\\/wp-content\\\/uploads\\\/2023\\\/07\\\/logo_ED.jpg\",\"width\":272,\"height\":52,\"caption\":\"El Diario - Decano de la prensa nacional\"},\"image\":{\"@id\":\"https:\\\/\\\/www.eldiario.net\\\/portal\\\/#\\\/schema\\\/logo\\\/image\\\/\"},\"sameAs\":[\"https:\\\/\\\/www.facebook.com\\\/eldiario.bolivia\\\/\",\"https:\\\/\\\/x.com\\\/eldiario_net\"]},{\"@type\":\"Person\",\"@id\":\"https:\\\/\\\/www.eldiario.net\\\/portal\\\/#\\\/schema\\\/person\\\/f46445640444750d7d753ccd04ae01b7\",\"name\":\"Jeanette\",\"image\":{\"@type\":\"ImageObject\",\"inLanguage\":\"es\",\"@id\":\"https:\\\/\\\/secure.gravatar.com\\\/avatar\\\/3ea2118a5f7dad2b7138b1187a6b7ee55f160b9968b66013c3a3ef39dd7e5798?s=96&d=mm&r=g\",\"url\":\"https:\\\/\\\/secure.gravatar.com\\\/avatar\\\/3ea2118a5f7dad2b7138b1187a6b7ee55f160b9968b66013c3a3ef39dd7e5798?s=96&d=mm&r=g\",\"contentUrl\":\"https:\\\/\\\/secure.gravatar.com\\\/avatar\\\/3ea2118a5f7dad2b7138b1187a6b7ee55f160b9968b66013c3a3ef39dd7e5798?s=96&d=mm&r=g\",\"caption\":\"Jeanette\"},\"sameAs\":[\"https:\\\/\\\/www.eldiario.net\\\/portal\"],\"url\":\"https:\\\/\\\/www.eldiario.net\\\/portal\\\/author\\\/jeanette\\\/\"}]}<\/script>\n<!-- \/ Yoast SEO plugin. -->","yoast_head_json":{"title":"\u00bfEst\u00e1 la IA transformando el marketing digital? - El Diario - Bolivia","robots":{"index":"index","follow":"follow","max-snippet":"max-snippet:-1","max-image-preview":"max-image-preview:large","max-video-preview":"max-video-preview:-1"},"canonical":"https:\/\/www.eldiario.net\/portal\/2025\/03\/24\/esta-la-ia-transformando-el-marketing-digital\/","og_locale":"es_ES","og_type":"article","og_title":"\u00bfEst\u00e1 la IA transformando el marketing digital? - El Diario - Bolivia","og_description":"La inteligencia artificial est\u00e1 desempe\u00f1ando un papel cada vez m\u00e1s crucial en el marketing digital, con un 87% de los expertos afirmando que ser\u00e1 la tendencia dominante en 2025. M\u00e1s del 60% de las empresas ya est\u00e1n destinando parte de su presupuesto a la IA, y un 20% planea implementarla este a\u00f1o para aprovechar su [&hellip;]","og_url":"https:\/\/www.eldiario.net\/portal\/2025\/03\/24\/esta-la-ia-transformando-el-marketing-digital\/","og_site_name":"El Diario - Bolivia","article_publisher":"https:\/\/www.facebook.com\/eldiario.bolivia\/","article_published_time":"2025-03-24T09:52:14+00:00","og_image":[{"width":1200,"height":675,"url":"https:\/\/www.eldiario.net\/portal\/wp-content\/uploads\/2025\/03\/7-B-1.jpg","type":"image\/jpeg"}],"author":"Jeanette","twitter_card":"summary_large_image","twitter_creator":"@eldiario_net","twitter_site":"@eldiario_net","twitter_misc":{"Escrito por":"Jeanette","Tiempo de lectura":"3 minutos"},"schema":{"@context":"https:\/\/schema.org","@graph":[{"@type":"Article","@id":"https:\/\/www.eldiario.net\/portal\/2025\/03\/24\/esta-la-ia-transformando-el-marketing-digital\/#article","isPartOf":{"@id":"https:\/\/www.eldiario.net\/portal\/2025\/03\/24\/esta-la-ia-transformando-el-marketing-digital\/"},"author":{"name":"Jeanette","@id":"https:\/\/www.eldiario.net\/portal\/#\/schema\/person\/f46445640444750d7d753ccd04ae01b7"},"headline":"\u00bfEst\u00e1 la IA transformando el marketing digital?","datePublished":"2025-03-24T09:52:14+00:00","mainEntityOfPage":{"@id":"https:\/\/www.eldiario.net\/portal\/2025\/03\/24\/esta-la-ia-transformando-el-marketing-digital\/"},"wordCount":588,"publisher":{"@id":"https:\/\/www.eldiario.net\/portal\/#organization"},"image":{"@id":"https:\/\/www.eldiario.net\/portal\/2025\/03\/24\/esta-la-ia-transformando-el-marketing-digital\/#primaryimage"},"thumbnailUrl":"https:\/\/www.eldiario.net\/portal\/wp-content\/uploads\/2025\/03\/7-B-1.jpg","articleSection":["Ciencia y Computaci\u00f3n"],"inLanguage":"es"},{"@type":"WebPage","@id":"https:\/\/www.eldiario.net\/portal\/2025\/03\/24\/esta-la-ia-transformando-el-marketing-digital\/","url":"https:\/\/www.eldiario.net\/portal\/2025\/03\/24\/esta-la-ia-transformando-el-marketing-digital\/","name":"\u00bfEst\u00e1 la IA transformando el marketing digital? - El Diario - Bolivia","isPartOf":{"@id":"https:\/\/www.eldiario.net\/portal\/#website"},"primaryImageOfPage":{"@id":"https:\/\/www.eldiario.net\/portal\/2025\/03\/24\/esta-la-ia-transformando-el-marketing-digital\/#primaryimage"},"image":{"@id":"https:\/\/www.eldiario.net\/portal\/2025\/03\/24\/esta-la-ia-transformando-el-marketing-digital\/#primaryimage"},"thumbnailUrl":"https:\/\/www.eldiario.net\/portal\/wp-content\/uploads\/2025\/03\/7-B-1.jpg","datePublished":"2025-03-24T09:52:14+00:00","breadcrumb":{"@id":"https:\/\/www.eldiario.net\/portal\/2025\/03\/24\/esta-la-ia-transformando-el-marketing-digital\/#breadcrumb"},"inLanguage":"es","potentialAction":[{"@type":"ReadAction","target":["https:\/\/www.eldiario.net\/portal\/2025\/03\/24\/esta-la-ia-transformando-el-marketing-digital\/"]}]},{"@type":"ImageObject","inLanguage":"es","@id":"https:\/\/www.eldiario.net\/portal\/2025\/03\/24\/esta-la-ia-transformando-el-marketing-digital\/#primaryimage","url":"https:\/\/www.eldiario.net\/portal\/wp-content\/uploads\/2025\/03\/7-B-1.jpg","contentUrl":"https:\/\/www.eldiario.net\/portal\/wp-content\/uploads\/2025\/03\/7-B-1.jpg","width":1200,"height":675},{"@type":"BreadcrumbList","@id":"https:\/\/www.eldiario.net\/portal\/2025\/03\/24\/esta-la-ia-transformando-el-marketing-digital\/#breadcrumb","itemListElement":[{"@type":"ListItem","position":1,"name":"Portada","item":"https:\/\/www.eldiario.net\/portal\/"},{"@type":"ListItem","position":2,"name":"\u00bfEst\u00e1 la IA transformando el marketing digital?"}]},{"@type":"WebSite","@id":"https:\/\/www.eldiario.net\/portal\/#website","url":"https:\/\/www.eldiario.net\/portal\/","name":"El Diario - Decano de la prensa nacional","description":"El Diario - Decano de la prensa nacional","publisher":{"@id":"https:\/\/www.eldiario.net\/portal\/#organization"},"potentialAction":[{"@type":"SearchAction","target":{"@type":"EntryPoint","urlTemplate":"https:\/\/www.eldiario.net\/portal\/?s={search_term_string}"},"query-input":{"@type":"PropertyValueSpecification","valueRequired":true,"valueName":"search_term_string"}}],"inLanguage":"es"},{"@type":"Organization","@id":"https:\/\/www.eldiario.net\/portal\/#organization","name":"El Diario - Decano de la prensa nacional","url":"https:\/\/www.eldiario.net\/portal\/","logo":{"@type":"ImageObject","inLanguage":"es","@id":"https:\/\/www.eldiario.net\/portal\/#\/schema\/logo\/image\/","url":"https:\/\/www.eldiario.net\/portal\/wp-content\/uploads\/2023\/07\/logo_ED.jpg","contentUrl":"https:\/\/www.eldiario.net\/portal\/wp-content\/uploads\/2023\/07\/logo_ED.jpg","width":272,"height":52,"caption":"El Diario - Decano de la prensa nacional"},"image":{"@id":"https:\/\/www.eldiario.net\/portal\/#\/schema\/logo\/image\/"},"sameAs":["https:\/\/www.facebook.com\/eldiario.bolivia\/","https:\/\/x.com\/eldiario_net"]},{"@type":"Person","@id":"https:\/\/www.eldiario.net\/portal\/#\/schema\/person\/f46445640444750d7d753ccd04ae01b7","name":"Jeanette","image":{"@type":"ImageObject","inLanguage":"es","@id":"https:\/\/secure.gravatar.com\/avatar\/3ea2118a5f7dad2b7138b1187a6b7ee55f160b9968b66013c3a3ef39dd7e5798?s=96&d=mm&r=g","url":"https:\/\/secure.gravatar.com\/avatar\/3ea2118a5f7dad2b7138b1187a6b7ee55f160b9968b66013c3a3ef39dd7e5798?s=96&d=mm&r=g","contentUrl":"https:\/\/secure.gravatar.com\/avatar\/3ea2118a5f7dad2b7138b1187a6b7ee55f160b9968b66013c3a3ef39dd7e5798?s=96&d=mm&r=g","caption":"Jeanette"},"sameAs":["https:\/\/www.eldiario.net\/portal"],"url":"https:\/\/www.eldiario.net\/portal\/author\/jeanette\/"}]}},"_links":{"self":[{"href":"https:\/\/www.eldiario.net\/portal\/wp-json\/wp\/v2\/posts\/290475","targetHints":{"allow":["GET"]}}],"collection":[{"href":"https:\/\/www.eldiario.net\/portal\/wp-json\/wp\/v2\/posts"}],"about":[{"href":"https:\/\/www.eldiario.net\/portal\/wp-json\/wp\/v2\/types\/post"}],"author":[{"embeddable":true,"href":"https:\/\/www.eldiario.net\/portal\/wp-json\/wp\/v2\/users\/1"}],"replies":[{"embeddable":true,"href":"https:\/\/www.eldiario.net\/portal\/wp-json\/wp\/v2\/comments?post=290475"}],"version-history":[{"count":1,"href":"https:\/\/www.eldiario.net\/portal\/wp-json\/wp\/v2\/posts\/290475\/revisions"}],"predecessor-version":[{"id":290477,"href":"https:\/\/www.eldiario.net\/portal\/wp-json\/wp\/v2\/posts\/290475\/revisions\/290477"}],"wp:featuredmedia":[{"embeddable":true,"href":"https:\/\/www.eldiario.net\/portal\/wp-json\/wp\/v2\/media\/290476"}],"wp:attachment":[{"href":"https:\/\/www.eldiario.net\/portal\/wp-json\/wp\/v2\/media?parent=290475"}],"wp:term":[{"taxonomy":"category","embeddable":true,"href":"https:\/\/www.eldiario.net\/portal\/wp-json\/wp\/v2\/categories?post=290475"},{"taxonomy":"post_tag","embeddable":true,"href":"https:\/\/www.eldiario.net\/portal\/wp-json\/wp\/v2\/tags?post=290475"}],"curies":[{"name":"wp","href":"https:\/\/api.w.org\/{rel}","templated":true}]}}